{"id":198990,"date":"2020-01-29T10:29:48","date_gmt":"2020-01-29T10:29:48","guid":{"rendered":"https:\/\/www.meydan.tv\/article\/akademik-rus-dram-teatrinin-fevral-ayi-ucun-repertuari\/"},"modified":"2020-01-29T10:29:48","modified_gmt":"2020-01-29T10:29:48","slug":"akademik-rus-dram-teatrinin-fevral-ayi-ucun-repertuari","status":"publish","type":"post","link":"https:\/\/www.meydan.tv\/az\/article\/akademik-rus-dram-teatrinin-fevral-ayi-ucun-repertuari\/","title":{"rendered":"Akademik Rus Dram Teatr\u0131n\u0131n fevral ay\u0131 \u00fc\u00e7\u00fcn repertuar\u0131"},"content":{"rendered":"<p>\n  <i><br \/>\n    U\u015faqlar \u00fc\u00e7\u00fcn d\u0259 tama\u015falar var<br \/>\n  <\/i>\n<\/p>\n<p>\n  Akademik Rus Dram Teatr\u0131n\u0131n 2020-ci ilin fevral ay\u0131 \u00fc\u00e7\u00fcn n\u0259z\u0259rd\u0259 tutulan repertuar plan\u0131 a\u00e7\u0131qlan\u0131b.\n<\/p>\n<p>\n  Teatrsev\u0259rl\u0259r\u0259 n\u00f6vb\u0259ti n\u00fcmayi\u015f olunacaq tama\u015falar\u0131n siyah\u0131s\u0131n\u0131 t\u0259qdim edirik:\n<\/p>\n<p>\n  <b><br \/>\n    1, 27 fevral \u2013 \u201cSevgiy\u0259 g\u00f6r\u0259 ba\u011f\u0131\u015fla (Ayd\u0131n)\u201d;<br \/>\n  <\/b>\n<\/p>\n<p>\n  <b><br \/>\n    2 fevral \u2013 \u201cKi\u015fi, qad\u0131n, p\u0259nc\u0259r\u0259\u2026 m\u0259\u015fuq\u201d;<br \/>\n  <\/b>\n<\/p>\n<p>\n  <b><br \/>\n    6 fevral \u2013 \u201cBulvar Sanset\u201d;<br \/>\n  <\/b>\n<\/p>\n<p>\n  <b><br \/>\n    7 fevral \u2013 \u201cYeddi g\u00f6z\u0259l\u201d;<br \/>\n  <\/b>\n<\/p>\n<p>\n  <b><br \/>\n    8 fevral \u2013 \u201cAfina ax\u015famlar\u0131\u201d;<br \/>\n  <\/b>\n<\/p>\n<p>\n  <b><br \/>\n    13 fevral \u2013 \u201cKaramazov qarda\u015flar\u0131\u201d;<br \/>\n  <\/b>\n<\/p>\n<p>\n  <b><br \/>\n    14 fevral \u2013 \u201cQ\u00fcrur v\u0259 q\u0259r\u0259z\u201d;<br \/>\n  <\/b>\n<\/p>\n<p>\n  <b><br \/>\n    15 fevral \u2013 \u201cKazanova: sevgi d\u0259rsl\u0259ri\u201d;<br \/>\n  <\/b>\n<\/p>\n<p>\n  <b><br \/>\n    16 fevral \u2013 \u201cS\u00fcrprizl\u0259r g\u00fcn\u00fc\u201d;<br \/>\n  <\/b>\n<\/p>\n<p>\n  <b><br \/>\n    20 fevral \u2013 \u201cXalam bundu\u201d;<br \/>\n  <\/b>\n<\/p>\n<p>\n  <b><br \/>\n    21 fevral \u2013 \u201cEvl\u0259nm\u0259\u201d;<br \/>\n  <\/b>\n<\/p>\n<p>\n  <b><br \/>\n    22 fevral \u2013 \u201cT\u0259nhal\u0131q komediyas\u0131\u201d;<br \/>\n  <\/b>\n<\/p>\n<p>\n  <b><br \/>\n    23 fevral \u2013 \u201cMilyon\u00e7u qad\u0131n\u201d;<br \/>\n  <\/b>\n<\/p>\n<p>\n  <b><br \/>\n    28 fevral \u2013 \u201cYayda qartopu oyunu\u201d;<br \/>\n  <\/b>\n<\/p>\n<p>\n  <b><br \/>\n    29 fevral &#8211; \u201cKrali\u00e7an\u0131n son ehtiras\u0131\u201d.<br \/>\n  <\/b>\n<\/p>\n<p>\n  Kamera s\u0259hn\u0259sind\u0259:\n<\/p>\n<p>\n  <b><br \/>\n    12 fevral \u2013 \u201cGec\u0259d\u0259 qad\u0131n\u201d.<br \/>\n  <\/b>\n<\/p>\n<p>\n  U\u015faqlar \u00fc\u00e7\u00fcn:\n<\/p>\n<p>\n  <b><br \/>\n    1 fevral \u2013 \u201cDurnabal\u0131\u011f\u0131n\u0131n buyru\u011fu il\u0259\u201d;<br \/>\n  <\/b>\n<\/p>\n<p>\n  <b><br \/>\n    2, 19 fevral \u2013 \u201c\u018fl\u0259ddin, \u015eahzad\u0259 Jasmin v\u0259 sehrli \u00e7\u0131raqda ya\u015fayan cinin mac\u0259ralar\u0131\u201d;<br \/>\n  <\/b>\n<\/p>\n<p>\n  <b><br \/>\n    8 fevral \u2013 \u201cD\u00fcym\u0259cik\u201d;<br \/>\n  <\/b>\n<\/p>\n<p>\n  <b><br \/>\n    15 fevral \u2013 \u201c\u00d6l\u00fc \u015fahzad\u0259 v\u0259 yeddi p\u0259hl\u0259van haqq\u0131nda na\u011f\u0131l\u201d;<br \/>\n  <\/b>\n<\/p>\n<p>\n  <b><br \/>\n    16 fevral \u2013 \u201cG\u0259lin, na\u011f\u0131la baxaq\u201d;<br \/>\n  <\/b>\n<\/p>\n<p>\n  <b><br \/>\n    22 fevral \u2013 \u201c\u00dc\u00e7 donuz balas\u0131, Q\u0131rm\u0131z\u0131 papaq v\u0259 boz canavarlar\u201d;<br \/>\n  <\/b>\n<\/p>\n<p>\n  <b><br \/>\n    23 fevral \u2013 \u201cNa\u011f\u0131l\u0131 tap\u20135\u201d.<br \/>\n  <\/b>\n<\/p>\n<p>\n  Teatrda b\u00f6y\u00fckl\u0259r \u00fc\u00e7\u00fcn tama\u015falar saat 19:00-da, u\u015faqlar \u00fc\u00e7\u00fcn is\u0259 saat 12:00-da ba\u015flan\u0131r.<\/p>\n","protected":false},"excerpt":{"rendered":"<p>Akademik Rus Dram Teatr\u0131n\u0131n 2020-ci ilin fevral ay\u0131 \u00fc\u00e7\u00fcn n\u0259z\u0259rd\u0259 tutulan repertuar plan\u0131 a\u00e7\u0131qlan\u0131b.<\/p>\n","protected":false},"author":11,"featured_media":136586,"comment_status":"closed","ping_status":"open","sticky":false,"template":"","format":"standard","meta":{"_acf_changed":false,"_sitemap_exclude":false,"_sitemap_priority":"","_sitemap_frequency":"","footnotes":""},"categories":[52],"tags":[],"class_list":["post-198990","post","type-post","status-publish","format-standard","has-post-thumbnail","hentry","category-medeniyyet","infinite-scroll-item","generate-columns","tablet-grid-50","mobile-grid-100","grid-parent","grid-33","no-featured-image-padding"],"acf":[],"yoast_head":"<!-- This site is optimized with the Yoast SEO plugin v28.3 - https:\/\/yoast.com\/product\/yoast-seo-wordpress\/ -->\n<title>Akademik Rus Dram Teatr\u0131n\u0131n fevral ay\u0131 \u00fc\u00e7\u00fcn repertuar\u0131 - MEYDAN.TV<\/title>\n<meta name=\"robots\" content=\"index, follow, max-snippet:-1, max-image-preview:large, max-video-preview:-1\" \/>\n<link rel=\"canonical\" href=\"https:\/\/www.meydan.tv\/az\/article\/akademik-rus-dram-teatrinin-fevral-ayi-ucun-repertuari\/\" \/>\n<meta property=\"og:locale\" content=\"az_AZ\" \/>\n<meta property=\"og:type\" content=\"article\" \/>\n<meta property=\"og:title\" content=\"Akademik Rus Dram Teatr\u0131n\u0131n fevral ay\u0131 \u00fc\u00e7\u00fcn repertuar\u0131 - MEYDAN.TV\" \/>\n<meta property=\"og:description\" content=\"Akademik Rus Dram Teatr\u0131n\u0131n 2020-ci ilin fevral ay\u0131 \u00fc\u00e7\u00fcn n\u0259z\u0259rd\u0259 tutulan repertuar plan\u0131 a\u00e7\u0131qlan\u0131b.\" \/>\n<meta property=\"og:url\" content=\"https:\/\/www.meydan.tv\/az\/article\/akademik-rus-dram-teatrinin-fevral-ayi-ucun-repertuari\/\" \/>\n<meta property=\"og:site_name\" content=\"MEYDAN.TV\" \/>\n<meta property=\"article:published_time\" content=\"2020-01-29T10:29:48+00:00\" \/>\n<meta property=\"og:image\" content=\"https:\/\/www.meydan.tv\/wp-content\/uploads\/rus-dram-teatr.jpg\" \/>\n\t<meta property=\"og:image:width\" content=\"1024\" \/>\n\t<meta property=\"og:image:height\" content=\"683\" \/>\n\t<meta property=\"og:image:type\" content=\"image\/jpeg\" \/>\n<meta name=\"twitter:card\" content=\"summary_large_image\" \/>\n<!-- \/ Yoast SEO plugin. -->","yoast_head_json":{"title":"Akademik Rus Dram Teatr\u0131n\u0131n fevral ay\u0131 \u00fc\u00e7\u00fcn repertuar\u0131 - MEYDAN.TV","robots":{"index":"index","follow":"follow","max-snippet":"max-snippet:-1","max-image-preview":"max-image-preview:large","max-video-preview":"max-video-preview:-1"},"canonical":"https:\/\/www.meydan.tv\/az\/article\/akademik-rus-dram-teatrinin-fevral-ayi-ucun-repertuari\/","og_locale":"az_AZ","og_type":"article","og_title":"Akademik Rus Dram Teatr\u0131n\u0131n fevral ay\u0131 \u00fc\u00e7\u00fcn repertuar\u0131 - MEYDAN.TV","og_description":"Akademik Rus Dram Teatr\u0131n\u0131n 2020-ci ilin fevral ay\u0131 \u00fc\u00e7\u00fcn n\u0259z\u0259rd\u0259 tutulan repertuar plan\u0131 a\u00e7\u0131qlan\u0131b.","og_url":"https:\/\/www.meydan.tv\/az\/article\/akademik-rus-dram-teatrinin-fevral-ayi-ucun-repertuari\/","og_site_name":"MEYDAN.TV","article_published_time":"2020-01-29T10:29:48+00:00","og_image":[{"width":1024,"height":683,"url":"https:\/\/www.meydan.tv\/wp-content\/uploads\/rus-dram-teatr.jpg","type":"image\/jpeg"}],"twitter_card":"summary_large_image","schema":{"@context":"https:\/\/schema.org","@graph":[{"@type":"Article","@id":"https:\/\/www.meydan.tv\/az\/article\/akademik-rus-dram-teatrinin-fevral-ayi-ucun-repertuari\/#article","isPartOf":{"@id":"https:\/\/www.meydan.tv\/az\/article\/akademik-rus-dram-teatrinin-fevral-ayi-ucun-repertuari\/"},"author":{"name":"user-manager","@id":"https:\/\/www.meydan.tv\/az\/#\/schema\/person\/10d11eccf6da3662cf5fdab9806ea91a"},"headline":"Akademik Rus Dram Teatr\u0131n\u0131n fevral ay\u0131 \u00fc\u00e7\u00fcn repertuar\u0131","datePublished":"2020-01-29T10:29:48+00:00","mainEntityOfPage":{"@id":"https:\/\/www.meydan.tv\/az\/article\/akademik-rus-dram-teatrinin-fevral-ayi-ucun-repertuari\/"},"wordCount":222,"publisher":{"@id":"https:\/\/www.meydan.tv\/az\/#organization"},"image":{"@id":"https:\/\/www.meydan.tv\/az\/article\/akademik-rus-dram-teatrinin-fevral-ayi-ucun-repertuari\/#primaryimage"},"thumbnailUrl":"https:\/\/www.meydan.tv\/wp-content\/uploads\/rus-dram-teatr.jpg","articleSection":["M\u0259d\u0259niyy\u0259t"],"inLanguage":"az"},{"@type":"WebPage","@id":"https:\/\/www.meydan.tv\/az\/article\/akademik-rus-dram-teatrinin-fevral-ayi-ucun-repertuari\/","url":"https:\/\/www.meydan.tv\/az\/article\/akademik-rus-dram-teatrinin-fevral-ayi-ucun-repertuari\/","name":"Akademik Rus Dram Teatr\u0131n\u0131n fevral ay\u0131 \u00fc\u00e7\u00fcn repertuar\u0131 - MEYDAN.TV","isPartOf":{"@id":"https:\/\/www.meydan.tv\/az\/#website"},"primaryImageOfPage":{"@id":"https:\/\/www.meydan.tv\/az\/article\/akademik-rus-dram-teatrinin-fevral-ayi-ucun-repertuari\/#primaryimage"},"image":{"@id":"https:\/\/www.meydan.tv\/az\/article\/akademik-rus-dram-teatrinin-fevral-ayi-ucun-repertuari\/#primaryimage"},"thumbnailUrl":"https:\/\/www.meydan.tv\/wp-content\/uploads\/rus-dram-teatr.jpg","datePublished":"2020-01-29T10:29:48+00:00","breadcrumb":{"@id":"https:\/\/www.meydan.tv\/az\/article\/akademik-rus-dram-teatrinin-fevral-ayi-ucun-repertuari\/#breadcrumb"},"inLanguage":"az","potentialAction":[{"@type":"ReadAction","target":["https:\/\/www.meydan.tv\/az\/article\/akademik-rus-dram-teatrinin-fevral-ayi-ucun-repertuari\/"]}]},{"@type":"ImageObject","inLanguage":"az","@id":"https:\/\/www.meydan.tv\/az\/article\/akademik-rus-dram-teatrinin-fevral-ayi-ucun-repertuari\/#primaryimage","url":"https:\/\/www.meydan.tv\/wp-content\/uploads\/rus-dram-teatr.jpg","contentUrl":"https:\/\/www.meydan.tv\/wp-content\/uploads\/rus-dram-teatr.jpg","width":1024,"height":683,"caption":"Source: Foto: Meydan TV"},{"@type":"BreadcrumbList","@id":"https:\/\/www.meydan.tv\/az\/article\/akademik-rus-dram-teatrinin-fevral-ayi-ucun-repertuari\/#breadcrumb","itemListElement":[{"@type":"ListItem","position":1,"name":"Ana s\u0259hif\u0259","item":"https:\/\/www.meydan.tv\/az\/"},{"@type":"ListItem","position":2,"name":"M\u0259d\u0259niyy\u0259t","item":"https:\/\/www.meydan.tv\/az\/section\/medeniyyet\/"},{"@type":"ListItem","position":3,"name":"Akademik Rus Dram Teatr\u0131n\u0131n fevral ay\u0131 \u00fc\u00e7\u00fcn repertuar\u0131"}]},{"@type":"WebSite","@id":"https:\/\/www.meydan.tv\/az\/#website","url":"https:\/\/www.meydan.tv\/az\/","name":"MEYDAN.TV","description":"Meydan TV Az\u0259rbaycan\u0131n media m\u0259kan\u0131ndak\u0131 alternativ s\u0259sidir","publisher":{"@id":"https:\/\/www.meydan.tv\/az\/#organization"},"potentialAction":[{"@type":"SearchAction","target":{"@type":"EntryPoint","urlTemplate":"https:\/\/www.meydan.tv\/az\/?s={search_term_string}"},"query-input":{"@type":"PropertyValueSpecification","valueRequired":true,"valueName":"search_term_string"}}],"inLanguage":"az"},{"@type":"Organization","@id":"https:\/\/www.meydan.tv\/az\/#organization","name":"Meydan TV","url":"https:\/\/www.meydan.tv\/az\/","logo":{"@type":"ImageObject","inLanguage":"az","@id":"https:\/\/www.meydan.tv\/az\/#\/schema\/logo\/image\/","url":"https:\/\/www.meydan.tv\/wp-content\/uploads\/2021\/07\/meydan-logo.svg","contentUrl":"https:\/\/www.meydan.tv\/wp-content\/uploads\/2021\/07\/meydan-logo.svg","width":195,"height":46,"caption":"Meydan TV"},"image":{"@id":"https:\/\/www.meydan.tv\/az\/#\/schema\/logo\/image\/"}},{"@type":"Person","@id":"https:\/\/www.meydan.tv\/az\/#\/schema\/person\/10d11eccf6da3662cf5fdab9806ea91a","name":"user-manager"}]}},"_links":{"self":[{"href":"https:\/\/www.meydan.tv\/az\/wp-json\/wp\/v2\/posts\/198990","targetHints":{"allow":["GET"]}}],"collection":[{"href":"https:\/\/www.meydan.tv\/az\/wp-json\/wp\/v2\/posts"}],"about":[{"href":"https:\/\/www.meydan.tv\/az\/wp-json\/wp\/v2\/types\/post"}],"author":[{"embeddable":true,"href":"https:\/\/www.meydan.tv\/az\/wp-json\/wp\/v2\/users\/11"}],"replies":[{"embeddable":true,"href":"https:\/\/www.meydan.tv\/az\/wp-json\/wp\/v2\/comments?post=198990"}],"version-history":[{"count":0,"href":"https:\/\/www.meydan.tv\/az\/wp-json\/wp\/v2\/posts\/198990\/revisions"}],"wp:featuredmedia":[{"embeddable":true,"href":"https:\/\/www.meydan.tv\/az\/wp-json\/wp\/v2\/media\/136586"}],"wp:attachment":[{"href":"https:\/\/www.meydan.tv\/az\/wp-json\/wp\/v2\/media?parent=198990"}],"wp:term":[{"taxonomy":"category","embeddable":true,"href":"https:\/\/www.meydan.tv\/az\/wp-json\/wp\/v2\/categories?post=198990"},{"taxonomy":"post_tag","embeddable":true,"href":"https:\/\/www.meydan.tv\/az\/wp-json\/wp\/v2\/tags?post=198990"}],"curies":[{"name":"wp","href":"https:\/\/api.w.org\/{rel}","templated":true}]}}