{"id":198980,"date":"2020-01-28T09:45:34","date_gmt":"2020-01-28T09:45:34","guid":{"rendered":"https:\/\/www.meydan.tv\/article\/torpagim-basqasinin-adina-senedlesdirilib\/"},"modified":"2020-01-28T09:45:34","modified_gmt":"2020-01-28T09:45:34","slug":"torpagim-basqasinin-adina-senedlesdirilib","status":"publish","type":"post","link":"https:\/\/www.meydan.tv\/az\/article\/torpagim-basqasinin-adina-senedlesdirilib\/","title":{"rendered":"\u201cTorpa\u011f\u0131m ba\u015fqas\u0131n\u0131n ad\u0131na s\u0259n\u0259dl\u0259\u015fdirilib\u201d"},"content":{"rendered":"<p>\n  <i><br \/>\n    Balaxan\u0131 sakini m\u0259hk\u0259m\u0259l\u0259rin q\u0259rar\u0131ndan naraz\u0131d\u0131r<br \/>\n  <\/i>\n<\/p>\n<p>\n  Balaxan\u0131 q\u0259s\u0259b\u0259sind\u0259 ya\u015fayan Ai\u015f\u0259 V\u0259liyeva 2004-c\u00fc ild\u0259 ald\u0131\u011f\u0131 12 sot torpa\u011f\u0131n x\u0259b\u0259ri olmadan ba\u015fqa adam\u0131n ad\u0131na s\u0259n\u0259dl\u0259\u015fdirildiyini iddia edir. O, 6 sotun \u00f6z\u00fcn\u00fcn, qalan\u0131n\u0131n is\u0259 bac\u0131s\u0131n\u0131n ad\u0131na ald\u0131qlar\u0131n\u0131 deyir.\n<\/p>\n<p>\n  Bu bar\u0259d\u0259 Meydan TV-y\u0259 dan\u0131\u015fan Ai\u015f\u0259 V\u0259liyeva bildirib ki, torpa\u011f\u0131 onlara yerli b\u0259l\u0259diyy\u0259 verib. 2006-c\u0131 ild\u0259 bac\u0131s\u0131 torpa\u011f\u0131n pulunu \u00f6d\u0259y\u0259nd\u0259n sonra s\u0259r\u0259ncam al\u0131b v\u0259 ard\u0131nca \u0259razini ad\u0131na s\u0259n\u0259dl\u0259\u015fdirib.\n<\/p>\n<p>\n  Ancaq illik icar\u0259 haqq\u0131n\u0131 \u00f6d\u0259m\u0259dikl\u0259rind\u0259n 2009-cu ild\u0259 b\u0259l\u0259diyy\u0259 onlar\u0131 m\u0259hk\u0259m\u0259y\u0259 verib:\n<\/p>\n<p>\n  \u201cPulu \u00f6d\u0259m\u0259m\u0259yimizin s\u0259b\u0259bi torpa\u011f\u0131n s\u0259n\u0259dl\u0259rinin atamda olmas\u0131, onun da insult ke\u00e7irm\u0259si v\u0259 yadda\u015f\u0131n\u0131 itirm\u0259si idi. Ancaq el\u0259 m\u0259hk\u0259m\u0259 zaman\u0131 pulu \u00f6d\u0259dik v\u0259 lehimiz\u0259 q\u0259rar \u00e7\u0131xar\u0131ld\u0131. O zaman b\u0259l\u0259diyy\u0259 biz\u0259 \u0259razini hasarlama\u011f\u0131 m\u0259sl\u0259h\u0259t g\u00f6rd\u00fc v\u0259 m\u0259n yeri hasarlad\u0131m. 2012-ci ild\u0259 \u00f6vlad\u0131m x\u0259st\u0259l\u0259ndiyind\u0259n b\u00fct\u00fcn vaxt\u0131m onun m\u00fcalic\u0259sin\u0259 gets\u0259 d\u0259, h\u0259r il torpa\u011f\u0131n pulunu \u00f6d\u0259yirdim. 2016-c\u0131 ild\u0259 qon\u015fum x\u0259b\u0259r etdi ki, Balaxan\u0131da makler i\u015fl\u0259y\u0259n Namiq Qas\u0131mov \u0259razi \u00fc\u00e7\u00fcn \u201c\u00c7\u0131xar\u0131\u015f\u201d \u00e7\u0131xararaq torpa\u011f\u0131 ba\u015fqas\u0131na sat\u0131b. Biz el\u0259 h\u0259min il m\u0259hk\u0259m\u0259y\u0259 \u015fikay\u0259t verdik v\u0259 proses 2018-ci il\u0259 q\u0259d\u0259r uzand\u0131. \u0130ki d\u0259f\u0259 ekspertiza ke\u00e7irildi, birincid\u0259 ara\u015fd\u0131rd\u0131lar ki, Namiq Qas\u0131movun s\u0259n\u0259dl\u0259\u015fdirdiyi torpaq m\u0259nim torpa\u011f\u0131mla \u00fcst-\u00fcst\u0259 d\u00fc\u015f\u00fcrm\u00fc, ya yox. \u0130kinci d\u0259f\u0259 torpa\u011f\u0131n b\u0259l\u0259diyy\u0259y\u0259, icraya, yoxsa d\u00f6vl\u0259t\u0259 aid olmas\u0131 yoxlan\u0131ld\u0131. M\u0259lum oldu ki, torpaq b\u0259l\u0259diyy\u0259nindir. N\u0259tic\u0259d\u0259 Sabun\u00e7u Rayon M\u0259hk\u0259m\u0259si m\u0259nim xeyrim\u0259 q\u0259rar q\u0259bul etdi. Amma Bak\u0131 Apelyasiya M\u0259hk\u0259m\u0259si qar\u015f\u0131 t\u0259r\u0259fin \u015fikay\u0259tini t\u0259min etdi. Bu prosesd\u0259 icra hakimiyy\u0259ti sual qoymu\u015fdu ki, \u0259razi 65 hektar\u0131n daxilind\u0259dir, ya yox. \u0130cra hakimiyy\u0259ti d\u0259 m\u0259hk\u0259m\u0259nin sor\u011fusuna cavab vermi\u015fdi ki, paytaxtda b\u00fct\u00fcn torpaqlar Bak\u0131 \u0130cra Hakimiyy\u0259tin\u0259 tabedir, \u0259slind\u0259, bu, suala d\u0259qiq cavab deyildi. Ard\u0131nca Ali M\u0259hk\u0259m\u0259 d\u0259 Bak\u0131 Apelyasiya M\u0259hk\u0259m\u0259sinin q\u0259tnam\u0259sini q\u00fcvv\u0259d\u0259 saxlad\u0131\u201d.\n<\/p>\n<figure class=\"wp-block-image size-large\">\n  <img decoding=\"async\" src=\"https:\/\/www.meydan.tv\/az\/untitled-2-jpg\/\" alt=\"untitled-2.jpg\" class=\"wp-image-136541\"\/><figcaption>\n    &#8220;O zaman b\u0259l\u0259diyy\u0259 biz\u0259 \u0259razini hasarlama\u011f\u0131 m\u0259sl\u0259h\u0259t g\u00f6rd\u00fc v\u0259 m\u0259n yeri hasarlad\u0131m&#8221;<br \/>\n  <\/figcaption><\/figure>\n<p>\n  Ai\u015f\u0259 V\u0259liyevan\u0131n s\u00f6zl\u0259rin\u0259 g\u00f6r\u0259, onun pulu olmad\u0131\u011f\u0131 \u00fc\u00e7\u00fcn m\u0259hk\u0259m\u0259l\u0259r onun \u0259leyhin\u0259 q\u0259rar q\u0259bul edibl\u0259r:\n<\/p>\n<p>\n  \u201c8 ya\u015f\u0131nda yeriy\u0259 bilm\u0259y\u0259n \u00f6vlad\u0131mla d\u00f6ym\u0259diyim qap\u0131 qalmad\u0131. \u00dcmidimi o torpa\u011fa dikmi\u015fdim ki, sat\u0131b \u00f6vlad\u0131m\u0131 m\u00fcalic\u0259 etdirim. Prezident \u0130lham \u018fliyeva, Birinci vitse-prezident Mehriban \u018fliyeva v\u0259 Milli M\u0259clis\u0259 m\u00fcraci\u0259tl\u0259r ets\u0259m d\u0259, reaksiya olmad\u0131. Apelyasiya v\u0259 ali m\u0259hk\u0259m\u0259 hakiml\u0259ri h\u00fcquqlar\u0131m\u0131 tapdad\u0131lar\u201d.\n<\/p>\n<p>\n  A.V\u0259liyeva v\u0259kili Kamran Ta\u011f\u0131yevd\u0259n d\u0259 naraz\u0131d\u0131r. Deyir ki, v\u0259kilin\u0259 iki min manat vers\u0259 d\u0259, son n\u0259tic\u0259d\u0259 v\u0259kili he\u00e7 bir i\u015f g\u00f6rm\u0259yib:\n<\/p>\n<p>\n  \u201cKamran Ta\u011f\u0131yev sat\u0131ld\u0131, g\u00f6z\u00fcm\u00fcn \u00f6n\u00fcnd\u0259 oldu, proses zaman\u0131 he\u00e7 bir v\u0259sat\u0259t qald\u0131rmad\u0131, halbuki, m\u0259nd\u0259n 2 min manat alm\u0131\u015fd\u0131\u201d.\n<\/p>\n<p>\n  Haz\u0131rda i\u015fin Ali M\u0259hk\u0259m\u0259nin Plenumunda oldu\u011funu s\u00f6yl\u0259y\u0259n A.V\u0259liyeva sona q\u0259d\u0259r m\u00fcbariz\u0259 aparaca\u011f\u0131n\u0131 s\u00f6yl\u0259di.\n<\/p>\n<p>\n  V\u0259kil Kamran Ta\u011f\u0131yev Ai\u015f\u0259 V\u0259liyevan\u0131n dedikl\u0259ri il\u0259 raz\u0131la\u015fm\u0131r. V\u0259kil Meydan TV-y\u0259 bildirib ki, o, Sabun\u00e7u Rayon M\u0259hk\u0259m\u0259sind\u0259 Ai\u015f\u0259 V\u0259liyevan\u0131n h\u00fcquqlar\u0131n\u0131 m\u00fcdafi\u0259 edib v\u0259 i\u015fi udublar. Buna g\u00f6r\u0259 min manat \u00f6d\u0259ni\u015f olub:\n<\/p>\n<figure class=\"wp-block-image size-large\">\n  <img decoding=\"async\" src=\"https:\/\/www.meydan.tv\/az\/copy_of_copy_of_untitled_design__2_-png\/\" alt=\"copy_of_copy_of_untitled_design__2_.png\" class=\"wp-image-136544\"\/><figcaption>\n    Kamran Ta\u011f\u0131yev<br \/>\n  <\/figcaption><\/figure>\n<p>\n  \u201c\u0130ki il m\u0259hk\u0259m\u0259 prosesi gedib v\u0259 2 d\u0259f\u0259 d\u0259 ekspertiza apar\u0131l\u0131b, qar\u015f\u0131 t\u0259r\u0259fin haz\u0131rlad\u0131\u011f\u0131 3 \u201c\u00c7\u0131xar\u0131\u015f\u201d l\u0259\u011fv olunub v\u0259 iki alq\u0131-satq\u0131 etibars\u0131z say\u0131l\u0131b. N\u0259tic\u0259 olaraq Sabun\u00e7u Rayon M\u0259hk\u0259m\u0259si 2018-ci ilin 27 noyabr tarixind\u0259 Ai\u015f\u0259 V\u0259liyevan\u0131n xeyrin\u0259 q\u0259tnam\u0259 q\u0259bul edib. G\u0259r\u0259k, \u015fikay\u0259t ed\u0259nd\u0259 fakt qoyulsun ortaya, b\u00f6htan atma\u011fa ehtiyac yoxdur. \u0130kinci, Ai\u015f\u0259 V\u0259liyeva Bak\u0131 Apelyasiya M\u0259hk\u0259m\u0259sind\u0259 i\u015fi apard\u0131\u011f\u0131m \u00fc\u00e7\u00fcn 150 manat \u00f6d\u0259ni\u015f edib, amma m\u00fcqavil\u0259y\u0259 g\u00f6r\u0259 300 manat verm\u0259liydi. Prosesin ba\u015flanmas\u0131ndan \u0259vv\u0259l dedim ki, qar\u015f\u0131 t\u0259r\u0259f birinci instansiyada i\u015fi uduzdu\u011fundan biz\u0259 q\u0259z\u0259blidir, ehtiyatl\u0131 ol, uduza da bil\u0259rik, amma \u00fcmidini d\u0259 itirm\u0259. \u00c7\u00fcnki i\u015fi yax\u015f\u0131 aparm\u0131\u015fam, \u0259limizd\u0259 ekspertiza r\u0259yi var v\u0259 bunun \u0259sas\u0131nda 3 s\u0259n\u0259d, iki alq\u0131-satq\u0131 l\u0259\u011fv olundu. H\u0259tta i\u015f\u0259 \u018fmlak M\u0259s\u0259l\u0259l\u0259ri D\u00f6vl\u0259t Komit\u0259si yan\u0131nda Da\u015f\u0131nmaz \u018fmlak\u0131n D\u00f6vl\u0259t Reyestri Xidm\u0259tini d\u0259 c\u0259lb etdim, \u0259razid\u0259 tikinti i\u015fin\u0259 ba\u015flanm\u0131\u015fd\u0131, dayand\u0131rd\u0131m, iki il m\u0259hk\u0259m\u0259 gedib, 2016-ci ild\u0259 m\u00fcqavil\u0259 ba\u011flam\u0131\u015fam, h\u0259min il 500 manat, 2018-ci ild\u0259 d\u0259 yen\u0259 h\u0259min m\u0259bl\u0259\u011fi \u00f6d\u0259yib, i\u015fi qurtaranda. Daha n\u0259 ist\u0259yir, v\u0259kil i\u015f\u0259 havay\u0131 \u00e7\u0131xmal\u0131yd\u0131? Ona g\u00f6r\u0259 \u0259lav\u0259 min manat verm\u0259si yaland\u0131 v\u0259 b\u00f6htand\u0131r\u201d.\n<\/p>\n<figure class=\"wp-block-image size-large\">\n  <img decoding=\"async\" src=\"https:\/\/www.meydan.tv\/az\/untitled9__1_-png\/\" alt=\"untitled9__1_.png\" class=\"wp-image-136550\"\/><figcaption>\n    Hakim Xumar M\u0259rdanova<br \/>\n  <\/figcaption><\/figure>\n<p>\n  Kamran Ta\u011f\u0131yevin s\u00f6zl\u0259rin\u0259 g\u00f6r\u0259, Bak\u0131 Apelyasiya M\u0259hk\u0259m\u0259sinin birinci instansiya m\u0259hk\u0259m\u0259sinin q\u0259tnam\u0259sini l\u0259\u011fv etm\u0259si qanunsuz idi:\n<\/p>\n<p>\n  \u201cQanun Ai\u015f\u0259 V\u0259liyevan\u0131n t\u0259r\u0259find\u0259dir. M\u0259n ona dedim ki, icaz\u0259 ver bu i\u015fi sona q\u0259d\u0259r apar\u0131m, amma raz\u0131la\u015fmad\u0131 v\u0259 haqq\u0131mda \u015fikay\u0259t verdi. Yax\u015f\u0131 olard\u0131, Ai\u015f\u0259 V\u0259liyeva m\u0259nd\u0259n sonra m\u0259hk\u0259m\u0259d\u0259 onun h\u00fcquqlar\u0131n\u0131 m\u00fcdafi\u0259 ed\u0259n \u015f\u0259xsin bar\u0259sind\u0259 dan\u0131\u015fs\u0131n. Niy\u0259 prosesi uda bilm\u0259di? Ax\u0131 m\u0259n birinci instansiyada i\u015fi udmu\u015fdum. Bak\u0131 Apelyasiya M\u0259hk\u0259m\u0259sind\u0259 hakim Xumar M\u0259rdanovan\u0131n q\u0259rar\u0131 \u0259sass\u0131z idi. \u00c7\u00fcnki 2 ekspertiza s\u0259n\u0259di var. Yax\u015f\u0131 olard\u0131, Ai\u015f\u0259 V\u0259liyeva bunlardan dan\u0131\u015fs\u0131n ki, Ali M\u0259hk\u0259m\u0259d\u0259 niy\u0259 i\u015f uduzulub?! V\u0259 n\u0259 \u00fc\u00e7\u00fcn Konstitusiya M\u0259hk\u0259m\u0259sin\u0259 getm\u0259yib, bir daha t\u0259krar edir\u0259m, qanun Ai\u015f\u0259 V\u0259liyevan\u0131n t\u0259r\u0259find\u0259dir\u201d.\n<\/p>\n<p>\n  Balaxan\u0131 q\u0259s\u0259b\u0259sinin b\u0259l\u0259diyy\u0259 s\u0259dri V\u00fcsal\u0259 S\u0259limovadan bir h\u0259ft\u0259 \u0259rzind\u0259 m\u0259s\u0259l\u0259y\u0259 m\u00fcnasib\u0259t \u00f6yr\u0259nm\u0259k m\u00fcmk\u00fcn olmad\u0131. V.S\u0259limovan\u0131n k\u00f6m\u0259k\u00e7isi h\u0259r d\u0259f\u0259 onun g\u00f6r\u00fc\u015fl\u0259rd\u0259 oldu\u011funu s\u00f6yl\u0259y\u0259r\u0259k, suallara cavab verm\u0259di.\n<\/p>\n<figure class=\"wp-block-image size-large\">\n  <img decoding=\"async\" src=\"https:\/\/www.meydan.tv\/az\/img-20200116-wa0005-jpg\/\" alt=\"IMG-20200116-WA0005.jpg\" class=\"wp-image-136547\"\/><figcaption>\n    Sabun\u00e7u Rayon M\u0259hk\u0259m\u0259sinin q\u0259tnam\u0259si<br \/>\n  <\/figcaption><\/figure>\n<p><img \/><\/p>\n<figure class=\"wp-block-image size-large\">\n  <img decoding=\"async\" src=\"https:\/\/www.meydan.tv\/az\/img-20200116-wa0009-jpg\/\" alt=\"IMG-20200116-WA0009.jpg\" class=\"wp-image-136556\"\/><figcaption>\n    V\u0259kill\u0259 m\u00fcqavil\u0259<br \/>\n  <\/figcaption><\/figure>\n","protected":false},"excerpt":{"rendered":"<p>&#8220;V\u0259 n\u0259 \u00fc\u00e7\u00fcn Konstitusiya M\u0259hk\u0259m\u0259sin\u0259 getm\u0259yib, bir daha t\u0259krar edir\u0259m, qanun Ai\u015f\u0259 V\u0259liyevan\u0131n t\u0259r\u0259find\u0259dir\u201d.<\/p>\n","protected":false},"author":11,"featured_media":136553,"comment_status":"closed","ping_status":"open","sticky":false,"template":"","format":"standard","meta":{"_acf_changed":false,"_sitemap_exclude":false,"_sitemap_priority":"","_sitemap_frequency":"","footnotes":""},"categories":[62],"tags":[],"class_list":["post-198980","post","type-post","status-publish","format-standard","has-post-thumbnail","hentry","category-sosial","infinite-scroll-item","generate-columns","tablet-grid-50","mobile-grid-100","grid-parent","grid-33","no-featured-image-padding"],"acf":[],"yoast_head":"<!-- This site is optimized with the Yoast SEO plugin v27.4 - https:\/\/yoast.com\/product\/yoast-seo-wordpress\/ -->\n<title>\u201cTorpa\u011f\u0131m ba\u015fqas\u0131n\u0131n ad\u0131na s\u0259n\u0259dl\u0259\u015fdirilib\u201d - MEYDAN.TV<\/title>\n<meta name=\"robots\" content=\"index, follow, max-snippet:-1, max-image-preview:large, max-video-preview:-1\" \/>\n<link rel=\"canonical\" href=\"https:\/\/www.meydan.tv\/az\/article\/torpagim-basqasinin-adina-senedlesdirilib\/\" \/>\n<meta property=\"og:locale\" content=\"az_AZ\" \/>\n<meta property=\"og:type\" content=\"article\" \/>\n<meta property=\"og:title\" content=\"\u201cTorpa\u011f\u0131m ba\u015fqas\u0131n\u0131n ad\u0131na s\u0259n\u0259dl\u0259\u015fdirilib\u201d - MEYDAN.TV\" \/>\n<meta property=\"og:description\" content=\"&quot;V\u0259 n\u0259 \u00fc\u00e7\u00fcn Konstitusiya M\u0259hk\u0259m\u0259sin\u0259 getm\u0259yib, bir daha t\u0259krar edir\u0259m, qanun Ai\u015f\u0259 V\u0259liyevan\u0131n t\u0259r\u0259find\u0259dir\u201d.\" \/>\n<meta property=\"og:url\" content=\"https:\/\/www.meydan.tv\/az\/article\/torpagim-basqasinin-adina-senedlesdirilib\/\" \/>\n<meta property=\"og:site_name\" content=\"MEYDAN.TV\" \/>\n<meta property=\"article:published_time\" content=\"2020-01-28T09:45:34+00:00\" \/>\n<meta property=\"og:image\" content=\"https:\/\/www.meydan.tv\/wp-content\/uploads\/copy_of_copy_of_untitled_design__1_.png\" \/>\n\t<meta property=\"og:image:width\" content=\"1280\" \/>\n\t<meta property=\"og:image:height\" content=\"720\" \/>\n\t<meta property=\"og:image:type\" content=\"image\/png\" \/>\n<meta name=\"author\" content=\"user-manager\" \/>\n<meta name=\"twitter:card\" content=\"summary_large_image\" \/>\n<script type=\"application\/ld+json\" class=\"yoast-schema-graph\">{\"@context\":\"https:\\\/\\\/schema.org\",\"@graph\":[{\"@type\":\"Article\",\"@id\":\"https:\\\/\\\/www.meydan.tv\\\/az\\\/article\\\/torpagim-basqasinin-adina-senedlesdirilib\\\/#article\",\"isPartOf\":{\"@id\":\"https:\\\/\\\/www.meydan.tv\\\/az\\\/article\\\/torpagim-basqasinin-adina-senedlesdirilib\\\/\"},\"author\":{\"name\":\"user-manager\",\"@id\":\"https:\\\/\\\/www.meydan.tv\\\/az\\\/#\\\/schema\\\/person\\\/10d11eccf6da3662cf5fdab9806ea91a\"},\"headline\":\"\u201cTorpa\u011f\u0131m ba\u015fqas\u0131n\u0131n ad\u0131na s\u0259n\u0259dl\u0259\u015fdirilib\u201d\",\"datePublished\":\"2020-01-28T09:45:34+00:00\",\"mainEntityOfPage\":{\"@id\":\"https:\\\/\\\/www.meydan.tv\\\/az\\\/article\\\/torpagim-basqasinin-adina-senedlesdirilib\\\/\"},\"wordCount\":1195,\"publisher\":{\"@id\":\"https:\\\/\\\/www.meydan.tv\\\/az\\\/#organization\"},\"image\":{\"@id\":\"https:\\\/\\\/www.meydan.tv\\\/az\\\/article\\\/torpagim-basqasinin-adina-senedlesdirilib\\\/#primaryimage\"},\"thumbnailUrl\":\"https:\\\/\\\/www.meydan.tv\\\/wp-content\\\/uploads\\\/copy_of_copy_of_untitled_design__1_.png\",\"articleSection\":[\"Sosial\"],\"inLanguage\":\"az\"},{\"@type\":\"WebPage\",\"@id\":\"https:\\\/\\\/www.meydan.tv\\\/az\\\/article\\\/torpagim-basqasinin-adina-senedlesdirilib\\\/\",\"url\":\"https:\\\/\\\/www.meydan.tv\\\/az\\\/article\\\/torpagim-basqasinin-adina-senedlesdirilib\\\/\",\"name\":\"\u201cTorpa\u011f\u0131m ba\u015fqas\u0131n\u0131n ad\u0131na s\u0259n\u0259dl\u0259\u015fdirilib\u201d - MEYDAN.TV\",\"isPartOf\":{\"@id\":\"https:\\\/\\\/www.meydan.tv\\\/az\\\/#website\"},\"primaryImageOfPage\":{\"@id\":\"https:\\\/\\\/www.meydan.tv\\\/az\\\/article\\\/torpagim-basqasinin-adina-senedlesdirilib\\\/#primaryimage\"},\"image\":{\"@id\":\"https:\\\/\\\/www.meydan.tv\\\/az\\\/article\\\/torpagim-basqasinin-adina-senedlesdirilib\\\/#primaryimage\"},\"thumbnailUrl\":\"https:\\\/\\\/www.meydan.tv\\\/wp-content\\\/uploads\\\/copy_of_copy_of_untitled_design__1_.png\",\"datePublished\":\"2020-01-28T09:45:34+00:00\",\"breadcrumb\":{\"@id\":\"https:\\\/\\\/www.meydan.tv\\\/az\\\/article\\\/torpagim-basqasinin-adina-senedlesdirilib\\\/#breadcrumb\"},\"inLanguage\":\"az\",\"potentialAction\":[{\"@type\":\"ReadAction\",\"target\":[\"https:\\\/\\\/www.meydan.tv\\\/az\\\/article\\\/torpagim-basqasinin-adina-senedlesdirilib\\\/\"]}]},{\"@type\":\"ImageObject\",\"inLanguage\":\"az\",\"@id\":\"https:\\\/\\\/www.meydan.tv\\\/az\\\/article\\\/torpagim-basqasinin-adina-senedlesdirilib\\\/#primaryimage\",\"url\":\"https:\\\/\\\/www.meydan.tv\\\/wp-content\\\/uploads\\\/copy_of_copy_of_untitled_design__1_.png\",\"contentUrl\":\"https:\\\/\\\/www.meydan.tv\\\/wp-content\\\/uploads\\\/copy_of_copy_of_untitled_design__1_.png\",\"width\":1280,\"height\":720,\"caption\":\"Source: Specify Source\"},{\"@type\":\"BreadcrumbList\",\"@id\":\"https:\\\/\\\/www.meydan.tv\\\/az\\\/article\\\/torpagim-basqasinin-adina-senedlesdirilib\\\/#breadcrumb\",\"itemListElement\":[{\"@type\":\"ListItem\",\"position\":1,\"name\":\"Ana s\u0259hif\u0259\",\"item\":\"https:\\\/\\\/www.meydan.tv\\\/az\\\/\"},{\"@type\":\"ListItem\",\"position\":2,\"name\":\"Sosial\",\"item\":\"https:\\\/\\\/www.meydan.tv\\\/az\\\/section\\\/sosial\\\/\"},{\"@type\":\"ListItem\",\"position\":3,\"name\":\"\u201cTorpa\u011f\u0131m ba\u015fqas\u0131n\u0131n ad\u0131na s\u0259n\u0259dl\u0259\u015fdirilib\u201d\"}]},{\"@type\":\"WebSite\",\"@id\":\"https:\\\/\\\/www.meydan.tv\\\/az\\\/#website\",\"url\":\"https:\\\/\\\/www.meydan.tv\\\/az\\\/\",\"name\":\"MEYDAN.TV\",\"description\":\"Meydan TV Az\u0259rbaycan\u0131n media m\u0259kan\u0131ndak\u0131 alternativ s\u0259sidir\",\"publisher\":{\"@id\":\"https:\\\/\\\/www.meydan.tv\\\/az\\\/#organization\"},\"potentialAction\":[{\"@type\":\"SearchAction\",\"target\":{\"@type\":\"EntryPoint\",\"urlTemplate\":\"https:\\\/\\\/www.meydan.tv\\\/az\\\/?s={search_term_string}\"},\"query-input\":{\"@type\":\"PropertyValueSpecification\",\"valueRequired\":true,\"valueName\":\"search_term_string\"}}],\"inLanguage\":\"az\"},{\"@type\":\"Organization\",\"@id\":\"https:\\\/\\\/www.meydan.tv\\\/az\\\/#organization\",\"name\":\"Meydan TV\",\"url\":\"https:\\\/\\\/www.meydan.tv\\\/az\\\/\",\"logo\":{\"@type\":\"ImageObject\",\"inLanguage\":\"az\",\"@id\":\"https:\\\/\\\/www.meydan.tv\\\/az\\\/#\\\/schema\\\/logo\\\/image\\\/\",\"url\":\"https:\\\/\\\/www.meydan.tv\\\/wp-content\\\/uploads\\\/2021\\\/07\\\/meydan-logo.svg\",\"contentUrl\":\"https:\\\/\\\/www.meydan.tv\\\/wp-content\\\/uploads\\\/2021\\\/07\\\/meydan-logo.svg\",\"width\":195,\"height\":46,\"caption\":\"Meydan TV\"},\"image\":{\"@id\":\"https:\\\/\\\/www.meydan.tv\\\/az\\\/#\\\/schema\\\/logo\\\/image\\\/\"}},{\"@type\":\"Person\",\"@id\":\"https:\\\/\\\/www.meydan.tv\\\/az\\\/#\\\/schema\\\/person\\\/10d11eccf6da3662cf5fdab9806ea91a\",\"name\":\"user-manager\"}]}<\/script>\n<!-- \/ Yoast SEO plugin. -->","yoast_head_json":{"title":"\u201cTorpa\u011f\u0131m ba\u015fqas\u0131n\u0131n ad\u0131na s\u0259n\u0259dl\u0259\u015fdirilib\u201d - MEYDAN.TV","robots":{"index":"index","follow":"follow","max-snippet":"max-snippet:-1","max-image-preview":"max-image-preview:large","max-video-preview":"max-video-preview:-1"},"canonical":"https:\/\/www.meydan.tv\/az\/article\/torpagim-basqasinin-adina-senedlesdirilib\/","og_locale":"az_AZ","og_type":"article","og_title":"\u201cTorpa\u011f\u0131m ba\u015fqas\u0131n\u0131n ad\u0131na s\u0259n\u0259dl\u0259\u015fdirilib\u201d - MEYDAN.TV","og_description":"\"V\u0259 n\u0259 \u00fc\u00e7\u00fcn Konstitusiya M\u0259hk\u0259m\u0259sin\u0259 getm\u0259yib, bir daha t\u0259krar edir\u0259m, qanun Ai\u015f\u0259 V\u0259liyevan\u0131n t\u0259r\u0259find\u0259dir\u201d.","og_url":"https:\/\/www.meydan.tv\/az\/article\/torpagim-basqasinin-adina-senedlesdirilib\/","og_site_name":"MEYDAN.TV","article_published_time":"2020-01-28T09:45:34+00:00","og_image":[{"width":1280,"height":720,"url":"https:\/\/www.meydan.tv\/wp-content\/uploads\/copy_of_copy_of_untitled_design__1_.png","type":"image\/png"}],"author":"user-manager","twitter_card":"summary_large_image","schema":{"@context":"https:\/\/schema.org","@graph":[{"@type":"Article","@id":"https:\/\/www.meydan.tv\/az\/article\/torpagim-basqasinin-adina-senedlesdirilib\/#article","isPartOf":{"@id":"https:\/\/www.meydan.tv\/az\/article\/torpagim-basqasinin-adina-senedlesdirilib\/"},"author":{"name":"user-manager","@id":"https:\/\/www.meydan.tv\/az\/#\/schema\/person\/10d11eccf6da3662cf5fdab9806ea91a"},"headline":"\u201cTorpa\u011f\u0131m ba\u015fqas\u0131n\u0131n ad\u0131na s\u0259n\u0259dl\u0259\u015fdirilib\u201d","datePublished":"2020-01-28T09:45:34+00:00","mainEntityOfPage":{"@id":"https:\/\/www.meydan.tv\/az\/article\/torpagim-basqasinin-adina-senedlesdirilib\/"},"wordCount":1195,"publisher":{"@id":"https:\/\/www.meydan.tv\/az\/#organization"},"image":{"@id":"https:\/\/www.meydan.tv\/az\/article\/torpagim-basqasinin-adina-senedlesdirilib\/#primaryimage"},"thumbnailUrl":"https:\/\/www.meydan.tv\/wp-content\/uploads\/copy_of_copy_of_untitled_design__1_.png","articleSection":["Sosial"],"inLanguage":"az"},{"@type":"WebPage","@id":"https:\/\/www.meydan.tv\/az\/article\/torpagim-basqasinin-adina-senedlesdirilib\/","url":"https:\/\/www.meydan.tv\/az\/article\/torpagim-basqasinin-adina-senedlesdirilib\/","name":"\u201cTorpa\u011f\u0131m ba\u015fqas\u0131n\u0131n ad\u0131na s\u0259n\u0259dl\u0259\u015fdirilib\u201d - MEYDAN.TV","isPartOf":{"@id":"https:\/\/www.meydan.tv\/az\/#website"},"primaryImageOfPage":{"@id":"https:\/\/www.meydan.tv\/az\/article\/torpagim-basqasinin-adina-senedlesdirilib\/#primaryimage"},"image":{"@id":"https:\/\/www.meydan.tv\/az\/article\/torpagim-basqasinin-adina-senedlesdirilib\/#primaryimage"},"thumbnailUrl":"https:\/\/www.meydan.tv\/wp-content\/uploads\/copy_of_copy_of_untitled_design__1_.png","datePublished":"2020-01-28T09:45:34+00:00","breadcrumb":{"@id":"https:\/\/www.meydan.tv\/az\/article\/torpagim-basqasinin-adina-senedlesdirilib\/#breadcrumb"},"inLanguage":"az","potentialAction":[{"@type":"ReadAction","target":["https:\/\/www.meydan.tv\/az\/article\/torpagim-basqasinin-adina-senedlesdirilib\/"]}]},{"@type":"ImageObject","inLanguage":"az","@id":"https:\/\/www.meydan.tv\/az\/article\/torpagim-basqasinin-adina-senedlesdirilib\/#primaryimage","url":"https:\/\/www.meydan.tv\/wp-content\/uploads\/copy_of_copy_of_untitled_design__1_.png","contentUrl":"https:\/\/www.meydan.tv\/wp-content\/uploads\/copy_of_copy_of_untitled_design__1_.png","width":1280,"height":720,"caption":"Source: Specify Source"},{"@type":"BreadcrumbList","@id":"https:\/\/www.meydan.tv\/az\/article\/torpagim-basqasinin-adina-senedlesdirilib\/#breadcrumb","itemListElement":[{"@type":"ListItem","position":1,"name":"Ana s\u0259hif\u0259","item":"https:\/\/www.meydan.tv\/az\/"},{"@type":"ListItem","position":2,"name":"Sosial","item":"https:\/\/www.meydan.tv\/az\/section\/sosial\/"},{"@type":"ListItem","position":3,"name":"\u201cTorpa\u011f\u0131m ba\u015fqas\u0131n\u0131n ad\u0131na s\u0259n\u0259dl\u0259\u015fdirilib\u201d"}]},{"@type":"WebSite","@id":"https:\/\/www.meydan.tv\/az\/#website","url":"https:\/\/www.meydan.tv\/az\/","name":"MEYDAN.TV","description":"Meydan TV Az\u0259rbaycan\u0131n media m\u0259kan\u0131ndak\u0131 alternativ s\u0259sidir","publisher":{"@id":"https:\/\/www.meydan.tv\/az\/#organization"},"potentialAction":[{"@type":"SearchAction","target":{"@type":"EntryPoint","urlTemplate":"https:\/\/www.meydan.tv\/az\/?s={search_term_string}"},"query-input":{"@type":"PropertyValueSpecification","valueRequired":true,"valueName":"search_term_string"}}],"inLanguage":"az"},{"@type":"Organization","@id":"https:\/\/www.meydan.tv\/az\/#organization","name":"Meydan TV","url":"https:\/\/www.meydan.tv\/az\/","logo":{"@type":"ImageObject","inLanguage":"az","@id":"https:\/\/www.meydan.tv\/az\/#\/schema\/logo\/image\/","url":"https:\/\/www.meydan.tv\/wp-content\/uploads\/2021\/07\/meydan-logo.svg","contentUrl":"https:\/\/www.meydan.tv\/wp-content\/uploads\/2021\/07\/meydan-logo.svg","width":195,"height":46,"caption":"Meydan TV"},"image":{"@id":"https:\/\/www.meydan.tv\/az\/#\/schema\/logo\/image\/"}},{"@type":"Person","@id":"https:\/\/www.meydan.tv\/az\/#\/schema\/person\/10d11eccf6da3662cf5fdab9806ea91a","name":"user-manager"}]}},"_links":{"self":[{"href":"https:\/\/www.meydan.tv\/az\/wp-json\/wp\/v2\/posts\/198980","targetHints":{"allow":["GET"]}}],"collection":[{"href":"https:\/\/www.meydan.tv\/az\/wp-json\/wp\/v2\/posts"}],"about":[{"href":"https:\/\/www.meydan.tv\/az\/wp-json\/wp\/v2\/types\/post"}],"author":[{"embeddable":true,"href":"https:\/\/www.meydan.tv\/az\/wp-json\/wp\/v2\/users\/11"}],"replies":[{"embeddable":true,"href":"https:\/\/www.meydan.tv\/az\/wp-json\/wp\/v2\/comments?post=198980"}],"version-history":[{"count":0,"href":"https:\/\/www.meydan.tv\/az\/wp-json\/wp\/v2\/posts\/198980\/revisions"}],"wp:featuredmedia":[{"embeddable":true,"href":"https:\/\/www.meydan.tv\/az\/wp-json\/wp\/v2\/media\/136553"}],"wp:attachment":[{"href":"https:\/\/www.meydan.tv\/az\/wp-json\/wp\/v2\/media?parent=198980"}],"wp:term":[{"taxonomy":"category","embeddable":true,"href":"https:\/\/www.meydan.tv\/az\/wp-json\/wp\/v2\/categories?post=198980"},{"taxonomy":"post_tag","embeddable":true,"href":"https:\/\/www.meydan.tv\/az\/wp-json\/wp\/v2\/tags?post=198980"}],"curies":[{"name":"wp","href":"https:\/\/api.w.org\/{rel}","templated":true}]}}