{"id":198966,"date":"2020-01-27T14:32:48","date_gmt":"2020-01-27T14:32:48","guid":{"rendered":"https:\/\/www.meydan.tv\/article\/ruhani-iranlilar-trampi-dinlememeye-ve-bir-olmaga-cagirir\/"},"modified":"2020-01-27T14:32:48","modified_gmt":"2020-01-27T14:32:48","slug":"ruhani-iranlilar-trampi-dinlememeye-ve-bir-olmaga-cagirir","status":"publish","type":"post","link":"https:\/\/www.meydan.tv\/az\/article\/ruhani-iranlilar-trampi-dinlememeye-ve-bir-olmaga-cagirir\/","title":{"rendered":"Ruhani iranl\u0131lar\u0131 Tramp\u0131 dinl\u0259m\u0259m\u0259y\u0259 v\u0259 bir olma\u011fa \u00e7a\u011f\u0131r\u0131r"},"content":{"rendered":"<p>\n  <i><br \/>\n    \u201cBiz Tramp v\u0259 A\u011f Evd\u0259ki terror\u00e7ular\u0131n \u0130ran\u0131 t\u0259crid etm\u0259sin\u0259 imkan verm\u0259m\u0259liyik\u201d<br \/>\n  <\/i>\n<\/p>\n<p>\n  \u201c\u0130ranl\u0131lar AB\u015e prezidenti Donald Tramp\u0131n parlament se\u00e7kil\u0259ri \u00f6nc\u0259si milli birliy\u0259 z\u0259r\u0259r verm\u0259sin\u0259 icaz\u0259 verm\u0259m\u0259lidirl\u0259r\u201d,- Prezident H\u0259s\u0259n Ruhani \u00e7\u0131x\u0131\u015f\u0131 zaman\u0131 bildirib.\n<\/p>\n<p>\n  \u201cReuters\u201d x\u0259b\u0259r verir ki, \u0130ran din xadiml\u0259ri Va\u015finqtonun 2018-ci ild\u0259 Tehran\u0131n d\u00fcnya g\u00fccl\u0259ri il\u0259 imzalad\u0131\u011f\u0131 n\u00fcv\u0259 raz\u0131la\u015fmas\u0131ndan \u00e7\u0131xmas\u0131ndan sonra t\u0259tbiq etdiyi sanksiyalar\u0131n alt\u0131nda \u0259zil\u0259n iqtisadiyyat\u0131 ayaqda saxlamaqda \u00e7\u0259tinlik \u00e7\u0259kirl\u0259r. \u00d6lk\u0259d\u0259 neft ixrac\u0131 azal\u0131b.\n<\/p>\n<p>\n  \u201cBiz Trampa istabli\u015fmentl\u0259 insanlar aras\u0131nda u\u00e7urum yaratma\u011f\u0131na imkan verm\u0259m\u0259liyik &#8230; Biz bir olmal\u0131y\u0131q &#8230; 21 Fevral se\u00e7kil\u0259rin\u0259 arxan\u0131z\u0131 \u00e7evirm\u0259yin. G\u0259lin yax\u015f\u0131 n\u0259tic\u0259 \u0259ld\u0259 ed\u0259k\u201d,- Ruhani r\u0259smi sayt\u0131nda canl\u0131 yay\u0131mlanan nitqind\u0259 qeyd edib.\n<\/p>\n<p>\n  \u201cBiz Tramp v\u0259 A\u011f Evd\u0259ki terror\u00e7ular\u0131n \u0130ran\u0131 t\u0259crid etm\u0259sin\u0259 imkan verm\u0259m\u0259liyik\u201d.\n<\/p>\n<p>\n  B\u00fct\u00fcn se\u00e7ki namiz\u0259dl\u0259rini yoxlayan \u0130ran\u0131n s\u0259rt Ke\u015fik\u00e7il\u0259r \u015euras\u0131 se\u00e7kil\u0259rd\u0259 i\u015ftirak etm\u0259k \u00fc\u00e7\u00fcn qeydiyyatdan ke\u00e7\u0259n 14000 n\u0259f\u0259rin 9000-ni diskvalifikasiya edib. \u018fks\u0259r \u015f\u0259h\u0259rl\u0259rd\u0259 onlar\u0131n se\u00e7kiy\u0259 ged\u0259c\u0259k namiz\u0259dl\u0259rinin olmad\u0131\u011f\u0131 bildirilir.\n<\/p>\n<p>\n  \u201cBu parlament se\u00e7kisi \u00e7ox vacibdir &#8230; M\u0259n s\u0259lahiyy\u0259tli orqanlara diskvalifikasiya m\u0259s\u0259l\u0259sini h\u0259ll etm\u0259k \u00fc\u00e7\u00fcn m\u0259ktublar yazm\u0131\u015fam\u201d,- Ruhani deyib.\n<\/p>\n<p>\n  \u201cSiz (din xadiml\u0259ri) se\u00e7kid\u0259 qalib g\u0259l\u0259c\u0259yinizi iddia edirsiniz. Bu yax\u015f\u0131d\u0131r, ancaq qoyun se\u00e7ki r\u0259qab\u0259tli ke\u00e7irilsin\u201d,- o deyib.\n<\/p>\n<p>\n  \u0130ran\u0131n 1979-cu il \u0130slam inqilab\u0131ndan b\u0259ri onun liderl\u0259ri hakimiyy\u0259ti \u0259ld\u0259 saxlamaq \u00fc\u00e7\u00fcn bir s\u0131ra \u00e7\u0259tinlikl\u0259ri aradan qald\u0131ra bilibl\u0259r. Lakin onlar il\u0259 xalq aras\u0131ndak\u0131 bo\u015fluq \u00f6t\u0259n ild\u0259n b\u0259ri xeyli geni\u015fl\u0259nib. H\u00f6kum\u0259t \u0259leyhin\u0259 etirazlarda y\u00fczl\u0259rl\u0259 insan\u0131n \u00f6ld\u00fcr\u00fclm\u0259sind\u0259n sonra \u0130randa ictimai naraz\u0131l\u0131q daha da artmaqdad\u0131r. \u0130ran h\u0259l\u0259lik \u00f6l\u0259nl\u0259rin say\u0131n\u0131 a\u00e7\u0131qlamay\u0131b v\u0259 insan haqlar\u0131 t\u0259\u015fkilatlar\u0131 t\u0259r\u0259find\u0259n yay\u0131mlanan r\u0259q\u0259ml\u0259ri r\u0259dd edib.\n<\/p>\n<p>\n  Tehran h\u0259m\u00e7inin \u0130ran\u0131n Ukrayna s\u0259rni\u015fin t\u0259yyar\u0259sini s\u0259hv\u0259n vurdu\u011funu gec etiraf etm\u0259sin\u0259 g\u00f6r\u0259 h\u0259m daxild\u0259, h\u0259m d\u0259 beyn\u0259lxaq ictimaiyy\u0259td\u0259 t\u0259nqidl\u0259r\u0259 m\u0259ruz qal\u0131b. Bu, hakimiyy\u0259tin legitimliyini risk\u0259 at\u0131b.\n<\/p>\n<p>\n  Hidd\u0259tli iranl\u0131lar m\u00fchafiz\u0259\u00e7il\u0259rin t\u0259yyar\u0259 q\u0259zas\u0131n\u0131 gec q\u0259bullanmas\u0131na etiraz olaraq k\u00fc\u00e7\u0259l\u0259r\u0259 ax\u0131\u015fmal\u0131 oldular.\n<\/p>\n<p>\n  \u0130dar\u0259\u00e7il\u0259rl\u0259 xalq aras\u0131ndak\u0131 etimads\u0131zl\u0131\u011f\u0131n iqtisadi \u00e7\u0259tinlikl\u0259rl\u0259 birlikd\u0259 fevral ay\u0131nda ke\u00e7iril\u0259n parlament s\u0259sverm\u0259sin\u0259 pis t\u0259sir ed\u0259c\u0259yi g\u00f6zl\u0259nilir. Bel\u0259 ki, \u0130ran hakimiyy\u0259ti \u00f6z legitimliyini s\u00fcbut etm\u0259k \u00fc\u00e7\u00fcn xalq\u0131n se\u00e7kil\u0259rd\u0259 i\u015ftirak\u0131na ehtiyac duyur.\n<\/p>\n<p>\n  \u201cM\u0259n mill\u0259timizi s\u0259s verm\u0259y\u0259 \u00e7a\u011f\u0131r\u0131ram&quot;, Ruhani deyib: &quot;Probleml\u0259r bar\u0259d\u0259 t\u0259nqidiniz olsa da, s\u0259s verin\u201d.<\/p>\n","protected":false},"excerpt":{"rendered":"<p>\u201cBiz Tramp v\u0259 A\u011f Evd\u0259ki terror\u00e7ular\u0131n \u0130ran\u0131 t\u0259crid etm\u0259sin\u0259 imkan verm\u0259m\u0259liyik\u201d.<\/p>\n","protected":false},"author":11,"featured_media":136466,"comment_status":"closed","ping_status":"open","sticky":false,"template":"","format":"standard","meta":{"_acf_changed":false,"_sitemap_exclude":false,"_sitemap_priority":"","_sitemap_frequency":"","footnotes":""},"categories":[64],"tags":[],"class_list":["post-198966","post","type-post","status-publish","format-standard","has-post-thumbnail","hentry","category-dunya","infinite-scroll-item","generate-columns","tablet-grid-50","mobile-grid-100","grid-parent","grid-33","no-featured-image-padding"],"acf":[],"yoast_head":"<!-- This site is optimized with the Yoast SEO plugin v27.5 - https:\/\/yoast.com\/product\/yoast-seo-wordpress\/ -->\n<title>Ruhani iranl\u0131lar\u0131 Tramp\u0131 dinl\u0259m\u0259m\u0259y\u0259 v\u0259 bir olma\u011fa \u00e7a\u011f\u0131r\u0131r - MEYDAN.TV<\/title>\n<meta name=\"robots\" content=\"index, follow, max-snippet:-1, max-image-preview:large, max-video-preview:-1\" \/>\n<link rel=\"canonical\" href=\"https:\/\/www.meydan.tv\/az\/article\/ruhani-iranlilar-trampi-dinlememeye-ve-bir-olmaga-cagirir\/\" \/>\n<meta property=\"og:locale\" content=\"az_AZ\" \/>\n<meta property=\"og:type\" content=\"article\" \/>\n<meta property=\"og:title\" content=\"Ruhani iranl\u0131lar\u0131 Tramp\u0131 dinl\u0259m\u0259m\u0259y\u0259 v\u0259 bir olma\u011fa \u00e7a\u011f\u0131r\u0131r - MEYDAN.TV\" \/>\n<meta property=\"og:description\" content=\"\u201cBiz Tramp v\u0259 A\u011f Evd\u0259ki terror\u00e7ular\u0131n \u0130ran\u0131 t\u0259crid etm\u0259sin\u0259 imkan verm\u0259m\u0259liyik\u201d.\" \/>\n<meta property=\"og:url\" content=\"https:\/\/www.meydan.tv\/az\/article\/ruhani-iranlilar-trampi-dinlememeye-ve-bir-olmaga-cagirir\/\" \/>\n<meta property=\"og:site_name\" content=\"MEYDAN.TV\" \/>\n<meta property=\"article:published_time\" content=\"2020-01-27T14:32:48+00:00\" \/>\n<meta property=\"og:image\" content=\"https:\/\/www.meydan.tv\/wp-content\/uploads\/hassan-ruhani-und-donald-trump-der-us-praesident-widerspricht-seinem-irani.jpg\" \/>\n\t<meta property=\"og:image:width\" content=\"853\" \/>\n\t<meta property=\"og:image:height\" content=\"480\" \/>\n\t<meta property=\"og:image:type\" content=\"image\/jpeg\" \/>\n<meta name=\"author\" content=\"user-manager\" \/>\n<meta name=\"twitter:card\" content=\"summary_large_image\" \/>\n<script type=\"application\/ld+json\" class=\"yoast-schema-graph\">{\"@context\":\"https:\\\/\\\/schema.org\",\"@graph\":[{\"@type\":\"Article\",\"@id\":\"https:\\\/\\\/www.meydan.tv\\\/az\\\/article\\\/ruhani-iranlilar-trampi-dinlememeye-ve-bir-olmaga-cagirir\\\/#article\",\"isPartOf\":{\"@id\":\"https:\\\/\\\/www.meydan.tv\\\/az\\\/article\\\/ruhani-iranlilar-trampi-dinlememeye-ve-bir-olmaga-cagirir\\\/\"},\"author\":{\"name\":\"user-manager\",\"@id\":\"https:\\\/\\\/www.meydan.tv\\\/az\\\/#\\\/schema\\\/person\\\/10d11eccf6da3662cf5fdab9806ea91a\"},\"headline\":\"Ruhani iranl\u0131lar\u0131 Tramp\u0131 dinl\u0259m\u0259m\u0259y\u0259 v\u0259 bir olma\u011fa \u00e7a\u011f\u0131r\u0131r\",\"datePublished\":\"2020-01-27T14:32:48+00:00\",\"mainEntityOfPage\":{\"@id\":\"https:\\\/\\\/www.meydan.tv\\\/az\\\/article\\\/ruhani-iranlilar-trampi-dinlememeye-ve-bir-olmaga-cagirir\\\/\"},\"wordCount\":549,\"publisher\":{\"@id\":\"https:\\\/\\\/www.meydan.tv\\\/az\\\/#organization\"},\"image\":{\"@id\":\"https:\\\/\\\/www.meydan.tv\\\/az\\\/article\\\/ruhani-iranlilar-trampi-dinlememeye-ve-bir-olmaga-cagirir\\\/#primaryimage\"},\"thumbnailUrl\":\"https:\\\/\\\/www.meydan.tv\\\/wp-content\\\/uploads\\\/hassan-ruhani-und-donald-trump-der-us-praesident-widerspricht-seinem-irani.jpg\",\"articleSection\":[\"D\u00fcnya\"],\"inLanguage\":\"az\"},{\"@type\":\"WebPage\",\"@id\":\"https:\\\/\\\/www.meydan.tv\\\/az\\\/article\\\/ruhani-iranlilar-trampi-dinlememeye-ve-bir-olmaga-cagirir\\\/\",\"url\":\"https:\\\/\\\/www.meydan.tv\\\/az\\\/article\\\/ruhani-iranlilar-trampi-dinlememeye-ve-bir-olmaga-cagirir\\\/\",\"name\":\"Ruhani iranl\u0131lar\u0131 Tramp\u0131 dinl\u0259m\u0259m\u0259y\u0259 v\u0259 bir olma\u011fa \u00e7a\u011f\u0131r\u0131r - MEYDAN.TV\",\"isPartOf\":{\"@id\":\"https:\\\/\\\/www.meydan.tv\\\/az\\\/#website\"},\"primaryImageOfPage\":{\"@id\":\"https:\\\/\\\/www.meydan.tv\\\/az\\\/article\\\/ruhani-iranlilar-trampi-dinlememeye-ve-bir-olmaga-cagirir\\\/#primaryimage\"},\"image\":{\"@id\":\"https:\\\/\\\/www.meydan.tv\\\/az\\\/article\\\/ruhani-iranlilar-trampi-dinlememeye-ve-bir-olmaga-cagirir\\\/#primaryimage\"},\"thumbnailUrl\":\"https:\\\/\\\/www.meydan.tv\\\/wp-content\\\/uploads\\\/hassan-ruhani-und-donald-trump-der-us-praesident-widerspricht-seinem-irani.jpg\",\"datePublished\":\"2020-01-27T14:32:48+00:00\",\"breadcrumb\":{\"@id\":\"https:\\\/\\\/www.meydan.tv\\\/az\\\/article\\\/ruhani-iranlilar-trampi-dinlememeye-ve-bir-olmaga-cagirir\\\/#breadcrumb\"},\"inLanguage\":\"az\",\"potentialAction\":[{\"@type\":\"ReadAction\",\"target\":[\"https:\\\/\\\/www.meydan.tv\\\/az\\\/article\\\/ruhani-iranlilar-trampi-dinlememeye-ve-bir-olmaga-cagirir\\\/\"]}]},{\"@type\":\"ImageObject\",\"inLanguage\":\"az\",\"@id\":\"https:\\\/\\\/www.meydan.tv\\\/az\\\/article\\\/ruhani-iranlilar-trampi-dinlememeye-ve-bir-olmaga-cagirir\\\/#primaryimage\",\"url\":\"https:\\\/\\\/www.meydan.tv\\\/wp-content\\\/uploads\\\/hassan-ruhani-und-donald-trump-der-us-praesident-widerspricht-seinem-irani.jpg\",\"contentUrl\":\"https:\\\/\\\/www.meydan.tv\\\/wp-content\\\/uploads\\\/hassan-ruhani-und-donald-trump-der-us-praesident-widerspricht-seinem-irani.jpg\",\"width\":853,\"height\":480,\"caption\":\"Source: Foto: arxiv\"},{\"@type\":\"BreadcrumbList\",\"@id\":\"https:\\\/\\\/www.meydan.tv\\\/az\\\/article\\\/ruhani-iranlilar-trampi-dinlememeye-ve-bir-olmaga-cagirir\\\/#breadcrumb\",\"itemListElement\":[{\"@type\":\"ListItem\",\"position\":1,\"name\":\"Ana s\u0259hif\u0259\",\"item\":\"https:\\\/\\\/www.meydan.tv\\\/az\\\/\"},{\"@type\":\"ListItem\",\"position\":2,\"name\":\"D\u00fcnya\",\"item\":\"https:\\\/\\\/www.meydan.tv\\\/az\\\/section\\\/dunya\\\/\"},{\"@type\":\"ListItem\",\"position\":3,\"name\":\"Ruhani iranl\u0131lar\u0131 Tramp\u0131 dinl\u0259m\u0259m\u0259y\u0259 v\u0259 bir olma\u011fa \u00e7a\u011f\u0131r\u0131r\"}]},{\"@type\":\"WebSite\",\"@id\":\"https:\\\/\\\/www.meydan.tv\\\/az\\\/#website\",\"url\":\"https:\\\/\\\/www.meydan.tv\\\/az\\\/\",\"name\":\"MEYDAN.TV\",\"description\":\"Meydan TV Az\u0259rbaycan\u0131n media m\u0259kan\u0131ndak\u0131 alternativ s\u0259sidir\",\"publisher\":{\"@id\":\"https:\\\/\\\/www.meydan.tv\\\/az\\\/#organization\"},\"potentialAction\":[{\"@type\":\"SearchAction\",\"target\":{\"@type\":\"EntryPoint\",\"urlTemplate\":\"https:\\\/\\\/www.meydan.tv\\\/az\\\/?s={search_term_string}\"},\"query-input\":{\"@type\":\"PropertyValueSpecification\",\"valueRequired\":true,\"valueName\":\"search_term_string\"}}],\"inLanguage\":\"az\"},{\"@type\":\"Organization\",\"@id\":\"https:\\\/\\\/www.meydan.tv\\\/az\\\/#organization\",\"name\":\"Meydan TV\",\"url\":\"https:\\\/\\\/www.meydan.tv\\\/az\\\/\",\"logo\":{\"@type\":\"ImageObject\",\"inLanguage\":\"az\",\"@id\":\"https:\\\/\\\/www.meydan.tv\\\/az\\\/#\\\/schema\\\/logo\\\/image\\\/\",\"url\":\"https:\\\/\\\/www.meydan.tv\\\/wp-content\\\/uploads\\\/2021\\\/07\\\/meydan-logo.svg\",\"contentUrl\":\"https:\\\/\\\/www.meydan.tv\\\/wp-content\\\/uploads\\\/2021\\\/07\\\/meydan-logo.svg\",\"width\":195,\"height\":46,\"caption\":\"Meydan TV\"},\"image\":{\"@id\":\"https:\\\/\\\/www.meydan.tv\\\/az\\\/#\\\/schema\\\/logo\\\/image\\\/\"}},{\"@type\":\"Person\",\"@id\":\"https:\\\/\\\/www.meydan.tv\\\/az\\\/#\\\/schema\\\/person\\\/10d11eccf6da3662cf5fdab9806ea91a\",\"name\":\"user-manager\"}]}<\/script>\n<!-- \/ Yoast SEO plugin. -->","yoast_head_json":{"title":"Ruhani iranl\u0131lar\u0131 Tramp\u0131 dinl\u0259m\u0259m\u0259y\u0259 v\u0259 bir olma\u011fa \u00e7a\u011f\u0131r\u0131r - MEYDAN.TV","robots":{"index":"index","follow":"follow","max-snippet":"max-snippet:-1","max-image-preview":"max-image-preview:large","max-video-preview":"max-video-preview:-1"},"canonical":"https:\/\/www.meydan.tv\/az\/article\/ruhani-iranlilar-trampi-dinlememeye-ve-bir-olmaga-cagirir\/","og_locale":"az_AZ","og_type":"article","og_title":"Ruhani iranl\u0131lar\u0131 Tramp\u0131 dinl\u0259m\u0259m\u0259y\u0259 v\u0259 bir olma\u011fa \u00e7a\u011f\u0131r\u0131r - MEYDAN.TV","og_description":"\u201cBiz Tramp v\u0259 A\u011f Evd\u0259ki terror\u00e7ular\u0131n \u0130ran\u0131 t\u0259crid etm\u0259sin\u0259 imkan verm\u0259m\u0259liyik\u201d.","og_url":"https:\/\/www.meydan.tv\/az\/article\/ruhani-iranlilar-trampi-dinlememeye-ve-bir-olmaga-cagirir\/","og_site_name":"MEYDAN.TV","article_published_time":"2020-01-27T14:32:48+00:00","og_image":[{"width":853,"height":480,"url":"https:\/\/www.meydan.tv\/wp-content\/uploads\/hassan-ruhani-und-donald-trump-der-us-praesident-widerspricht-seinem-irani.jpg","type":"image\/jpeg"}],"author":"user-manager","twitter_card":"summary_large_image","schema":{"@context":"https:\/\/schema.org","@graph":[{"@type":"Article","@id":"https:\/\/www.meydan.tv\/az\/article\/ruhani-iranlilar-trampi-dinlememeye-ve-bir-olmaga-cagirir\/#article","isPartOf":{"@id":"https:\/\/www.meydan.tv\/az\/article\/ruhani-iranlilar-trampi-dinlememeye-ve-bir-olmaga-cagirir\/"},"author":{"name":"user-manager","@id":"https:\/\/www.meydan.tv\/az\/#\/schema\/person\/10d11eccf6da3662cf5fdab9806ea91a"},"headline":"Ruhani iranl\u0131lar\u0131 Tramp\u0131 dinl\u0259m\u0259m\u0259y\u0259 v\u0259 bir olma\u011fa \u00e7a\u011f\u0131r\u0131r","datePublished":"2020-01-27T14:32:48+00:00","mainEntityOfPage":{"@id":"https:\/\/www.meydan.tv\/az\/article\/ruhani-iranlilar-trampi-dinlememeye-ve-bir-olmaga-cagirir\/"},"wordCount":549,"publisher":{"@id":"https:\/\/www.meydan.tv\/az\/#organization"},"image":{"@id":"https:\/\/www.meydan.tv\/az\/article\/ruhani-iranlilar-trampi-dinlememeye-ve-bir-olmaga-cagirir\/#primaryimage"},"thumbnailUrl":"https:\/\/www.meydan.tv\/wp-content\/uploads\/hassan-ruhani-und-donald-trump-der-us-praesident-widerspricht-seinem-irani.jpg","articleSection":["D\u00fcnya"],"inLanguage":"az"},{"@type":"WebPage","@id":"https:\/\/www.meydan.tv\/az\/article\/ruhani-iranlilar-trampi-dinlememeye-ve-bir-olmaga-cagirir\/","url":"https:\/\/www.meydan.tv\/az\/article\/ruhani-iranlilar-trampi-dinlememeye-ve-bir-olmaga-cagirir\/","name":"Ruhani iranl\u0131lar\u0131 Tramp\u0131 dinl\u0259m\u0259m\u0259y\u0259 v\u0259 bir olma\u011fa \u00e7a\u011f\u0131r\u0131r - MEYDAN.TV","isPartOf":{"@id":"https:\/\/www.meydan.tv\/az\/#website"},"primaryImageOfPage":{"@id":"https:\/\/www.meydan.tv\/az\/article\/ruhani-iranlilar-trampi-dinlememeye-ve-bir-olmaga-cagirir\/#primaryimage"},"image":{"@id":"https:\/\/www.meydan.tv\/az\/article\/ruhani-iranlilar-trampi-dinlememeye-ve-bir-olmaga-cagirir\/#primaryimage"},"thumbnailUrl":"https:\/\/www.meydan.tv\/wp-content\/uploads\/hassan-ruhani-und-donald-trump-der-us-praesident-widerspricht-seinem-irani.jpg","datePublished":"2020-01-27T14:32:48+00:00","breadcrumb":{"@id":"https:\/\/www.meydan.tv\/az\/article\/ruhani-iranlilar-trampi-dinlememeye-ve-bir-olmaga-cagirir\/#breadcrumb"},"inLanguage":"az","potentialAction":[{"@type":"ReadAction","target":["https:\/\/www.meydan.tv\/az\/article\/ruhani-iranlilar-trampi-dinlememeye-ve-bir-olmaga-cagirir\/"]}]},{"@type":"ImageObject","inLanguage":"az","@id":"https:\/\/www.meydan.tv\/az\/article\/ruhani-iranlilar-trampi-dinlememeye-ve-bir-olmaga-cagirir\/#primaryimage","url":"https:\/\/www.meydan.tv\/wp-content\/uploads\/hassan-ruhani-und-donald-trump-der-us-praesident-widerspricht-seinem-irani.jpg","contentUrl":"https:\/\/www.meydan.tv\/wp-content\/uploads\/hassan-ruhani-und-donald-trump-der-us-praesident-widerspricht-seinem-irani.jpg","width":853,"height":480,"caption":"Source: Foto: arxiv"},{"@type":"BreadcrumbList","@id":"https:\/\/www.meydan.tv\/az\/article\/ruhani-iranlilar-trampi-dinlememeye-ve-bir-olmaga-cagirir\/#breadcrumb","itemListElement":[{"@type":"ListItem","position":1,"name":"Ana s\u0259hif\u0259","item":"https:\/\/www.meydan.tv\/az\/"},{"@type":"ListItem","position":2,"name":"D\u00fcnya","item":"https:\/\/www.meydan.tv\/az\/section\/dunya\/"},{"@type":"ListItem","position":3,"name":"Ruhani iranl\u0131lar\u0131 Tramp\u0131 dinl\u0259m\u0259m\u0259y\u0259 v\u0259 bir olma\u011fa \u00e7a\u011f\u0131r\u0131r"}]},{"@type":"WebSite","@id":"https:\/\/www.meydan.tv\/az\/#website","url":"https:\/\/www.meydan.tv\/az\/","name":"MEYDAN.TV","description":"Meydan TV Az\u0259rbaycan\u0131n media m\u0259kan\u0131ndak\u0131 alternativ s\u0259sidir","publisher":{"@id":"https:\/\/www.meydan.tv\/az\/#organization"},"potentialAction":[{"@type":"SearchAction","target":{"@type":"EntryPoint","urlTemplate":"https:\/\/www.meydan.tv\/az\/?s={search_term_string}"},"query-input":{"@type":"PropertyValueSpecification","valueRequired":true,"valueName":"search_term_string"}}],"inLanguage":"az"},{"@type":"Organization","@id":"https:\/\/www.meydan.tv\/az\/#organization","name":"Meydan TV","url":"https:\/\/www.meydan.tv\/az\/","logo":{"@type":"ImageObject","inLanguage":"az","@id":"https:\/\/www.meydan.tv\/az\/#\/schema\/logo\/image\/","url":"https:\/\/www.meydan.tv\/wp-content\/uploads\/2021\/07\/meydan-logo.svg","contentUrl":"https:\/\/www.meydan.tv\/wp-content\/uploads\/2021\/07\/meydan-logo.svg","width":195,"height":46,"caption":"Meydan TV"},"image":{"@id":"https:\/\/www.meydan.tv\/az\/#\/schema\/logo\/image\/"}},{"@type":"Person","@id":"https:\/\/www.meydan.tv\/az\/#\/schema\/person\/10d11eccf6da3662cf5fdab9806ea91a","name":"user-manager"}]}},"_links":{"self":[{"href":"https:\/\/www.meydan.tv\/az\/wp-json\/wp\/v2\/posts\/198966","targetHints":{"allow":["GET"]}}],"collection":[{"href":"https:\/\/www.meydan.tv\/az\/wp-json\/wp\/v2\/posts"}],"about":[{"href":"https:\/\/www.meydan.tv\/az\/wp-json\/wp\/v2\/types\/post"}],"author":[{"embeddable":true,"href":"https:\/\/www.meydan.tv\/az\/wp-json\/wp\/v2\/users\/11"}],"replies":[{"embeddable":true,"href":"https:\/\/www.meydan.tv\/az\/wp-json\/wp\/v2\/comments?post=198966"}],"version-history":[{"count":0,"href":"https:\/\/www.meydan.tv\/az\/wp-json\/wp\/v2\/posts\/198966\/revisions"}],"wp:featuredmedia":[{"embeddable":true,"href":"https:\/\/www.meydan.tv\/az\/wp-json\/wp\/v2\/media\/136466"}],"wp:attachment":[{"href":"https:\/\/www.meydan.tv\/az\/wp-json\/wp\/v2\/media?parent=198966"}],"wp:term":[{"taxonomy":"category","embeddable":true,"href":"https:\/\/www.meydan.tv\/az\/wp-json\/wp\/v2\/categories?post=198966"},{"taxonomy":"post_tag","embeddable":true,"href":"https:\/\/www.meydan.tv\/az\/wp-json\/wp\/v2\/tags?post=198966"}],"curies":[{"name":"wp","href":"https:\/\/api.w.org\/{rel}","templated":true}]}}