{"id":198964,"date":"2020-01-27T13:53:24","date_gmt":"2020-01-27T13:53:24","guid":{"rendered":"https:\/\/www.meydan.tv\/article\/zaqatala-sakini-gozum-gore-gore-balamin-olmeyine-goz-yuma-bilmerem\/"},"modified":"2020-01-27T13:53:24","modified_gmt":"2020-01-27T13:53:24","slug":"zaqatala-sakini-gozum-gore-gore-balamin-olmeyine-goz-yuma-bilmerem","status":"publish","type":"post","link":"https:\/\/www.meydan.tv\/az\/article\/zaqatala-sakini-gozum-gore-gore-balamin-olmeyine-goz-yuma-bilmerem\/","title":{"rendered":"Zaqatala sakini: G\u00f6z\u00fcm g\u00f6r\u0259-g\u00f6r\u0259 balam\u0131n \u00f6lm\u0259yin\u0259 g\u00f6z yuma bilm\u0259r\u0259m"},"content":{"rendered":"<p>\n  <i><br \/>\n    \u201cArt\u0131q on g\u00fcnd\u00fcr u\u015faq burada m\u00fcalic\u0259 olunur, sa\u011falmaq \u0259v\u0259zin\u0259 s\u0259hh\u0259ti daha da pisl\u0259\u015fir\u201d<br \/>\n  <\/i>\n<\/p>\n<p>\n  \u201cYay idi, h\u0259y\u0259td\u0259 oturmu\u015fduq, q\u0259fil q\u0131z\u0131m\u0131n hal\u0131 pisl\u0259\u015fdi, dodaqlar\u0131 g\u00f6y\u0259rdi. \u00c7ox qorxduq, u\u015fa\u011f\u0131 t\u0259cili Zaqatala Rayon M\u0259rk\u0259zi X\u0259st\u0259xanas\u0131na apard\u0131q. Orada h\u0259kim m\u00fcayin\u0259 etdikd\u0259n sonra dedi ki, v\u0259ziyy\u0259ti a\u011f\u0131rd\u0131r, t\u0259cili Bak\u0131ya apar\u0131n, orada analiz verin. Aylini Bak\u0131ya g\u0259tirdik, analizl\u0259rin cavab\u0131 \u00e7\u0131xd\u0131, m\u0259lum oldu ki, u\u015faq leykoz \u2013 qan x\u0259r\u00e7\u0259ngi x\u0259st\u0259sidir\u201d.\n<\/p>\n<p>\n  Zaqatalan\u0131n Qandax k\u0259nd sakini Rail H\u0259s\u0259nov Meydan TV-y\u0259 dan\u0131\u015f\u0131r. Dediyin\u0259 g\u00f6r\u0259, h\u0259kiml\u0259r u\u015fa\u011fa x\u0259r\u00e7\u0259ng diaqnozunu 2018-ci ilin avqustunda qoyublar:\n<\/p>\n<p>\n  \u201cDaha sonra Hematologiya v\u0259 Qank\u00f6\u00e7\u00fcrm\u0259 Elmi T\u0259dqiqat \u0130nstitutunda analizl\u0259r, m\u00fcayin\u0259 v\u0259 m\u00fcalic\u0259l\u0259r ba\u015fland\u0131. \u0130ki aya yax\u0131n x\u0259st\u0259xanada yatd\u0131, sonra ev\u0259 yazd\u0131lar. Art\u0131q ilyar\u0131md\u0131r ki, m\u00fcalic\u0259si apar\u0131l\u0131r. H\u0259kiml\u0259rin dediyin\u0259 g\u00f6r\u0259, m\u00fcalic\u0259 bundan sonra ilyar\u0131m da davam etm\u0259lidir. Qan x\u0259r\u00e7\u0259ngi oldu\u011fu \u00fc\u00e7\u00fcn ayda bir d\u0259f\u0259 kimyaterapiya ke\u00e7ir. Zaqatalada is\u0259 iyn\u0259l\u0259ri vurulur. H\u0259kiml\u0259r s\u00f6yl\u0259yir ki, biz bacard\u0131\u011f\u0131m\u0131z k\u00f6m\u0259kliyi g\u00f6st\u0259ririk, \u00fcmid Allahad\u0131r\u201d.\n<\/p>\n<p>\n  Atas\u0131 deyir ki, x\u0259st\u0259liyind\u0259n dolay\u0131 Aylin \u00e7ox z\u0259ifl\u0259yib. Yem\u0259kd\u0259n dem\u0259k olar ki, imtina edib, tez-tez soyuqd\u0259ym\u0259 v\u0259 infeksion x\u0259st\u0259likl\u0259r\u0259 yoluxur:\n<\/p>\n<p>\n  \u201cBu il yanvar\u0131n 7-d\u0259 u\u015fa\u011f\u0131 g\u0259tirdik, kimyaterapiya m\u00fcalic\u0259sini ald\u0131, s\u0259h\u0259ri g\u00fcn Zaqatalaya qay\u0131td\u0131q. Bir ne\u00e7\u0259 g\u00fcnd\u0259n sonra q\u0131z\u0131n v\u0259ziyy\u0259ti a\u011f\u0131rla\u015fd\u0131, yanvar\u0131n 13-d\u0259 t\u0259krar Qank\u00f6\u00e7\u00fcrm\u0259 \u0130nstitutuna g\u0259tirdik. H\u0259kiml\u0259r baxd\u0131, dedil\u0259r ki, u\u015faq meningit (ba\u015f beyin v\u0259 onur\u011fa beyni qi\u015falar\u0131n\u0131n iltihabi x\u0259st\u0259liyi-red) olub. Aylini 2 sayl\u0131 U\u015faq X\u0259st\u0259xanas\u0131n\u0131n yolxucu x\u0259st\u0259likl\u0259r korpusuna k\u00f6\u00e7\u00fcrd\u00fcl\u0259r. Art\u0131q on g\u00fcnd\u00fcr u\u015faq burada m\u00fcalic\u0259 olunur, sa\u011falmaq \u0259v\u0259zin\u0259 s\u0259hh\u0259ti daha da pisl\u0259\u015fir. Bir-iki g\u00fcn bundan \u0259vv\u0259l\u0259 q\u0259d\u0259r he\u00e7 olmasa n\u0259s\u0259 yeyirdi, indi yem\u0259kd\u0259n d\u0259 k\u0259silib\u201d.\n<\/p>\n<figure class=\"wp-block-image size-large\">\n  <img decoding=\"async\" src=\"https:\/\/www.meydan.tv\/az\/untitled-1-jpg-3\/\" alt=\"untitled-1.jpg\" class=\"wp-image-136460\"\/><figcaption>\n    Aylin H\u0259s\u0259nova<br \/>\n  <\/figcaption><\/figure>\n<p>\n  Ail\u0259 olan-qalan n\u0259yi varsa sat\u0131b balaca Aylinin m\u00fcalic\u0259sin\u0259 s\u0259rf edib. Pullar\u0131 qurtard\u0131qda is\u0259 b\u00f6y\u00fck m\u0259bl\u0259\u011fd\u0259 borca pul g\u00f6t\u00fcr\u00fcb:\n<\/p>\n<p>\n  \u201cBurada i\u015f yoxdur, m\u0259cburam Rusiyaya gedim. Ora mayda gedir\u0259m, sentyabrda Az\u0259rbaycana geri qay\u0131d\u0131ram. Rusiyada tikintid\u0259 f\u0259hl\u0259 i\u015fl\u0259yir\u0259m. Orada qazand\u0131\u011f\u0131m pullar\u0131 Aylinin m\u00fcalic\u0259 x\u0259rcl\u0259rini \u00f6d\u0259m\u0259k \u00fc\u00e7\u00fcn s\u0259rf etdim. Pulumuz qurtaranda 15 ba\u015f in\u0259yimizi, 50 ba\u015fa yax\u0131n qoyunumuzu satd\u0131q. Yax\u0131n adamlar, dost-tan\u0131\u015flar da biz\u0259 d\u0259st\u0259k oldular, \u00e7ox sa\u011f olsunlar. Bir ay \u00f6nc\u0259 m\u0259cbur qal\u0131b ma\u015f\u0131n\u0131m\u0131 satd\u0131m. \u0130ndi Zaqatalada 10-15 manata f\u0259hl\u0259 i\u015fl\u0259yir\u0259m. O pulla nec\u0259 dolanmaq olar? Ev\u0259 ged\u0259nd\u0259, dolan\u0131\u015f\u0131q bir yana, u\u015fa\u011f\u0131n bir d\u0259rman\u0131n\u0131 ala bilmir\u0259m. Yalandan ba\u015f\u0131m\u0131 aldad\u0131ram ki, i\u015fl\u0259yir\u0259m. Bir il yar\u0131m \u0259rzind\u0259 Aylinin m\u00fcalic\u0259sin\u0259 \u00fcmumilikd\u0259 40 min manata yax\u0131n pul x\u0259rcl\u0259mi\u015f\u0259m, art\u0131q t\u00fck\u0259nmi\u015fik, birc\u0259 can\u0131m\u0131z qal\u0131b. G\u00f6z\u00fcm g\u00f6r\u0259-g\u00f6r\u0259 balam\u0131n \u00f6lm\u0259yin\u0259 g\u00f6z yuma bilm\u0259r\u0259m\u201d.\n<\/p>\n<p>\n  \u015eikay\u0259t\u00e7inin s\u00f6zl\u0259rin\u0259 g\u00f6r\u0259, Aylinin s\u0259hh\u0259ti il\u0259 ba\u011fl\u0131 2018-ci ild\u0259 Heyd\u0259r \u018fliyev Fonduna yazd\u0131qlar\u0131 m\u0259ktuba m\u00fcsb\u0259t cavab g\u0259lib:\n<\/p>\n<figure class=\"wp-block-image size-large\">\n  <img decoding=\"async\" src=\"https:\/\/www.meydan.tv\/az\/image_from_ios-3-jpg-60\/\" alt=\"image_from_ios (3).jpg\" class=\"wp-image-136454\"\/><figcaption>\n    Tibbi kartadan \u00e7\u0131xar\u0131\u015f<br \/>\n  <\/figcaption><\/figure>\n<p>\n  \u201cBiz\u0259 cavab g\u0259ldi ki, u\u015fa\u011f\u0131n b\u00fct\u00fcn m\u00fcalic\u0259si Hematologiya v\u0259 Qank\u00f6\u00e7\u00fcrm\u0259 Elmi T\u0259dqiqat \u0130nstitutunda pulsuz h\u0259yata ke\u00e7iril\u0259 bil\u0259r. \u018fvv\u0259lc\u0259 sevindik, lakin orada pulsuz he\u00e7 n\u0259 g\u00f6rm\u0259dik. T\u0259s\u0259vv\u00fcr edin, h\u0259r ay x\u0259st\u0259xanaya g\u0259l\u0259nd\u0259, \u0259n az\u0131 min manat pul x\u0259rcl\u0259nir. K\u0259ndd\u0259 maraqlana bil\u0259rsiz, tan\u0131yanlar desin, n\u0259yim vard\u0131sa ham\u0131s\u0131n\u0131 satm\u0131\u015fam, u\u015fa\u011f\u0131ma g\u00f6r\u0259 etmi\u015f\u0259m. Bundan sonra satas\u0131 daha he\u00e7 n\u0259yim qalmay\u0131b. Be\u015f-on min manatla h\u0259ll olunmur. El\u0259 olsayd\u0131, d\u00f6vl\u0259td\u0259n he\u00e7 n\u0259 ist\u0259m\u0259zdim. \u0130\u015f buras\u0131ndad\u0131r ki, etdikl\u0259ri m\u00fcalic\u0259nin d\u0259 effekti yoxdur. M\u0259n\u0259 k\u00f6m\u0259klik g\u00f6st\u0259rsinl\u0259r, x\u0259st\u0259liyin \u00e7ar\u0259sini taps\u0131nlar. \u0130mkan\u0131m yoxdur dey\u0259 m\u0259nim balam \u00f6lm\u0259lidir? Biz d\u0259 az\u0259rbaycanl\u0131y\u0131q, m\u0259nim d\u0259 q\u0131z\u0131m ist\u0259yir ki, m\u0259kt\u0259b\u0259 getsin. \u00c7antan\u0131 \u00e7iynin\u0259 asd\u0131, yaz\u0131q u\u015faq iki d\u0259f\u0259 m\u0259kt\u0259b\u0259 ged\u0259 bilm\u0259di. Art\u0131q \u0259limd\u0259n he\u00e7 n\u0259 g\u0259lmir. \u00dcmidim ancaq Prezident\u0259, Mehriban \u018fliyevaya v\u0259 xeyirxah insanlarad\u0131r, q\u0131z\u0131m\u0131n h\u0259yat\u0131n\u0131 xilas etsinl\u0259r\u201d.\n<\/p>\n<p>\n  S\u0259hiyy\u0259 Nazirliyind\u0259n Meydan TV-y\u0259 bildirilib ki, Hematologiya v\u0259 Qank\u00f6\u00e7\u00fcrm\u0259 Elmi T\u0259dqiqat \u0130nstitutu \u0130cbari Tibbi S\u0131\u011forta \u00fczr\u0259 D\u00f6vl\u0259t Agentliyinin (T\u018fB\u0130B) tabeliyind\u0259dir.\n<\/p>\n<p>\n  T\u018fB\u0130B-d\u0259n is\u0259 Meydan TV-nin suallar\u0131 cavabland\u0131r\u0131lmay\u0131b.\n<\/p>\n<figure class=\"wp-block-image size-large\">\n  <img decoding=\"async\" src=\"https:\/\/www.meydan.tv\/az\/image_from_ios-4-jpg-101\/\" alt=\"image_from_ios (4).jpg\" class=\"wp-image-136463\"\/><figcaption>\n    Tibbi Sosial Ekspert Komissiyas\u0131na g\u00f6nd\u0259ri\u015f<br \/>\n  <\/figcaption><\/figure>\n","protected":false},"excerpt":{"rendered":"<p>&#8220;Aylini Bak\u0131ya g\u0259tirdik, analizl\u0259rin cavab\u0131 \u00e7\u0131xd\u0131, m\u0259lum oldu ki, u\u015faq leykoz \u2013 qan x\u0259r\u00e7\u0259ngi x\u0259st\u0259sidir\u201d<\/p>\n","protected":false},"author":11,"featured_media":136451,"comment_status":"closed","ping_status":"open","sticky":false,"template":"","format":"standard","meta":{"_acf_changed":false,"_sitemap_exclude":false,"_sitemap_priority":"","_sitemap_frequency":"","footnotes":""},"categories":[60],"tags":[],"class_list":["post-198964","post","type-post","status-publish","format-standard","has-post-thumbnail","hentry","category-bolge","infinite-scroll-item","generate-columns","tablet-grid-50","mobile-grid-100","grid-parent","grid-33","no-featured-image-padding"],"acf":[],"yoast_head":"<!-- This site is optimized with the Yoast SEO plugin v27.5 - https:\/\/yoast.com\/product\/yoast-seo-wordpress\/ -->\n<title>Zaqatala sakini: G\u00f6z\u00fcm g\u00f6r\u0259-g\u00f6r\u0259 balam\u0131n \u00f6lm\u0259yin\u0259 g\u00f6z yuma bilm\u0259r\u0259m - MEYDAN.TV<\/title>\n<meta name=\"robots\" content=\"index, follow, max-snippet:-1, max-image-preview:large, max-video-preview:-1\" \/>\n<link rel=\"canonical\" href=\"https:\/\/www.meydan.tv\/az\/article\/zaqatala-sakini-gozum-gore-gore-balamin-olmeyine-goz-yuma-bilmerem\/\" \/>\n<meta property=\"og:locale\" content=\"az_AZ\" \/>\n<meta property=\"og:type\" content=\"article\" \/>\n<meta property=\"og:title\" content=\"Zaqatala sakini: G\u00f6z\u00fcm g\u00f6r\u0259-g\u00f6r\u0259 balam\u0131n \u00f6lm\u0259yin\u0259 g\u00f6z yuma bilm\u0259r\u0259m - MEYDAN.TV\" \/>\n<meta property=\"og:description\" content=\"&quot;Aylini Bak\u0131ya g\u0259tirdik, analizl\u0259rin cavab\u0131 \u00e7\u0131xd\u0131, m\u0259lum oldu ki, u\u015faq leykoz \u2013 qan x\u0259r\u00e7\u0259ngi x\u0259st\u0259sidir\u201d\" \/>\n<meta property=\"og:url\" content=\"https:\/\/www.meydan.tv\/az\/article\/zaqatala-sakini-gozum-gore-gore-balamin-olmeyine-goz-yuma-bilmerem\/\" \/>\n<meta property=\"og:site_name\" content=\"MEYDAN.TV\" \/>\n<meta property=\"article:published_time\" content=\"2020-01-27T13:53:24+00:00\" \/>\n<meta property=\"og:image\" content=\"https:\/\/www.meydan.tv\/wp-content\/uploads\/image_from_ios_2_6bd5fgi.jpg\" \/>\n\t<meta property=\"og:image:width\" content=\"960\" \/>\n\t<meta property=\"og:image:height\" content=\"720\" \/>\n\t<meta property=\"og:image:type\" content=\"image\/jpeg\" \/>\n<meta name=\"author\" content=\"user-manager\" \/>\n<meta name=\"twitter:card\" content=\"summary_large_image\" \/>\n<script type=\"application\/ld+json\" class=\"yoast-schema-graph\">{\"@context\":\"https:\\\/\\\/schema.org\",\"@graph\":[{\"@type\":\"Article\",\"@id\":\"https:\\\/\\\/www.meydan.tv\\\/az\\\/article\\\/zaqatala-sakini-gozum-gore-gore-balamin-olmeyine-goz-yuma-bilmerem\\\/#article\",\"isPartOf\":{\"@id\":\"https:\\\/\\\/www.meydan.tv\\\/az\\\/article\\\/zaqatala-sakini-gozum-gore-gore-balamin-olmeyine-goz-yuma-bilmerem\\\/\"},\"author\":{\"name\":\"user-manager\",\"@id\":\"https:\\\/\\\/www.meydan.tv\\\/az\\\/#\\\/schema\\\/person\\\/10d11eccf6da3662cf5fdab9806ea91a\"},\"headline\":\"Zaqatala sakini: G\u00f6z\u00fcm g\u00f6r\u0259-g\u00f6r\u0259 balam\u0131n \u00f6lm\u0259yin\u0259 g\u00f6z yuma bilm\u0259r\u0259m\",\"datePublished\":\"2020-01-27T13:53:24+00:00\",\"mainEntityOfPage\":{\"@id\":\"https:\\\/\\\/www.meydan.tv\\\/az\\\/article\\\/zaqatala-sakini-gozum-gore-gore-balamin-olmeyine-goz-yuma-bilmerem\\\/\"},\"wordCount\":929,\"publisher\":{\"@id\":\"https:\\\/\\\/www.meydan.tv\\\/az\\\/#organization\"},\"image\":{\"@id\":\"https:\\\/\\\/www.meydan.tv\\\/az\\\/article\\\/zaqatala-sakini-gozum-gore-gore-balamin-olmeyine-goz-yuma-bilmerem\\\/#primaryimage\"},\"thumbnailUrl\":\"https:\\\/\\\/www.meydan.tv\\\/wp-content\\\/uploads\\\/image_from_ios_2_6bd5fgi.jpg\",\"articleSection\":[\"B\u00f6lg\u0259\"],\"inLanguage\":\"az\"},{\"@type\":\"WebPage\",\"@id\":\"https:\\\/\\\/www.meydan.tv\\\/az\\\/article\\\/zaqatala-sakini-gozum-gore-gore-balamin-olmeyine-goz-yuma-bilmerem\\\/\",\"url\":\"https:\\\/\\\/www.meydan.tv\\\/az\\\/article\\\/zaqatala-sakini-gozum-gore-gore-balamin-olmeyine-goz-yuma-bilmerem\\\/\",\"name\":\"Zaqatala sakini: G\u00f6z\u00fcm g\u00f6r\u0259-g\u00f6r\u0259 balam\u0131n \u00f6lm\u0259yin\u0259 g\u00f6z yuma bilm\u0259r\u0259m - MEYDAN.TV\",\"isPartOf\":{\"@id\":\"https:\\\/\\\/www.meydan.tv\\\/az\\\/#website\"},\"primaryImageOfPage\":{\"@id\":\"https:\\\/\\\/www.meydan.tv\\\/az\\\/article\\\/zaqatala-sakini-gozum-gore-gore-balamin-olmeyine-goz-yuma-bilmerem\\\/#primaryimage\"},\"image\":{\"@id\":\"https:\\\/\\\/www.meydan.tv\\\/az\\\/article\\\/zaqatala-sakini-gozum-gore-gore-balamin-olmeyine-goz-yuma-bilmerem\\\/#primaryimage\"},\"thumbnailUrl\":\"https:\\\/\\\/www.meydan.tv\\\/wp-content\\\/uploads\\\/image_from_ios_2_6bd5fgi.jpg\",\"datePublished\":\"2020-01-27T13:53:24+00:00\",\"breadcrumb\":{\"@id\":\"https:\\\/\\\/www.meydan.tv\\\/az\\\/article\\\/zaqatala-sakini-gozum-gore-gore-balamin-olmeyine-goz-yuma-bilmerem\\\/#breadcrumb\"},\"inLanguage\":\"az\",\"potentialAction\":[{\"@type\":\"ReadAction\",\"target\":[\"https:\\\/\\\/www.meydan.tv\\\/az\\\/article\\\/zaqatala-sakini-gozum-gore-gore-balamin-olmeyine-goz-yuma-bilmerem\\\/\"]}]},{\"@type\":\"ImageObject\",\"inLanguage\":\"az\",\"@id\":\"https:\\\/\\\/www.meydan.tv\\\/az\\\/article\\\/zaqatala-sakini-gozum-gore-gore-balamin-olmeyine-goz-yuma-bilmerem\\\/#primaryimage\",\"url\":\"https:\\\/\\\/www.meydan.tv\\\/wp-content\\\/uploads\\\/image_from_ios_2_6bd5fgi.jpg\",\"contentUrl\":\"https:\\\/\\\/www.meydan.tv\\\/wp-content\\\/uploads\\\/image_from_ios_2_6bd5fgi.jpg\",\"width\":960,\"height\":720,\"caption\":\"Source: Specify Source\"},{\"@type\":\"BreadcrumbList\",\"@id\":\"https:\\\/\\\/www.meydan.tv\\\/az\\\/article\\\/zaqatala-sakini-gozum-gore-gore-balamin-olmeyine-goz-yuma-bilmerem\\\/#breadcrumb\",\"itemListElement\":[{\"@type\":\"ListItem\",\"position\":1,\"name\":\"Ana s\u0259hif\u0259\",\"item\":\"https:\\\/\\\/www.meydan.tv\\\/az\\\/\"},{\"@type\":\"ListItem\",\"position\":2,\"name\":\"B\u00f6lg\u0259\",\"item\":\"https:\\\/\\\/www.meydan.tv\\\/az\\\/section\\\/bolge\\\/\"},{\"@type\":\"ListItem\",\"position\":3,\"name\":\"Zaqatala sakini: G\u00f6z\u00fcm g\u00f6r\u0259-g\u00f6r\u0259 balam\u0131n \u00f6lm\u0259yin\u0259 g\u00f6z yuma bilm\u0259r\u0259m\"}]},{\"@type\":\"WebSite\",\"@id\":\"https:\\\/\\\/www.meydan.tv\\\/az\\\/#website\",\"url\":\"https:\\\/\\\/www.meydan.tv\\\/az\\\/\",\"name\":\"MEYDAN.TV\",\"description\":\"Meydan TV Az\u0259rbaycan\u0131n media m\u0259kan\u0131ndak\u0131 alternativ s\u0259sidir\",\"publisher\":{\"@id\":\"https:\\\/\\\/www.meydan.tv\\\/az\\\/#organization\"},\"potentialAction\":[{\"@type\":\"SearchAction\",\"target\":{\"@type\":\"EntryPoint\",\"urlTemplate\":\"https:\\\/\\\/www.meydan.tv\\\/az\\\/?s={search_term_string}\"},\"query-input\":{\"@type\":\"PropertyValueSpecification\",\"valueRequired\":true,\"valueName\":\"search_term_string\"}}],\"inLanguage\":\"az\"},{\"@type\":\"Organization\",\"@id\":\"https:\\\/\\\/www.meydan.tv\\\/az\\\/#organization\",\"name\":\"Meydan TV\",\"url\":\"https:\\\/\\\/www.meydan.tv\\\/az\\\/\",\"logo\":{\"@type\":\"ImageObject\",\"inLanguage\":\"az\",\"@id\":\"https:\\\/\\\/www.meydan.tv\\\/az\\\/#\\\/schema\\\/logo\\\/image\\\/\",\"url\":\"https:\\\/\\\/www.meydan.tv\\\/wp-content\\\/uploads\\\/2021\\\/07\\\/meydan-logo.svg\",\"contentUrl\":\"https:\\\/\\\/www.meydan.tv\\\/wp-content\\\/uploads\\\/2021\\\/07\\\/meydan-logo.svg\",\"width\":195,\"height\":46,\"caption\":\"Meydan TV\"},\"image\":{\"@id\":\"https:\\\/\\\/www.meydan.tv\\\/az\\\/#\\\/schema\\\/logo\\\/image\\\/\"}},{\"@type\":\"Person\",\"@id\":\"https:\\\/\\\/www.meydan.tv\\\/az\\\/#\\\/schema\\\/person\\\/10d11eccf6da3662cf5fdab9806ea91a\",\"name\":\"user-manager\"}]}<\/script>\n<!-- \/ Yoast SEO plugin. -->","yoast_head_json":{"title":"Zaqatala sakini: G\u00f6z\u00fcm g\u00f6r\u0259-g\u00f6r\u0259 balam\u0131n \u00f6lm\u0259yin\u0259 g\u00f6z yuma bilm\u0259r\u0259m - MEYDAN.TV","robots":{"index":"index","follow":"follow","max-snippet":"max-snippet:-1","max-image-preview":"max-image-preview:large","max-video-preview":"max-video-preview:-1"},"canonical":"https:\/\/www.meydan.tv\/az\/article\/zaqatala-sakini-gozum-gore-gore-balamin-olmeyine-goz-yuma-bilmerem\/","og_locale":"az_AZ","og_type":"article","og_title":"Zaqatala sakini: G\u00f6z\u00fcm g\u00f6r\u0259-g\u00f6r\u0259 balam\u0131n \u00f6lm\u0259yin\u0259 g\u00f6z yuma bilm\u0259r\u0259m - MEYDAN.TV","og_description":"\"Aylini Bak\u0131ya g\u0259tirdik, analizl\u0259rin cavab\u0131 \u00e7\u0131xd\u0131, m\u0259lum oldu ki, u\u015faq leykoz \u2013 qan x\u0259r\u00e7\u0259ngi x\u0259st\u0259sidir\u201d","og_url":"https:\/\/www.meydan.tv\/az\/article\/zaqatala-sakini-gozum-gore-gore-balamin-olmeyine-goz-yuma-bilmerem\/","og_site_name":"MEYDAN.TV","article_published_time":"2020-01-27T13:53:24+00:00","og_image":[{"width":960,"height":720,"url":"https:\/\/www.meydan.tv\/wp-content\/uploads\/image_from_ios_2_6bd5fgi.jpg","type":"image\/jpeg"}],"author":"user-manager","twitter_card":"summary_large_image","schema":{"@context":"https:\/\/schema.org","@graph":[{"@type":"Article","@id":"https:\/\/www.meydan.tv\/az\/article\/zaqatala-sakini-gozum-gore-gore-balamin-olmeyine-goz-yuma-bilmerem\/#article","isPartOf":{"@id":"https:\/\/www.meydan.tv\/az\/article\/zaqatala-sakini-gozum-gore-gore-balamin-olmeyine-goz-yuma-bilmerem\/"},"author":{"name":"user-manager","@id":"https:\/\/www.meydan.tv\/az\/#\/schema\/person\/10d11eccf6da3662cf5fdab9806ea91a"},"headline":"Zaqatala sakini: G\u00f6z\u00fcm g\u00f6r\u0259-g\u00f6r\u0259 balam\u0131n \u00f6lm\u0259yin\u0259 g\u00f6z yuma bilm\u0259r\u0259m","datePublished":"2020-01-27T13:53:24+00:00","mainEntityOfPage":{"@id":"https:\/\/www.meydan.tv\/az\/article\/zaqatala-sakini-gozum-gore-gore-balamin-olmeyine-goz-yuma-bilmerem\/"},"wordCount":929,"publisher":{"@id":"https:\/\/www.meydan.tv\/az\/#organization"},"image":{"@id":"https:\/\/www.meydan.tv\/az\/article\/zaqatala-sakini-gozum-gore-gore-balamin-olmeyine-goz-yuma-bilmerem\/#primaryimage"},"thumbnailUrl":"https:\/\/www.meydan.tv\/wp-content\/uploads\/image_from_ios_2_6bd5fgi.jpg","articleSection":["B\u00f6lg\u0259"],"inLanguage":"az"},{"@type":"WebPage","@id":"https:\/\/www.meydan.tv\/az\/article\/zaqatala-sakini-gozum-gore-gore-balamin-olmeyine-goz-yuma-bilmerem\/","url":"https:\/\/www.meydan.tv\/az\/article\/zaqatala-sakini-gozum-gore-gore-balamin-olmeyine-goz-yuma-bilmerem\/","name":"Zaqatala sakini: G\u00f6z\u00fcm g\u00f6r\u0259-g\u00f6r\u0259 balam\u0131n \u00f6lm\u0259yin\u0259 g\u00f6z yuma bilm\u0259r\u0259m - MEYDAN.TV","isPartOf":{"@id":"https:\/\/www.meydan.tv\/az\/#website"},"primaryImageOfPage":{"@id":"https:\/\/www.meydan.tv\/az\/article\/zaqatala-sakini-gozum-gore-gore-balamin-olmeyine-goz-yuma-bilmerem\/#primaryimage"},"image":{"@id":"https:\/\/www.meydan.tv\/az\/article\/zaqatala-sakini-gozum-gore-gore-balamin-olmeyine-goz-yuma-bilmerem\/#primaryimage"},"thumbnailUrl":"https:\/\/www.meydan.tv\/wp-content\/uploads\/image_from_ios_2_6bd5fgi.jpg","datePublished":"2020-01-27T13:53:24+00:00","breadcrumb":{"@id":"https:\/\/www.meydan.tv\/az\/article\/zaqatala-sakini-gozum-gore-gore-balamin-olmeyine-goz-yuma-bilmerem\/#breadcrumb"},"inLanguage":"az","potentialAction":[{"@type":"ReadAction","target":["https:\/\/www.meydan.tv\/az\/article\/zaqatala-sakini-gozum-gore-gore-balamin-olmeyine-goz-yuma-bilmerem\/"]}]},{"@type":"ImageObject","inLanguage":"az","@id":"https:\/\/www.meydan.tv\/az\/article\/zaqatala-sakini-gozum-gore-gore-balamin-olmeyine-goz-yuma-bilmerem\/#primaryimage","url":"https:\/\/www.meydan.tv\/wp-content\/uploads\/image_from_ios_2_6bd5fgi.jpg","contentUrl":"https:\/\/www.meydan.tv\/wp-content\/uploads\/image_from_ios_2_6bd5fgi.jpg","width":960,"height":720,"caption":"Source: Specify Source"},{"@type":"BreadcrumbList","@id":"https:\/\/www.meydan.tv\/az\/article\/zaqatala-sakini-gozum-gore-gore-balamin-olmeyine-goz-yuma-bilmerem\/#breadcrumb","itemListElement":[{"@type":"ListItem","position":1,"name":"Ana s\u0259hif\u0259","item":"https:\/\/www.meydan.tv\/az\/"},{"@type":"ListItem","position":2,"name":"B\u00f6lg\u0259","item":"https:\/\/www.meydan.tv\/az\/section\/bolge\/"},{"@type":"ListItem","position":3,"name":"Zaqatala sakini: G\u00f6z\u00fcm g\u00f6r\u0259-g\u00f6r\u0259 balam\u0131n \u00f6lm\u0259yin\u0259 g\u00f6z yuma bilm\u0259r\u0259m"}]},{"@type":"WebSite","@id":"https:\/\/www.meydan.tv\/az\/#website","url":"https:\/\/www.meydan.tv\/az\/","name":"MEYDAN.TV","description":"Meydan TV Az\u0259rbaycan\u0131n media m\u0259kan\u0131ndak\u0131 alternativ s\u0259sidir","publisher":{"@id":"https:\/\/www.meydan.tv\/az\/#organization"},"potentialAction":[{"@type":"SearchAction","target":{"@type":"EntryPoint","urlTemplate":"https:\/\/www.meydan.tv\/az\/?s={search_term_string}"},"query-input":{"@type":"PropertyValueSpecification","valueRequired":true,"valueName":"search_term_string"}}],"inLanguage":"az"},{"@type":"Organization","@id":"https:\/\/www.meydan.tv\/az\/#organization","name":"Meydan TV","url":"https:\/\/www.meydan.tv\/az\/","logo":{"@type":"ImageObject","inLanguage":"az","@id":"https:\/\/www.meydan.tv\/az\/#\/schema\/logo\/image\/","url":"https:\/\/www.meydan.tv\/wp-content\/uploads\/2021\/07\/meydan-logo.svg","contentUrl":"https:\/\/www.meydan.tv\/wp-content\/uploads\/2021\/07\/meydan-logo.svg","width":195,"height":46,"caption":"Meydan TV"},"image":{"@id":"https:\/\/www.meydan.tv\/az\/#\/schema\/logo\/image\/"}},{"@type":"Person","@id":"https:\/\/www.meydan.tv\/az\/#\/schema\/person\/10d11eccf6da3662cf5fdab9806ea91a","name":"user-manager"}]}},"_links":{"self":[{"href":"https:\/\/www.meydan.tv\/az\/wp-json\/wp\/v2\/posts\/198964","targetHints":{"allow":["GET"]}}],"collection":[{"href":"https:\/\/www.meydan.tv\/az\/wp-json\/wp\/v2\/posts"}],"about":[{"href":"https:\/\/www.meydan.tv\/az\/wp-json\/wp\/v2\/types\/post"}],"author":[{"embeddable":true,"href":"https:\/\/www.meydan.tv\/az\/wp-json\/wp\/v2\/users\/11"}],"replies":[{"embeddable":true,"href":"https:\/\/www.meydan.tv\/az\/wp-json\/wp\/v2\/comments?post=198964"}],"version-history":[{"count":0,"href":"https:\/\/www.meydan.tv\/az\/wp-json\/wp\/v2\/posts\/198964\/revisions"}],"wp:featuredmedia":[{"embeddable":true,"href":"https:\/\/www.meydan.tv\/az\/wp-json\/wp\/v2\/media\/136451"}],"wp:attachment":[{"href":"https:\/\/www.meydan.tv\/az\/wp-json\/wp\/v2\/media?parent=198964"}],"wp:term":[{"taxonomy":"category","embeddable":true,"href":"https:\/\/www.meydan.tv\/az\/wp-json\/wp\/v2\/categories?post=198964"},{"taxonomy":"post_tag","embeddable":true,"href":"https:\/\/www.meydan.tv\/az\/wp-json\/wp\/v2\/tags?post=198964"}],"curies":[{"name":"wp","href":"https:\/\/api.w.org\/{rel}","templated":true}]}}