{"id":198959,"date":"2020-01-27T11:48:54","date_gmt":"2020-01-27T11:48:54","guid":{"rendered":"https:\/\/www.meydan.tv\/article\/cinde-olenlerin-sayi-81-e-catib\/"},"modified":"2020-01-27T11:48:54","modified_gmt":"2020-01-27T11:48:54","slug":"cinde-olenlerin-sayi-81-e-catib","status":"publish","type":"post","link":"https:\/\/www.meydan.tv\/az\/article\/cinde-olenlerin-sayi-81-e-catib\/","title":{"rendered":"\u00c7ind\u0259 \u00f6l\u0259nl\u0259rin say\u0131 81-\u0259 \u00e7at\u0131b"},"content":{"rendered":"<p>\n  <i><br \/>\n    Honq Konq son 14 g\u00fcnd\u0259 Hubeyi ziyar\u0259t ed\u0259n insanlara \u0259raziy\u0259 giri\u015fi qada\u011fan edib<br \/>\n  <\/i>\n<\/p>\n<p>\n  \u00c7ind\u0259 koronavirus x\u0259st\u0259liyind\u0259n \u00f6l\u0259nl\u0259rin say\u0131 81-\u0259 \u00e7at\u0131b.\n<\/p>\n<p>\n  \u201cReuters\u201d x\u0259b\u0259r verir ki, h\u00f6kum\u0259t Yeni \u0130l t\u0259tilini uzad\u0131b, daha b\u00f6y\u00fck m\u00fc\u0259ssis\u0259l\u0259r ba\u011flan\u0131b, virusun yay\u0131lmas\u0131n\u0131n qar\u015f\u0131s\u0131n\u0131n al\u0131nmas\u0131 \u00fc\u00e7\u00fcn i\u015f\u00e7il\u0259rd\u0259n evd\u0259n i\u015fl\u0259m\u0259l\u0259ri ist\u0259nib.\n<\/p>\n<p>\n  \u00c7inin Ba\u015f naziri Li Keqiang h\u00f6kum\u0259tin hadis\u0259y\u0259 reaksiyas\u0131 olaraq virusun yarand\u0131\u011f\u0131 m\u0259rk\u0259z Vuhan (Wuhan) \u015f\u0259h\u0259rini ziyar\u0259t edib.\n<\/p>\n<p>\n  Asiya s\u0259hml\u0259ri be\u015f ayda \u0259n b\u00f6y\u00fck v\u0259 bir g\u00fcn i\u00e7ind\u0259 d\u00fc\u015fm\u0259 il\u0259 silk\u0259l\u0259nib, investorlar\u0131n narahatl\u0131\u011f\u0131 getdikc\u0259 art\u0131r. Yapon yuan\u0131 kimi t\u0259hl\u00fck\u0259siz yat\u0131r\u0131mlara t\u0259l\u0259bat art\u0131b.\n<\/p>\n<p>\n  \u00c7ind\u0259 t\u0259sdiql\u0259nmi\u015f hallar\u0131n \u00fcmumi say\u0131 t\u0259xmin\u0259n 30% artaraq 2.444-\u0259 \u00e7at\u0131b. Bunlar\u0131n yar\u0131s\u0131 paytaxt\u0131 Wuhan olan Hubei \u0259yal\u0259tinin pay\u0131na d\u00fc\u015f\u00fcr. Lakin b\u0259zi ekspertl\u0259r yoluxanlar\u0131n say\u0131n\u0131n daha \u00e7ox oldu\u011funu g\u00fcman edirl\u0259r.\n<\/p>\n<p>\n  D\u00fcnyada narahatl\u0131q artd\u0131qca, \u00c7in t\u0259r\u0259find\u0259n idar\u0259 olunan Honq Konq (Hong Kong) son 14 g\u00fcnd\u0259 Hubeyi ziyar\u0259t ed\u0259n insanlara \u0259raziy\u0259 giri\u015fi qada\u011fan edib. Honq Konqda art\u0131q s\u0259kkiz hadis\u0259 qeyd\u0259 al\u0131n\u0131b. Qada\u011fa Honq Konq sakinl\u0259rin\u0259 aid edilm\u0259yib.\n<\/p>\n<p>\n  Bir n\u0259f\u0259rin b\u0259nz\u0259r virusa yoluxdu\u011fu qeyd\u0259 al\u0131nm\u0131\u015f Makaonun yax\u0131nl\u0131qdak\u0131 qumarxanas\u0131 Hubeyd\u0259n g\u0259l\u0259nl\u0259r\u0259 ox\u015far qada\u011fa t\u0259tbiq edib.\n<\/p>\n<p>\n  \u00c7inin c\u0259nubundak\u0131 Hainan adas\u0131ndak\u0131 Haikou \u015f\u0259h\u0259ri b\u0259yan edib ki, Hubeyd\u0259n g\u0259l\u0259n turistl\u0259r 14 g\u00fcn m\u00fcdd\u0259tin\u0259 karantin\u0259 al\u0131nacaqlar.\n<\/p>\n<p>\n  \u201cHubeylil\u0259r\u0259 qar\u015f\u0131 ayr\u0131-se\u00e7kilik t\u0259tbiq edilir\u201d,- bir Vuhan sakini Weibo sosial media platformas\u0131nda \u015fikay\u0259t edib.\n<\/p>\n<p>\n  Hubeyd\u0259 virusdan \u00f6l\u0259nl\u0259rin say\u0131 56-dan 76-ya \u00e7at\u0131b, s\u0259hiyy\u0259 i\u015f\u00e7il\u0259ri bildirib.\n<\/p>\n<p>\n  Vuhandan s\u0259yah\u0259t ed\u0259n insanlarla \u0259laq\u0259li az sayda olsa da Tayland, Fransa, Yaponiya v\u0259 AB\u015e da daxil olmaqla 10-dan \u00e7ox \u00f6lk\u0259d\u0259 x\u0259st\u0259lik hallar\u0131 t\u0259sdiql\u0259nib. Ba\u015fqa yerl\u0259rd\u0259 \u00f6l\u00fcm hadis\u0259si ba\u015f verm\u0259yib.\n<\/p>\n<p>\n  Li virusun yay\u0131lmas\u0131ndan b\u0259ri Vuhan\u0131 ziyar\u0259t ed\u0259n \u0259n \u00fcst \u00c7in lideridir. O, mavi qoruyucu kostyumda epidemiyan\u0131n yerind\u0259 ara\u015fd\u0131r\u0131lmas\u0131yla tan\u0131\u015f olub v\u0259 x\u0259st\u0259l\u0259r v\u0259 tibb i\u015f\u00e7il\u0259ri il\u0259 dan\u0131\u015f\u0131b, \u00c7in h\u00f6kum\u0259ti m\u0259lumat verib.\n<\/p>\n<p>\n  11 milyon \u0259halisi olan Vuhan \u015f\u0259h\u0259ri virtual m\u00fchasir\u0259d\u0259dir v\u0259 \u00c7inin bir s\u0131ra dig\u0259r \u015f\u0259h\u0259rl\u0259rin\u0259 h\u0259r\u0259k\u0259t m\u0259hdudiyy\u0259tl\u0259ri m\u00f6vcuddur. T\u0259xmin\u0259n 60 milyon insan\u0131n ya\u015fad\u0131\u011f\u0131 Hubey \u0259yal\u0259tinin \u00e7ox hiss\u0259sin\u0259 s\u0259yah\u0259t m\u0259hdudiyy\u0259ti t\u0259tbiq edilib.\n<\/p>\n<p>\n  \u00c7in h\u00f6kum\u0259ti virusun yay\u0131lmas\u0131n\u0131 yava\u015flatmaq \u00fc\u00e7\u00fcn Yeni il t\u0259tilini fevral\u0131n 2-n\u0259 q\u0259d\u0259r uzad\u0131b. \u00c7ind\u0259 Yeni il t\u0259tili s\u0259yah\u0259t vaxt\u0131 dem\u0259kdir. Lakin virus yoluxmas\u0131 t\u0259hl\u00fck\u0259si bir \u00e7oxu plan\u0131 t\u0259xir\u0259 sal\u0131b.<\/p>\n","protected":false},"excerpt":{"rendered":"<p>Bir n\u0259f\u0259rin b\u0259nz\u0259r virusa yoluxdu\u011fu qeyd\u0259 al\u0131nm\u0131\u015f Makaonun yax\u0131nl\u0131qdak\u0131 qumarxanas\u0131 Hubeyd\u0259n g\u0259l\u0259nl\u0259r\u0259 ox\u015far qada\u011fa t\u0259tbiq edib.<\/p>\n","protected":false},"author":11,"featured_media":136442,"comment_status":"closed","ping_status":"open","sticky":false,"template":"","format":"standard","meta":{"_acf_changed":false,"_sitemap_exclude":false,"_sitemap_priority":"","_sitemap_frequency":"","footnotes":""},"categories":[64],"tags":[],"class_list":["post-198959","post","type-post","status-publish","format-standard","has-post-thumbnail","hentry","category-dunya","infinite-scroll-item","generate-columns","tablet-grid-50","mobile-grid-100","grid-parent","grid-33","no-featured-image-padding"],"acf":[],"yoast_head":"<!-- This site is optimized with the Yoast SEO plugin v27.5 - https:\/\/yoast.com\/product\/yoast-seo-wordpress\/ -->\n<title>\u00c7ind\u0259 \u00f6l\u0259nl\u0259rin say\u0131 81-\u0259 \u00e7at\u0131b - MEYDAN.TV<\/title>\n<meta name=\"robots\" content=\"index, follow, max-snippet:-1, max-image-preview:large, max-video-preview:-1\" \/>\n<link rel=\"canonical\" href=\"https:\/\/www.meydan.tv\/az\/article\/cinde-olenlerin-sayi-81-e-catib\/\" \/>\n<meta property=\"og:locale\" content=\"az_AZ\" \/>\n<meta property=\"og:type\" content=\"article\" \/>\n<meta property=\"og:title\" content=\"\u00c7ind\u0259 \u00f6l\u0259nl\u0259rin say\u0131 81-\u0259 \u00e7at\u0131b - MEYDAN.TV\" \/>\n<meta property=\"og:description\" content=\"Bir n\u0259f\u0259rin b\u0259nz\u0259r virusa yoluxdu\u011fu qeyd\u0259 al\u0131nm\u0131\u015f Makaonun yax\u0131nl\u0131qdak\u0131 qumarxanas\u0131 Hubeyd\u0259n g\u0259l\u0259nl\u0259r\u0259 ox\u015far qada\u011fa t\u0259tbiq edib.\" \/>\n<meta property=\"og:url\" content=\"https:\/\/www.meydan.tv\/az\/article\/cinde-olenlerin-sayi-81-e-catib\/\" \/>\n<meta property=\"og:site_name\" content=\"MEYDAN.TV\" \/>\n<meta property=\"article:published_time\" content=\"2020-01-27T11:48:54+00:00\" \/>\n<meta property=\"og:image\" content=\"https:\/\/www.meydan.tv\/wp-content\/uploads\/808x539_cmsv2_7c6a71c5-d7e0-5209-bb57-e94f0e91c402-4465124.jpg\" \/>\n\t<meta property=\"og:image:width\" content=\"808\" \/>\n\t<meta property=\"og:image:height\" content=\"539\" \/>\n\t<meta property=\"og:image:type\" content=\"image\/jpeg\" \/>\n<meta name=\"author\" content=\"user-manager\" \/>\n<meta name=\"twitter:card\" content=\"summary_large_image\" \/>\n<script type=\"application\/ld+json\" class=\"yoast-schema-graph\">{\"@context\":\"https:\\\/\\\/schema.org\",\"@graph\":[{\"@type\":\"Article\",\"@id\":\"https:\\\/\\\/www.meydan.tv\\\/az\\\/article\\\/cinde-olenlerin-sayi-81-e-catib\\\/#article\",\"isPartOf\":{\"@id\":\"https:\\\/\\\/www.meydan.tv\\\/az\\\/article\\\/cinde-olenlerin-sayi-81-e-catib\\\/\"},\"author\":{\"name\":\"user-manager\",\"@id\":\"https:\\\/\\\/www.meydan.tv\\\/az\\\/#\\\/schema\\\/person\\\/10d11eccf6da3662cf5fdab9806ea91a\"},\"headline\":\"\u00c7ind\u0259 \u00f6l\u0259nl\u0259rin say\u0131 81-\u0259 \u00e7at\u0131b\",\"datePublished\":\"2020-01-27T11:48:54+00:00\",\"mainEntityOfPage\":{\"@id\":\"https:\\\/\\\/www.meydan.tv\\\/az\\\/article\\\/cinde-olenlerin-sayi-81-e-catib\\\/\"},\"wordCount\":546,\"publisher\":{\"@id\":\"https:\\\/\\\/www.meydan.tv\\\/az\\\/#organization\"},\"image\":{\"@id\":\"https:\\\/\\\/www.meydan.tv\\\/az\\\/article\\\/cinde-olenlerin-sayi-81-e-catib\\\/#primaryimage\"},\"thumbnailUrl\":\"https:\\\/\\\/www.meydan.tv\\\/wp-content\\\/uploads\\\/808x539_cmsv2_7c6a71c5-d7e0-5209-bb57-e94f0e91c402-4465124.jpg\",\"articleSection\":[\"D\u00fcnya\"],\"inLanguage\":\"az\"},{\"@type\":\"WebPage\",\"@id\":\"https:\\\/\\\/www.meydan.tv\\\/az\\\/article\\\/cinde-olenlerin-sayi-81-e-catib\\\/\",\"url\":\"https:\\\/\\\/www.meydan.tv\\\/az\\\/article\\\/cinde-olenlerin-sayi-81-e-catib\\\/\",\"name\":\"\u00c7ind\u0259 \u00f6l\u0259nl\u0259rin say\u0131 81-\u0259 \u00e7at\u0131b - MEYDAN.TV\",\"isPartOf\":{\"@id\":\"https:\\\/\\\/www.meydan.tv\\\/az\\\/#website\"},\"primaryImageOfPage\":{\"@id\":\"https:\\\/\\\/www.meydan.tv\\\/az\\\/article\\\/cinde-olenlerin-sayi-81-e-catib\\\/#primaryimage\"},\"image\":{\"@id\":\"https:\\\/\\\/www.meydan.tv\\\/az\\\/article\\\/cinde-olenlerin-sayi-81-e-catib\\\/#primaryimage\"},\"thumbnailUrl\":\"https:\\\/\\\/www.meydan.tv\\\/wp-content\\\/uploads\\\/808x539_cmsv2_7c6a71c5-d7e0-5209-bb57-e94f0e91c402-4465124.jpg\",\"datePublished\":\"2020-01-27T11:48:54+00:00\",\"breadcrumb\":{\"@id\":\"https:\\\/\\\/www.meydan.tv\\\/az\\\/article\\\/cinde-olenlerin-sayi-81-e-catib\\\/#breadcrumb\"},\"inLanguage\":\"az\",\"potentialAction\":[{\"@type\":\"ReadAction\",\"target\":[\"https:\\\/\\\/www.meydan.tv\\\/az\\\/article\\\/cinde-olenlerin-sayi-81-e-catib\\\/\"]}]},{\"@type\":\"ImageObject\",\"inLanguage\":\"az\",\"@id\":\"https:\\\/\\\/www.meydan.tv\\\/az\\\/article\\\/cinde-olenlerin-sayi-81-e-catib\\\/#primaryimage\",\"url\":\"https:\\\/\\\/www.meydan.tv\\\/wp-content\\\/uploads\\\/808x539_cmsv2_7c6a71c5-d7e0-5209-bb57-e94f0e91c402-4465124.jpg\",\"contentUrl\":\"https:\\\/\\\/www.meydan.tv\\\/wp-content\\\/uploads\\\/808x539_cmsv2_7c6a71c5-d7e0-5209-bb57-e94f0e91c402-4465124.jpg\",\"width\":808,\"height\":539,\"caption\":\"Source: Foto: https:\\\/\\\/ru.euronews.com\\\/\"},{\"@type\":\"BreadcrumbList\",\"@id\":\"https:\\\/\\\/www.meydan.tv\\\/az\\\/article\\\/cinde-olenlerin-sayi-81-e-catib\\\/#breadcrumb\",\"itemListElement\":[{\"@type\":\"ListItem\",\"position\":1,\"name\":\"Ana s\u0259hif\u0259\",\"item\":\"https:\\\/\\\/www.meydan.tv\\\/az\\\/\"},{\"@type\":\"ListItem\",\"position\":2,\"name\":\"D\u00fcnya\",\"item\":\"https:\\\/\\\/www.meydan.tv\\\/az\\\/section\\\/dunya\\\/\"},{\"@type\":\"ListItem\",\"position\":3,\"name\":\"\u00c7ind\u0259 \u00f6l\u0259nl\u0259rin say\u0131 81-\u0259 \u00e7at\u0131b\"}]},{\"@type\":\"WebSite\",\"@id\":\"https:\\\/\\\/www.meydan.tv\\\/az\\\/#website\",\"url\":\"https:\\\/\\\/www.meydan.tv\\\/az\\\/\",\"name\":\"MEYDAN.TV\",\"description\":\"Meydan TV Az\u0259rbaycan\u0131n media m\u0259kan\u0131ndak\u0131 alternativ s\u0259sidir\",\"publisher\":{\"@id\":\"https:\\\/\\\/www.meydan.tv\\\/az\\\/#organization\"},\"potentialAction\":[{\"@type\":\"SearchAction\",\"target\":{\"@type\":\"EntryPoint\",\"urlTemplate\":\"https:\\\/\\\/www.meydan.tv\\\/az\\\/?s={search_term_string}\"},\"query-input\":{\"@type\":\"PropertyValueSpecification\",\"valueRequired\":true,\"valueName\":\"search_term_string\"}}],\"inLanguage\":\"az\"},{\"@type\":\"Organization\",\"@id\":\"https:\\\/\\\/www.meydan.tv\\\/az\\\/#organization\",\"name\":\"Meydan TV\",\"url\":\"https:\\\/\\\/www.meydan.tv\\\/az\\\/\",\"logo\":{\"@type\":\"ImageObject\",\"inLanguage\":\"az\",\"@id\":\"https:\\\/\\\/www.meydan.tv\\\/az\\\/#\\\/schema\\\/logo\\\/image\\\/\",\"url\":\"https:\\\/\\\/www.meydan.tv\\\/wp-content\\\/uploads\\\/2021\\\/07\\\/meydan-logo.svg\",\"contentUrl\":\"https:\\\/\\\/www.meydan.tv\\\/wp-content\\\/uploads\\\/2021\\\/07\\\/meydan-logo.svg\",\"width\":195,\"height\":46,\"caption\":\"Meydan TV\"},\"image\":{\"@id\":\"https:\\\/\\\/www.meydan.tv\\\/az\\\/#\\\/schema\\\/logo\\\/image\\\/\"}},{\"@type\":\"Person\",\"@id\":\"https:\\\/\\\/www.meydan.tv\\\/az\\\/#\\\/schema\\\/person\\\/10d11eccf6da3662cf5fdab9806ea91a\",\"name\":\"user-manager\"}]}<\/script>\n<!-- \/ Yoast SEO plugin. -->","yoast_head_json":{"title":"\u00c7ind\u0259 \u00f6l\u0259nl\u0259rin say\u0131 81-\u0259 \u00e7at\u0131b - MEYDAN.TV","robots":{"index":"index","follow":"follow","max-snippet":"max-snippet:-1","max-image-preview":"max-image-preview:large","max-video-preview":"max-video-preview:-1"},"canonical":"https:\/\/www.meydan.tv\/az\/article\/cinde-olenlerin-sayi-81-e-catib\/","og_locale":"az_AZ","og_type":"article","og_title":"\u00c7ind\u0259 \u00f6l\u0259nl\u0259rin say\u0131 81-\u0259 \u00e7at\u0131b - MEYDAN.TV","og_description":"Bir n\u0259f\u0259rin b\u0259nz\u0259r virusa yoluxdu\u011fu qeyd\u0259 al\u0131nm\u0131\u015f Makaonun yax\u0131nl\u0131qdak\u0131 qumarxanas\u0131 Hubeyd\u0259n g\u0259l\u0259nl\u0259r\u0259 ox\u015far qada\u011fa t\u0259tbiq edib.","og_url":"https:\/\/www.meydan.tv\/az\/article\/cinde-olenlerin-sayi-81-e-catib\/","og_site_name":"MEYDAN.TV","article_published_time":"2020-01-27T11:48:54+00:00","og_image":[{"width":808,"height":539,"url":"https:\/\/www.meydan.tv\/wp-content\/uploads\/808x539_cmsv2_7c6a71c5-d7e0-5209-bb57-e94f0e91c402-4465124.jpg","type":"image\/jpeg"}],"author":"user-manager","twitter_card":"summary_large_image","schema":{"@context":"https:\/\/schema.org","@graph":[{"@type":"Article","@id":"https:\/\/www.meydan.tv\/az\/article\/cinde-olenlerin-sayi-81-e-catib\/#article","isPartOf":{"@id":"https:\/\/www.meydan.tv\/az\/article\/cinde-olenlerin-sayi-81-e-catib\/"},"author":{"name":"user-manager","@id":"https:\/\/www.meydan.tv\/az\/#\/schema\/person\/10d11eccf6da3662cf5fdab9806ea91a"},"headline":"\u00c7ind\u0259 \u00f6l\u0259nl\u0259rin say\u0131 81-\u0259 \u00e7at\u0131b","datePublished":"2020-01-27T11:48:54+00:00","mainEntityOfPage":{"@id":"https:\/\/www.meydan.tv\/az\/article\/cinde-olenlerin-sayi-81-e-catib\/"},"wordCount":546,"publisher":{"@id":"https:\/\/www.meydan.tv\/az\/#organization"},"image":{"@id":"https:\/\/www.meydan.tv\/az\/article\/cinde-olenlerin-sayi-81-e-catib\/#primaryimage"},"thumbnailUrl":"https:\/\/www.meydan.tv\/wp-content\/uploads\/808x539_cmsv2_7c6a71c5-d7e0-5209-bb57-e94f0e91c402-4465124.jpg","articleSection":["D\u00fcnya"],"inLanguage":"az"},{"@type":"WebPage","@id":"https:\/\/www.meydan.tv\/az\/article\/cinde-olenlerin-sayi-81-e-catib\/","url":"https:\/\/www.meydan.tv\/az\/article\/cinde-olenlerin-sayi-81-e-catib\/","name":"\u00c7ind\u0259 \u00f6l\u0259nl\u0259rin say\u0131 81-\u0259 \u00e7at\u0131b - MEYDAN.TV","isPartOf":{"@id":"https:\/\/www.meydan.tv\/az\/#website"},"primaryImageOfPage":{"@id":"https:\/\/www.meydan.tv\/az\/article\/cinde-olenlerin-sayi-81-e-catib\/#primaryimage"},"image":{"@id":"https:\/\/www.meydan.tv\/az\/article\/cinde-olenlerin-sayi-81-e-catib\/#primaryimage"},"thumbnailUrl":"https:\/\/www.meydan.tv\/wp-content\/uploads\/808x539_cmsv2_7c6a71c5-d7e0-5209-bb57-e94f0e91c402-4465124.jpg","datePublished":"2020-01-27T11:48:54+00:00","breadcrumb":{"@id":"https:\/\/www.meydan.tv\/az\/article\/cinde-olenlerin-sayi-81-e-catib\/#breadcrumb"},"inLanguage":"az","potentialAction":[{"@type":"ReadAction","target":["https:\/\/www.meydan.tv\/az\/article\/cinde-olenlerin-sayi-81-e-catib\/"]}]},{"@type":"ImageObject","inLanguage":"az","@id":"https:\/\/www.meydan.tv\/az\/article\/cinde-olenlerin-sayi-81-e-catib\/#primaryimage","url":"https:\/\/www.meydan.tv\/wp-content\/uploads\/808x539_cmsv2_7c6a71c5-d7e0-5209-bb57-e94f0e91c402-4465124.jpg","contentUrl":"https:\/\/www.meydan.tv\/wp-content\/uploads\/808x539_cmsv2_7c6a71c5-d7e0-5209-bb57-e94f0e91c402-4465124.jpg","width":808,"height":539,"caption":"Source: Foto: https:\/\/ru.euronews.com\/"},{"@type":"BreadcrumbList","@id":"https:\/\/www.meydan.tv\/az\/article\/cinde-olenlerin-sayi-81-e-catib\/#breadcrumb","itemListElement":[{"@type":"ListItem","position":1,"name":"Ana s\u0259hif\u0259","item":"https:\/\/www.meydan.tv\/az\/"},{"@type":"ListItem","position":2,"name":"D\u00fcnya","item":"https:\/\/www.meydan.tv\/az\/section\/dunya\/"},{"@type":"ListItem","position":3,"name":"\u00c7ind\u0259 \u00f6l\u0259nl\u0259rin say\u0131 81-\u0259 \u00e7at\u0131b"}]},{"@type":"WebSite","@id":"https:\/\/www.meydan.tv\/az\/#website","url":"https:\/\/www.meydan.tv\/az\/","name":"MEYDAN.TV","description":"Meydan TV Az\u0259rbaycan\u0131n media m\u0259kan\u0131ndak\u0131 alternativ s\u0259sidir","publisher":{"@id":"https:\/\/www.meydan.tv\/az\/#organization"},"potentialAction":[{"@type":"SearchAction","target":{"@type":"EntryPoint","urlTemplate":"https:\/\/www.meydan.tv\/az\/?s={search_term_string}"},"query-input":{"@type":"PropertyValueSpecification","valueRequired":true,"valueName":"search_term_string"}}],"inLanguage":"az"},{"@type":"Organization","@id":"https:\/\/www.meydan.tv\/az\/#organization","name":"Meydan TV","url":"https:\/\/www.meydan.tv\/az\/","logo":{"@type":"ImageObject","inLanguage":"az","@id":"https:\/\/www.meydan.tv\/az\/#\/schema\/logo\/image\/","url":"https:\/\/www.meydan.tv\/wp-content\/uploads\/2021\/07\/meydan-logo.svg","contentUrl":"https:\/\/www.meydan.tv\/wp-content\/uploads\/2021\/07\/meydan-logo.svg","width":195,"height":46,"caption":"Meydan TV"},"image":{"@id":"https:\/\/www.meydan.tv\/az\/#\/schema\/logo\/image\/"}},{"@type":"Person","@id":"https:\/\/www.meydan.tv\/az\/#\/schema\/person\/10d11eccf6da3662cf5fdab9806ea91a","name":"user-manager"}]}},"_links":{"self":[{"href":"https:\/\/www.meydan.tv\/az\/wp-json\/wp\/v2\/posts\/198959","targetHints":{"allow":["GET"]}}],"collection":[{"href":"https:\/\/www.meydan.tv\/az\/wp-json\/wp\/v2\/posts"}],"about":[{"href":"https:\/\/www.meydan.tv\/az\/wp-json\/wp\/v2\/types\/post"}],"author":[{"embeddable":true,"href":"https:\/\/www.meydan.tv\/az\/wp-json\/wp\/v2\/users\/11"}],"replies":[{"embeddable":true,"href":"https:\/\/www.meydan.tv\/az\/wp-json\/wp\/v2\/comments?post=198959"}],"version-history":[{"count":0,"href":"https:\/\/www.meydan.tv\/az\/wp-json\/wp\/v2\/posts\/198959\/revisions"}],"wp:featuredmedia":[{"embeddable":true,"href":"https:\/\/www.meydan.tv\/az\/wp-json\/wp\/v2\/media\/136442"}],"wp:attachment":[{"href":"https:\/\/www.meydan.tv\/az\/wp-json\/wp\/v2\/media?parent=198959"}],"wp:term":[{"taxonomy":"category","embeddable":true,"href":"https:\/\/www.meydan.tv\/az\/wp-json\/wp\/v2\/categories?post=198959"},{"taxonomy":"post_tag","embeddable":true,"href":"https:\/\/www.meydan.tv\/az\/wp-json\/wp\/v2\/tags?post=198959"}],"curies":[{"name":"wp","href":"https:\/\/api.w.org\/{rel}","templated":true}]}}