{"id":198955,"date":"2020-01-25T14:55:24","date_gmt":"2020-01-25T14:55:24","guid":{"rendered":"https:\/\/www.meydan.tv\/article\/ismayilli-sakini-prezidente-catdirmaq-isteyirem-ki\/"},"modified":"2020-01-25T14:55:24","modified_gmt":"2020-01-25T14:55:24","slug":"ismayilli-sakini-prezidente-catdirmaq-isteyirem-ki","status":"publish","type":"post","link":"https:\/\/www.meydan.tv\/az\/article\/ismayilli-sakini-prezidente-catdirmaq-isteyirem-ki\/","title":{"rendered":"\u0130smay\u0131ll\u0131 sakini: Prezident\u0259 \u00e7atd\u0131rmaq ist\u0259yir\u0259m ki&#8230;"},"content":{"rendered":"<p>\n  <i><br \/>\n    \u201cXahi\u015f edir\u0259m, bizim d\u0259rdimiz\u0259 bir \u00e7ar\u0259 edin\u201d<br \/>\n  <\/i>\n<\/p>\n<p>\n  \u0130smay\u0131ll\u0131n\u0131n \u00dczeyir Hac\u0131b\u0259yov k\u00fc\u00e7\u0259sinin sakini Ayaz Mirz\u0259yevin \u015fikay\u0259ti var. Deyir, z\u0259lz\u0259l\u0259d\u0259 evi u\u00e7ub, bununla ba\u011fl\u0131 aidiyyat\u0131 qurumlara m\u00fcraci\u0259t edib, ancaq baxan olmay\u0131b. Bir m\u00fcdd\u0259t q\u0259zal\u0131 \u015f\u0259raitd\u0259 olan evd\u0259 ya\u015fay\u0131blar. Sonra Bak\u0131ya k\u00f6\u00e7m\u0259li olublar.\n<\/p>\n<p>\n  \u201cEvin h\u0259r yeri da\u011f\u0131lm\u0131\u015fd\u0131. K\u00fcl\u0259k \u0259s\u0259nd\u0259 aynab\u0259nd silk\u0259l\u0259nirdi. Bu, anam\u0131 \u00e7ox pis narahat edirdi. Onsuz da z\u0259lz\u0259l\u0259d\u0259 d\u0259 \u00e7ox pis qorxmu\u015fdu. Psixologiyas\u0131 pozulmu\u015fdu, qala bilmirdi. El\u0259 bizim \u00fc\u00e7\u00fcn d\u0259 t\u0259hl\u00fck\u0259li idi. Ax\u0131rda q\u0259rar verdik v\u0259 Bak\u0131ya k\u00f6\u00e7d\u00fck\u201d.\n<\/p>\n<p>\n  Ayaz Mirz\u0259yev deyir ki, Bak\u0131ya k\u00f6\u00e7\u0259nd\u0259n sonra anas\u0131 xeyli psixoloji m\u00fcalic\u0259 al\u0131b. Bir m\u00fcdd\u0259t ruhi \u0259s\u0259b dispanserind\u0259 yat\u0131b. \u0130ndi \u00f6z\u00fcn\u0259 g\u0259lib. Kiray\u0259ni \u00e7atd\u0131rmaq \u00e7\u0259tindir, b\u0259z\u0259n \u00f6d\u0259y\u0259 bilmirl\u0259r. Ancaq anas\u0131n\u0131 yenid\u0259n \u0130smay\u0131ll\u0131dak\u0131 yar\u0131u\u00e7uq ev\u0259 g\u0259tirm\u0259k ist\u0259mir.\n<\/p>\n<p>\n  \u201cG\u00fccl\u0259 \u00f6z\u00fcn\u0259 g\u0259lib, yenid\u0259n bura g\u0259tirib, \u0259s\u0259bl\u0259rinin korlanmas\u0131n\u0131 ist\u0259mir\u0259m. \u00dcst\u0259lik, ev haz\u0131rda daha da pis v\u0259ziyy\u0259t\u0259 d\u00fc\u015f\u00fcb. Ya\u015fanas\u0131 deyil. Bir bax\u0131n, m\u0259nim n\u0259s\u0259 dem\u0259yim\u0259 ehtiyac varm\u0131? Pis g\u00fcnd\u0259dir. Burada kims\u0259 ya\u015famaz\u201d.\n<\/p>\n<p>\n  Mirz\u0259yevl\u0259r ail\u0259si 5 n\u0259f\u0259rd\u0259n ibar\u0259tdir. Ata Bak\u0131da tikintil\u0259rd\u0259 i\u015fl\u0259yib ail\u0259ni doland\u0131rma\u011fa \u00e7al\u0131\u015f\u0131r. B\u0259zi g\u00fcnl\u0259r i\u015f olmur. Deyir, \u00e7\u0259tindir, ancaq ba\u015fqa \u00e7ar\u0259 d\u0259 yoxdur, \u0130smay\u0131ll\u0131ya d\u00f6n\u0259 bilmir. Bak\u0131da ev alma\u011fa da maddi g\u00fcc\u00fc yetmir:\n<\/p>\n<p>\n  \u201cAnam\u0131n x\u0259st\u0259liyini d\u0259, evimizin pis durumda olmas\u0131n\u0131 da s\u0259n\u0259dl\u0259rl\u0259, g\u00f6r\u00fcnt\u00fcl\u0259rl\u0259 t\u0259sdiq ed\u0259 bil\u0259r\u0259m. Bizim prezidentimiz z\u0259lz\u0259l\u0259d\u0259, da\u015fq\u0131nda z\u0259r\u0259r g\u00f6r\u0259n evl\u0259ri t\u0259mir etdirir, m\u00fcmk\u00fcn olmayanda h\u0259min insanlara yeni ev tikilm\u0259si il\u0259 ba\u011fl\u0131 g\u00f6st\u0259ri\u015f verir. B\u0259s han\u0131 o g\u00f6st\u0259ri\u015f? Biz\u0259 \u00e7atanda i\u015fl\u0259mir? 1 ild\u0259n \u00e7oxdur ki, z\u00fclmd\u0259yik. S\u0259simizi kims\u0259 e\u015fitmir\u201d.\n<\/p>\n<figure class=\"wp-block-image size-large\">\n  <img decoding=\"async\" src=\"https:\/\/www.meydan.tv\/az\/image_from_ios-1-jpg-98\/\" alt=\"image_from_ios (1).jpg\" class=\"wp-image-136406\"\/><figcaption>\n    &#8220;Ya\u015fanas\u0131 deyil&#8221;<br \/>\n  <\/figcaption><\/figure>\n<p>\n  Mirz\u0259yevl\u0259r ail\u0259si son \u00e7ar\u0259ni Prezident \u0130lham \u018fliyev\u0259 m\u00fcraci\u0259td\u0259 g\u00f6r\u00fcr. Xahi\u015f edirl\u0259r ki, ya onlar\u0131n q\u0259zal\u0131 evini t\u0259mir etsinl\u0259r, yox, bu, m\u00fcmk\u00fcn deyils\u0259, onlara yeni m\u0259nzil tiksinl\u0259r:\n<\/p>\n<p>\n  \u201c\u0130cra Hakimiyy\u0259tin\u0259 m\u00fcraci\u0259t etmi\u015fik. F\u00f6vq\u0259lad\u0259 Hallar Nazirliyin\u0259 m\u0259ktub g\u00f6nd\u0259rmi\u015fik. Deyibl\u0259r: \u201cG\u0259lib baxaca\u011f\u0131q\u201d. Ancaq baxan olmay\u0131b. Ev problemimiz h\u0259ll edils\u0259, bizim n\u0259 i\u015fimiz var Bak\u0131da, g\u0259l\u0259rik \u00f6z \u015f\u0259h\u0259rimiz\u0259. Burada g\u00fcl kimi g\u00fcz\u0259ran\u0131m\u0131z var idi. \u0130ndi bu ev ya\u015fanas\u0131 durumda deyil. Qorxuram u\u00e7ar, qalar\u0131q alt\u0131nda\u201d.\n<\/p>\n<p>\n  Ayaz Mirz\u0259yev Prezident\u0259 \u00e7atd\u0131rmaq ist\u0259yir ki, onun tap\u015f\u0131r\u0131\u011f\u0131na b\u00f6lg\u0259l\u0259rd\u0259 \u0259m\u0259l edilmir:\n<\/p>\n<p>\n  \u201cAil\u0259m v\u0259 x\u0259st\u0259 anamla birg\u0259 k\u00fc\u00e7\u0259l\u0259rd\u0259, kiray\u0259l\u0259rd\u0259 qalm\u0131\u015f\u0131q. \u00d6z\u00fcm d\u0259 gah i\u015fl\u0259yir\u0259m, gah aylarla i\u015fsiz qal\u0131ram. \u0130nan\u0131n, b\u0259z\u0259n kiray\u0259 pulunu da ver\u0259 bilmir\u0259m. Xahi\u015f edir\u0259m, bizim d\u0259rdimiz\u0259 bir \u00e7ar\u0259 edin. He\u00e7 olmasa g\u0259lib evimiz\u0259 baxs\u0131nlar. T\u0259mir laz\u0131md\u0131rsa t\u0259mir, yox q\u0259zal\u0131d\u0131rsa, bizi yeni evl\u0259 t\u0259min etsinl\u0259r\u201d.\n<\/p>\n<p>\n  \u0130smay\u0131ll\u0131 Rayon \u0130cra Hakimiyy\u0259tind\u0259n Meydan TV-y\u0259 bildirilib ki, z\u0259lz\u0259l\u0259d\u0259n z\u0259r\u0259r\u00e7\u0259kmi\u015f evl\u0259rl\u0259 ba\u011fl\u0131 \u015fikay\u0259tl\u0259r\u0259 h\u0259mi\u015f\u0259 bax\u0131l\u0131r:\n<\/p>\n<p>\n  \u201cF\u00f6vq\u0259lad\u0259 Hallar Nazirliyinin buradak\u0131 n\u00fcmay\u0259nd\u0259l\u0259ri gedir, bax\u0131r, \u0259g\u0259r h\u0259qiq\u0259t\u0259n ya\u015fanas\u0131 durumda deyils\u0259, k\u00f6m\u0259k g\u00f6st\u0259rilir. G\u00f6r\u00fcn\u00fcr, h\u0259min v\u0259t\u0259nda\u015f ya m\u00fcraci\u0259t etm\u0259yib, ya da bax\u0131l\u0131b, bir k\u00f6m\u0259klik g\u00f6st\u0259ril\u0259c\u0259k. B\u0259z\u0259n bu i\u015fl\u0259r vaxt apara bilir, ancaq h\u0259r bir \u015fikay\u0259t\u0259 m\u00fctl\u0259q bax\u0131l\u0131r\u201d.\n<\/p>\n<figure class=\"wp-block-image size-large\">\n  <img decoding=\"async\" src=\"https:\/\/www.meydan.tv\/az\/image_from_ios-2-jpg-104\/\" alt=\"image_from_ios (2).jpg\" class=\"wp-image-136412\"\/><figcaption>\n    Ayaz Mirz\u0259yev<br \/>\n  <\/figcaption><\/figure>\n<p>\n  2020-ci ild\u0259n Az\u0259rbaycan \u0259razisind\u0259ki b\u00fct\u00fcn evl\u0259rin m\u0259cburi icbari s\u0131\u011fortas\u0131 h\u0259yata ke\u00e7iril\u0259c\u0259k. Bir illik minimum s\u0131\u011forta qiym\u0259ti Bak\u0131 \u015f\u0259h\u0259rind\u0259 50, b\u00f6lg\u0259l\u0259rd\u0259 30 manatdan ba\u015flayacaq. Prezident \u0130lham \u018fliyev d\u0259 s\u0131\u011fortan\u0131n olmas\u0131n\u0131 vacib say\u0131r. Deyir, ticar\u0259t obyektl\u0259ri s\u0131\u011fortalansa, b\u0259db\u0259xt hadis\u0259l\u0259rd\u0259 y\u00fck d\u00f6vl\u0259tin \u00fcz\u0259rin\u0259 d\u00fc\u015fm\u0259z. \u018fv\u0259zind\u0259 d\u00f6vl\u0259t b\u0259db\u0259xt hadis\u0259l\u0259r zaman\u0131 yaln\u0131z kas\u0131b insanlara d\u0259st\u0259k olar:\n<\/p>\n<p>\n  \u201cTicar\u0259t obyektl\u0259rinin h\u0259r biri s\u0131\u011fortalanmal\u0131d\u0131r ki, sabah b\u0259db\u0259xt hadis\u0259, yan\u011f\u0131n ba\u015f ver\u0259nd\u0259 gedib s\u0131\u011forta \u015firk\u0259tin\u0259 m\u00fcraci\u0259t etsin. Yoxsa ki, yan\u011f\u0131n ba\u015f verir, g\u00fcnahkar da \u00f6z\u00fcd\u00fcr, sonra da g\u0259lib deyirl\u0259r ki, d\u00f6vl\u0259t bunun pulunu versin. Hans\u0131 \u00f6lk\u0259d\u0259 bel\u0259 \u015fey var? Hans\u0131 \u00f6lk\u0259d\u0259 d\u00f6vl\u0259t \u00f6z\u0259l sahibkara hans\u0131sa b\u0259db\u0259xt hadis\u0259y\u0259 g\u00f6r\u0259 t\u0259zminat \u00f6d\u0259yir? He\u00e7 bir yerd\u0259 bel\u0259 \u015fey yoxdur. H\u0259r\u0259 gedir \u00f6z \u0259mlak\u0131n\u0131, \u00f6z m\u00fclk\u00fcn\u00fc s\u0131\u011fortalay\u0131r, b\u0259db\u0259xt hadis\u0259 ba\u015f ver\u0259nd\u0259 s\u0131\u011forta \u015firk\u0259ti g\u0259lib onun pulunu verir, v\u0259ssalam. Bizd\u0259 d\u0259 bel\u0259 olmal\u0131d\u0131r. M\u0259n bunu \u00f6z\u0259l \u015firk\u0259tl\u0259r\u0259, ticar\u0259t obyektl\u0259rin\u0259 aid edir\u0259m v\u0259 x\u0259b\u0259rdarl\u0131q edir\u0259m ki, \u0259g\u0259r haradasa da\u015fq\u0131n, yan\u011f\u0131n n\u0259tic\u0259sind\u0259 n\u0259s\u0259 yan\u0131r, bat\u0131rsa, d\u00f6vl\u0259td\u0259n d\u0259st\u0259k alma\u011fa \u00fcmid etm\u0259k laz\u0131m deyil. D\u00fczd\u00fcr, biz b\u0259zi hallarda \u0259n kas\u0131b, \u0259n yoxsul t\u0259b\u0259q\u0259y\u0259 k\u00f6m\u0259k g\u00f6st\u0259ririk. Amma alt\u0131nda b\u00f6y\u00fck ma\u015f\u0131nlar, m\u00fclkl\u0259r, villalar olan sahibkara d\u00f6vl\u0259t n\u0259 \u00fc\u00e7\u00fcn k\u00f6m\u0259k etm\u0259lidir? Ax\u0131, bu, \u0259dal\u0259tsizdir. D\u00f6vl\u0259t kim\u0259 k\u00f6m\u0259k etm\u0259lidir? Ehtiyac\u0131 olana. Pulu olan adam \u00f6z\u00fc kas\u0131ba k\u00f6m\u0259k etm\u0259lidir. M\u0259n bunu sahibkarlara d\u0259f\u0259l\u0259rl\u0259 demi\u015f\u0259m, onlar\u0131n sosial m\u0259suliyy\u0259ti olmal\u0131d\u0131r. Pul qazan\u0131rlar, d\u00f6vl\u0259t \u015f\u0259rait yarad\u0131b, harada bel\u0259 \u015f\u0259rait var?\u201d\n<\/p>\n<figure class=\"wp-block-image size-large\">\n  <img decoding=\"async\" src=\"https:\/\/www.meydan.tv\/az\/image_from_ios-6-jpg-64\/\" alt=\"image_from_ios (6).jpg\" class=\"wp-image-136424\"\/><figcaption>\n    \u0130smay\u0131ll\u0131 Rayon \u0130cra Hakimiyy\u0259tind\u0259n Meydan TV-y\u0259 bildirilib ki, z\u0259lz\u0259l\u0259d\u0259n z\u0259r\u0259r\u00e7\u0259kmi\u015f evl\u0259rl\u0259 ba\u011fl\u0131 \u015fikay\u0259tl\u0259r\u0259 h\u0259mi\u015f\u0259 bax\u0131l\u0131r<br \/>\n  <\/figcaption><\/figure>\n<figure class=\"wp-block-image size-large\">\n  <img decoding=\"async\" src=\"https:\/\/www.meydan.tv\/az\/image_from_ios-5-jpg-78\/\" alt=\"image_from_ios (5).jpg\" class=\"wp-image-136421\"\/><figcaption>\n    &#8220;Bir illik minimum s\u0131\u011forta qiym\u0259ti Bak\u0131 \u015f\u0259h\u0259rind\u0259 50, b\u00f6lg\u0259l\u0259rd\u0259 30 manatdan ba\u015flayacaq&#8221;<br \/>\n  <\/figcaption><\/figure>\n<figure class=\"wp-block-image size-large\">\n  <img decoding=\"async\" src=\"https:\/\/www.meydan.tv\/az\/image_from_ios-3-jpg-59\/\" alt=\"image_from_ios (3).jpg\" class=\"wp-image-136415\"\/><figcaption>\n    &#8220;Prezident \u0130lham \u018fliyev d\u0259 s\u0131\u011fortan\u0131n olmas\u0131n\u0131 vacib say\u0131r&#8221;.<br \/>\n  <\/figcaption><\/figure>\n","protected":false},"excerpt":{"rendered":"<p>&#8220;Hans\u0131 \u00f6lk\u0259d\u0259 bel\u0259 \u015fey var?&#8221;<\/p>\n","protected":false},"author":11,"featured_media":136418,"comment_status":"closed","ping_status":"open","sticky":false,"template":"","format":"standard","meta":{"_acf_changed":false,"_sitemap_exclude":false,"_sitemap_priority":"","_sitemap_frequency":"","footnotes":""},"categories":[60],"tags":[],"class_list":["post-198955","post","type-post","status-publish","format-standard","has-post-thumbnail","hentry","category-bolge","infinite-scroll-item","generate-columns","tablet-grid-50","mobile-grid-100","grid-parent","grid-33","no-featured-image-padding"],"acf":[],"yoast_head":"<!-- This site is optimized with the Yoast SEO plugin v27.5 - https:\/\/yoast.com\/product\/yoast-seo-wordpress\/ -->\n<title>\u0130smay\u0131ll\u0131 sakini: Prezident\u0259 \u00e7atd\u0131rmaq ist\u0259yir\u0259m ki... - MEYDAN.TV<\/title>\n<meta name=\"robots\" content=\"index, follow, max-snippet:-1, max-image-preview:large, max-video-preview:-1\" \/>\n<link rel=\"canonical\" href=\"https:\/\/www.meydan.tv\/az\/article\/ismayilli-sakini-prezidente-catdirmaq-isteyirem-ki\/\" \/>\n<meta property=\"og:locale\" content=\"az_AZ\" \/>\n<meta property=\"og:type\" content=\"article\" \/>\n<meta property=\"og:title\" content=\"\u0130smay\u0131ll\u0131 sakini: Prezident\u0259 \u00e7atd\u0131rmaq ist\u0259yir\u0259m ki... - MEYDAN.TV\" \/>\n<meta property=\"og:description\" content=\"&quot;Hans\u0131 \u00f6lk\u0259d\u0259 bel\u0259 \u015fey var?&quot;\" \/>\n<meta property=\"og:url\" content=\"https:\/\/www.meydan.tv\/az\/article\/ismayilli-sakini-prezidente-catdirmaq-isteyirem-ki\/\" \/>\n<meta property=\"og:site_name\" content=\"MEYDAN.TV\" \/>\n<meta property=\"article:published_time\" content=\"2020-01-25T14:55:24+00:00\" \/>\n<meta property=\"og:image\" content=\"https:\/\/www.meydan.tv\/wp-content\/uploads\/image_from_ios_4_bmfcu4t-scaled.jpg\" \/>\n\t<meta property=\"og:image:width\" content=\"2560\" \/>\n\t<meta property=\"og:image:height\" content=\"1920\" \/>\n\t<meta property=\"og:image:type\" content=\"image\/jpeg\" \/>\n<meta name=\"author\" content=\"user-manager\" \/>\n<meta name=\"twitter:card\" content=\"summary_large_image\" \/>\n<script type=\"application\/ld+json\" class=\"yoast-schema-graph\">{\"@context\":\"https:\\\/\\\/schema.org\",\"@graph\":[{\"@type\":\"Article\",\"@id\":\"https:\\\/\\\/www.meydan.tv\\\/az\\\/article\\\/ismayilli-sakini-prezidente-catdirmaq-isteyirem-ki\\\/#article\",\"isPartOf\":{\"@id\":\"https:\\\/\\\/www.meydan.tv\\\/az\\\/article\\\/ismayilli-sakini-prezidente-catdirmaq-isteyirem-ki\\\/\"},\"author\":{\"name\":\"user-manager\",\"@id\":\"https:\\\/\\\/www.meydan.tv\\\/az\\\/#\\\/schema\\\/person\\\/10d11eccf6da3662cf5fdab9806ea91a\"},\"headline\":\"\u0130smay\u0131ll\u0131 sakini: Prezident\u0259 \u00e7atd\u0131rmaq ist\u0259yir\u0259m ki&#8230;\",\"datePublished\":\"2020-01-25T14:55:24+00:00\",\"mainEntityOfPage\":{\"@id\":\"https:\\\/\\\/www.meydan.tv\\\/az\\\/article\\\/ismayilli-sakini-prezidente-catdirmaq-isteyirem-ki\\\/\"},\"wordCount\":1169,\"publisher\":{\"@id\":\"https:\\\/\\\/www.meydan.tv\\\/az\\\/#organization\"},\"image\":{\"@id\":\"https:\\\/\\\/www.meydan.tv\\\/az\\\/article\\\/ismayilli-sakini-prezidente-catdirmaq-isteyirem-ki\\\/#primaryimage\"},\"thumbnailUrl\":\"https:\\\/\\\/www.meydan.tv\\\/wp-content\\\/uploads\\\/image_from_ios_4_bmfcu4t-scaled.jpg\",\"articleSection\":[\"B\u00f6lg\u0259\"],\"inLanguage\":\"az\"},{\"@type\":\"WebPage\",\"@id\":\"https:\\\/\\\/www.meydan.tv\\\/az\\\/article\\\/ismayilli-sakini-prezidente-catdirmaq-isteyirem-ki\\\/\",\"url\":\"https:\\\/\\\/www.meydan.tv\\\/az\\\/article\\\/ismayilli-sakini-prezidente-catdirmaq-isteyirem-ki\\\/\",\"name\":\"\u0130smay\u0131ll\u0131 sakini: Prezident\u0259 \u00e7atd\u0131rmaq ist\u0259yir\u0259m ki... - MEYDAN.TV\",\"isPartOf\":{\"@id\":\"https:\\\/\\\/www.meydan.tv\\\/az\\\/#website\"},\"primaryImageOfPage\":{\"@id\":\"https:\\\/\\\/www.meydan.tv\\\/az\\\/article\\\/ismayilli-sakini-prezidente-catdirmaq-isteyirem-ki\\\/#primaryimage\"},\"image\":{\"@id\":\"https:\\\/\\\/www.meydan.tv\\\/az\\\/article\\\/ismayilli-sakini-prezidente-catdirmaq-isteyirem-ki\\\/#primaryimage\"},\"thumbnailUrl\":\"https:\\\/\\\/www.meydan.tv\\\/wp-content\\\/uploads\\\/image_from_ios_4_bmfcu4t-scaled.jpg\",\"datePublished\":\"2020-01-25T14:55:24+00:00\",\"breadcrumb\":{\"@id\":\"https:\\\/\\\/www.meydan.tv\\\/az\\\/article\\\/ismayilli-sakini-prezidente-catdirmaq-isteyirem-ki\\\/#breadcrumb\"},\"inLanguage\":\"az\",\"potentialAction\":[{\"@type\":\"ReadAction\",\"target\":[\"https:\\\/\\\/www.meydan.tv\\\/az\\\/article\\\/ismayilli-sakini-prezidente-catdirmaq-isteyirem-ki\\\/\"]}]},{\"@type\":\"ImageObject\",\"inLanguage\":\"az\",\"@id\":\"https:\\\/\\\/www.meydan.tv\\\/az\\\/article\\\/ismayilli-sakini-prezidente-catdirmaq-isteyirem-ki\\\/#primaryimage\",\"url\":\"https:\\\/\\\/www.meydan.tv\\\/wp-content\\\/uploads\\\/image_from_ios_4_bmfcu4t-scaled.jpg\",\"contentUrl\":\"https:\\\/\\\/www.meydan.tv\\\/wp-content\\\/uploads\\\/image_from_ios_4_bmfcu4t-scaled.jpg\",\"width\":2560,\"height\":1920,\"caption\":\"Source: Specify Source\"},{\"@type\":\"BreadcrumbList\",\"@id\":\"https:\\\/\\\/www.meydan.tv\\\/az\\\/article\\\/ismayilli-sakini-prezidente-catdirmaq-isteyirem-ki\\\/#breadcrumb\",\"itemListElement\":[{\"@type\":\"ListItem\",\"position\":1,\"name\":\"Ana s\u0259hif\u0259\",\"item\":\"https:\\\/\\\/www.meydan.tv\\\/az\\\/\"},{\"@type\":\"ListItem\",\"position\":2,\"name\":\"B\u00f6lg\u0259\",\"item\":\"https:\\\/\\\/www.meydan.tv\\\/az\\\/section\\\/bolge\\\/\"},{\"@type\":\"ListItem\",\"position\":3,\"name\":\"\u0130smay\u0131ll\u0131 sakini: Prezident\u0259 \u00e7atd\u0131rmaq ist\u0259yir\u0259m ki&#8230;\"}]},{\"@type\":\"WebSite\",\"@id\":\"https:\\\/\\\/www.meydan.tv\\\/az\\\/#website\",\"url\":\"https:\\\/\\\/www.meydan.tv\\\/az\\\/\",\"name\":\"MEYDAN.TV\",\"description\":\"Meydan TV Az\u0259rbaycan\u0131n media m\u0259kan\u0131ndak\u0131 alternativ s\u0259sidir\",\"publisher\":{\"@id\":\"https:\\\/\\\/www.meydan.tv\\\/az\\\/#organization\"},\"potentialAction\":[{\"@type\":\"SearchAction\",\"target\":{\"@type\":\"EntryPoint\",\"urlTemplate\":\"https:\\\/\\\/www.meydan.tv\\\/az\\\/?s={search_term_string}\"},\"query-input\":{\"@type\":\"PropertyValueSpecification\",\"valueRequired\":true,\"valueName\":\"search_term_string\"}}],\"inLanguage\":\"az\"},{\"@type\":\"Organization\",\"@id\":\"https:\\\/\\\/www.meydan.tv\\\/az\\\/#organization\",\"name\":\"Meydan TV\",\"url\":\"https:\\\/\\\/www.meydan.tv\\\/az\\\/\",\"logo\":{\"@type\":\"ImageObject\",\"inLanguage\":\"az\",\"@id\":\"https:\\\/\\\/www.meydan.tv\\\/az\\\/#\\\/schema\\\/logo\\\/image\\\/\",\"url\":\"https:\\\/\\\/www.meydan.tv\\\/wp-content\\\/uploads\\\/2021\\\/07\\\/meydan-logo.svg\",\"contentUrl\":\"https:\\\/\\\/www.meydan.tv\\\/wp-content\\\/uploads\\\/2021\\\/07\\\/meydan-logo.svg\",\"width\":195,\"height\":46,\"caption\":\"Meydan TV\"},\"image\":{\"@id\":\"https:\\\/\\\/www.meydan.tv\\\/az\\\/#\\\/schema\\\/logo\\\/image\\\/\"}},{\"@type\":\"Person\",\"@id\":\"https:\\\/\\\/www.meydan.tv\\\/az\\\/#\\\/schema\\\/person\\\/10d11eccf6da3662cf5fdab9806ea91a\",\"name\":\"user-manager\"}]}<\/script>\n<!-- \/ Yoast SEO plugin. -->","yoast_head_json":{"title":"\u0130smay\u0131ll\u0131 sakini: Prezident\u0259 \u00e7atd\u0131rmaq ist\u0259yir\u0259m ki... - MEYDAN.TV","robots":{"index":"index","follow":"follow","max-snippet":"max-snippet:-1","max-image-preview":"max-image-preview:large","max-video-preview":"max-video-preview:-1"},"canonical":"https:\/\/www.meydan.tv\/az\/article\/ismayilli-sakini-prezidente-catdirmaq-isteyirem-ki\/","og_locale":"az_AZ","og_type":"article","og_title":"\u0130smay\u0131ll\u0131 sakini: Prezident\u0259 \u00e7atd\u0131rmaq ist\u0259yir\u0259m ki... - MEYDAN.TV","og_description":"\"Hans\u0131 \u00f6lk\u0259d\u0259 bel\u0259 \u015fey var?\"","og_url":"https:\/\/www.meydan.tv\/az\/article\/ismayilli-sakini-prezidente-catdirmaq-isteyirem-ki\/","og_site_name":"MEYDAN.TV","article_published_time":"2020-01-25T14:55:24+00:00","og_image":[{"width":2560,"height":1920,"url":"https:\/\/www.meydan.tv\/wp-content\/uploads\/image_from_ios_4_bmfcu4t-scaled.jpg","type":"image\/jpeg"}],"author":"user-manager","twitter_card":"summary_large_image","schema":{"@context":"https:\/\/schema.org","@graph":[{"@type":"Article","@id":"https:\/\/www.meydan.tv\/az\/article\/ismayilli-sakini-prezidente-catdirmaq-isteyirem-ki\/#article","isPartOf":{"@id":"https:\/\/www.meydan.tv\/az\/article\/ismayilli-sakini-prezidente-catdirmaq-isteyirem-ki\/"},"author":{"name":"user-manager","@id":"https:\/\/www.meydan.tv\/az\/#\/schema\/person\/10d11eccf6da3662cf5fdab9806ea91a"},"headline":"\u0130smay\u0131ll\u0131 sakini: Prezident\u0259 \u00e7atd\u0131rmaq ist\u0259yir\u0259m ki&#8230;","datePublished":"2020-01-25T14:55:24+00:00","mainEntityOfPage":{"@id":"https:\/\/www.meydan.tv\/az\/article\/ismayilli-sakini-prezidente-catdirmaq-isteyirem-ki\/"},"wordCount":1169,"publisher":{"@id":"https:\/\/www.meydan.tv\/az\/#organization"},"image":{"@id":"https:\/\/www.meydan.tv\/az\/article\/ismayilli-sakini-prezidente-catdirmaq-isteyirem-ki\/#primaryimage"},"thumbnailUrl":"https:\/\/www.meydan.tv\/wp-content\/uploads\/image_from_ios_4_bmfcu4t-scaled.jpg","articleSection":["B\u00f6lg\u0259"],"inLanguage":"az"},{"@type":"WebPage","@id":"https:\/\/www.meydan.tv\/az\/article\/ismayilli-sakini-prezidente-catdirmaq-isteyirem-ki\/","url":"https:\/\/www.meydan.tv\/az\/article\/ismayilli-sakini-prezidente-catdirmaq-isteyirem-ki\/","name":"\u0130smay\u0131ll\u0131 sakini: Prezident\u0259 \u00e7atd\u0131rmaq ist\u0259yir\u0259m ki... - MEYDAN.TV","isPartOf":{"@id":"https:\/\/www.meydan.tv\/az\/#website"},"primaryImageOfPage":{"@id":"https:\/\/www.meydan.tv\/az\/article\/ismayilli-sakini-prezidente-catdirmaq-isteyirem-ki\/#primaryimage"},"image":{"@id":"https:\/\/www.meydan.tv\/az\/article\/ismayilli-sakini-prezidente-catdirmaq-isteyirem-ki\/#primaryimage"},"thumbnailUrl":"https:\/\/www.meydan.tv\/wp-content\/uploads\/image_from_ios_4_bmfcu4t-scaled.jpg","datePublished":"2020-01-25T14:55:24+00:00","breadcrumb":{"@id":"https:\/\/www.meydan.tv\/az\/article\/ismayilli-sakini-prezidente-catdirmaq-isteyirem-ki\/#breadcrumb"},"inLanguage":"az","potentialAction":[{"@type":"ReadAction","target":["https:\/\/www.meydan.tv\/az\/article\/ismayilli-sakini-prezidente-catdirmaq-isteyirem-ki\/"]}]},{"@type":"ImageObject","inLanguage":"az","@id":"https:\/\/www.meydan.tv\/az\/article\/ismayilli-sakini-prezidente-catdirmaq-isteyirem-ki\/#primaryimage","url":"https:\/\/www.meydan.tv\/wp-content\/uploads\/image_from_ios_4_bmfcu4t-scaled.jpg","contentUrl":"https:\/\/www.meydan.tv\/wp-content\/uploads\/image_from_ios_4_bmfcu4t-scaled.jpg","width":2560,"height":1920,"caption":"Source: Specify Source"},{"@type":"BreadcrumbList","@id":"https:\/\/www.meydan.tv\/az\/article\/ismayilli-sakini-prezidente-catdirmaq-isteyirem-ki\/#breadcrumb","itemListElement":[{"@type":"ListItem","position":1,"name":"Ana s\u0259hif\u0259","item":"https:\/\/www.meydan.tv\/az\/"},{"@type":"ListItem","position":2,"name":"B\u00f6lg\u0259","item":"https:\/\/www.meydan.tv\/az\/section\/bolge\/"},{"@type":"ListItem","position":3,"name":"\u0130smay\u0131ll\u0131 sakini: Prezident\u0259 \u00e7atd\u0131rmaq ist\u0259yir\u0259m ki&#8230;"}]},{"@type":"WebSite","@id":"https:\/\/www.meydan.tv\/az\/#website","url":"https:\/\/www.meydan.tv\/az\/","name":"MEYDAN.TV","description":"Meydan TV Az\u0259rbaycan\u0131n media m\u0259kan\u0131ndak\u0131 alternativ s\u0259sidir","publisher":{"@id":"https:\/\/www.meydan.tv\/az\/#organization"},"potentialAction":[{"@type":"SearchAction","target":{"@type":"EntryPoint","urlTemplate":"https:\/\/www.meydan.tv\/az\/?s={search_term_string}"},"query-input":{"@type":"PropertyValueSpecification","valueRequired":true,"valueName":"search_term_string"}}],"inLanguage":"az"},{"@type":"Organization","@id":"https:\/\/www.meydan.tv\/az\/#organization","name":"Meydan TV","url":"https:\/\/www.meydan.tv\/az\/","logo":{"@type":"ImageObject","inLanguage":"az","@id":"https:\/\/www.meydan.tv\/az\/#\/schema\/logo\/image\/","url":"https:\/\/www.meydan.tv\/wp-content\/uploads\/2021\/07\/meydan-logo.svg","contentUrl":"https:\/\/www.meydan.tv\/wp-content\/uploads\/2021\/07\/meydan-logo.svg","width":195,"height":46,"caption":"Meydan TV"},"image":{"@id":"https:\/\/www.meydan.tv\/az\/#\/schema\/logo\/image\/"}},{"@type":"Person","@id":"https:\/\/www.meydan.tv\/az\/#\/schema\/person\/10d11eccf6da3662cf5fdab9806ea91a","name":"user-manager"}]}},"_links":{"self":[{"href":"https:\/\/www.meydan.tv\/az\/wp-json\/wp\/v2\/posts\/198955","targetHints":{"allow":["GET"]}}],"collection":[{"href":"https:\/\/www.meydan.tv\/az\/wp-json\/wp\/v2\/posts"}],"about":[{"href":"https:\/\/www.meydan.tv\/az\/wp-json\/wp\/v2\/types\/post"}],"author":[{"embeddable":true,"href":"https:\/\/www.meydan.tv\/az\/wp-json\/wp\/v2\/users\/11"}],"replies":[{"embeddable":true,"href":"https:\/\/www.meydan.tv\/az\/wp-json\/wp\/v2\/comments?post=198955"}],"version-history":[{"count":0,"href":"https:\/\/www.meydan.tv\/az\/wp-json\/wp\/v2\/posts\/198955\/revisions"}],"wp:featuredmedia":[{"embeddable":true,"href":"https:\/\/www.meydan.tv\/az\/wp-json\/wp\/v2\/media\/136418"}],"wp:attachment":[{"href":"https:\/\/www.meydan.tv\/az\/wp-json\/wp\/v2\/media?parent=198955"}],"wp:term":[{"taxonomy":"category","embeddable":true,"href":"https:\/\/www.meydan.tv\/az\/wp-json\/wp\/v2\/categories?post=198955"},{"taxonomy":"post_tag","embeddable":true,"href":"https:\/\/www.meydan.tv\/az\/wp-json\/wp\/v2\/tags?post=198955"}],"curies":[{"name":"wp","href":"https:\/\/api.w.org\/{rel}","templated":true}]}}