{"id":198951,"date":"2020-01-25T00:22:23","date_gmt":"2020-01-25T00:22:23","guid":{"rendered":"https:\/\/www.meydan.tv\/article\/turkiyede-zelzele-olen-ve-yaralananlar-varz\/"},"modified":"2020-01-25T00:22:23","modified_gmt":"2020-01-25T00:22:23","slug":"turkiyede-zelzele-olen-ve-yaralananlar-varz","status":"publish","type":"post","link":"https:\/\/www.meydan.tv\/az\/article\/turkiyede-zelzele-olen-ve-yaralananlar-varz\/","title":{"rendered":"T\u00fcrkiy\u0259d\u0259 z\u0259lz\u0259l\u0259: \u00d6l\u0259n v\u0259 yaralananlar var"},"content":{"rendered":"<p>\n  <i><br \/>\n    Ela\u011f\u0131zda 10, Malatyada 5 n\u0259f\u0259rin \u00f6ld\u00fcy\u00fc bildirilir<br \/>\n  <\/i>\n<\/p>\n<p>\n  T\u00fcrkiy\u0259nin Elaz\u0131\u011f \u015f\u0259h\u0259rinin Sivrice rayonunda 6,8 bal g\u00fcc\u00fcnd\u0259 z\u0259lz\u0259l\u0259 olub. Yanvar\u0131n 24-d\u0259 gec\u0259 saatlar\u0131nda ba\u015f ver\u0259n z\u0259lz\u0259l\u0259d\u0259 15 n\u0259f\u0259rin h\u0259yat\u0131n\u0131 itirdiyi bildirilir. \u201cBBC t\u00fcrkc\u0259\u201dnin m\u0259lumat\u0131na g\u00f6r\u0259, z\u0259lz\u0259l\u0259 Ad\u0131yaman, Malatya, Diyarbak\u0131r ve Tunceli kimi yax\u0131n \u015f\u0259h\u0259rl\u0259rd\u0259 d\u0259 hiss edilib. F\u00f6vq\u0259lad\u0259 Hallar\u0131n \u0130dar\u0259 olunmas\u0131 Nazirliyi (Afet ve Acil Durum Y\u00f6netimi Ba\u015fkanl\u0131\u011f\u0131 (AFAD)) yaz\u0131l\u0131 a\u00e7\u0131qlamas\u0131nda bildirib ki, ilkin m\u0259lumatlara g\u00f6r\u0259, Elaz\u0131\u011fda 10 n\u0259f\u0259r \u00f6l\u00fcb, 12 n\u0259f\u0259r yaralan\u0131b. Malatyada is\u0259 5 n\u0259f\u0259r h\u0259yat\u0131n\u0131 itirib, 45 n\u0259f\u0259r yaralan\u0131b.\n<\/p>\n<p>\n  Elaz\u0131\u011f valisi \u00c7etin Oktay Kald\u0131r\u0131m da ikisi a\u011f\u0131r olmaqla 225 n\u0259f\u0259rin yaraland\u0131\u011f\u0131n\u0131 s\u00f6yl\u0259yib. Onun s\u00f6zl\u0259rin\u0259 g\u00f6r\u0259, z\u0259lz\u0259l\u0259 n\u0259tic\u0259sind\u0259 4 bina u\u00e7ub, u\u00e7qun alt\u0131nda qalanlar var. Da\u011f\u0131nt\u0131n\u0131n alt\u0131ndan 6 n\u0259f\u0259r \u00e7\u0131xar\u0131l\u0131b.<\/p>\n","protected":false},"excerpt":{"rendered":"<p>Ela\u011f\u0131zda 14, Malatyada 6 n\u0259f\u0259rin \u00f6ld\u00fcy\u00fc bildirilir<\/p>\n","protected":false},"author":11,"featured_media":136403,"comment_status":"closed","ping_status":"open","sticky":false,"template":"","format":"standard","meta":{"_acf_changed":false,"_sitemap_exclude":false,"_sitemap_priority":"","_sitemap_frequency":"","footnotes":""},"categories":[64],"tags":[],"class_list":["post-198951","post","type-post","status-publish","format-standard","has-post-thumbnail","hentry","category-dunya","infinite-scroll-item","generate-columns","tablet-grid-50","mobile-grid-100","grid-parent","grid-33","no-featured-image-padding"],"acf":[],"yoast_head":"<!-- This site is optimized with the Yoast SEO plugin v27.5 - https:\/\/yoast.com\/product\/yoast-seo-wordpress\/ -->\n<title>T\u00fcrkiy\u0259d\u0259 z\u0259lz\u0259l\u0259: \u00d6l\u0259n v\u0259 yaralananlar var - MEYDAN.TV<\/title>\n<meta name=\"robots\" content=\"index, follow, max-snippet:-1, max-image-preview:large, max-video-preview:-1\" \/>\n<link rel=\"canonical\" href=\"https:\/\/www.meydan.tv\/az\/article\/turkiyede-zelzele-olen-ve-yaralananlar-varz\/\" \/>\n<meta property=\"og:locale\" content=\"az_AZ\" \/>\n<meta property=\"og:type\" content=\"article\" \/>\n<meta property=\"og:title\" content=\"T\u00fcrkiy\u0259d\u0259 z\u0259lz\u0259l\u0259: \u00d6l\u0259n v\u0259 yaralananlar var - MEYDAN.TV\" \/>\n<meta property=\"og:description\" content=\"Ela\u011f\u0131zda 14, Malatyada 6 n\u0259f\u0259rin \u00f6ld\u00fcy\u00fc bildirilir\" \/>\n<meta property=\"og:url\" content=\"https:\/\/www.meydan.tv\/az\/article\/turkiyede-zelzele-olen-ve-yaralananlar-varz\/\" \/>\n<meta property=\"og:site_name\" content=\"MEYDAN.TV\" \/>\n<meta property=\"article:published_time\" content=\"2020-01-25T00:22:23+00:00\" \/>\n<meta property=\"og:image\" content=\"https:\/\/www.meydan.tv\/wp-content\/uploads\/d98dae7f-adb1-47f0-8a5e-8ce5f03ca867.jpeg\" \/>\n\t<meta property=\"og:image:width\" content=\"1920\" \/>\n\t<meta property=\"og:image:height\" content=\"1280\" \/>\n\t<meta property=\"og:image:type\" content=\"image\/jpeg\" \/>\n<meta name=\"author\" content=\"user-manager\" \/>\n<meta name=\"twitter:card\" content=\"summary_large_image\" \/>\n<script type=\"application\/ld+json\" class=\"yoast-schema-graph\">{\"@context\":\"https:\\\/\\\/schema.org\",\"@graph\":[{\"@type\":\"Article\",\"@id\":\"https:\\\/\\\/www.meydan.tv\\\/az\\\/article\\\/turkiyede-zelzele-olen-ve-yaralananlar-varz\\\/#article\",\"isPartOf\":{\"@id\":\"https:\\\/\\\/www.meydan.tv\\\/az\\\/article\\\/turkiyede-zelzele-olen-ve-yaralananlar-varz\\\/\"},\"author\":{\"name\":\"user-manager\",\"@id\":\"https:\\\/\\\/www.meydan.tv\\\/az\\\/#\\\/schema\\\/person\\\/10d11eccf6da3662cf5fdab9806ea91a\"},\"headline\":\"T\u00fcrkiy\u0259d\u0259 z\u0259lz\u0259l\u0259: \u00d6l\u0259n v\u0259 yaralananlar var\",\"datePublished\":\"2020-01-25T00:22:23+00:00\",\"mainEntityOfPage\":{\"@id\":\"https:\\\/\\\/www.meydan.tv\\\/az\\\/article\\\/turkiyede-zelzele-olen-ve-yaralananlar-varz\\\/\"},\"wordCount\":193,\"publisher\":{\"@id\":\"https:\\\/\\\/www.meydan.tv\\\/az\\\/#organization\"},\"image\":{\"@id\":\"https:\\\/\\\/www.meydan.tv\\\/az\\\/article\\\/turkiyede-zelzele-olen-ve-yaralananlar-varz\\\/#primaryimage\"},\"thumbnailUrl\":\"https:\\\/\\\/www.meydan.tv\\\/wp-content\\\/uploads\\\/d98dae7f-adb1-47f0-8a5e-8ce5f03ca867.jpeg\",\"articleSection\":[\"D\u00fcnya\"],\"inLanguage\":\"az\"},{\"@type\":\"WebPage\",\"@id\":\"https:\\\/\\\/www.meydan.tv\\\/az\\\/article\\\/turkiyede-zelzele-olen-ve-yaralananlar-varz\\\/\",\"url\":\"https:\\\/\\\/www.meydan.tv\\\/az\\\/article\\\/turkiyede-zelzele-olen-ve-yaralananlar-varz\\\/\",\"name\":\"T\u00fcrkiy\u0259d\u0259 z\u0259lz\u0259l\u0259: \u00d6l\u0259n v\u0259 yaralananlar var - MEYDAN.TV\",\"isPartOf\":{\"@id\":\"https:\\\/\\\/www.meydan.tv\\\/az\\\/#website\"},\"primaryImageOfPage\":{\"@id\":\"https:\\\/\\\/www.meydan.tv\\\/az\\\/article\\\/turkiyede-zelzele-olen-ve-yaralananlar-varz\\\/#primaryimage\"},\"image\":{\"@id\":\"https:\\\/\\\/www.meydan.tv\\\/az\\\/article\\\/turkiyede-zelzele-olen-ve-yaralananlar-varz\\\/#primaryimage\"},\"thumbnailUrl\":\"https:\\\/\\\/www.meydan.tv\\\/wp-content\\\/uploads\\\/d98dae7f-adb1-47f0-8a5e-8ce5f03ca867.jpeg\",\"datePublished\":\"2020-01-25T00:22:23+00:00\",\"breadcrumb\":{\"@id\":\"https:\\\/\\\/www.meydan.tv\\\/az\\\/article\\\/turkiyede-zelzele-olen-ve-yaralananlar-varz\\\/#breadcrumb\"},\"inLanguage\":\"az\",\"potentialAction\":[{\"@type\":\"ReadAction\",\"target\":[\"https:\\\/\\\/www.meydan.tv\\\/az\\\/article\\\/turkiyede-zelzele-olen-ve-yaralananlar-varz\\\/\"]}]},{\"@type\":\"ImageObject\",\"inLanguage\":\"az\",\"@id\":\"https:\\\/\\\/www.meydan.tv\\\/az\\\/article\\\/turkiyede-zelzele-olen-ve-yaralananlar-varz\\\/#primaryimage\",\"url\":\"https:\\\/\\\/www.meydan.tv\\\/wp-content\\\/uploads\\\/d98dae7f-adb1-47f0-8a5e-8ce5f03ca867.jpeg\",\"contentUrl\":\"https:\\\/\\\/www.meydan.tv\\\/wp-content\\\/uploads\\\/d98dae7f-adb1-47f0-8a5e-8ce5f03ca867.jpeg\",\"width\":1920,\"height\":1280,\"caption\":\"Source: Meydan tv\"},{\"@type\":\"BreadcrumbList\",\"@id\":\"https:\\\/\\\/www.meydan.tv\\\/az\\\/article\\\/turkiyede-zelzele-olen-ve-yaralananlar-varz\\\/#breadcrumb\",\"itemListElement\":[{\"@type\":\"ListItem\",\"position\":1,\"name\":\"Ana s\u0259hif\u0259\",\"item\":\"https:\\\/\\\/www.meydan.tv\\\/az\\\/\"},{\"@type\":\"ListItem\",\"position\":2,\"name\":\"D\u00fcnya\",\"item\":\"https:\\\/\\\/www.meydan.tv\\\/az\\\/section\\\/dunya\\\/\"},{\"@type\":\"ListItem\",\"position\":3,\"name\":\"T\u00fcrkiy\u0259d\u0259 z\u0259lz\u0259l\u0259: \u00d6l\u0259n v\u0259 yaralananlar var\"}]},{\"@type\":\"WebSite\",\"@id\":\"https:\\\/\\\/www.meydan.tv\\\/az\\\/#website\",\"url\":\"https:\\\/\\\/www.meydan.tv\\\/az\\\/\",\"name\":\"MEYDAN.TV\",\"description\":\"Meydan TV Az\u0259rbaycan\u0131n media m\u0259kan\u0131ndak\u0131 alternativ s\u0259sidir\",\"publisher\":{\"@id\":\"https:\\\/\\\/www.meydan.tv\\\/az\\\/#organization\"},\"potentialAction\":[{\"@type\":\"SearchAction\",\"target\":{\"@type\":\"EntryPoint\",\"urlTemplate\":\"https:\\\/\\\/www.meydan.tv\\\/az\\\/?s={search_term_string}\"},\"query-input\":{\"@type\":\"PropertyValueSpecification\",\"valueRequired\":true,\"valueName\":\"search_term_string\"}}],\"inLanguage\":\"az\"},{\"@type\":\"Organization\",\"@id\":\"https:\\\/\\\/www.meydan.tv\\\/az\\\/#organization\",\"name\":\"Meydan TV\",\"url\":\"https:\\\/\\\/www.meydan.tv\\\/az\\\/\",\"logo\":{\"@type\":\"ImageObject\",\"inLanguage\":\"az\",\"@id\":\"https:\\\/\\\/www.meydan.tv\\\/az\\\/#\\\/schema\\\/logo\\\/image\\\/\",\"url\":\"https:\\\/\\\/www.meydan.tv\\\/wp-content\\\/uploads\\\/2021\\\/07\\\/meydan-logo.svg\",\"contentUrl\":\"https:\\\/\\\/www.meydan.tv\\\/wp-content\\\/uploads\\\/2021\\\/07\\\/meydan-logo.svg\",\"width\":195,\"height\":46,\"caption\":\"Meydan TV\"},\"image\":{\"@id\":\"https:\\\/\\\/www.meydan.tv\\\/az\\\/#\\\/schema\\\/logo\\\/image\\\/\"}},{\"@type\":\"Person\",\"@id\":\"https:\\\/\\\/www.meydan.tv\\\/az\\\/#\\\/schema\\\/person\\\/10d11eccf6da3662cf5fdab9806ea91a\",\"name\":\"user-manager\"}]}<\/script>\n<!-- \/ Yoast SEO plugin. -->","yoast_head_json":{"title":"T\u00fcrkiy\u0259d\u0259 z\u0259lz\u0259l\u0259: \u00d6l\u0259n v\u0259 yaralananlar var - MEYDAN.TV","robots":{"index":"index","follow":"follow","max-snippet":"max-snippet:-1","max-image-preview":"max-image-preview:large","max-video-preview":"max-video-preview:-1"},"canonical":"https:\/\/www.meydan.tv\/az\/article\/turkiyede-zelzele-olen-ve-yaralananlar-varz\/","og_locale":"az_AZ","og_type":"article","og_title":"T\u00fcrkiy\u0259d\u0259 z\u0259lz\u0259l\u0259: \u00d6l\u0259n v\u0259 yaralananlar var - MEYDAN.TV","og_description":"Ela\u011f\u0131zda 14, Malatyada 6 n\u0259f\u0259rin \u00f6ld\u00fcy\u00fc bildirilir","og_url":"https:\/\/www.meydan.tv\/az\/article\/turkiyede-zelzele-olen-ve-yaralananlar-varz\/","og_site_name":"MEYDAN.TV","article_published_time":"2020-01-25T00:22:23+00:00","og_image":[{"width":1920,"height":1280,"url":"https:\/\/www.meydan.tv\/wp-content\/uploads\/d98dae7f-adb1-47f0-8a5e-8ce5f03ca867.jpeg","type":"image\/jpeg"}],"author":"user-manager","twitter_card":"summary_large_image","schema":{"@context":"https:\/\/schema.org","@graph":[{"@type":"Article","@id":"https:\/\/www.meydan.tv\/az\/article\/turkiyede-zelzele-olen-ve-yaralananlar-varz\/#article","isPartOf":{"@id":"https:\/\/www.meydan.tv\/az\/article\/turkiyede-zelzele-olen-ve-yaralananlar-varz\/"},"author":{"name":"user-manager","@id":"https:\/\/www.meydan.tv\/az\/#\/schema\/person\/10d11eccf6da3662cf5fdab9806ea91a"},"headline":"T\u00fcrkiy\u0259d\u0259 z\u0259lz\u0259l\u0259: \u00d6l\u0259n v\u0259 yaralananlar var","datePublished":"2020-01-25T00:22:23+00:00","mainEntityOfPage":{"@id":"https:\/\/www.meydan.tv\/az\/article\/turkiyede-zelzele-olen-ve-yaralananlar-varz\/"},"wordCount":193,"publisher":{"@id":"https:\/\/www.meydan.tv\/az\/#organization"},"image":{"@id":"https:\/\/www.meydan.tv\/az\/article\/turkiyede-zelzele-olen-ve-yaralananlar-varz\/#primaryimage"},"thumbnailUrl":"https:\/\/www.meydan.tv\/wp-content\/uploads\/d98dae7f-adb1-47f0-8a5e-8ce5f03ca867.jpeg","articleSection":["D\u00fcnya"],"inLanguage":"az"},{"@type":"WebPage","@id":"https:\/\/www.meydan.tv\/az\/article\/turkiyede-zelzele-olen-ve-yaralananlar-varz\/","url":"https:\/\/www.meydan.tv\/az\/article\/turkiyede-zelzele-olen-ve-yaralananlar-varz\/","name":"T\u00fcrkiy\u0259d\u0259 z\u0259lz\u0259l\u0259: \u00d6l\u0259n v\u0259 yaralananlar var - MEYDAN.TV","isPartOf":{"@id":"https:\/\/www.meydan.tv\/az\/#website"},"primaryImageOfPage":{"@id":"https:\/\/www.meydan.tv\/az\/article\/turkiyede-zelzele-olen-ve-yaralananlar-varz\/#primaryimage"},"image":{"@id":"https:\/\/www.meydan.tv\/az\/article\/turkiyede-zelzele-olen-ve-yaralananlar-varz\/#primaryimage"},"thumbnailUrl":"https:\/\/www.meydan.tv\/wp-content\/uploads\/d98dae7f-adb1-47f0-8a5e-8ce5f03ca867.jpeg","datePublished":"2020-01-25T00:22:23+00:00","breadcrumb":{"@id":"https:\/\/www.meydan.tv\/az\/article\/turkiyede-zelzele-olen-ve-yaralananlar-varz\/#breadcrumb"},"inLanguage":"az","potentialAction":[{"@type":"ReadAction","target":["https:\/\/www.meydan.tv\/az\/article\/turkiyede-zelzele-olen-ve-yaralananlar-varz\/"]}]},{"@type":"ImageObject","inLanguage":"az","@id":"https:\/\/www.meydan.tv\/az\/article\/turkiyede-zelzele-olen-ve-yaralananlar-varz\/#primaryimage","url":"https:\/\/www.meydan.tv\/wp-content\/uploads\/d98dae7f-adb1-47f0-8a5e-8ce5f03ca867.jpeg","contentUrl":"https:\/\/www.meydan.tv\/wp-content\/uploads\/d98dae7f-adb1-47f0-8a5e-8ce5f03ca867.jpeg","width":1920,"height":1280,"caption":"Source: Meydan tv"},{"@type":"BreadcrumbList","@id":"https:\/\/www.meydan.tv\/az\/article\/turkiyede-zelzele-olen-ve-yaralananlar-varz\/#breadcrumb","itemListElement":[{"@type":"ListItem","position":1,"name":"Ana s\u0259hif\u0259","item":"https:\/\/www.meydan.tv\/az\/"},{"@type":"ListItem","position":2,"name":"D\u00fcnya","item":"https:\/\/www.meydan.tv\/az\/section\/dunya\/"},{"@type":"ListItem","position":3,"name":"T\u00fcrkiy\u0259d\u0259 z\u0259lz\u0259l\u0259: \u00d6l\u0259n v\u0259 yaralananlar var"}]},{"@type":"WebSite","@id":"https:\/\/www.meydan.tv\/az\/#website","url":"https:\/\/www.meydan.tv\/az\/","name":"MEYDAN.TV","description":"Meydan TV Az\u0259rbaycan\u0131n media m\u0259kan\u0131ndak\u0131 alternativ s\u0259sidir","publisher":{"@id":"https:\/\/www.meydan.tv\/az\/#organization"},"potentialAction":[{"@type":"SearchAction","target":{"@type":"EntryPoint","urlTemplate":"https:\/\/www.meydan.tv\/az\/?s={search_term_string}"},"query-input":{"@type":"PropertyValueSpecification","valueRequired":true,"valueName":"search_term_string"}}],"inLanguage":"az"},{"@type":"Organization","@id":"https:\/\/www.meydan.tv\/az\/#organization","name":"Meydan TV","url":"https:\/\/www.meydan.tv\/az\/","logo":{"@type":"ImageObject","inLanguage":"az","@id":"https:\/\/www.meydan.tv\/az\/#\/schema\/logo\/image\/","url":"https:\/\/www.meydan.tv\/wp-content\/uploads\/2021\/07\/meydan-logo.svg","contentUrl":"https:\/\/www.meydan.tv\/wp-content\/uploads\/2021\/07\/meydan-logo.svg","width":195,"height":46,"caption":"Meydan TV"},"image":{"@id":"https:\/\/www.meydan.tv\/az\/#\/schema\/logo\/image\/"}},{"@type":"Person","@id":"https:\/\/www.meydan.tv\/az\/#\/schema\/person\/10d11eccf6da3662cf5fdab9806ea91a","name":"user-manager"}]}},"_links":{"self":[{"href":"https:\/\/www.meydan.tv\/az\/wp-json\/wp\/v2\/posts\/198951","targetHints":{"allow":["GET"]}}],"collection":[{"href":"https:\/\/www.meydan.tv\/az\/wp-json\/wp\/v2\/posts"}],"about":[{"href":"https:\/\/www.meydan.tv\/az\/wp-json\/wp\/v2\/types\/post"}],"author":[{"embeddable":true,"href":"https:\/\/www.meydan.tv\/az\/wp-json\/wp\/v2\/users\/11"}],"replies":[{"embeddable":true,"href":"https:\/\/www.meydan.tv\/az\/wp-json\/wp\/v2\/comments?post=198951"}],"version-history":[{"count":0,"href":"https:\/\/www.meydan.tv\/az\/wp-json\/wp\/v2\/posts\/198951\/revisions"}],"wp:featuredmedia":[{"embeddable":true,"href":"https:\/\/www.meydan.tv\/az\/wp-json\/wp\/v2\/media\/136403"}],"wp:attachment":[{"href":"https:\/\/www.meydan.tv\/az\/wp-json\/wp\/v2\/media?parent=198951"}],"wp:term":[{"taxonomy":"category","embeddable":true,"href":"https:\/\/www.meydan.tv\/az\/wp-json\/wp\/v2\/categories?post=198951"},{"taxonomy":"post_tag","embeddable":true,"href":"https:\/\/www.meydan.tv\/az\/wp-json\/wp\/v2\/tags?post=198951"}],"curies":[{"name":"wp","href":"https:\/\/api.w.org\/{rel}","templated":true}]}}