{"id":198949,"date":"2020-01-24T18:53:58","date_gmt":"2020-01-24T18:53:58","guid":{"rendered":"https:\/\/www.meydan.tv\/article\/almaniyada-ilk-qus-qripi-qeyde-alinib\/"},"modified":"2020-01-24T18:53:58","modified_gmt":"2020-01-24T18:53:58","slug":"almaniyada-ilk-qus-qripi-qeyde-alinib","status":"publish","type":"post","link":"https:\/\/www.meydan.tv\/az\/article\/almaniyada-ilk-qus-qripi-qeyde-alinib\/","title":{"rendered":"Almaniyada ilk \u201cqu\u015f qripi\u201d qeyd\u0259 al\u0131n\u0131b"},"content":{"rendered":"<p>\n  <i><br \/>\n    Ehtimal olunur ki, virus \u015e\u0259rqi Asiyadan k\u00f6\u00e7 ed\u0259n qu\u015flar vasit\u0259sil\u0259 Avropaya g\u0259lib<br \/>\n  <\/i>\n<\/p>\n<p>\n  Almaniyada bu q\u0131\u015f\u0131n ilk qu\u015f qripi hadis\u0259si \u00f6lk\u0259nin Pol\u015fa s\u0259rh\u0259ddi yax\u0131nl\u0131\u011f\u0131nda qeyd\u0259 al\u0131n\u0131b. \u201cDeutche Welle\u201d x\u0259b\u0259r verir ki, a\u015fkar edilmi\u015f x\u0259st\u0259lik \u015e\u0259rqi Avropada art\u0131q h\u0259y\u0259cana s\u0259b\u0259b olub.\n<\/p>\n<p>\n  2017-ci ild\u0259 Almaniyada yar\u0131m milyon qu\u015f k\u0259silm\u0259li olub.\n<\/p>\n<p>\n  \u201c\u00d6lk\u0259y\u0259 \u201cqu\u015f qripi\u201d ke\u00e7\u0259n q\u0131\u015fdan b\u0259ri ilk d\u0259f\u0259 olaraq qay\u0131d\u0131b\u201d, &#8211; alman yay\u0131m orqan\u0131 NDR bazarert\u0259si x\u0259b\u0259r verib.\n<\/p>\n<p>\n  Almaniyan\u0131n Pol\u015fa s\u0259rh\u0259din\u0259 yax\u0131n \u0259razid\u0259, Brandenburg \u0259yal\u0259tind\u0259 b\u0259yaz al\u0131nl\u0131 v\u0259h\u015fi qaz s\u00fcr\u00fcs\u00fc m\u00fc\u0259yy\u0259n edilib. Virus bu yax\u0131nlarda \u015e\u0259rqi Avropan\u0131n b\u0259zi yerl\u0259rind\u0259 d\u0259 a\u015fkar olunub. Ancaq bu, Almaniyada bu m\u00f6vs\u00fcm t\u0259sdiql\u0259nmi\u015f ilk hald\u0131r.\n<\/p>\n<p>\n  Y\u00fcks\u0259k yoluxucu virus olan \u201cqu\u015f qripi\u201d \u00e7ox tez yay\u0131lma\u011fa meyllidir. T\u0259kc\u0259 yanvar ay\u0131nda Rum\u0131niya, Belarusiya, Macar\u0131stan v\u0259 Pol\u015fada on minl\u0259rl\u0259 qu\u015f k\u0259silib. Slovakiyada v\u0259 \u00c7exiyada \u0259lav\u0259 hallar da qeyd\u0259 al\u0131n\u0131b.\n<\/p>\n<p>\n  Virus dekabr v\u0259 yanvar aylar\u0131nda qu\u015f populyasiyalar\u0131na yoluxub.\n<\/p>\n<p>\n  Ehtimal olunur ki, virus \u015e\u0259rqi Asiyadan k\u00f6\u00e7 ed\u0259n qu\u015flar vasit\u0259sil\u0259 Avropaya g\u0259lib. X\u0259b\u0259r \u00c7ind\u0259 onlarla insan\u0131n pnevmaniya virusuna b\u0259nz\u0259r virus t\u0259r\u0259find\u0259n yoluxmas\u0131yla eyni zamana t\u0259sad\u00fcf edir.\n<\/p>\n<p>\n  \u201cThe Friedrich Loeffler\u201d \u0130nstitutu 2017-ci ilin yoluxmas\u0131n\u0131 Avropada \u0259n t\u0259hl\u00fck\u0259li epidemiyas\u0131 olaraq t\u0259yin edib. \u201cQu\u015f qripi\u201d normal \u015f\u0259kild\u0259 insanlara siray\u0259t etmir, lakin 2017-ci ild\u0259 Almaniyada \u0259sas\u0259n qu\u015f bazarlar\u0131nda olmu\u015f insanlarla ba\u011fl\u0131 bir \u00e7ox hallara rast g\u0259linib.<\/p>\n","protected":false},"excerpt":{"rendered":"<p>Ehtimal olunur ki, virus \u015e\u0259rqi Asiyadan k\u00f6\u00e7 ed\u0259n qu\u015flar vasit\u0259sil\u0259 Avropaya g\u0259lib<\/p>\n","protected":false},"author":11,"featured_media":100455,"comment_status":"closed","ping_status":"open","sticky":false,"template":"","format":"standard","meta":{"_acf_changed":false,"_sitemap_exclude":false,"_sitemap_priority":"","_sitemap_frequency":"","footnotes":""},"categories":[64],"tags":[],"class_list":["post-198949","post","type-post","status-publish","format-standard","has-post-thumbnail","hentry","category-dunya","infinite-scroll-item","generate-columns","tablet-grid-50","mobile-grid-100","grid-parent","grid-33","no-featured-image-padding"],"acf":[],"yoast_head":"<!-- This site is optimized with the Yoast SEO plugin v27.5 - https:\/\/yoast.com\/product\/yoast-seo-wordpress\/ -->\n<title>Almaniyada ilk \u201cqu\u015f qripi\u201d qeyd\u0259 al\u0131n\u0131b - MEYDAN.TV<\/title>\n<meta name=\"robots\" content=\"index, follow, max-snippet:-1, max-image-preview:large, max-video-preview:-1\" \/>\n<link rel=\"canonical\" href=\"https:\/\/www.meydan.tv\/az\/article\/almaniyada-ilk-qus-qripi-qeyde-alinib\/\" \/>\n<meta property=\"og:locale\" content=\"az_AZ\" \/>\n<meta property=\"og:type\" content=\"article\" \/>\n<meta property=\"og:title\" content=\"Almaniyada ilk \u201cqu\u015f qripi\u201d qeyd\u0259 al\u0131n\u0131b - MEYDAN.TV\" \/>\n<meta property=\"og:description\" content=\"Ehtimal olunur ki, virus \u015e\u0259rqi Asiyadan k\u00f6\u00e7 ed\u0259n qu\u015flar vasit\u0259sil\u0259 Avropaya g\u0259lib\" \/>\n<meta property=\"og:url\" content=\"https:\/\/www.meydan.tv\/az\/article\/almaniyada-ilk-qus-qripi-qeyde-alinib\/\" \/>\n<meta property=\"og:site_name\" content=\"MEYDAN.TV\" \/>\n<meta property=\"article:published_time\" content=\"2020-01-24T18:53:58+00:00\" \/>\n<meta property=\"og:image\" content=\"https:\/\/www.meydan.tv\/wp-content\/uploads\/39741.jpg\" \/>\n\t<meta property=\"og:image:width\" content=\"1024\" \/>\n\t<meta property=\"og:image:height\" content=\"768\" \/>\n\t<meta property=\"og:image:type\" content=\"image\/jpeg\" \/>\n<meta name=\"author\" content=\"user-manager\" \/>\n<meta name=\"twitter:card\" content=\"summary_large_image\" \/>\n<script type=\"application\/ld+json\" class=\"yoast-schema-graph\">{\"@context\":\"https:\\\/\\\/schema.org\",\"@graph\":[{\"@type\":\"Article\",\"@id\":\"https:\\\/\\\/www.meydan.tv\\\/az\\\/article\\\/almaniyada-ilk-qus-qripi-qeyde-alinib\\\/#article\",\"isPartOf\":{\"@id\":\"https:\\\/\\\/www.meydan.tv\\\/az\\\/article\\\/almaniyada-ilk-qus-qripi-qeyde-alinib\\\/\"},\"author\":{\"name\":\"user-manager\",\"@id\":\"https:\\\/\\\/www.meydan.tv\\\/az\\\/#\\\/schema\\\/person\\\/10d11eccf6da3662cf5fdab9806ea91a\"},\"headline\":\"Almaniyada ilk \u201cqu\u015f qripi\u201d qeyd\u0259 al\u0131n\u0131b\",\"datePublished\":\"2020-01-24T18:53:58+00:00\",\"mainEntityOfPage\":{\"@id\":\"https:\\\/\\\/www.meydan.tv\\\/az\\\/article\\\/almaniyada-ilk-qus-qripi-qeyde-alinib\\\/\"},\"wordCount\":307,\"publisher\":{\"@id\":\"https:\\\/\\\/www.meydan.tv\\\/az\\\/#organization\"},\"image\":{\"@id\":\"https:\\\/\\\/www.meydan.tv\\\/az\\\/article\\\/almaniyada-ilk-qus-qripi-qeyde-alinib\\\/#primaryimage\"},\"thumbnailUrl\":\"https:\\\/\\\/www.meydan.tv\\\/wp-content\\\/uploads\\\/39741.jpg\",\"articleSection\":[\"D\u00fcnya\"],\"inLanguage\":\"az\"},{\"@type\":\"WebPage\",\"@id\":\"https:\\\/\\\/www.meydan.tv\\\/az\\\/article\\\/almaniyada-ilk-qus-qripi-qeyde-alinib\\\/\",\"url\":\"https:\\\/\\\/www.meydan.tv\\\/az\\\/article\\\/almaniyada-ilk-qus-qripi-qeyde-alinib\\\/\",\"name\":\"Almaniyada ilk \u201cqu\u015f qripi\u201d qeyd\u0259 al\u0131n\u0131b - MEYDAN.TV\",\"isPartOf\":{\"@id\":\"https:\\\/\\\/www.meydan.tv\\\/az\\\/#website\"},\"primaryImageOfPage\":{\"@id\":\"https:\\\/\\\/www.meydan.tv\\\/az\\\/article\\\/almaniyada-ilk-qus-qripi-qeyde-alinib\\\/#primaryimage\"},\"image\":{\"@id\":\"https:\\\/\\\/www.meydan.tv\\\/az\\\/article\\\/almaniyada-ilk-qus-qripi-qeyde-alinib\\\/#primaryimage\"},\"thumbnailUrl\":\"https:\\\/\\\/www.meydan.tv\\\/wp-content\\\/uploads\\\/39741.jpg\",\"datePublished\":\"2020-01-24T18:53:58+00:00\",\"breadcrumb\":{\"@id\":\"https:\\\/\\\/www.meydan.tv\\\/az\\\/article\\\/almaniyada-ilk-qus-qripi-qeyde-alinib\\\/#breadcrumb\"},\"inLanguage\":\"az\",\"potentialAction\":[{\"@type\":\"ReadAction\",\"target\":[\"https:\\\/\\\/www.meydan.tv\\\/az\\\/article\\\/almaniyada-ilk-qus-qripi-qeyde-alinib\\\/\"]}]},{\"@type\":\"ImageObject\",\"inLanguage\":\"az\",\"@id\":\"https:\\\/\\\/www.meydan.tv\\\/az\\\/article\\\/almaniyada-ilk-qus-qripi-qeyde-alinib\\\/#primaryimage\",\"url\":\"https:\\\/\\\/www.meydan.tv\\\/wp-content\\\/uploads\\\/39741.jpg\",\"contentUrl\":\"https:\\\/\\\/www.meydan.tv\\\/wp-content\\\/uploads\\\/39741.jpg\",\"width\":1024,\"height\":768,\"caption\":\"Source: arxiv\"},{\"@type\":\"BreadcrumbList\",\"@id\":\"https:\\\/\\\/www.meydan.tv\\\/az\\\/article\\\/almaniyada-ilk-qus-qripi-qeyde-alinib\\\/#breadcrumb\",\"itemListElement\":[{\"@type\":\"ListItem\",\"position\":1,\"name\":\"Ana s\u0259hif\u0259\",\"item\":\"https:\\\/\\\/www.meydan.tv\\\/az\\\/\"},{\"@type\":\"ListItem\",\"position\":2,\"name\":\"D\u00fcnya\",\"item\":\"https:\\\/\\\/www.meydan.tv\\\/az\\\/section\\\/dunya\\\/\"},{\"@type\":\"ListItem\",\"position\":3,\"name\":\"Almaniyada ilk \u201cqu\u015f qripi\u201d qeyd\u0259 al\u0131n\u0131b\"}]},{\"@type\":\"WebSite\",\"@id\":\"https:\\\/\\\/www.meydan.tv\\\/az\\\/#website\",\"url\":\"https:\\\/\\\/www.meydan.tv\\\/az\\\/\",\"name\":\"MEYDAN.TV\",\"description\":\"Meydan TV Az\u0259rbaycan\u0131n media m\u0259kan\u0131ndak\u0131 alternativ s\u0259sidir\",\"publisher\":{\"@id\":\"https:\\\/\\\/www.meydan.tv\\\/az\\\/#organization\"},\"potentialAction\":[{\"@type\":\"SearchAction\",\"target\":{\"@type\":\"EntryPoint\",\"urlTemplate\":\"https:\\\/\\\/www.meydan.tv\\\/az\\\/?s={search_term_string}\"},\"query-input\":{\"@type\":\"PropertyValueSpecification\",\"valueRequired\":true,\"valueName\":\"search_term_string\"}}],\"inLanguage\":\"az\"},{\"@type\":\"Organization\",\"@id\":\"https:\\\/\\\/www.meydan.tv\\\/az\\\/#organization\",\"name\":\"Meydan TV\",\"url\":\"https:\\\/\\\/www.meydan.tv\\\/az\\\/\",\"logo\":{\"@type\":\"ImageObject\",\"inLanguage\":\"az\",\"@id\":\"https:\\\/\\\/www.meydan.tv\\\/az\\\/#\\\/schema\\\/logo\\\/image\\\/\",\"url\":\"https:\\\/\\\/www.meydan.tv\\\/wp-content\\\/uploads\\\/2021\\\/07\\\/meydan-logo.svg\",\"contentUrl\":\"https:\\\/\\\/www.meydan.tv\\\/wp-content\\\/uploads\\\/2021\\\/07\\\/meydan-logo.svg\",\"width\":195,\"height\":46,\"caption\":\"Meydan TV\"},\"image\":{\"@id\":\"https:\\\/\\\/www.meydan.tv\\\/az\\\/#\\\/schema\\\/logo\\\/image\\\/\"}},{\"@type\":\"Person\",\"@id\":\"https:\\\/\\\/www.meydan.tv\\\/az\\\/#\\\/schema\\\/person\\\/10d11eccf6da3662cf5fdab9806ea91a\",\"name\":\"user-manager\"}]}<\/script>\n<!-- \/ Yoast SEO plugin. -->","yoast_head_json":{"title":"Almaniyada ilk \u201cqu\u015f qripi\u201d qeyd\u0259 al\u0131n\u0131b - MEYDAN.TV","robots":{"index":"index","follow":"follow","max-snippet":"max-snippet:-1","max-image-preview":"max-image-preview:large","max-video-preview":"max-video-preview:-1"},"canonical":"https:\/\/www.meydan.tv\/az\/article\/almaniyada-ilk-qus-qripi-qeyde-alinib\/","og_locale":"az_AZ","og_type":"article","og_title":"Almaniyada ilk \u201cqu\u015f qripi\u201d qeyd\u0259 al\u0131n\u0131b - MEYDAN.TV","og_description":"Ehtimal olunur ki, virus \u015e\u0259rqi Asiyadan k\u00f6\u00e7 ed\u0259n qu\u015flar vasit\u0259sil\u0259 Avropaya g\u0259lib","og_url":"https:\/\/www.meydan.tv\/az\/article\/almaniyada-ilk-qus-qripi-qeyde-alinib\/","og_site_name":"MEYDAN.TV","article_published_time":"2020-01-24T18:53:58+00:00","og_image":[{"width":1024,"height":768,"url":"https:\/\/www.meydan.tv\/wp-content\/uploads\/39741.jpg","type":"image\/jpeg"}],"author":"user-manager","twitter_card":"summary_large_image","schema":{"@context":"https:\/\/schema.org","@graph":[{"@type":"Article","@id":"https:\/\/www.meydan.tv\/az\/article\/almaniyada-ilk-qus-qripi-qeyde-alinib\/#article","isPartOf":{"@id":"https:\/\/www.meydan.tv\/az\/article\/almaniyada-ilk-qus-qripi-qeyde-alinib\/"},"author":{"name":"user-manager","@id":"https:\/\/www.meydan.tv\/az\/#\/schema\/person\/10d11eccf6da3662cf5fdab9806ea91a"},"headline":"Almaniyada ilk \u201cqu\u015f qripi\u201d qeyd\u0259 al\u0131n\u0131b","datePublished":"2020-01-24T18:53:58+00:00","mainEntityOfPage":{"@id":"https:\/\/www.meydan.tv\/az\/article\/almaniyada-ilk-qus-qripi-qeyde-alinib\/"},"wordCount":307,"publisher":{"@id":"https:\/\/www.meydan.tv\/az\/#organization"},"image":{"@id":"https:\/\/www.meydan.tv\/az\/article\/almaniyada-ilk-qus-qripi-qeyde-alinib\/#primaryimage"},"thumbnailUrl":"https:\/\/www.meydan.tv\/wp-content\/uploads\/39741.jpg","articleSection":["D\u00fcnya"],"inLanguage":"az"},{"@type":"WebPage","@id":"https:\/\/www.meydan.tv\/az\/article\/almaniyada-ilk-qus-qripi-qeyde-alinib\/","url":"https:\/\/www.meydan.tv\/az\/article\/almaniyada-ilk-qus-qripi-qeyde-alinib\/","name":"Almaniyada ilk \u201cqu\u015f qripi\u201d qeyd\u0259 al\u0131n\u0131b - MEYDAN.TV","isPartOf":{"@id":"https:\/\/www.meydan.tv\/az\/#website"},"primaryImageOfPage":{"@id":"https:\/\/www.meydan.tv\/az\/article\/almaniyada-ilk-qus-qripi-qeyde-alinib\/#primaryimage"},"image":{"@id":"https:\/\/www.meydan.tv\/az\/article\/almaniyada-ilk-qus-qripi-qeyde-alinib\/#primaryimage"},"thumbnailUrl":"https:\/\/www.meydan.tv\/wp-content\/uploads\/39741.jpg","datePublished":"2020-01-24T18:53:58+00:00","breadcrumb":{"@id":"https:\/\/www.meydan.tv\/az\/article\/almaniyada-ilk-qus-qripi-qeyde-alinib\/#breadcrumb"},"inLanguage":"az","potentialAction":[{"@type":"ReadAction","target":["https:\/\/www.meydan.tv\/az\/article\/almaniyada-ilk-qus-qripi-qeyde-alinib\/"]}]},{"@type":"ImageObject","inLanguage":"az","@id":"https:\/\/www.meydan.tv\/az\/article\/almaniyada-ilk-qus-qripi-qeyde-alinib\/#primaryimage","url":"https:\/\/www.meydan.tv\/wp-content\/uploads\/39741.jpg","contentUrl":"https:\/\/www.meydan.tv\/wp-content\/uploads\/39741.jpg","width":1024,"height":768,"caption":"Source: arxiv"},{"@type":"BreadcrumbList","@id":"https:\/\/www.meydan.tv\/az\/article\/almaniyada-ilk-qus-qripi-qeyde-alinib\/#breadcrumb","itemListElement":[{"@type":"ListItem","position":1,"name":"Ana s\u0259hif\u0259","item":"https:\/\/www.meydan.tv\/az\/"},{"@type":"ListItem","position":2,"name":"D\u00fcnya","item":"https:\/\/www.meydan.tv\/az\/section\/dunya\/"},{"@type":"ListItem","position":3,"name":"Almaniyada ilk \u201cqu\u015f qripi\u201d qeyd\u0259 al\u0131n\u0131b"}]},{"@type":"WebSite","@id":"https:\/\/www.meydan.tv\/az\/#website","url":"https:\/\/www.meydan.tv\/az\/","name":"MEYDAN.TV","description":"Meydan TV Az\u0259rbaycan\u0131n media m\u0259kan\u0131ndak\u0131 alternativ s\u0259sidir","publisher":{"@id":"https:\/\/www.meydan.tv\/az\/#organization"},"potentialAction":[{"@type":"SearchAction","target":{"@type":"EntryPoint","urlTemplate":"https:\/\/www.meydan.tv\/az\/?s={search_term_string}"},"query-input":{"@type":"PropertyValueSpecification","valueRequired":true,"valueName":"search_term_string"}}],"inLanguage":"az"},{"@type":"Organization","@id":"https:\/\/www.meydan.tv\/az\/#organization","name":"Meydan TV","url":"https:\/\/www.meydan.tv\/az\/","logo":{"@type":"ImageObject","inLanguage":"az","@id":"https:\/\/www.meydan.tv\/az\/#\/schema\/logo\/image\/","url":"https:\/\/www.meydan.tv\/wp-content\/uploads\/2021\/07\/meydan-logo.svg","contentUrl":"https:\/\/www.meydan.tv\/wp-content\/uploads\/2021\/07\/meydan-logo.svg","width":195,"height":46,"caption":"Meydan TV"},"image":{"@id":"https:\/\/www.meydan.tv\/az\/#\/schema\/logo\/image\/"}},{"@type":"Person","@id":"https:\/\/www.meydan.tv\/az\/#\/schema\/person\/10d11eccf6da3662cf5fdab9806ea91a","name":"user-manager"}]}},"_links":{"self":[{"href":"https:\/\/www.meydan.tv\/az\/wp-json\/wp\/v2\/posts\/198949","targetHints":{"allow":["GET"]}}],"collection":[{"href":"https:\/\/www.meydan.tv\/az\/wp-json\/wp\/v2\/posts"}],"about":[{"href":"https:\/\/www.meydan.tv\/az\/wp-json\/wp\/v2\/types\/post"}],"author":[{"embeddable":true,"href":"https:\/\/www.meydan.tv\/az\/wp-json\/wp\/v2\/users\/11"}],"replies":[{"embeddable":true,"href":"https:\/\/www.meydan.tv\/az\/wp-json\/wp\/v2\/comments?post=198949"}],"version-history":[{"count":0,"href":"https:\/\/www.meydan.tv\/az\/wp-json\/wp\/v2\/posts\/198949\/revisions"}],"wp:featuredmedia":[{"embeddable":true,"href":"https:\/\/www.meydan.tv\/az\/wp-json\/wp\/v2\/media\/100455"}],"wp:attachment":[{"href":"https:\/\/www.meydan.tv\/az\/wp-json\/wp\/v2\/media?parent=198949"}],"wp:term":[{"taxonomy":"category","embeddable":true,"href":"https:\/\/www.meydan.tv\/az\/wp-json\/wp\/v2\/categories?post=198949"},{"taxonomy":"post_tag","embeddable":true,"href":"https:\/\/www.meydan.tv\/az\/wp-json\/wp\/v2\/tags?post=198949"}],"curies":[{"name":"wp","href":"https:\/\/api.w.org\/{rel}","templated":true}]}}