{"id":198945,"date":"2020-01-24T13:33:02","date_gmt":"2020-01-24T13:33:02","guid":{"rendered":"https:\/\/www.meydan.tv\/article\/goycayda-yuz-iki-yuz-il-yasamis-cinar-agaclarini-kesib-taxta-sexlerine-satirlar\/"},"modified":"2020-01-24T13:33:02","modified_gmt":"2020-01-24T13:33:02","slug":"goycayda-yuz-iki-yuz-il-yasamis-cinar-agaclarini-kesib-taxta-sexlerine-satirlar","status":"publish","type":"post","link":"https:\/\/www.meydan.tv\/az\/article\/goycayda-yuz-iki-yuz-il-yasamis-cinar-agaclarini-kesib-taxta-sexlerine-satirlar\/","title":{"rendered":"G\u00f6y\u00e7ayda: Y\u00fcz-iki y\u00fcz il ya\u015fam\u0131\u015f \u00e7inar a\u011faclar\u0131n\u0131 k\u0259sib, taxta sexl\u0259rin\u0259 sat\u0131rlar"},"content":{"rendered":"<p>\n  <i><br \/>\n    Rayon sakinl\u0259ri a\u011faclar\u0131n k\u0259silm\u0259sind\u0259n naraz\u0131l\u0131q edirl\u0259r<br \/>\n  <\/i>\n<\/p>\n<p>\n  G\u00f6y\u00e7ay \u015f\u0259h\u0259rinin bir ne\u00e7\u0259 sakini naraz\u0131l\u0131q edir. Onlar\u0131n \u015fikay\u0259ti \u015f\u0259h\u0259rin m\u0259rk\u0259zi, o c\u00fcml\u0259d\u0259n k\u0259nar k\u00fc\u00e7\u0259l\u0259rind\u0259 ya\u015f\u0131 iki y\u00fcz\u0259 yax\u0131n olan \u00e7inar a\u011faclar\u0131n\u0131n k\u0259silm\u0259si, eyni zamanda zibill\u0259rin y\u0131\u011f\u0131laraq da\u015f\u0131nmas\u0131 il\u0259 ba\u011fl\u0131 probleml\u0259rl\u0259 \u0259laq\u0259dard\u0131r.\n<\/p>\n<p>\n  \u201cG\u00f6y\u00e7ay h\u0259mi\u015f\u0259 nar v\u0259 \u00e7inar a\u011faclar\u0131 il\u0259 m\u0259\u015fhur olub. T\u0259\u0259ss\u00fcf ki, indi y\u00fcz-iki y\u00fcz il ya\u015fam\u0131\u015f \u00e7inar a\u011faclar\u0131n\u0131 k\u0259sib, taxta sexl\u0259rin\u0259 sat\u0131rlar. \u00d6z\u00fc d\u0259 bunu g\u00fcnorta\u00e7a\u011f\u0131 edirl\u0259r. \u00c7\u00fcnki icra ba\u015f\u00e7\u0131s\u0131 Mehdi S\u0259limzad\u0259nin g\u00f6st\u0259ri\u015fidir v\u0259 \u0130nzibati \u0259razi dair\u0259l\u0259ri \u00fczr\u0259 n\u00fcmay\u0259nd\u0259si il\u0259 Abadla\u015fd\u0131rma v\u0259 T\u0259mir \u0130dar\u0259sinin m\u00fcdiri t\u0259r\u0259find\u0259n icra olunur. M\u0259rk\u0259zi k\u00fc\u00e7\u0259l\u0259rd\u0259n ba\u015fqa dig\u0259r k\u00fc\u00e7\u0259l\u0259rd\u0259 d\u0259 a\u011faclar\u0131 k\u0259sirl\u0259r. \u015e\u0259h\u0259rin infrastrukturunu, ya\u015f\u0131ll\u0131\u011f\u0131n\u0131 m\u0259hv edirl\u0259r\u201d,- G\u00f6y\u00e7ay sakini \u018fhliman \u018fliyev Meydan TV-y\u0259 deyir.\n<\/p>\n<p>\n  O iddia edir ki, t\u0259kc\u0259 \u00f6t\u0259n ilin oktyabr-noyabr aylar\u0131nda y\u00fcz\u0259 yax\u0131n \u00e7inar a\u011fa\u00e7\u0131 do\u011fran\u0131laraq taxta sexl\u0259rin\u0259 sat\u0131l\u0131b:\n<\/p>\n<p>\n  \u201cA\u011faclar t\u0259n ortas\u0131ndan bo\u011fazlanaraq, G\u00f6y\u00e7ay rayonunda yerl\u0259\u015f\u0259n taxta sexl\u0259rin\u0259 sat\u0131l\u0131r. G\u00f6y\u00e7ay Rayon M\u0259hk\u0259m\u0259sinin binas\u0131n\u0131n qar\u015f\u0131s\u0131nda 23-d\u0259n art\u0131q iki y\u00fcz ya\u015fl\u0131 \u00e7inar a\u011fac\u0131 k\u0259silib. \u00c7inarlar\u0131 Heyd\u0259r \u018fliyev Prospektind\u0259, Nizami k\u00fc\u00e7\u0259sind\u0259 d\u0259 k\u0259sib do\u011fray\u0131blar. Rayon \u0259razisind\u0259 olan \u00e7inar a\u011faclar\u0131ndan \u0259s\u0259r-\u0259lam\u0259t qalmay\u0131b. \u015eam a\u011faclar\u0131 da eyni aqib\u0259ti ya\u015fay\u0131r. Bu gedi\u015fl\u0259 G\u00f6y\u00e7ay ad\u0131nda bir rayon olmayacaq. Bununla ba\u011fl\u0131 sosial \u015f\u0259b\u0259k\u0259l\u0259rd\u0259 d\u0259 payla\u015f\u0131m etmi\u015f\u0259m. Sanki ucqar da\u011f k\u0259ndind\u0259 ya\u015fay\u0131r\u0131q, s\u0259simizi e\u015fid\u0259n yoxdur. \u015eikay\u0259timiz\u0259 baxm\u0131rlar, m\u0259h\u0259l qoymurlar, rayonda \u00f6zba\u015f\u0131nal\u0131qd\u0131r\u201d.\n<\/p>\n<figure class=\"wp-block-image size-large\">\n  <img decoding=\"async\" src=\"https:\/\/www.meydan.tv\/az\/82945850_2505379639782414_6828237048399265792_n-jpg\/\" alt=\"82945850_2505379639782414_6828237048399265792_n.jpg\" class=\"wp-image-136373\"\/><figcaption>\n    &#8220;\u00c7inarlar\u0131 Heyd\u0259r \u018fliyev Prospektind\u0259, Nizami k\u00fc\u00e7\u0259sind\u0259 d\u0259 k\u0259sib do\u011fray\u0131blar&#8221;<br \/>\n  <\/figcaption><\/figure>\n<p>\n  \u201cHeyd\u0259r \u018fliyev Park\u0131nda a\u011faclar\u0131 k\u0259sib, \u0259razini satm\u0131\u015fd\u0131lar. Camaat aya\u011fa qalxd\u0131, s\u00f6z-s\u00f6hb\u0259t oldu. Ekologiya v\u0259 T\u0259bii S\u0259rv\u0259tl\u0259r Nazirliyind\u0259n n\u00fcmay\u0259nd\u0259l\u0259r g\u0259lib, t\u00f6k\u00fcld\u00fc. Torpa\u011f\u0131 alan adam\u0131 v\u0259 a\u011faclar\u0131 k\u0259s\u0259nl\u0259ri c\u0259rim\u0259l\u0259dil\u0259r, tikinti yar\u0131m\u00e7\u0131q qald\u0131. Y\u0259qin bir m\u00fcdd\u0259t ke\u00e7\u0259nd\u0259n sonra yar\u0131m\u00e7\u0131q qalan i\u015fl\u0259rin\u0259 davam ed\u0259c\u0259kl\u0259r. Ya\u015f\u0131ll\u0131qlar m\u0259hv olunur, \u00e7inarlar\u0131, \u015fam a\u011faclar\u0131n\u0131 k\u0259sib, do\u011fray\u0131b, yerini sat\u0131rlar. B\u0259han\u0259l\u0259ri d\u0259 odur ki, a\u011faclar\u0131 cavanla\u015fd\u0131r\u0131r\u0131q. A\u011faclar\u0131 rayon icra hakimiyy\u0259tinin h\u0259y\u0259tin\u0259 y\u0131\u011f\u0131b sat\u0131rlar\u201d, &#8211; M\u00fcr\u015f\u00fcd V\u0259liyev deyir:\n<\/p>\n<p>\n  \u201cProbleml\u0259rimiz bununla yekunla\u015fm\u0131r. \u015e\u0259h\u0259rin k\u00fc\u00e7\u0259l\u0259rin\u0259 qalaq-qalaq zibil torbalar\u0131 y\u0131\u011f\u0131l\u0131r. M\u0259i\u015f\u0259t tullant\u0131lar\u0131 olan zibil torbalar\u0131 dem\u0259k olar ki, h\u0259r tind\u0259, d\u00f6ng\u0259d\u0259 var. M\u0259h\u0259ll\u0259l\u0259r aras\u0131nda, magistral yollar\u0131n k\u0259nar\u0131ndak\u0131 ki\u00e7ik hasarlar\u0131n arxas\u0131nda zibil torbalar\u0131 olur. Q\u0131\u015fda it-pi\u015fik zibill\u0259ri k\u00fc\u00e7\u0259y\u0259 da\u011f\u0131d\u0131r. Yayda da \u00fcfun\u0259t iyi \u0259traf\u0131 b\u00fcr\u00fcy\u00fcr. Bunun ham\u0131s\u0131 anti-sanitariyad\u0131r. Bax\u0131rsan, adamd\u0131r gedir, \u0259lind\u0259ki zibil torbas\u0131n\u0131 yol k\u0259nar\u0131nda qoyur. Y\u0259ni bunlara ciddi n\u0259zar\u0259t olunmal\u0131d\u0131r, insanlar maarifl\u0259nm\u0259lidir. Dan\u0131\u015fanda da deyirl\u0259r ki, demaqoqluq edirs\u0259n\u201d.\n<\/p>\n<p>\n  G\u00f6y\u00e7ay Rayon \u0130cra Hakimiyy\u0259tinin \u0130nzibati \u0259razi dair\u0259l\u0259ri \u00fczr\u0259 n\u00fcmay\u0259nd\u0259si R\u0259\u015fad \u015e\u00fck\u00fcrov Meydan TV-y\u0259 a\u00e7\u0131qlamas\u0131nda a\u011faclar\u0131n t\u0259hl\u00fck\u0259 yaratd\u0131\u011f\u0131 \u00fc\u00e7\u00fcn k\u0259sildiyini bildirib:\n<\/p>\n<p>\n  \u201cN\u0259riman N\u0259rimanov k\u00fc\u00e7\u0259sind\u0259 a\u011faclar\u0131n ham\u0131s\u0131 yolun ortas\u0131na kimi \u0259yilib. Aqrotexniki qaydada a\u011faclar\u0131n cavanla\u015fd\u0131r\u0131lmas\u0131 i\u015fi apar\u0131ld\u0131. 8 sayl\u0131 Regional Ekologiya v\u0259 T\u0259bii S\u0259rv\u0259tl\u0259r \u0130dar\u0259sinin n\u00fcmay\u0259nd\u0259si d\u0259 orada idi.\n<\/p>\n<p>\n  K\u00fc\u00e7\u0259l\u0259rd\u0259ki zibilliy\u0259 g\u0259linc\u0259, Sanitar-T\u0259mizlik \u0130dar\u0259nin ma\u015f\u0131nlar\u0131 s\u0131radan \u00e7\u0131xd\u0131\u011f\u0131 vaxtlarda qrafik pozuntusu olur. Qaydaya \u0259sas\u0259n, zibill\u0259r t\u0259yin olunmu\u015f qrafik \u00fczr\u0259 g\u00f6t\u00fcr\u00fcl\u00fcr. Texnika xarab olanda, zibili k\u00fc\u00e7\u0259l\u0259rd\u0259n gec g\u00f6t\u00fcrm\u0259li olurlar. Bu, h\u0259mi\u015f\u0259 deyil, b\u0259zi hallarda ba\u015f verir\u201d.\n<\/p>\n<figure class=\"wp-block-image size-large\">\n  <img decoding=\"async\" src=\"https:\/\/www.meydan.tv\/az\/83711445_2505380099782368_2651882597197545472_n-jpg\/\" alt=\"83711445_2505380099782368_2651882597197545472_n.jpg\" class=\"wp-image-136376\"\/><figcaption>\n    &#8220;M\u0259h\u0259ll\u0259l\u0259r aras\u0131nda, magistral yollar\u0131n k\u0259nar\u0131ndak\u0131 ki\u00e7ik hasarlar\u0131n arxas\u0131nda zibil torbalar\u0131 olur&#8221;<br \/>\n  <\/figcaption><\/figure>\n<p>\n  G\u00f6y\u00e7ay Abadla\u015fd\u0131rma v\u0259 T\u0259mir \u0130dar\u0259sinin r\u0259isi \u015e\u00f6hr\u0259t C\u0259f\u0259rov Meydan TV-y\u0259 a\u00e7\u0131qlamas\u0131nda \u00e7inar a\u011faclar\u0131n\u0131n quruyan hiss\u0259l\u0259rinin k\u0259sil\u0259r\u0259k q\u0131\u015fda yanacaq m\u0259qs\u0259dil\u0259 ba\u011f\u00e7a v\u0259 m\u0259kt\u0259bl\u0259r\u0259 verildiyini deyib:\n<\/p>\n<p>\n  \u201cYad\u0131n\u0131zdad\u0131rsa, 2019-cu ild\u0259 N\u0259riman N\u0259rimanov k\u00fc\u00e7\u0259sind\u0259 irig\u00f6vd\u0259li cinar a\u011fac\u0131n\u0131n qurumu\u015f budaqlar\u0131ndan biri q\u0259fl\u0259t\u0259n qoparaq bir n\u0259f\u0259rin ba\u015f\u0131na d\u00fc\u015f\u0259r\u0259k \u00f6l\u00fcm\u00fcn\u0259 s\u0259b\u0259b olmu\u015fdu. Biz h\u0259min a\u011faclar\u0131n ba\u015flar\u0131ndan quruyan hiss\u0259l\u0259rini 8-10 metr h\u00fcnd\u00fcrl\u00fckd\u0259 k\u0259smi\u015fik.\n<\/p>\n<p>\n  M\u00fc\u0259yy\u0259n hiss\u0259sini icra hakimiyy\u0259tinin h\u0259y\u0259tind\u0259 y\u0131\u011fm\u0131\u015f\u0131q. Ba\u015f\u00e7\u0131 \u00f6z\u00fc y\u0131\u011fd\u0131r\u0131b ki, laz\u0131m olan adamlara verilsin.\n<\/p>\n<p>\n  Rayon t\u0259hsil \u015f\u00f6b\u0259sinin m\u00fcraci\u0259tind\u0259n sonra biz h\u0259min odunlar\u0131 q\u0131\u015f aylar\u0131nda ba\u011f\u00e7a v\u0259 m\u0259kt\u0259bl\u0259r\u0259 veririk. Y\u0259ni h\u0259min odunlar insanlara k\u00f6m\u0259k m\u0259qs\u0259dil\u0259 s\u0259rf edilir.\n<\/p>\n<p>\n  Bir n\u0259f\u0259r m\u0259cburi k\u00f6\u00e7k\u00fcn olan qad\u0131n var. \u0130cra Hakimiyy\u0259tin\u0259 m\u00fcraci\u0259t\u0259 g\u0259lmi\u015fdi ki, m\u0259n\u0259 odun verin. O qad\u0131n\u0131 art\u0131q \u00fc\u00e7\u00fcnc\u00fc d\u0259f\u0259dir ki, odunla t\u0259min ed\u0259c\u0259yik\u201d.\n<\/p>\n<figure class=\"wp-block-image size-large\">\n  <img decoding=\"async\" src=\"https:\/\/www.meydan.tv\/az\/82672776_2505379723115739_1005274616463097856_n-jpg\/\" alt=\"82672776_2505379723115739_1005274616463097856_n.jpg\" class=\"wp-image-136365\"\/><figcaption>\n    &#8220;A\u011faclar\u0131 rayon icra hakimiyy\u0259tinin h\u0259y\u0259tin\u0259 y\u0131\u011f\u0131b sat\u0131rlar\u201d<br \/>\n  <\/figcaption><\/figure>\n","protected":false},"excerpt":{"rendered":"<p>&#8220;A\u011faclar\u0131 rayon icra hakimiyy\u0259tinin h\u0259y\u0259tin\u0259 y\u0131\u011f\u0131b sat\u0131rlar&#8221;<\/p>\n","protected":false},"author":11,"featured_media":136379,"comment_status":"closed","ping_status":"open","sticky":false,"template":"","format":"standard","meta":{"_acf_changed":false,"_sitemap_exclude":false,"_sitemap_priority":"","_sitemap_frequency":"","footnotes":""},"categories":[60],"tags":[],"class_list":["post-198945","post","type-post","status-publish","format-standard","has-post-thumbnail","hentry","category-bolge","infinite-scroll-item","generate-columns","tablet-grid-50","mobile-grid-100","grid-parent","grid-33","no-featured-image-padding"],"acf":[],"yoast_head":"<!-- This site is optimized with the Yoast SEO plugin v27.5 - https:\/\/yoast.com\/product\/yoast-seo-wordpress\/ -->\n<title>G\u00f6y\u00e7ayda: Y\u00fcz-iki y\u00fcz il ya\u015fam\u0131\u015f \u00e7inar a\u011faclar\u0131n\u0131 k\u0259sib, taxta sexl\u0259rin\u0259 sat\u0131rlar - MEYDAN.TV<\/title>\n<meta name=\"robots\" content=\"index, follow, max-snippet:-1, max-image-preview:large, max-video-preview:-1\" \/>\n<link rel=\"canonical\" href=\"https:\/\/www.meydan.tv\/az\/article\/goycayda-yuz-iki-yuz-il-yasamis-cinar-agaclarini-kesib-taxta-sexlerine-satirlar\/\" \/>\n<meta property=\"og:locale\" content=\"az_AZ\" \/>\n<meta property=\"og:type\" content=\"article\" \/>\n<meta property=\"og:title\" content=\"G\u00f6y\u00e7ayda: Y\u00fcz-iki y\u00fcz il ya\u015fam\u0131\u015f \u00e7inar a\u011faclar\u0131n\u0131 k\u0259sib, taxta sexl\u0259rin\u0259 sat\u0131rlar - MEYDAN.TV\" \/>\n<meta property=\"og:description\" content=\"&quot;A\u011faclar\u0131 rayon icra hakimiyy\u0259tinin h\u0259y\u0259tin\u0259 y\u0131\u011f\u0131b sat\u0131rlar&quot;\" \/>\n<meta property=\"og:url\" content=\"https:\/\/www.meydan.tv\/az\/article\/goycayda-yuz-iki-yuz-il-yasamis-cinar-agaclarini-kesib-taxta-sexlerine-satirlar\/\" \/>\n<meta property=\"og:site_name\" content=\"MEYDAN.TV\" \/>\n<meta property=\"article:published_time\" content=\"2020-01-24T13:33:02+00:00\" \/>\n<meta property=\"og:image\" content=\"https:\/\/www.meydan.tv\/wp-content\/uploads\/83156028_2505379919782386_5961622277106696192_n.jpg\" \/>\n\t<meta property=\"og:image:width\" content=\"960\" \/>\n\t<meta property=\"og:image:height\" content=\"720\" \/>\n\t<meta property=\"og:image:type\" content=\"image\/jpeg\" \/>\n<meta name=\"author\" content=\"user-manager\" \/>\n<meta name=\"twitter:card\" content=\"summary_large_image\" \/>\n<script type=\"application\/ld+json\" class=\"yoast-schema-graph\">{\"@context\":\"https:\\\/\\\/schema.org\",\"@graph\":[{\"@type\":\"Article\",\"@id\":\"https:\\\/\\\/www.meydan.tv\\\/az\\\/article\\\/goycayda-yuz-iki-yuz-il-yasamis-cinar-agaclarini-kesib-taxta-sexlerine-satirlar\\\/#article\",\"isPartOf\":{\"@id\":\"https:\\\/\\\/www.meydan.tv\\\/az\\\/article\\\/goycayda-yuz-iki-yuz-il-yasamis-cinar-agaclarini-kesib-taxta-sexlerine-satirlar\\\/\"},\"author\":{\"name\":\"user-manager\",\"@id\":\"https:\\\/\\\/www.meydan.tv\\\/az\\\/#\\\/schema\\\/person\\\/10d11eccf6da3662cf5fdab9806ea91a\"},\"headline\":\"G\u00f6y\u00e7ayda: Y\u00fcz-iki y\u00fcz il ya\u015fam\u0131\u015f \u00e7inar a\u011faclar\u0131n\u0131 k\u0259sib, taxta sexl\u0259rin\u0259 sat\u0131rlar\",\"datePublished\":\"2020-01-24T13:33:02+00:00\",\"mainEntityOfPage\":{\"@id\":\"https:\\\/\\\/www.meydan.tv\\\/az\\\/article\\\/goycayda-yuz-iki-yuz-il-yasamis-cinar-agaclarini-kesib-taxta-sexlerine-satirlar\\\/\"},\"wordCount\":1067,\"publisher\":{\"@id\":\"https:\\\/\\\/www.meydan.tv\\\/az\\\/#organization\"},\"image\":{\"@id\":\"https:\\\/\\\/www.meydan.tv\\\/az\\\/article\\\/goycayda-yuz-iki-yuz-il-yasamis-cinar-agaclarini-kesib-taxta-sexlerine-satirlar\\\/#primaryimage\"},\"thumbnailUrl\":\"https:\\\/\\\/www.meydan.tv\\\/wp-content\\\/uploads\\\/83156028_2505379919782386_5961622277106696192_n.jpg\",\"articleSection\":[\"B\u00f6lg\u0259\"],\"inLanguage\":\"az\"},{\"@type\":\"WebPage\",\"@id\":\"https:\\\/\\\/www.meydan.tv\\\/az\\\/article\\\/goycayda-yuz-iki-yuz-il-yasamis-cinar-agaclarini-kesib-taxta-sexlerine-satirlar\\\/\",\"url\":\"https:\\\/\\\/www.meydan.tv\\\/az\\\/article\\\/goycayda-yuz-iki-yuz-il-yasamis-cinar-agaclarini-kesib-taxta-sexlerine-satirlar\\\/\",\"name\":\"G\u00f6y\u00e7ayda: Y\u00fcz-iki y\u00fcz il ya\u015fam\u0131\u015f \u00e7inar a\u011faclar\u0131n\u0131 k\u0259sib, taxta sexl\u0259rin\u0259 sat\u0131rlar - MEYDAN.TV\",\"isPartOf\":{\"@id\":\"https:\\\/\\\/www.meydan.tv\\\/az\\\/#website\"},\"primaryImageOfPage\":{\"@id\":\"https:\\\/\\\/www.meydan.tv\\\/az\\\/article\\\/goycayda-yuz-iki-yuz-il-yasamis-cinar-agaclarini-kesib-taxta-sexlerine-satirlar\\\/#primaryimage\"},\"image\":{\"@id\":\"https:\\\/\\\/www.meydan.tv\\\/az\\\/article\\\/goycayda-yuz-iki-yuz-il-yasamis-cinar-agaclarini-kesib-taxta-sexlerine-satirlar\\\/#primaryimage\"},\"thumbnailUrl\":\"https:\\\/\\\/www.meydan.tv\\\/wp-content\\\/uploads\\\/83156028_2505379919782386_5961622277106696192_n.jpg\",\"datePublished\":\"2020-01-24T13:33:02+00:00\",\"breadcrumb\":{\"@id\":\"https:\\\/\\\/www.meydan.tv\\\/az\\\/article\\\/goycayda-yuz-iki-yuz-il-yasamis-cinar-agaclarini-kesib-taxta-sexlerine-satirlar\\\/#breadcrumb\"},\"inLanguage\":\"az\",\"potentialAction\":[{\"@type\":\"ReadAction\",\"target\":[\"https:\\\/\\\/www.meydan.tv\\\/az\\\/article\\\/goycayda-yuz-iki-yuz-il-yasamis-cinar-agaclarini-kesib-taxta-sexlerine-satirlar\\\/\"]}]},{\"@type\":\"ImageObject\",\"inLanguage\":\"az\",\"@id\":\"https:\\\/\\\/www.meydan.tv\\\/az\\\/article\\\/goycayda-yuz-iki-yuz-il-yasamis-cinar-agaclarini-kesib-taxta-sexlerine-satirlar\\\/#primaryimage\",\"url\":\"https:\\\/\\\/www.meydan.tv\\\/wp-content\\\/uploads\\\/83156028_2505379919782386_5961622277106696192_n.jpg\",\"contentUrl\":\"https:\\\/\\\/www.meydan.tv\\\/wp-content\\\/uploads\\\/83156028_2505379919782386_5961622277106696192_n.jpg\",\"width\":960,\"height\":720,\"caption\":\"Source: Specify Source\"},{\"@type\":\"BreadcrumbList\",\"@id\":\"https:\\\/\\\/www.meydan.tv\\\/az\\\/article\\\/goycayda-yuz-iki-yuz-il-yasamis-cinar-agaclarini-kesib-taxta-sexlerine-satirlar\\\/#breadcrumb\",\"itemListElement\":[{\"@type\":\"ListItem\",\"position\":1,\"name\":\"Ana s\u0259hif\u0259\",\"item\":\"https:\\\/\\\/www.meydan.tv\\\/az\\\/\"},{\"@type\":\"ListItem\",\"position\":2,\"name\":\"B\u00f6lg\u0259\",\"item\":\"https:\\\/\\\/www.meydan.tv\\\/az\\\/section\\\/bolge\\\/\"},{\"@type\":\"ListItem\",\"position\":3,\"name\":\"G\u00f6y\u00e7ayda: Y\u00fcz-iki y\u00fcz il ya\u015fam\u0131\u015f \u00e7inar a\u011faclar\u0131n\u0131 k\u0259sib, taxta sexl\u0259rin\u0259 sat\u0131rlar\"}]},{\"@type\":\"WebSite\",\"@id\":\"https:\\\/\\\/www.meydan.tv\\\/az\\\/#website\",\"url\":\"https:\\\/\\\/www.meydan.tv\\\/az\\\/\",\"name\":\"MEYDAN.TV\",\"description\":\"Meydan TV Az\u0259rbaycan\u0131n media m\u0259kan\u0131ndak\u0131 alternativ s\u0259sidir\",\"publisher\":{\"@id\":\"https:\\\/\\\/www.meydan.tv\\\/az\\\/#organization\"},\"potentialAction\":[{\"@type\":\"SearchAction\",\"target\":{\"@type\":\"EntryPoint\",\"urlTemplate\":\"https:\\\/\\\/www.meydan.tv\\\/az\\\/?s={search_term_string}\"},\"query-input\":{\"@type\":\"PropertyValueSpecification\",\"valueRequired\":true,\"valueName\":\"search_term_string\"}}],\"inLanguage\":\"az\"},{\"@type\":\"Organization\",\"@id\":\"https:\\\/\\\/www.meydan.tv\\\/az\\\/#organization\",\"name\":\"Meydan TV\",\"url\":\"https:\\\/\\\/www.meydan.tv\\\/az\\\/\",\"logo\":{\"@type\":\"ImageObject\",\"inLanguage\":\"az\",\"@id\":\"https:\\\/\\\/www.meydan.tv\\\/az\\\/#\\\/schema\\\/logo\\\/image\\\/\",\"url\":\"https:\\\/\\\/www.meydan.tv\\\/wp-content\\\/uploads\\\/2021\\\/07\\\/meydan-logo.svg\",\"contentUrl\":\"https:\\\/\\\/www.meydan.tv\\\/wp-content\\\/uploads\\\/2021\\\/07\\\/meydan-logo.svg\",\"width\":195,\"height\":46,\"caption\":\"Meydan TV\"},\"image\":{\"@id\":\"https:\\\/\\\/www.meydan.tv\\\/az\\\/#\\\/schema\\\/logo\\\/image\\\/\"}},{\"@type\":\"Person\",\"@id\":\"https:\\\/\\\/www.meydan.tv\\\/az\\\/#\\\/schema\\\/person\\\/10d11eccf6da3662cf5fdab9806ea91a\",\"name\":\"user-manager\"}]}<\/script>\n<!-- \/ Yoast SEO plugin. -->","yoast_head_json":{"title":"G\u00f6y\u00e7ayda: Y\u00fcz-iki y\u00fcz il ya\u015fam\u0131\u015f \u00e7inar a\u011faclar\u0131n\u0131 k\u0259sib, taxta sexl\u0259rin\u0259 sat\u0131rlar - MEYDAN.TV","robots":{"index":"index","follow":"follow","max-snippet":"max-snippet:-1","max-image-preview":"max-image-preview:large","max-video-preview":"max-video-preview:-1"},"canonical":"https:\/\/www.meydan.tv\/az\/article\/goycayda-yuz-iki-yuz-il-yasamis-cinar-agaclarini-kesib-taxta-sexlerine-satirlar\/","og_locale":"az_AZ","og_type":"article","og_title":"G\u00f6y\u00e7ayda: Y\u00fcz-iki y\u00fcz il ya\u015fam\u0131\u015f \u00e7inar a\u011faclar\u0131n\u0131 k\u0259sib, taxta sexl\u0259rin\u0259 sat\u0131rlar - MEYDAN.TV","og_description":"\"A\u011faclar\u0131 rayon icra hakimiyy\u0259tinin h\u0259y\u0259tin\u0259 y\u0131\u011f\u0131b sat\u0131rlar\"","og_url":"https:\/\/www.meydan.tv\/az\/article\/goycayda-yuz-iki-yuz-il-yasamis-cinar-agaclarini-kesib-taxta-sexlerine-satirlar\/","og_site_name":"MEYDAN.TV","article_published_time":"2020-01-24T13:33:02+00:00","og_image":[{"width":960,"height":720,"url":"https:\/\/www.meydan.tv\/wp-content\/uploads\/83156028_2505379919782386_5961622277106696192_n.jpg","type":"image\/jpeg"}],"author":"user-manager","twitter_card":"summary_large_image","schema":{"@context":"https:\/\/schema.org","@graph":[{"@type":"Article","@id":"https:\/\/www.meydan.tv\/az\/article\/goycayda-yuz-iki-yuz-il-yasamis-cinar-agaclarini-kesib-taxta-sexlerine-satirlar\/#article","isPartOf":{"@id":"https:\/\/www.meydan.tv\/az\/article\/goycayda-yuz-iki-yuz-il-yasamis-cinar-agaclarini-kesib-taxta-sexlerine-satirlar\/"},"author":{"name":"user-manager","@id":"https:\/\/www.meydan.tv\/az\/#\/schema\/person\/10d11eccf6da3662cf5fdab9806ea91a"},"headline":"G\u00f6y\u00e7ayda: Y\u00fcz-iki y\u00fcz il ya\u015fam\u0131\u015f \u00e7inar a\u011faclar\u0131n\u0131 k\u0259sib, taxta sexl\u0259rin\u0259 sat\u0131rlar","datePublished":"2020-01-24T13:33:02+00:00","mainEntityOfPage":{"@id":"https:\/\/www.meydan.tv\/az\/article\/goycayda-yuz-iki-yuz-il-yasamis-cinar-agaclarini-kesib-taxta-sexlerine-satirlar\/"},"wordCount":1067,"publisher":{"@id":"https:\/\/www.meydan.tv\/az\/#organization"},"image":{"@id":"https:\/\/www.meydan.tv\/az\/article\/goycayda-yuz-iki-yuz-il-yasamis-cinar-agaclarini-kesib-taxta-sexlerine-satirlar\/#primaryimage"},"thumbnailUrl":"https:\/\/www.meydan.tv\/wp-content\/uploads\/83156028_2505379919782386_5961622277106696192_n.jpg","articleSection":["B\u00f6lg\u0259"],"inLanguage":"az"},{"@type":"WebPage","@id":"https:\/\/www.meydan.tv\/az\/article\/goycayda-yuz-iki-yuz-il-yasamis-cinar-agaclarini-kesib-taxta-sexlerine-satirlar\/","url":"https:\/\/www.meydan.tv\/az\/article\/goycayda-yuz-iki-yuz-il-yasamis-cinar-agaclarini-kesib-taxta-sexlerine-satirlar\/","name":"G\u00f6y\u00e7ayda: Y\u00fcz-iki y\u00fcz il ya\u015fam\u0131\u015f \u00e7inar a\u011faclar\u0131n\u0131 k\u0259sib, taxta sexl\u0259rin\u0259 sat\u0131rlar - MEYDAN.TV","isPartOf":{"@id":"https:\/\/www.meydan.tv\/az\/#website"},"primaryImageOfPage":{"@id":"https:\/\/www.meydan.tv\/az\/article\/goycayda-yuz-iki-yuz-il-yasamis-cinar-agaclarini-kesib-taxta-sexlerine-satirlar\/#primaryimage"},"image":{"@id":"https:\/\/www.meydan.tv\/az\/article\/goycayda-yuz-iki-yuz-il-yasamis-cinar-agaclarini-kesib-taxta-sexlerine-satirlar\/#primaryimage"},"thumbnailUrl":"https:\/\/www.meydan.tv\/wp-content\/uploads\/83156028_2505379919782386_5961622277106696192_n.jpg","datePublished":"2020-01-24T13:33:02+00:00","breadcrumb":{"@id":"https:\/\/www.meydan.tv\/az\/article\/goycayda-yuz-iki-yuz-il-yasamis-cinar-agaclarini-kesib-taxta-sexlerine-satirlar\/#breadcrumb"},"inLanguage":"az","potentialAction":[{"@type":"ReadAction","target":["https:\/\/www.meydan.tv\/az\/article\/goycayda-yuz-iki-yuz-il-yasamis-cinar-agaclarini-kesib-taxta-sexlerine-satirlar\/"]}]},{"@type":"ImageObject","inLanguage":"az","@id":"https:\/\/www.meydan.tv\/az\/article\/goycayda-yuz-iki-yuz-il-yasamis-cinar-agaclarini-kesib-taxta-sexlerine-satirlar\/#primaryimage","url":"https:\/\/www.meydan.tv\/wp-content\/uploads\/83156028_2505379919782386_5961622277106696192_n.jpg","contentUrl":"https:\/\/www.meydan.tv\/wp-content\/uploads\/83156028_2505379919782386_5961622277106696192_n.jpg","width":960,"height":720,"caption":"Source: Specify Source"},{"@type":"BreadcrumbList","@id":"https:\/\/www.meydan.tv\/az\/article\/goycayda-yuz-iki-yuz-il-yasamis-cinar-agaclarini-kesib-taxta-sexlerine-satirlar\/#breadcrumb","itemListElement":[{"@type":"ListItem","position":1,"name":"Ana s\u0259hif\u0259","item":"https:\/\/www.meydan.tv\/az\/"},{"@type":"ListItem","position":2,"name":"B\u00f6lg\u0259","item":"https:\/\/www.meydan.tv\/az\/section\/bolge\/"},{"@type":"ListItem","position":3,"name":"G\u00f6y\u00e7ayda: Y\u00fcz-iki y\u00fcz il ya\u015fam\u0131\u015f \u00e7inar a\u011faclar\u0131n\u0131 k\u0259sib, taxta sexl\u0259rin\u0259 sat\u0131rlar"}]},{"@type":"WebSite","@id":"https:\/\/www.meydan.tv\/az\/#website","url":"https:\/\/www.meydan.tv\/az\/","name":"MEYDAN.TV","description":"Meydan TV Az\u0259rbaycan\u0131n media m\u0259kan\u0131ndak\u0131 alternativ s\u0259sidir","publisher":{"@id":"https:\/\/www.meydan.tv\/az\/#organization"},"potentialAction":[{"@type":"SearchAction","target":{"@type":"EntryPoint","urlTemplate":"https:\/\/www.meydan.tv\/az\/?s={search_term_string}"},"query-input":{"@type":"PropertyValueSpecification","valueRequired":true,"valueName":"search_term_string"}}],"inLanguage":"az"},{"@type":"Organization","@id":"https:\/\/www.meydan.tv\/az\/#organization","name":"Meydan TV","url":"https:\/\/www.meydan.tv\/az\/","logo":{"@type":"ImageObject","inLanguage":"az","@id":"https:\/\/www.meydan.tv\/az\/#\/schema\/logo\/image\/","url":"https:\/\/www.meydan.tv\/wp-content\/uploads\/2021\/07\/meydan-logo.svg","contentUrl":"https:\/\/www.meydan.tv\/wp-content\/uploads\/2021\/07\/meydan-logo.svg","width":195,"height":46,"caption":"Meydan TV"},"image":{"@id":"https:\/\/www.meydan.tv\/az\/#\/schema\/logo\/image\/"}},{"@type":"Person","@id":"https:\/\/www.meydan.tv\/az\/#\/schema\/person\/10d11eccf6da3662cf5fdab9806ea91a","name":"user-manager"}]}},"_links":{"self":[{"href":"https:\/\/www.meydan.tv\/az\/wp-json\/wp\/v2\/posts\/198945","targetHints":{"allow":["GET"]}}],"collection":[{"href":"https:\/\/www.meydan.tv\/az\/wp-json\/wp\/v2\/posts"}],"about":[{"href":"https:\/\/www.meydan.tv\/az\/wp-json\/wp\/v2\/types\/post"}],"author":[{"embeddable":true,"href":"https:\/\/www.meydan.tv\/az\/wp-json\/wp\/v2\/users\/11"}],"replies":[{"embeddable":true,"href":"https:\/\/www.meydan.tv\/az\/wp-json\/wp\/v2\/comments?post=198945"}],"version-history":[{"count":0,"href":"https:\/\/www.meydan.tv\/az\/wp-json\/wp\/v2\/posts\/198945\/revisions"}],"wp:featuredmedia":[{"embeddable":true,"href":"https:\/\/www.meydan.tv\/az\/wp-json\/wp\/v2\/media\/136379"}],"wp:attachment":[{"href":"https:\/\/www.meydan.tv\/az\/wp-json\/wp\/v2\/media?parent=198945"}],"wp:term":[{"taxonomy":"category","embeddable":true,"href":"https:\/\/www.meydan.tv\/az\/wp-json\/wp\/v2\/categories?post=198945"},{"taxonomy":"post_tag","embeddable":true,"href":"https:\/\/www.meydan.tv\/az\/wp-json\/wp\/v2\/tags?post=198945"}],"curies":[{"name":"wp","href":"https:\/\/api.w.org\/{rel}","templated":true}]}}