{"id":198943,"date":"2020-01-24T13:36:35","date_gmt":"2020-01-24T13:36:35","guid":{"rendered":"https:\/\/www.meydan.tv\/article\/xeste-olsem-qanim-bu-sehiyye-sisteminin-uzerinde-qalacaq\/"},"modified":"2020-01-24T13:36:35","modified_gmt":"2020-01-24T13:36:35","slug":"xeste-olsem-qanim-bu-sehiyye-sisteminin-uzerinde-qalacaq","status":"publish","type":"post","link":"https:\/\/www.meydan.tv\/az\/article\/xeste-olsem-qanim-bu-sehiyye-sisteminin-uzerinde-qalacaq\/","title":{"rendered":"X\u0259st\u0259: \u00d6ls\u0259m, qan\u0131m bu s\u0259hiyy\u0259 sisteminin \u00fcz\u0259rind\u0259 qalacaq"},"content":{"rendered":"<p>\n  <i><br \/>\n    Tariyel \u018fliyevin t\u0259cili \u0259m\u0259liyyata ehtiyac\u0131 var, s\u0259hiyy\u0259 idar\u0259si is\u0259 ona s\u0131\u011forta m\u0259s\u0259l\u0259l\u0259rinin bitm\u0259sini g\u00f6zl\u0259m\u0259yi m\u0259sl\u0259h\u0259t g\u00f6r\u00fcb<br \/>\n  <\/i>\n<\/p>\n<p>\n  \u201c\u018fzab ver\u0259n a\u011fr\u0131lara art\u0131q d\u00f6z\u00fcm\u00fcm qalmay\u0131b. Rayonun s\u0259hiyy\u0259 idar\u0259si is\u0259 deyir, get, birt\u0259h\u0259r can\u0131n\u0131 di\u015fin\u0259 tut, \u00f6lm\u0259, s\u0131\u011forta m\u0259s\u0259l\u0259l\u0259ri bit\u0259nd\u0259n sonra h\u0259r \u015fey yax\u015f\u0131 olacaq\u201d.\n<\/p>\n<p>\n  \u015e\u0259mkirin T\u0259z\u0259k\u0259nd k\u0259ndinin sakini, 73 ya\u015fl\u0131 Tariyel \u018fliyev prostat adenomas\u0131ndan (prostat\u0131n b\u00f6y\u00fcm\u0259si) \u0259ziyy\u0259t \u00e7\u0259kir. Deyir, t\u0259cili c\u0259rrahiyy\u0259 \u0259m\u0259liyyat\u0131 olunmal\u0131d\u0131r, ancaq maddi imkans\u0131zl\u0131qdan g\u00fcnb\u0259g\u00fcn artan a\u011fr\u0131lar\u0131yla ba\u015f-ba\u015fa qal\u0131b.\n<\/p>\n<p>\n  <b><br \/>\n    \u201cLazer \u0259m\u0259liyyata maddi imkan\u0131m yoxdur\u201d<br \/>\n  <\/b>\n<\/p>\n<p>\n  \u201c\u015e\u0259mkird\u0259ki h\u0259kiml\u0259r deyir, ya\u015f\u0131n \u00e7oxdur, a\u00e7\u0131q \u0259m\u0259liyyatdan sa\u011f \u00e7\u0131xmazsan, lazer \u0259m\u0259liyyat\u0131 t\u0259klif edirl\u0259r. M\u0259nim d\u0259 bu \u0259m\u0259liyyata maddi imkan\u0131m yetmir. Aylard\u0131r ki, S\u0259hiyy\u0259 Nazirliyin\u0259, rayon s\u0259hiyy\u0259 idar\u0259sin\u0259 m\u00fcraci\u0259t edir\u0259m. \u00d6t\u0259n ilin sonundan nazirliy\u0259 bir ne\u00e7\u0259 d\u0259f\u0259 m\u0259ktub yaz\u0131b, k\u00f6m\u0259k ist\u0259mi\u015f\u0259m. He\u00e7 bir m\u00fcraci\u0259tim\u0259 cavab almam\u0131\u015fam\u201d, &#8211; \u015fikay\u0259t\u00e7i deyir.\n<\/p>\n<p>\n  Tariyel \u018fliyevin s\u00f6zl\u0259rin\u0259 g\u00f6r\u0259, rayon s\u0259hiyy\u0259 idar\u0259sin\u0259 etdiyi m\u00fcraci\u0259tin\u0259 cavab verilib ki, birt\u0259h\u0259r d\u00f6zs\u00fcn, icbari tibbi s\u0131\u011forta m\u0259s\u0259l\u0259l\u0259ri bit\u0259nd\u0259n sonra s\u0131\u011fortayla \u0259m\u0259liyyat oluna bil\u0259c\u0259k.\n<\/p>\n<p>\n  <b><br \/>\n    \u201cA\u011fr\u0131dan qovrula-qovrula \u00f6lm\u0259liy\u0259m?\u201d<br \/>\n  <\/b>\n<\/p>\n<p>\n  \u201cBel\u0259 \u00e7\u0131x\u0131r ki, bu m\u0259s\u0259l\u0259l\u0259r ba\u015fa \u00e7at\u0131nca m\u0259n bu ah\u0131l ya\u015fda a\u011fr\u0131dan qovrula-qovrula \u00f6l\u00fcb getm\u0259liy\u0259m. Ona g\u00f6r\u0259 d\u0259 bu ba\u015fdan deyir\u0259m, bunlar\u0131n icbari s\u0131\u011forta m\u0259s\u0259l\u0259l\u0259ri ba\u015fa \u00e7atanad\u0259k a\u011fr\u0131lara d\u00f6zm\u0259yib \u00f6ls\u0259m, bu s\u0259hiyy\u0259 sisteminin \u0259li m\u0259nim qan\u0131ma batm\u0131\u015f olacaq. M\u0259nim qan\u0131m bu yar\u0131tmaz s\u0259hiyy\u0259nin \u00fcz\u0259rind\u0259, \u015f\u0259xs\u0259n s\u0259hiyy\u0259 nazirinin \u00fcz\u0259rind\u0259 qalacaq\u201d, &#8211; Tariyel \u018fliyev bildirir.\n<\/p>\n<figure class=\"wp-block-image size-large\">\n  <img decoding=\"async\" src=\"https:\/\/www.meydan.tv\/az\/copy_of_copy_of_untitled_design-png\/\" alt=\"copy_of_copy_of_untitled_design.png\" class=\"wp-image-136385\"\/><figcaption>\n    &#8220;He\u00e7 bir m\u00fcraci\u0259tim\u0259 cavab almam\u0131\u015fam\u201d<br \/>\n  <\/figcaption><\/figure>\n<p>\n  <b><br \/>\n    \u201cC\u0259nab prezident, pulsuz s\u0259hiyy\u0259 budur?\u201d<br \/>\n  <\/b>\n<\/p>\n<p>\n  O, art\u0131q d\u00f6vl\u0259tin s\u0259hiyy\u0259sind\u0259n \u0259lini \u00fcz\u00fcb v\u0259 xeyirxah insanlara \u00fcz tutub:\n<\/p>\n<p>\n  \u201cS\u00f6z\u00fcm \u00f6lk\u0259nin ba\u015f\u00e7\u0131s\u0131nad\u0131r. C\u0259nab prezident, ad\u0131n\u0131 pulsuz s\u0259hiyy\u0259 qoymusuz, ancaq m\u0259nim kimi imkans\u0131z insanlar s\u0259hiyy\u0259nin qap\u0131s\u0131na ged\u0259nd\u0259, pulu yoxdur dey\u0259, \u201c\u0259m\u0259liyyata alar\u0131q, sa\u011f \u00e7\u0131xmazsan\u201d deyib, insanlar\u0131 qorxudurlar. Verdiyiniz t\u0259qa\u00fcd h\u0259r d\u0259f\u0259 qan\u0131n m\u00fcayin\u0259sin\u0259, ba\u015fqa m\u00fcayin\u0259l\u0259r\u0259 x\u0259rcl\u0259nir v\u0259 pul \u00e7atmad\u0131\u011f\u0131 \u00fc\u00e7\u00fcn m\u00fcayin\u0259l\u0259rim yar\u0131m\u00e7\u0131q qal\u0131r. Budurmu dediyiniz pulsuz s\u0259hiyy\u0259? D\u00f6vl\u0259tin s\u0131\u011fortas\u0131n\u0131 g\u00f6zl\u0259m\u0259y\u0259 s\u0259hh\u0259tim yol vermir. K\u0259skin a\u011fr\u0131lar\u0131m olur, bu ya\u015fda o a\u011fr\u0131lara d\u00f6zm\u0259k z\u00fclmd\u00fcr. D\u00f6vl\u0259tin b\u00fcdc\u0259sind\u0259n s\u0259hiyy\u0259y\u0259 milyonlar ayr\u0131l\u0131r, n\u0259y\u0259 g\u00f6r\u0259 v\u0259t\u0259nda\u015f\u0131n pulu olmad\u0131\u011f\u0131 \u00fc\u00e7\u00fcn onu x\u0259st\u0259xanadan geri \u00e7evirm\u0259lidil\u0259r? Ancaq bilir\u0259m ki, sizd\u0259n d\u0259 cavab g\u0259lm\u0259y\u0259c\u0259k. Ona g\u00f6r\u0259 d\u0259 \u00fcz\u00fcm\u00fc imkanl\u0131 v\u0259 i\u00e7ind\u0259 h\u0259l\u0259 d\u0259 insanl\u0131q, xeyirxahl\u0131q hissl\u0259ri \u00f6lm\u0259y\u0259n \u015f\u0259xsl\u0259r\u0259 tutub k\u00f6m\u0259k ist\u0259yir\u0259m. \u018fm\u0259liyyat\u0131ma yard\u0131m\u00e7\u0131 olsunlar, m\u0259ni a\u011fr\u0131lardan qurtars\u0131nlar\u201d.\n<\/p>\n<p>\n  Meydan TV m\u00fcxbiri S\u0259hiyy\u0259 Nazirliyind\u0259n v\u0259 \u015e\u0259mkir Rayon S\u0259hiyy\u0259 \u0130dar\u0259sind\u0259n m\u0259s\u0259l\u0259y\u0259 m\u00fcnasib\u0259t \u00f6yr\u0259nm\u0259y\u0259 \u00e7al\u0131\u015f\u0131b. S\u0259hiyy\u0259 idar\u0259sind\u0259n bildirilib ki, suallar\u0131m\u0131z\u0131 yaln\u0131z T\u018fB\u0130B (\u201cTibbi \u018frazi B\u00f6lm\u0259l\u0259rini \u0130dar\u0259etm\u0259 Birliyi\u201d) cavabland\u0131ra bil\u0259r. Bu ilin \u0259vv\u0259lind\u0259n Az\u0259rbaycan \u0130cbari Tibbi S\u0131\u011forta sistemin\u0259 ke\u00e7diyind\u0259n art\u0131q x\u0259st\u0259xanalar bu qurumun tabeliyin\u0259 verilib. Bu qurumdan is\u0259 m\u00fcnasib\u0259t \u00f6yr\u0259nm\u0259k m\u00fcmk\u00fcn olmay\u0131b.<\/p>\n","protected":false},"excerpt":{"rendered":"<p>\u201cC\u0259nab prezident, pulsuz s\u0259hiyy\u0259 budur?\u201d<\/p>\n","protected":false},"author":11,"featured_media":136382,"comment_status":"closed","ping_status":"open","sticky":false,"template":"","format":"standard","meta":{"_acf_changed":false,"_sitemap_exclude":false,"_sitemap_priority":"","_sitemap_frequency":"","footnotes":""},"categories":[60],"tags":[],"class_list":["post-198943","post","type-post","status-publish","format-standard","has-post-thumbnail","hentry","category-bolge","infinite-scroll-item","generate-columns","tablet-grid-50","mobile-grid-100","grid-parent","grid-33","no-featured-image-padding"],"acf":[],"yoast_head":"<!-- This site is optimized with the Yoast SEO plugin v27.5 - https:\/\/yoast.com\/product\/yoast-seo-wordpress\/ -->\n<title>X\u0259st\u0259: \u00d6ls\u0259m, qan\u0131m bu s\u0259hiyy\u0259 sisteminin \u00fcz\u0259rind\u0259 qalacaq - MEYDAN.TV<\/title>\n<meta name=\"robots\" content=\"index, follow, max-snippet:-1, max-image-preview:large, max-video-preview:-1\" \/>\n<link rel=\"canonical\" href=\"https:\/\/www.meydan.tv\/az\/article\/xeste-olsem-qanim-bu-sehiyye-sisteminin-uzerinde-qalacaq\/\" \/>\n<meta property=\"og:locale\" content=\"az_AZ\" \/>\n<meta property=\"og:type\" content=\"article\" \/>\n<meta property=\"og:title\" content=\"X\u0259st\u0259: \u00d6ls\u0259m, qan\u0131m bu s\u0259hiyy\u0259 sisteminin \u00fcz\u0259rind\u0259 qalacaq - MEYDAN.TV\" \/>\n<meta property=\"og:description\" content=\"\u201cC\u0259nab prezident, pulsuz s\u0259hiyy\u0259 budur?\u201d\" \/>\n<meta property=\"og:url\" content=\"https:\/\/www.meydan.tv\/az\/article\/xeste-olsem-qanim-bu-sehiyye-sisteminin-uzerinde-qalacaq\/\" \/>\n<meta property=\"og:site_name\" content=\"MEYDAN.TV\" \/>\n<meta property=\"article:published_time\" content=\"2020-01-24T13:36:35+00:00\" \/>\n<meta property=\"og:image\" content=\"https:\/\/www.meydan.tv\/wp-content\/uploads\/copy_of_untitled_design__2__a4ljd2d.png\" \/>\n\t<meta property=\"og:image:width\" content=\"1280\" \/>\n\t<meta property=\"og:image:height\" content=\"720\" \/>\n\t<meta property=\"og:image:type\" content=\"image\/png\" \/>\n<meta name=\"author\" content=\"user-manager\" \/>\n<meta name=\"twitter:card\" content=\"summary_large_image\" \/>\n<script type=\"application\/ld+json\" class=\"yoast-schema-graph\">{\"@context\":\"https:\\\/\\\/schema.org\",\"@graph\":[{\"@type\":\"Article\",\"@id\":\"https:\\\/\\\/www.meydan.tv\\\/az\\\/article\\\/xeste-olsem-qanim-bu-sehiyye-sisteminin-uzerinde-qalacaq\\\/#article\",\"isPartOf\":{\"@id\":\"https:\\\/\\\/www.meydan.tv\\\/az\\\/article\\\/xeste-olsem-qanim-bu-sehiyye-sisteminin-uzerinde-qalacaq\\\/\"},\"author\":{\"name\":\"user-manager\",\"@id\":\"https:\\\/\\\/www.meydan.tv\\\/az\\\/#\\\/schema\\\/person\\\/10d11eccf6da3662cf5fdab9806ea91a\"},\"headline\":\"X\u0259st\u0259: \u00d6ls\u0259m, qan\u0131m bu s\u0259hiyy\u0259 sisteminin \u00fcz\u0259rind\u0259 qalacaq\",\"datePublished\":\"2020-01-24T13:36:35+00:00\",\"mainEntityOfPage\":{\"@id\":\"https:\\\/\\\/www.meydan.tv\\\/az\\\/article\\\/xeste-olsem-qanim-bu-sehiyye-sisteminin-uzerinde-qalacaq\\\/\"},\"wordCount\":720,\"publisher\":{\"@id\":\"https:\\\/\\\/www.meydan.tv\\\/az\\\/#organization\"},\"image\":{\"@id\":\"https:\\\/\\\/www.meydan.tv\\\/az\\\/article\\\/xeste-olsem-qanim-bu-sehiyye-sisteminin-uzerinde-qalacaq\\\/#primaryimage\"},\"thumbnailUrl\":\"https:\\\/\\\/www.meydan.tv\\\/wp-content\\\/uploads\\\/copy_of_untitled_design__2__a4ljd2d.png\",\"articleSection\":[\"B\u00f6lg\u0259\"],\"inLanguage\":\"az\"},{\"@type\":\"WebPage\",\"@id\":\"https:\\\/\\\/www.meydan.tv\\\/az\\\/article\\\/xeste-olsem-qanim-bu-sehiyye-sisteminin-uzerinde-qalacaq\\\/\",\"url\":\"https:\\\/\\\/www.meydan.tv\\\/az\\\/article\\\/xeste-olsem-qanim-bu-sehiyye-sisteminin-uzerinde-qalacaq\\\/\",\"name\":\"X\u0259st\u0259: \u00d6ls\u0259m, qan\u0131m bu s\u0259hiyy\u0259 sisteminin \u00fcz\u0259rind\u0259 qalacaq - MEYDAN.TV\",\"isPartOf\":{\"@id\":\"https:\\\/\\\/www.meydan.tv\\\/az\\\/#website\"},\"primaryImageOfPage\":{\"@id\":\"https:\\\/\\\/www.meydan.tv\\\/az\\\/article\\\/xeste-olsem-qanim-bu-sehiyye-sisteminin-uzerinde-qalacaq\\\/#primaryimage\"},\"image\":{\"@id\":\"https:\\\/\\\/www.meydan.tv\\\/az\\\/article\\\/xeste-olsem-qanim-bu-sehiyye-sisteminin-uzerinde-qalacaq\\\/#primaryimage\"},\"thumbnailUrl\":\"https:\\\/\\\/www.meydan.tv\\\/wp-content\\\/uploads\\\/copy_of_untitled_design__2__a4ljd2d.png\",\"datePublished\":\"2020-01-24T13:36:35+00:00\",\"breadcrumb\":{\"@id\":\"https:\\\/\\\/www.meydan.tv\\\/az\\\/article\\\/xeste-olsem-qanim-bu-sehiyye-sisteminin-uzerinde-qalacaq\\\/#breadcrumb\"},\"inLanguage\":\"az\",\"potentialAction\":[{\"@type\":\"ReadAction\",\"target\":[\"https:\\\/\\\/www.meydan.tv\\\/az\\\/article\\\/xeste-olsem-qanim-bu-sehiyye-sisteminin-uzerinde-qalacaq\\\/\"]}]},{\"@type\":\"ImageObject\",\"inLanguage\":\"az\",\"@id\":\"https:\\\/\\\/www.meydan.tv\\\/az\\\/article\\\/xeste-olsem-qanim-bu-sehiyye-sisteminin-uzerinde-qalacaq\\\/#primaryimage\",\"url\":\"https:\\\/\\\/www.meydan.tv\\\/wp-content\\\/uploads\\\/copy_of_untitled_design__2__a4ljd2d.png\",\"contentUrl\":\"https:\\\/\\\/www.meydan.tv\\\/wp-content\\\/uploads\\\/copy_of_untitled_design__2__a4ljd2d.png\",\"width\":1280,\"height\":720,\"caption\":\"Source: Specify Source\"},{\"@type\":\"BreadcrumbList\",\"@id\":\"https:\\\/\\\/www.meydan.tv\\\/az\\\/article\\\/xeste-olsem-qanim-bu-sehiyye-sisteminin-uzerinde-qalacaq\\\/#breadcrumb\",\"itemListElement\":[{\"@type\":\"ListItem\",\"position\":1,\"name\":\"Ana s\u0259hif\u0259\",\"item\":\"https:\\\/\\\/www.meydan.tv\\\/az\\\/\"},{\"@type\":\"ListItem\",\"position\":2,\"name\":\"B\u00f6lg\u0259\",\"item\":\"https:\\\/\\\/www.meydan.tv\\\/az\\\/section\\\/bolge\\\/\"},{\"@type\":\"ListItem\",\"position\":3,\"name\":\"X\u0259st\u0259: \u00d6ls\u0259m, qan\u0131m bu s\u0259hiyy\u0259 sisteminin \u00fcz\u0259rind\u0259 qalacaq\"}]},{\"@type\":\"WebSite\",\"@id\":\"https:\\\/\\\/www.meydan.tv\\\/az\\\/#website\",\"url\":\"https:\\\/\\\/www.meydan.tv\\\/az\\\/\",\"name\":\"MEYDAN.TV\",\"description\":\"Meydan TV Az\u0259rbaycan\u0131n media m\u0259kan\u0131ndak\u0131 alternativ s\u0259sidir\",\"publisher\":{\"@id\":\"https:\\\/\\\/www.meydan.tv\\\/az\\\/#organization\"},\"potentialAction\":[{\"@type\":\"SearchAction\",\"target\":{\"@type\":\"EntryPoint\",\"urlTemplate\":\"https:\\\/\\\/www.meydan.tv\\\/az\\\/?s={search_term_string}\"},\"query-input\":{\"@type\":\"PropertyValueSpecification\",\"valueRequired\":true,\"valueName\":\"search_term_string\"}}],\"inLanguage\":\"az\"},{\"@type\":\"Organization\",\"@id\":\"https:\\\/\\\/www.meydan.tv\\\/az\\\/#organization\",\"name\":\"Meydan TV\",\"url\":\"https:\\\/\\\/www.meydan.tv\\\/az\\\/\",\"logo\":{\"@type\":\"ImageObject\",\"inLanguage\":\"az\",\"@id\":\"https:\\\/\\\/www.meydan.tv\\\/az\\\/#\\\/schema\\\/logo\\\/image\\\/\",\"url\":\"https:\\\/\\\/www.meydan.tv\\\/wp-content\\\/uploads\\\/2021\\\/07\\\/meydan-logo.svg\",\"contentUrl\":\"https:\\\/\\\/www.meydan.tv\\\/wp-content\\\/uploads\\\/2021\\\/07\\\/meydan-logo.svg\",\"width\":195,\"height\":46,\"caption\":\"Meydan TV\"},\"image\":{\"@id\":\"https:\\\/\\\/www.meydan.tv\\\/az\\\/#\\\/schema\\\/logo\\\/image\\\/\"}},{\"@type\":\"Person\",\"@id\":\"https:\\\/\\\/www.meydan.tv\\\/az\\\/#\\\/schema\\\/person\\\/10d11eccf6da3662cf5fdab9806ea91a\",\"name\":\"user-manager\"}]}<\/script>\n<!-- \/ Yoast SEO plugin. -->","yoast_head_json":{"title":"X\u0259st\u0259: \u00d6ls\u0259m, qan\u0131m bu s\u0259hiyy\u0259 sisteminin \u00fcz\u0259rind\u0259 qalacaq - MEYDAN.TV","robots":{"index":"index","follow":"follow","max-snippet":"max-snippet:-1","max-image-preview":"max-image-preview:large","max-video-preview":"max-video-preview:-1"},"canonical":"https:\/\/www.meydan.tv\/az\/article\/xeste-olsem-qanim-bu-sehiyye-sisteminin-uzerinde-qalacaq\/","og_locale":"az_AZ","og_type":"article","og_title":"X\u0259st\u0259: \u00d6ls\u0259m, qan\u0131m bu s\u0259hiyy\u0259 sisteminin \u00fcz\u0259rind\u0259 qalacaq - MEYDAN.TV","og_description":"\u201cC\u0259nab prezident, pulsuz s\u0259hiyy\u0259 budur?\u201d","og_url":"https:\/\/www.meydan.tv\/az\/article\/xeste-olsem-qanim-bu-sehiyye-sisteminin-uzerinde-qalacaq\/","og_site_name":"MEYDAN.TV","article_published_time":"2020-01-24T13:36:35+00:00","og_image":[{"width":1280,"height":720,"url":"https:\/\/www.meydan.tv\/wp-content\/uploads\/copy_of_untitled_design__2__a4ljd2d.png","type":"image\/png"}],"author":"user-manager","twitter_card":"summary_large_image","schema":{"@context":"https:\/\/schema.org","@graph":[{"@type":"Article","@id":"https:\/\/www.meydan.tv\/az\/article\/xeste-olsem-qanim-bu-sehiyye-sisteminin-uzerinde-qalacaq\/#article","isPartOf":{"@id":"https:\/\/www.meydan.tv\/az\/article\/xeste-olsem-qanim-bu-sehiyye-sisteminin-uzerinde-qalacaq\/"},"author":{"name":"user-manager","@id":"https:\/\/www.meydan.tv\/az\/#\/schema\/person\/10d11eccf6da3662cf5fdab9806ea91a"},"headline":"X\u0259st\u0259: \u00d6ls\u0259m, qan\u0131m bu s\u0259hiyy\u0259 sisteminin \u00fcz\u0259rind\u0259 qalacaq","datePublished":"2020-01-24T13:36:35+00:00","mainEntityOfPage":{"@id":"https:\/\/www.meydan.tv\/az\/article\/xeste-olsem-qanim-bu-sehiyye-sisteminin-uzerinde-qalacaq\/"},"wordCount":720,"publisher":{"@id":"https:\/\/www.meydan.tv\/az\/#organization"},"image":{"@id":"https:\/\/www.meydan.tv\/az\/article\/xeste-olsem-qanim-bu-sehiyye-sisteminin-uzerinde-qalacaq\/#primaryimage"},"thumbnailUrl":"https:\/\/www.meydan.tv\/wp-content\/uploads\/copy_of_untitled_design__2__a4ljd2d.png","articleSection":["B\u00f6lg\u0259"],"inLanguage":"az"},{"@type":"WebPage","@id":"https:\/\/www.meydan.tv\/az\/article\/xeste-olsem-qanim-bu-sehiyye-sisteminin-uzerinde-qalacaq\/","url":"https:\/\/www.meydan.tv\/az\/article\/xeste-olsem-qanim-bu-sehiyye-sisteminin-uzerinde-qalacaq\/","name":"X\u0259st\u0259: \u00d6ls\u0259m, qan\u0131m bu s\u0259hiyy\u0259 sisteminin \u00fcz\u0259rind\u0259 qalacaq - MEYDAN.TV","isPartOf":{"@id":"https:\/\/www.meydan.tv\/az\/#website"},"primaryImageOfPage":{"@id":"https:\/\/www.meydan.tv\/az\/article\/xeste-olsem-qanim-bu-sehiyye-sisteminin-uzerinde-qalacaq\/#primaryimage"},"image":{"@id":"https:\/\/www.meydan.tv\/az\/article\/xeste-olsem-qanim-bu-sehiyye-sisteminin-uzerinde-qalacaq\/#primaryimage"},"thumbnailUrl":"https:\/\/www.meydan.tv\/wp-content\/uploads\/copy_of_untitled_design__2__a4ljd2d.png","datePublished":"2020-01-24T13:36:35+00:00","breadcrumb":{"@id":"https:\/\/www.meydan.tv\/az\/article\/xeste-olsem-qanim-bu-sehiyye-sisteminin-uzerinde-qalacaq\/#breadcrumb"},"inLanguage":"az","potentialAction":[{"@type":"ReadAction","target":["https:\/\/www.meydan.tv\/az\/article\/xeste-olsem-qanim-bu-sehiyye-sisteminin-uzerinde-qalacaq\/"]}]},{"@type":"ImageObject","inLanguage":"az","@id":"https:\/\/www.meydan.tv\/az\/article\/xeste-olsem-qanim-bu-sehiyye-sisteminin-uzerinde-qalacaq\/#primaryimage","url":"https:\/\/www.meydan.tv\/wp-content\/uploads\/copy_of_untitled_design__2__a4ljd2d.png","contentUrl":"https:\/\/www.meydan.tv\/wp-content\/uploads\/copy_of_untitled_design__2__a4ljd2d.png","width":1280,"height":720,"caption":"Source: Specify Source"},{"@type":"BreadcrumbList","@id":"https:\/\/www.meydan.tv\/az\/article\/xeste-olsem-qanim-bu-sehiyye-sisteminin-uzerinde-qalacaq\/#breadcrumb","itemListElement":[{"@type":"ListItem","position":1,"name":"Ana s\u0259hif\u0259","item":"https:\/\/www.meydan.tv\/az\/"},{"@type":"ListItem","position":2,"name":"B\u00f6lg\u0259","item":"https:\/\/www.meydan.tv\/az\/section\/bolge\/"},{"@type":"ListItem","position":3,"name":"X\u0259st\u0259: \u00d6ls\u0259m, qan\u0131m bu s\u0259hiyy\u0259 sisteminin \u00fcz\u0259rind\u0259 qalacaq"}]},{"@type":"WebSite","@id":"https:\/\/www.meydan.tv\/az\/#website","url":"https:\/\/www.meydan.tv\/az\/","name":"MEYDAN.TV","description":"Meydan TV Az\u0259rbaycan\u0131n media m\u0259kan\u0131ndak\u0131 alternativ s\u0259sidir","publisher":{"@id":"https:\/\/www.meydan.tv\/az\/#organization"},"potentialAction":[{"@type":"SearchAction","target":{"@type":"EntryPoint","urlTemplate":"https:\/\/www.meydan.tv\/az\/?s={search_term_string}"},"query-input":{"@type":"PropertyValueSpecification","valueRequired":true,"valueName":"search_term_string"}}],"inLanguage":"az"},{"@type":"Organization","@id":"https:\/\/www.meydan.tv\/az\/#organization","name":"Meydan TV","url":"https:\/\/www.meydan.tv\/az\/","logo":{"@type":"ImageObject","inLanguage":"az","@id":"https:\/\/www.meydan.tv\/az\/#\/schema\/logo\/image\/","url":"https:\/\/www.meydan.tv\/wp-content\/uploads\/2021\/07\/meydan-logo.svg","contentUrl":"https:\/\/www.meydan.tv\/wp-content\/uploads\/2021\/07\/meydan-logo.svg","width":195,"height":46,"caption":"Meydan TV"},"image":{"@id":"https:\/\/www.meydan.tv\/az\/#\/schema\/logo\/image\/"}},{"@type":"Person","@id":"https:\/\/www.meydan.tv\/az\/#\/schema\/person\/10d11eccf6da3662cf5fdab9806ea91a","name":"user-manager"}]}},"_links":{"self":[{"href":"https:\/\/www.meydan.tv\/az\/wp-json\/wp\/v2\/posts\/198943","targetHints":{"allow":["GET"]}}],"collection":[{"href":"https:\/\/www.meydan.tv\/az\/wp-json\/wp\/v2\/posts"}],"about":[{"href":"https:\/\/www.meydan.tv\/az\/wp-json\/wp\/v2\/types\/post"}],"author":[{"embeddable":true,"href":"https:\/\/www.meydan.tv\/az\/wp-json\/wp\/v2\/users\/11"}],"replies":[{"embeddable":true,"href":"https:\/\/www.meydan.tv\/az\/wp-json\/wp\/v2\/comments?post=198943"}],"version-history":[{"count":0,"href":"https:\/\/www.meydan.tv\/az\/wp-json\/wp\/v2\/posts\/198943\/revisions"}],"wp:featuredmedia":[{"embeddable":true,"href":"https:\/\/www.meydan.tv\/az\/wp-json\/wp\/v2\/media\/136382"}],"wp:attachment":[{"href":"https:\/\/www.meydan.tv\/az\/wp-json\/wp\/v2\/media?parent=198943"}],"wp:term":[{"taxonomy":"category","embeddable":true,"href":"https:\/\/www.meydan.tv\/az\/wp-json\/wp\/v2\/categories?post=198943"},{"taxonomy":"post_tag","embeddable":true,"href":"https:\/\/www.meydan.tv\/az\/wp-json\/wp\/v2\/tags?post=198943"}],"curies":[{"name":"wp","href":"https:\/\/api.w.org\/{rel}","templated":true}]}}