{"id":198942,"date":"2020-01-24T13:40:59","date_gmt":"2020-01-24T13:40:59","guid":{"rendered":"https:\/\/www.meydan.tv\/article\/turkiyede-tecavuzkarinla-evlen-qanun-layihesi-parlamente-teqdim-edilecek\/"},"modified":"2020-01-24T13:40:59","modified_gmt":"2020-01-24T13:40:59","slug":"turkiyede-tecavuzkarinla-evlen-qanun-layihesi-parlamente-teqdim-edilecek","status":"publish","type":"post","link":"https:\/\/www.meydan.tv\/az\/article\/turkiyede-tecavuzkarinla-evlen-qanun-layihesi-parlamente-teqdim-edilecek\/","title":{"rendered":"T\u00fcrkiy\u0259d\u0259 \u201ct\u0259cav\u00fczkar\u0131nla evl\u0259n\u201d qanun layih\u0259si parlament\u0259 t\u0259qdim edil\u0259c\u0259k"},"content":{"rendered":"<p>\n  <i><br \/>\n    B\u0259nz\u0259r qanun layih\u0259si 2016-c\u0131 ild\u0259 T\u00fcrkiy\u0259d\u0259 milli v\u0259 qlobal q\u0131naqlardan sonra m\u0259\u011flubiyy\u0259t\u0259 u\u011fram\u0131\u015fd\u0131<br \/>\n  <\/i>\n<\/p>\n<p>\n  18 ya\u015fdan ki\u00e7ik q\u0131zlarla cinsi \u0259laq\u0259d\u0259 olmaqda g\u00fcnahland\u0131r\u0131lan ki\u015fil\u0259rin qurbanlaryla evl\u0259ndikl\u0259ri t\u0259qdird\u0259 c\u0259zadan yay\u0131nmalar\u0131na imkan ver\u0259n qanun layih\u0259si T\u00fcrkiy\u0259 parlamentin\u0259 t\u0259qdim edil\u0259c\u0259k, &#8211; \u201c\u0130ndependent\u201d x\u0259b\u0259r verir.\n<\/p>\n<p>\n  Qanunvericil\u0259rin yanvar ay\u0131n\u0131n sonunda T\u00fcrkiy\u0259 parlamentin\u0259 t\u0259qdim etm\u0259yi planla\u015fd\u0131rd\u0131\u011f\u0131 m\u00fcbahis\u0259li \u201ct\u0259cav\u00fczkar\u0131nla evl\u0259n\u201d qanun layih\u0259si \u00f6lk\u0259d\u0259 qad\u0131n h\u00fcquqlar\u0131 t\u0259\u015f\u0259bb\u00fcs\u00e7\u00fcl\u0259ri aras\u0131nda hidd\u0259t\u0259 s\u0259b\u0259b olub.\n<\/p>\n<p>\n  M\u00fcxalif Xalqlar\u0131n Demokratik Partiyas\u0131 (HDP) h\u00f6kum\u0259ti qanun layih\u0259sini durdurma\u011fa \u00e7a\u011f\u0131r\u0131r. T\u0259nqid\u00e7il\u0259r deyir ki, qanun layih\u0259si u\u015faq evliliyini v\u0259 t\u0259cav\u00fcz\u00fc qanunil\u0259\u015fdirm\u0259y\u0259 yol a\u00e7araq h\u0259m d\u0259 u\u015faqlara qar\u015f\u0131 zorak\u0131l\u0131q v\u0259 cinsi istismar\u0131 t\u0259tikl\u0259y\u0259 bil\u0259r.\n<\/p>\n<p>\n  B\u0259nz\u0259r qanun layih\u0259si 2016-c\u0131 ild\u0259 T\u00fcrkiy\u0259d\u0259 milli v\u0259 qlobal q\u0131naqlardan sonra m\u0259\u011flubiyy\u0259t\u0259 u\u011fram\u0131\u015fd\u0131. Qanunvericilik yaln\u0131z ki\u015fil\u0259ri \u201cg\u00fcc v\u0259 ya t\u0259hdid\u201d olmadan cinsi \u0259laq\u0259d\u0259 olduqlar\u0131 t\u0259qdird\u0259 \u0259fv ed\u0259 bilirdi.\n<\/p>\n<p>\n  Birl\u0259\u015fmi\u015f Mill\u0259tl\u0259r T\u0259\u015fkilat\u0131 qanun layih\u0259sinin u\u015faqlara qar\u015f\u0131 zorak\u0131l\u0131q zaman\u0131 c\u0259zas\u0131zl\u0131q ortam\u0131 yaradaca\u011f\u0131 v\u0259 qurbanlar\u0131 \u0259lav\u0259 t\u0259cav\u00fcz v\u0259 \u0259ziyy\u0259t\u0259 h\u0259ssas buraxaca\u011f\u0131 il\u0259 ba\u011fl\u0131 x\u0259b\u0259rdarl\u0131q edib.\n<\/p>\n<p>\n  \u201cT\u0259cav\u00fczkar\u0131nla evl\u0259n\u201d qanun layih\u0259si ail\u0259nin \u201c\u015f\u0259r\u0259fini\u201d qorumaq ad\u0131na t\u0259sis edildiyi bildirilir.\n<\/p>\n<p>\n  Yax\u0131n \u015e\u0259rq, \u015eimali Afrika, \u018ffqan\u0131stan v\u0259 Pakistanda B\u0259rab\u0259rlik qeyri-h\u00f6kum\u0259t t\u0259\u015fkilat\u0131n\u0131n qad\u0131n t\u0259\u015f\u0259bb\u00fcs\u00e7\u00fc Suad Abu-Dayyeh deyib ki, siyas\u0259t\u00e7il\u0259rin \u201cu\u015faq cinsi istismar\u0131n\u0131n g\u00fcnahkarlar\u0131na c\u0259zas\u0131zl\u0131q t\u0259min ed\u0259n\u201d qanun layih\u0259sini parlamentd\u0259n ke\u00e7irm\u0259k ist\u0259m\u0259si c\u0259hdi t\u0259\u0259cc\u00fcb do\u011furur.\n<\/p>\n<p>\n  &quot;\u0130ndependent&quot; media platformas\u0131na Abu-Dayyeh deyib: \u201cM\u0259n T\u00fcrkiy\u0259d\u0259ki bu ayr\u0131-se\u00e7kilikl\u0259 xarakteriz\u0259 edil\u0259n qanuna qar\u015f\u0131 \u00e7\u0131xan v\u0259 q\u0131zlar\u0131 m\u00fcdafi\u0259 ed\u0259n qanunu aradan qald\u0131rmaq ist\u0259y\u0259n reqressiv q\u00fcvv\u0259l\u0259rl\u0259 m\u00fcbariz\u0259 aparan qad\u0131n h\u00fcquq m\u00fcdafi\u0259\u00e7il\u0259rinin c\u0259sar\u0259tini alq\u0131\u015flay\u0131ram. Eyni t\u0259zav\u00fczkar\u0131nla evl\u0259n qanun layih\u0259si m\u00fcdd\u0259alar\u0131 bir s\u0131ra Orta \u015e\u0259rq v\u0259 \u015eimali Afrika \u00f6lk\u0259l\u0259rinin nizamnam\u0259 kitablar\u0131nda qeyd\u0259 al\u0131n\u0131b\u201d.\n<\/p>\n<p>\n  &quot;Qad\u0131n h\u00fcquqlar\u0131 f\u0259allar\u0131n\u0131n v\u0259 mill\u0259t v\u0259kill\u0259rinin ill\u0259rdir apard\u0131\u011f\u0131 t\u0259bli\u011fatlar say\u0259sind\u0259 Misir, \u0130ordaniya, Livan, M\u0259rake\u015f, Tunis v\u0259 F\u0259l\u0259stin son ill\u0259rd\u0259 bu bo\u015fluqlar\u0131 aradan qald\u0131r\u0131b. Qad\u0131n h\u00fcquqlar\u0131na v\u0259 m\u00fcdafi\u0259sin\u0259 z\u0259r\u0259r ver\u0259n qanunvericilik t\u0259tbiq etm\u0259y\u0259 c\u0259hd etm\u0259k \u0259v\u0259zin\u0259 t\u00fcrk mill\u0259t v\u0259kill\u0259ri cinsi ayr\u0131-se\u00e7kilik haqq\u0131nda qanunlar\u0131n l\u0259\u011fv edilm\u0259sind\u0259 ir\u0259lil\u0259yi\u015fl\u0259r\u0259 nail olmal\u0131d\u0131rlar&quot;.\n<\/p>\n<p>\n  T\u00fcrkiy\u0259d\u0259 qanuni raz\u0131l\u0131q ya\u015f\u0131 18 olsa da, 2018-ci ild\u0259 h\u00f6kum\u0259tin u\u015faq evliliyi il\u0259 ba\u011fl\u0131 hesabat\u0131nda qeyd edilir ki, son on ild\u0259 482,908 q\u0131z evl\u0259ndirilib.<\/p>\n","protected":false},"excerpt":{"rendered":"<p>T\u00fcrkiy\u0259d\u0259 qanuni raz\u0131l\u0131q ya\u015f\u0131 18 olsa da, 2018-ci ild\u0259 h\u00f6kum\u0259tin u\u015faq evliliyi il\u0259 ba\u011fl\u0131 hesabat\u0131nda qeyd edilir ki, son on ild\u0259 482,908 q\u0131z evl\u0259ndirilib<\/p>\n","protected":false},"author":11,"featured_media":136388,"comment_status":"closed","ping_status":"open","sticky":false,"template":"","format":"standard","meta":{"_acf_changed":false,"_sitemap_exclude":false,"_sitemap_priority":"","_sitemap_frequency":"","footnotes":""},"categories":[64],"tags":[],"class_list":["post-198942","post","type-post","status-publish","format-standard","has-post-thumbnail","hentry","category-dunya","infinite-scroll-item","generate-columns","tablet-grid-50","mobile-grid-100","grid-parent","grid-33","no-featured-image-padding"],"acf":[],"yoast_head":"<!-- This site is optimized with the Yoast SEO plugin v27.5 - https:\/\/yoast.com\/product\/yoast-seo-wordpress\/ -->\n<title>T\u00fcrkiy\u0259d\u0259 \u201ct\u0259cav\u00fczkar\u0131nla evl\u0259n\u201d qanun layih\u0259si parlament\u0259 t\u0259qdim edil\u0259c\u0259k - MEYDAN.TV<\/title>\n<meta name=\"robots\" content=\"index, follow, max-snippet:-1, max-image-preview:large, max-video-preview:-1\" \/>\n<link rel=\"canonical\" href=\"https:\/\/www.meydan.tv\/az\/article\/turkiyede-tecavuzkarinla-evlen-qanun-layihesi-parlamente-teqdim-edilecek\/\" \/>\n<meta property=\"og:locale\" content=\"az_AZ\" \/>\n<meta property=\"og:type\" content=\"article\" \/>\n<meta property=\"og:title\" content=\"T\u00fcrkiy\u0259d\u0259 \u201ct\u0259cav\u00fczkar\u0131nla evl\u0259n\u201d qanun layih\u0259si parlament\u0259 t\u0259qdim edil\u0259c\u0259k - MEYDAN.TV\" \/>\n<meta property=\"og:description\" content=\"T\u00fcrkiy\u0259d\u0259 qanuni raz\u0131l\u0131q ya\u015f\u0131 18 olsa da, 2018-ci ild\u0259 h\u00f6kum\u0259tin u\u015faq evliliyi il\u0259 ba\u011fl\u0131 hesabat\u0131nda qeyd edilir ki, son on ild\u0259 482,908 q\u0131z evl\u0259ndirilib\" \/>\n<meta property=\"og:url\" content=\"https:\/\/www.meydan.tv\/az\/article\/turkiyede-tecavuzkarinla-evlen-qanun-layihesi-parlamente-teqdim-edilecek\/\" \/>\n<meta property=\"og:site_name\" content=\"MEYDAN.TV\" \/>\n<meta property=\"article:published_time\" content=\"2020-01-24T13:40:59+00:00\" \/>\n<meta property=\"og:image\" content=\"https:\/\/www.meydan.tv\/wp-content\/uploads\/meclis-turk.jpeg\" \/>\n\t<meta property=\"og:image:width\" content=\"853\" \/>\n\t<meta property=\"og:image:height\" content=\"480\" \/>\n\t<meta property=\"og:image:type\" content=\"image\/jpeg\" \/>\n<meta name=\"author\" content=\"user-manager\" \/>\n<meta name=\"twitter:card\" content=\"summary_large_image\" \/>\n<script type=\"application\/ld+json\" class=\"yoast-schema-graph\">{\"@context\":\"https:\\\/\\\/schema.org\",\"@graph\":[{\"@type\":\"Article\",\"@id\":\"https:\\\/\\\/www.meydan.tv\\\/az\\\/article\\\/turkiyede-tecavuzkarinla-evlen-qanun-layihesi-parlamente-teqdim-edilecek\\\/#article\",\"isPartOf\":{\"@id\":\"https:\\\/\\\/www.meydan.tv\\\/az\\\/article\\\/turkiyede-tecavuzkarinla-evlen-qanun-layihesi-parlamente-teqdim-edilecek\\\/\"},\"author\":{\"name\":\"user-manager\",\"@id\":\"https:\\\/\\\/www.meydan.tv\\\/az\\\/#\\\/schema\\\/person\\\/10d11eccf6da3662cf5fdab9806ea91a\"},\"headline\":\"T\u00fcrkiy\u0259d\u0259 \u201ct\u0259cav\u00fczkar\u0131nla evl\u0259n\u201d qanun layih\u0259si parlament\u0259 t\u0259qdim edil\u0259c\u0259k\",\"datePublished\":\"2020-01-24T13:40:59+00:00\",\"mainEntityOfPage\":{\"@id\":\"https:\\\/\\\/www.meydan.tv\\\/az\\\/article\\\/turkiyede-tecavuzkarinla-evlen-qanun-layihesi-parlamente-teqdim-edilecek\\\/\"},\"wordCount\":590,\"publisher\":{\"@id\":\"https:\\\/\\\/www.meydan.tv\\\/az\\\/#organization\"},\"image\":{\"@id\":\"https:\\\/\\\/www.meydan.tv\\\/az\\\/article\\\/turkiyede-tecavuzkarinla-evlen-qanun-layihesi-parlamente-teqdim-edilecek\\\/#primaryimage\"},\"thumbnailUrl\":\"https:\\\/\\\/www.meydan.tv\\\/wp-content\\\/uploads\\\/meclis-turk.jpeg\",\"articleSection\":[\"D\u00fcnya\"],\"inLanguage\":\"az\"},{\"@type\":\"WebPage\",\"@id\":\"https:\\\/\\\/www.meydan.tv\\\/az\\\/article\\\/turkiyede-tecavuzkarinla-evlen-qanun-layihesi-parlamente-teqdim-edilecek\\\/\",\"url\":\"https:\\\/\\\/www.meydan.tv\\\/az\\\/article\\\/turkiyede-tecavuzkarinla-evlen-qanun-layihesi-parlamente-teqdim-edilecek\\\/\",\"name\":\"T\u00fcrkiy\u0259d\u0259 \u201ct\u0259cav\u00fczkar\u0131nla evl\u0259n\u201d qanun layih\u0259si parlament\u0259 t\u0259qdim edil\u0259c\u0259k - MEYDAN.TV\",\"isPartOf\":{\"@id\":\"https:\\\/\\\/www.meydan.tv\\\/az\\\/#website\"},\"primaryImageOfPage\":{\"@id\":\"https:\\\/\\\/www.meydan.tv\\\/az\\\/article\\\/turkiyede-tecavuzkarinla-evlen-qanun-layihesi-parlamente-teqdim-edilecek\\\/#primaryimage\"},\"image\":{\"@id\":\"https:\\\/\\\/www.meydan.tv\\\/az\\\/article\\\/turkiyede-tecavuzkarinla-evlen-qanun-layihesi-parlamente-teqdim-edilecek\\\/#primaryimage\"},\"thumbnailUrl\":\"https:\\\/\\\/www.meydan.tv\\\/wp-content\\\/uploads\\\/meclis-turk.jpeg\",\"datePublished\":\"2020-01-24T13:40:59+00:00\",\"breadcrumb\":{\"@id\":\"https:\\\/\\\/www.meydan.tv\\\/az\\\/article\\\/turkiyede-tecavuzkarinla-evlen-qanun-layihesi-parlamente-teqdim-edilecek\\\/#breadcrumb\"},\"inLanguage\":\"az\",\"potentialAction\":[{\"@type\":\"ReadAction\",\"target\":[\"https:\\\/\\\/www.meydan.tv\\\/az\\\/article\\\/turkiyede-tecavuzkarinla-evlen-qanun-layihesi-parlamente-teqdim-edilecek\\\/\"]}]},{\"@type\":\"ImageObject\",\"inLanguage\":\"az\",\"@id\":\"https:\\\/\\\/www.meydan.tv\\\/az\\\/article\\\/turkiyede-tecavuzkarinla-evlen-qanun-layihesi-parlamente-teqdim-edilecek\\\/#primaryimage\",\"url\":\"https:\\\/\\\/www.meydan.tv\\\/wp-content\\\/uploads\\\/meclis-turk.jpeg\",\"contentUrl\":\"https:\\\/\\\/www.meydan.tv\\\/wp-content\\\/uploads\\\/meclis-turk.jpeg\",\"width\":853,\"height\":480,\"caption\":\"Foto: arxiv\"},{\"@type\":\"BreadcrumbList\",\"@id\":\"https:\\\/\\\/www.meydan.tv\\\/az\\\/article\\\/turkiyede-tecavuzkarinla-evlen-qanun-layihesi-parlamente-teqdim-edilecek\\\/#breadcrumb\",\"itemListElement\":[{\"@type\":\"ListItem\",\"position\":1,\"name\":\"Ana s\u0259hif\u0259\",\"item\":\"https:\\\/\\\/www.meydan.tv\\\/az\\\/\"},{\"@type\":\"ListItem\",\"position\":2,\"name\":\"D\u00fcnya\",\"item\":\"https:\\\/\\\/www.meydan.tv\\\/az\\\/section\\\/dunya\\\/\"},{\"@type\":\"ListItem\",\"position\":3,\"name\":\"T\u00fcrkiy\u0259d\u0259 \u201ct\u0259cav\u00fczkar\u0131nla evl\u0259n\u201d qanun layih\u0259si parlament\u0259 t\u0259qdim edil\u0259c\u0259k\"}]},{\"@type\":\"WebSite\",\"@id\":\"https:\\\/\\\/www.meydan.tv\\\/az\\\/#website\",\"url\":\"https:\\\/\\\/www.meydan.tv\\\/az\\\/\",\"name\":\"MEYDAN.TV\",\"description\":\"Meydan TV Az\u0259rbaycan\u0131n media m\u0259kan\u0131ndak\u0131 alternativ s\u0259sidir\",\"publisher\":{\"@id\":\"https:\\\/\\\/www.meydan.tv\\\/az\\\/#organization\"},\"potentialAction\":[{\"@type\":\"SearchAction\",\"target\":{\"@type\":\"EntryPoint\",\"urlTemplate\":\"https:\\\/\\\/www.meydan.tv\\\/az\\\/?s={search_term_string}\"},\"query-input\":{\"@type\":\"PropertyValueSpecification\",\"valueRequired\":true,\"valueName\":\"search_term_string\"}}],\"inLanguage\":\"az\"},{\"@type\":\"Organization\",\"@id\":\"https:\\\/\\\/www.meydan.tv\\\/az\\\/#organization\",\"name\":\"Meydan TV\",\"url\":\"https:\\\/\\\/www.meydan.tv\\\/az\\\/\",\"logo\":{\"@type\":\"ImageObject\",\"inLanguage\":\"az\",\"@id\":\"https:\\\/\\\/www.meydan.tv\\\/az\\\/#\\\/schema\\\/logo\\\/image\\\/\",\"url\":\"https:\\\/\\\/www.meydan.tv\\\/wp-content\\\/uploads\\\/2021\\\/07\\\/meydan-logo.svg\",\"contentUrl\":\"https:\\\/\\\/www.meydan.tv\\\/wp-content\\\/uploads\\\/2021\\\/07\\\/meydan-logo.svg\",\"width\":195,\"height\":46,\"caption\":\"Meydan TV\"},\"image\":{\"@id\":\"https:\\\/\\\/www.meydan.tv\\\/az\\\/#\\\/schema\\\/logo\\\/image\\\/\"}},{\"@type\":\"Person\",\"@id\":\"https:\\\/\\\/www.meydan.tv\\\/az\\\/#\\\/schema\\\/person\\\/10d11eccf6da3662cf5fdab9806ea91a\",\"name\":\"user-manager\"}]}<\/script>\n<!-- \/ Yoast SEO plugin. -->","yoast_head_json":{"title":"T\u00fcrkiy\u0259d\u0259 \u201ct\u0259cav\u00fczkar\u0131nla evl\u0259n\u201d qanun layih\u0259si parlament\u0259 t\u0259qdim edil\u0259c\u0259k - MEYDAN.TV","robots":{"index":"index","follow":"follow","max-snippet":"max-snippet:-1","max-image-preview":"max-image-preview:large","max-video-preview":"max-video-preview:-1"},"canonical":"https:\/\/www.meydan.tv\/az\/article\/turkiyede-tecavuzkarinla-evlen-qanun-layihesi-parlamente-teqdim-edilecek\/","og_locale":"az_AZ","og_type":"article","og_title":"T\u00fcrkiy\u0259d\u0259 \u201ct\u0259cav\u00fczkar\u0131nla evl\u0259n\u201d qanun layih\u0259si parlament\u0259 t\u0259qdim edil\u0259c\u0259k - MEYDAN.TV","og_description":"T\u00fcrkiy\u0259d\u0259 qanuni raz\u0131l\u0131q ya\u015f\u0131 18 olsa da, 2018-ci ild\u0259 h\u00f6kum\u0259tin u\u015faq evliliyi il\u0259 ba\u011fl\u0131 hesabat\u0131nda qeyd edilir ki, son on ild\u0259 482,908 q\u0131z evl\u0259ndirilib","og_url":"https:\/\/www.meydan.tv\/az\/article\/turkiyede-tecavuzkarinla-evlen-qanun-layihesi-parlamente-teqdim-edilecek\/","og_site_name":"MEYDAN.TV","article_published_time":"2020-01-24T13:40:59+00:00","og_image":[{"width":853,"height":480,"url":"https:\/\/www.meydan.tv\/wp-content\/uploads\/meclis-turk.jpeg","type":"image\/jpeg"}],"author":"user-manager","twitter_card":"summary_large_image","schema":{"@context":"https:\/\/schema.org","@graph":[{"@type":"Article","@id":"https:\/\/www.meydan.tv\/az\/article\/turkiyede-tecavuzkarinla-evlen-qanun-layihesi-parlamente-teqdim-edilecek\/#article","isPartOf":{"@id":"https:\/\/www.meydan.tv\/az\/article\/turkiyede-tecavuzkarinla-evlen-qanun-layihesi-parlamente-teqdim-edilecek\/"},"author":{"name":"user-manager","@id":"https:\/\/www.meydan.tv\/az\/#\/schema\/person\/10d11eccf6da3662cf5fdab9806ea91a"},"headline":"T\u00fcrkiy\u0259d\u0259 \u201ct\u0259cav\u00fczkar\u0131nla evl\u0259n\u201d qanun layih\u0259si parlament\u0259 t\u0259qdim edil\u0259c\u0259k","datePublished":"2020-01-24T13:40:59+00:00","mainEntityOfPage":{"@id":"https:\/\/www.meydan.tv\/az\/article\/turkiyede-tecavuzkarinla-evlen-qanun-layihesi-parlamente-teqdim-edilecek\/"},"wordCount":590,"publisher":{"@id":"https:\/\/www.meydan.tv\/az\/#organization"},"image":{"@id":"https:\/\/www.meydan.tv\/az\/article\/turkiyede-tecavuzkarinla-evlen-qanun-layihesi-parlamente-teqdim-edilecek\/#primaryimage"},"thumbnailUrl":"https:\/\/www.meydan.tv\/wp-content\/uploads\/meclis-turk.jpeg","articleSection":["D\u00fcnya"],"inLanguage":"az"},{"@type":"WebPage","@id":"https:\/\/www.meydan.tv\/az\/article\/turkiyede-tecavuzkarinla-evlen-qanun-layihesi-parlamente-teqdim-edilecek\/","url":"https:\/\/www.meydan.tv\/az\/article\/turkiyede-tecavuzkarinla-evlen-qanun-layihesi-parlamente-teqdim-edilecek\/","name":"T\u00fcrkiy\u0259d\u0259 \u201ct\u0259cav\u00fczkar\u0131nla evl\u0259n\u201d qanun layih\u0259si parlament\u0259 t\u0259qdim edil\u0259c\u0259k - MEYDAN.TV","isPartOf":{"@id":"https:\/\/www.meydan.tv\/az\/#website"},"primaryImageOfPage":{"@id":"https:\/\/www.meydan.tv\/az\/article\/turkiyede-tecavuzkarinla-evlen-qanun-layihesi-parlamente-teqdim-edilecek\/#primaryimage"},"image":{"@id":"https:\/\/www.meydan.tv\/az\/article\/turkiyede-tecavuzkarinla-evlen-qanun-layihesi-parlamente-teqdim-edilecek\/#primaryimage"},"thumbnailUrl":"https:\/\/www.meydan.tv\/wp-content\/uploads\/meclis-turk.jpeg","datePublished":"2020-01-24T13:40:59+00:00","breadcrumb":{"@id":"https:\/\/www.meydan.tv\/az\/article\/turkiyede-tecavuzkarinla-evlen-qanun-layihesi-parlamente-teqdim-edilecek\/#breadcrumb"},"inLanguage":"az","potentialAction":[{"@type":"ReadAction","target":["https:\/\/www.meydan.tv\/az\/article\/turkiyede-tecavuzkarinla-evlen-qanun-layihesi-parlamente-teqdim-edilecek\/"]}]},{"@type":"ImageObject","inLanguage":"az","@id":"https:\/\/www.meydan.tv\/az\/article\/turkiyede-tecavuzkarinla-evlen-qanun-layihesi-parlamente-teqdim-edilecek\/#primaryimage","url":"https:\/\/www.meydan.tv\/wp-content\/uploads\/meclis-turk.jpeg","contentUrl":"https:\/\/www.meydan.tv\/wp-content\/uploads\/meclis-turk.jpeg","width":853,"height":480,"caption":"Foto: arxiv"},{"@type":"BreadcrumbList","@id":"https:\/\/www.meydan.tv\/az\/article\/turkiyede-tecavuzkarinla-evlen-qanun-layihesi-parlamente-teqdim-edilecek\/#breadcrumb","itemListElement":[{"@type":"ListItem","position":1,"name":"Ana s\u0259hif\u0259","item":"https:\/\/www.meydan.tv\/az\/"},{"@type":"ListItem","position":2,"name":"D\u00fcnya","item":"https:\/\/www.meydan.tv\/az\/section\/dunya\/"},{"@type":"ListItem","position":3,"name":"T\u00fcrkiy\u0259d\u0259 \u201ct\u0259cav\u00fczkar\u0131nla evl\u0259n\u201d qanun layih\u0259si parlament\u0259 t\u0259qdim edil\u0259c\u0259k"}]},{"@type":"WebSite","@id":"https:\/\/www.meydan.tv\/az\/#website","url":"https:\/\/www.meydan.tv\/az\/","name":"MEYDAN.TV","description":"Meydan TV Az\u0259rbaycan\u0131n media m\u0259kan\u0131ndak\u0131 alternativ s\u0259sidir","publisher":{"@id":"https:\/\/www.meydan.tv\/az\/#organization"},"potentialAction":[{"@type":"SearchAction","target":{"@type":"EntryPoint","urlTemplate":"https:\/\/www.meydan.tv\/az\/?s={search_term_string}"},"query-input":{"@type":"PropertyValueSpecification","valueRequired":true,"valueName":"search_term_string"}}],"inLanguage":"az"},{"@type":"Organization","@id":"https:\/\/www.meydan.tv\/az\/#organization","name":"Meydan TV","url":"https:\/\/www.meydan.tv\/az\/","logo":{"@type":"ImageObject","inLanguage":"az","@id":"https:\/\/www.meydan.tv\/az\/#\/schema\/logo\/image\/","url":"https:\/\/www.meydan.tv\/wp-content\/uploads\/2021\/07\/meydan-logo.svg","contentUrl":"https:\/\/www.meydan.tv\/wp-content\/uploads\/2021\/07\/meydan-logo.svg","width":195,"height":46,"caption":"Meydan TV"},"image":{"@id":"https:\/\/www.meydan.tv\/az\/#\/schema\/logo\/image\/"}},{"@type":"Person","@id":"https:\/\/www.meydan.tv\/az\/#\/schema\/person\/10d11eccf6da3662cf5fdab9806ea91a","name":"user-manager"}]}},"_links":{"self":[{"href":"https:\/\/www.meydan.tv\/az\/wp-json\/wp\/v2\/posts\/198942","targetHints":{"allow":["GET"]}}],"collection":[{"href":"https:\/\/www.meydan.tv\/az\/wp-json\/wp\/v2\/posts"}],"about":[{"href":"https:\/\/www.meydan.tv\/az\/wp-json\/wp\/v2\/types\/post"}],"author":[{"embeddable":true,"href":"https:\/\/www.meydan.tv\/az\/wp-json\/wp\/v2\/users\/11"}],"replies":[{"embeddable":true,"href":"https:\/\/www.meydan.tv\/az\/wp-json\/wp\/v2\/comments?post=198942"}],"version-history":[{"count":0,"href":"https:\/\/www.meydan.tv\/az\/wp-json\/wp\/v2\/posts\/198942\/revisions"}],"wp:featuredmedia":[{"embeddable":true,"href":"https:\/\/www.meydan.tv\/az\/wp-json\/wp\/v2\/media\/136388"}],"wp:attachment":[{"href":"https:\/\/www.meydan.tv\/az\/wp-json\/wp\/v2\/media?parent=198942"}],"wp:term":[{"taxonomy":"category","embeddable":true,"href":"https:\/\/www.meydan.tv\/az\/wp-json\/wp\/v2\/categories?post=198942"},{"taxonomy":"post_tag","embeddable":true,"href":"https:\/\/www.meydan.tv\/az\/wp-json\/wp\/v2\/tags?post=198942"}],"curies":[{"name":"wp","href":"https:\/\/api.w.org\/{rel}","templated":true}]}}