{"id":198939,"date":"2020-01-24T11:12:45","date_gmt":"2020-01-24T11:12:45","guid":{"rendered":"https:\/\/www.meydan.tv\/article\/10-yasli-qizin-olumunde-subheli-bilinen-sexs-doyurduler-bedenime-tok-verirdiler\/"},"modified":"2020-01-24T11:12:45","modified_gmt":"2020-01-24T11:12:45","slug":"10-yasli-qizin-olumunde-subheli-bilinen-sexs-doyurduler-bedenime-tok-verirdiler","status":"publish","type":"post","link":"https:\/\/www.meydan.tv\/az\/article\/10-yasli-qizin-olumunde-subheli-bilinen-sexs-doyurduler-bedenime-tok-verirdiler\/","title":{"rendered":"10 ya\u015fl\u0131 q\u0131z\u0131n \u00f6l\u00fcm\u00fcnd\u0259 \u015f\u00fcbh\u0259li bilin\u0259n \u015f\u0259xs: D\u00f6y\u00fcrd\u00fcl\u0259r, b\u0259d\u0259nim\u0259 \u201ctok\u201d verirdil\u0259r"},"content":{"rendered":"<p>\n  <i><br \/>\n    \u0130lkin S\u00fcleymanov i\u015fg\u0259nc\u0259 alt\u0131nda etiraf etdiyini deyir<br \/>\n  <\/i>\n<\/p>\n<p>\n  Yanvar\u0131n 23-d\u0259 Sabun\u00e7u Rayon M\u0259hk\u0259m\u0259sind\u0259 Tovuz rayonunun Dondar Qu\u015f\u00e7u k\u0259ndind\u0259 10 ya\u015fl\u0131 N\u0259rmin S\u00fcleymanovan\u0131n \u00f6l\u00fcm\u00fcn\u0259 g\u00f6r\u0259 h\u0259bs olunmu\u015f \u0130lkin S\u00fcleymanovun apelyasiya \u015fikay\u0259tin\u0259 bax\u0131l\u0131b. \u015eikay\u0259t \u0130.S\u00fcleymanov haqq\u0131nda h\u0259bs-q\u0259timkan t\u0259dbiri se\u00e7ilm\u0259si bar\u0259d\u0259 Tovuz Rayon M\u0259hk\u0259m\u0259sinin q\u0259rar\u0131ndan verilib.\n<\/p>\n<p>\n  G\u0259nc\u0259 Apelyasiya M\u0259hk\u0259m\u0259sinin hakiml\u0259rinin ke\u00e7irdiyi prosesd\u0259 \u0130.S\u00fcleymanov \u00f6z\u00fc d\u0259 i\u015ftirak edib.\n<\/p>\n<p>\n  Meydan TV-nin \u0259ld\u0259 etdiyi m\u0259lumata g\u00f6r\u0259, \u0130.S\u00fcleymanov t\u0259qsirsiz oldu\u011funu vur\u011fulay\u0131b. Bildirib ki, N\u0259rmini o\u011furlamas\u0131, evl\u0259rind\u0259ki otaqlar\u0131n birind\u0259 bir aydan art\u0131q saxlay\u0131b, daha sonra \u00f6ld\u00fcrm\u0259si, meyiti yand\u0131rmas\u0131 bar\u0259d\u0259 etiraf ifad\u0259si ondan i\u015fg\u0259nc\u0259 alt\u0131nda al\u0131n\u0131b.\n<\/p>\n<p>\n  1973-c\u00fc il t\u0259v\u0259ll\u00fcdl\u00fc \u0130.S\u00fcleymanov bildirib ki, polis idar\u0259sind\u0259 onu d\u00f6y\u00fcbl\u0259r, b\u0259d\u0259nin\u0259 c\u0259r\u0259yan veribl\u0259r: \u201c\u00c7ox d\u00f6yd\u00fcl\u0259r, b\u0259d\u0259nim\u0259 tok verirdil\u0259r. D\u00f6z\u0259 bilm\u0259dim. O i\u015fg\u0259nc\u0259l\u0259rin izl\u0259ri h\u0259l\u0259 d\u0259 b\u0259d\u0259nimd\u0259 qal\u0131r\u201d.\n<\/p>\n<p>\n  \u0130.S\u00fcleymanov \u00fcz\u0259rind\u0259ki x\u0259sar\u0259t izl\u0259rini m\u0259hk\u0259m\u0259d\u0259 i\u015ftirak ed\u0259n hakiml\u0259r\u0259 d\u0259, prokurorluq \u0259m\u0259kda\u015flar\u0131na da g\u00f6st\u0259rib. Bu bar\u0259d\u0259 detall\u0131 dan\u0131\u015f\u0131b.\n<\/p>\n<p>\n  Onun v\u0259kili m\u0259hk\u0259m\u0259d\u0259 deyib ki, i\u015fg\u0259nc\u0259 bar\u0259d\u0259 \u015fikay\u0259t m\u00fctl\u0259q ara\u015fd\u0131r\u0131lmal\u0131d\u0131r. V\u0259sat\u0259t qald\u0131raraq, \u015fikay\u0259tin ara\u015fd\u0131rma \u00fc\u00e7\u00fcn prokurorlu\u011fa g\u00f6nd\u0259rilm\u0259si haqda q\u0259rar q\u0259bul edilm\u0259sini ist\u0259yib. V\u0259kil \u0130.S\u00fcleymanovun ba\u015fqa prosessual h\u00fcquqlar\u0131n\u0131n da pozuldu\u011funu bildirib. M\u0259s\u0259l\u0259n, \u0130.S\u00fcleymanovun ail\u0259 \u00fczvl\u0259ril\u0259 \u0259laq\u0259sin\u0259 imkan verilm\u0259yib, yax\u0131nlar\u0131n\u0131n m\u00fcqavil\u0259 ba\u011flad\u0131\u011f\u0131 v\u0259kil uzun m\u00fcdd\u0259t onunla g\u00f6r\u00fc\u015f\u0259 bilm\u0259yib v\u0259 s.\n<\/p>\n<p>\n  G\u0259nc\u0259 Apelyasiya M\u0259hk\u0259m\u0259sinin hakiml\u0259ri h\u0259bs q\u0259rar\u0131ndan verilmi\u015f \u015fikay\u0259ti t\u0259min etm\u0259yib. Tovuz Rayon M\u0259hk\u0259m\u0259sinin q\u0259rar\u0131 q\u00fcvv\u0259d\u0259 saxlan\u0131l\u0131b. Amma \u0130.S\u00fcleymanovun i\u015fg\u0259nc\u0259y\u0259 m\u0259ruz qalmas\u0131 bar\u0259d\u0259 m\u0259hk\u0259m\u0259d\u0259 s\u00f6yl\u0259dikl\u0259rinin ara\u015fd\u0131r\u0131lmas\u0131 \u00fc\u00e7\u00fcn prokurorlu\u011fa g\u00f6nd\u0259rilm\u0259sin\u0259 q\u0259rar verilib.\n<\/p>\n<p>\n  \u0130.S\u00fcleymanovun \u00f6z\u00fcn\u00fc t\u0259qsirli bilm\u0259m\u0259sini v\u0259kili \u018flibaba Rzayev d\u0259 t\u0259sdiql\u0259yib. V\u0259kil bildirib ki, \u0130.S\u00fcleymanovun s\u0259hh\u0259tind\u0259 probleml\u0259r var. M\u00fcdafi\u0259\u00e7i \u00f6z\u00fc d\u0259 onun \u00fcz\u0259rind\u0259ki x\u0259sar\u0259t izl\u0259rini g\u00f6rd\u00fcy\u00fcn\u00fc bildirib.\n<\/p>\n<p>\n  V\u0259kil \u018f.Rzayev apelyasiya \u015fikay\u0259tinin t\u0259min olunmamas\u0131 bar\u0259d\u0259 q\u0259rardan da naraz\u0131 qal\u0131b.\n<\/p>\n<p>\n  2010-cu il t\u0259v\u0259ll\u00fcdl\u00fc N\u0259rmin Quliyeva noyabr\u0131n 21-d\u0259 ya\u015fad\u0131\u011f\u0131 Tovuz rayonunun Dondar Qu\u015f\u00e7u k\u0259ndind\u0259 itkin d\u00fc\u015f\u00fcb. Ail\u0259sinin s\u00f6zl\u0259rin\u0259 g\u00f6r\u0259, o, h\u0259min g\u00fcn \u0259misigil\u0259 getm\u0259k \u00fc\u00e7\u00fcn \u00f6z evl\u0259rind\u0259n \u00e7\u0131x\u0131b. Qohumlar\u0131 onun \u0259misigil\u0259 \u00e7atd\u0131\u011f\u0131n\u0131 v\u0259 oradan da evl\u0259rin\u0259 geri qay\u0131tmaq \u00fc\u00e7\u00fcn \u00e7\u0131xd\u0131\u011f\u0131n\u0131 deyir. Bundan sonra ondan x\u0259b\u0259r olmay\u0131b.\n<\/p>\n<p>\n  10 ya\u015fl\u0131 N\u0259rminin meyiti bir d\u0259 yanvar\u0131n 6-da k\u0259ndd\u0259 yand\u0131r\u0131lm\u0131\u015f v\u0259ziyy\u0259td\u0259 tap\u0131l\u0131b. \u00dc\u00e7 g\u00fcn sonra h\u00fcquq-m\u00fchafiz\u0259 orqanlar\u0131 bu hadis\u0259y\u0259 g\u00f6r\u0259 \u0130.S\u00fcleymanovun tutuldu\u011funu, onun N\u0259rmini o\u011furlay\u0131b \u00f6ld\u00fcrm\u0259si bar\u0259d\u0259 etirafedici ifad\u0259 verdiyini b\u0259yan edib.\n<\/p>\n<p>\n  \u0130.S\u00fcleymanova qar\u015f\u0131 Cinay\u0259t M\u0259c\u0259ll\u0259sinin 120 (q\u0259sd\u0259n adam \u00f6ld\u00fcm\u0259) v\u0259 145-ci (qanunsuz azadl\u0131qdan m\u0259hrum etm\u0259) madd\u0259l\u0259ril\u0259 ittiham ir\u0259li s\u00fcr\u00fcl\u00fcb.\n<\/p>\n<p>\n  \u0130.S\u00fcleymanovun ail\u0259 \u00fczvl\u0259ri m\u0259tbuata a\u00e7\u0131qlamalar\u0131nda onun bu cinay\u0259ti t\u00f6r\u0259tm\u0259diyin\u0259 \u0259minlikl\u0259rini ifad\u0259 edirl\u0259r. Bildirirl\u0259r ki, onlar\u0131n evind\u0259 N\u0259rminin ayyar\u0131m saxland\u0131\u011f\u0131 iddia olunan ota\u011fa d\u0259f\u0259l\u0259rl\u0259 girib-\u00e7\u0131x\u0131blar, orada kims\u0259 olmay\u0131b. Onlar da iddia edirl\u0259r ki, cinay\u0259tin \u00fcst\u00fcn\u00fcn a\u00e7\u0131lmas\u0131 g\u00f6r\u00fcnt\u00fcs\u00fc yaratmaq \u00fc\u00e7\u00fcn bunu \u0130.S\u00fcleymanovun bornuna qoyub, ondan i\u015fg\u0259nc\u0259 alt\u0131nda etiraf ifad\u0259l\u0259ri al\u0131blar.<\/p>\n","protected":false},"excerpt":{"rendered":"<p>Onun v\u0259kili m\u0259hk\u0259m\u0259d\u0259 deyib ki, i\u015fg\u0259nc\u0259 bar\u0259d\u0259 \u015fikay\u0259t m\u00fctl\u0259q ara\u015fd\u0131r\u0131lmal\u0131d\u0131r.<\/p>\n","protected":false},"author":11,"featured_media":126775,"comment_status":"closed","ping_status":"open","sticky":false,"template":"","format":"standard","meta":{"_acf_changed":false,"_sitemap_exclude":false,"_sitemap_priority":"","_sitemap_frequency":"","footnotes":""},"categories":[62],"tags":[],"class_list":["post-198939","post","type-post","status-publish","format-standard","has-post-thumbnail","hentry","category-sosial","infinite-scroll-item","generate-columns","tablet-grid-50","mobile-grid-100","grid-parent","grid-33","no-featured-image-padding"],"acf":[],"yoast_head":"<!-- This site is optimized with the Yoast SEO plugin v27.4 - https:\/\/yoast.com\/product\/yoast-seo-wordpress\/ -->\n<title>10 ya\u015fl\u0131 q\u0131z\u0131n \u00f6l\u00fcm\u00fcnd\u0259 \u015f\u00fcbh\u0259li bilin\u0259n \u015f\u0259xs: D\u00f6y\u00fcrd\u00fcl\u0259r, b\u0259d\u0259nim\u0259 \u201ctok\u201d verirdil\u0259r - MEYDAN.TV<\/title>\n<meta name=\"robots\" content=\"index, follow, max-snippet:-1, max-image-preview:large, max-video-preview:-1\" \/>\n<link rel=\"canonical\" href=\"https:\/\/www.meydan.tv\/az\/article\/10-yasli-qizin-olumunde-subheli-bilinen-sexs-doyurduler-bedenime-tok-verirdiler\/\" \/>\n<meta property=\"og:locale\" content=\"az_AZ\" \/>\n<meta property=\"og:type\" content=\"article\" \/>\n<meta property=\"og:title\" content=\"10 ya\u015fl\u0131 q\u0131z\u0131n \u00f6l\u00fcm\u00fcnd\u0259 \u015f\u00fcbh\u0259li bilin\u0259n \u015f\u0259xs: D\u00f6y\u00fcrd\u00fcl\u0259r, b\u0259d\u0259nim\u0259 \u201ctok\u201d verirdil\u0259r - MEYDAN.TV\" \/>\n<meta property=\"og:description\" content=\"Onun v\u0259kili m\u0259hk\u0259m\u0259d\u0259 deyib ki, i\u015fg\u0259nc\u0259 bar\u0259d\u0259 \u015fikay\u0259t m\u00fctl\u0259q ara\u015fd\u0131r\u0131lmal\u0131d\u0131r.\" \/>\n<meta property=\"og:url\" content=\"https:\/\/www.meydan.tv\/az\/article\/10-yasli-qizin-olumunde-subheli-bilinen-sexs-doyurduler-bedenime-tok-verirdiler\/\" \/>\n<meta property=\"og:site_name\" content=\"MEYDAN.TV\" \/>\n<meta property=\"article:published_time\" content=\"2020-01-24T11:12:45+00:00\" \/>\n<meta property=\"og:image\" content=\"https:\/\/www.meydan.tv\/wp-content\/uploads\/47001.width-1024_yuzufrl.jpg\" \/>\n\t<meta property=\"og:image:width\" content=\"1024\" \/>\n\t<meta property=\"og:image:height\" content=\"663\" \/>\n\t<meta property=\"og:image:type\" content=\"image\/jpeg\" \/>\n<meta name=\"author\" content=\"user-manager\" \/>\n<meta name=\"twitter:card\" content=\"summary_large_image\" \/>\n<script type=\"application\/ld+json\" class=\"yoast-schema-graph\">{\"@context\":\"https:\\\/\\\/schema.org\",\"@graph\":[{\"@type\":\"Article\",\"@id\":\"https:\\\/\\\/www.meydan.tv\\\/az\\\/article\\\/10-yasli-qizin-olumunde-subheli-bilinen-sexs-doyurduler-bedenime-tok-verirdiler\\\/#article\",\"isPartOf\":{\"@id\":\"https:\\\/\\\/www.meydan.tv\\\/az\\\/article\\\/10-yasli-qizin-olumunde-subheli-bilinen-sexs-doyurduler-bedenime-tok-verirdiler\\\/\"},\"author\":{\"name\":\"user-manager\",\"@id\":\"https:\\\/\\\/www.meydan.tv\\\/az\\\/#\\\/schema\\\/person\\\/10d11eccf6da3662cf5fdab9806ea91a\"},\"headline\":\"10 ya\u015fl\u0131 q\u0131z\u0131n \u00f6l\u00fcm\u00fcnd\u0259 \u015f\u00fcbh\u0259li bilin\u0259n \u015f\u0259xs: D\u00f6y\u00fcrd\u00fcl\u0259r, b\u0259d\u0259nim\u0259 \u201ctok\u201d verirdil\u0259r\",\"datePublished\":\"2020-01-24T11:12:45+00:00\",\"mainEntityOfPage\":{\"@id\":\"https:\\\/\\\/www.meydan.tv\\\/az\\\/article\\\/10-yasli-qizin-olumunde-subheli-bilinen-sexs-doyurduler-bedenime-tok-verirdiler\\\/\"},\"wordCount\":749,\"publisher\":{\"@id\":\"https:\\\/\\\/www.meydan.tv\\\/az\\\/#organization\"},\"image\":{\"@id\":\"https:\\\/\\\/www.meydan.tv\\\/az\\\/article\\\/10-yasli-qizin-olumunde-subheli-bilinen-sexs-doyurduler-bedenime-tok-verirdiler\\\/#primaryimage\"},\"thumbnailUrl\":\"https:\\\/\\\/www.meydan.tv\\\/wp-content\\\/uploads\\\/47001.width-1024_yuzufrl.jpg\",\"articleSection\":[\"Sosial\"],\"inLanguage\":\"az\"},{\"@type\":\"WebPage\",\"@id\":\"https:\\\/\\\/www.meydan.tv\\\/az\\\/article\\\/10-yasli-qizin-olumunde-subheli-bilinen-sexs-doyurduler-bedenime-tok-verirdiler\\\/\",\"url\":\"https:\\\/\\\/www.meydan.tv\\\/az\\\/article\\\/10-yasli-qizin-olumunde-subheli-bilinen-sexs-doyurduler-bedenime-tok-verirdiler\\\/\",\"name\":\"10 ya\u015fl\u0131 q\u0131z\u0131n \u00f6l\u00fcm\u00fcnd\u0259 \u015f\u00fcbh\u0259li bilin\u0259n \u015f\u0259xs: D\u00f6y\u00fcrd\u00fcl\u0259r, b\u0259d\u0259nim\u0259 \u201ctok\u201d verirdil\u0259r - MEYDAN.TV\",\"isPartOf\":{\"@id\":\"https:\\\/\\\/www.meydan.tv\\\/az\\\/#website\"},\"primaryImageOfPage\":{\"@id\":\"https:\\\/\\\/www.meydan.tv\\\/az\\\/article\\\/10-yasli-qizin-olumunde-subheli-bilinen-sexs-doyurduler-bedenime-tok-verirdiler\\\/#primaryimage\"},\"image\":{\"@id\":\"https:\\\/\\\/www.meydan.tv\\\/az\\\/article\\\/10-yasli-qizin-olumunde-subheli-bilinen-sexs-doyurduler-bedenime-tok-verirdiler\\\/#primaryimage\"},\"thumbnailUrl\":\"https:\\\/\\\/www.meydan.tv\\\/wp-content\\\/uploads\\\/47001.width-1024_yuzufrl.jpg\",\"datePublished\":\"2020-01-24T11:12:45+00:00\",\"breadcrumb\":{\"@id\":\"https:\\\/\\\/www.meydan.tv\\\/az\\\/article\\\/10-yasli-qizin-olumunde-subheli-bilinen-sexs-doyurduler-bedenime-tok-verirdiler\\\/#breadcrumb\"},\"inLanguage\":\"az\",\"potentialAction\":[{\"@type\":\"ReadAction\",\"target\":[\"https:\\\/\\\/www.meydan.tv\\\/az\\\/article\\\/10-yasli-qizin-olumunde-subheli-bilinen-sexs-doyurduler-bedenime-tok-verirdiler\\\/\"]}]},{\"@type\":\"ImageObject\",\"inLanguage\":\"az\",\"@id\":\"https:\\\/\\\/www.meydan.tv\\\/az\\\/article\\\/10-yasli-qizin-olumunde-subheli-bilinen-sexs-doyurduler-bedenime-tok-verirdiler\\\/#primaryimage\",\"url\":\"https:\\\/\\\/www.meydan.tv\\\/wp-content\\\/uploads\\\/47001.width-1024_yuzufrl.jpg\",\"contentUrl\":\"https:\\\/\\\/www.meydan.tv\\\/wp-content\\\/uploads\\\/47001.width-1024_yuzufrl.jpg\",\"width\":1024,\"height\":663,\"caption\":\"Source: meydan.tv\"},{\"@type\":\"BreadcrumbList\",\"@id\":\"https:\\\/\\\/www.meydan.tv\\\/az\\\/article\\\/10-yasli-qizin-olumunde-subheli-bilinen-sexs-doyurduler-bedenime-tok-verirdiler\\\/#breadcrumb\",\"itemListElement\":[{\"@type\":\"ListItem\",\"position\":1,\"name\":\"Ana s\u0259hif\u0259\",\"item\":\"https:\\\/\\\/www.meydan.tv\\\/az\\\/\"},{\"@type\":\"ListItem\",\"position\":2,\"name\":\"Sosial\",\"item\":\"https:\\\/\\\/www.meydan.tv\\\/az\\\/section\\\/sosial\\\/\"},{\"@type\":\"ListItem\",\"position\":3,\"name\":\"10 ya\u015fl\u0131 q\u0131z\u0131n \u00f6l\u00fcm\u00fcnd\u0259 \u015f\u00fcbh\u0259li bilin\u0259n \u015f\u0259xs: D\u00f6y\u00fcrd\u00fcl\u0259r, b\u0259d\u0259nim\u0259 \u201ctok\u201d verirdil\u0259r\"}]},{\"@type\":\"WebSite\",\"@id\":\"https:\\\/\\\/www.meydan.tv\\\/az\\\/#website\",\"url\":\"https:\\\/\\\/www.meydan.tv\\\/az\\\/\",\"name\":\"MEYDAN.TV\",\"description\":\"Meydan TV Az\u0259rbaycan\u0131n media m\u0259kan\u0131ndak\u0131 alternativ s\u0259sidir\",\"publisher\":{\"@id\":\"https:\\\/\\\/www.meydan.tv\\\/az\\\/#organization\"},\"potentialAction\":[{\"@type\":\"SearchAction\",\"target\":{\"@type\":\"EntryPoint\",\"urlTemplate\":\"https:\\\/\\\/www.meydan.tv\\\/az\\\/?s={search_term_string}\"},\"query-input\":{\"@type\":\"PropertyValueSpecification\",\"valueRequired\":true,\"valueName\":\"search_term_string\"}}],\"inLanguage\":\"az\"},{\"@type\":\"Organization\",\"@id\":\"https:\\\/\\\/www.meydan.tv\\\/az\\\/#organization\",\"name\":\"Meydan TV\",\"url\":\"https:\\\/\\\/www.meydan.tv\\\/az\\\/\",\"logo\":{\"@type\":\"ImageObject\",\"inLanguage\":\"az\",\"@id\":\"https:\\\/\\\/www.meydan.tv\\\/az\\\/#\\\/schema\\\/logo\\\/image\\\/\",\"url\":\"https:\\\/\\\/www.meydan.tv\\\/wp-content\\\/uploads\\\/2021\\\/07\\\/meydan-logo.svg\",\"contentUrl\":\"https:\\\/\\\/www.meydan.tv\\\/wp-content\\\/uploads\\\/2021\\\/07\\\/meydan-logo.svg\",\"width\":195,\"height\":46,\"caption\":\"Meydan TV\"},\"image\":{\"@id\":\"https:\\\/\\\/www.meydan.tv\\\/az\\\/#\\\/schema\\\/logo\\\/image\\\/\"}},{\"@type\":\"Person\",\"@id\":\"https:\\\/\\\/www.meydan.tv\\\/az\\\/#\\\/schema\\\/person\\\/10d11eccf6da3662cf5fdab9806ea91a\",\"name\":\"user-manager\"}]}<\/script>\n<!-- \/ Yoast SEO plugin. -->","yoast_head_json":{"title":"10 ya\u015fl\u0131 q\u0131z\u0131n \u00f6l\u00fcm\u00fcnd\u0259 \u015f\u00fcbh\u0259li bilin\u0259n \u015f\u0259xs: D\u00f6y\u00fcrd\u00fcl\u0259r, b\u0259d\u0259nim\u0259 \u201ctok\u201d verirdil\u0259r - MEYDAN.TV","robots":{"index":"index","follow":"follow","max-snippet":"max-snippet:-1","max-image-preview":"max-image-preview:large","max-video-preview":"max-video-preview:-1"},"canonical":"https:\/\/www.meydan.tv\/az\/article\/10-yasli-qizin-olumunde-subheli-bilinen-sexs-doyurduler-bedenime-tok-verirdiler\/","og_locale":"az_AZ","og_type":"article","og_title":"10 ya\u015fl\u0131 q\u0131z\u0131n \u00f6l\u00fcm\u00fcnd\u0259 \u015f\u00fcbh\u0259li bilin\u0259n \u015f\u0259xs: D\u00f6y\u00fcrd\u00fcl\u0259r, b\u0259d\u0259nim\u0259 \u201ctok\u201d verirdil\u0259r - MEYDAN.TV","og_description":"Onun v\u0259kili m\u0259hk\u0259m\u0259d\u0259 deyib ki, i\u015fg\u0259nc\u0259 bar\u0259d\u0259 \u015fikay\u0259t m\u00fctl\u0259q ara\u015fd\u0131r\u0131lmal\u0131d\u0131r.","og_url":"https:\/\/www.meydan.tv\/az\/article\/10-yasli-qizin-olumunde-subheli-bilinen-sexs-doyurduler-bedenime-tok-verirdiler\/","og_site_name":"MEYDAN.TV","article_published_time":"2020-01-24T11:12:45+00:00","og_image":[{"width":1024,"height":663,"url":"https:\/\/www.meydan.tv\/wp-content\/uploads\/47001.width-1024_yuzufrl.jpg","type":"image\/jpeg"}],"author":"user-manager","twitter_card":"summary_large_image","schema":{"@context":"https:\/\/schema.org","@graph":[{"@type":"Article","@id":"https:\/\/www.meydan.tv\/az\/article\/10-yasli-qizin-olumunde-subheli-bilinen-sexs-doyurduler-bedenime-tok-verirdiler\/#article","isPartOf":{"@id":"https:\/\/www.meydan.tv\/az\/article\/10-yasli-qizin-olumunde-subheli-bilinen-sexs-doyurduler-bedenime-tok-verirdiler\/"},"author":{"name":"user-manager","@id":"https:\/\/www.meydan.tv\/az\/#\/schema\/person\/10d11eccf6da3662cf5fdab9806ea91a"},"headline":"10 ya\u015fl\u0131 q\u0131z\u0131n \u00f6l\u00fcm\u00fcnd\u0259 \u015f\u00fcbh\u0259li bilin\u0259n \u015f\u0259xs: D\u00f6y\u00fcrd\u00fcl\u0259r, b\u0259d\u0259nim\u0259 \u201ctok\u201d verirdil\u0259r","datePublished":"2020-01-24T11:12:45+00:00","mainEntityOfPage":{"@id":"https:\/\/www.meydan.tv\/az\/article\/10-yasli-qizin-olumunde-subheli-bilinen-sexs-doyurduler-bedenime-tok-verirdiler\/"},"wordCount":749,"publisher":{"@id":"https:\/\/www.meydan.tv\/az\/#organization"},"image":{"@id":"https:\/\/www.meydan.tv\/az\/article\/10-yasli-qizin-olumunde-subheli-bilinen-sexs-doyurduler-bedenime-tok-verirdiler\/#primaryimage"},"thumbnailUrl":"https:\/\/www.meydan.tv\/wp-content\/uploads\/47001.width-1024_yuzufrl.jpg","articleSection":["Sosial"],"inLanguage":"az"},{"@type":"WebPage","@id":"https:\/\/www.meydan.tv\/az\/article\/10-yasli-qizin-olumunde-subheli-bilinen-sexs-doyurduler-bedenime-tok-verirdiler\/","url":"https:\/\/www.meydan.tv\/az\/article\/10-yasli-qizin-olumunde-subheli-bilinen-sexs-doyurduler-bedenime-tok-verirdiler\/","name":"10 ya\u015fl\u0131 q\u0131z\u0131n \u00f6l\u00fcm\u00fcnd\u0259 \u015f\u00fcbh\u0259li bilin\u0259n \u015f\u0259xs: D\u00f6y\u00fcrd\u00fcl\u0259r, b\u0259d\u0259nim\u0259 \u201ctok\u201d verirdil\u0259r - MEYDAN.TV","isPartOf":{"@id":"https:\/\/www.meydan.tv\/az\/#website"},"primaryImageOfPage":{"@id":"https:\/\/www.meydan.tv\/az\/article\/10-yasli-qizin-olumunde-subheli-bilinen-sexs-doyurduler-bedenime-tok-verirdiler\/#primaryimage"},"image":{"@id":"https:\/\/www.meydan.tv\/az\/article\/10-yasli-qizin-olumunde-subheli-bilinen-sexs-doyurduler-bedenime-tok-verirdiler\/#primaryimage"},"thumbnailUrl":"https:\/\/www.meydan.tv\/wp-content\/uploads\/47001.width-1024_yuzufrl.jpg","datePublished":"2020-01-24T11:12:45+00:00","breadcrumb":{"@id":"https:\/\/www.meydan.tv\/az\/article\/10-yasli-qizin-olumunde-subheli-bilinen-sexs-doyurduler-bedenime-tok-verirdiler\/#breadcrumb"},"inLanguage":"az","potentialAction":[{"@type":"ReadAction","target":["https:\/\/www.meydan.tv\/az\/article\/10-yasli-qizin-olumunde-subheli-bilinen-sexs-doyurduler-bedenime-tok-verirdiler\/"]}]},{"@type":"ImageObject","inLanguage":"az","@id":"https:\/\/www.meydan.tv\/az\/article\/10-yasli-qizin-olumunde-subheli-bilinen-sexs-doyurduler-bedenime-tok-verirdiler\/#primaryimage","url":"https:\/\/www.meydan.tv\/wp-content\/uploads\/47001.width-1024_yuzufrl.jpg","contentUrl":"https:\/\/www.meydan.tv\/wp-content\/uploads\/47001.width-1024_yuzufrl.jpg","width":1024,"height":663,"caption":"Source: meydan.tv"},{"@type":"BreadcrumbList","@id":"https:\/\/www.meydan.tv\/az\/article\/10-yasli-qizin-olumunde-subheli-bilinen-sexs-doyurduler-bedenime-tok-verirdiler\/#breadcrumb","itemListElement":[{"@type":"ListItem","position":1,"name":"Ana s\u0259hif\u0259","item":"https:\/\/www.meydan.tv\/az\/"},{"@type":"ListItem","position":2,"name":"Sosial","item":"https:\/\/www.meydan.tv\/az\/section\/sosial\/"},{"@type":"ListItem","position":3,"name":"10 ya\u015fl\u0131 q\u0131z\u0131n \u00f6l\u00fcm\u00fcnd\u0259 \u015f\u00fcbh\u0259li bilin\u0259n \u015f\u0259xs: D\u00f6y\u00fcrd\u00fcl\u0259r, b\u0259d\u0259nim\u0259 \u201ctok\u201d verirdil\u0259r"}]},{"@type":"WebSite","@id":"https:\/\/www.meydan.tv\/az\/#website","url":"https:\/\/www.meydan.tv\/az\/","name":"MEYDAN.TV","description":"Meydan TV Az\u0259rbaycan\u0131n media m\u0259kan\u0131ndak\u0131 alternativ s\u0259sidir","publisher":{"@id":"https:\/\/www.meydan.tv\/az\/#organization"},"potentialAction":[{"@type":"SearchAction","target":{"@type":"EntryPoint","urlTemplate":"https:\/\/www.meydan.tv\/az\/?s={search_term_string}"},"query-input":{"@type":"PropertyValueSpecification","valueRequired":true,"valueName":"search_term_string"}}],"inLanguage":"az"},{"@type":"Organization","@id":"https:\/\/www.meydan.tv\/az\/#organization","name":"Meydan TV","url":"https:\/\/www.meydan.tv\/az\/","logo":{"@type":"ImageObject","inLanguage":"az","@id":"https:\/\/www.meydan.tv\/az\/#\/schema\/logo\/image\/","url":"https:\/\/www.meydan.tv\/wp-content\/uploads\/2021\/07\/meydan-logo.svg","contentUrl":"https:\/\/www.meydan.tv\/wp-content\/uploads\/2021\/07\/meydan-logo.svg","width":195,"height":46,"caption":"Meydan TV"},"image":{"@id":"https:\/\/www.meydan.tv\/az\/#\/schema\/logo\/image\/"}},{"@type":"Person","@id":"https:\/\/www.meydan.tv\/az\/#\/schema\/person\/10d11eccf6da3662cf5fdab9806ea91a","name":"user-manager"}]}},"_links":{"self":[{"href":"https:\/\/www.meydan.tv\/az\/wp-json\/wp\/v2\/posts\/198939","targetHints":{"allow":["GET"]}}],"collection":[{"href":"https:\/\/www.meydan.tv\/az\/wp-json\/wp\/v2\/posts"}],"about":[{"href":"https:\/\/www.meydan.tv\/az\/wp-json\/wp\/v2\/types\/post"}],"author":[{"embeddable":true,"href":"https:\/\/www.meydan.tv\/az\/wp-json\/wp\/v2\/users\/11"}],"replies":[{"embeddable":true,"href":"https:\/\/www.meydan.tv\/az\/wp-json\/wp\/v2\/comments?post=198939"}],"version-history":[{"count":0,"href":"https:\/\/www.meydan.tv\/az\/wp-json\/wp\/v2\/posts\/198939\/revisions"}],"wp:featuredmedia":[{"embeddable":true,"href":"https:\/\/www.meydan.tv\/az\/wp-json\/wp\/v2\/media\/126775"}],"wp:attachment":[{"href":"https:\/\/www.meydan.tv\/az\/wp-json\/wp\/v2\/media?parent=198939"}],"wp:term":[{"taxonomy":"category","embeddable":true,"href":"https:\/\/www.meydan.tv\/az\/wp-json\/wp\/v2\/categories?post=198939"},{"taxonomy":"post_tag","embeddable":true,"href":"https:\/\/www.meydan.tv\/az\/wp-json\/wp\/v2\/tags?post=198939"}],"curies":[{"name":"wp","href":"https:\/\/api.w.org\/{rel}","templated":true}]}}