{"id":198928,"date":"2020-01-23T13:08:11","date_gmt":"2020-01-23T13:08:11","guid":{"rendered":"https:\/\/www.meydan.tv\/article\/dunya-myanmarda-muselmanlarin-soyqiriminin-dayandirilmasini-teleb-edir\/"},"modified":"2020-01-23T13:08:11","modified_gmt":"2020-01-23T13:08:11","slug":"dunya-myanmarda-muselmanlarin-soyqiriminin-dayandirilmasini-teleb-edir","status":"publish","type":"post","link":"https:\/\/www.meydan.tv\/az\/article\/dunya-myanmarda-muselmanlarin-soyqiriminin-dayandirilmasini-teleb-edir\/","title":{"rendered":"D\u00fcnya Myanmarda m\u00fcs\u0259lmanlar\u0131n soyq\u0131r\u0131m\u0131n\u0131n dayand\u0131r\u0131lmas\u0131n\u0131 t\u0259l\u0259b edir"},"content":{"rendered":"<p>\n  <i><br \/>\n    BMT ara\u015fd\u0131rma\u00e7\u0131lar\u0131 soyq\u0131r\u0131m h\u0259r\u0259k\u0259tl\u0259rinin t\u0259krarlana bil\u0259c\u0259yi bar\u0259d\u0259 x\u0259b\u0259rdarl\u0131q edib<br \/>\n  <\/i>\n<\/p>\n<p>\n  Beyn\u0259lxalq \u018fdal\u0259t M\u0259hk\u0259m\u0259si (ICJ) Myanmarda Rohingya m\u00fcs\u0259lmanlar\u0131n\u0131n soyq\u0131r\u0131m\u0131n\u0131n qar\u015f\u0131s\u0131n\u0131 almaq \u00fc\u00e7\u00fcn t\u0259dbirl\u0259r g\u00f6rm\u0259yi \u0259mr verib, &#8211; BBC x\u0259b\u0259r verir.\n<\/p>\n<p>\n  Q\u0259rardan \u00f6nc\u0259 ke\u00e7\u0259n ay \u00f6lk\u0259nin de-fakto lideri Aung San Suu Kyi ittihamlar\u0131 q\u0259bul etm\u0259mi\u015fdi.\n<\/p>\n<p>\n  2017-ci ild\u0259 ba\u015f vermi\u015f ordu zorak\u0131l\u0131\u011f\u0131 zaman\u0131 minl\u0259rl\u0259 Rohingya m\u00fcs\u0259lman\u0131n\u0131n \u00f6ld\u00fcr\u00fcld\u00fcy\u00fc v\u0259 700,000-d\u0259n \u00e7ox rohingyal\u0131n\u0131n Banqlade\u015f\u0259 qa\u00e7d\u0131\u011f\u0131 bildirilir.\n<\/p>\n<p>\n  BMT ara\u015fd\u0131rma\u00e7\u0131lar\u0131 soyq\u0131r\u0131m h\u0259r\u0259k\u0259tl\u0259rinin t\u0259krarlana bil\u0259c\u0259yi bar\u0259d\u0259 x\u0259b\u0259rdarl\u0131q edib.\n<\/p>\n<p>\n  Afrikada m\u00fcs\u0259lman \u00e7oxlu\u011fa sahib Qambiya t\u0259r\u0259find\u0259n a\u00e7\u0131lm\u0131\u015f ICJ i\u015fiyl\u0259 daha ara\u015fd\u0131rma ba\u015flamadan Myanma h\u0259rbi q\u00fcvv\u0259l\u0259rin\u0259 qar\u015f\u0131 t\u0259cili t\u0259dbirl\u0259r g\u00f6r\u00fclm\u0259si t\u0259l\u0259b olunub.\n<\/p>\n<p>\n  Myanmar d\u00f6vl\u0259ti h\u0259r zaman qeyd edib ki, \u00f6lk\u0259nin ordusu Raxine \u0259yal\u0259tind\u0259 ekstremist t\u0259hl\u00fck\u0259y\u0259 qar\u015f\u0131 m\u00fcbariz\u0259 apar\u0131b.\n<\/p>\n<p>\n  Haaqadak\u0131 m\u0259hk\u0259m\u0259d\u0259 m\u00fcdafi\u0259 \u00e7\u0131x\u0131\u015f\u0131 zaman\u0131 Suu Kyi durumu \u201cdaxili silahl\u0131 qar\u015f\u0131durma\u201d olaraq t\u0259snif etmi\u015fdi.\n<\/p>\n<p>\n  ICJ-d\u0259n 17 hakim hey\u0259ti c\u00fcm\u0259 ax\u015fam\u0131 yekdillikl\u0259 s\u0259s ver\u0259r\u0259k, Myanmardan soyq\u0131r\u0131m\u0131n qar\u015f\u0131s\u0131n\u0131 almaq \u00fc\u00e7\u00fcn \u201c\u00f6z s\u0259lahiyy\u0259tl\u0259ri daxilind\u0259 b\u00fct\u00fcn t\u0259dbirl\u0259ri g\u00f6rm\u0259yi\u201d t\u0259l\u0259b edibl\u0259r.\n<\/p>\n<p>\n  T\u0259dbirl\u0259r m\u0259cburidir, ancaq m\u0259hk\u0259m\u0259nin q\u0259rar\u0131n h\u0259yata ke\u00e7irilm\u0259si \u00fc\u00e7\u00fcn t\u0259kidedici s\u0259lahiyy\u0259ti yoxdur.\n<\/p>\n<p>\n  BBC-nin Haaqada olan \u0259m\u0259kda\u015f\u0131 Anna Holligan deyir ki, dekabr ay\u0131nda m\u0259hk\u0259m\u0259y\u0259 g\u0259lm\u0259kl\u0259 Suu Kyi \u00f6z legitimliyini g\u00f6st\u0259rmi\u015f oldu v\u0259 art\u0131q q\u0259rar\u0131 g\u00f6zard\u0131 etm\u0259k Myanmar \u00fc\u00e7\u00fcn \u00e7\u0259tin olacaq.<\/p>\n","protected":false},"excerpt":{"rendered":"<p>Myanmar d\u00f6vl\u0259ti h\u0259r zaman qeyd edib ki, \u00f6lk\u0259nin ordusu Raxine \u0259yal\u0259tind\u0259 ekstremist t\u0259hl\u00fck\u0259y\u0259 qar\u015f\u0131 m\u00fcbariz\u0259 apar\u0131b.<\/p>\n","protected":false},"author":11,"featured_media":136330,"comment_status":"closed","ping_status":"open","sticky":false,"template":"","format":"standard","meta":{"_acf_changed":false,"_sitemap_exclude":false,"_sitemap_priority":"","_sitemap_frequency":"","footnotes":""},"categories":[64],"tags":[],"class_list":["post-198928","post","type-post","status-publish","format-standard","has-post-thumbnail","hentry","category-dunya","infinite-scroll-item","generate-columns","tablet-grid-50","mobile-grid-100","grid-parent","grid-33","no-featured-image-padding"],"acf":[],"yoast_head":"<!-- This site is optimized with the Yoast SEO plugin v27.5 - https:\/\/yoast.com\/product\/yoast-seo-wordpress\/ -->\n<title>D\u00fcnya Myanmarda m\u00fcs\u0259lmanlar\u0131n soyq\u0131r\u0131m\u0131n\u0131n dayand\u0131r\u0131lmas\u0131n\u0131 t\u0259l\u0259b edir - MEYDAN.TV<\/title>\n<meta name=\"robots\" content=\"index, follow, max-snippet:-1, max-image-preview:large, max-video-preview:-1\" \/>\n<link rel=\"canonical\" href=\"https:\/\/www.meydan.tv\/az\/article\/dunya-myanmarda-muselmanlarin-soyqiriminin-dayandirilmasini-teleb-edir\/\" \/>\n<meta property=\"og:locale\" content=\"az_AZ\" \/>\n<meta property=\"og:type\" content=\"article\" \/>\n<meta property=\"og:title\" content=\"D\u00fcnya Myanmarda m\u00fcs\u0259lmanlar\u0131n soyq\u0131r\u0131m\u0131n\u0131n dayand\u0131r\u0131lmas\u0131n\u0131 t\u0259l\u0259b edir - MEYDAN.TV\" \/>\n<meta property=\"og:description\" content=\"Myanmar d\u00f6vl\u0259ti h\u0259r zaman qeyd edib ki, \u00f6lk\u0259nin ordusu Raxine \u0259yal\u0259tind\u0259 ekstremist t\u0259hl\u00fck\u0259y\u0259 qar\u015f\u0131 m\u00fcbariz\u0259 apar\u0131b.\" \/>\n<meta property=\"og:url\" content=\"https:\/\/www.meydan.tv\/az\/article\/dunya-myanmarda-muselmanlarin-soyqiriminin-dayandirilmasini-teleb-edir\/\" \/>\n<meta property=\"og:site_name\" content=\"MEYDAN.TV\" \/>\n<meta property=\"article:published_time\" content=\"2020-01-23T13:08:11+00:00\" \/>\n<meta property=\"og:image\" content=\"https:\/\/www.meydan.tv\/wp-content\/uploads\/110618649_mediaitem110618648.jpg\" \/>\n\t<meta property=\"og:image:width\" content=\"853\" \/>\n\t<meta property=\"og:image:height\" content=\"480\" \/>\n\t<meta property=\"og:image:type\" content=\"image\/jpeg\" \/>\n<meta name=\"author\" content=\"user-manager\" \/>\n<meta name=\"twitter:card\" content=\"summary_large_image\" \/>\n<script type=\"application\/ld+json\" class=\"yoast-schema-graph\">{\"@context\":\"https:\\\/\\\/schema.org\",\"@graph\":[{\"@type\":\"Article\",\"@id\":\"https:\\\/\\\/www.meydan.tv\\\/az\\\/article\\\/dunya-myanmarda-muselmanlarin-soyqiriminin-dayandirilmasini-teleb-edir\\\/#article\",\"isPartOf\":{\"@id\":\"https:\\\/\\\/www.meydan.tv\\\/az\\\/article\\\/dunya-myanmarda-muselmanlarin-soyqiriminin-dayandirilmasini-teleb-edir\\\/\"},\"author\":{\"name\":\"user-manager\",\"@id\":\"https:\\\/\\\/www.meydan.tv\\\/az\\\/#\\\/schema\\\/person\\\/10d11eccf6da3662cf5fdab9806ea91a\"},\"headline\":\"D\u00fcnya Myanmarda m\u00fcs\u0259lmanlar\u0131n soyq\u0131r\u0131m\u0131n\u0131n dayand\u0131r\u0131lmas\u0131n\u0131 t\u0259l\u0259b edir\",\"datePublished\":\"2020-01-23T13:08:11+00:00\",\"mainEntityOfPage\":{\"@id\":\"https:\\\/\\\/www.meydan.tv\\\/az\\\/article\\\/dunya-myanmarda-muselmanlarin-soyqiriminin-dayandirilmasini-teleb-edir\\\/\"},\"wordCount\":362,\"publisher\":{\"@id\":\"https:\\\/\\\/www.meydan.tv\\\/az\\\/#organization\"},\"image\":{\"@id\":\"https:\\\/\\\/www.meydan.tv\\\/az\\\/article\\\/dunya-myanmarda-muselmanlarin-soyqiriminin-dayandirilmasini-teleb-edir\\\/#primaryimage\"},\"thumbnailUrl\":\"https:\\\/\\\/www.meydan.tv\\\/wp-content\\\/uploads\\\/110618649_mediaitem110618648.jpg\",\"articleSection\":[\"D\u00fcnya\"],\"inLanguage\":\"az\"},{\"@type\":\"WebPage\",\"@id\":\"https:\\\/\\\/www.meydan.tv\\\/az\\\/article\\\/dunya-myanmarda-muselmanlarin-soyqiriminin-dayandirilmasini-teleb-edir\\\/\",\"url\":\"https:\\\/\\\/www.meydan.tv\\\/az\\\/article\\\/dunya-myanmarda-muselmanlarin-soyqiriminin-dayandirilmasini-teleb-edir\\\/\",\"name\":\"D\u00fcnya Myanmarda m\u00fcs\u0259lmanlar\u0131n soyq\u0131r\u0131m\u0131n\u0131n dayand\u0131r\u0131lmas\u0131n\u0131 t\u0259l\u0259b edir - MEYDAN.TV\",\"isPartOf\":{\"@id\":\"https:\\\/\\\/www.meydan.tv\\\/az\\\/#website\"},\"primaryImageOfPage\":{\"@id\":\"https:\\\/\\\/www.meydan.tv\\\/az\\\/article\\\/dunya-myanmarda-muselmanlarin-soyqiriminin-dayandirilmasini-teleb-edir\\\/#primaryimage\"},\"image\":{\"@id\":\"https:\\\/\\\/www.meydan.tv\\\/az\\\/article\\\/dunya-myanmarda-muselmanlarin-soyqiriminin-dayandirilmasini-teleb-edir\\\/#primaryimage\"},\"thumbnailUrl\":\"https:\\\/\\\/www.meydan.tv\\\/wp-content\\\/uploads\\\/110618649_mediaitem110618648.jpg\",\"datePublished\":\"2020-01-23T13:08:11+00:00\",\"breadcrumb\":{\"@id\":\"https:\\\/\\\/www.meydan.tv\\\/az\\\/article\\\/dunya-myanmarda-muselmanlarin-soyqiriminin-dayandirilmasini-teleb-edir\\\/#breadcrumb\"},\"inLanguage\":\"az\",\"potentialAction\":[{\"@type\":\"ReadAction\",\"target\":[\"https:\\\/\\\/www.meydan.tv\\\/az\\\/article\\\/dunya-myanmarda-muselmanlarin-soyqiriminin-dayandirilmasini-teleb-edir\\\/\"]}]},{\"@type\":\"ImageObject\",\"inLanguage\":\"az\",\"@id\":\"https:\\\/\\\/www.meydan.tv\\\/az\\\/article\\\/dunya-myanmarda-muselmanlarin-soyqiriminin-dayandirilmasini-teleb-edir\\\/#primaryimage\",\"url\":\"https:\\\/\\\/www.meydan.tv\\\/wp-content\\\/uploads\\\/110618649_mediaitem110618648.jpg\",\"contentUrl\":\"https:\\\/\\\/www.meydan.tv\\\/wp-content\\\/uploads\\\/110618649_mediaitem110618648.jpg\",\"width\":853,\"height\":480,\"caption\":\"Source: Foto: BBC\"},{\"@type\":\"BreadcrumbList\",\"@id\":\"https:\\\/\\\/www.meydan.tv\\\/az\\\/article\\\/dunya-myanmarda-muselmanlarin-soyqiriminin-dayandirilmasini-teleb-edir\\\/#breadcrumb\",\"itemListElement\":[{\"@type\":\"ListItem\",\"position\":1,\"name\":\"Ana s\u0259hif\u0259\",\"item\":\"https:\\\/\\\/www.meydan.tv\\\/az\\\/\"},{\"@type\":\"ListItem\",\"position\":2,\"name\":\"D\u00fcnya\",\"item\":\"https:\\\/\\\/www.meydan.tv\\\/az\\\/section\\\/dunya\\\/\"},{\"@type\":\"ListItem\",\"position\":3,\"name\":\"D\u00fcnya Myanmarda m\u00fcs\u0259lmanlar\u0131n soyq\u0131r\u0131m\u0131n\u0131n dayand\u0131r\u0131lmas\u0131n\u0131 t\u0259l\u0259b edir\"}]},{\"@type\":\"WebSite\",\"@id\":\"https:\\\/\\\/www.meydan.tv\\\/az\\\/#website\",\"url\":\"https:\\\/\\\/www.meydan.tv\\\/az\\\/\",\"name\":\"MEYDAN.TV\",\"description\":\"Meydan TV Az\u0259rbaycan\u0131n media m\u0259kan\u0131ndak\u0131 alternativ s\u0259sidir\",\"publisher\":{\"@id\":\"https:\\\/\\\/www.meydan.tv\\\/az\\\/#organization\"},\"potentialAction\":[{\"@type\":\"SearchAction\",\"target\":{\"@type\":\"EntryPoint\",\"urlTemplate\":\"https:\\\/\\\/www.meydan.tv\\\/az\\\/?s={search_term_string}\"},\"query-input\":{\"@type\":\"PropertyValueSpecification\",\"valueRequired\":true,\"valueName\":\"search_term_string\"}}],\"inLanguage\":\"az\"},{\"@type\":\"Organization\",\"@id\":\"https:\\\/\\\/www.meydan.tv\\\/az\\\/#organization\",\"name\":\"Meydan TV\",\"url\":\"https:\\\/\\\/www.meydan.tv\\\/az\\\/\",\"logo\":{\"@type\":\"ImageObject\",\"inLanguage\":\"az\",\"@id\":\"https:\\\/\\\/www.meydan.tv\\\/az\\\/#\\\/schema\\\/logo\\\/image\\\/\",\"url\":\"https:\\\/\\\/www.meydan.tv\\\/wp-content\\\/uploads\\\/2021\\\/07\\\/meydan-logo.svg\",\"contentUrl\":\"https:\\\/\\\/www.meydan.tv\\\/wp-content\\\/uploads\\\/2021\\\/07\\\/meydan-logo.svg\",\"width\":195,\"height\":46,\"caption\":\"Meydan TV\"},\"image\":{\"@id\":\"https:\\\/\\\/www.meydan.tv\\\/az\\\/#\\\/schema\\\/logo\\\/image\\\/\"}},{\"@type\":\"Person\",\"@id\":\"https:\\\/\\\/www.meydan.tv\\\/az\\\/#\\\/schema\\\/person\\\/10d11eccf6da3662cf5fdab9806ea91a\",\"name\":\"user-manager\"}]}<\/script>\n<!-- \/ Yoast SEO plugin. -->","yoast_head_json":{"title":"D\u00fcnya Myanmarda m\u00fcs\u0259lmanlar\u0131n soyq\u0131r\u0131m\u0131n\u0131n dayand\u0131r\u0131lmas\u0131n\u0131 t\u0259l\u0259b edir - MEYDAN.TV","robots":{"index":"index","follow":"follow","max-snippet":"max-snippet:-1","max-image-preview":"max-image-preview:large","max-video-preview":"max-video-preview:-1"},"canonical":"https:\/\/www.meydan.tv\/az\/article\/dunya-myanmarda-muselmanlarin-soyqiriminin-dayandirilmasini-teleb-edir\/","og_locale":"az_AZ","og_type":"article","og_title":"D\u00fcnya Myanmarda m\u00fcs\u0259lmanlar\u0131n soyq\u0131r\u0131m\u0131n\u0131n dayand\u0131r\u0131lmas\u0131n\u0131 t\u0259l\u0259b edir - MEYDAN.TV","og_description":"Myanmar d\u00f6vl\u0259ti h\u0259r zaman qeyd edib ki, \u00f6lk\u0259nin ordusu Raxine \u0259yal\u0259tind\u0259 ekstremist t\u0259hl\u00fck\u0259y\u0259 qar\u015f\u0131 m\u00fcbariz\u0259 apar\u0131b.","og_url":"https:\/\/www.meydan.tv\/az\/article\/dunya-myanmarda-muselmanlarin-soyqiriminin-dayandirilmasini-teleb-edir\/","og_site_name":"MEYDAN.TV","article_published_time":"2020-01-23T13:08:11+00:00","og_image":[{"width":853,"height":480,"url":"https:\/\/www.meydan.tv\/wp-content\/uploads\/110618649_mediaitem110618648.jpg","type":"image\/jpeg"}],"author":"user-manager","twitter_card":"summary_large_image","schema":{"@context":"https:\/\/schema.org","@graph":[{"@type":"Article","@id":"https:\/\/www.meydan.tv\/az\/article\/dunya-myanmarda-muselmanlarin-soyqiriminin-dayandirilmasini-teleb-edir\/#article","isPartOf":{"@id":"https:\/\/www.meydan.tv\/az\/article\/dunya-myanmarda-muselmanlarin-soyqiriminin-dayandirilmasini-teleb-edir\/"},"author":{"name":"user-manager","@id":"https:\/\/www.meydan.tv\/az\/#\/schema\/person\/10d11eccf6da3662cf5fdab9806ea91a"},"headline":"D\u00fcnya Myanmarda m\u00fcs\u0259lmanlar\u0131n soyq\u0131r\u0131m\u0131n\u0131n dayand\u0131r\u0131lmas\u0131n\u0131 t\u0259l\u0259b edir","datePublished":"2020-01-23T13:08:11+00:00","mainEntityOfPage":{"@id":"https:\/\/www.meydan.tv\/az\/article\/dunya-myanmarda-muselmanlarin-soyqiriminin-dayandirilmasini-teleb-edir\/"},"wordCount":362,"publisher":{"@id":"https:\/\/www.meydan.tv\/az\/#organization"},"image":{"@id":"https:\/\/www.meydan.tv\/az\/article\/dunya-myanmarda-muselmanlarin-soyqiriminin-dayandirilmasini-teleb-edir\/#primaryimage"},"thumbnailUrl":"https:\/\/www.meydan.tv\/wp-content\/uploads\/110618649_mediaitem110618648.jpg","articleSection":["D\u00fcnya"],"inLanguage":"az"},{"@type":"WebPage","@id":"https:\/\/www.meydan.tv\/az\/article\/dunya-myanmarda-muselmanlarin-soyqiriminin-dayandirilmasini-teleb-edir\/","url":"https:\/\/www.meydan.tv\/az\/article\/dunya-myanmarda-muselmanlarin-soyqiriminin-dayandirilmasini-teleb-edir\/","name":"D\u00fcnya Myanmarda m\u00fcs\u0259lmanlar\u0131n soyq\u0131r\u0131m\u0131n\u0131n dayand\u0131r\u0131lmas\u0131n\u0131 t\u0259l\u0259b edir - MEYDAN.TV","isPartOf":{"@id":"https:\/\/www.meydan.tv\/az\/#website"},"primaryImageOfPage":{"@id":"https:\/\/www.meydan.tv\/az\/article\/dunya-myanmarda-muselmanlarin-soyqiriminin-dayandirilmasini-teleb-edir\/#primaryimage"},"image":{"@id":"https:\/\/www.meydan.tv\/az\/article\/dunya-myanmarda-muselmanlarin-soyqiriminin-dayandirilmasini-teleb-edir\/#primaryimage"},"thumbnailUrl":"https:\/\/www.meydan.tv\/wp-content\/uploads\/110618649_mediaitem110618648.jpg","datePublished":"2020-01-23T13:08:11+00:00","breadcrumb":{"@id":"https:\/\/www.meydan.tv\/az\/article\/dunya-myanmarda-muselmanlarin-soyqiriminin-dayandirilmasini-teleb-edir\/#breadcrumb"},"inLanguage":"az","potentialAction":[{"@type":"ReadAction","target":["https:\/\/www.meydan.tv\/az\/article\/dunya-myanmarda-muselmanlarin-soyqiriminin-dayandirilmasini-teleb-edir\/"]}]},{"@type":"ImageObject","inLanguage":"az","@id":"https:\/\/www.meydan.tv\/az\/article\/dunya-myanmarda-muselmanlarin-soyqiriminin-dayandirilmasini-teleb-edir\/#primaryimage","url":"https:\/\/www.meydan.tv\/wp-content\/uploads\/110618649_mediaitem110618648.jpg","contentUrl":"https:\/\/www.meydan.tv\/wp-content\/uploads\/110618649_mediaitem110618648.jpg","width":853,"height":480,"caption":"Source: Foto: BBC"},{"@type":"BreadcrumbList","@id":"https:\/\/www.meydan.tv\/az\/article\/dunya-myanmarda-muselmanlarin-soyqiriminin-dayandirilmasini-teleb-edir\/#breadcrumb","itemListElement":[{"@type":"ListItem","position":1,"name":"Ana s\u0259hif\u0259","item":"https:\/\/www.meydan.tv\/az\/"},{"@type":"ListItem","position":2,"name":"D\u00fcnya","item":"https:\/\/www.meydan.tv\/az\/section\/dunya\/"},{"@type":"ListItem","position":3,"name":"D\u00fcnya Myanmarda m\u00fcs\u0259lmanlar\u0131n soyq\u0131r\u0131m\u0131n\u0131n dayand\u0131r\u0131lmas\u0131n\u0131 t\u0259l\u0259b edir"}]},{"@type":"WebSite","@id":"https:\/\/www.meydan.tv\/az\/#website","url":"https:\/\/www.meydan.tv\/az\/","name":"MEYDAN.TV","description":"Meydan TV Az\u0259rbaycan\u0131n media m\u0259kan\u0131ndak\u0131 alternativ s\u0259sidir","publisher":{"@id":"https:\/\/www.meydan.tv\/az\/#organization"},"potentialAction":[{"@type":"SearchAction","target":{"@type":"EntryPoint","urlTemplate":"https:\/\/www.meydan.tv\/az\/?s={search_term_string}"},"query-input":{"@type":"PropertyValueSpecification","valueRequired":true,"valueName":"search_term_string"}}],"inLanguage":"az"},{"@type":"Organization","@id":"https:\/\/www.meydan.tv\/az\/#organization","name":"Meydan TV","url":"https:\/\/www.meydan.tv\/az\/","logo":{"@type":"ImageObject","inLanguage":"az","@id":"https:\/\/www.meydan.tv\/az\/#\/schema\/logo\/image\/","url":"https:\/\/www.meydan.tv\/wp-content\/uploads\/2021\/07\/meydan-logo.svg","contentUrl":"https:\/\/www.meydan.tv\/wp-content\/uploads\/2021\/07\/meydan-logo.svg","width":195,"height":46,"caption":"Meydan TV"},"image":{"@id":"https:\/\/www.meydan.tv\/az\/#\/schema\/logo\/image\/"}},{"@type":"Person","@id":"https:\/\/www.meydan.tv\/az\/#\/schema\/person\/10d11eccf6da3662cf5fdab9806ea91a","name":"user-manager"}]}},"_links":{"self":[{"href":"https:\/\/www.meydan.tv\/az\/wp-json\/wp\/v2\/posts\/198928","targetHints":{"allow":["GET"]}}],"collection":[{"href":"https:\/\/www.meydan.tv\/az\/wp-json\/wp\/v2\/posts"}],"about":[{"href":"https:\/\/www.meydan.tv\/az\/wp-json\/wp\/v2\/types\/post"}],"author":[{"embeddable":true,"href":"https:\/\/www.meydan.tv\/az\/wp-json\/wp\/v2\/users\/11"}],"replies":[{"embeddable":true,"href":"https:\/\/www.meydan.tv\/az\/wp-json\/wp\/v2\/comments?post=198928"}],"version-history":[{"count":0,"href":"https:\/\/www.meydan.tv\/az\/wp-json\/wp\/v2\/posts\/198928\/revisions"}],"wp:featuredmedia":[{"embeddable":true,"href":"https:\/\/www.meydan.tv\/az\/wp-json\/wp\/v2\/media\/136330"}],"wp:attachment":[{"href":"https:\/\/www.meydan.tv\/az\/wp-json\/wp\/v2\/media?parent=198928"}],"wp:term":[{"taxonomy":"category","embeddable":true,"href":"https:\/\/www.meydan.tv\/az\/wp-json\/wp\/v2\/categories?post=198928"},{"taxonomy":"post_tag","embeddable":true,"href":"https:\/\/www.meydan.tv\/az\/wp-json\/wp\/v2\/tags?post=198928"}],"curies":[{"name":"wp","href":"https:\/\/api.w.org\/{rel}","templated":true}]}}