{"id":198914,"date":"2020-01-22T18:46:31","date_gmt":"2020-01-22T18:46:31","guid":{"rendered":"https:\/\/www.meydan.tv\/article\/anqolanin-kecmis-prezidentinin-ailesi-ile-bagli-senedler-ortaya-cixib\/"},"modified":"2020-01-22T18:46:31","modified_gmt":"2020-01-22T18:46:31","slug":"anqolanin-kecmis-prezidentinin-ailesi-ile-bagli-senedler-ortaya-cixib","status":"publish","type":"post","link":"https:\/\/www.meydan.tv\/az\/article\/anqolanin-kecmis-prezidentinin-ailesi-ile-bagli-senedler-ortaya-cixib\/","title":{"rendered":"Anqolan\u0131n ke\u00e7mi\u015f prezidentinin ail\u0259si il\u0259 ba\u011fl\u0131 s\u0259n\u0259dl\u0259r ortaya \u00e7\u0131x\u0131b"},"content":{"rendered":"<p>\n  <i><br \/>\n    Sabiq prezidentin q\u0131z\u0131n\u0131n v\u0259 k\u00fcr\u0259k\u0259ninin \u00f6lk\u0259ni istismar etdiyi bildirilir<br \/>\n  <\/i>\n<\/p>\n<p>\n  Anqolan\u0131n ke\u00e7mi\u015f prezidenti Jose Eduardo dos Santosun q\u0131z\u0131 v\u0259 k\u00fcr\u0259k\u0259ninin \u00f6lk\u0259nin var-d\u00f6vl\u0259tini korrupsiya v\u0259 qanun pozuntular\u0131 il\u0259 istismar etdiyini ortaya \u00e7\u0131xaran s\u0259n\u0259dl\u0259r bir s\u0131ra beyn\u0259lxalq media qurumlar\u0131na s\u0131zd\u0131r\u0131l\u0131b.\n<\/p>\n<p>\n  BBC x\u0259b\u0259r verir ki, Dos Santos h\u0259yat yolda\u015f\u0131 Sindika Dokolo il\u0259 birlikd\u0259 atas\u0131n\u0131n prezidenti oldu\u011fu d\u00f6vrd\u0259 sahib oldu\u011fu n\u00fcfuzdan istifad\u0259 ed\u0259r\u0259k, \u201c\u015f\u00fcbh\u0259li s\u00f6vd\u0259l\u0259\u015fm\u0259l\u0259r v\u0259 investisiyalar\u201d etm\u0259kd\u0259 g\u00fcnahland\u0131r\u0131l\u0131r.\n<\/p>\n<p>\n  Anqola Afrikan\u0131n neft v\u0259 brilyant kimi yeralt\u0131 s\u0259rv\u0259tl\u0259rl\u0259 z\u0259ngin \u00f6lk\u0259l\u0259rind\u0259n biridir.\n<\/p>\n<p>\n  Telekommunikasiya s\u0259nayesi v\u0259 da\u015f\u0131nmaz \u0259mlak c\u0259lbedici investisiya sah\u0259l\u0259rind\u0259n say\u0131l\u0131r.\n<\/p>\n<p>\n  \u0130ttihamlar\u0131 r\u0259dd ed\u0259n Dos Santos iddialar\u0131n siyasi motivli oldu\u011funu iddia edir v\u0259 bildirir ki, olanlar onu h\u0259d\u0259f alan \u201ccadug\u0259r ovu\u201d nun bir par\u00e7as\u0131d\u0131r.\n<\/p>\n<p>\n  Haz\u0131rda Dos Santos haqda Anqolada korrupsiya ara\u015fd\u0131rmas\u0131 ba\u015flan\u0131b. Onun Londona k\u00f6\u00e7d\u00fcy\u00fc v\u0259 \u0130ngilt\u0259r\u0259d\u0259 bahal\u0131 da\u015f\u0131nmaz \u0259mlak ald\u0131\u011f\u0131 bildirilir.\n<\/p>\n<p>\n  BBC-nin 37 beyn\u0259lxalq yay\u0131m t\u0259\u015fkilat\u0131 il\u0259 birlikd\u0259 \u0259ld\u0259 etdiyi 700.000 s\u0259hif\u0259lik s\u0259n\u0259di \u201cPlatform to Protect Whistle-blowers in Africa\u201d adl\u0131 \u201cgizli qaynaqlar\u201d t\u0259\u015fkilat\u0131n\u0131n s\u0131zd\u0131r\u0131ld\u0131\u011f\u0131 bildirilir.\n<\/p>\n<p>\n  \u0130ngilt\u0259r\u0259d\u0259ki \u201cCorruptioln Watch\u201d-un r\u0259hb\u0259ri Andryu Fayn\u015ftayn (Andrew Feinstein) Dos Santosun Anqolan\u0131 c\u0259zas\u0131n\u0131 siravi anqolal\u0131lar\u0131n \u00f6d\u0259diyi \u015f\u0259kild\u0259 istismar etdiyini deyib.\n<\/p>\n<p>\n  \u201cD\u00fcnyan\u0131n h\u0259r hans\u0131 bir yerind\u0259 jurnal qapaqlar\u0131n\u0131 b\u0259z\u0259y\u0259nd\u0259 v\u0259 ya Fransan\u0131n c\u0259nubunda g\u00f6st\u0259ri\u015fli partil\u0259r ke\u00e7ir\u0259nd\u0259 bunlar\u0131 h\u0259mi\u015f\u0259 Anqola v\u0259t\u0259nda\u015flar\u0131n\u0131n ideallar\u0131n\u0131 \u0259z\u0259r\u0259k edir\u201d,- Fayn\u015ftayn deyib.<\/p>\n","protected":false},"excerpt":{"rendered":"<p>\u0130ngilt\u0259r\u0259d\u0259ki \u201cCorruptioln Watch\u201d-un r\u0259hb\u0259ri Andryu Fayn\u015ftayn (Andrew Feinstein) Dos Santosun Anqolan\u0131 c\u0259zas\u0131n\u0131 siravi anqolal\u0131lar\u0131n \u00f6d\u0259diyi \u015f\u0259kild\u0259 istismar etdiyini deyib<\/p>\n","protected":false},"author":11,"featured_media":136297,"comment_status":"closed","ping_status":"open","sticky":false,"template":"","format":"standard","meta":{"_acf_changed":false,"_sitemap_exclude":false,"_sitemap_priority":"","_sitemap_frequency":"","footnotes":""},"categories":[64],"tags":[],"class_list":["post-198914","post","type-post","status-publish","format-standard","has-post-thumbnail","hentry","category-dunya","infinite-scroll-item","generate-columns","tablet-grid-50","mobile-grid-100","grid-parent","grid-33","no-featured-image-padding"],"acf":[],"yoast_head":"<!-- This site is optimized with the Yoast SEO plugin v27.5 - https:\/\/yoast.com\/product\/yoast-seo-wordpress\/ -->\n<title>Anqolan\u0131n ke\u00e7mi\u015f prezidentinin ail\u0259si il\u0259 ba\u011fl\u0131 s\u0259n\u0259dl\u0259r ortaya \u00e7\u0131x\u0131b - MEYDAN.TV<\/title>\n<meta name=\"robots\" content=\"index, follow, max-snippet:-1, max-image-preview:large, max-video-preview:-1\" \/>\n<link rel=\"canonical\" href=\"https:\/\/www.meydan.tv\/az\/article\/anqolanin-kecmis-prezidentinin-ailesi-ile-bagli-senedler-ortaya-cixib\/\" \/>\n<meta property=\"og:locale\" content=\"az_AZ\" \/>\n<meta property=\"og:type\" content=\"article\" \/>\n<meta property=\"og:title\" content=\"Anqolan\u0131n ke\u00e7mi\u015f prezidentinin ail\u0259si il\u0259 ba\u011fl\u0131 s\u0259n\u0259dl\u0259r ortaya \u00e7\u0131x\u0131b - MEYDAN.TV\" \/>\n<meta property=\"og:description\" content=\"\u0130ngilt\u0259r\u0259d\u0259ki \u201cCorruptioln Watch\u201d-un r\u0259hb\u0259ri Andryu Fayn\u015ftayn (Andrew Feinstein) Dos Santosun Anqolan\u0131 c\u0259zas\u0131n\u0131 siravi anqolal\u0131lar\u0131n \u00f6d\u0259diyi \u015f\u0259kild\u0259 istismar etdiyini deyib\" \/>\n<meta property=\"og:url\" content=\"https:\/\/www.meydan.tv\/az\/article\/anqolanin-kecmis-prezidentinin-ailesi-ile-bagli-senedler-ortaya-cixib\/\" \/>\n<meta property=\"og:site_name\" content=\"MEYDAN.TV\" \/>\n<meta property=\"article:published_time\" content=\"2020-01-22T18:46:31+00:00\" \/>\n<meta property=\"og:image\" content=\"https:\/\/www.meydan.tv\/wp-content\/uploads\/16908337_303.jpg\" \/>\n\t<meta property=\"og:image:width\" content=\"852\" \/>\n\t<meta property=\"og:image:height\" content=\"480\" \/>\n\t<meta property=\"og:image:type\" content=\"image\/jpeg\" \/>\n<meta name=\"author\" content=\"user-manager\" \/>\n<meta name=\"twitter:card\" content=\"summary_large_image\" \/>\n<script type=\"application\/ld+json\" class=\"yoast-schema-graph\">{\"@context\":\"https:\\\/\\\/schema.org\",\"@graph\":[{\"@type\":\"Article\",\"@id\":\"https:\\\/\\\/www.meydan.tv\\\/az\\\/article\\\/anqolanin-kecmis-prezidentinin-ailesi-ile-bagli-senedler-ortaya-cixib\\\/#article\",\"isPartOf\":{\"@id\":\"https:\\\/\\\/www.meydan.tv\\\/az\\\/article\\\/anqolanin-kecmis-prezidentinin-ailesi-ile-bagli-senedler-ortaya-cixib\\\/\"},\"author\":{\"name\":\"user-manager\",\"@id\":\"https:\\\/\\\/www.meydan.tv\\\/az\\\/#\\\/schema\\\/person\\\/10d11eccf6da3662cf5fdab9806ea91a\"},\"headline\":\"Anqolan\u0131n ke\u00e7mi\u015f prezidentinin ail\u0259si il\u0259 ba\u011fl\u0131 s\u0259n\u0259dl\u0259r ortaya \u00e7\u0131x\u0131b\",\"datePublished\":\"2020-01-22T18:46:31+00:00\",\"mainEntityOfPage\":{\"@id\":\"https:\\\/\\\/www.meydan.tv\\\/az\\\/article\\\/anqolanin-kecmis-prezidentinin-ailesi-ile-bagli-senedler-ortaya-cixib\\\/\"},\"wordCount\":342,\"publisher\":{\"@id\":\"https:\\\/\\\/www.meydan.tv\\\/az\\\/#organization\"},\"image\":{\"@id\":\"https:\\\/\\\/www.meydan.tv\\\/az\\\/article\\\/anqolanin-kecmis-prezidentinin-ailesi-ile-bagli-senedler-ortaya-cixib\\\/#primaryimage\"},\"thumbnailUrl\":\"https:\\\/\\\/www.meydan.tv\\\/wp-content\\\/uploads\\\/16908337_303.jpg\",\"articleSection\":[\"D\u00fcnya\"],\"inLanguage\":\"az\"},{\"@type\":\"WebPage\",\"@id\":\"https:\\\/\\\/www.meydan.tv\\\/az\\\/article\\\/anqolanin-kecmis-prezidentinin-ailesi-ile-bagli-senedler-ortaya-cixib\\\/\",\"url\":\"https:\\\/\\\/www.meydan.tv\\\/az\\\/article\\\/anqolanin-kecmis-prezidentinin-ailesi-ile-bagli-senedler-ortaya-cixib\\\/\",\"name\":\"Anqolan\u0131n ke\u00e7mi\u015f prezidentinin ail\u0259si il\u0259 ba\u011fl\u0131 s\u0259n\u0259dl\u0259r ortaya \u00e7\u0131x\u0131b - MEYDAN.TV\",\"isPartOf\":{\"@id\":\"https:\\\/\\\/www.meydan.tv\\\/az\\\/#website\"},\"primaryImageOfPage\":{\"@id\":\"https:\\\/\\\/www.meydan.tv\\\/az\\\/article\\\/anqolanin-kecmis-prezidentinin-ailesi-ile-bagli-senedler-ortaya-cixib\\\/#primaryimage\"},\"image\":{\"@id\":\"https:\\\/\\\/www.meydan.tv\\\/az\\\/article\\\/anqolanin-kecmis-prezidentinin-ailesi-ile-bagli-senedler-ortaya-cixib\\\/#primaryimage\"},\"thumbnailUrl\":\"https:\\\/\\\/www.meydan.tv\\\/wp-content\\\/uploads\\\/16908337_303.jpg\",\"datePublished\":\"2020-01-22T18:46:31+00:00\",\"breadcrumb\":{\"@id\":\"https:\\\/\\\/www.meydan.tv\\\/az\\\/article\\\/anqolanin-kecmis-prezidentinin-ailesi-ile-bagli-senedler-ortaya-cixib\\\/#breadcrumb\"},\"inLanguage\":\"az\",\"potentialAction\":[{\"@type\":\"ReadAction\",\"target\":[\"https:\\\/\\\/www.meydan.tv\\\/az\\\/article\\\/anqolanin-kecmis-prezidentinin-ailesi-ile-bagli-senedler-ortaya-cixib\\\/\"]}]},{\"@type\":\"ImageObject\",\"inLanguage\":\"az\",\"@id\":\"https:\\\/\\\/www.meydan.tv\\\/az\\\/article\\\/anqolanin-kecmis-prezidentinin-ailesi-ile-bagli-senedler-ortaya-cixib\\\/#primaryimage\",\"url\":\"https:\\\/\\\/www.meydan.tv\\\/wp-content\\\/uploads\\\/16908337_303.jpg\",\"contentUrl\":\"https:\\\/\\\/www.meydan.tv\\\/wp-content\\\/uploads\\\/16908337_303.jpg\",\"width\":852,\"height\":480,\"caption\":\"Source: Foto: google.ru\"},{\"@type\":\"BreadcrumbList\",\"@id\":\"https:\\\/\\\/www.meydan.tv\\\/az\\\/article\\\/anqolanin-kecmis-prezidentinin-ailesi-ile-bagli-senedler-ortaya-cixib\\\/#breadcrumb\",\"itemListElement\":[{\"@type\":\"ListItem\",\"position\":1,\"name\":\"Ana s\u0259hif\u0259\",\"item\":\"https:\\\/\\\/www.meydan.tv\\\/az\\\/\"},{\"@type\":\"ListItem\",\"position\":2,\"name\":\"D\u00fcnya\",\"item\":\"https:\\\/\\\/www.meydan.tv\\\/az\\\/section\\\/dunya\\\/\"},{\"@type\":\"ListItem\",\"position\":3,\"name\":\"Anqolan\u0131n ke\u00e7mi\u015f prezidentinin ail\u0259si il\u0259 ba\u011fl\u0131 s\u0259n\u0259dl\u0259r ortaya \u00e7\u0131x\u0131b\"}]},{\"@type\":\"WebSite\",\"@id\":\"https:\\\/\\\/www.meydan.tv\\\/az\\\/#website\",\"url\":\"https:\\\/\\\/www.meydan.tv\\\/az\\\/\",\"name\":\"MEYDAN.TV\",\"description\":\"Meydan TV Az\u0259rbaycan\u0131n media m\u0259kan\u0131ndak\u0131 alternativ s\u0259sidir\",\"publisher\":{\"@id\":\"https:\\\/\\\/www.meydan.tv\\\/az\\\/#organization\"},\"potentialAction\":[{\"@type\":\"SearchAction\",\"target\":{\"@type\":\"EntryPoint\",\"urlTemplate\":\"https:\\\/\\\/www.meydan.tv\\\/az\\\/?s={search_term_string}\"},\"query-input\":{\"@type\":\"PropertyValueSpecification\",\"valueRequired\":true,\"valueName\":\"search_term_string\"}}],\"inLanguage\":\"az\"},{\"@type\":\"Organization\",\"@id\":\"https:\\\/\\\/www.meydan.tv\\\/az\\\/#organization\",\"name\":\"Meydan TV\",\"url\":\"https:\\\/\\\/www.meydan.tv\\\/az\\\/\",\"logo\":{\"@type\":\"ImageObject\",\"inLanguage\":\"az\",\"@id\":\"https:\\\/\\\/www.meydan.tv\\\/az\\\/#\\\/schema\\\/logo\\\/image\\\/\",\"url\":\"https:\\\/\\\/www.meydan.tv\\\/wp-content\\\/uploads\\\/2021\\\/07\\\/meydan-logo.svg\",\"contentUrl\":\"https:\\\/\\\/www.meydan.tv\\\/wp-content\\\/uploads\\\/2021\\\/07\\\/meydan-logo.svg\",\"width\":195,\"height\":46,\"caption\":\"Meydan TV\"},\"image\":{\"@id\":\"https:\\\/\\\/www.meydan.tv\\\/az\\\/#\\\/schema\\\/logo\\\/image\\\/\"}},{\"@type\":\"Person\",\"@id\":\"https:\\\/\\\/www.meydan.tv\\\/az\\\/#\\\/schema\\\/person\\\/10d11eccf6da3662cf5fdab9806ea91a\",\"name\":\"user-manager\"}]}<\/script>\n<!-- \/ Yoast SEO plugin. -->","yoast_head_json":{"title":"Anqolan\u0131n ke\u00e7mi\u015f prezidentinin ail\u0259si il\u0259 ba\u011fl\u0131 s\u0259n\u0259dl\u0259r ortaya \u00e7\u0131x\u0131b - MEYDAN.TV","robots":{"index":"index","follow":"follow","max-snippet":"max-snippet:-1","max-image-preview":"max-image-preview:large","max-video-preview":"max-video-preview:-1"},"canonical":"https:\/\/www.meydan.tv\/az\/article\/anqolanin-kecmis-prezidentinin-ailesi-ile-bagli-senedler-ortaya-cixib\/","og_locale":"az_AZ","og_type":"article","og_title":"Anqolan\u0131n ke\u00e7mi\u015f prezidentinin ail\u0259si il\u0259 ba\u011fl\u0131 s\u0259n\u0259dl\u0259r ortaya \u00e7\u0131x\u0131b - MEYDAN.TV","og_description":"\u0130ngilt\u0259r\u0259d\u0259ki \u201cCorruptioln Watch\u201d-un r\u0259hb\u0259ri Andryu Fayn\u015ftayn (Andrew Feinstein) Dos Santosun Anqolan\u0131 c\u0259zas\u0131n\u0131 siravi anqolal\u0131lar\u0131n \u00f6d\u0259diyi \u015f\u0259kild\u0259 istismar etdiyini deyib","og_url":"https:\/\/www.meydan.tv\/az\/article\/anqolanin-kecmis-prezidentinin-ailesi-ile-bagli-senedler-ortaya-cixib\/","og_site_name":"MEYDAN.TV","article_published_time":"2020-01-22T18:46:31+00:00","og_image":[{"width":852,"height":480,"url":"https:\/\/www.meydan.tv\/wp-content\/uploads\/16908337_303.jpg","type":"image\/jpeg"}],"author":"user-manager","twitter_card":"summary_large_image","schema":{"@context":"https:\/\/schema.org","@graph":[{"@type":"Article","@id":"https:\/\/www.meydan.tv\/az\/article\/anqolanin-kecmis-prezidentinin-ailesi-ile-bagli-senedler-ortaya-cixib\/#article","isPartOf":{"@id":"https:\/\/www.meydan.tv\/az\/article\/anqolanin-kecmis-prezidentinin-ailesi-ile-bagli-senedler-ortaya-cixib\/"},"author":{"name":"user-manager","@id":"https:\/\/www.meydan.tv\/az\/#\/schema\/person\/10d11eccf6da3662cf5fdab9806ea91a"},"headline":"Anqolan\u0131n ke\u00e7mi\u015f prezidentinin ail\u0259si il\u0259 ba\u011fl\u0131 s\u0259n\u0259dl\u0259r ortaya \u00e7\u0131x\u0131b","datePublished":"2020-01-22T18:46:31+00:00","mainEntityOfPage":{"@id":"https:\/\/www.meydan.tv\/az\/article\/anqolanin-kecmis-prezidentinin-ailesi-ile-bagli-senedler-ortaya-cixib\/"},"wordCount":342,"publisher":{"@id":"https:\/\/www.meydan.tv\/az\/#organization"},"image":{"@id":"https:\/\/www.meydan.tv\/az\/article\/anqolanin-kecmis-prezidentinin-ailesi-ile-bagli-senedler-ortaya-cixib\/#primaryimage"},"thumbnailUrl":"https:\/\/www.meydan.tv\/wp-content\/uploads\/16908337_303.jpg","articleSection":["D\u00fcnya"],"inLanguage":"az"},{"@type":"WebPage","@id":"https:\/\/www.meydan.tv\/az\/article\/anqolanin-kecmis-prezidentinin-ailesi-ile-bagli-senedler-ortaya-cixib\/","url":"https:\/\/www.meydan.tv\/az\/article\/anqolanin-kecmis-prezidentinin-ailesi-ile-bagli-senedler-ortaya-cixib\/","name":"Anqolan\u0131n ke\u00e7mi\u015f prezidentinin ail\u0259si il\u0259 ba\u011fl\u0131 s\u0259n\u0259dl\u0259r ortaya \u00e7\u0131x\u0131b - MEYDAN.TV","isPartOf":{"@id":"https:\/\/www.meydan.tv\/az\/#website"},"primaryImageOfPage":{"@id":"https:\/\/www.meydan.tv\/az\/article\/anqolanin-kecmis-prezidentinin-ailesi-ile-bagli-senedler-ortaya-cixib\/#primaryimage"},"image":{"@id":"https:\/\/www.meydan.tv\/az\/article\/anqolanin-kecmis-prezidentinin-ailesi-ile-bagli-senedler-ortaya-cixib\/#primaryimage"},"thumbnailUrl":"https:\/\/www.meydan.tv\/wp-content\/uploads\/16908337_303.jpg","datePublished":"2020-01-22T18:46:31+00:00","breadcrumb":{"@id":"https:\/\/www.meydan.tv\/az\/article\/anqolanin-kecmis-prezidentinin-ailesi-ile-bagli-senedler-ortaya-cixib\/#breadcrumb"},"inLanguage":"az","potentialAction":[{"@type":"ReadAction","target":["https:\/\/www.meydan.tv\/az\/article\/anqolanin-kecmis-prezidentinin-ailesi-ile-bagli-senedler-ortaya-cixib\/"]}]},{"@type":"ImageObject","inLanguage":"az","@id":"https:\/\/www.meydan.tv\/az\/article\/anqolanin-kecmis-prezidentinin-ailesi-ile-bagli-senedler-ortaya-cixib\/#primaryimage","url":"https:\/\/www.meydan.tv\/wp-content\/uploads\/16908337_303.jpg","contentUrl":"https:\/\/www.meydan.tv\/wp-content\/uploads\/16908337_303.jpg","width":852,"height":480,"caption":"Source: Foto: google.ru"},{"@type":"BreadcrumbList","@id":"https:\/\/www.meydan.tv\/az\/article\/anqolanin-kecmis-prezidentinin-ailesi-ile-bagli-senedler-ortaya-cixib\/#breadcrumb","itemListElement":[{"@type":"ListItem","position":1,"name":"Ana s\u0259hif\u0259","item":"https:\/\/www.meydan.tv\/az\/"},{"@type":"ListItem","position":2,"name":"D\u00fcnya","item":"https:\/\/www.meydan.tv\/az\/section\/dunya\/"},{"@type":"ListItem","position":3,"name":"Anqolan\u0131n ke\u00e7mi\u015f prezidentinin ail\u0259si il\u0259 ba\u011fl\u0131 s\u0259n\u0259dl\u0259r ortaya \u00e7\u0131x\u0131b"}]},{"@type":"WebSite","@id":"https:\/\/www.meydan.tv\/az\/#website","url":"https:\/\/www.meydan.tv\/az\/","name":"MEYDAN.TV","description":"Meydan TV Az\u0259rbaycan\u0131n media m\u0259kan\u0131ndak\u0131 alternativ s\u0259sidir","publisher":{"@id":"https:\/\/www.meydan.tv\/az\/#organization"},"potentialAction":[{"@type":"SearchAction","target":{"@type":"EntryPoint","urlTemplate":"https:\/\/www.meydan.tv\/az\/?s={search_term_string}"},"query-input":{"@type":"PropertyValueSpecification","valueRequired":true,"valueName":"search_term_string"}}],"inLanguage":"az"},{"@type":"Organization","@id":"https:\/\/www.meydan.tv\/az\/#organization","name":"Meydan TV","url":"https:\/\/www.meydan.tv\/az\/","logo":{"@type":"ImageObject","inLanguage":"az","@id":"https:\/\/www.meydan.tv\/az\/#\/schema\/logo\/image\/","url":"https:\/\/www.meydan.tv\/wp-content\/uploads\/2021\/07\/meydan-logo.svg","contentUrl":"https:\/\/www.meydan.tv\/wp-content\/uploads\/2021\/07\/meydan-logo.svg","width":195,"height":46,"caption":"Meydan TV"},"image":{"@id":"https:\/\/www.meydan.tv\/az\/#\/schema\/logo\/image\/"}},{"@type":"Person","@id":"https:\/\/www.meydan.tv\/az\/#\/schema\/person\/10d11eccf6da3662cf5fdab9806ea91a","name":"user-manager"}]}},"_links":{"self":[{"href":"https:\/\/www.meydan.tv\/az\/wp-json\/wp\/v2\/posts\/198914","targetHints":{"allow":["GET"]}}],"collection":[{"href":"https:\/\/www.meydan.tv\/az\/wp-json\/wp\/v2\/posts"}],"about":[{"href":"https:\/\/www.meydan.tv\/az\/wp-json\/wp\/v2\/types\/post"}],"author":[{"embeddable":true,"href":"https:\/\/www.meydan.tv\/az\/wp-json\/wp\/v2\/users\/11"}],"replies":[{"embeddable":true,"href":"https:\/\/www.meydan.tv\/az\/wp-json\/wp\/v2\/comments?post=198914"}],"version-history":[{"count":0,"href":"https:\/\/www.meydan.tv\/az\/wp-json\/wp\/v2\/posts\/198914\/revisions"}],"wp:featuredmedia":[{"embeddable":true,"href":"https:\/\/www.meydan.tv\/az\/wp-json\/wp\/v2\/media\/136297"}],"wp:attachment":[{"href":"https:\/\/www.meydan.tv\/az\/wp-json\/wp\/v2\/media?parent=198914"}],"wp:term":[{"taxonomy":"category","embeddable":true,"href":"https:\/\/www.meydan.tv\/az\/wp-json\/wp\/v2\/categories?post=198914"},{"taxonomy":"post_tag","embeddable":true,"href":"https:\/\/www.meydan.tv\/az\/wp-json\/wp\/v2\/tags?post=198914"}],"curies":[{"name":"wp","href":"https:\/\/api.w.org\/{rel}","templated":true}]}}