{"id":198906,"date":"2020-01-22T13:13:47","date_gmt":"2020-01-22T13:13:47","guid":{"rendered":"https:\/\/www.meydan.tv\/article\/kendli-dovlet-iki-inek-verdi-1-aydan-sonra-ikisi-de-oldu\/"},"modified":"2020-01-22T13:13:47","modified_gmt":"2020-01-22T13:13:47","slug":"kendli-dovlet-iki-inek-verdi-1-aydan-sonra-ikisi-de-oldu","status":"publish","type":"post","link":"https:\/\/www.meydan.tv\/az\/article\/kendli-dovlet-iki-inek-verdi-1-aydan-sonra-ikisi-de-oldu\/","title":{"rendered":"K\u0259ndli: D\u00f6vl\u0259t iki in\u0259k verdi, 1 aydan sonra ikisi d\u0259 \u00f6ld\u00fc"},"content":{"rendered":"<p>\n  <i><br \/>\n    \u00d6z\u00fcn\u0259m\u0259\u015f\u011fulluq Proqram\u0131 v\u0259 \u0259lilin da\u015fa d\u0259y\u0259n x\u0259yallar\u0131&#8230;<br \/>\n  <\/i>\n<\/p>\n<p>\n  \u201cM\u0259\u015f\u011fulluq M\u0259rk\u0259zi il\u0259 \u0259laq\u0259 saxlay\u0131ram, deyirl\u0259r, h\u0259l\u0259 g\u00f6zl\u0259, in\u0259kl\u0259rin \u00f6l\u00fcm\u00fc il\u0259 ba\u011fl\u0131 ara\u015fd\u0131rmalar davam edir, bit\u0259nd\u0259n sonra m\u0259lumat veril\u0259c\u0259k\u201d.\n<\/p>\n<p>\n  G\u0259d\u0259b\u0259yin \u00c7alda\u015f k\u0259nd sakini Nem\u0259t \u018fhm\u0259dov bu ilin sonlar\u0131nda \u018fm\u0259k v\u0259 \u018fhalinin Sosial M\u00fcdafi\u0259 Nazirliyinin \u00d6z\u00fcn\u0259m\u0259\u015f\u011fulluq Proqram\u0131na qo\u015fulub. Noyabr\u0131n 4-d\u0259 G\u0259d\u0259b\u0259y \u015f\u0259h\u0259r M\u0259\u015f\u011fulluq M\u0259rk\u0259zi t\u0259r\u0259find\u0259n ona iki in\u0259k verilib. Ancaq q\u0131sa m\u00fcdd\u0259td\u0259n sonra h\u0259r iki in\u0259k nec\u0259 dey\u0259rl\u0259r, can\u0131n\u0131 tap\u015f\u0131r\u0131b. Nem\u0259t \u018fhm\u0259dov deyir, heyvanlar ona t\u0259hvil-t\u0259slim edil\u0259rk\u0259n sa\u011flam ad\u0131yla aktla\u015fd\u0131r\u0131l\u0131b.\n<\/p>\n<p>\n  <b><br \/>\n    \u201cHardan bil\u0259ydim ki, m\u0259n\u0259 x\u0259st\u0259 heyvanlar verilib?\u201d<br \/>\n  <\/b>\n<\/p>\n<p>\n  \u201cS\u0259n\u0259dd\u0259 h\u0259r ikisi sa\u011flam heyvan kimi qeyd olunmu\u015fdu. Ar\u0131q olsalar da, h\u0259r ikisi ayaq \u00fcst\u0259 dayana bilirdi, m\u0259n hardan bil\u0259ydim ki, bunlar\u0131n ciy\u0259rl\u0259ri x\u0259st\u0259dir? Aktda iki heyvan, 400 kiloqram da yem qeyd olunmu\u015fdu v\u0259 orda qeyd olunanlar da m\u0259n\u0259 verilmi\u015fdi. Ancaq t\u0259\u0259ss\u00fcf ki, o in\u0259kl\u0259r h\u0259y\u0259timd\u0259 c\u0259mi 1 ay qala bildi. H\u0259r ikisi \u00f6l\u0259nd\u0259n sonra bilmi\u015f\u0259m ki, 1 ay \u0259rzind\u0259 x\u0259st\u0259 in\u0259kl\u0259r\u0259 qulluq etmi\u015f\u0259m. Soru\u015furam ki, bu heyvanlar \u0259haliy\u0259 veril\u0259nd\u0259 baytar t\u0259r\u0259find\u0259n yoxlamadan ke\u00e7mir? Bu heyvanlar\u0131 \u0259haliy\u0259 ver\u0259n d\u00f6vl\u0259t bilmir ki, x\u0259st\u0259 heyvanlarla k\u0259nd t\u0259s\u0259rr\u00fcfat\u0131 qurulmur? \u00c7iyinl\u0259rini \u00e7\u0259kirl\u0259r\u201d, &#8211; Nem\u0259t \u018fhm\u0259dov deyir.\n<\/p>\n<figure class=\"wp-block-image size-large\">\n  <img decoding=\"async\" src=\"https:\/\/www.meydan.tv\/az\/screenshot-2020-01-22-at-13-01-45-png-2\/\" alt=\"Screenshot 2020-01-22 at 13.01.45.png\" class=\"wp-image-136225\"\/><figcaption>\n    x\u0259st\u0259 heyvanlar<br \/>\n  <\/figcaption><\/figure>\n<p>\n  <b><br \/>\n    K\u0259ndli \u0259vv\u0259l sevinib, sonra m\u0259yus olub&#8230;<br \/>\n  <\/b>\n<\/p>\n<p>\n  Nem\u0259t \u018fhm\u0259dov h\u0259rbi \u0259lildir, bir aya\u011f\u0131 amputasiya olunub, dolan\u0131\u015f\u0131\u011f\u0131 \u00a0\u00e7\u0259tindir. \u00d6z\u00fcn\u0259m\u0259\u015f\u011fulluq Proqramlar\u0131 haqq\u0131nda e\u015fid\u0259nd\u0259 \u00e7ox sevinib, \u00a0d\u00fc\u015f\u00fcn\u00fcb ki, n\u0259hay\u0259t, d\u00f6vl\u0259t yoxsul t\u0259b\u0259q\u0259y\u0259 d\u0259 diqq\u0259t ay\u0131rma\u011fa ba\u015flay\u0131b. Proqrama qo\u015fulmaq \u00fc\u00e7\u00fcn b\u00fct\u00fcn t\u0259l\u0259bl\u0259ri yerin\u0259 yetirib, uzun-uzad\u0131 prosedurlardan sonra n\u0259hay\u0259t, ona saxlay\u0131b art\u0131rmaq, heyvandarl\u0131q t\u0259s\u0259rr\u00fcfat\u0131 il\u0259 m\u0259\u015f\u011ful olmaq \u00fc\u00e7\u00fcn d\u00f6vl\u0259t heyvan t\u0259klif edib. \u018fvv\u0259l sevinib, bil\u0259nd\u0259 ki, bu heyvan vur-tut iki in\u0259kd\u0259n ibar\u0259tdir, m\u0259yus olub:\n<\/p>\n<p>\n  \u201c\u018fslind\u0259 m\u0259n x\u0131rdabuynuzlu heyvan ist\u0259yirdim, deyirdim, m\u0259n\u0259 qoyun verin, saxlay\u0131m, \u00e7oxald\u0131m. Dedil\u0259r, qoyun olmayacaq, yaln\u0131z in\u0259k ver\u0259 bil\u0259rik. \u0130n\u0259kl\u0259ri d\u0259 \u00e7ox ar\u0131q idi, ancaq dediyim kimi, ayaq \u00fcst\u0259 dayana bilm\u0259l\u0259ri m\u0259ni aldatd\u0131, ka\u015f ki, arxay\u0131n olmayayd\u0131m, \u00f6z\u00fcm d\u0259 heyvanlar\u0131 ba\u015fqa bir baytara yoxlatd\u0131rayd\u0131m, x\u0259st\u0259 olduqlar\u0131n\u0131 bilib yerind\u0259c\u0259 geri qaytarard\u0131m. Bu, k\u0259ndliy\u0259 yax\u015f\u0131l\u0131q etm\u0259k deyil, onsuz da yoxsulluqdan \u0259ziyy\u0259t \u00e7\u0259k\u0259n k\u0259ndlini \u0259l\u0259 salmaqd\u0131r. Ancaq yen\u0259 d\u0259, \u201cyoxa l\u0259n\u0259t\u201d deyib, raz\u0131la\u015fd\u0131m. 1 aydan sonra in\u0259kl\u0259rin x\u0259st\u0259likd\u0259n t\u0259l\u0259f olmas\u0131 m\u0259ni ikiqat m\u0259yus etdi. Rayonda ham\u0131 m\u0259nim kimi, \u201cyoxa l\u0259n\u0259t\u201d deyib, M\u0259\u015f\u011fulluq M\u0259rk\u0259zinin b\u00fct\u00fcn \u015f\u0259rtl\u0259rin\u0259, verdikl\u0259ri x\u0259st\u0259, ar\u0131q heyvanlara raz\u0131la\u015fmal\u0131 olur. \u0130nsanlar\u0131n kas\u0131b\u00e7\u0131l\u0131\u011f\u0131 qar\u015f\u0131lar\u0131na s\u0259dd kimi \u00e7\u0259kilib, m\u0259murlar insanlar\u0131n hissl\u0259ri il\u0259 oynay\u0131rlarlar\u201d.\n<\/p>\n<p>\n  <b><br \/>\n    \u201c\u0130ki aydan \u00e7oxdur g\u00f6zl\u0259yir\u0259m\u201d<br \/>\n  <\/b>\n<\/p>\n<p>\n  Haz\u0131rda is\u0259 Nem\u0259t \u018fhm\u0259dov rayonun M\u0259\u015f\u011fulluq M\u0259rk\u0259zind\u0259n ona h\u0259min heyvanlar\u0131n \u0259v\u0259zinin verilm\u0259sini ist\u0259yir. Deyir, n\u0259 vaxt m\u0259rk\u0259zl\u0259 \u0259laq\u0259 saxlasa, ona g\u00f6zl\u0259m\u0259yi m\u0259sl\u0259h\u0259t g\u00f6r\u00fcrl\u0259r:\n<\/p>\n<p>\n  \u201cHeyvanlar \u00f6l\u0259nd\u0259n sonra m\u0259rk\u0259zl\u0259 \u0259laq\u0259 saxlad\u0131m, dedil\u0259r, \u0259l vurma, fotolar\u0131n\u0131, videolar\u0131n\u0131 \u00e7\u0259k, biz\u0259 g\u00f6nd\u0259r. M\u0259n d\u0259 dedikl\u0259ri kimi etdim, sonra baytar g\u00f6nd\u0259rdil\u0259r, baytar g\u0259ldi, baxd\u0131, aktla\u015fd\u0131rd\u0131lar, le\u015fl\u0259ri g\u00f6t\u00fcr\u00fcb, getdil\u0259r. M\u0259n\u0259 verdikl\u0259ri akt\u0131 da apar\u0131b rayonun M\u0259\u015f\u011fulluq M\u0259rk\u0259zin\u0259 verdim. Dedil\u0259r, g\u00f6zl\u0259&#8230; \u0130ki aydan \u00e7oxdur g\u00f6zl\u0259yir\u0259m, n\u0259 vaxt \u0259laq\u0259 saxlasam, deyirl\u0259r, ara\u015fd\u0131rmalar bitsin, g\u00f6r\u0259k n\u0259 olur&#8230;\u201d\n<\/p>\n<p>\n  G\u0259d\u0259b\u0259y \u015f\u0259h\u0259r M\u0259\u015f\u011fulluq M\u0259rk\u0259zind\u0259n Meydan TV-y\u0259 bildirilib ki, \u00c7alda\u015f k\u0259nd sakini Nem\u0259t \u018fhm\u0259dova t\u0259l\u0259f olmu\u015f heyvanlar\u0131n \u0259v\u0259zi olaraq ba\u015fqa heyvanlar veril\u0259c\u0259k. \u018fvv\u0259lki heyvanlar\u0131n t\u0259l\u0259f olmas\u0131na g\u0259linc\u0259, m\u0259rk\u0259zd\u0259n bildirilib ki, heyvanlar v\u0259t\u0259nda\u015fa t\u0259hvil veril\u0259rk\u0259n baytar m\u00fcayin\u0259sind\u0259n ke\u00e7ib v\u0259 sa\u011flam olmalar\u0131 bar\u0259d\u0259 r\u0259y verilib. Sonradan hans\u0131 s\u0259b\u0259bd\u0259n t\u0259l\u0259f olmalar\u0131 m\u0259lum deyil.\n<\/p>\n<p>\n  \u00d6z\u00fcn\u0259m\u0259\u015f\u011fulluq Proqram\u0131 4 il \u0259vv\u0259l azt\u0259minatl\u0131 ail\u0259l\u0259rin sosial m\u00fcdafi\u0259sinin g\u00fccl\u0259ndirilm\u0259sin\u0259, bel\u0259 ail\u0259l\u0259rin \u00f6z t\u0259s\u0259rr\u00fcfatlar\u0131n\u0131 v\u0259 biznesl\u0259rini qurmas\u0131na d\u0259st\u0259k m\u0259qs\u0259dil\u0259 yarad\u0131lsa da, proqrama c\u0259lb olunan v\u0259t\u0259nda\u015flar\u0131n aras\u0131nda raz\u0131 qalmayanlar var.<\/p>\n","protected":false},"excerpt":{"rendered":"<p>\u00d6z\u00fcn\u0259m\u0259\u015f\u011fulluq Proqram\u0131 v\u0259 \u0259lilin da\u015fa d\u0259y\u0259n x\u0259yallar\u0131&#8230;<\/p>\n","protected":false},"author":11,"featured_media":136222,"comment_status":"closed","ping_status":"open","sticky":false,"template":"","format":"standard","meta":{"_acf_changed":false,"_sitemap_exclude":false,"_sitemap_priority":"","_sitemap_frequency":"","footnotes":""},"categories":[60],"tags":[],"class_list":["post-198906","post","type-post","status-publish","format-standard","has-post-thumbnail","hentry","category-bolge","infinite-scroll-item","generate-columns","tablet-grid-50","mobile-grid-100","grid-parent","grid-33","no-featured-image-padding"],"acf":[],"yoast_head":"<!-- This site is optimized with the Yoast SEO plugin v27.5 - https:\/\/yoast.com\/product\/yoast-seo-wordpress\/ -->\n<title>K\u0259ndli: D\u00f6vl\u0259t iki in\u0259k verdi, 1 aydan sonra ikisi d\u0259 \u00f6ld\u00fc - MEYDAN.TV<\/title>\n<meta name=\"robots\" content=\"index, follow, max-snippet:-1, max-image-preview:large, max-video-preview:-1\" \/>\n<link rel=\"canonical\" href=\"https:\/\/www.meydan.tv\/az\/article\/kendli-dovlet-iki-inek-verdi-1-aydan-sonra-ikisi-de-oldu\/\" \/>\n<meta property=\"og:locale\" content=\"az_AZ\" \/>\n<meta property=\"og:type\" content=\"article\" \/>\n<meta property=\"og:title\" content=\"K\u0259ndli: D\u00f6vl\u0259t iki in\u0259k verdi, 1 aydan sonra ikisi d\u0259 \u00f6ld\u00fc - MEYDAN.TV\" \/>\n<meta property=\"og:description\" content=\"\u00d6z\u00fcn\u0259m\u0259\u015f\u011fulluq Proqram\u0131 v\u0259 \u0259lilin da\u015fa d\u0259y\u0259n x\u0259yallar\u0131...\" \/>\n<meta property=\"og:url\" content=\"https:\/\/www.meydan.tv\/az\/article\/kendli-dovlet-iki-inek-verdi-1-aydan-sonra-ikisi-de-oldu\/\" \/>\n<meta property=\"og:site_name\" content=\"MEYDAN.TV\" \/>\n<meta property=\"article:published_time\" content=\"2020-01-22T13:13:47+00:00\" \/>\n<meta property=\"og:image\" content=\"https:\/\/www.meydan.tv\/wp-content\/uploads\/untitled_design_-_2020-01-22t130436.636.jpg\" \/>\n\t<meta property=\"og:image:width\" content=\"1280\" \/>\n\t<meta property=\"og:image:height\" content=\"720\" \/>\n\t<meta property=\"og:image:type\" content=\"image\/jpeg\" \/>\n<meta name=\"author\" content=\"user-manager\" \/>\n<meta name=\"twitter:card\" content=\"summary_large_image\" \/>\n<script type=\"application\/ld+json\" class=\"yoast-schema-graph\">{\"@context\":\"https:\\\/\\\/schema.org\",\"@graph\":[{\"@type\":\"Article\",\"@id\":\"https:\\\/\\\/www.meydan.tv\\\/az\\\/article\\\/kendli-dovlet-iki-inek-verdi-1-aydan-sonra-ikisi-de-oldu\\\/#article\",\"isPartOf\":{\"@id\":\"https:\\\/\\\/www.meydan.tv\\\/az\\\/article\\\/kendli-dovlet-iki-inek-verdi-1-aydan-sonra-ikisi-de-oldu\\\/\"},\"author\":{\"name\":\"user-manager\",\"@id\":\"https:\\\/\\\/www.meydan.tv\\\/az\\\/#\\\/schema\\\/person\\\/10d11eccf6da3662cf5fdab9806ea91a\"},\"headline\":\"K\u0259ndli: D\u00f6vl\u0259t iki in\u0259k verdi, 1 aydan sonra ikisi d\u0259 \u00f6ld\u00fc\",\"datePublished\":\"2020-01-22T13:13:47+00:00\",\"mainEntityOfPage\":{\"@id\":\"https:\\\/\\\/www.meydan.tv\\\/az\\\/article\\\/kendli-dovlet-iki-inek-verdi-1-aydan-sonra-ikisi-de-oldu\\\/\"},\"wordCount\":915,\"publisher\":{\"@id\":\"https:\\\/\\\/www.meydan.tv\\\/az\\\/#organization\"},\"image\":{\"@id\":\"https:\\\/\\\/www.meydan.tv\\\/az\\\/article\\\/kendli-dovlet-iki-inek-verdi-1-aydan-sonra-ikisi-de-oldu\\\/#primaryimage\"},\"thumbnailUrl\":\"https:\\\/\\\/www.meydan.tv\\\/wp-content\\\/uploads\\\/untitled_design_-_2020-01-22t130436.636.jpg\",\"articleSection\":[\"B\u00f6lg\u0259\"],\"inLanguage\":\"az\"},{\"@type\":\"WebPage\",\"@id\":\"https:\\\/\\\/www.meydan.tv\\\/az\\\/article\\\/kendli-dovlet-iki-inek-verdi-1-aydan-sonra-ikisi-de-oldu\\\/\",\"url\":\"https:\\\/\\\/www.meydan.tv\\\/az\\\/article\\\/kendli-dovlet-iki-inek-verdi-1-aydan-sonra-ikisi-de-oldu\\\/\",\"name\":\"K\u0259ndli: D\u00f6vl\u0259t iki in\u0259k verdi, 1 aydan sonra ikisi d\u0259 \u00f6ld\u00fc - MEYDAN.TV\",\"isPartOf\":{\"@id\":\"https:\\\/\\\/www.meydan.tv\\\/az\\\/#website\"},\"primaryImageOfPage\":{\"@id\":\"https:\\\/\\\/www.meydan.tv\\\/az\\\/article\\\/kendli-dovlet-iki-inek-verdi-1-aydan-sonra-ikisi-de-oldu\\\/#primaryimage\"},\"image\":{\"@id\":\"https:\\\/\\\/www.meydan.tv\\\/az\\\/article\\\/kendli-dovlet-iki-inek-verdi-1-aydan-sonra-ikisi-de-oldu\\\/#primaryimage\"},\"thumbnailUrl\":\"https:\\\/\\\/www.meydan.tv\\\/wp-content\\\/uploads\\\/untitled_design_-_2020-01-22t130436.636.jpg\",\"datePublished\":\"2020-01-22T13:13:47+00:00\",\"breadcrumb\":{\"@id\":\"https:\\\/\\\/www.meydan.tv\\\/az\\\/article\\\/kendli-dovlet-iki-inek-verdi-1-aydan-sonra-ikisi-de-oldu\\\/#breadcrumb\"},\"inLanguage\":\"az\",\"potentialAction\":[{\"@type\":\"ReadAction\",\"target\":[\"https:\\\/\\\/www.meydan.tv\\\/az\\\/article\\\/kendli-dovlet-iki-inek-verdi-1-aydan-sonra-ikisi-de-oldu\\\/\"]}]},{\"@type\":\"ImageObject\",\"inLanguage\":\"az\",\"@id\":\"https:\\\/\\\/www.meydan.tv\\\/az\\\/article\\\/kendli-dovlet-iki-inek-verdi-1-aydan-sonra-ikisi-de-oldu\\\/#primaryimage\",\"url\":\"https:\\\/\\\/www.meydan.tv\\\/wp-content\\\/uploads\\\/untitled_design_-_2020-01-22t130436.636.jpg\",\"contentUrl\":\"https:\\\/\\\/www.meydan.tv\\\/wp-content\\\/uploads\\\/untitled_design_-_2020-01-22t130436.636.jpg\",\"width\":1280,\"height\":720,\"caption\":\"Source: google\"},{\"@type\":\"BreadcrumbList\",\"@id\":\"https:\\\/\\\/www.meydan.tv\\\/az\\\/article\\\/kendli-dovlet-iki-inek-verdi-1-aydan-sonra-ikisi-de-oldu\\\/#breadcrumb\",\"itemListElement\":[{\"@type\":\"ListItem\",\"position\":1,\"name\":\"Ana s\u0259hif\u0259\",\"item\":\"https:\\\/\\\/www.meydan.tv\\\/az\\\/\"},{\"@type\":\"ListItem\",\"position\":2,\"name\":\"B\u00f6lg\u0259\",\"item\":\"https:\\\/\\\/www.meydan.tv\\\/az\\\/section\\\/bolge\\\/\"},{\"@type\":\"ListItem\",\"position\":3,\"name\":\"K\u0259ndli: D\u00f6vl\u0259t iki in\u0259k verdi, 1 aydan sonra ikisi d\u0259 \u00f6ld\u00fc\"}]},{\"@type\":\"WebSite\",\"@id\":\"https:\\\/\\\/www.meydan.tv\\\/az\\\/#website\",\"url\":\"https:\\\/\\\/www.meydan.tv\\\/az\\\/\",\"name\":\"MEYDAN.TV\",\"description\":\"Meydan TV Az\u0259rbaycan\u0131n media m\u0259kan\u0131ndak\u0131 alternativ s\u0259sidir\",\"publisher\":{\"@id\":\"https:\\\/\\\/www.meydan.tv\\\/az\\\/#organization\"},\"potentialAction\":[{\"@type\":\"SearchAction\",\"target\":{\"@type\":\"EntryPoint\",\"urlTemplate\":\"https:\\\/\\\/www.meydan.tv\\\/az\\\/?s={search_term_string}\"},\"query-input\":{\"@type\":\"PropertyValueSpecification\",\"valueRequired\":true,\"valueName\":\"search_term_string\"}}],\"inLanguage\":\"az\"},{\"@type\":\"Organization\",\"@id\":\"https:\\\/\\\/www.meydan.tv\\\/az\\\/#organization\",\"name\":\"Meydan TV\",\"url\":\"https:\\\/\\\/www.meydan.tv\\\/az\\\/\",\"logo\":{\"@type\":\"ImageObject\",\"inLanguage\":\"az\",\"@id\":\"https:\\\/\\\/www.meydan.tv\\\/az\\\/#\\\/schema\\\/logo\\\/image\\\/\",\"url\":\"https:\\\/\\\/www.meydan.tv\\\/wp-content\\\/uploads\\\/2021\\\/07\\\/meydan-logo.svg\",\"contentUrl\":\"https:\\\/\\\/www.meydan.tv\\\/wp-content\\\/uploads\\\/2021\\\/07\\\/meydan-logo.svg\",\"width\":195,\"height\":46,\"caption\":\"Meydan TV\"},\"image\":{\"@id\":\"https:\\\/\\\/www.meydan.tv\\\/az\\\/#\\\/schema\\\/logo\\\/image\\\/\"}},{\"@type\":\"Person\",\"@id\":\"https:\\\/\\\/www.meydan.tv\\\/az\\\/#\\\/schema\\\/person\\\/10d11eccf6da3662cf5fdab9806ea91a\",\"name\":\"user-manager\"}]}<\/script>\n<!-- \/ Yoast SEO plugin. -->","yoast_head_json":{"title":"K\u0259ndli: D\u00f6vl\u0259t iki in\u0259k verdi, 1 aydan sonra ikisi d\u0259 \u00f6ld\u00fc - MEYDAN.TV","robots":{"index":"index","follow":"follow","max-snippet":"max-snippet:-1","max-image-preview":"max-image-preview:large","max-video-preview":"max-video-preview:-1"},"canonical":"https:\/\/www.meydan.tv\/az\/article\/kendli-dovlet-iki-inek-verdi-1-aydan-sonra-ikisi-de-oldu\/","og_locale":"az_AZ","og_type":"article","og_title":"K\u0259ndli: D\u00f6vl\u0259t iki in\u0259k verdi, 1 aydan sonra ikisi d\u0259 \u00f6ld\u00fc - MEYDAN.TV","og_description":"\u00d6z\u00fcn\u0259m\u0259\u015f\u011fulluq Proqram\u0131 v\u0259 \u0259lilin da\u015fa d\u0259y\u0259n x\u0259yallar\u0131...","og_url":"https:\/\/www.meydan.tv\/az\/article\/kendli-dovlet-iki-inek-verdi-1-aydan-sonra-ikisi-de-oldu\/","og_site_name":"MEYDAN.TV","article_published_time":"2020-01-22T13:13:47+00:00","og_image":[{"width":1280,"height":720,"url":"https:\/\/www.meydan.tv\/wp-content\/uploads\/untitled_design_-_2020-01-22t130436.636.jpg","type":"image\/jpeg"}],"author":"user-manager","twitter_card":"summary_large_image","schema":{"@context":"https:\/\/schema.org","@graph":[{"@type":"Article","@id":"https:\/\/www.meydan.tv\/az\/article\/kendli-dovlet-iki-inek-verdi-1-aydan-sonra-ikisi-de-oldu\/#article","isPartOf":{"@id":"https:\/\/www.meydan.tv\/az\/article\/kendli-dovlet-iki-inek-verdi-1-aydan-sonra-ikisi-de-oldu\/"},"author":{"name":"user-manager","@id":"https:\/\/www.meydan.tv\/az\/#\/schema\/person\/10d11eccf6da3662cf5fdab9806ea91a"},"headline":"K\u0259ndli: D\u00f6vl\u0259t iki in\u0259k verdi, 1 aydan sonra ikisi d\u0259 \u00f6ld\u00fc","datePublished":"2020-01-22T13:13:47+00:00","mainEntityOfPage":{"@id":"https:\/\/www.meydan.tv\/az\/article\/kendli-dovlet-iki-inek-verdi-1-aydan-sonra-ikisi-de-oldu\/"},"wordCount":915,"publisher":{"@id":"https:\/\/www.meydan.tv\/az\/#organization"},"image":{"@id":"https:\/\/www.meydan.tv\/az\/article\/kendli-dovlet-iki-inek-verdi-1-aydan-sonra-ikisi-de-oldu\/#primaryimage"},"thumbnailUrl":"https:\/\/www.meydan.tv\/wp-content\/uploads\/untitled_design_-_2020-01-22t130436.636.jpg","articleSection":["B\u00f6lg\u0259"],"inLanguage":"az"},{"@type":"WebPage","@id":"https:\/\/www.meydan.tv\/az\/article\/kendli-dovlet-iki-inek-verdi-1-aydan-sonra-ikisi-de-oldu\/","url":"https:\/\/www.meydan.tv\/az\/article\/kendli-dovlet-iki-inek-verdi-1-aydan-sonra-ikisi-de-oldu\/","name":"K\u0259ndli: D\u00f6vl\u0259t iki in\u0259k verdi, 1 aydan sonra ikisi d\u0259 \u00f6ld\u00fc - MEYDAN.TV","isPartOf":{"@id":"https:\/\/www.meydan.tv\/az\/#website"},"primaryImageOfPage":{"@id":"https:\/\/www.meydan.tv\/az\/article\/kendli-dovlet-iki-inek-verdi-1-aydan-sonra-ikisi-de-oldu\/#primaryimage"},"image":{"@id":"https:\/\/www.meydan.tv\/az\/article\/kendli-dovlet-iki-inek-verdi-1-aydan-sonra-ikisi-de-oldu\/#primaryimage"},"thumbnailUrl":"https:\/\/www.meydan.tv\/wp-content\/uploads\/untitled_design_-_2020-01-22t130436.636.jpg","datePublished":"2020-01-22T13:13:47+00:00","breadcrumb":{"@id":"https:\/\/www.meydan.tv\/az\/article\/kendli-dovlet-iki-inek-verdi-1-aydan-sonra-ikisi-de-oldu\/#breadcrumb"},"inLanguage":"az","potentialAction":[{"@type":"ReadAction","target":["https:\/\/www.meydan.tv\/az\/article\/kendli-dovlet-iki-inek-verdi-1-aydan-sonra-ikisi-de-oldu\/"]}]},{"@type":"ImageObject","inLanguage":"az","@id":"https:\/\/www.meydan.tv\/az\/article\/kendli-dovlet-iki-inek-verdi-1-aydan-sonra-ikisi-de-oldu\/#primaryimage","url":"https:\/\/www.meydan.tv\/wp-content\/uploads\/untitled_design_-_2020-01-22t130436.636.jpg","contentUrl":"https:\/\/www.meydan.tv\/wp-content\/uploads\/untitled_design_-_2020-01-22t130436.636.jpg","width":1280,"height":720,"caption":"Source: google"},{"@type":"BreadcrumbList","@id":"https:\/\/www.meydan.tv\/az\/article\/kendli-dovlet-iki-inek-verdi-1-aydan-sonra-ikisi-de-oldu\/#breadcrumb","itemListElement":[{"@type":"ListItem","position":1,"name":"Ana s\u0259hif\u0259","item":"https:\/\/www.meydan.tv\/az\/"},{"@type":"ListItem","position":2,"name":"B\u00f6lg\u0259","item":"https:\/\/www.meydan.tv\/az\/section\/bolge\/"},{"@type":"ListItem","position":3,"name":"K\u0259ndli: D\u00f6vl\u0259t iki in\u0259k verdi, 1 aydan sonra ikisi d\u0259 \u00f6ld\u00fc"}]},{"@type":"WebSite","@id":"https:\/\/www.meydan.tv\/az\/#website","url":"https:\/\/www.meydan.tv\/az\/","name":"MEYDAN.TV","description":"Meydan TV Az\u0259rbaycan\u0131n media m\u0259kan\u0131ndak\u0131 alternativ s\u0259sidir","publisher":{"@id":"https:\/\/www.meydan.tv\/az\/#organization"},"potentialAction":[{"@type":"SearchAction","target":{"@type":"EntryPoint","urlTemplate":"https:\/\/www.meydan.tv\/az\/?s={search_term_string}"},"query-input":{"@type":"PropertyValueSpecification","valueRequired":true,"valueName":"search_term_string"}}],"inLanguage":"az"},{"@type":"Organization","@id":"https:\/\/www.meydan.tv\/az\/#organization","name":"Meydan TV","url":"https:\/\/www.meydan.tv\/az\/","logo":{"@type":"ImageObject","inLanguage":"az","@id":"https:\/\/www.meydan.tv\/az\/#\/schema\/logo\/image\/","url":"https:\/\/www.meydan.tv\/wp-content\/uploads\/2021\/07\/meydan-logo.svg","contentUrl":"https:\/\/www.meydan.tv\/wp-content\/uploads\/2021\/07\/meydan-logo.svg","width":195,"height":46,"caption":"Meydan TV"},"image":{"@id":"https:\/\/www.meydan.tv\/az\/#\/schema\/logo\/image\/"}},{"@type":"Person","@id":"https:\/\/www.meydan.tv\/az\/#\/schema\/person\/10d11eccf6da3662cf5fdab9806ea91a","name":"user-manager"}]}},"_links":{"self":[{"href":"https:\/\/www.meydan.tv\/az\/wp-json\/wp\/v2\/posts\/198906","targetHints":{"allow":["GET"]}}],"collection":[{"href":"https:\/\/www.meydan.tv\/az\/wp-json\/wp\/v2\/posts"}],"about":[{"href":"https:\/\/www.meydan.tv\/az\/wp-json\/wp\/v2\/types\/post"}],"author":[{"embeddable":true,"href":"https:\/\/www.meydan.tv\/az\/wp-json\/wp\/v2\/users\/11"}],"replies":[{"embeddable":true,"href":"https:\/\/www.meydan.tv\/az\/wp-json\/wp\/v2\/comments?post=198906"}],"version-history":[{"count":0,"href":"https:\/\/www.meydan.tv\/az\/wp-json\/wp\/v2\/posts\/198906\/revisions"}],"wp:featuredmedia":[{"embeddable":true,"href":"https:\/\/www.meydan.tv\/az\/wp-json\/wp\/v2\/media\/136222"}],"wp:attachment":[{"href":"https:\/\/www.meydan.tv\/az\/wp-json\/wp\/v2\/media?parent=198906"}],"wp:term":[{"taxonomy":"category","embeddable":true,"href":"https:\/\/www.meydan.tv\/az\/wp-json\/wp\/v2\/categories?post=198906"},{"taxonomy":"post_tag","embeddable":true,"href":"https:\/\/www.meydan.tv\/az\/wp-json\/wp\/v2\/tags?post=198906"}],"curies":[{"name":"wp","href":"https:\/\/api.w.org\/{rel}","templated":true}]}}