{"id":198905,"date":"2020-01-22T12:36:15","date_gmt":"2020-01-22T12:36:15","guid":{"rendered":"https:\/\/www.meydan.tv\/article\/samaxi-sakini-pensiyami-kirayeye-verim-bes-ozum-ne-ile-dolanim\/"},"modified":"2020-01-22T12:36:15","modified_gmt":"2020-01-22T12:36:15","slug":"samaxi-sakini-pensiyami-kirayeye-verim-bes-ozum-ne-ile-dolanim","status":"publish","type":"post","link":"https:\/\/www.meydan.tv\/az\/article\/samaxi-sakini-pensiyami-kirayeye-verim-bes-ozum-ne-ile-dolanim\/","title":{"rendered":"\u015eamax\u0131 sakini: Pensiyam\u0131 kiray\u0259y\u0259 verim, b\u0259s \u00f6z\u00fcm n\u0259 il\u0259 dolan\u0131m?"},"content":{"rendered":"<p>\n  <i><br \/>\n    Z\u0259lz\u0259l\u0259d\u0259n evinin ziyan \u00e7\u0259kdiyini dey\u0259n 70 ya\u015fl\u0131 qad\u0131n laqeydlikd\u0259n naraz\u0131d\u0131r<br \/>\n  <\/i>\n<\/p>\n<p>\n  \u201cG\u00fcnorta ki\u015fi yatm\u0131\u015fd\u0131, q\u0259fil yuxar\u0131dan taxta qopub ba\u015f\u0131na d\u00fc\u015fd\u00fc. Ev 1915-ci ild\u0259 tikilib, u\u00e7ub-t\u00f6k\u00fcl\u00fcr. Bir d\u0259f\u0259 d\u0259 z\u0259lz\u0259l\u0259 olsa, tamamil\u0259 da\u011f\u0131lacaq\u201d.\n<\/p>\n<p>\n  Bunu Meydan TV-y\u0259 70 ya\u015fl\u0131 \u015eamax\u0131 \u015f\u0259h\u0259r sakini Reyhan Saatxan q\u0131z\u0131 Qas\u0131mova deyir.\n<\/p>\n<p>\n  Gileyl\u0259nir ki, \u00f6t\u0259n ilin fevral\u0131nda ba\u015f ver\u0259n z\u0259lz\u0259l\u0259d\u0259n onlar\u0131n ikiotaql\u0131 m\u0259nzill\u0259ri d\u0259 ciddi ziyan g\u00f6r\u00fcb. Lakin aidiyyat\u0131 qurumlar evinin yenid\u0259n in\u015fa olunmas\u0131 il\u0259 ba\u011fl\u0131 m\u00fcraci\u0259tl\u0259rin\u0259 m\u0259h\u0259l qoymur:\n<\/p>\n<p>\n  \u201cBirinci d\u0259f\u0259 g\u0259lib baxanda, ba\u015f\u0131m\u0131za u\u00e7an ev\u0259 t\u0259mir yazd\u0131lar, biz raz\u0131la\u015fmad\u0131q. Ev\u0259 d\u00fcz be\u015f d\u0259f\u0259 bax\u0131\u015f ke\u00e7iribl\u0259r. \u015eamax\u0131 Rayon \u0130cra Hakimiyy\u0259ti Memarl\u0131q v\u0259 tikinti \u015f\u00f6b\u0259sinin m\u00fcdiri, ba\u015f memar R\u00fcst\u0259m \u018fliyev ev\u0259 \u00f6z\u00fc baxd\u0131. Dedi ki, ev u\u00e7ulub-t\u00f6k\u00fcl\u00fcr, s\u00f6k\u00fcl\u00fcb, yenid\u0259n in\u015fa olunmal\u0131d\u0131r. Sonra m\u00fc\u0259yy\u0259n fasil\u0259l\u0259rl\u0259 o\u011flum, h\u0259yat yolda\u015f\u0131m, daha sonra m\u0259n d\u0259 getdim. S\u00f6z verdil\u0259r ki, ev\u0259 yenid\u0259n bax\u0131\u015f ke\u00e7ir\u0259c\u0259yik. H\u0259tta \u00f6t\u0259n il noyabr\u0131n \u0259vv\u0259lind\u0259 Bak\u0131dan F\u00f6vq\u0259lad\u0259 Hallar Nazirliyinin n\u00fcmay\u0259nd\u0259si g\u0259lib ev\u0259 bax\u0131\u015f ke\u00e7irdi. Bax\u0131rlar, deyirl\u0259r ki, g\u0259lib yen\u0259 baxaca\u011f\u0131q. Bu ev\u0259 n\u0259 q\u0259d\u0259r baxmaq olar? Sonuncu d\u0259f\u0259 demi\u015fdil\u0259r ki, ev\u0259 baxaca\u011f\u0131q g\u00f6r\u0259k smeta d\u0259y\u0259ri n\u0259dir? N\u0259 smeta, ay ba\u015f\u0131n\u0131za d\u00f6n\u00fcm? B\u0259s yax\u015f\u0131, biz harada ya\u015fayaq? \u00d6z\u00fcm\u00fcn pulum olsa, buran\u0131 s\u00f6k\u00fcb, yerind\u0259 yeni ev tik\u0259r\u0259m\u201d.\n<\/p>\n<figure class=\"wp-block-image size-large\">\n  <img decoding=\"async\" src=\"https:\/\/www.meydan.tv\/az\/image_from_ios-3-jpg-58\/\" alt=\"image_from_ios (3).jpg\" class=\"wp-image-136201\"\/><figcaption>\n    &#8220;Birinci d\u0259f\u0259 g\u0259lib baxanda, ba\u015f\u0131m\u0131za u\u00e7an ev\u0259 t\u0259mir yazd\u0131lar, biz raz\u0131la\u015fmad\u0131q&#8221;.<br \/>\n  <\/figcaption><\/figure>\n<p>\n  \u015eikay\u0259t\u00e7inin bildirdiyin\u0259 g\u00f6r\u0259, q\u0259zal\u0131 v\u0259ziyy\u0259td\u0259 olan evd\u0259 ya\u015famaqdan ehtiyat edibl\u0259r. Buna g\u00f6r\u0259 kiray\u0259y\u0259 \u00e7\u0131xmaq m\u0259cburiyy\u0259tind\u0259 qal\u0131blar:\n<\/p>\n<p>\n  \u201cZ\u0259lz\u0259l\u0259d\u0259 bel\u0259 k\u00f6hn\u0259 binalar d\u00f6zm\u00fcr. M\u0259nim 70, yolda\u015f\u0131m\u0131n is\u0259 80 ya\u015f\u0131 var. Ya\u015fl\u0131 adamlar\u0131q, ev u\u00e7ar, alt\u0131nda qalar\u0131q, qorxuruq. \u0130kiotaql\u0131 ev tutmu\u015fuq, kiray\u0259 ya\u015fay\u0131r\u0131q, 180 manat pul veririk. Yax\u015f\u0131, pensiyam\u0131 kiray\u0259y\u0259 verim, b\u0259s \u00f6z\u00fcm n\u0259 il\u0259 dolan\u0131m? Astma x\u0259st\u0259siy\u0259m, h\u0259r ay d\u0259rman al\u0131ram. K\u00f6hn\u0259 ev d\u0259 r\u00fctub\u0259tli v\u0259 n\u0259mi\u015flikdir. Bilmirik, kiray\u0259 pulu ver\u0259k, qarn\u0131m\u0131z\u0131 doland\u0131raq, yoxsa kommunallar\u0131 \u00f6d\u0259y\u0259k. N\u0259y\u0259 g\u00f6r\u0259 m\u0259nim evimi tikm\u0259k ist\u0259mirl\u0259r? Rahat, t\u0259mirli v\u0259 t\u0259hl\u00fck\u0259siz m\u0259nzild\u0259 ya\u015famaq h\u0259r k\u0259sin ist\u0259yidir. Haqq\u0131m\u0131 t\u0259l\u0259b edir\u0259m, m\u0259nim evimi tiksinl\u0259r. Prezident s\u0259r\u0259ncam imzalay\u0131b, baxan yoxdur\u201d.\n<\/p>\n<p>\n  Meydan TV FHN-in Z\u0259lz\u0259l\u0259 b\u00f6lg\u0259si \u00fczr\u0259 Q\u0259rargah\u0131n\u0131n r\u0259isi H\u0259s\u0259n Qas\u0131mzad\u0259 il\u0259 d\u0259f\u0259l\u0259rl\u0259 \u0259laq\u0259 saxlama\u011fa \u00e7al\u0131\u015fsa da, z\u0259ngl\u0259r\u0259 cavab verm\u0259yib.\n<\/p>\n<p>\n  2019-cu ilin fevral\u0131n 5-d\u0259 Pirqulu stansiyas\u0131ndan 7 km c\u0259nubda, A\u011fsu \u0259razisind\u0259 4,4 bal g\u00fcc\u00fcnd\u0259 z\u0259lz\u0259l\u0259 qeyd\u0259 al\u0131n\u0131b. H\u0259min z\u0259lz\u0259l\u0259 episentrd\u0259 5 bala yax\u0131n, \u0259traf rayonlarda 4,3 bala q\u0259d\u0259r hiss olunub. H\u0259min g\u00fcn Pirqulu stansiyas\u0131ndan 9 km c\u0259nub-q\u0259rbd\u0259 \u0130smay\u0131ll\u0131 \u0259razisind\u0259 z\u0259lz\u0259l\u0259 qeyd\u0259 al\u0131n\u0131b. Fevral\u0131n 9-da v\u0259 11-d\u0259 d\u0259 Pirqulu stansiyas\u0131ndan 8 v\u0259 9 km c\u0259nub-q\u0259rbd\u0259 v\u0259 q\u0259rbd\u0259 yeralt\u0131 t\u0259kanlar ba\u015f verib.\n<\/p>\n<figure class=\"wp-block-image size-large\">\n  <img decoding=\"async\" src=\"https:\/\/www.meydan.tv\/az\/image_from_ios-2-jpg-103\/\" alt=\"image_from_ios (2).jpg\" class=\"wp-image-136192\"\/><figcaption>\n    \u201cZ\u0259lz\u0259l\u0259d\u0259 bel\u0259 k\u00f6hn\u0259 binalar d\u00f6zm\u00fcr&#8221;.<br \/>\n  <\/figcaption><\/figure>\n<p>\n  Z\u0259lz\u0259l\u0259 n\u0259tic\u0259sind\u0259 \u015eamax\u0131, \u0130smay\u0131ll\u0131 v\u0259 A\u011fsu rayonlar\u0131nda bir \u00e7ox f\u0259rdi v\u0259 \u00e7oxm\u0259nzilli ya\u015fay\u0131\u015f evl\u0259rin\u0259 ziyan d\u0259yib.\n<\/p>\n<p>\n  Prezident \u0130lham \u018fliyevin s\u0259r\u0259ncam\u0131na \u0259sas\u0259n, indiy\u0259d\u0259k d\u00f6vl\u0259t b\u00fcdc\u0259sind\u0259n t\u0259bii f\u0259lak\u0259td\u0259n z\u0259r\u0259r g\u00f6rm\u00fc\u015f h\u0259r \u00fc\u00e7 rayona \u00fcmumilikd\u0259 7 milyon manat ayr\u0131l\u0131b.\n<\/p>\n<p>\n  FHN-nin \u00f6t\u0259nilki hesabat\u0131nda bildirilir ki, h\u0259r \u00fc\u00e7 rayon \u00fczr\u0259 10 min 137 m\u00fcraci\u0259t daxil olub, onlardan 10 min 87-n\u0259 bax\u0131l\u0131b.\n<\/p>\n<p>\n  Komissiya t\u0259r\u0259find\u0259n bu evl\u0259rd\u0259n 830-u q\u0259zal\u0131, 2190-\u0131 is\u0259 b\u0259rpa-g\u00fccl\u0259ndirm\u0259y\u0259 ehtiyac\u0131 olan ya\u015fay\u0131\u015f binalar\u0131 hesab edilib. \u0130ndiy\u0259d\u0259k 120 evin in\u015fas\u0131 ba\u015fa \u00e7at\u0131b, 112 evd\u0259 is\u0259 tamamlama i\u015fl\u0259ri apar\u0131l\u0131r.\n<\/p>\n<figure class=\"wp-block-image size-large\">\n  <img decoding=\"async\" src=\"https:\/\/www.meydan.tv\/az\/image_from_ios-5-jpg-77\/\" alt=\"image_from_ios (5).jpg\" class=\"wp-image-136204\"\/><figcaption>\n    &#8220;Ev\u0259 d\u00fcz be\u015f d\u0259f\u0259 bax\u0131\u015f ke\u00e7iribl\u0259r&#8221;<br \/>\n  <\/figcaption><\/figure>\n","protected":false},"excerpt":{"rendered":"<p>&#8220;N\u0259 smeta, ay ba\u015f\u0131n\u0131za d\u00f6n\u00fcm?&#8221;<\/p>\n","protected":false},"author":11,"featured_media":136207,"comment_status":"closed","ping_status":"open","sticky":false,"template":"","format":"standard","meta":{"_acf_changed":false,"_sitemap_exclude":false,"_sitemap_priority":"","_sitemap_frequency":"","footnotes":""},"categories":[60],"tags":[],"class_list":["post-198905","post","type-post","status-publish","format-standard","has-post-thumbnail","hentry","category-bolge","infinite-scroll-item","generate-columns","tablet-grid-50","mobile-grid-100","grid-parent","grid-33","no-featured-image-padding"],"acf":[],"yoast_head":"<!-- This site is optimized with the Yoast SEO plugin v27.5 - https:\/\/yoast.com\/product\/yoast-seo-wordpress\/ -->\n<title>\u015eamax\u0131 sakini: Pensiyam\u0131 kiray\u0259y\u0259 verim, b\u0259s \u00f6z\u00fcm n\u0259 il\u0259 dolan\u0131m? - MEYDAN.TV<\/title>\n<meta name=\"robots\" content=\"index, follow, max-snippet:-1, max-image-preview:large, max-video-preview:-1\" \/>\n<link rel=\"canonical\" href=\"https:\/\/www.meydan.tv\/az\/article\/samaxi-sakini-pensiyami-kirayeye-verim-bes-ozum-ne-ile-dolanim\/\" \/>\n<meta property=\"og:locale\" content=\"az_AZ\" \/>\n<meta property=\"og:type\" content=\"article\" \/>\n<meta property=\"og:title\" content=\"\u015eamax\u0131 sakini: Pensiyam\u0131 kiray\u0259y\u0259 verim, b\u0259s \u00f6z\u00fcm n\u0259 il\u0259 dolan\u0131m? - MEYDAN.TV\" \/>\n<meta property=\"og:description\" content=\"&quot;N\u0259 smeta, ay ba\u015f\u0131n\u0131za d\u00f6n\u00fcm?&quot;\" \/>\n<meta property=\"og:url\" content=\"https:\/\/www.meydan.tv\/az\/article\/samaxi-sakini-pensiyami-kirayeye-verim-bes-ozum-ne-ile-dolanim\/\" \/>\n<meta property=\"og:site_name\" content=\"MEYDAN.TV\" \/>\n<meta property=\"article:published_time\" content=\"2020-01-22T12:36:15+00:00\" \/>\n<meta property=\"og:image\" content=\"https:\/\/www.meydan.tv\/wp-content\/uploads\/image_from_ios_4_dyha69k.jpg\" \/>\n\t<meta property=\"og:image:width\" content=\"960\" \/>\n\t<meta property=\"og:image:height\" content=\"720\" \/>\n\t<meta property=\"og:image:type\" content=\"image\/jpeg\" \/>\n<meta name=\"author\" content=\"user-manager\" \/>\n<meta name=\"twitter:card\" content=\"summary_large_image\" \/>\n<script type=\"application\/ld+json\" class=\"yoast-schema-graph\">{\"@context\":\"https:\\\/\\\/schema.org\",\"@graph\":[{\"@type\":\"Article\",\"@id\":\"https:\\\/\\\/www.meydan.tv\\\/az\\\/article\\\/samaxi-sakini-pensiyami-kirayeye-verim-bes-ozum-ne-ile-dolanim\\\/#article\",\"isPartOf\":{\"@id\":\"https:\\\/\\\/www.meydan.tv\\\/az\\\/article\\\/samaxi-sakini-pensiyami-kirayeye-verim-bes-ozum-ne-ile-dolanim\\\/\"},\"author\":{\"name\":\"user-manager\",\"@id\":\"https:\\\/\\\/www.meydan.tv\\\/az\\\/#\\\/schema\\\/person\\\/10d11eccf6da3662cf5fdab9806ea91a\"},\"headline\":\"\u015eamax\u0131 sakini: Pensiyam\u0131 kiray\u0259y\u0259 verim, b\u0259s \u00f6z\u00fcm n\u0259 il\u0259 dolan\u0131m?\",\"datePublished\":\"2020-01-22T12:36:15+00:00\",\"mainEntityOfPage\":{\"@id\":\"https:\\\/\\\/www.meydan.tv\\\/az\\\/article\\\/samaxi-sakini-pensiyami-kirayeye-verim-bes-ozum-ne-ile-dolanim\\\/\"},\"wordCount\":804,\"publisher\":{\"@id\":\"https:\\\/\\\/www.meydan.tv\\\/az\\\/#organization\"},\"image\":{\"@id\":\"https:\\\/\\\/www.meydan.tv\\\/az\\\/article\\\/samaxi-sakini-pensiyami-kirayeye-verim-bes-ozum-ne-ile-dolanim\\\/#primaryimage\"},\"thumbnailUrl\":\"https:\\\/\\\/www.meydan.tv\\\/wp-content\\\/uploads\\\/image_from_ios_4_dyha69k.jpg\",\"articleSection\":[\"B\u00f6lg\u0259\"],\"inLanguage\":\"az\"},{\"@type\":\"WebPage\",\"@id\":\"https:\\\/\\\/www.meydan.tv\\\/az\\\/article\\\/samaxi-sakini-pensiyami-kirayeye-verim-bes-ozum-ne-ile-dolanim\\\/\",\"url\":\"https:\\\/\\\/www.meydan.tv\\\/az\\\/article\\\/samaxi-sakini-pensiyami-kirayeye-verim-bes-ozum-ne-ile-dolanim\\\/\",\"name\":\"\u015eamax\u0131 sakini: Pensiyam\u0131 kiray\u0259y\u0259 verim, b\u0259s \u00f6z\u00fcm n\u0259 il\u0259 dolan\u0131m? - MEYDAN.TV\",\"isPartOf\":{\"@id\":\"https:\\\/\\\/www.meydan.tv\\\/az\\\/#website\"},\"primaryImageOfPage\":{\"@id\":\"https:\\\/\\\/www.meydan.tv\\\/az\\\/article\\\/samaxi-sakini-pensiyami-kirayeye-verim-bes-ozum-ne-ile-dolanim\\\/#primaryimage\"},\"image\":{\"@id\":\"https:\\\/\\\/www.meydan.tv\\\/az\\\/article\\\/samaxi-sakini-pensiyami-kirayeye-verim-bes-ozum-ne-ile-dolanim\\\/#primaryimage\"},\"thumbnailUrl\":\"https:\\\/\\\/www.meydan.tv\\\/wp-content\\\/uploads\\\/image_from_ios_4_dyha69k.jpg\",\"datePublished\":\"2020-01-22T12:36:15+00:00\",\"breadcrumb\":{\"@id\":\"https:\\\/\\\/www.meydan.tv\\\/az\\\/article\\\/samaxi-sakini-pensiyami-kirayeye-verim-bes-ozum-ne-ile-dolanim\\\/#breadcrumb\"},\"inLanguage\":\"az\",\"potentialAction\":[{\"@type\":\"ReadAction\",\"target\":[\"https:\\\/\\\/www.meydan.tv\\\/az\\\/article\\\/samaxi-sakini-pensiyami-kirayeye-verim-bes-ozum-ne-ile-dolanim\\\/\"]}]},{\"@type\":\"ImageObject\",\"inLanguage\":\"az\",\"@id\":\"https:\\\/\\\/www.meydan.tv\\\/az\\\/article\\\/samaxi-sakini-pensiyami-kirayeye-verim-bes-ozum-ne-ile-dolanim\\\/#primaryimage\",\"url\":\"https:\\\/\\\/www.meydan.tv\\\/wp-content\\\/uploads\\\/image_from_ios_4_dyha69k.jpg\",\"contentUrl\":\"https:\\\/\\\/www.meydan.tv\\\/wp-content\\\/uploads\\\/image_from_ios_4_dyha69k.jpg\",\"width\":960,\"height\":720,\"caption\":\"Source: Specify Source\"},{\"@type\":\"BreadcrumbList\",\"@id\":\"https:\\\/\\\/www.meydan.tv\\\/az\\\/article\\\/samaxi-sakini-pensiyami-kirayeye-verim-bes-ozum-ne-ile-dolanim\\\/#breadcrumb\",\"itemListElement\":[{\"@type\":\"ListItem\",\"position\":1,\"name\":\"Ana s\u0259hif\u0259\",\"item\":\"https:\\\/\\\/www.meydan.tv\\\/az\\\/\"},{\"@type\":\"ListItem\",\"position\":2,\"name\":\"B\u00f6lg\u0259\",\"item\":\"https:\\\/\\\/www.meydan.tv\\\/az\\\/section\\\/bolge\\\/\"},{\"@type\":\"ListItem\",\"position\":3,\"name\":\"\u015eamax\u0131 sakini: Pensiyam\u0131 kiray\u0259y\u0259 verim, b\u0259s \u00f6z\u00fcm n\u0259 il\u0259 dolan\u0131m?\"}]},{\"@type\":\"WebSite\",\"@id\":\"https:\\\/\\\/www.meydan.tv\\\/az\\\/#website\",\"url\":\"https:\\\/\\\/www.meydan.tv\\\/az\\\/\",\"name\":\"MEYDAN.TV\",\"description\":\"Meydan TV Az\u0259rbaycan\u0131n media m\u0259kan\u0131ndak\u0131 alternativ s\u0259sidir\",\"publisher\":{\"@id\":\"https:\\\/\\\/www.meydan.tv\\\/az\\\/#organization\"},\"potentialAction\":[{\"@type\":\"SearchAction\",\"target\":{\"@type\":\"EntryPoint\",\"urlTemplate\":\"https:\\\/\\\/www.meydan.tv\\\/az\\\/?s={search_term_string}\"},\"query-input\":{\"@type\":\"PropertyValueSpecification\",\"valueRequired\":true,\"valueName\":\"search_term_string\"}}],\"inLanguage\":\"az\"},{\"@type\":\"Organization\",\"@id\":\"https:\\\/\\\/www.meydan.tv\\\/az\\\/#organization\",\"name\":\"Meydan TV\",\"url\":\"https:\\\/\\\/www.meydan.tv\\\/az\\\/\",\"logo\":{\"@type\":\"ImageObject\",\"inLanguage\":\"az\",\"@id\":\"https:\\\/\\\/www.meydan.tv\\\/az\\\/#\\\/schema\\\/logo\\\/image\\\/\",\"url\":\"https:\\\/\\\/www.meydan.tv\\\/wp-content\\\/uploads\\\/2021\\\/07\\\/meydan-logo.svg\",\"contentUrl\":\"https:\\\/\\\/www.meydan.tv\\\/wp-content\\\/uploads\\\/2021\\\/07\\\/meydan-logo.svg\",\"width\":195,\"height\":46,\"caption\":\"Meydan TV\"},\"image\":{\"@id\":\"https:\\\/\\\/www.meydan.tv\\\/az\\\/#\\\/schema\\\/logo\\\/image\\\/\"}},{\"@type\":\"Person\",\"@id\":\"https:\\\/\\\/www.meydan.tv\\\/az\\\/#\\\/schema\\\/person\\\/10d11eccf6da3662cf5fdab9806ea91a\",\"name\":\"user-manager\"}]}<\/script>\n<!-- \/ Yoast SEO plugin. -->","yoast_head_json":{"title":"\u015eamax\u0131 sakini: Pensiyam\u0131 kiray\u0259y\u0259 verim, b\u0259s \u00f6z\u00fcm n\u0259 il\u0259 dolan\u0131m? - MEYDAN.TV","robots":{"index":"index","follow":"follow","max-snippet":"max-snippet:-1","max-image-preview":"max-image-preview:large","max-video-preview":"max-video-preview:-1"},"canonical":"https:\/\/www.meydan.tv\/az\/article\/samaxi-sakini-pensiyami-kirayeye-verim-bes-ozum-ne-ile-dolanim\/","og_locale":"az_AZ","og_type":"article","og_title":"\u015eamax\u0131 sakini: Pensiyam\u0131 kiray\u0259y\u0259 verim, b\u0259s \u00f6z\u00fcm n\u0259 il\u0259 dolan\u0131m? - MEYDAN.TV","og_description":"\"N\u0259 smeta, ay ba\u015f\u0131n\u0131za d\u00f6n\u00fcm?\"","og_url":"https:\/\/www.meydan.tv\/az\/article\/samaxi-sakini-pensiyami-kirayeye-verim-bes-ozum-ne-ile-dolanim\/","og_site_name":"MEYDAN.TV","article_published_time":"2020-01-22T12:36:15+00:00","og_image":[{"width":960,"height":720,"url":"https:\/\/www.meydan.tv\/wp-content\/uploads\/image_from_ios_4_dyha69k.jpg","type":"image\/jpeg"}],"author":"user-manager","twitter_card":"summary_large_image","schema":{"@context":"https:\/\/schema.org","@graph":[{"@type":"Article","@id":"https:\/\/www.meydan.tv\/az\/article\/samaxi-sakini-pensiyami-kirayeye-verim-bes-ozum-ne-ile-dolanim\/#article","isPartOf":{"@id":"https:\/\/www.meydan.tv\/az\/article\/samaxi-sakini-pensiyami-kirayeye-verim-bes-ozum-ne-ile-dolanim\/"},"author":{"name":"user-manager","@id":"https:\/\/www.meydan.tv\/az\/#\/schema\/person\/10d11eccf6da3662cf5fdab9806ea91a"},"headline":"\u015eamax\u0131 sakini: Pensiyam\u0131 kiray\u0259y\u0259 verim, b\u0259s \u00f6z\u00fcm n\u0259 il\u0259 dolan\u0131m?","datePublished":"2020-01-22T12:36:15+00:00","mainEntityOfPage":{"@id":"https:\/\/www.meydan.tv\/az\/article\/samaxi-sakini-pensiyami-kirayeye-verim-bes-ozum-ne-ile-dolanim\/"},"wordCount":804,"publisher":{"@id":"https:\/\/www.meydan.tv\/az\/#organization"},"image":{"@id":"https:\/\/www.meydan.tv\/az\/article\/samaxi-sakini-pensiyami-kirayeye-verim-bes-ozum-ne-ile-dolanim\/#primaryimage"},"thumbnailUrl":"https:\/\/www.meydan.tv\/wp-content\/uploads\/image_from_ios_4_dyha69k.jpg","articleSection":["B\u00f6lg\u0259"],"inLanguage":"az"},{"@type":"WebPage","@id":"https:\/\/www.meydan.tv\/az\/article\/samaxi-sakini-pensiyami-kirayeye-verim-bes-ozum-ne-ile-dolanim\/","url":"https:\/\/www.meydan.tv\/az\/article\/samaxi-sakini-pensiyami-kirayeye-verim-bes-ozum-ne-ile-dolanim\/","name":"\u015eamax\u0131 sakini: Pensiyam\u0131 kiray\u0259y\u0259 verim, b\u0259s \u00f6z\u00fcm n\u0259 il\u0259 dolan\u0131m? - MEYDAN.TV","isPartOf":{"@id":"https:\/\/www.meydan.tv\/az\/#website"},"primaryImageOfPage":{"@id":"https:\/\/www.meydan.tv\/az\/article\/samaxi-sakini-pensiyami-kirayeye-verim-bes-ozum-ne-ile-dolanim\/#primaryimage"},"image":{"@id":"https:\/\/www.meydan.tv\/az\/article\/samaxi-sakini-pensiyami-kirayeye-verim-bes-ozum-ne-ile-dolanim\/#primaryimage"},"thumbnailUrl":"https:\/\/www.meydan.tv\/wp-content\/uploads\/image_from_ios_4_dyha69k.jpg","datePublished":"2020-01-22T12:36:15+00:00","breadcrumb":{"@id":"https:\/\/www.meydan.tv\/az\/article\/samaxi-sakini-pensiyami-kirayeye-verim-bes-ozum-ne-ile-dolanim\/#breadcrumb"},"inLanguage":"az","potentialAction":[{"@type":"ReadAction","target":["https:\/\/www.meydan.tv\/az\/article\/samaxi-sakini-pensiyami-kirayeye-verim-bes-ozum-ne-ile-dolanim\/"]}]},{"@type":"ImageObject","inLanguage":"az","@id":"https:\/\/www.meydan.tv\/az\/article\/samaxi-sakini-pensiyami-kirayeye-verim-bes-ozum-ne-ile-dolanim\/#primaryimage","url":"https:\/\/www.meydan.tv\/wp-content\/uploads\/image_from_ios_4_dyha69k.jpg","contentUrl":"https:\/\/www.meydan.tv\/wp-content\/uploads\/image_from_ios_4_dyha69k.jpg","width":960,"height":720,"caption":"Source: Specify Source"},{"@type":"BreadcrumbList","@id":"https:\/\/www.meydan.tv\/az\/article\/samaxi-sakini-pensiyami-kirayeye-verim-bes-ozum-ne-ile-dolanim\/#breadcrumb","itemListElement":[{"@type":"ListItem","position":1,"name":"Ana s\u0259hif\u0259","item":"https:\/\/www.meydan.tv\/az\/"},{"@type":"ListItem","position":2,"name":"B\u00f6lg\u0259","item":"https:\/\/www.meydan.tv\/az\/section\/bolge\/"},{"@type":"ListItem","position":3,"name":"\u015eamax\u0131 sakini: Pensiyam\u0131 kiray\u0259y\u0259 verim, b\u0259s \u00f6z\u00fcm n\u0259 il\u0259 dolan\u0131m?"}]},{"@type":"WebSite","@id":"https:\/\/www.meydan.tv\/az\/#website","url":"https:\/\/www.meydan.tv\/az\/","name":"MEYDAN.TV","description":"Meydan TV Az\u0259rbaycan\u0131n media m\u0259kan\u0131ndak\u0131 alternativ s\u0259sidir","publisher":{"@id":"https:\/\/www.meydan.tv\/az\/#organization"},"potentialAction":[{"@type":"SearchAction","target":{"@type":"EntryPoint","urlTemplate":"https:\/\/www.meydan.tv\/az\/?s={search_term_string}"},"query-input":{"@type":"PropertyValueSpecification","valueRequired":true,"valueName":"search_term_string"}}],"inLanguage":"az"},{"@type":"Organization","@id":"https:\/\/www.meydan.tv\/az\/#organization","name":"Meydan TV","url":"https:\/\/www.meydan.tv\/az\/","logo":{"@type":"ImageObject","inLanguage":"az","@id":"https:\/\/www.meydan.tv\/az\/#\/schema\/logo\/image\/","url":"https:\/\/www.meydan.tv\/wp-content\/uploads\/2021\/07\/meydan-logo.svg","contentUrl":"https:\/\/www.meydan.tv\/wp-content\/uploads\/2021\/07\/meydan-logo.svg","width":195,"height":46,"caption":"Meydan TV"},"image":{"@id":"https:\/\/www.meydan.tv\/az\/#\/schema\/logo\/image\/"}},{"@type":"Person","@id":"https:\/\/www.meydan.tv\/az\/#\/schema\/person\/10d11eccf6da3662cf5fdab9806ea91a","name":"user-manager"}]}},"_links":{"self":[{"href":"https:\/\/www.meydan.tv\/az\/wp-json\/wp\/v2\/posts\/198905","targetHints":{"allow":["GET"]}}],"collection":[{"href":"https:\/\/www.meydan.tv\/az\/wp-json\/wp\/v2\/posts"}],"about":[{"href":"https:\/\/www.meydan.tv\/az\/wp-json\/wp\/v2\/types\/post"}],"author":[{"embeddable":true,"href":"https:\/\/www.meydan.tv\/az\/wp-json\/wp\/v2\/users\/11"}],"replies":[{"embeddable":true,"href":"https:\/\/www.meydan.tv\/az\/wp-json\/wp\/v2\/comments?post=198905"}],"version-history":[{"count":0,"href":"https:\/\/www.meydan.tv\/az\/wp-json\/wp\/v2\/posts\/198905\/revisions"}],"wp:featuredmedia":[{"embeddable":true,"href":"https:\/\/www.meydan.tv\/az\/wp-json\/wp\/v2\/media\/136207"}],"wp:attachment":[{"href":"https:\/\/www.meydan.tv\/az\/wp-json\/wp\/v2\/media?parent=198905"}],"wp:term":[{"taxonomy":"category","embeddable":true,"href":"https:\/\/www.meydan.tv\/az\/wp-json\/wp\/v2\/categories?post=198905"},{"taxonomy":"post_tag","embeddable":true,"href":"https:\/\/www.meydan.tv\/az\/wp-json\/wp\/v2\/tags?post=198905"}],"curies":[{"name":"wp","href":"https:\/\/api.w.org\/{rel}","templated":true}]}}