{"id":198893,"date":"2020-01-21T16:34:29","date_gmt":"2020-01-21T16:34:29","guid":{"rendered":"https:\/\/www.meydan.tv\/article\/azerbaycan-gomruyunde-qizil-qayda\/"},"modified":"2020-01-21T16:34:29","modified_gmt":"2020-01-21T16:34:29","slug":"azerbaycan-gomruyunde-qizil-qayda","status":"publish","type":"post","link":"https:\/\/www.meydan.tv\/az\/article\/azerbaycan-gomruyunde-qizil-qayda\/","title":{"rendered":"Az\u0259rbaycan g\u00f6mr\u00fcy\u00fcnd\u0259 \u201cq\u0131z\u0131l\u201d qayda"},"content":{"rendered":"<p>\n  Son 5 ild\u0259 Az\u0259rbaycana qeyri-leqal yolla 800 milyon dollar d\u0259y\u0259rind\u0259 z\u0259rg\u0259rlik m\u0259mulat\u0131 g\u0259tirilib. Bu iddiaya \u0259sas DGK il\u0259 BMT-nin \u201cComtrade\u201d m\u0259lumat bazas\u0131nda a\u00e7\u0131qlanan r\u0259smi informasiyalard\u0131r.\n<\/p>\n<p>\n  <b><br \/>\n    <i><br \/>\n      Bir il \u00f6nc\u0259, dekabr\u0131n 27-d\u0259 m\u0259tbuat n\u00fcmay\u0259nd\u0259l\u0259ri il\u0259 g\u00f6r\u00fc\u015fd\u0259 \u201c\u00d6lk\u0259d\u0259 inhisar\u00e7\u0131l\u0131\u011f\u0131n bir faizini g\u00f6st\u0259rs\u0259niz, m\u0259n istefa ver\u0259r\u0259m\u201d dey\u0259n D\u00f6vl\u0259t G\u00f6mr\u00fck Komit\u0259si DGK s\u0259dri S\u0259f\u0259r Mehdiyev \u201cg\u00f6mr\u00fck m\u0259nt\u0259q\u0259l\u0259rind\u0259 it\u0259n\u201d q\u0131z\u0131llar\u0131n taleyi bar\u0259d\u0259 MeydanTV-nin sor\u011fusuna cavab verm\u0259yib<br \/>\n    <\/i><br \/>\n  <\/b><br \/>\n  <i><br \/>\n    .<br \/>\n  <\/i>\n<\/p>\n<p>\n  R\u0259smi statistikaya g\u00f6r\u0259, 2018-ci ild\u0259 z\u0259rg\u0259rlik m\u0259mulat\u0131n\u0131n p\u0259rak\u0259nd\u0259 ticar\u0259t \u015f\u0259b\u0259k\u0259sind\u0259 sat\u0131\u015f h\u0259cmi 356,6 milyon manat (210 milyon dollar), son 4 ild\u0259 &#8211; 1,2 milyard manat (730 milyon AB\u015e dollar\u0131) olub. \u0130l \u0259rzind\u0259 yerli z\u0259rg\u0259rl\u0259rin \u0259lind\u0259n \u00e7\u0131xan 5 milyon manatl\u0131q zin\u0259t \u0259\u015fyalar\u0131 sat\u0131l\u0131b. Bunu da D\u00f6vl\u0259t Statistika Komit\u0259si a\u00e7\u0131qlay\u0131b. G\u00f6mr\u00fck orqanlar\u0131 is\u0259 2018-ci ild\u0259 \u00f6t\u0259n il \u00f6lk\u0259y\u0259 sat\u0131\u015f m\u0259qs\u0259dil\u0259 14,5 milyon dollarl\u0131q, y\u0259ni t\u0259xmin\u0259n 25 milyon manat d\u0259y\u0259rind\u0259 z\u0259rg\u0259rlik m\u0259mulat\u0131n\u0131n g\u0259tirildiyi bar\u0259d\u0259 hesabat verib. Ba\u015fqa s\u00f6zl\u0259, bir il \u0259rzind\u0259 bazara leqal yolla toplam 30 milyon manatl\u0131q z\u0259rg\u0259rlik m\u0259mulat\u0131 daxil olub. O zaman sual yaran\u0131r: iki d\u00f6vl\u0259t qurumunun t\u0259qdim etdiyi r\u0259q\u0259ml\u0259r aras\u0131ndak\u0131 11,5 d\u0259f\u0259lik f\u0259rq nec\u0259 yaran\u0131b?\n<\/p>\n<h3>\n  Az\u0259rbaycan g\u00f6mr\u00fcy\u00fcnd\u0259 n\u0259s\u0259 qaydas\u0131nda deyil&#8230;<br \/>\n<\/h3>\n<p>\n  2015-ci ild\u0259 manat\u0131n devalvasiyas\u0131ndan az sonra g\u00f6mr\u00fck orqanlar\u0131n\u0131n f\u0259aliyy\u0259tind\u0259 \u015f\u0259ffafla\u015fma meyll\u0259ri m\u00fc\u015fahid\u0259 olunma\u011fa ba\u015flad\u0131. DGK-da xidm\u0259tl\u0259rin elektronla\u015fmas\u0131 m\u0259mur-sahibkar t\u0259mas\u0131n\u0131 azaltd\u0131. N\u0259tic\u0259 \u00f6z\u00fcn\u00fc \u00e7ox g\u00f6zl\u0259tm\u0259di: g\u00f6mr\u00fck daxilolmalar\u0131, b\u0259yan olunan idxal mallar\u0131n\u0131n g\u00f6mr\u00fck qiym\u0259ti v\u0259 h\u0259cmi y\u00fcks\u0259ldi. Lakin t\u0259hlil g\u00f6st\u0259rir ki, h\u0259l\u0259 d\u0259 b\u0259zi mal \u00e7e\u015fidl\u0259ri leqalla\u015fmadan k\u0259narda saxlan\u0131l\u0131r. Par\u0131lt\u0131s\u0131 g\u00f6z qama\u015fd\u0131ran q\u0131z\u0131l v\u0259 da\u015f-qa\u015f kimi&#8230;\n<\/p>\n<p>\n  DGK-n\u0131n mallar\u0131n idxal v\u0259 ixrac\u0131na dair illik hesabatlar\u0131na g\u00f6r\u0259, 2015-2018-ci ill\u0259rd\u0259 m\u00fcxt\u0259lif \u00f6lk\u0259l\u0259rd\u0259n (B\u00f6y\u00fck Britaniya, \u0130sve\u00e7r\u0259, \u0130taliya, Fransa, AB\u015e v\u0259 s.) Az\u0259rbaycana 31,3 mln. AB\u015e dollar\u0131 d\u0259y\u0259rind\u0259 z\u0259rg\u0259rlik m\u0259mulat\u0131 g\u0259tirilib. \u0130xracat\u00e7\u0131 \u00f6lk\u0259l\u0259r\u0131n is\u0259 son 4 ild\u0259 Az\u0259rbaycana 655,8 mln. dollar d\u0259y\u0259rind\u0259 q\u0131z\u0131l-zin\u0259t \u0259\u015fyalar\u0131 g\u00f6nd\u0259rdiyi BMT-nin \u0130qtisadi v\u0259 Sosial \u0130\u015fl\u0259r \u0130dar\u0259si (UN Comtrade) vasit\u0259sil\u0259 a\u00e7\u0131qlan\u0131b. F\u0259rq 20 d\u0259f\u0259 t\u0259\u015fkil edir.\n<\/p>\n<figure class=\"wp-block-image size-large\">\n  <img decoding=\"async\" src=\"https:\/\/www.meydan.tv\/az\/iller-jpg\/\" alt=\"\u0130LL\u018fR.jpg\" class=\"wp-image-136132\"\/><figcaption>\n    DGK-n\u0131n mallar\u0131n idxal v\u0259 ixrac\u0131na dair illik hesabatlar\u0131 m\u00fcqais\u0259d\u0259<br \/>\n  <\/figcaption><\/figure>\n<p>\n  Bu, g\u00f6mr\u00fck r\u00fcsumu (15%), \u0259lav\u0259 d\u0259y\u0259r vergisi (18%) v\u0259 aksizl\u0259r (\u0259yar\u0131ndan as\u0131l\u0131 olaraq h\u0259r qram\u0131 \u00fc\u00e7\u00fcn 1,5 manatdan 6 manatad\u0259k) \u015f\u0259klind\u0259 d\u00f6vl\u0259t b\u00fcdc\u0259sind\u0259n potensial olaraq yay\u0131nd\u0131r\u0131lan, az\u0131, 100 milyon dollar dem\u0259kdir. G\u00f6r\u00fcnd\u00fcy\u00fc kimi, Az\u0259rbaycan g\u00f6mr\u00fcy\u00fcnd\u0259 n\u0259s\u0259 qaydas\u0131nda deyil&#8230;\n<\/p>\n<p>\n  Ayr\u0131-ayr\u0131 \u00f6lk\u0259l\u0259rin n\u00fcmun\u0259sind\u0259 apar\u0131lan t\u0259hlil q\u0131z\u0131l-zin\u0259t \u0259\u015fyalar\u0131n\u0131n qa\u00e7aqmal yolu il\u0259 \u00f6lk\u0259y\u0259 g\u0259tirilm\u0259sini bariz \u015f\u0259kild\u0259 t\u0259sdiq edir. G\u00f6mr\u00fck islahatlar\u0131 apar\u0131lan d\u00f6vrd\u0259 (2015-2018-ci ill\u0259r) B\u018f\u018f-d\u0259n Az\u0259rbaycana 21,2 milyon dollar d\u0259y\u0259rind\u0259 481 kq zin\u0259t \u0259\u015fyalar\u0131 g\u00f6nd\u0259rildiyi a\u00e7\u0131qlansa da, Az\u0259rbaycan g\u00f6mr\u00fcy\u00fcnd\u0259n bunun 54 min dollarl\u0131q hiss\u0259si r\u0259smi yolla ke\u00e7irilib. Son 4 ild\u0259 Az\u0259rbaycana B\u00f6y\u00fck Britaniya m\u0259n\u015f\u0259li 412 milyon dollar d\u0259y\u0259rind\u0259 q\u0131z\u0131l-zin\u0259t \u0259\u015fyalar\u0131 yola sal\u0131n\u0131b. G\u00f6mr\u00fck\u00e7\u00fcl\u0259r Az\u0259rbaycan s\u0259rh\u0259dind\u0259 bunun 1 milyon 624 min dollarl\u0131q hiss\u0259sini vergi v\u0259 r\u00fcsumlara c\u0259lb etm\u0259y\u0259 \u201cnail olublar\u201d.\n<\/p>\n<p>\n  2018-ci ild\u0259 Britaniyadan Az\u0259rbaycana 43,6 milyon dollar, T\u00fcrkiy\u0259d\u0259n &#8211; 34,3 milyon dollar, \u0130sve\u00e7r\u0259d\u0259n &#8211; 6,2 milyon dollar, \u0130taliyadan \u2013 5,9 miyon dollar, dig\u0259r \u00f6lk\u0259l\u0259r d\u0259 daxil olmaqla 102 milyon dollar d\u0259y\u0259rind\u0259 z\u0259rg\u0259rlik m\u0259mulat\u0131 g\u00f6nd\u0259rilib. Q\u0131z\u0131l m\u0259mulat\u0131 ticar\u0259t\u00e7il\u0259ri t\u0259kc\u0259 T\u00fcrkiy\u0259d\u0259n 1437 kiloqram, \u0130taliyadan \u2013 75 kq, \u0130sve\u00e7r\u0259d\u0259n -30 kq, Birl\u0259\u015fmi\u015f \u018fr\u0259b \u018fmirlikl\u0259rind\u0259n \u2013 70 kq q\u0131z\u0131l-zin\u0259t \u0259\u015fyalar\u0131 g\u0259tiribl\u0259r. Bu, ixracat\u00e7\u0131 \u00f6lk\u0259l\u0259rin t\u0259qdim etdikl\u0259ri m\u0259lumatd\u0131r. Az\u0259rbaycan g\u00f6mr\u00fcy\u00fcnd\u0259 bunun vur-tut 11,7 milyon dollar d\u0259y\u0259rind\u0259 89,8 kiloqram\u0131 r\u0259smil\u0259\u015fdirilib.\n<\/p>\n<h3>\n  Ekspert: r\u00fc\u015fv\u0259t m\u00fcqabilind\u0259 vergiy\u0259 c\u0259lb olunmur<br \/>\n<\/h3>\n<p>\n  Az\u0259rbaycana ixrac olunan q\u0131z\u0131l v\u0259 dig\u0259r zin\u0259t \u0259\u015fyalar\u0131 bar\u0259d\u0259 ziddiyy\u0259tli m\u0259lumatlar 2019-cu ild\u0259 d\u0259 davam edib. Doqquz ay \u0259rzind\u0259 Az\u0259rbaycan t\u0259kc\u0259 \u0130sve\u00e7r\u0259, B\u00f6y\u00fck Britaniya, B\u018f\u018f, T\u00fcrkiy\u0259, \u0130spaniya, \u0130taliya, \u0130srail v\u0259 Bel\u00e7ikadan 50 milyon dollar d\u0259y\u0259rind\u0259 zin\u0259t \u0259\u015fyalar\u0131 sat\u0131n al\u0131b. Bu \u00f6lk\u0259l\u0259r d\u0259 daxil olmaqla Az\u0259rbaycan bu d\u00f6vrd\u0259 h\u0259m d\u0259 Almaniya, B\u018f\u018f, Honkonq, Fransa, Hindistan, Malayziya v\u0259 Tailanddan 7,6 milyon dollar d\u0259y\u0259rind\u0259 q\u0131z\u0131l m\u0259mulat\u0131n\u0131n idxal etdiyini a\u00e7\u0131qlay\u0131b. Bu hesabla 9 ayda yaln\u0131z g\u00f6mr\u00fck r\u00fcsumu v\u0259 \u018fDV \u00fczr\u0259 potensial olaraq d\u00f6vl\u0259t b\u00fcdc\u0259sind\u0259n 16 milyon dollar (27 milyon manat) yay\u0131nd\u0131r\u0131l\u0131b.\n<\/p>\n<p>\n  \u201cAyd\u0131n m\u0259s\u0259l\u0259dir ki, zin\u0259t \u0259\u015fyalar\u0131n\u0131n b\u00f6y\u00fck partiyalarla idxal\u0131 h\u0259m g\u00f6mr\u00fck, h\u0259m d\u0259 x\u00fcsusi xidm\u0259t orqanlar\u0131n\u0131n n\u0259zar\u0259tind\u0259n k\u0259narda deyil. O zaman nec\u0259 ola bil\u0259r ki, dig\u0259r n\u0259zar\u0259t qurumlar\u0131n\u0131n, o c\u00fcml\u0259d\u0259n vergi orqanlar\u0131n\u0131n g\u00f6zl\u0259ri qar\u015f\u0131s\u0131nda ill\u0259rdir ki, bu sah\u0259d\u0259 qeyri-qanuni pullar d\u00f6vr edir\u201d, dey\u0259 m\u00fcst\u0259qil iqtisad\u00e7\u0131 Qubad \u0130bado\u011flu sual edir. MeydanTV-y\u0259 dan\u0131\u015fan iqtisad\u00e7\u0131n\u0131n fikrinc\u0259, z\u0259rg\u0259rlik m\u0259mulat\u0131n\u0131n idxal\u0131 il\u0259 \u00e7oxlu sayda ticar\u0259t\u00e7il\u0259r m\u0259\u015f\u011ful olur v\u0259 \u00f6lk\u0259y\u0259 g\u0259tiril\u0259n mal\u0131n \u0259h\u0259miyy\u0259tli hiss\u0259si r\u00fc\u015fv\u0259t m\u00fcqabilind\u0259 vergiy\u0259 c\u0259lb olunmur.\n<\/p>\n<figure class=\"wp-block-image size-large\">\n  <img decoding=\"async\" src=\"https:\/\/www.meydan.tv\/az\/qubad-jpg-2\/\" alt=\"qubad.jpg\" class=\"wp-image-136138\"\/><figcaption>\n    \u0130qtisad\u00e7\u0131 Qubad \u0130bado\u011flu<br \/>\n  <\/figcaption><\/figure>\n<p>\n  G\u00f6mr\u00fck qap\u0131lar\u0131ndan ke\u00e7\u0259n q\u0131z\u0131l m\u0259mulat\u0131n\u0131n a\u015fa\u011f\u0131 miqdarda \u0259ks olunmas\u0131 t\u0259kc\u0259 idxal g\u00f6st\u0259ricil\u0259rind\u0259 \u00f6z\u00fcn\u00fc g\u00f6st\u0259rmir. UN Comtrade-in m\u0259lumatlar\u0131na g\u00f6r\u0259, xarici bazarlara he\u00e7 d\u0259 az h\u0259cmd\u0259 Az\u0259rbaycan mal\u0131 olan zin\u0259t \u0259\u015fyalar\u0131 \u00e7\u0131xar\u0131lm\u0131r. \u0130sve\u00e7r\u0259, \u0130taliya, Fransa, B\u00f6y\u00fck Britaniya, B\u018f\u018f, T\u00fcrkiy\u0259, AB\u015e v\u0259 G\u00fcrc\u00fcstan 2015-2018-ci ill\u0259rd\u0259 Az\u0259rbaycandan ald\u0131qlar\u0131 q\u0131z\u0131l m\u0259mulat\u0131n\u0131 51,6 milyon dollar d\u0259y\u0259rind\u0259 qiym\u0259tl\u0259ndiribl\u0259r. Yuxar\u0131da qeyd olundu\u011fu kimi, Az\u0259rbaycanda leqal yolla istehsal olunan z\u0259rg\u0259rlik m\u0259mulat\u0131n\u0131n illik d\u0259y\u0259ri 5 milyon manat\u0131 (2,9 milyon AB\u015e dollar\u0131) ke\u00e7mir. DGK-n\u0131n m\u0259lumatlar\u0131na g\u00f6r\u0259 is\u0259, son d\u00f6rd ild\u0259 Az\u0259rbaycan g\u00f6mr\u00fcy\u00fcn\u0259 b\u0259yan edilm\u0259kl\u0259 \u00f6lk\u0259d\u0259n \u00e7\u0131xar\u0131lan zin\u0259t \u0259\u015fyalar\u0131n\u0131n toplam d\u0259y\u0259ri 1 milyon dollara \u00e7atm\u0131r. Bu r\u0259q\u0259ml\u0259rd\u0259 ifad\u0259 olunan k\u0259skin f\u0259rq dolay\u0131s\u0131yla z\u0259rg\u0259rlik s\u0259nayesind\u0259 k\u00f6lg\u0259 iqtisadiyyat\u0131n\u0131n k\u00f6k sald\u0131\u011f\u0131n\u0131 t\u0259sdiq ed\u0259n d\u0259lill\u0259rd\u0259ndir.\n<\/p>\n<h3>\n  \u201cYax\u0131n vaxtlarda h\u0259r \u015fey d\u0259yi\u015f\u0259c\u0259k\u201d<br \/>\n<\/h3>\n<p>\n  M\u0259rk\u0259zi Univermaqda z\u0259rg\u0259rlik m\u0259mulat\u0131 d\u00fckanlar\u0131ndan birinin ad\u0131n\u0131n \u00e7\u0259kilm\u0259sini ist\u0259m\u0259y\u0259n sahibi MeydanTV-y\u0259 q\u0131z\u0131l-zin\u0259t \u0259\u015fyalar\u0131n\u0131n Az\u0259rbaycana daxil olmas\u0131 sxemini a\u00e7\u0131qlay\u0131b:\n<\/p>\n<p>\n  \u201cBu, el\u0259 bir biznes sah\u0259sidir ki, h\u0259r manat n\u0259zar\u0259t alt\u0131ndad\u0131r. Pi\u015ftaxtada g\u00f6rd\u00fcy\u00fcn\u00fcz mallar\u0131 \u00e7e\u015fidl\u0259r \u00fczr\u0259 T\u00fcrkiy\u0259d\u0259ki \u015firk\u0259t\u0259 sifari\u015f verir, pulunu bank hesab\u0131na k\u00f6\u00e7\u00fcr\u00fcb al\u0131r\u0131q. H\u0259min \u015firk\u0259tin n\u00fcmay\u0259nd\u0259si Bak\u0131 aeroportunda oturur. Mal\u0131 t\u0259yyar\u0259 il\u0259 g\u0259tirib g\u00f6mr\u00fckd\u0259 biz\u0259 t\u0259hvil verir. Mala cavabdeh d\u0259 odur. Biz n\u0259 sat\u0131r\u0131qsa, onun vergisini veririk\u201d. Sahibkar g\u00f6mr\u00fck r\u0259smil\u0259\u015fdirilm\u0259sind\u0259ki probleml\u0259rd\u0259n \u201cyuxar\u0131lar\u0131n\u201d da x\u0259b\u0259rinin oldu\u011funu deyir: \u201cMal\u0131n \u00fcst\u00fcn\u0259 36 faiz \u018fDV v\u0259 r\u00fcsum g\u0259l\u0259nd\u0259n sonra \u0259lb\u0259tt\u0259 ki, o qiym\u0259t\u0259 al\u0131c\u0131 tapmaq \u00e7\u0259tinl\u0259\u015f\u0259c\u0259k. Odur ki, h\u0259r\u0259 bir yol axtar\u0131b tap\u0131r. Yax\u0131n vaxtlarda is\u0259 h\u0259r \u015fey d\u0259yi\u015f\u0259c\u0259k. R\u00fcsumlar a\u015fa\u011f\u0131 sal\u0131nacaq. Leqalla\u015fd\u0131rmaya nail olmaqdan \u00f6tr\u00fc ba\u015fqa yol yoxdur\u201d.\n<\/p>\n<figure class=\"wp-block-image size-large\">\n  <img decoding=\"async\" src=\"https:\/\/www.meydan.tv\/az\/img_20191226_110110-jpg\/\" alt=\"IMG_20191226_110110.jpg\" class=\"wp-image-136162\"\/><figcaption>\n    Bak\u0131 M\u0259rk\u0259zi Univermaq<br \/>\n  <\/figcaption><\/figure>\n<p>\n  El\u0259 z\u0259rg\u0259rlik m\u0259mulat\u0131n\u0131n istehsal\u0131 sah\u0259si d\u0259 d\u0259yi\u015fiklikl\u0259rin astanas\u0131ndad\u0131r. 2019-cu ilin yanvar\u0131nda \u201cAR-d\u0259 bir s\u0131ra d\u00f6vl\u0259t orqanlar\u0131n\u0131n strukturunun optimalla\u015fd\u0131r\u0131lmas\u0131 v\u0259 idar\u0259 edilm\u0259sinin t\u0259kmill\u0259\u015fdirilm\u0259si il\u0259 ba\u011fl\u0131 \u0259lav\u0259 t\u0259dbirl\u0259r haqq\u0131nda\u201d Maliyy\u0259 Nazirliyinin Qiym\u0259tli Metallar v\u0259 Qiym\u0259tli Da\u015flara N\u0259zar\u0259t D\u00f6vl\u0259t Xidm\u0259ti l\u0259\u011fv edilib. N\u0259tic\u0259d\u0259 q\u0131z\u0131la \u0259yar\u0131n qoyulmas\u0131 ba\u015fl\u0131-ba\u015f\u0131na qal\u0131b. Bak\u0131da ki\u00e7ik sexl\u0259rd\u0259n birind\u0259 z\u0259rg\u0259rlik ed\u0259n Eldar M\u0259mm\u0259dzad\u0259 deyir ki, art\u0131q ne\u00e7\u0259 ayd\u0131r \u0130qtisadiyyat Nazirliyi v\u0259 \u201cAzerGold\u201d ASC bu sah\u0259d\u0259 olan probleml\u0259ri ara\u015fd\u0131rmaqla m\u0259\u015f\u011fuldur:\n<\/p>\n<p>\n  \u201cZ\u0259rg\u0259rl\u0259rl\u0259 bir ne\u00e7\u0259 g\u00f6r\u00fc\u015f olub. M\u00fczakir\u0259l\u0259rd\u0259n bel\u0259 ba\u015fa d\u00fc\u015f\u00fcr\u0259m ki, T\u00fcrkiy\u0259d\u0259ki \u00f6z\u00fcn\u00fct\u0259nziml\u0259m\u0259 sistemini burada t\u0259tbiq etm\u0259k n\u0259z\u0259rd\u0259 tutulur. Z\u0259rg\u0259rl\u0259rin ictimai birliyi t\u0259sis olunacaq. Sa\u011flam r\u0259qab\u0259t m\u00fchitinin yarad\u0131lmas\u0131, bazara n\u0259zar\u0259tin h\u0259yata ke\u00e7irilm\u0259si il\u0259 o m\u0259\u015f\u011ful olacaq. \u00dcst\u0259lik, z\u0259rg\u0259rlik s\u0259n\u0259tini stimulla\u015fd\u0131rmaq \u00fc\u00e7\u00fcn vergi g\u00fcz\u0259\u015ftl\u0259ri haqda s\u00f6hb\u0259t d\u0259 g\u0259zir\u201d.\n<\/p>\n<p>\n  \u0130dxal olunan, d\u0259y\u0259ri y\u00fcz milyonlarla dollar d\u0259y\u0259rind\u0259 z\u0259rg\u0259rlik m\u0259mulat\u0131n\u0131n Az\u0259rbaycana hans\u0131 kanallarla daxil olmas\u0131 haqda suallar\u0131 D\u00f6vl\u0259t G\u00f6mr\u00fck Komit\u0259sind\u0259 v\u0259 Vergil\u0259r Nazirliyind\u0259 cavabs\u0131z qoyublar.<\/p>\n","protected":false},"excerpt":{"rendered":"<p>\u00d6lk\u0259y\u0259 ixrac olunan q\u0131z\u0131l v\u0259 dig\u0259r zin\u0259t \u0259\u015fyalar\u0131 bar\u0259d\u0259 ziddiyy\u0259tli m\u0259lumatlar var<\/p>\n","protected":false},"author":11,"featured_media":136159,"comment_status":"closed","ping_status":"open","sticky":false,"template":"","format":"standard","meta":{"_acf_changed":false,"_sitemap_exclude":false,"_sitemap_priority":"","_sitemap_frequency":"","footnotes":""},"categories":[62],"tags":[],"class_list":["post-198893","post","type-post","status-publish","format-standard","has-post-thumbnail","hentry","category-sosial","infinite-scroll-item","generate-columns","tablet-grid-50","mobile-grid-100","grid-parent","grid-33","no-featured-image-padding"],"acf":[],"yoast_head":"<!-- This site is optimized with the Yoast SEO plugin v27.4 - https:\/\/yoast.com\/product\/yoast-seo-wordpress\/ -->\n<title>Az\u0259rbaycan g\u00f6mr\u00fcy\u00fcnd\u0259 \u201cq\u0131z\u0131l\u201d qayda - MEYDAN.TV<\/title>\n<meta name=\"robots\" content=\"index, follow, max-snippet:-1, max-image-preview:large, max-video-preview:-1\" \/>\n<link rel=\"canonical\" href=\"https:\/\/www.meydan.tv\/az\/article\/azerbaycan-gomruyunde-qizil-qayda\/\" \/>\n<meta property=\"og:locale\" content=\"az_AZ\" \/>\n<meta property=\"og:type\" content=\"article\" \/>\n<meta property=\"og:title\" content=\"Az\u0259rbaycan g\u00f6mr\u00fcy\u00fcnd\u0259 \u201cq\u0131z\u0131l\u201d qayda - MEYDAN.TV\" \/>\n<meta property=\"og:description\" content=\"\u00d6lk\u0259y\u0259 ixrac olunan q\u0131z\u0131l v\u0259 dig\u0259r zin\u0259t \u0259\u015fyalar\u0131 bar\u0259d\u0259 ziddiyy\u0259tli m\u0259lumatlar var\" \/>\n<meta property=\"og:url\" content=\"https:\/\/www.meydan.tv\/az\/article\/azerbaycan-gomruyunde-qizil-qayda\/\" \/>\n<meta property=\"og:site_name\" content=\"MEYDAN.TV\" \/>\n<meta property=\"article:published_time\" content=\"2020-01-21T16:34:29+00:00\" \/>\n<meta property=\"og:image\" content=\"https:\/\/www.meydan.tv\/wp-content\/uploads\/untitled-133.jpg\" \/>\n\t<meta property=\"og:image:width\" content=\"1500\" \/>\n\t<meta property=\"og:image:height\" content=\"800\" \/>\n\t<meta property=\"og:image:type\" content=\"image\/jpeg\" \/>\n<meta name=\"author\" content=\"user-manager\" \/>\n<meta name=\"twitter:card\" content=\"summary_large_image\" \/>\n<script type=\"application\/ld+json\" class=\"yoast-schema-graph\">{\"@context\":\"https:\\\/\\\/schema.org\",\"@graph\":[{\"@type\":\"Article\",\"@id\":\"https:\\\/\\\/www.meydan.tv\\\/az\\\/article\\\/azerbaycan-gomruyunde-qizil-qayda\\\/#article\",\"isPartOf\":{\"@id\":\"https:\\\/\\\/www.meydan.tv\\\/az\\\/article\\\/azerbaycan-gomruyunde-qizil-qayda\\\/\"},\"author\":{\"name\":\"user-manager\",\"@id\":\"https:\\\/\\\/www.meydan.tv\\\/az\\\/#\\\/schema\\\/person\\\/10d11eccf6da3662cf5fdab9806ea91a\"},\"headline\":\"Az\u0259rbaycan g\u00f6mr\u00fcy\u00fcnd\u0259 \u201cq\u0131z\u0131l\u201d qayda\",\"datePublished\":\"2020-01-21T16:34:29+00:00\",\"mainEntityOfPage\":{\"@id\":\"https:\\\/\\\/www.meydan.tv\\\/az\\\/article\\\/azerbaycan-gomruyunde-qizil-qayda\\\/\"},\"wordCount\":1787,\"publisher\":{\"@id\":\"https:\\\/\\\/www.meydan.tv\\\/az\\\/#organization\"},\"image\":{\"@id\":\"https:\\\/\\\/www.meydan.tv\\\/az\\\/article\\\/azerbaycan-gomruyunde-qizil-qayda\\\/#primaryimage\"},\"thumbnailUrl\":\"https:\\\/\\\/www.meydan.tv\\\/wp-content\\\/uploads\\\/untitled-133.jpg\",\"articleSection\":[\"Sosial\"],\"inLanguage\":\"az\"},{\"@type\":\"WebPage\",\"@id\":\"https:\\\/\\\/www.meydan.tv\\\/az\\\/article\\\/azerbaycan-gomruyunde-qizil-qayda\\\/\",\"url\":\"https:\\\/\\\/www.meydan.tv\\\/az\\\/article\\\/azerbaycan-gomruyunde-qizil-qayda\\\/\",\"name\":\"Az\u0259rbaycan g\u00f6mr\u00fcy\u00fcnd\u0259 \u201cq\u0131z\u0131l\u201d qayda - MEYDAN.TV\",\"isPartOf\":{\"@id\":\"https:\\\/\\\/www.meydan.tv\\\/az\\\/#website\"},\"primaryImageOfPage\":{\"@id\":\"https:\\\/\\\/www.meydan.tv\\\/az\\\/article\\\/azerbaycan-gomruyunde-qizil-qayda\\\/#primaryimage\"},\"image\":{\"@id\":\"https:\\\/\\\/www.meydan.tv\\\/az\\\/article\\\/azerbaycan-gomruyunde-qizil-qayda\\\/#primaryimage\"},\"thumbnailUrl\":\"https:\\\/\\\/www.meydan.tv\\\/wp-content\\\/uploads\\\/untitled-133.jpg\",\"datePublished\":\"2020-01-21T16:34:29+00:00\",\"breadcrumb\":{\"@id\":\"https:\\\/\\\/www.meydan.tv\\\/az\\\/article\\\/azerbaycan-gomruyunde-qizil-qayda\\\/#breadcrumb\"},\"inLanguage\":\"az\",\"potentialAction\":[{\"@type\":\"ReadAction\",\"target\":[\"https:\\\/\\\/www.meydan.tv\\\/az\\\/article\\\/azerbaycan-gomruyunde-qizil-qayda\\\/\"]}]},{\"@type\":\"ImageObject\",\"inLanguage\":\"az\",\"@id\":\"https:\\\/\\\/www.meydan.tv\\\/az\\\/article\\\/azerbaycan-gomruyunde-qizil-qayda\\\/#primaryimage\",\"url\":\"https:\\\/\\\/www.meydan.tv\\\/wp-content\\\/uploads\\\/untitled-133.jpg\",\"contentUrl\":\"https:\\\/\\\/www.meydan.tv\\\/wp-content\\\/uploads\\\/untitled-133.jpg\",\"width\":1500,\"height\":800,\"caption\":\"Source: Meydan.TV\"},{\"@type\":\"BreadcrumbList\",\"@id\":\"https:\\\/\\\/www.meydan.tv\\\/az\\\/article\\\/azerbaycan-gomruyunde-qizil-qayda\\\/#breadcrumb\",\"itemListElement\":[{\"@type\":\"ListItem\",\"position\":1,\"name\":\"Ana s\u0259hif\u0259\",\"item\":\"https:\\\/\\\/www.meydan.tv\\\/az\\\/\"},{\"@type\":\"ListItem\",\"position\":2,\"name\":\"Sosial\",\"item\":\"https:\\\/\\\/www.meydan.tv\\\/az\\\/section\\\/sosial\\\/\"},{\"@type\":\"ListItem\",\"position\":3,\"name\":\"Az\u0259rbaycan g\u00f6mr\u00fcy\u00fcnd\u0259 \u201cq\u0131z\u0131l\u201d qayda\"}]},{\"@type\":\"WebSite\",\"@id\":\"https:\\\/\\\/www.meydan.tv\\\/az\\\/#website\",\"url\":\"https:\\\/\\\/www.meydan.tv\\\/az\\\/\",\"name\":\"MEYDAN.TV\",\"description\":\"Meydan TV Az\u0259rbaycan\u0131n media m\u0259kan\u0131ndak\u0131 alternativ s\u0259sidir\",\"publisher\":{\"@id\":\"https:\\\/\\\/www.meydan.tv\\\/az\\\/#organization\"},\"potentialAction\":[{\"@type\":\"SearchAction\",\"target\":{\"@type\":\"EntryPoint\",\"urlTemplate\":\"https:\\\/\\\/www.meydan.tv\\\/az\\\/?s={search_term_string}\"},\"query-input\":{\"@type\":\"PropertyValueSpecification\",\"valueRequired\":true,\"valueName\":\"search_term_string\"}}],\"inLanguage\":\"az\"},{\"@type\":\"Organization\",\"@id\":\"https:\\\/\\\/www.meydan.tv\\\/az\\\/#organization\",\"name\":\"Meydan TV\",\"url\":\"https:\\\/\\\/www.meydan.tv\\\/az\\\/\",\"logo\":{\"@type\":\"ImageObject\",\"inLanguage\":\"az\",\"@id\":\"https:\\\/\\\/www.meydan.tv\\\/az\\\/#\\\/schema\\\/logo\\\/image\\\/\",\"url\":\"https:\\\/\\\/www.meydan.tv\\\/wp-content\\\/uploads\\\/2021\\\/07\\\/meydan-logo.svg\",\"contentUrl\":\"https:\\\/\\\/www.meydan.tv\\\/wp-content\\\/uploads\\\/2021\\\/07\\\/meydan-logo.svg\",\"width\":195,\"height\":46,\"caption\":\"Meydan TV\"},\"image\":{\"@id\":\"https:\\\/\\\/www.meydan.tv\\\/az\\\/#\\\/schema\\\/logo\\\/image\\\/\"}},{\"@type\":\"Person\",\"@id\":\"https:\\\/\\\/www.meydan.tv\\\/az\\\/#\\\/schema\\\/person\\\/10d11eccf6da3662cf5fdab9806ea91a\",\"name\":\"user-manager\"}]}<\/script>\n<!-- \/ Yoast SEO plugin. -->","yoast_head_json":{"title":"Az\u0259rbaycan g\u00f6mr\u00fcy\u00fcnd\u0259 \u201cq\u0131z\u0131l\u201d qayda - MEYDAN.TV","robots":{"index":"index","follow":"follow","max-snippet":"max-snippet:-1","max-image-preview":"max-image-preview:large","max-video-preview":"max-video-preview:-1"},"canonical":"https:\/\/www.meydan.tv\/az\/article\/azerbaycan-gomruyunde-qizil-qayda\/","og_locale":"az_AZ","og_type":"article","og_title":"Az\u0259rbaycan g\u00f6mr\u00fcy\u00fcnd\u0259 \u201cq\u0131z\u0131l\u201d qayda - MEYDAN.TV","og_description":"\u00d6lk\u0259y\u0259 ixrac olunan q\u0131z\u0131l v\u0259 dig\u0259r zin\u0259t \u0259\u015fyalar\u0131 bar\u0259d\u0259 ziddiyy\u0259tli m\u0259lumatlar var","og_url":"https:\/\/www.meydan.tv\/az\/article\/azerbaycan-gomruyunde-qizil-qayda\/","og_site_name":"MEYDAN.TV","article_published_time":"2020-01-21T16:34:29+00:00","og_image":[{"width":1500,"height":800,"url":"https:\/\/www.meydan.tv\/wp-content\/uploads\/untitled-133.jpg","type":"image\/jpeg"}],"author":"user-manager","twitter_card":"summary_large_image","schema":{"@context":"https:\/\/schema.org","@graph":[{"@type":"Article","@id":"https:\/\/www.meydan.tv\/az\/article\/azerbaycan-gomruyunde-qizil-qayda\/#article","isPartOf":{"@id":"https:\/\/www.meydan.tv\/az\/article\/azerbaycan-gomruyunde-qizil-qayda\/"},"author":{"name":"user-manager","@id":"https:\/\/www.meydan.tv\/az\/#\/schema\/person\/10d11eccf6da3662cf5fdab9806ea91a"},"headline":"Az\u0259rbaycan g\u00f6mr\u00fcy\u00fcnd\u0259 \u201cq\u0131z\u0131l\u201d qayda","datePublished":"2020-01-21T16:34:29+00:00","mainEntityOfPage":{"@id":"https:\/\/www.meydan.tv\/az\/article\/azerbaycan-gomruyunde-qizil-qayda\/"},"wordCount":1787,"publisher":{"@id":"https:\/\/www.meydan.tv\/az\/#organization"},"image":{"@id":"https:\/\/www.meydan.tv\/az\/article\/azerbaycan-gomruyunde-qizil-qayda\/#primaryimage"},"thumbnailUrl":"https:\/\/www.meydan.tv\/wp-content\/uploads\/untitled-133.jpg","articleSection":["Sosial"],"inLanguage":"az"},{"@type":"WebPage","@id":"https:\/\/www.meydan.tv\/az\/article\/azerbaycan-gomruyunde-qizil-qayda\/","url":"https:\/\/www.meydan.tv\/az\/article\/azerbaycan-gomruyunde-qizil-qayda\/","name":"Az\u0259rbaycan g\u00f6mr\u00fcy\u00fcnd\u0259 \u201cq\u0131z\u0131l\u201d qayda - MEYDAN.TV","isPartOf":{"@id":"https:\/\/www.meydan.tv\/az\/#website"},"primaryImageOfPage":{"@id":"https:\/\/www.meydan.tv\/az\/article\/azerbaycan-gomruyunde-qizil-qayda\/#primaryimage"},"image":{"@id":"https:\/\/www.meydan.tv\/az\/article\/azerbaycan-gomruyunde-qizil-qayda\/#primaryimage"},"thumbnailUrl":"https:\/\/www.meydan.tv\/wp-content\/uploads\/untitled-133.jpg","datePublished":"2020-01-21T16:34:29+00:00","breadcrumb":{"@id":"https:\/\/www.meydan.tv\/az\/article\/azerbaycan-gomruyunde-qizil-qayda\/#breadcrumb"},"inLanguage":"az","potentialAction":[{"@type":"ReadAction","target":["https:\/\/www.meydan.tv\/az\/article\/azerbaycan-gomruyunde-qizil-qayda\/"]}]},{"@type":"ImageObject","inLanguage":"az","@id":"https:\/\/www.meydan.tv\/az\/article\/azerbaycan-gomruyunde-qizil-qayda\/#primaryimage","url":"https:\/\/www.meydan.tv\/wp-content\/uploads\/untitled-133.jpg","contentUrl":"https:\/\/www.meydan.tv\/wp-content\/uploads\/untitled-133.jpg","width":1500,"height":800,"caption":"Source: Meydan.TV"},{"@type":"BreadcrumbList","@id":"https:\/\/www.meydan.tv\/az\/article\/azerbaycan-gomruyunde-qizil-qayda\/#breadcrumb","itemListElement":[{"@type":"ListItem","position":1,"name":"Ana s\u0259hif\u0259","item":"https:\/\/www.meydan.tv\/az\/"},{"@type":"ListItem","position":2,"name":"Sosial","item":"https:\/\/www.meydan.tv\/az\/section\/sosial\/"},{"@type":"ListItem","position":3,"name":"Az\u0259rbaycan g\u00f6mr\u00fcy\u00fcnd\u0259 \u201cq\u0131z\u0131l\u201d qayda"}]},{"@type":"WebSite","@id":"https:\/\/www.meydan.tv\/az\/#website","url":"https:\/\/www.meydan.tv\/az\/","name":"MEYDAN.TV","description":"Meydan TV Az\u0259rbaycan\u0131n media m\u0259kan\u0131ndak\u0131 alternativ s\u0259sidir","publisher":{"@id":"https:\/\/www.meydan.tv\/az\/#organization"},"potentialAction":[{"@type":"SearchAction","target":{"@type":"EntryPoint","urlTemplate":"https:\/\/www.meydan.tv\/az\/?s={search_term_string}"},"query-input":{"@type":"PropertyValueSpecification","valueRequired":true,"valueName":"search_term_string"}}],"inLanguage":"az"},{"@type":"Organization","@id":"https:\/\/www.meydan.tv\/az\/#organization","name":"Meydan TV","url":"https:\/\/www.meydan.tv\/az\/","logo":{"@type":"ImageObject","inLanguage":"az","@id":"https:\/\/www.meydan.tv\/az\/#\/schema\/logo\/image\/","url":"https:\/\/www.meydan.tv\/wp-content\/uploads\/2021\/07\/meydan-logo.svg","contentUrl":"https:\/\/www.meydan.tv\/wp-content\/uploads\/2021\/07\/meydan-logo.svg","width":195,"height":46,"caption":"Meydan TV"},"image":{"@id":"https:\/\/www.meydan.tv\/az\/#\/schema\/logo\/image\/"}},{"@type":"Person","@id":"https:\/\/www.meydan.tv\/az\/#\/schema\/person\/10d11eccf6da3662cf5fdab9806ea91a","name":"user-manager"}]}},"_links":{"self":[{"href":"https:\/\/www.meydan.tv\/az\/wp-json\/wp\/v2\/posts\/198893","targetHints":{"allow":["GET"]}}],"collection":[{"href":"https:\/\/www.meydan.tv\/az\/wp-json\/wp\/v2\/posts"}],"about":[{"href":"https:\/\/www.meydan.tv\/az\/wp-json\/wp\/v2\/types\/post"}],"author":[{"embeddable":true,"href":"https:\/\/www.meydan.tv\/az\/wp-json\/wp\/v2\/users\/11"}],"replies":[{"embeddable":true,"href":"https:\/\/www.meydan.tv\/az\/wp-json\/wp\/v2\/comments?post=198893"}],"version-history":[{"count":0,"href":"https:\/\/www.meydan.tv\/az\/wp-json\/wp\/v2\/posts\/198893\/revisions"}],"wp:featuredmedia":[{"embeddable":true,"href":"https:\/\/www.meydan.tv\/az\/wp-json\/wp\/v2\/media\/136159"}],"wp:attachment":[{"href":"https:\/\/www.meydan.tv\/az\/wp-json\/wp\/v2\/media?parent=198893"}],"wp:term":[{"taxonomy":"category","embeddable":true,"href":"https:\/\/www.meydan.tv\/az\/wp-json\/wp\/v2\/categories?post=198893"},{"taxonomy":"post_tag","embeddable":true,"href":"https:\/\/www.meydan.tv\/az\/wp-json\/wp\/v2\/tags?post=198893"}],"curies":[{"name":"wp","href":"https:\/\/api.w.org\/{rel}","templated":true}]}}