{"id":198891,"date":"2020-01-21T15:35:25","date_gmt":"2020-01-21T15:35:25","guid":{"rendered":"https:\/\/www.meydan.tv\/article\/zibillikde-yasayan-qiz\/"},"modified":"2020-01-21T15:35:25","modified_gmt":"2020-01-21T15:35:25","slug":"zibillikde-yasayan-qiz","status":"publish","type":"post","link":"https:\/\/www.meydan.tv\/az\/article\/zibillikde-yasayan-qiz\/","title":{"rendered":"Zibillikd\u0259 ya\u015fayan q\u0131z"},"content":{"rendered":"<p>\n  <i><br \/>\n    \u201cAl\u00fcminium y\u0131\u011f\u0131ram, sonra gedib \u00e7\u00f6r\u0259k al\u0131ram&#8230;\u201d<br \/>\n  <\/i>\n<\/p>\n<p>\n  G\u0259nc\u0259d\u0259 adamlar T\u00fcnzal\u0259 X\u0259lilovan\u0131n evini biz\u0259 i\u015far\u0259 ver\u0259nd\u0259 bel\u0259 m\u0259nz\u0259r\u0259 il\u0259 qar\u015f\u0131la\u015faca\u011f\u0131m\u0131z\u0131 g\u00f6zl\u0259mirdik. Darvazadan i\u00e7\u0259ri gir\u0259nd\u0259 b\u00f6y\u00fck bir zibillikl\u0259 \u00fcz-\u00fcz\u0259 qal\u0131rsan&#8230;\n<\/p>\n<p>\n  <b><br \/>\n    \u201cAl\u00fcminium y\u0131\u011f\u0131ram, sonra gedib \u00e7\u00f6r\u0259k al\u0131ram\u201d<br \/>\n  <\/b>\n<\/p>\n<p>\n  Biz\u0259 b\u0259l\u0259d\u00e7ilik ed\u0259n Orxan Sar\u0131yev T\u00fcnzal\u0259nin nec\u0259 a\u011f\u0131r \u015f\u0259rtl\u0259rl\u0259 ya\u015fad\u0131\u011f\u0131ndan dan\u0131\u015f\u0131r. M\u0259lum olur ki, k\u00f6rp\u0259 ya\u015flar\u0131nda valideynl\u0259rini avtomobil q\u0259zas\u0131nda itirib. Sonra onu bir n\u0259f\u0259r himay\u0259y\u0259 g\u00f6t\u00fcr\u00fcb. Fotoda g\u00f6rd\u00fcy\u00fcn\u00fcz h\u0259y\u0259t d\u0259 h\u0259min adam\u0131nd\u0131r.\n<\/p>\n<p>\n  Bura h\u0259y\u0259t dem\u0259k d\u0259 \u00e7\u0259tindir. H\u0259r yer m\u0259i\u015f\u0259t tullant\u0131s\u0131yla doludur. Bura b\u00f6y\u00fck bir zibilliyi xat\u0131rlad\u0131r. Bizi qar\u015f\u0131layan T\u00fcnzal\u0259 taxta qap\u0131n\u0131 g\u00f6st\u0259rir: \u201cM\u0259nim ota\u011f\u0131m burad\u0131&#8230;\u201d\n<\/p>\n<p>\n  \u00dcfun\u0259td\u0259n i\u00e7\u0259ri girm\u0259k m\u00fcmk\u00fcn deyil. Orxan bizim \u00fc\u00e7\u00fcn ayd\u0131nla\u015fd\u0131r\u0131r. S\u0259n dem\u0259, T\u00fcnzal\u0259 zibillikd\u0259 toplad\u0131\u011f\u0131 \u0259\u015fyalar\u0131 ya\u015fad\u0131\u011f\u0131 h\u0259y\u0259t\u0259, ota\u011fa g\u0259tirir. Burada m\u0259i\u015f\u0259t tullant\u0131lar\u0131n\u0131 \u00e7e\u015fidl\u0259yir. Hans\u0131 pula ged\u0259 bil\u0259rs\u0259, onu apar\u0131b sat\u0131r. T\u00fcnzal\u0259 el\u0259- hey t\u0259krar edir ki, \u201cal\u00fcminium y\u0131\u011f\u0131ram, sonra gedib \u00e7\u00f6r\u0259k al\u0131ram&#8230;\u201d\n<\/p>\n<p>\n  <b><br \/>\n    Soyuq ota\u011f\u0131n kims\u0259siz sakini<br \/>\n  <\/b>\n<\/p>\n<p>\n  Ya\u015f\u0131n\u0131 \u00f6yr\u0259n\u0259nd\u0259 t\u0259\u0259cc\u00fcbl\u0259nm\u0259m\u0259k olmur. C\u0259mi 22 ya\u015f\u0131 var, amma xeyli ya\u015fl\u0131 g\u00f6r\u00fcn\u00fcr. Orxan deyir ki, q\u0131z\u0131n psixoloji probleml\u0259ri var. Baxan, m\u00fcalic\u0259y\u0259 aparan yoxdur.\n<\/p>\n<p>\n  Otaqda b\u00fct\u00fcn \u0259\u015fyalar\u0131n b\u0259rbad v\u0259ziyy\u0259td\u0259 oldu\u011fu g\u00f6r\u00fcn\u00fcr. \u00c7arpay\u0131 g\u00f6z\u0259 d\u0259yir, y\u0259qin ki, T\u00fcnzal\u0259 m\u0259hz burada yat\u0131r. H\u0259r\u00e7\u0259nd, zibillikd\u0259 yatmaq adam\u0131n a\u011fl\u0131na s\u0131\u011fm\u0131r.\n<\/p>\n<p>\n  Orxan deyir ki, T\u00fcnzal\u0259y\u0259 g\u00f6r\u0259 \u00fcr\u0259yi a\u011fr\u0131y\u0131r. Dem\u0259k olar, he\u00e7 kim k\u00f6m\u0259k etmir. Onun \u0259lin\u0259 n\u0259 d\u00fc\u015fs\u0259, g\u0259tirib q\u0131za verir.\n<\/p>\n<p>\n  N\u0259 q\u0259d\u0259r q\u0259rib\u0259 olsa da, otaqda elektrik lampas\u0131 yan\u0131r. Amma istilik yoxdur. Hiss olunur ki, bu q\u0131\u015f otaqda he\u00e7 n\u0259 yand\u0131r\u0131lmay\u0131b. T\u00fcnzal\u0259 fikrini d\u0259qiq ifad\u0259 ed\u0259 bilmir. Bel\u0259 anla\u015f\u0131l\u0131r ki, qaz\u0131 \u00e7oxdan k\u0259sibl\u0259r. \u018fvv\u0259ll\u0259r haradansa odun par\u00e7alar\u0131 tap\u0131b yand\u0131r\u0131rm\u0131\u015f. Bu q\u0131\u015f v\u0259ziyy\u0259t daha a\u011f\u0131rd\u0131r.\n<\/p>\n<figure class=\"wp-block-image size-large\">\n  <img decoding=\"async\" src=\"https:\/\/www.meydan.tv\/az\/image_from_ios-7-jpg-40\/\" alt=\"image_from_ios (7).jpg\" class=\"wp-image-136156\"\/><figcaption>\n    Orxan deyir ki, T\u00fcnzal\u0259y\u0259 g\u00f6r\u0259 \u00fcr\u0259yi a\u011fr\u0131y\u0131r.<br \/>\n  <\/figcaption><\/figure>\n<p>\n  <b><br \/>\n    \u201cZibil toplamaqdan ba\u015fqa \u00e7ar\u0259 yoxdur\u201d<br \/>\n  <\/b>\n<\/p>\n<p>\n  T\u00fcnzal\u0259 onu himay\u0259y\u0259 g\u00f6t\u00fcr\u0259n adam\u0131 \u201cbaba\u201d adland\u0131r\u0131r. Deyir ki, babas\u0131 t\u0259qa\u00fcd\u00e7\u00fcd\u00fcr, ald\u0131\u011f\u0131 pul is\u0259 onlara \u00e7atm\u0131r. Bir az sonra h\u0259min adam g\u0259lib \u00e7\u0131x\u0131r. \u00d6z\u00fcn\u00fc t\u0259qdim edir. \u0130srail C\u0259f\u0259rov bu h\u0259y\u0259td\u0259ki ba\u015fqa otaqda q\u0131z\u0131 v\u0259 n\u0259v\u0259si il\u0259 ya\u015fay\u0131r:\n<\/p>\n<p>\n  \u201cM\u0259n onu g\u00f6t\u00fcr\u0259nd\u0259 k\u00f6rp\u0259 u\u015faq idi. \u00c7ox pis v\u0259ziyy\u0259td\u0259 ya\u015fay\u0131r\u0131q. Pensiya il\u0259 nec\u0259 dolanmaq olar? Onu \u015f\u0259h\u0259r t\u0259s\u0259rr\u00fcfat\u0131nda t\u0259z\u0259c\u0259 s\u00fcp\u00fcrg\u0259\u00e7i i\u015fin\u0259 d\u00fcz\u0259ltmi\u015f\u0259m. He\u00e7 n\u0259 q\u0259d\u0259r maa\u015f alaca\u011f\u0131n\u0131 da bilmir\u0259m\u201d.\n<\/p>\n<p>\n  \u0130srail C\u0259f\u0259rov bu ill\u0259r \u0259rzind\u0259 T\u00fcnzal\u0259ni c\u0259mi bir d\u0259f\u0259 h\u0259kim\u0259 g\u00f6st\u0259r\u0259 bildikl\u0259rini deyir. H\u0259mi\u015f\u0259 a\u011f\u0131r \u015f\u0259raitd\u0259 ya\u015fay\u0131blar, m\u00fcalic\u0259y\u0259 imkan olmay\u0131b. Ya\u015fl\u0131 adam dan\u0131\u015f\u0131r ki, zibil toplamaqdan ba\u015fqa \u00e7ar\u0259 yoxdur.\n<\/p>\n<p>\n  \u0130srail C\u0259f\u0259rov yerli x\u0259st\u0259xanalardan \u015fikay\u0259t edir. Dediyin\u0259 g\u00f6r\u0259, onun da ciddi m\u00fcalic\u0259y\u0259 ehtiyac\u0131 var. X\u0259st\u0259xanada ondan n\u0259 q\u0259d\u0259r pul ald\u0131qlar\u0131n\u0131 xat\u0131rlay\u0131r:\n<\/p>\n<p>\n  <b><br \/>\n    \u201c30 manat birin\u0259 verdim, 40 manat o birisin\u0259&#8230;\u201d<br \/>\n  <\/b>\n<\/p>\n<p>\n  T\u0259\u0259ss\u00fcf ki, T\u00fcnzal\u0259 \u00e7ox \u015fey dan\u0131\u015fa bilmir. Otaqda n\u0259 soyuducu var, n\u0259 d\u0259 qab-qa\u015f\u0131q. \u201cB\u0259s n\u0259 yeyirs\u0259n?\u201d sual\u0131na q\u0131zdan d\u00fcz-\u0259m\u0259lli cavab almaq olmur. Yen\u0259 bayaqk\u0131 ifad\u0259l\u0259ri t\u0259krarlay\u0131r.\n<\/p>\n<p>\n  Dey\u0259s\u0259n, ger\u00e7\u0259kd\u0259n h\u0259r \u015fey onun dediyi kimidir: d\u0259mir, al\u00fcminium y\u0131\u011f\u0131b t\u0259hvil verir, buna d\u00fc\u015f\u0259n pula gedib \u00f6z\u00fcn\u0259 quru \u00e7\u00f6r\u0259k al\u0131r&#8230;\n<\/p>\n<figure class=\"wp-block-image size-large\">\n  <img decoding=\"async\" src=\"https:\/\/www.meydan.tv\/az\/image_from_ios-6-jpg-62\/\" alt=\"image_from_ios (6).jpg\" class=\"wp-image-136153\"\/><figcaption>\n    Otaqda n\u0259 soyuducu var, n\u0259 d\u0259 qab-qa\u015f\u0131q.<br \/>\n  <\/figcaption><\/figure>\n","protected":false},"excerpt":{"rendered":"<p>H\u0259r\u00e7\u0259nd, zibillikd\u0259 yatmaq adam\u0131n a\u011fl\u0131na s\u0131\u011fm\u0131r.<\/p>\n","protected":false},"author":11,"featured_media":136150,"comment_status":"closed","ping_status":"open","sticky":false,"template":"","format":"standard","meta":{"_acf_changed":false,"_sitemap_exclude":false,"_sitemap_priority":"","_sitemap_frequency":"","footnotes":""},"categories":[62],"tags":[],"class_list":["post-198891","post","type-post","status-publish","format-standard","has-post-thumbnail","hentry","category-sosial","infinite-scroll-item","generate-columns","tablet-grid-50","mobile-grid-100","grid-parent","grid-33","no-featured-image-padding"],"acf":[],"yoast_head":"<!-- This site is optimized with the Yoast SEO plugin v27.4 - https:\/\/yoast.com\/product\/yoast-seo-wordpress\/ -->\n<title>Zibillikd\u0259 ya\u015fayan q\u0131z - MEYDAN.TV<\/title>\n<meta name=\"robots\" content=\"index, follow, max-snippet:-1, max-image-preview:large, max-video-preview:-1\" \/>\n<link rel=\"canonical\" href=\"https:\/\/www.meydan.tv\/az\/article\/zibillikde-yasayan-qiz\/\" \/>\n<meta property=\"og:locale\" content=\"az_AZ\" \/>\n<meta property=\"og:type\" content=\"article\" \/>\n<meta property=\"og:title\" content=\"Zibillikd\u0259 ya\u015fayan q\u0131z - MEYDAN.TV\" \/>\n<meta property=\"og:description\" content=\"H\u0259r\u00e7\u0259nd, zibillikd\u0259 yatmaq adam\u0131n a\u011fl\u0131na s\u0131\u011fm\u0131r.\" \/>\n<meta property=\"og:url\" content=\"https:\/\/www.meydan.tv\/az\/article\/zibillikde-yasayan-qiz\/\" \/>\n<meta property=\"og:site_name\" content=\"MEYDAN.TV\" \/>\n<meta property=\"article:published_time\" content=\"2020-01-21T15:35:25+00:00\" \/>\n<meta property=\"og:image\" content=\"https:\/\/www.meydan.tv\/wp-content\/uploads\/image_from_ios_5_zlwsdpw.jpg\" \/>\n\t<meta property=\"og:image:width\" content=\"1024\" \/>\n\t<meta property=\"og:image:height\" content=\"764\" \/>\n\t<meta property=\"og:image:type\" content=\"image\/jpeg\" \/>\n<meta name=\"author\" content=\"user-manager\" \/>\n<meta name=\"twitter:card\" content=\"summary_large_image\" \/>\n<script type=\"application\/ld+json\" class=\"yoast-schema-graph\">{\"@context\":\"https:\\\/\\\/schema.org\",\"@graph\":[{\"@type\":\"Article\",\"@id\":\"https:\\\/\\\/www.meydan.tv\\\/az\\\/article\\\/zibillikde-yasayan-qiz\\\/#article\",\"isPartOf\":{\"@id\":\"https:\\\/\\\/www.meydan.tv\\\/az\\\/article\\\/zibillikde-yasayan-qiz\\\/\"},\"author\":{\"name\":\"user-manager\",\"@id\":\"https:\\\/\\\/www.meydan.tv\\\/az\\\/#\\\/schema\\\/person\\\/10d11eccf6da3662cf5fdab9806ea91a\"},\"headline\":\"Zibillikd\u0259 ya\u015fayan q\u0131z\",\"datePublished\":\"2020-01-21T15:35:25+00:00\",\"mainEntityOfPage\":{\"@id\":\"https:\\\/\\\/www.meydan.tv\\\/az\\\/article\\\/zibillikde-yasayan-qiz\\\/\"},\"wordCount\":762,\"publisher\":{\"@id\":\"https:\\\/\\\/www.meydan.tv\\\/az\\\/#organization\"},\"image\":{\"@id\":\"https:\\\/\\\/www.meydan.tv\\\/az\\\/article\\\/zibillikde-yasayan-qiz\\\/#primaryimage\"},\"thumbnailUrl\":\"https:\\\/\\\/www.meydan.tv\\\/wp-content\\\/uploads\\\/image_from_ios_5_zlwsdpw.jpg\",\"articleSection\":[\"Sosial\"],\"inLanguage\":\"az\"},{\"@type\":\"WebPage\",\"@id\":\"https:\\\/\\\/www.meydan.tv\\\/az\\\/article\\\/zibillikde-yasayan-qiz\\\/\",\"url\":\"https:\\\/\\\/www.meydan.tv\\\/az\\\/article\\\/zibillikde-yasayan-qiz\\\/\",\"name\":\"Zibillikd\u0259 ya\u015fayan q\u0131z - MEYDAN.TV\",\"isPartOf\":{\"@id\":\"https:\\\/\\\/www.meydan.tv\\\/az\\\/#website\"},\"primaryImageOfPage\":{\"@id\":\"https:\\\/\\\/www.meydan.tv\\\/az\\\/article\\\/zibillikde-yasayan-qiz\\\/#primaryimage\"},\"image\":{\"@id\":\"https:\\\/\\\/www.meydan.tv\\\/az\\\/article\\\/zibillikde-yasayan-qiz\\\/#primaryimage\"},\"thumbnailUrl\":\"https:\\\/\\\/www.meydan.tv\\\/wp-content\\\/uploads\\\/image_from_ios_5_zlwsdpw.jpg\",\"datePublished\":\"2020-01-21T15:35:25+00:00\",\"breadcrumb\":{\"@id\":\"https:\\\/\\\/www.meydan.tv\\\/az\\\/article\\\/zibillikde-yasayan-qiz\\\/#breadcrumb\"},\"inLanguage\":\"az\",\"potentialAction\":[{\"@type\":\"ReadAction\",\"target\":[\"https:\\\/\\\/www.meydan.tv\\\/az\\\/article\\\/zibillikde-yasayan-qiz\\\/\"]}]},{\"@type\":\"ImageObject\",\"inLanguage\":\"az\",\"@id\":\"https:\\\/\\\/www.meydan.tv\\\/az\\\/article\\\/zibillikde-yasayan-qiz\\\/#primaryimage\",\"url\":\"https:\\\/\\\/www.meydan.tv\\\/wp-content\\\/uploads\\\/image_from_ios_5_zlwsdpw.jpg\",\"contentUrl\":\"https:\\\/\\\/www.meydan.tv\\\/wp-content\\\/uploads\\\/image_from_ios_5_zlwsdpw.jpg\",\"width\":1024,\"height\":764,\"caption\":\"Source: Specify Source\"},{\"@type\":\"BreadcrumbList\",\"@id\":\"https:\\\/\\\/www.meydan.tv\\\/az\\\/article\\\/zibillikde-yasayan-qiz\\\/#breadcrumb\",\"itemListElement\":[{\"@type\":\"ListItem\",\"position\":1,\"name\":\"Ana s\u0259hif\u0259\",\"item\":\"https:\\\/\\\/www.meydan.tv\\\/az\\\/\"},{\"@type\":\"ListItem\",\"position\":2,\"name\":\"Sosial\",\"item\":\"https:\\\/\\\/www.meydan.tv\\\/az\\\/section\\\/sosial\\\/\"},{\"@type\":\"ListItem\",\"position\":3,\"name\":\"Zibillikd\u0259 ya\u015fayan q\u0131z\"}]},{\"@type\":\"WebSite\",\"@id\":\"https:\\\/\\\/www.meydan.tv\\\/az\\\/#website\",\"url\":\"https:\\\/\\\/www.meydan.tv\\\/az\\\/\",\"name\":\"MEYDAN.TV\",\"description\":\"Meydan TV Az\u0259rbaycan\u0131n media m\u0259kan\u0131ndak\u0131 alternativ s\u0259sidir\",\"publisher\":{\"@id\":\"https:\\\/\\\/www.meydan.tv\\\/az\\\/#organization\"},\"potentialAction\":[{\"@type\":\"SearchAction\",\"target\":{\"@type\":\"EntryPoint\",\"urlTemplate\":\"https:\\\/\\\/www.meydan.tv\\\/az\\\/?s={search_term_string}\"},\"query-input\":{\"@type\":\"PropertyValueSpecification\",\"valueRequired\":true,\"valueName\":\"search_term_string\"}}],\"inLanguage\":\"az\"},{\"@type\":\"Organization\",\"@id\":\"https:\\\/\\\/www.meydan.tv\\\/az\\\/#organization\",\"name\":\"Meydan TV\",\"url\":\"https:\\\/\\\/www.meydan.tv\\\/az\\\/\",\"logo\":{\"@type\":\"ImageObject\",\"inLanguage\":\"az\",\"@id\":\"https:\\\/\\\/www.meydan.tv\\\/az\\\/#\\\/schema\\\/logo\\\/image\\\/\",\"url\":\"https:\\\/\\\/www.meydan.tv\\\/wp-content\\\/uploads\\\/2021\\\/07\\\/meydan-logo.svg\",\"contentUrl\":\"https:\\\/\\\/www.meydan.tv\\\/wp-content\\\/uploads\\\/2021\\\/07\\\/meydan-logo.svg\",\"width\":195,\"height\":46,\"caption\":\"Meydan TV\"},\"image\":{\"@id\":\"https:\\\/\\\/www.meydan.tv\\\/az\\\/#\\\/schema\\\/logo\\\/image\\\/\"}},{\"@type\":\"Person\",\"@id\":\"https:\\\/\\\/www.meydan.tv\\\/az\\\/#\\\/schema\\\/person\\\/10d11eccf6da3662cf5fdab9806ea91a\",\"name\":\"user-manager\"}]}<\/script>\n<!-- \/ Yoast SEO plugin. -->","yoast_head_json":{"title":"Zibillikd\u0259 ya\u015fayan q\u0131z - MEYDAN.TV","robots":{"index":"index","follow":"follow","max-snippet":"max-snippet:-1","max-image-preview":"max-image-preview:large","max-video-preview":"max-video-preview:-1"},"canonical":"https:\/\/www.meydan.tv\/az\/article\/zibillikde-yasayan-qiz\/","og_locale":"az_AZ","og_type":"article","og_title":"Zibillikd\u0259 ya\u015fayan q\u0131z - MEYDAN.TV","og_description":"H\u0259r\u00e7\u0259nd, zibillikd\u0259 yatmaq adam\u0131n a\u011fl\u0131na s\u0131\u011fm\u0131r.","og_url":"https:\/\/www.meydan.tv\/az\/article\/zibillikde-yasayan-qiz\/","og_site_name":"MEYDAN.TV","article_published_time":"2020-01-21T15:35:25+00:00","og_image":[{"width":1024,"height":764,"url":"https:\/\/www.meydan.tv\/wp-content\/uploads\/image_from_ios_5_zlwsdpw.jpg","type":"image\/jpeg"}],"author":"user-manager","twitter_card":"summary_large_image","schema":{"@context":"https:\/\/schema.org","@graph":[{"@type":"Article","@id":"https:\/\/www.meydan.tv\/az\/article\/zibillikde-yasayan-qiz\/#article","isPartOf":{"@id":"https:\/\/www.meydan.tv\/az\/article\/zibillikde-yasayan-qiz\/"},"author":{"name":"user-manager","@id":"https:\/\/www.meydan.tv\/az\/#\/schema\/person\/10d11eccf6da3662cf5fdab9806ea91a"},"headline":"Zibillikd\u0259 ya\u015fayan q\u0131z","datePublished":"2020-01-21T15:35:25+00:00","mainEntityOfPage":{"@id":"https:\/\/www.meydan.tv\/az\/article\/zibillikde-yasayan-qiz\/"},"wordCount":762,"publisher":{"@id":"https:\/\/www.meydan.tv\/az\/#organization"},"image":{"@id":"https:\/\/www.meydan.tv\/az\/article\/zibillikde-yasayan-qiz\/#primaryimage"},"thumbnailUrl":"https:\/\/www.meydan.tv\/wp-content\/uploads\/image_from_ios_5_zlwsdpw.jpg","articleSection":["Sosial"],"inLanguage":"az"},{"@type":"WebPage","@id":"https:\/\/www.meydan.tv\/az\/article\/zibillikde-yasayan-qiz\/","url":"https:\/\/www.meydan.tv\/az\/article\/zibillikde-yasayan-qiz\/","name":"Zibillikd\u0259 ya\u015fayan q\u0131z - MEYDAN.TV","isPartOf":{"@id":"https:\/\/www.meydan.tv\/az\/#website"},"primaryImageOfPage":{"@id":"https:\/\/www.meydan.tv\/az\/article\/zibillikde-yasayan-qiz\/#primaryimage"},"image":{"@id":"https:\/\/www.meydan.tv\/az\/article\/zibillikde-yasayan-qiz\/#primaryimage"},"thumbnailUrl":"https:\/\/www.meydan.tv\/wp-content\/uploads\/image_from_ios_5_zlwsdpw.jpg","datePublished":"2020-01-21T15:35:25+00:00","breadcrumb":{"@id":"https:\/\/www.meydan.tv\/az\/article\/zibillikde-yasayan-qiz\/#breadcrumb"},"inLanguage":"az","potentialAction":[{"@type":"ReadAction","target":["https:\/\/www.meydan.tv\/az\/article\/zibillikde-yasayan-qiz\/"]}]},{"@type":"ImageObject","inLanguage":"az","@id":"https:\/\/www.meydan.tv\/az\/article\/zibillikde-yasayan-qiz\/#primaryimage","url":"https:\/\/www.meydan.tv\/wp-content\/uploads\/image_from_ios_5_zlwsdpw.jpg","contentUrl":"https:\/\/www.meydan.tv\/wp-content\/uploads\/image_from_ios_5_zlwsdpw.jpg","width":1024,"height":764,"caption":"Source: Specify Source"},{"@type":"BreadcrumbList","@id":"https:\/\/www.meydan.tv\/az\/article\/zibillikde-yasayan-qiz\/#breadcrumb","itemListElement":[{"@type":"ListItem","position":1,"name":"Ana s\u0259hif\u0259","item":"https:\/\/www.meydan.tv\/az\/"},{"@type":"ListItem","position":2,"name":"Sosial","item":"https:\/\/www.meydan.tv\/az\/section\/sosial\/"},{"@type":"ListItem","position":3,"name":"Zibillikd\u0259 ya\u015fayan q\u0131z"}]},{"@type":"WebSite","@id":"https:\/\/www.meydan.tv\/az\/#website","url":"https:\/\/www.meydan.tv\/az\/","name":"MEYDAN.TV","description":"Meydan TV Az\u0259rbaycan\u0131n media m\u0259kan\u0131ndak\u0131 alternativ s\u0259sidir","publisher":{"@id":"https:\/\/www.meydan.tv\/az\/#organization"},"potentialAction":[{"@type":"SearchAction","target":{"@type":"EntryPoint","urlTemplate":"https:\/\/www.meydan.tv\/az\/?s={search_term_string}"},"query-input":{"@type":"PropertyValueSpecification","valueRequired":true,"valueName":"search_term_string"}}],"inLanguage":"az"},{"@type":"Organization","@id":"https:\/\/www.meydan.tv\/az\/#organization","name":"Meydan TV","url":"https:\/\/www.meydan.tv\/az\/","logo":{"@type":"ImageObject","inLanguage":"az","@id":"https:\/\/www.meydan.tv\/az\/#\/schema\/logo\/image\/","url":"https:\/\/www.meydan.tv\/wp-content\/uploads\/2021\/07\/meydan-logo.svg","contentUrl":"https:\/\/www.meydan.tv\/wp-content\/uploads\/2021\/07\/meydan-logo.svg","width":195,"height":46,"caption":"Meydan TV"},"image":{"@id":"https:\/\/www.meydan.tv\/az\/#\/schema\/logo\/image\/"}},{"@type":"Person","@id":"https:\/\/www.meydan.tv\/az\/#\/schema\/person\/10d11eccf6da3662cf5fdab9806ea91a","name":"user-manager"}]}},"_links":{"self":[{"href":"https:\/\/www.meydan.tv\/az\/wp-json\/wp\/v2\/posts\/198891","targetHints":{"allow":["GET"]}}],"collection":[{"href":"https:\/\/www.meydan.tv\/az\/wp-json\/wp\/v2\/posts"}],"about":[{"href":"https:\/\/www.meydan.tv\/az\/wp-json\/wp\/v2\/types\/post"}],"author":[{"embeddable":true,"href":"https:\/\/www.meydan.tv\/az\/wp-json\/wp\/v2\/users\/11"}],"replies":[{"embeddable":true,"href":"https:\/\/www.meydan.tv\/az\/wp-json\/wp\/v2\/comments?post=198891"}],"version-history":[{"count":0,"href":"https:\/\/www.meydan.tv\/az\/wp-json\/wp\/v2\/posts\/198891\/revisions"}],"wp:featuredmedia":[{"embeddable":true,"href":"https:\/\/www.meydan.tv\/az\/wp-json\/wp\/v2\/media\/136150"}],"wp:attachment":[{"href":"https:\/\/www.meydan.tv\/az\/wp-json\/wp\/v2\/media?parent=198891"}],"wp:term":[{"taxonomy":"category","embeddable":true,"href":"https:\/\/www.meydan.tv\/az\/wp-json\/wp\/v2\/categories?post=198891"},{"taxonomy":"post_tag","embeddable":true,"href":"https:\/\/www.meydan.tv\/az\/wp-json\/wp\/v2\/tags?post=198891"}],"curies":[{"name":"wp","href":"https:\/\/api.w.org\/{rel}","templated":true}]}}