{"id":198886,"date":"2020-01-21T14:50:15","date_gmt":"2020-01-21T14:50:15","guid":{"rendered":"https:\/\/www.meydan.tv\/article\/dunya-sehiyye-teskilati-fovqelade-veziyyet-elan-ede-biler\/"},"modified":"2020-01-21T14:50:15","modified_gmt":"2020-01-21T14:50:15","slug":"dunya-sehiyye-teskilati-fovqelade-veziyyet-elan-ede-biler","status":"publish","type":"post","link":"https:\/\/www.meydan.tv\/az\/article\/dunya-sehiyye-teskilati-fovqelade-veziyyet-elan-ede-biler\/","title":{"rendered":"D\u00fcnya S\u0259hiyy\u0259 T\u0259\u015fkilat\u0131 f\u00f6vq\u0259lad\u0259 v\u0259ziyy\u0259t elan ed\u0259 bil\u0259r"},"content":{"rendered":"<p>\n  <i><br \/>\n    \u00c7ind\u0259 yeni virusun yay\u0131lma qorxusu yaran\u0131b<br \/>\n  <\/i>\n<\/p>\n<p>\n  \u00c7\u0259r\u015f\u0259nb\u0259 ax\u015fam\u0131 Ay t\u0259qvimi \u00fcst\u00fcnd\u0259 Yeni ili qeyd ed\u0259n asiyal\u0131lar f\u0259rqli yerl\u0259r\u0259 s\u0259yah\u0259t ed\u0259rk\u0259n \u00c7in h\u00f6kum\u0259ti yeni virusun insan t\u0259mas\u0131yla yay\u0131ld\u0131\u011f\u0131n\u0131 b\u0259yan edib. \u201cReuters\u201d x\u0259b\u0259r verir ki, indiy\u0259d\u0259k 15 tibb i\u015f\u00e7isi yoluxub v\u0259 d\u00f6rd\u00fcnc\u00fc insand\u0131r ki, art\u0131q h\u0259lak olub.\n<\/p>\n<p>\n  \u00dcmumd\u00fcnya S\u0259hiyy\u0259 T\u0259\u015fkilat\u0131 s\u0259hiyy\u0259 \u00fczr\u0259 beyn\u0259lxalq f\u00f6vq\u0259lad\u0259 v\u0259ziyy\u0259t elan edilm\u0259sini m\u00fczakir\u0259 etm\u0259k \u00fc\u00e7\u00fcn \u00e7\u0259r\u015f\u0259nb\u0259 g\u00fcn\u00fc y\u0131\u011f\u0131lacaq.\n<\/p>\n<p>\n  \u201cBazar ert\u0259si g\u00fcn\u00fcn\u00fcn sonunad\u0259k \u00c7ind\u0259 t\u0259sdiql\u0259nmi\u015f x\u0259st\u0259lik say\u0131 291-\u0259 \u00e7at\u0131b\u201d, &#8211; Milli Sa\u011flaml\u0131q Komissiyas\u0131 b\u0259yan edib. Onlardan 270 n\u0259f\u0259ri Hubey \u0259yal\u0259tin\u0259 aiddir. Virus ilk olaraq 11 milyon \u0259halisi olan \u0259yal\u0259t paytaxt\u0131nda, Vuhanda (Wuhan) qeyd\u0259 al\u0131n\u0131b.\n<\/p>\n<p>\n  Virus dig\u0259r \u015f\u0259h\u0259rl\u0259r\u0259 d\u0259 yay\u0131l\u0131b. C\u0259nubun Guangdong \u0259yal\u0259tind\u0259 15, paytaxt Pekind\u0259 be\u015f, \u015eanxayda is\u0259 iki hadis\u0259 qeyd\u0259 al\u0131n\u0131b.\n<\/p>\n<p>\n  \u201cYeni bildiril\u0259n infeksiya insandan insana \u00f6t\u00fcr\u00fclm\u0259ni t\u0259min ed\u0259 bil\u0259r\u201d, &#8211; Q\u0259rbi Sakit okean b\u00f6lg\u0259si \u00fczr\u0259 D\u00fcnya S\u0259hiyy\u0259 T\u0259\u015fkilat\u0131n\u0131n regional direktoru Take\u015fi Kasay bildirib.\n<\/p>\n<p>\n  \u0130nfeksiya 2002-2003-c\u00fc ill\u0259rd\u0259 \u00c7ind\u0259 ba\u015f vermi\u015f v\u0259 t\u0259xmin\u0259n 800 n\u0259f\u0259rin \u00f6l\u00fcm\u00fc il\u0259 n\u0259tic\u0259l\u0259n\u0259n dig\u0259r bir koronavirusun yaratd\u0131\u011f\u0131 \u015fidd\u0259tli k\u0259skin t\u0259n\u0259ff\u00fcs sindromu (SARS) il\u0259 ba\u011fl\u0131 qorxunu geri qaytar\u0131b.\n<\/p>\n<p>\n  D\u00fcnya s\u0259hiyy\u0259 t\u0259\u015fkilatlar\u0131 \u00c7ind\u0259n g\u0259l\u0259n s\u0259yah\u0259t\u00e7il\u0259rin m\u00fcayin\u0259l\u0259rini g\u00fccl\u0259ndirm\u0259y\u0259 ba\u015flay\u0131b. Filippin \u00e7\u0259r\u015f\u0259nb\u0259 ax\u015fam\u0131 ilk \u015f\u00fcbh\u0259li hadis\u0259nin qeyd\u0259 al\u0131nd\u0131\u011f\u0131n\u0131 a\u00e7\u0131qlay\u0131b. Taylandda iki, Yaponiya v\u0259 C\u0259nubi Koreyada h\u0259r\u0259sind\u0259 bir hadis\u0259 t\u0259sbit edilib.\n<\/p>\n<p>\n  Vuhan B\u0259l\u0259diyy\u0259 Sa\u011flaml\u0131q Komissiyas\u0131 \u00e7\u0259r\u015f\u0259nb\u0259 ax\u015fam\u0131 d\u00f6rd \u00f6l\u00fcm hadis\u0259sini t\u0259sdiql\u0259yib. \u018fn son \u00f6l\u0259n \u015f\u0259xs 89 ya\u015fl\u0131 bir ki\u015fi olub. \u00dcr\u0259k x\u0259st\u0259likl\u0259rind\u0259n \u0259ziyy\u0259t \u00e7\u0259k\u0259n bu \u015f\u0259xsin yanvar\u0131n 19-da \u00f6ld\u00fcy\u00fc bildirilir.\n<\/p>\n<p>\n  Artan narahatl\u0131q regional bazarlarda \u0259ksini tap\u0131b. \u00c7in yuan\u0131 26 avqust 2019-cu ild\u0259n bu yana \u0259n b\u00f6y\u00fck d\u00fc\u015f\u00fc\u015f\u00fcn\u00fc (0.6%) ya\u015fay\u0131r.<\/p>\n","protected":false},"excerpt":{"rendered":"<p>\u00c7in yuan\u0131 26 avqust 2019-cu ild\u0259n bu yana \u0259n b\u00f6y\u00fck d\u00fc\u015f\u00fc\u015f\u00fcn\u00fc (0.6%) ya\u015fay\u0131r.<\/p>\n","protected":false},"author":11,"featured_media":136129,"comment_status":"closed","ping_status":"open","sticky":false,"template":"","format":"standard","meta":{"_acf_changed":false,"_sitemap_exclude":false,"_sitemap_priority":"","_sitemap_frequency":"","footnotes":""},"categories":[64],"tags":[],"class_list":["post-198886","post","type-post","status-publish","format-standard","has-post-thumbnail","hentry","category-dunya","infinite-scroll-item","generate-columns","tablet-grid-50","mobile-grid-100","grid-parent","grid-33","no-featured-image-padding"],"acf":[],"yoast_head":"<!-- This site is optimized with the Yoast SEO plugin v27.5 - https:\/\/yoast.com\/product\/yoast-seo-wordpress\/ -->\n<title>D\u00fcnya S\u0259hiyy\u0259 T\u0259\u015fkilat\u0131 f\u00f6vq\u0259lad\u0259 v\u0259ziyy\u0259t elan ed\u0259 bil\u0259r - MEYDAN.TV<\/title>\n<meta name=\"robots\" content=\"index, follow, max-snippet:-1, max-image-preview:large, max-video-preview:-1\" \/>\n<link rel=\"canonical\" href=\"https:\/\/www.meydan.tv\/az\/article\/dunya-sehiyye-teskilati-fovqelade-veziyyet-elan-ede-biler\/\" \/>\n<meta property=\"og:locale\" content=\"az_AZ\" \/>\n<meta property=\"og:type\" content=\"article\" \/>\n<meta property=\"og:title\" content=\"D\u00fcnya S\u0259hiyy\u0259 T\u0259\u015fkilat\u0131 f\u00f6vq\u0259lad\u0259 v\u0259ziyy\u0259t elan ed\u0259 bil\u0259r - MEYDAN.TV\" \/>\n<meta property=\"og:description\" content=\"\u00c7in yuan\u0131 26 avqust 2019-cu ild\u0259n bu yana \u0259n b\u00f6y\u00fck d\u00fc\u015f\u00fc\u015f\u00fcn\u00fc (0.6%) ya\u015fay\u0131r.\" \/>\n<meta property=\"og:url\" content=\"https:\/\/www.meydan.tv\/az\/article\/dunya-sehiyye-teskilati-fovqelade-veziyyet-elan-ede-biler\/\" \/>\n<meta property=\"og:site_name\" content=\"MEYDAN.TV\" \/>\n<meta property=\"article:published_time\" content=\"2020-01-21T14:50:15+00:00\" \/>\n<meta property=\"og:image\" content=\"https:\/\/www.meydan.tv\/wp-content\/uploads\/15237150085842758602_1000x669.jpg\" \/>\n\t<meta property=\"og:image:width\" content=\"1000\" \/>\n\t<meta property=\"og:image:height\" content=\"657\" \/>\n\t<meta property=\"og:image:type\" content=\"image\/jpeg\" \/>\n<meta name=\"author\" content=\"user-manager\" \/>\n<meta name=\"twitter:card\" content=\"summary_large_image\" \/>\n<script type=\"application\/ld+json\" class=\"yoast-schema-graph\">{\"@context\":\"https:\\\/\\\/schema.org\",\"@graph\":[{\"@type\":\"Article\",\"@id\":\"https:\\\/\\\/www.meydan.tv\\\/az\\\/article\\\/dunya-sehiyye-teskilati-fovqelade-veziyyet-elan-ede-biler\\\/#article\",\"isPartOf\":{\"@id\":\"https:\\\/\\\/www.meydan.tv\\\/az\\\/article\\\/dunya-sehiyye-teskilati-fovqelade-veziyyet-elan-ede-biler\\\/\"},\"author\":{\"name\":\"user-manager\",\"@id\":\"https:\\\/\\\/www.meydan.tv\\\/az\\\/#\\\/schema\\\/person\\\/10d11eccf6da3662cf5fdab9806ea91a\"},\"headline\":\"D\u00fcnya S\u0259hiyy\u0259 T\u0259\u015fkilat\u0131 f\u00f6vq\u0259lad\u0259 v\u0259ziyy\u0259t elan ed\u0259 bil\u0259r\",\"datePublished\":\"2020-01-21T14:50:15+00:00\",\"mainEntityOfPage\":{\"@id\":\"https:\\\/\\\/www.meydan.tv\\\/az\\\/article\\\/dunya-sehiyye-teskilati-fovqelade-veziyyet-elan-ede-biler\\\/\"},\"wordCount\":419,\"publisher\":{\"@id\":\"https:\\\/\\\/www.meydan.tv\\\/az\\\/#organization\"},\"image\":{\"@id\":\"https:\\\/\\\/www.meydan.tv\\\/az\\\/article\\\/dunya-sehiyye-teskilati-fovqelade-veziyyet-elan-ede-biler\\\/#primaryimage\"},\"thumbnailUrl\":\"https:\\\/\\\/www.meydan.tv\\\/wp-content\\\/uploads\\\/15237150085842758602_1000x669.jpg\",\"articleSection\":[\"D\u00fcnya\"],\"inLanguage\":\"az\"},{\"@type\":\"WebPage\",\"@id\":\"https:\\\/\\\/www.meydan.tv\\\/az\\\/article\\\/dunya-sehiyye-teskilati-fovqelade-veziyyet-elan-ede-biler\\\/\",\"url\":\"https:\\\/\\\/www.meydan.tv\\\/az\\\/article\\\/dunya-sehiyye-teskilati-fovqelade-veziyyet-elan-ede-biler\\\/\",\"name\":\"D\u00fcnya S\u0259hiyy\u0259 T\u0259\u015fkilat\u0131 f\u00f6vq\u0259lad\u0259 v\u0259ziyy\u0259t elan ed\u0259 bil\u0259r - MEYDAN.TV\",\"isPartOf\":{\"@id\":\"https:\\\/\\\/www.meydan.tv\\\/az\\\/#website\"},\"primaryImageOfPage\":{\"@id\":\"https:\\\/\\\/www.meydan.tv\\\/az\\\/article\\\/dunya-sehiyye-teskilati-fovqelade-veziyyet-elan-ede-biler\\\/#primaryimage\"},\"image\":{\"@id\":\"https:\\\/\\\/www.meydan.tv\\\/az\\\/article\\\/dunya-sehiyye-teskilati-fovqelade-veziyyet-elan-ede-biler\\\/#primaryimage\"},\"thumbnailUrl\":\"https:\\\/\\\/www.meydan.tv\\\/wp-content\\\/uploads\\\/15237150085842758602_1000x669.jpg\",\"datePublished\":\"2020-01-21T14:50:15+00:00\",\"breadcrumb\":{\"@id\":\"https:\\\/\\\/www.meydan.tv\\\/az\\\/article\\\/dunya-sehiyye-teskilati-fovqelade-veziyyet-elan-ede-biler\\\/#breadcrumb\"},\"inLanguage\":\"az\",\"potentialAction\":[{\"@type\":\"ReadAction\",\"target\":[\"https:\\\/\\\/www.meydan.tv\\\/az\\\/article\\\/dunya-sehiyye-teskilati-fovqelade-veziyyet-elan-ede-biler\\\/\"]}]},{\"@type\":\"ImageObject\",\"inLanguage\":\"az\",\"@id\":\"https:\\\/\\\/www.meydan.tv\\\/az\\\/article\\\/dunya-sehiyye-teskilati-fovqelade-veziyyet-elan-ede-biler\\\/#primaryimage\",\"url\":\"https:\\\/\\\/www.meydan.tv\\\/wp-content\\\/uploads\\\/15237150085842758602_1000x669.jpg\",\"contentUrl\":\"https:\\\/\\\/www.meydan.tv\\\/wp-content\\\/uploads\\\/15237150085842758602_1000x669.jpg\",\"width\":1000,\"height\":657,\"caption\":\"Source: Foto: arxiv\"},{\"@type\":\"BreadcrumbList\",\"@id\":\"https:\\\/\\\/www.meydan.tv\\\/az\\\/article\\\/dunya-sehiyye-teskilati-fovqelade-veziyyet-elan-ede-biler\\\/#breadcrumb\",\"itemListElement\":[{\"@type\":\"ListItem\",\"position\":1,\"name\":\"Ana s\u0259hif\u0259\",\"item\":\"https:\\\/\\\/www.meydan.tv\\\/az\\\/\"},{\"@type\":\"ListItem\",\"position\":2,\"name\":\"D\u00fcnya\",\"item\":\"https:\\\/\\\/www.meydan.tv\\\/az\\\/section\\\/dunya\\\/\"},{\"@type\":\"ListItem\",\"position\":3,\"name\":\"D\u00fcnya S\u0259hiyy\u0259 T\u0259\u015fkilat\u0131 f\u00f6vq\u0259lad\u0259 v\u0259ziyy\u0259t elan ed\u0259 bil\u0259r\"}]},{\"@type\":\"WebSite\",\"@id\":\"https:\\\/\\\/www.meydan.tv\\\/az\\\/#website\",\"url\":\"https:\\\/\\\/www.meydan.tv\\\/az\\\/\",\"name\":\"MEYDAN.TV\",\"description\":\"Meydan TV Az\u0259rbaycan\u0131n media m\u0259kan\u0131ndak\u0131 alternativ s\u0259sidir\",\"publisher\":{\"@id\":\"https:\\\/\\\/www.meydan.tv\\\/az\\\/#organization\"},\"potentialAction\":[{\"@type\":\"SearchAction\",\"target\":{\"@type\":\"EntryPoint\",\"urlTemplate\":\"https:\\\/\\\/www.meydan.tv\\\/az\\\/?s={search_term_string}\"},\"query-input\":{\"@type\":\"PropertyValueSpecification\",\"valueRequired\":true,\"valueName\":\"search_term_string\"}}],\"inLanguage\":\"az\"},{\"@type\":\"Organization\",\"@id\":\"https:\\\/\\\/www.meydan.tv\\\/az\\\/#organization\",\"name\":\"Meydan TV\",\"url\":\"https:\\\/\\\/www.meydan.tv\\\/az\\\/\",\"logo\":{\"@type\":\"ImageObject\",\"inLanguage\":\"az\",\"@id\":\"https:\\\/\\\/www.meydan.tv\\\/az\\\/#\\\/schema\\\/logo\\\/image\\\/\",\"url\":\"https:\\\/\\\/www.meydan.tv\\\/wp-content\\\/uploads\\\/2021\\\/07\\\/meydan-logo.svg\",\"contentUrl\":\"https:\\\/\\\/www.meydan.tv\\\/wp-content\\\/uploads\\\/2021\\\/07\\\/meydan-logo.svg\",\"width\":195,\"height\":46,\"caption\":\"Meydan TV\"},\"image\":{\"@id\":\"https:\\\/\\\/www.meydan.tv\\\/az\\\/#\\\/schema\\\/logo\\\/image\\\/\"}},{\"@type\":\"Person\",\"@id\":\"https:\\\/\\\/www.meydan.tv\\\/az\\\/#\\\/schema\\\/person\\\/10d11eccf6da3662cf5fdab9806ea91a\",\"name\":\"user-manager\"}]}<\/script>\n<!-- \/ Yoast SEO plugin. -->","yoast_head_json":{"title":"D\u00fcnya S\u0259hiyy\u0259 T\u0259\u015fkilat\u0131 f\u00f6vq\u0259lad\u0259 v\u0259ziyy\u0259t elan ed\u0259 bil\u0259r - MEYDAN.TV","robots":{"index":"index","follow":"follow","max-snippet":"max-snippet:-1","max-image-preview":"max-image-preview:large","max-video-preview":"max-video-preview:-1"},"canonical":"https:\/\/www.meydan.tv\/az\/article\/dunya-sehiyye-teskilati-fovqelade-veziyyet-elan-ede-biler\/","og_locale":"az_AZ","og_type":"article","og_title":"D\u00fcnya S\u0259hiyy\u0259 T\u0259\u015fkilat\u0131 f\u00f6vq\u0259lad\u0259 v\u0259ziyy\u0259t elan ed\u0259 bil\u0259r - MEYDAN.TV","og_description":"\u00c7in yuan\u0131 26 avqust 2019-cu ild\u0259n bu yana \u0259n b\u00f6y\u00fck d\u00fc\u015f\u00fc\u015f\u00fcn\u00fc (0.6%) ya\u015fay\u0131r.","og_url":"https:\/\/www.meydan.tv\/az\/article\/dunya-sehiyye-teskilati-fovqelade-veziyyet-elan-ede-biler\/","og_site_name":"MEYDAN.TV","article_published_time":"2020-01-21T14:50:15+00:00","og_image":[{"width":1000,"height":657,"url":"https:\/\/www.meydan.tv\/wp-content\/uploads\/15237150085842758602_1000x669.jpg","type":"image\/jpeg"}],"author":"user-manager","twitter_card":"summary_large_image","schema":{"@context":"https:\/\/schema.org","@graph":[{"@type":"Article","@id":"https:\/\/www.meydan.tv\/az\/article\/dunya-sehiyye-teskilati-fovqelade-veziyyet-elan-ede-biler\/#article","isPartOf":{"@id":"https:\/\/www.meydan.tv\/az\/article\/dunya-sehiyye-teskilati-fovqelade-veziyyet-elan-ede-biler\/"},"author":{"name":"user-manager","@id":"https:\/\/www.meydan.tv\/az\/#\/schema\/person\/10d11eccf6da3662cf5fdab9806ea91a"},"headline":"D\u00fcnya S\u0259hiyy\u0259 T\u0259\u015fkilat\u0131 f\u00f6vq\u0259lad\u0259 v\u0259ziyy\u0259t elan ed\u0259 bil\u0259r","datePublished":"2020-01-21T14:50:15+00:00","mainEntityOfPage":{"@id":"https:\/\/www.meydan.tv\/az\/article\/dunya-sehiyye-teskilati-fovqelade-veziyyet-elan-ede-biler\/"},"wordCount":419,"publisher":{"@id":"https:\/\/www.meydan.tv\/az\/#organization"},"image":{"@id":"https:\/\/www.meydan.tv\/az\/article\/dunya-sehiyye-teskilati-fovqelade-veziyyet-elan-ede-biler\/#primaryimage"},"thumbnailUrl":"https:\/\/www.meydan.tv\/wp-content\/uploads\/15237150085842758602_1000x669.jpg","articleSection":["D\u00fcnya"],"inLanguage":"az"},{"@type":"WebPage","@id":"https:\/\/www.meydan.tv\/az\/article\/dunya-sehiyye-teskilati-fovqelade-veziyyet-elan-ede-biler\/","url":"https:\/\/www.meydan.tv\/az\/article\/dunya-sehiyye-teskilati-fovqelade-veziyyet-elan-ede-biler\/","name":"D\u00fcnya S\u0259hiyy\u0259 T\u0259\u015fkilat\u0131 f\u00f6vq\u0259lad\u0259 v\u0259ziyy\u0259t elan ed\u0259 bil\u0259r - MEYDAN.TV","isPartOf":{"@id":"https:\/\/www.meydan.tv\/az\/#website"},"primaryImageOfPage":{"@id":"https:\/\/www.meydan.tv\/az\/article\/dunya-sehiyye-teskilati-fovqelade-veziyyet-elan-ede-biler\/#primaryimage"},"image":{"@id":"https:\/\/www.meydan.tv\/az\/article\/dunya-sehiyye-teskilati-fovqelade-veziyyet-elan-ede-biler\/#primaryimage"},"thumbnailUrl":"https:\/\/www.meydan.tv\/wp-content\/uploads\/15237150085842758602_1000x669.jpg","datePublished":"2020-01-21T14:50:15+00:00","breadcrumb":{"@id":"https:\/\/www.meydan.tv\/az\/article\/dunya-sehiyye-teskilati-fovqelade-veziyyet-elan-ede-biler\/#breadcrumb"},"inLanguage":"az","potentialAction":[{"@type":"ReadAction","target":["https:\/\/www.meydan.tv\/az\/article\/dunya-sehiyye-teskilati-fovqelade-veziyyet-elan-ede-biler\/"]}]},{"@type":"ImageObject","inLanguage":"az","@id":"https:\/\/www.meydan.tv\/az\/article\/dunya-sehiyye-teskilati-fovqelade-veziyyet-elan-ede-biler\/#primaryimage","url":"https:\/\/www.meydan.tv\/wp-content\/uploads\/15237150085842758602_1000x669.jpg","contentUrl":"https:\/\/www.meydan.tv\/wp-content\/uploads\/15237150085842758602_1000x669.jpg","width":1000,"height":657,"caption":"Source: Foto: arxiv"},{"@type":"BreadcrumbList","@id":"https:\/\/www.meydan.tv\/az\/article\/dunya-sehiyye-teskilati-fovqelade-veziyyet-elan-ede-biler\/#breadcrumb","itemListElement":[{"@type":"ListItem","position":1,"name":"Ana s\u0259hif\u0259","item":"https:\/\/www.meydan.tv\/az\/"},{"@type":"ListItem","position":2,"name":"D\u00fcnya","item":"https:\/\/www.meydan.tv\/az\/section\/dunya\/"},{"@type":"ListItem","position":3,"name":"D\u00fcnya S\u0259hiyy\u0259 T\u0259\u015fkilat\u0131 f\u00f6vq\u0259lad\u0259 v\u0259ziyy\u0259t elan ed\u0259 bil\u0259r"}]},{"@type":"WebSite","@id":"https:\/\/www.meydan.tv\/az\/#website","url":"https:\/\/www.meydan.tv\/az\/","name":"MEYDAN.TV","description":"Meydan TV Az\u0259rbaycan\u0131n media m\u0259kan\u0131ndak\u0131 alternativ s\u0259sidir","publisher":{"@id":"https:\/\/www.meydan.tv\/az\/#organization"},"potentialAction":[{"@type":"SearchAction","target":{"@type":"EntryPoint","urlTemplate":"https:\/\/www.meydan.tv\/az\/?s={search_term_string}"},"query-input":{"@type":"PropertyValueSpecification","valueRequired":true,"valueName":"search_term_string"}}],"inLanguage":"az"},{"@type":"Organization","@id":"https:\/\/www.meydan.tv\/az\/#organization","name":"Meydan TV","url":"https:\/\/www.meydan.tv\/az\/","logo":{"@type":"ImageObject","inLanguage":"az","@id":"https:\/\/www.meydan.tv\/az\/#\/schema\/logo\/image\/","url":"https:\/\/www.meydan.tv\/wp-content\/uploads\/2021\/07\/meydan-logo.svg","contentUrl":"https:\/\/www.meydan.tv\/wp-content\/uploads\/2021\/07\/meydan-logo.svg","width":195,"height":46,"caption":"Meydan TV"},"image":{"@id":"https:\/\/www.meydan.tv\/az\/#\/schema\/logo\/image\/"}},{"@type":"Person","@id":"https:\/\/www.meydan.tv\/az\/#\/schema\/person\/10d11eccf6da3662cf5fdab9806ea91a","name":"user-manager"}]}},"_links":{"self":[{"href":"https:\/\/www.meydan.tv\/az\/wp-json\/wp\/v2\/posts\/198886","targetHints":{"allow":["GET"]}}],"collection":[{"href":"https:\/\/www.meydan.tv\/az\/wp-json\/wp\/v2\/posts"}],"about":[{"href":"https:\/\/www.meydan.tv\/az\/wp-json\/wp\/v2\/types\/post"}],"author":[{"embeddable":true,"href":"https:\/\/www.meydan.tv\/az\/wp-json\/wp\/v2\/users\/11"}],"replies":[{"embeddable":true,"href":"https:\/\/www.meydan.tv\/az\/wp-json\/wp\/v2\/comments?post=198886"}],"version-history":[{"count":0,"href":"https:\/\/www.meydan.tv\/az\/wp-json\/wp\/v2\/posts\/198886\/revisions"}],"wp:featuredmedia":[{"embeddable":true,"href":"https:\/\/www.meydan.tv\/az\/wp-json\/wp\/v2\/media\/136129"}],"wp:attachment":[{"href":"https:\/\/www.meydan.tv\/az\/wp-json\/wp\/v2\/media?parent=198886"}],"wp:term":[{"taxonomy":"category","embeddable":true,"href":"https:\/\/www.meydan.tv\/az\/wp-json\/wp\/v2\/categories?post=198886"},{"taxonomy":"post_tag","embeddable":true,"href":"https:\/\/www.meydan.tv\/az\/wp-json\/wp\/v2\/tags?post=198886"}],"curies":[{"name":"wp","href":"https:\/\/api.w.org\/{rel}","templated":true}]}}