{"id":198884,"date":"2020-01-21T12:01:15","date_gmt":"2020-01-21T12:01:15","guid":{"rendered":"https:\/\/www.meydan.tv\/article\/seherin-merkezinde-kend-heyati-yasayiriq\/"},"modified":"2020-01-21T12:01:15","modified_gmt":"2020-01-21T12:01:15","slug":"seherin-merkezinde-kend-heyati-yasayiriq","status":"publish","type":"post","link":"https:\/\/www.meydan.tv\/az\/article\/seherin-merkezinde-kend-heyati-yasayiriq\/","title":{"rendered":"\u201c\u015e\u0259h\u0259rin m\u0259rk\u0259zind\u0259 k\u0259nd h\u0259yat\u0131 ya\u015fay\u0131r\u0131q\u201d"},"content":{"rendered":"<p>\n  <i><br \/>\n    Sevinc q\u0259s\u0259b\u0259sinin sakinl\u0259ri naraz\u0131d\u0131r<br \/>\n  <\/i>\n<\/p>\n<p>\n  G\u0259nc\u0259nin Sevinc q\u0259s\u0259b\u0259sinin sakinl\u0259rinin \u015fikay\u0259ti var. Onlar 1993-c\u00fc ild\u0259n sal\u0131nan q\u0259s\u0259b\u0259d\u0259 kanalizasiya, yol, su, mar\u015furt telefon v\u0259 internet probleml\u0259rinin oldu\u011funu deyirl\u0259r. Sakinl\u0259r q\u0259s\u0259b\u0259d\u0259 he\u00e7 n\u0259yin normal olmad\u0131\u011f\u0131n\u0131 s\u00f6yl\u0259yirl\u0259r.\n<\/p>\n<p>\n  5 ildir Sevinc Q\u0259s\u0259b\u0259sind\u0259 ya\u015fayan D\u00f6vran Babayev deyir ki, bura G\u0259nc\u0259nin \u0259n b\u00f6y\u00fck q\u0259s\u0259b\u0259l\u0259rind\u0259n biridir v\u0259 bax\u0131lmayan \u0259razisidir.\n<\/p>\n<p>\n  \u201cN\u0259 mar\u015furtu, n\u0259 normal yolu, n\u0259 d\u0259 kanalizasiya sistemi var. Ya\u011f\u0131\u015f ya\u011fanda buradan ke\u00e7m\u0259k m\u00fcmk\u00fcns\u00fczd\u00fcr. H\u0259r yer g\u00f6lm\u0259\u00e7\u0259 olur. Rezin \u00e7\u0259km\u0259l\u0259rl\u0259 g\u0259zirik. K\u00fc\u00e7\u0259 itl\u0259ri d\u0259 ayr\u0131 bir d\u0259rddir. \u0130tl\u0259rin \u0259lind\u0259n gec\u0259l\u0259r k\u00fc\u00e7\u0259y\u0259 \u00e7\u0131xa bilmirik. Bir s\u00f6zl\u0259, \u00f6lk\u0259nin ikinci b\u00f6y\u00fck \u015f\u0259h\u0259rinin \u0259n b\u00f6y\u00fck q\u0259s\u0259b\u0259si pis g\u00fcnd\u0259dir, baxan yoxdur\u201d.\n<\/p>\n<p>\n  D\u00f6vran Babayev deyir ki, q\u0259s\u0259b\u0259nin u\u015faqlar\u0131 33 sayl\u0131 m\u0259kt\u0259bin \u015fagirdl\u0259ridir. Buradan m\u0259kt\u0259b\u0259 20 sayl\u0131 mar\u015furt i\u015fl\u0259yir. Ancaq h\u0259m gec-gec g\u0259lir, h\u0259m d\u0259 basabas oldu\u011fundan minm\u0259k m\u00fcmk\u00fcn olmur. Bu q\u0259d\u0259r ail\u0259nin ham\u0131s\u0131n\u0131n ma\u015f\u0131n\u0131 yoxdur ki, u\u015fa\u011f\u0131n\u0131 \u015f\u0259xsi avtomobili il\u0259 apars\u0131n:\n<\/p>\n<p>\n  \u201cYa da o q\u0259d\u0259r imkanl\u0131 deyilik ki, taksi tutub g\u00f6nd\u0259r\u0259k. M\u0259cburuq, mar\u015furtdan istifad\u0259 edirik. U\u015faqlar\u0131 s\u0259h\u0259r saat 7-d\u0259n yola \u00e7\u0131xar\u0131r\u0131q. \u0130nan\u0131n bu m\u00fcdd\u0259t \u0259rzind\u0259 1-2 mar\u015furt ke\u00e7ir. O q\u0259d\u0259r dolu olur ki. B\u0259z\u0259n 1 saat g\u00f6zl\u0259m\u0259li oluruq. N\u0259tic\u0259d\u0259 u\u015faqlar\u0131m\u0131z h\u0259r g\u00fcn d\u0259rs\u0259 gecikirl\u0259r. \u0130nsanlar\u0131 bundan art\u0131q t\u0259hsild\u0259n nec\u0259 yay\u0131nd\u0131rmaq olur, m\u0259n oras\u0131n\u0131 bilmir\u0259m\u201d.\n<\/p>\n<figure class=\"wp-block-image size-large\">\n  <img decoding=\"async\" src=\"https:\/\/www.meydan.tv\/az\/image_from_ios__4_-jpg\/\" alt=\"image_from_ios__4_.jpg\" class=\"wp-image-136117\"\/><figcaption>\n    D\u00f6vran Babayev<br \/>\n  <\/figcaption><\/figure>\n<p>\n  Sakinl\u0259rd\u0259n Turan\u0259 F\u0259rz\u0259liyevan\u0131 da narahat ed\u0259n \u0259n b\u00f6y\u00fck problem mar\u015furtdur. Deyir, t\u0259\u0259ss\u00fcf ki, m\u0259kt\u0259b piyada m\u0259saf\u0259sind\u0259 deyil. Mar\u015furt is\u0259 ki\u00e7ik v\u0259 basabas olur:\n<\/p>\n<p>\n  \u201cBundan \u0259lav\u0259, h\u0259m t\u0259hl\u00fck\u0259lidir, h\u0259m d\u0259 q\u0131t. Tapm\u0131r\u0131q. U\u015faqlar dem\u0259k olar ki, h\u0259r g\u00fcn m\u0259kt\u0259b\u0259 gecikirl\u0259r. \u00c7\u0131xar\u0131r\u0131q yola, ne\u00e7\u0259si dolu g\u0259lir, min\u0259 bilmirl\u0259r. Ax\u0131rda bir az bo\u015funu g\u00f6zl\u0259yirik. Onda da u\u015faqlar d\u0259rs\u0259 gecikirl\u0259r. Mar\u015furtun say\u0131n\u0131 art\u0131ra, interval\u0131 azalda bil\u0259rl\u0259r. Etmirl\u0259r. Adic\u0259 bax\u0131n, evl\u0259rimizin n\u00f6mr\u0259si d\u0259 yoxdur. Camaat telefon \u00e7\u0259kdirm\u0259k ist\u0259yir. \u0130nternet \u0259sridir, ancaq bizd\u0259 yoxdur. \u00dcnvans\u0131z, n\u00f6mr\u0259siz, bu m\u00fcmk\u00fcn deyil. Haql\u0131 olaraq deyirl\u0259r, \u201ck\u00fc\u00e7\u0259 yox, k\u00fc\u00e7\u0259 ad\u0131 yox\u201d. \u0130\u015f\u0131q da ki, g\u00f6r\u00fcrs\u00fcz d\u0259, m\u0259h\u0259ll\u0259d\u0259 dir\u0259k yoxdur. Camaat i\u015f\u0131\u011f\u0131 ordan-burdan \u00e7\u0259kib. S\u00f6nm\u00fcr, amma t\u0259hl\u00fck\u0259lidir\u201d.\n<\/p>\n<p>\n  Turan\u0259 F\u0259rz\u0259liyeva \u0259lav\u0259 edir ki, onlar\u0131n \u0259n b\u00f6y\u00fck d\u0259rdi is\u0259 ya\u011f\u0131\u015fla b\u0259rab\u0259r ba\u015flay\u0131r. Yollar\u0131 torpaq oldu\u011fundan ya\u011f\u0131\u015f ya\u011fan kimi pal\u00e7\u0131q olur:\n<\/p>\n<p>\n  \u201cAsfaltlanacaq deyirl\u0259r, ancaq bir n\u0259tic\u0259si yoxdur. Ad\u0131d\u0131r ki, \u015f\u0259h\u0259rd\u0259 ya\u015fay\u0131r\u0131q. Kanalizasiyam\u0131z yox, mar\u015furt b\u0259rbad, yollar\u0131 da g\u00f6r\u00fcrs\u00fcz. 6 ildir olmaz\u0131n z\u00fclm\u00fcn\u00fcn i\u00e7ind\u0259y\u0259m. \u015e\u0259h\u0259rin m\u0259rk\u0259zind\u0259 k\u0259nd h\u0259yat\u0131 ya\u015fay\u0131r\u0131q\u201d.\n<\/p>\n<figure class=\"wp-block-image size-large\">\n  <img decoding=\"async\" src=\"https:\/\/www.meydan.tv\/az\/image_from_ios__3_-jpg\/\" alt=\"image_from_ios__3_.jpg\" class=\"wp-image-136123\"\/><figcaption>\n    Turan\u0259 F\u0259rz\u0259liyeva<br \/>\n  <\/figcaption><\/figure>\n<p>\n  Sakinl\u0259rd\u0259n Rahil\u0259 M\u0259mm\u0259dova is\u0259 deyir ki, b\u00fct\u00fcn bu probleml\u0259rl\u0259 b\u0259rab\u0259r q\u0259s\u0259b\u0259nin su v\u0259 zibil d\u0259rdi d\u0259 var. B\u00fct\u00fcn q\u0259s\u0259b\u0259ni su il\u0259 \u00fcst\u00fca\u00e7\u0131q su \u00e7\u0259ni t\u0259min edir. H\u0259min \u00e7\u0259nin i\u00e7in\u0259 qu\u015f v\u0259 yaxud n\u0259s\u0259 yad bir \u015fey gir\u0259nd\u0259 g\u00fcnl\u0259rl\u0259 suyu i\u00e7\u0259 bilmirl\u0259r. Rahil\u0259 M\u0259mm\u0259dova deyir ki, bu zaman \u00e7ox pis tam v\u0259 qoxusu olur. Zibil\u0259 g\u0259linc\u0259, \u0259lav\u0259 edir ki, art\u0131qlar\u0131 atmaq \u00fc\u00e7\u00fcn qutu qoyulmay\u0131b. Camaat zibili yolun k\u0259nar\u0131na at\u0131r. N\u0259tic\u0259d\u0259, h\u0259min zibil iyl\u0259nir v\u0259 \u0259trafa pis qoxu yay\u0131l\u0131r:\n<\/p>\n<p>\n  \u201cM\u0259nim evim d\u0259 bu zibilxanan\u0131n yax\u0131nl\u0131\u011f\u0131ndad\u0131r. Vaxta\u015f\u0131r\u0131 h\u0259min zibill\u0259ri toplay\u0131b yand\u0131rmaqdan, basd\u0131rmaqdan birt\u0259h\u0259r olmu\u015fam. Camaat\u0131 da q\u0131namal\u0131 deyil. Qab qoydular, t\u00f6km\u0259dil\u0259r?\u201d\n<\/p>\n<p>\n  Rahil\u0259 M\u0259mm\u0259dova deyir ki, pay\u0131z g\u0259l\u0259nd\u0259n qap\u0131s\u0131n\u0131n a\u011fz\u0131 g\u00f6lm\u0259\u00e7\u0259 olur. Ordan-burdan da\u015f g\u0259tirib t\u00f6k\u00fcr ki, ke\u00e7m\u0259k m\u00fcmk\u00fcn olsun. Bu da ona \u00e7ox \u00e7\u0259tindir. \u00c7\u00fcnki ikinci qrup \u0259lilliyi var v\u0259 ya\u015fl\u0131d\u0131r:\n<\/p>\n<p>\n  \u201cBu v\u0259ziyy\u0259td\u0259 b\u00fct\u00fcn g\u00fcn\u00fc zibilxana yand\u0131r\u0131ram, n\u0259 bilim qaz\u0131b basd\u0131r\u0131ram. Da\u015f, qum da\u015f\u0131y\u0131ram. \u018ftraf\u0131 abadla\u015fd\u0131rmaqla m\u0259\u015f\u011fulam. M\u0259n etm\u0259yim, o etm\u0259sin, onsuz h\u00f6kum\u0259t d\u0259 etmir, vecin\u0259 deyilik, b\u0259s kim etsin? 9 ildir buradayam, b\u00fct\u00fcn bu probleml\u0259rd\u0259n bezmi\u015f\u0259m. O q\u0259d\u0259r imkan\u0131m da yoxdur ki, gedib ba\u015fqa yerd\u0259n ev alam. Anti-sanitariya i\u00e7ind\u0259yik. Ham\u0131n\u0131n da \u00e7ox g\u00f6z\u0259l x\u0259b\u0259ri var, amma baxm\u0131rlar, \u00e7\u00fcnki s\u0259rf etmir\u201d.\n<\/p>\n<figure class=\"wp-block-image size-large\">\n  <img decoding=\"async\" src=\"https:\/\/www.meydan.tv\/az\/image_from_ios__2_-jpg-5\/\" alt=\"image_from_ios__2_.jpg\" class=\"wp-image-136111\"\/><figcaption>\n    Rahil\u0259 M\u0259mm\u0259dova<br \/>\n  <\/figcaption><\/figure>\n<p>\n  G\u0259nc\u0259 \u015e\u0259h\u0259r \u0130cra Hakimiyy\u0259tinin s\u0259n\u0259dl\u0259rl\u0259 v\u0259 v\u0259t\u0259nda\u015flar\u0131n m\u00fcraci\u0259tl\u0259ri il\u0259 ba\u011fl\u0131 i\u015f \u015f\u00f6b\u0259sind\u0259n Meydan TV-y\u0259 bildirilib ki, h\u0259min q\u0259s\u0259b\u0259d\u0259n \u015fikay\u0259t almay\u0131blar. Ancaq daxili yollar vaxta\u015f\u0131r\u0131 t\u0259mir edilir, abadla\u015fd\u0131r\u0131l\u0131r:\n<\/p>\n<p>\n  \u201cQalan n\u0259 probleml\u0259ri varsa maraqlanaca\u011f\u0131q, \u0259limizd\u0259n g\u0259l\u0259n q\u0259d\u0259r k\u00f6m\u0259k ed\u0259rik\u201d.\n<\/p>\n<p>\n  Sakinl\u0259r is\u0259 yax\u0131n zamanda bu probleml\u0259rd\u0259n qurtulacaqlar\u0131na inanm\u0131rlar. Deyirl\u0259r, baxan olsayd\u0131lar, indiy\u0259 q\u0259d\u0259r etdikl\u0259ri \u015fikay\u0259tl\u0259rin\u0259 laqeyd yana\u015fmazd\u0131lar.<\/p>\n","protected":false},"excerpt":{"rendered":"<p>&#8220;U\u015faqlar dem\u0259k olar ki, h\u0259r g\u00fcn m\u0259kt\u0259b\u0259 gecikirl\u0259r&#8221;<\/p>\n","protected":false},"author":11,"featured_media":136120,"comment_status":"closed","ping_status":"open","sticky":false,"template":"","format":"standard","meta":{"_acf_changed":false,"_sitemap_exclude":false,"_sitemap_priority":"","_sitemap_frequency":"","footnotes":""},"categories":[60],"tags":[],"class_list":["post-198884","post","type-post","status-publish","format-standard","has-post-thumbnail","hentry","category-bolge","infinite-scroll-item","generate-columns","tablet-grid-50","mobile-grid-100","grid-parent","grid-33","no-featured-image-padding"],"acf":[],"yoast_head":"<!-- This site is optimized with the Yoast SEO plugin v27.5 - https:\/\/yoast.com\/product\/yoast-seo-wordpress\/ -->\n<title>\u201c\u015e\u0259h\u0259rin m\u0259rk\u0259zind\u0259 k\u0259nd h\u0259yat\u0131 ya\u015fay\u0131r\u0131q\u201d - MEYDAN.TV<\/title>\n<meta name=\"robots\" content=\"index, follow, max-snippet:-1, max-image-preview:large, max-video-preview:-1\" \/>\n<link rel=\"canonical\" href=\"https:\/\/www.meydan.tv\/az\/article\/seherin-merkezinde-kend-heyati-yasayiriq\/\" \/>\n<meta property=\"og:locale\" content=\"az_AZ\" \/>\n<meta property=\"og:type\" content=\"article\" \/>\n<meta property=\"og:title\" content=\"\u201c\u015e\u0259h\u0259rin m\u0259rk\u0259zind\u0259 k\u0259nd h\u0259yat\u0131 ya\u015fay\u0131r\u0131q\u201d - MEYDAN.TV\" \/>\n<meta property=\"og:description\" content=\"&quot;U\u015faqlar dem\u0259k olar ki, h\u0259r g\u00fcn m\u0259kt\u0259b\u0259 gecikirl\u0259r&quot;\" \/>\n<meta property=\"og:url\" content=\"https:\/\/www.meydan.tv\/az\/article\/seherin-merkezinde-kend-heyati-yasayiriq\/\" \/>\n<meta property=\"og:site_name\" content=\"MEYDAN.TV\" \/>\n<meta property=\"article:published_time\" content=\"2020-01-21T12:01:15+00:00\" \/>\n<meta property=\"og:image\" content=\"https:\/\/www.meydan.tv\/wp-content\/uploads\/image_from_ios_2_4drlcyv-scaled.jpg\" \/>\n\t<meta property=\"og:image:width\" content=\"2560\" \/>\n\t<meta property=\"og:image:height\" content=\"1920\" \/>\n\t<meta property=\"og:image:type\" content=\"image\/jpeg\" \/>\n<meta name=\"author\" content=\"user-manager\" \/>\n<meta name=\"twitter:card\" content=\"summary_large_image\" \/>\n<script type=\"application\/ld+json\" class=\"yoast-schema-graph\">{\"@context\":\"https:\\\/\\\/schema.org\",\"@graph\":[{\"@type\":\"Article\",\"@id\":\"https:\\\/\\\/www.meydan.tv\\\/az\\\/article\\\/seherin-merkezinde-kend-heyati-yasayiriq\\\/#article\",\"isPartOf\":{\"@id\":\"https:\\\/\\\/www.meydan.tv\\\/az\\\/article\\\/seherin-merkezinde-kend-heyati-yasayiriq\\\/\"},\"author\":{\"name\":\"user-manager\",\"@id\":\"https:\\\/\\\/www.meydan.tv\\\/az\\\/#\\\/schema\\\/person\\\/10d11eccf6da3662cf5fdab9806ea91a\"},\"headline\":\"\u201c\u015e\u0259h\u0259rin m\u0259rk\u0259zind\u0259 k\u0259nd h\u0259yat\u0131 ya\u015fay\u0131r\u0131q\u201d\",\"datePublished\":\"2020-01-21T12:01:15+00:00\",\"mainEntityOfPage\":{\"@id\":\"https:\\\/\\\/www.meydan.tv\\\/az\\\/article\\\/seherin-merkezinde-kend-heyati-yasayiriq\\\/\"},\"wordCount\":1046,\"publisher\":{\"@id\":\"https:\\\/\\\/www.meydan.tv\\\/az\\\/#organization\"},\"image\":{\"@id\":\"https:\\\/\\\/www.meydan.tv\\\/az\\\/article\\\/seherin-merkezinde-kend-heyati-yasayiriq\\\/#primaryimage\"},\"thumbnailUrl\":\"https:\\\/\\\/www.meydan.tv\\\/wp-content\\\/uploads\\\/image_from_ios_2_4drlcyv-scaled.jpg\",\"articleSection\":[\"B\u00f6lg\u0259\"],\"inLanguage\":\"az\"},{\"@type\":\"WebPage\",\"@id\":\"https:\\\/\\\/www.meydan.tv\\\/az\\\/article\\\/seherin-merkezinde-kend-heyati-yasayiriq\\\/\",\"url\":\"https:\\\/\\\/www.meydan.tv\\\/az\\\/article\\\/seherin-merkezinde-kend-heyati-yasayiriq\\\/\",\"name\":\"\u201c\u015e\u0259h\u0259rin m\u0259rk\u0259zind\u0259 k\u0259nd h\u0259yat\u0131 ya\u015fay\u0131r\u0131q\u201d - MEYDAN.TV\",\"isPartOf\":{\"@id\":\"https:\\\/\\\/www.meydan.tv\\\/az\\\/#website\"},\"primaryImageOfPage\":{\"@id\":\"https:\\\/\\\/www.meydan.tv\\\/az\\\/article\\\/seherin-merkezinde-kend-heyati-yasayiriq\\\/#primaryimage\"},\"image\":{\"@id\":\"https:\\\/\\\/www.meydan.tv\\\/az\\\/article\\\/seherin-merkezinde-kend-heyati-yasayiriq\\\/#primaryimage\"},\"thumbnailUrl\":\"https:\\\/\\\/www.meydan.tv\\\/wp-content\\\/uploads\\\/image_from_ios_2_4drlcyv-scaled.jpg\",\"datePublished\":\"2020-01-21T12:01:15+00:00\",\"breadcrumb\":{\"@id\":\"https:\\\/\\\/www.meydan.tv\\\/az\\\/article\\\/seherin-merkezinde-kend-heyati-yasayiriq\\\/#breadcrumb\"},\"inLanguage\":\"az\",\"potentialAction\":[{\"@type\":\"ReadAction\",\"target\":[\"https:\\\/\\\/www.meydan.tv\\\/az\\\/article\\\/seherin-merkezinde-kend-heyati-yasayiriq\\\/\"]}]},{\"@type\":\"ImageObject\",\"inLanguage\":\"az\",\"@id\":\"https:\\\/\\\/www.meydan.tv\\\/az\\\/article\\\/seherin-merkezinde-kend-heyati-yasayiriq\\\/#primaryimage\",\"url\":\"https:\\\/\\\/www.meydan.tv\\\/wp-content\\\/uploads\\\/image_from_ios_2_4drlcyv-scaled.jpg\",\"contentUrl\":\"https:\\\/\\\/www.meydan.tv\\\/wp-content\\\/uploads\\\/image_from_ios_2_4drlcyv-scaled.jpg\",\"width\":2560,\"height\":1920,\"caption\":\"Source: Specify Source\"},{\"@type\":\"BreadcrumbList\",\"@id\":\"https:\\\/\\\/www.meydan.tv\\\/az\\\/article\\\/seherin-merkezinde-kend-heyati-yasayiriq\\\/#breadcrumb\",\"itemListElement\":[{\"@type\":\"ListItem\",\"position\":1,\"name\":\"Ana s\u0259hif\u0259\",\"item\":\"https:\\\/\\\/www.meydan.tv\\\/az\\\/\"},{\"@type\":\"ListItem\",\"position\":2,\"name\":\"B\u00f6lg\u0259\",\"item\":\"https:\\\/\\\/www.meydan.tv\\\/az\\\/section\\\/bolge\\\/\"},{\"@type\":\"ListItem\",\"position\":3,\"name\":\"\u201c\u015e\u0259h\u0259rin m\u0259rk\u0259zind\u0259 k\u0259nd h\u0259yat\u0131 ya\u015fay\u0131r\u0131q\u201d\"}]},{\"@type\":\"WebSite\",\"@id\":\"https:\\\/\\\/www.meydan.tv\\\/az\\\/#website\",\"url\":\"https:\\\/\\\/www.meydan.tv\\\/az\\\/\",\"name\":\"MEYDAN.TV\",\"description\":\"Meydan TV Az\u0259rbaycan\u0131n media m\u0259kan\u0131ndak\u0131 alternativ s\u0259sidir\",\"publisher\":{\"@id\":\"https:\\\/\\\/www.meydan.tv\\\/az\\\/#organization\"},\"potentialAction\":[{\"@type\":\"SearchAction\",\"target\":{\"@type\":\"EntryPoint\",\"urlTemplate\":\"https:\\\/\\\/www.meydan.tv\\\/az\\\/?s={search_term_string}\"},\"query-input\":{\"@type\":\"PropertyValueSpecification\",\"valueRequired\":true,\"valueName\":\"search_term_string\"}}],\"inLanguage\":\"az\"},{\"@type\":\"Organization\",\"@id\":\"https:\\\/\\\/www.meydan.tv\\\/az\\\/#organization\",\"name\":\"Meydan TV\",\"url\":\"https:\\\/\\\/www.meydan.tv\\\/az\\\/\",\"logo\":{\"@type\":\"ImageObject\",\"inLanguage\":\"az\",\"@id\":\"https:\\\/\\\/www.meydan.tv\\\/az\\\/#\\\/schema\\\/logo\\\/image\\\/\",\"url\":\"https:\\\/\\\/www.meydan.tv\\\/wp-content\\\/uploads\\\/2021\\\/07\\\/meydan-logo.svg\",\"contentUrl\":\"https:\\\/\\\/www.meydan.tv\\\/wp-content\\\/uploads\\\/2021\\\/07\\\/meydan-logo.svg\",\"width\":195,\"height\":46,\"caption\":\"Meydan TV\"},\"image\":{\"@id\":\"https:\\\/\\\/www.meydan.tv\\\/az\\\/#\\\/schema\\\/logo\\\/image\\\/\"}},{\"@type\":\"Person\",\"@id\":\"https:\\\/\\\/www.meydan.tv\\\/az\\\/#\\\/schema\\\/person\\\/10d11eccf6da3662cf5fdab9806ea91a\",\"name\":\"user-manager\"}]}<\/script>\n<!-- \/ Yoast SEO plugin. -->","yoast_head_json":{"title":"\u201c\u015e\u0259h\u0259rin m\u0259rk\u0259zind\u0259 k\u0259nd h\u0259yat\u0131 ya\u015fay\u0131r\u0131q\u201d - MEYDAN.TV","robots":{"index":"index","follow":"follow","max-snippet":"max-snippet:-1","max-image-preview":"max-image-preview:large","max-video-preview":"max-video-preview:-1"},"canonical":"https:\/\/www.meydan.tv\/az\/article\/seherin-merkezinde-kend-heyati-yasayiriq\/","og_locale":"az_AZ","og_type":"article","og_title":"\u201c\u015e\u0259h\u0259rin m\u0259rk\u0259zind\u0259 k\u0259nd h\u0259yat\u0131 ya\u015fay\u0131r\u0131q\u201d - MEYDAN.TV","og_description":"\"U\u015faqlar dem\u0259k olar ki, h\u0259r g\u00fcn m\u0259kt\u0259b\u0259 gecikirl\u0259r\"","og_url":"https:\/\/www.meydan.tv\/az\/article\/seherin-merkezinde-kend-heyati-yasayiriq\/","og_site_name":"MEYDAN.TV","article_published_time":"2020-01-21T12:01:15+00:00","og_image":[{"width":2560,"height":1920,"url":"https:\/\/www.meydan.tv\/wp-content\/uploads\/image_from_ios_2_4drlcyv-scaled.jpg","type":"image\/jpeg"}],"author":"user-manager","twitter_card":"summary_large_image","schema":{"@context":"https:\/\/schema.org","@graph":[{"@type":"Article","@id":"https:\/\/www.meydan.tv\/az\/article\/seherin-merkezinde-kend-heyati-yasayiriq\/#article","isPartOf":{"@id":"https:\/\/www.meydan.tv\/az\/article\/seherin-merkezinde-kend-heyati-yasayiriq\/"},"author":{"name":"user-manager","@id":"https:\/\/www.meydan.tv\/az\/#\/schema\/person\/10d11eccf6da3662cf5fdab9806ea91a"},"headline":"\u201c\u015e\u0259h\u0259rin m\u0259rk\u0259zind\u0259 k\u0259nd h\u0259yat\u0131 ya\u015fay\u0131r\u0131q\u201d","datePublished":"2020-01-21T12:01:15+00:00","mainEntityOfPage":{"@id":"https:\/\/www.meydan.tv\/az\/article\/seherin-merkezinde-kend-heyati-yasayiriq\/"},"wordCount":1046,"publisher":{"@id":"https:\/\/www.meydan.tv\/az\/#organization"},"image":{"@id":"https:\/\/www.meydan.tv\/az\/article\/seherin-merkezinde-kend-heyati-yasayiriq\/#primaryimage"},"thumbnailUrl":"https:\/\/www.meydan.tv\/wp-content\/uploads\/image_from_ios_2_4drlcyv-scaled.jpg","articleSection":["B\u00f6lg\u0259"],"inLanguage":"az"},{"@type":"WebPage","@id":"https:\/\/www.meydan.tv\/az\/article\/seherin-merkezinde-kend-heyati-yasayiriq\/","url":"https:\/\/www.meydan.tv\/az\/article\/seherin-merkezinde-kend-heyati-yasayiriq\/","name":"\u201c\u015e\u0259h\u0259rin m\u0259rk\u0259zind\u0259 k\u0259nd h\u0259yat\u0131 ya\u015fay\u0131r\u0131q\u201d - MEYDAN.TV","isPartOf":{"@id":"https:\/\/www.meydan.tv\/az\/#website"},"primaryImageOfPage":{"@id":"https:\/\/www.meydan.tv\/az\/article\/seherin-merkezinde-kend-heyati-yasayiriq\/#primaryimage"},"image":{"@id":"https:\/\/www.meydan.tv\/az\/article\/seherin-merkezinde-kend-heyati-yasayiriq\/#primaryimage"},"thumbnailUrl":"https:\/\/www.meydan.tv\/wp-content\/uploads\/image_from_ios_2_4drlcyv-scaled.jpg","datePublished":"2020-01-21T12:01:15+00:00","breadcrumb":{"@id":"https:\/\/www.meydan.tv\/az\/article\/seherin-merkezinde-kend-heyati-yasayiriq\/#breadcrumb"},"inLanguage":"az","potentialAction":[{"@type":"ReadAction","target":["https:\/\/www.meydan.tv\/az\/article\/seherin-merkezinde-kend-heyati-yasayiriq\/"]}]},{"@type":"ImageObject","inLanguage":"az","@id":"https:\/\/www.meydan.tv\/az\/article\/seherin-merkezinde-kend-heyati-yasayiriq\/#primaryimage","url":"https:\/\/www.meydan.tv\/wp-content\/uploads\/image_from_ios_2_4drlcyv-scaled.jpg","contentUrl":"https:\/\/www.meydan.tv\/wp-content\/uploads\/image_from_ios_2_4drlcyv-scaled.jpg","width":2560,"height":1920,"caption":"Source: Specify Source"},{"@type":"BreadcrumbList","@id":"https:\/\/www.meydan.tv\/az\/article\/seherin-merkezinde-kend-heyati-yasayiriq\/#breadcrumb","itemListElement":[{"@type":"ListItem","position":1,"name":"Ana s\u0259hif\u0259","item":"https:\/\/www.meydan.tv\/az\/"},{"@type":"ListItem","position":2,"name":"B\u00f6lg\u0259","item":"https:\/\/www.meydan.tv\/az\/section\/bolge\/"},{"@type":"ListItem","position":3,"name":"\u201c\u015e\u0259h\u0259rin m\u0259rk\u0259zind\u0259 k\u0259nd h\u0259yat\u0131 ya\u015fay\u0131r\u0131q\u201d"}]},{"@type":"WebSite","@id":"https:\/\/www.meydan.tv\/az\/#website","url":"https:\/\/www.meydan.tv\/az\/","name":"MEYDAN.TV","description":"Meydan TV Az\u0259rbaycan\u0131n media m\u0259kan\u0131ndak\u0131 alternativ s\u0259sidir","publisher":{"@id":"https:\/\/www.meydan.tv\/az\/#organization"},"potentialAction":[{"@type":"SearchAction","target":{"@type":"EntryPoint","urlTemplate":"https:\/\/www.meydan.tv\/az\/?s={search_term_string}"},"query-input":{"@type":"PropertyValueSpecification","valueRequired":true,"valueName":"search_term_string"}}],"inLanguage":"az"},{"@type":"Organization","@id":"https:\/\/www.meydan.tv\/az\/#organization","name":"Meydan TV","url":"https:\/\/www.meydan.tv\/az\/","logo":{"@type":"ImageObject","inLanguage":"az","@id":"https:\/\/www.meydan.tv\/az\/#\/schema\/logo\/image\/","url":"https:\/\/www.meydan.tv\/wp-content\/uploads\/2021\/07\/meydan-logo.svg","contentUrl":"https:\/\/www.meydan.tv\/wp-content\/uploads\/2021\/07\/meydan-logo.svg","width":195,"height":46,"caption":"Meydan TV"},"image":{"@id":"https:\/\/www.meydan.tv\/az\/#\/schema\/logo\/image\/"}},{"@type":"Person","@id":"https:\/\/www.meydan.tv\/az\/#\/schema\/person\/10d11eccf6da3662cf5fdab9806ea91a","name":"user-manager"}]}},"_links":{"self":[{"href":"https:\/\/www.meydan.tv\/az\/wp-json\/wp\/v2\/posts\/198884","targetHints":{"allow":["GET"]}}],"collection":[{"href":"https:\/\/www.meydan.tv\/az\/wp-json\/wp\/v2\/posts"}],"about":[{"href":"https:\/\/www.meydan.tv\/az\/wp-json\/wp\/v2\/types\/post"}],"author":[{"embeddable":true,"href":"https:\/\/www.meydan.tv\/az\/wp-json\/wp\/v2\/users\/11"}],"replies":[{"embeddable":true,"href":"https:\/\/www.meydan.tv\/az\/wp-json\/wp\/v2\/comments?post=198884"}],"version-history":[{"count":0,"href":"https:\/\/www.meydan.tv\/az\/wp-json\/wp\/v2\/posts\/198884\/revisions"}],"wp:featuredmedia":[{"embeddable":true,"href":"https:\/\/www.meydan.tv\/az\/wp-json\/wp\/v2\/media\/136120"}],"wp:attachment":[{"href":"https:\/\/www.meydan.tv\/az\/wp-json\/wp\/v2\/media?parent=198884"}],"wp:term":[{"taxonomy":"category","embeddable":true,"href":"https:\/\/www.meydan.tv\/az\/wp-json\/wp\/v2\/categories?post=198884"},{"taxonomy":"post_tag","embeddable":true,"href":"https:\/\/www.meydan.tv\/az\/wp-json\/wp\/v2\/tags?post=198884"}],"curies":[{"name":"wp","href":"https:\/\/api.w.org\/{rel}","templated":true}]}}