{"id":198879,"date":"2020-01-21T09:45:42","date_gmt":"2020-01-21T09:45:42","guid":{"rendered":"https:\/\/www.meydan.tv\/article\/kecmis-mehbus-hebsxanadan-cixib-senedsiz-qalmisam\/"},"modified":"2020-01-21T09:45:42","modified_gmt":"2020-01-21T09:45:42","slug":"kecmis-mehbus-hebsxanadan-cixib-senedsiz-qalmisam","status":"publish","type":"post","link":"https:\/\/www.meydan.tv\/az\/article\/kecmis-mehbus-hebsxanadan-cixib-senedsiz-qalmisam\/","title":{"rendered":"Ke\u00e7mi\u015f m\u0259hbus: H\u0259bsxanadan \u00e7\u0131x\u0131b, s\u0259n\u0259dsiz qalm\u0131\u015fam"},"content":{"rendered":"<p>\n  <i><br \/>\n    Elg\u00fcn Quliyev 10 ayd\u0131r ki, \u015f\u0259xsiyy\u0259t v\u0259siq\u0259si ala v\u0259 qeydiyyata d\u00fc\u015f\u0259 bilmir<br \/>\n  <\/i>\n<\/p>\n<p>\n  \u201c10 ayd\u0131r ki, h\u0259bsxanadan burax\u0131lm\u0131\u015fam, s\u0259n\u0259d \u00fc\u00e7\u00fcn m\u00fcraci\u0259t edir\u0259m, \u201cs\u0259n Az\u0259rbaycan v\u0259t\u0259nda\u015f\u0131 deyils\u0259n\u201d, &#8211; deyib, s\u0259n\u0259d verm\u0259kd\u0259n imtina edirl\u0259r\u201d.\n<\/p>\n<p>\n  42 ya\u015fl\u0131 Elg\u00fcn Quliyev Meydan TV-y\u0259 dan\u0131\u015f\u0131r ki, 2004-c\u00fc ild\u0259 avtoq\u0259za t\u00f6r\u0259dib v\u0259 h\u0259bs olunub. \u0130stintaq zaman\u0131 onun az \u0259vv\u0259l Rusiyada da cinay\u0259t t\u00f6r\u0259tdiyi \u00fcz\u0259 \u00e7\u0131x\u0131b, h\u0259r iki cinay\u0259tin istintaq\u0131 La\u00e7\u0131n Rayon Prokurorlu\u011funda birl\u0259\u015fdirilib v\u0259 Elg\u00fcn Quliyev Az\u0259rbaycan Respublikas\u0131n\u0131n v\u0259t\u0259nda\u015f\u0131 kimi A\u011f\u0131r Cinay\u0259tl\u0259r\u0259 Dair \u0130\u015fl\u0259r \u00fczr\u0259 M\u0259hk\u0259m\u0259si t\u0259r\u0259find\u0259n (indiki Bak\u0131 A\u011f\u0131r Cinay\u0259tl\u0259r M\u0259hk\u0259m\u0259si) 15 il m\u00fcdd\u0259tin\u0259 m\u0259hkum edilib. 2019-cu ilin mart\u0131nda azadl\u0131\u011fa burax\u0131l\u0131b. H\u0259min vaxtdan \u015f\u0259xsiyy\u0259t v\u0259siq\u0259si \u00fc\u00e7\u00fcn m\u00fcraci\u0259t ets\u0259 d\u0259, m\u00fcvafiq qurumlar ona Az\u0259rbaycan v\u0259t\u0259nda\u015f\u0131 olmad\u0131\u011f\u0131n\u0131 s\u0259b\u0259b g\u0259tir\u0259r\u0259k s\u0259n\u0259d vermirl\u0259r.\n<\/p>\n<p>\n  <b><br \/>\n    \u201cDeyirl\u0259r, bizim v\u0259t\u0259nda\u015f deyils\u0259n, s\u0259n\u0259d vermirl\u0259r\u201d<br \/>\n  <\/b>\n<\/p>\n<p>\n  \u201c1977-ci ild\u0259 La\u00e7\u0131nda do\u011fulmu\u015fam, k\u00f6\u00e7k\u00fcn d\u00fc\u015f\u0259nd\u0259n Bak\u0131da \u2013 L\u00f6kbatan q\u0259s\u0259b\u0259sind\u0259 m\u0259skunla\u015fm\u0131\u015f\u0131q. 1996-c\u0131 ild\u0259 La\u00e7\u0131n polis \u015f\u00f6b\u0259sinin pasport b\u00f6lm\u0259sind\u0259n q\u0131rm\u0131z\u0131 pasport alm\u0131\u015fam. O vaxt v\u0259t\u0259nda\u015flara \u015f\u0259xsiyy\u0259t v\u0259siq\u0259si yox, q\u0131rm\u0131z\u0131 pasport verilirdi. H\u0259min pasportun \u0259sas\u0131nda 2002-ci ild\u0259 Sumqay\u0131t Yol Polis \u0130dar\u0259sind\u0259n s\u00fcr\u00fcc\u00fcl\u00fck v\u0259siq\u0259si alm\u0131\u015fam, s\u00fcr\u00fcc\u00fc i\u015fl\u0259mi\u015f\u0259m. 2004-c\u00fc ild\u0259 q\u0259za t\u00f6r\u0259d\u0259nd\u0259n sonra s\u00fcr\u00fcc\u00fcl\u00fck v\u0259siq\u0259sind\u0259n m\u0259hrum olmu\u015fam v\u0259 s\u00fcr\u00fcc\u00fcl\u00fck v\u0259siq\u0259m haz\u0131rda Sumqay\u0131t Yol Polisind\u0259dir. Sad\u0259c\u0259, \u015f\u0259xsiyy\u0259t v\u0259siq\u0259m olmad\u0131\u011f\u0131ndan s\u00fcr\u00fcc\u00fcl\u00fck v\u0259siq\u0259mi b\u0259rpa ed\u0259 bilmir\u0259m. Aradabir Rusiyaya da gedib-g\u0259lirdim, ancaq orada n\u0259inki v\u0259t\u0259nda\u015fl\u0131\u011f\u0131m, he\u00e7 m\u00fcv\u0259qq\u0259ti ya\u015fay\u0131\u015f qeydiyyat\u0131m da olmay\u0131b. Orda cinay\u0259t t\u00f6r\u0259tdiyim \u00fc\u00e7\u00fcn sonradan daha o \u00f6lk\u0259y\u0259 getm\u0259dim. M\u0259n Az\u0259rbaycanda m\u0259hkum olunandan bir ne\u00e7\u0259 il sonra &#8211; h\u0259tta 2012-ci ild\u0259 Rusiyan\u0131n \u018fdliyy\u0259 Nazirliyi m\u0259ni Az\u0259rbaycan\u0131n \u018fdliyy\u0259 Nazirliyin\u0259 c\u0259zam\u0131n Rusiyada \u00e7\u0259kilm\u0259si \u00fc\u00e7\u00fcn m\u00fcraci\u0259t ed\u0259nd\u0259, Penitensiar Xidm\u0259t s\u0259n\u0259d g\u00f6nd\u0259rmi\u015fdi ki, m\u0259hkumun Az\u0259rbaycan Respublikas\u0131n\u0131n v\u0259t\u0259nda\u015f\u0131 kimi c\u0259zas\u0131n\u0131 \u00f6z \u00f6lk\u0259sind\u0259 \u00e7\u0259km\u0259si uy\u011fundur. A\u011f\u0131r Cinay\u0259tl\u0259r\u0259 Dair \u0130\u015fl\u0259r \u00fczr\u0259 M\u0259hk\u0259m\u0259nin h\u00f6km\u00fcnd\u0259ki anket m\u0259lumatlar\u0131mda da Az\u0259rbaycan v\u0259t\u0259nda\u015f\u0131 oldu\u011fum qeyd edilib. B\u00fct\u00fcn bu s\u0259n\u0259dl\u0259ri \u015f\u0259xsiyy\u0259t v\u0259siq\u0259si veril\u0259n orqana \u2013 La\u00e7\u0131n Rayon Polis \u015e\u00f6b\u0259sinin \u015f\u0259xsiyy\u0259t v\u0259siq\u0259si b\u00f6lm\u0259sin\u0259 t\u0259qdim ets\u0259m d\u0259, bildirdil\u0259r ki, arxiv i\u015f\u011fal vaxt\u0131 La\u00e7\u0131nda qald\u0131\u011f\u0131ndan s\u0259ninl\u0259 ba\u011fl\u0131 m\u0259lumatlatlar\u0131 \u0259ld\u0259 ed\u0259 bilmirik. Ona g\u00f6r\u0259 d\u0259 s\u0259n\u0259 \u015f\u0259xsiyy\u0259t v\u0259siq\u0259si ver\u0259 bilm\u0259rik\u201d, &#8211; ke\u00e7mi\u015f m\u0259hbus deyir.\n<\/p>\n<p>\n  <b><br \/>\n    Rusiyadan r\u0259smi cavab da g\u0259lib, amma&#8230;<br \/>\n  <\/b>\n<\/p>\n<p>\n  Elg\u00fcn Quliyev h\u0259bsxanaya d\u00fc\u015fm\u0259mi\u015fd\u0259n \u0259vv\u0259l do\u011fum haqq\u0131nda \u015f\u0259had\u0259tnam\u0259sini d\u0259 itibmi\u015f. \u015e\u0259xsiyy\u0259t v\u0259siq\u0259si \u0259ld\u0259 etm\u0259k \u00fc\u00e7\u00fcn \u0259vv\u0259lc\u0259 Qarada\u011f Rayon M\u0259hk\u0259m\u0259sin\u0259 m\u00fcraci\u0259t ed\u0259r\u0259k do\u011fum haqq\u0131nda \u015f\u0259had\u0259tnam\u0259sini b\u0259rpa ed\u0259 bilib. Bundan sonra yen\u0259 \u015f\u0259xsiyy\u0259t v\u0259siq\u0259si \u00fc\u00e7\u00fcn m\u00fcraci\u0259t edib, onu ASAN Xidm\u0259t\u0259 y\u00f6n\u0259ldibl\u0259r. ASAN Xidm\u0259t is\u0259 onu D\u00f6vl\u0259t Miqrasiya Xidm\u0259tin\u0259 y\u00f6nl\u0259ndirib. D\u00f6vl\u0259t Miqrasiya Xidm\u0259tind\u0259n ona bildirilib ki, Az\u0259rbaycan Respublikas\u0131n\u0131n v\u0259t\u0259nda\u015f\u0131 kimi qeydiyyatda yoxdur:\n<\/p>\n<p>\n  \u201cD\u00f6vl\u0259t Miqrasiya Xidm\u0259ti m\u0259ni Rusiya s\u0259firliyin\u0259 g\u00f6nd\u0259rdi. S\u0259firlik vasit\u0259sil\u0259 Rusiyaya sor\u011fu g\u00f6nd\u0259rdim, sor\u011fuya h\u0259min \u00f6lk\u0259nin v\u0259t\u0259nda\u015f\u0131 olmad\u0131\u011f\u0131m bar\u0259d\u0259 cavab g\u0259ldi. Bu s\u0259n\u0259di d\u0259 D\u00f6vl\u0259t Miqrasiya Xidm\u0259tin\u0259 t\u0259qdim etdim, yen\u0259 d\u0259 da\u015f at\u0131b ba\u015flar\u0131n\u0131 tutdular ki, arxivd\u0259 ad\u0131n \u00e7\u0131xm\u0131r, ona g\u00f6r\u0259 d\u0259 Az\u0259rbaycan v\u0259t\u0259nda\u015f\u0131 say\u0131lm\u0131rsan\u201d.\n<\/p>\n<p>\n  <b><br \/>\n    \u201cM\u0259hk\u0259m\u0259y\u0259 m\u00fcraci\u0259t etm\u0259lidir\u201d<br \/>\n  <\/b>\n<\/p>\n<p>\n  Meydan TV m\u00fcxbiri D\u00f6vl\u0259t Miqrasiya Xidm\u0259ti il\u0259 dan\u0131\u015fa bilm\u0259s\u0259 d\u0259, m\u0259s\u0259l\u0259y\u0259 h\u00fcquq\u015f\u00fcnas r\u0259yi \u00f6yr\u0259nib. H\u00fcquq\u015f\u00fcnas Namiz\u0259d S\u0259f\u0259rov deyir, \u0259slind\u0259 uzunm\u00fcdd\u0259tli m\u0259hkumlu\u011fu olan \u015f\u0259xsi qeydiyyata al\u0131b, onun yerini-yurdunu m\u00fc\u0259yy\u0259n etm\u0259k, nz\u0259ar\u0259td\u0259 saxlamaq d\u00f6vl\u0259tin \u00f6z mara\u011f\u0131nda olmal\u0131d\u0131r:\n<\/p>\n<p>\n  \u201c\u018fg\u0259r bu \u015f\u0259xs Az\u0259rbaycan v\u0259t\u0259nda\u015f\u0131 deyils\u0259, sual olunur ki, s\u0259n\u0259dsiz, qeydiyyat\u0131 olmadan \u00f6lk\u0259 daxilind\u0259 nec\u0259 h\u0259r\u0259k\u0259t edir? Ba\u015fqa \u00f6lk\u0259nin v\u0259t\u0259nda\u015f\u0131d\u0131rsa, h\u0259bs m\u00fcdd\u0259ti bit\u0259nd\u0259n sonra v\u0259t\u0259nda\u015f\u0131 oldu\u011fu \u00f6lk\u0259y\u0259 deport olunmal\u0131yd\u0131. Az\u0259rbaycanda do\u011fulubsa v\u0259 h\u0259r hans\u0131 ba\u015fqa \u00f6lk\u0259nin v\u0259t\u0259nda\u015f\u0131 oldu\u011fu t\u0259sdiql\u0259nm\u0259yibs\u0259, bu \u015f\u0259xs avtomatik olaraq do\u011fuldu\u011fu \u00f6lk\u0259nin v\u0259t\u0259nda\u015f\u0131 say\u0131l\u0131r. H\u0259r bir Az\u0259rbaycan v\u0259t\u0259nda\u015f\u0131n\u0131n azadl\u0131\u011fa \u00e7\u0131xandan sonra qanunvericilikd\u0259 n\u0259z\u0259rd\u0259 tutulmu\u015f reablitasiya h\u00fcququ var. Bu \u015f\u0259xs h\u0259bsxanaya Az\u0259rbaycan v\u0259t\u0259nda\u015f\u0131 kimi giribs\u0259, dem\u0259li, eyni \u00f6lk\u0259nin v\u0259t\u0259nda\u015f\u0131 kimi d\u0259 oran\u0131 t\u0259rk edib. Bu, absurddur. Bu, v\u0259t\u0259nda\u015f\u0131 s\u00fcr\u00fcnd\u00fcrm\u0259kdir. Halbuki, h\u0259r bir v\u0259t\u0259nda\u015f\u0131n, o c\u00fcml\u0259d\u0259n d\u0259 h\u0259bsxanadan burax\u0131lan \u015f\u0259xsin yerinin m\u00fc\u0259yy\u0259n olunmas\u0131, qeydiyyata d\u00fc\u015fm\u0259si d\u00f6vl\u0259tin \u00f6z mara\u011f\u0131nda olmal\u0131d\u0131r. Sabah o n\u00f6vb\u0259ti bir cinay\u0259td\u0259 \u015f\u00fcbh\u0259li bilin\u0259nd\u0259 polis onu harada axtaracaq? Yerini nec\u0259 m\u00fc\u0259yy\u0259n ed\u0259c\u0259k?\u201d\n<\/p>\n<p>\n  H\u00fcquq\u015f\u00fcnas deyir, Elg\u00fcn Quliyev vaxtil\u0259 bar\u0259sind\u0259 \u00e7\u0131xar\u0131lm\u0131\u015f h\u00f6km\u00fc, h\u0259bsxanadan burax\u0131lark\u0259n ona verilmi\u015f aray\u0131\u015f\u0131, Az\u0259rbaycan Respublikas\u0131n\u0131n v\u0259t\u0259nda\u015f\u0131l\u0131\u011f\u0131n\u0131 t\u0259sdiql\u0259y\u0259 bil\u0259c\u0259k dig\u0259r s\u0259n\u0259dl\u0259ri d\u0259 toplay\u0131b m\u0259hk\u0259m\u0259y\u0259 m\u00fcraci\u0259t etm\u0259lidir. M\u0259hk\u0259m\u0259 h\u0259min s\u0259n\u0259dl\u0259r\u0259 \u0259sas\u0259n q\u0259rar \u00e7\u0131xar\u0131b D\u00f6vl\u0259t Miqrasiya Xidm\u0259tinin \u00fcz\u0259rin\u0259 m\u00fcvafiq \u00f6hd\u0259likl\u0259r qoymal\u0131d\u0131r.<\/p>\n","protected":false},"excerpt":{"rendered":"<p>ASAN Xidm\u0259t is\u0259 onu D\u00f6vl\u0259t Miqrasiya Xidm\u0259tin\u0259 y\u00f6nl\u0259ndirib. D\u00f6vl\u0259t Miqrasiya Xidm\u0259tind\u0259n ona bildirilib ki, Az\u0259rbaycan Respublikas\u0131n\u0131n v\u0259t\u0259nda\u015f\u0131 kimi qeydiyyatda yoxdur<\/p>\n","protected":false},"author":11,"featured_media":136087,"comment_status":"closed","ping_status":"open","sticky":false,"template":"","format":"standard","meta":{"_acf_changed":false,"_sitemap_exclude":false,"_sitemap_priority":"","_sitemap_frequency":"","footnotes":""},"categories":[62],"tags":[],"class_list":["post-198879","post","type-post","status-publish","format-standard","has-post-thumbnail","hentry","category-sosial","infinite-scroll-item","generate-columns","tablet-grid-50","mobile-grid-100","grid-parent","grid-33","no-featured-image-padding"],"acf":[],"yoast_head":"<!-- This site is optimized with the Yoast SEO plugin v27.4 - https:\/\/yoast.com\/product\/yoast-seo-wordpress\/ -->\n<title>Ke\u00e7mi\u015f m\u0259hbus: H\u0259bsxanadan \u00e7\u0131x\u0131b, s\u0259n\u0259dsiz qalm\u0131\u015fam - MEYDAN.TV<\/title>\n<meta name=\"robots\" content=\"index, follow, max-snippet:-1, max-image-preview:large, max-video-preview:-1\" \/>\n<link rel=\"canonical\" href=\"https:\/\/www.meydan.tv\/az\/article\/kecmis-mehbus-hebsxanadan-cixib-senedsiz-qalmisam\/\" \/>\n<meta property=\"og:locale\" content=\"az_AZ\" \/>\n<meta property=\"og:type\" content=\"article\" \/>\n<meta property=\"og:title\" content=\"Ke\u00e7mi\u015f m\u0259hbus: H\u0259bsxanadan \u00e7\u0131x\u0131b, s\u0259n\u0259dsiz qalm\u0131\u015fam - MEYDAN.TV\" \/>\n<meta property=\"og:description\" content=\"ASAN Xidm\u0259t is\u0259 onu D\u00f6vl\u0259t Miqrasiya Xidm\u0259tin\u0259 y\u00f6nl\u0259ndirib. D\u00f6vl\u0259t Miqrasiya Xidm\u0259tind\u0259n ona bildirilib ki, Az\u0259rbaycan Respublikas\u0131n\u0131n v\u0259t\u0259nda\u015f\u0131 kimi qeydiyyatda yoxdur\" \/>\n<meta property=\"og:url\" content=\"https:\/\/www.meydan.tv\/az\/article\/kecmis-mehbus-hebsxanadan-cixib-senedsiz-qalmisam\/\" \/>\n<meta property=\"og:site_name\" content=\"MEYDAN.TV\" \/>\n<meta property=\"article:published_time\" content=\"2020-01-21T09:45:42+00:00\" \/>\n<meta property=\"og:image\" content=\"https:\/\/www.meydan.tv\/wp-content\/uploads\/20200121_093357.jpg\" \/>\n\t<meta property=\"og:image:width\" content=\"780\" \/>\n\t<meta property=\"og:image:height\" content=\"517\" \/>\n\t<meta property=\"og:image:type\" content=\"image\/jpeg\" \/>\n<meta name=\"author\" content=\"user-manager\" \/>\n<meta name=\"twitter:card\" content=\"summary_large_image\" \/>\n<script type=\"application\/ld+json\" class=\"yoast-schema-graph\">{\"@context\":\"https:\\\/\\\/schema.org\",\"@graph\":[{\"@type\":\"Article\",\"@id\":\"https:\\\/\\\/www.meydan.tv\\\/az\\\/article\\\/kecmis-mehbus-hebsxanadan-cixib-senedsiz-qalmisam\\\/#article\",\"isPartOf\":{\"@id\":\"https:\\\/\\\/www.meydan.tv\\\/az\\\/article\\\/kecmis-mehbus-hebsxanadan-cixib-senedsiz-qalmisam\\\/\"},\"author\":{\"name\":\"user-manager\",\"@id\":\"https:\\\/\\\/www.meydan.tv\\\/az\\\/#\\\/schema\\\/person\\\/10d11eccf6da3662cf5fdab9806ea91a\"},\"headline\":\"Ke\u00e7mi\u015f m\u0259hbus: H\u0259bsxanadan \u00e7\u0131x\u0131b, s\u0259n\u0259dsiz qalm\u0131\u015fam\",\"datePublished\":\"2020-01-21T09:45:42+00:00\",\"mainEntityOfPage\":{\"@id\":\"https:\\\/\\\/www.meydan.tv\\\/az\\\/article\\\/kecmis-mehbus-hebsxanadan-cixib-senedsiz-qalmisam\\\/\"},\"wordCount\":1166,\"publisher\":{\"@id\":\"https:\\\/\\\/www.meydan.tv\\\/az\\\/#organization\"},\"image\":{\"@id\":\"https:\\\/\\\/www.meydan.tv\\\/az\\\/article\\\/kecmis-mehbus-hebsxanadan-cixib-senedsiz-qalmisam\\\/#primaryimage\"},\"thumbnailUrl\":\"https:\\\/\\\/www.meydan.tv\\\/wp-content\\\/uploads\\\/20200121_093357.jpg\",\"articleSection\":[\"Sosial\"],\"inLanguage\":\"az\"},{\"@type\":\"WebPage\",\"@id\":\"https:\\\/\\\/www.meydan.tv\\\/az\\\/article\\\/kecmis-mehbus-hebsxanadan-cixib-senedsiz-qalmisam\\\/\",\"url\":\"https:\\\/\\\/www.meydan.tv\\\/az\\\/article\\\/kecmis-mehbus-hebsxanadan-cixib-senedsiz-qalmisam\\\/\",\"name\":\"Ke\u00e7mi\u015f m\u0259hbus: H\u0259bsxanadan \u00e7\u0131x\u0131b, s\u0259n\u0259dsiz qalm\u0131\u015fam - MEYDAN.TV\",\"isPartOf\":{\"@id\":\"https:\\\/\\\/www.meydan.tv\\\/az\\\/#website\"},\"primaryImageOfPage\":{\"@id\":\"https:\\\/\\\/www.meydan.tv\\\/az\\\/article\\\/kecmis-mehbus-hebsxanadan-cixib-senedsiz-qalmisam\\\/#primaryimage\"},\"image\":{\"@id\":\"https:\\\/\\\/www.meydan.tv\\\/az\\\/article\\\/kecmis-mehbus-hebsxanadan-cixib-senedsiz-qalmisam\\\/#primaryimage\"},\"thumbnailUrl\":\"https:\\\/\\\/www.meydan.tv\\\/wp-content\\\/uploads\\\/20200121_093357.jpg\",\"datePublished\":\"2020-01-21T09:45:42+00:00\",\"breadcrumb\":{\"@id\":\"https:\\\/\\\/www.meydan.tv\\\/az\\\/article\\\/kecmis-mehbus-hebsxanadan-cixib-senedsiz-qalmisam\\\/#breadcrumb\"},\"inLanguage\":\"az\",\"potentialAction\":[{\"@type\":\"ReadAction\",\"target\":[\"https:\\\/\\\/www.meydan.tv\\\/az\\\/article\\\/kecmis-mehbus-hebsxanadan-cixib-senedsiz-qalmisam\\\/\"]}]},{\"@type\":\"ImageObject\",\"inLanguage\":\"az\",\"@id\":\"https:\\\/\\\/www.meydan.tv\\\/az\\\/article\\\/kecmis-mehbus-hebsxanadan-cixib-senedsiz-qalmisam\\\/#primaryimage\",\"url\":\"https:\\\/\\\/www.meydan.tv\\\/wp-content\\\/uploads\\\/20200121_093357.jpg\",\"contentUrl\":\"https:\\\/\\\/www.meydan.tv\\\/wp-content\\\/uploads\\\/20200121_093357.jpg\",\"width\":780,\"height\":517,\"caption\":\"Source: Foto: Meydan TV\"},{\"@type\":\"BreadcrumbList\",\"@id\":\"https:\\\/\\\/www.meydan.tv\\\/az\\\/article\\\/kecmis-mehbus-hebsxanadan-cixib-senedsiz-qalmisam\\\/#breadcrumb\",\"itemListElement\":[{\"@type\":\"ListItem\",\"position\":1,\"name\":\"Ana s\u0259hif\u0259\",\"item\":\"https:\\\/\\\/www.meydan.tv\\\/az\\\/\"},{\"@type\":\"ListItem\",\"position\":2,\"name\":\"Sosial\",\"item\":\"https:\\\/\\\/www.meydan.tv\\\/az\\\/section\\\/sosial\\\/\"},{\"@type\":\"ListItem\",\"position\":3,\"name\":\"Ke\u00e7mi\u015f m\u0259hbus: H\u0259bsxanadan \u00e7\u0131x\u0131b, s\u0259n\u0259dsiz qalm\u0131\u015fam\"}]},{\"@type\":\"WebSite\",\"@id\":\"https:\\\/\\\/www.meydan.tv\\\/az\\\/#website\",\"url\":\"https:\\\/\\\/www.meydan.tv\\\/az\\\/\",\"name\":\"MEYDAN.TV\",\"description\":\"Meydan TV Az\u0259rbaycan\u0131n media m\u0259kan\u0131ndak\u0131 alternativ s\u0259sidir\",\"publisher\":{\"@id\":\"https:\\\/\\\/www.meydan.tv\\\/az\\\/#organization\"},\"potentialAction\":[{\"@type\":\"SearchAction\",\"target\":{\"@type\":\"EntryPoint\",\"urlTemplate\":\"https:\\\/\\\/www.meydan.tv\\\/az\\\/?s={search_term_string}\"},\"query-input\":{\"@type\":\"PropertyValueSpecification\",\"valueRequired\":true,\"valueName\":\"search_term_string\"}}],\"inLanguage\":\"az\"},{\"@type\":\"Organization\",\"@id\":\"https:\\\/\\\/www.meydan.tv\\\/az\\\/#organization\",\"name\":\"Meydan TV\",\"url\":\"https:\\\/\\\/www.meydan.tv\\\/az\\\/\",\"logo\":{\"@type\":\"ImageObject\",\"inLanguage\":\"az\",\"@id\":\"https:\\\/\\\/www.meydan.tv\\\/az\\\/#\\\/schema\\\/logo\\\/image\\\/\",\"url\":\"https:\\\/\\\/www.meydan.tv\\\/wp-content\\\/uploads\\\/2021\\\/07\\\/meydan-logo.svg\",\"contentUrl\":\"https:\\\/\\\/www.meydan.tv\\\/wp-content\\\/uploads\\\/2021\\\/07\\\/meydan-logo.svg\",\"width\":195,\"height\":46,\"caption\":\"Meydan TV\"},\"image\":{\"@id\":\"https:\\\/\\\/www.meydan.tv\\\/az\\\/#\\\/schema\\\/logo\\\/image\\\/\"}},{\"@type\":\"Person\",\"@id\":\"https:\\\/\\\/www.meydan.tv\\\/az\\\/#\\\/schema\\\/person\\\/10d11eccf6da3662cf5fdab9806ea91a\",\"name\":\"user-manager\"}]}<\/script>\n<!-- \/ Yoast SEO plugin. -->","yoast_head_json":{"title":"Ke\u00e7mi\u015f m\u0259hbus: H\u0259bsxanadan \u00e7\u0131x\u0131b, s\u0259n\u0259dsiz qalm\u0131\u015fam - MEYDAN.TV","robots":{"index":"index","follow":"follow","max-snippet":"max-snippet:-1","max-image-preview":"max-image-preview:large","max-video-preview":"max-video-preview:-1"},"canonical":"https:\/\/www.meydan.tv\/az\/article\/kecmis-mehbus-hebsxanadan-cixib-senedsiz-qalmisam\/","og_locale":"az_AZ","og_type":"article","og_title":"Ke\u00e7mi\u015f m\u0259hbus: H\u0259bsxanadan \u00e7\u0131x\u0131b, s\u0259n\u0259dsiz qalm\u0131\u015fam - MEYDAN.TV","og_description":"ASAN Xidm\u0259t is\u0259 onu D\u00f6vl\u0259t Miqrasiya Xidm\u0259tin\u0259 y\u00f6nl\u0259ndirib. D\u00f6vl\u0259t Miqrasiya Xidm\u0259tind\u0259n ona bildirilib ki, Az\u0259rbaycan Respublikas\u0131n\u0131n v\u0259t\u0259nda\u015f\u0131 kimi qeydiyyatda yoxdur","og_url":"https:\/\/www.meydan.tv\/az\/article\/kecmis-mehbus-hebsxanadan-cixib-senedsiz-qalmisam\/","og_site_name":"MEYDAN.TV","article_published_time":"2020-01-21T09:45:42+00:00","og_image":[{"width":780,"height":517,"url":"https:\/\/www.meydan.tv\/wp-content\/uploads\/20200121_093357.jpg","type":"image\/jpeg"}],"author":"user-manager","twitter_card":"summary_large_image","schema":{"@context":"https:\/\/schema.org","@graph":[{"@type":"Article","@id":"https:\/\/www.meydan.tv\/az\/article\/kecmis-mehbus-hebsxanadan-cixib-senedsiz-qalmisam\/#article","isPartOf":{"@id":"https:\/\/www.meydan.tv\/az\/article\/kecmis-mehbus-hebsxanadan-cixib-senedsiz-qalmisam\/"},"author":{"name":"user-manager","@id":"https:\/\/www.meydan.tv\/az\/#\/schema\/person\/10d11eccf6da3662cf5fdab9806ea91a"},"headline":"Ke\u00e7mi\u015f m\u0259hbus: H\u0259bsxanadan \u00e7\u0131x\u0131b, s\u0259n\u0259dsiz qalm\u0131\u015fam","datePublished":"2020-01-21T09:45:42+00:00","mainEntityOfPage":{"@id":"https:\/\/www.meydan.tv\/az\/article\/kecmis-mehbus-hebsxanadan-cixib-senedsiz-qalmisam\/"},"wordCount":1166,"publisher":{"@id":"https:\/\/www.meydan.tv\/az\/#organization"},"image":{"@id":"https:\/\/www.meydan.tv\/az\/article\/kecmis-mehbus-hebsxanadan-cixib-senedsiz-qalmisam\/#primaryimage"},"thumbnailUrl":"https:\/\/www.meydan.tv\/wp-content\/uploads\/20200121_093357.jpg","articleSection":["Sosial"],"inLanguage":"az"},{"@type":"WebPage","@id":"https:\/\/www.meydan.tv\/az\/article\/kecmis-mehbus-hebsxanadan-cixib-senedsiz-qalmisam\/","url":"https:\/\/www.meydan.tv\/az\/article\/kecmis-mehbus-hebsxanadan-cixib-senedsiz-qalmisam\/","name":"Ke\u00e7mi\u015f m\u0259hbus: H\u0259bsxanadan \u00e7\u0131x\u0131b, s\u0259n\u0259dsiz qalm\u0131\u015fam - MEYDAN.TV","isPartOf":{"@id":"https:\/\/www.meydan.tv\/az\/#website"},"primaryImageOfPage":{"@id":"https:\/\/www.meydan.tv\/az\/article\/kecmis-mehbus-hebsxanadan-cixib-senedsiz-qalmisam\/#primaryimage"},"image":{"@id":"https:\/\/www.meydan.tv\/az\/article\/kecmis-mehbus-hebsxanadan-cixib-senedsiz-qalmisam\/#primaryimage"},"thumbnailUrl":"https:\/\/www.meydan.tv\/wp-content\/uploads\/20200121_093357.jpg","datePublished":"2020-01-21T09:45:42+00:00","breadcrumb":{"@id":"https:\/\/www.meydan.tv\/az\/article\/kecmis-mehbus-hebsxanadan-cixib-senedsiz-qalmisam\/#breadcrumb"},"inLanguage":"az","potentialAction":[{"@type":"ReadAction","target":["https:\/\/www.meydan.tv\/az\/article\/kecmis-mehbus-hebsxanadan-cixib-senedsiz-qalmisam\/"]}]},{"@type":"ImageObject","inLanguage":"az","@id":"https:\/\/www.meydan.tv\/az\/article\/kecmis-mehbus-hebsxanadan-cixib-senedsiz-qalmisam\/#primaryimage","url":"https:\/\/www.meydan.tv\/wp-content\/uploads\/20200121_093357.jpg","contentUrl":"https:\/\/www.meydan.tv\/wp-content\/uploads\/20200121_093357.jpg","width":780,"height":517,"caption":"Source: Foto: Meydan TV"},{"@type":"BreadcrumbList","@id":"https:\/\/www.meydan.tv\/az\/article\/kecmis-mehbus-hebsxanadan-cixib-senedsiz-qalmisam\/#breadcrumb","itemListElement":[{"@type":"ListItem","position":1,"name":"Ana s\u0259hif\u0259","item":"https:\/\/www.meydan.tv\/az\/"},{"@type":"ListItem","position":2,"name":"Sosial","item":"https:\/\/www.meydan.tv\/az\/section\/sosial\/"},{"@type":"ListItem","position":3,"name":"Ke\u00e7mi\u015f m\u0259hbus: H\u0259bsxanadan \u00e7\u0131x\u0131b, s\u0259n\u0259dsiz qalm\u0131\u015fam"}]},{"@type":"WebSite","@id":"https:\/\/www.meydan.tv\/az\/#website","url":"https:\/\/www.meydan.tv\/az\/","name":"MEYDAN.TV","description":"Meydan TV Az\u0259rbaycan\u0131n media m\u0259kan\u0131ndak\u0131 alternativ s\u0259sidir","publisher":{"@id":"https:\/\/www.meydan.tv\/az\/#organization"},"potentialAction":[{"@type":"SearchAction","target":{"@type":"EntryPoint","urlTemplate":"https:\/\/www.meydan.tv\/az\/?s={search_term_string}"},"query-input":{"@type":"PropertyValueSpecification","valueRequired":true,"valueName":"search_term_string"}}],"inLanguage":"az"},{"@type":"Organization","@id":"https:\/\/www.meydan.tv\/az\/#organization","name":"Meydan TV","url":"https:\/\/www.meydan.tv\/az\/","logo":{"@type":"ImageObject","inLanguage":"az","@id":"https:\/\/www.meydan.tv\/az\/#\/schema\/logo\/image\/","url":"https:\/\/www.meydan.tv\/wp-content\/uploads\/2021\/07\/meydan-logo.svg","contentUrl":"https:\/\/www.meydan.tv\/wp-content\/uploads\/2021\/07\/meydan-logo.svg","width":195,"height":46,"caption":"Meydan TV"},"image":{"@id":"https:\/\/www.meydan.tv\/az\/#\/schema\/logo\/image\/"}},{"@type":"Person","@id":"https:\/\/www.meydan.tv\/az\/#\/schema\/person\/10d11eccf6da3662cf5fdab9806ea91a","name":"user-manager"}]}},"_links":{"self":[{"href":"https:\/\/www.meydan.tv\/az\/wp-json\/wp\/v2\/posts\/198879","targetHints":{"allow":["GET"]}}],"collection":[{"href":"https:\/\/www.meydan.tv\/az\/wp-json\/wp\/v2\/posts"}],"about":[{"href":"https:\/\/www.meydan.tv\/az\/wp-json\/wp\/v2\/types\/post"}],"author":[{"embeddable":true,"href":"https:\/\/www.meydan.tv\/az\/wp-json\/wp\/v2\/users\/11"}],"replies":[{"embeddable":true,"href":"https:\/\/www.meydan.tv\/az\/wp-json\/wp\/v2\/comments?post=198879"}],"version-history":[{"count":0,"href":"https:\/\/www.meydan.tv\/az\/wp-json\/wp\/v2\/posts\/198879\/revisions"}],"wp:featuredmedia":[{"embeddable":true,"href":"https:\/\/www.meydan.tv\/az\/wp-json\/wp\/v2\/media\/136087"}],"wp:attachment":[{"href":"https:\/\/www.meydan.tv\/az\/wp-json\/wp\/v2\/media?parent=198879"}],"wp:term":[{"taxonomy":"category","embeddable":true,"href":"https:\/\/www.meydan.tv\/az\/wp-json\/wp\/v2\/categories?post=198879"},{"taxonomy":"post_tag","embeddable":true,"href":"https:\/\/www.meydan.tv\/az\/wp-json\/wp\/v2\/tags?post=198879"}],"curies":[{"name":"wp","href":"https:\/\/api.w.org\/{rel}","templated":true}]}}