{"id":198872,"date":"2020-01-20T14:58:57","date_gmt":"2020-01-20T14:58:57","guid":{"rendered":"https:\/\/www.meydan.tv\/article\/iran-hele-de-nuve-sazisine-hormet-etdiyini-deyir\/"},"modified":"2020-01-20T14:58:57","modified_gmt":"2020-01-20T14:58:57","slug":"iran-hele-de-nuve-sazisine-hormet-etdiyini-deyir","status":"publish","type":"post","link":"https:\/\/www.meydan.tv\/az\/article\/iran-hele-de-nuve-sazisine-hormet-etdiyini-deyir\/","title":{"rendered":"\u0130ran h\u0259l\u0259 d\u0259 n\u00fcv\u0259 sazi\u015fin\u0259 h\u00f6rm\u0259t etdiyini deyir"},"content":{"rendered":"<p>\n  <i><br \/>\n    \u201cAvropa g\u00fccl\u0259rinin \u0130ran\u0131n raz\u0131la\u015fman\u0131 pozdu\u011funa dair iddialar\u0131 \u0259sass\u0131zd\u0131r\u201d<br \/>\n  <\/i>\n<\/p>\n<p>\n  \u201c\u0130ran \u00fcz\u0259rin\u0259 ald\u0131\u011f\u0131 \u00f6hd\u0259likl\u0259rini geri g\u00f6t\u00fcrm\u0259sin\u0259 baxmayaraq, h\u0259l\u0259 d\u0259 2015-ci ild\u0259 d\u00fcnya g\u00fccl\u0259ri il\u0259 imzalad\u0131\u011f\u0131 n\u00fcv\u0259 sazi\u015fini riay\u0259t edir\u201d, &#8211; Xarici \u0130\u015fl\u0259r Nazirliyinin s\u00f6zc\u00fcs\u00fc Abbas Musavi yanvar\u0131n 20-d\u0259 Tehranda ke\u00e7irilmi\u015f m\u0259tbuat konfrans\u0131nda bildirib.\n<\/p>\n<p>\n  RFE\/RL x\u0259b\u0259rin\u0259 g\u00f6r\u0259, Musavi deyib: \u201cTehran h\u0259l\u0259 d\u0259 sazi\u015fd\u0259 qal\u0131r &#8230;. Avropa g\u00fccl\u0259rinin \u0130ran\u0131n raz\u0131la\u015fman\u0131 pozdu\u011funa dair iddialar\u0131 \u0259sass\u0131zd\u0131r\u201d.\n<\/p>\n<p>\n  \u0130ran bu ay\u0131n \u0259vv\u0259lind\u0259 art\u0131q AB\u015e-\u0131n 2018-ci ild\u0259 geri \u00e7\u0259kdiyi sazi\u015fl\u0259 ba\u011fl\u0131 \u00f6hd\u0259likl\u0259r\u0259 sahib olmad\u0131\u011f\u0131n\u0131 demi\u015fdi. B\u0259yanatdan sonra Tehran sazi\u015f \u00e7\u0259r\u00e7iv\u0259sind\u0259 ald\u0131\u011f\u0131 b\u0259zi \u00f6hd\u0259likl\u0259ri t\u0259dric\u0259n azaltma\u011fa ba\u015flam\u0131\u015fd\u0131. AB\u015e sazi\u015fi t\u0259rk etdikd\u0259n sonra \u0130rana s\u0259rt iqtisadi sanksiyalar t\u0259tbiq edib.\n<\/p>\n<p>\n  Almaniya, B\u00f6y\u00fck Britaniya v\u0259 Fransa bu ay\u0131n \u0259vv\u0259lind\u0259 n\u00fcv\u0259 sazi\u015find\u0259 m\u00f6vcud olan m\u00fcbahis\u0259 mexanizmini yaratd\u0131qlar\u0131n\u0131 b\u0259yan edibl\u0259r.\n<\/p>\n<p>\n  \u00c7in, Rusiya, Avropa \u0130ttifaq\u0131 v\u0259 daha \u0259vv\u0259l AB\u015e il\u0259 birlikd\u0259 sazi\u015fin t\u0259r\u0259fl\u0259ri olan Avropa d\u00f6vl\u0259tl\u0259ri hesab edirl\u0259r ki, mexanizm BMT-nin \u0130rana qar\u015f\u0131 t\u0259tbiq ed\u0259c\u0259yi sanksiyalara g\u0259tirib \u00e7\u0131xara bil\u0259r. Bununla yana\u015f\u0131 t\u0259r\u0259fl\u0259r bildiribl\u0259r ki, onlar AB\u015e-\u0131n Tehran\u0131n davran\u0131\u015f\u0131n\u0131 d\u0259yi\u015fm\u0259k \u00fc\u00e7\u00fcn \u0130rana qar\u015f\u0131 bir ildir t\u0259tbiq etdiyi \u201ct\u0259zyiq\u201d siyas\u0259tin\u0259 qat\u0131lm\u0131rlar.\n<\/p>\n<p>\n  \u201c\u0130ran\u0131n n\u00fcv\u0259 \u00f6hd\u0259likl\u0259rini azaltmas\u0131 dig\u0259r t\u0259r\u0259fl\u0259rd\u0259n v\u0259 \u0130ran\u0131n maraqlar\u0131n\u0131n sazi\u015f\u0259 uy\u011fun olub-olmamas\u0131ndan as\u0131l\u0131 olacaq,\u201d Musavi deyib.\n<\/p>\n<p>\n  Sazi\u015f\u0259 \u0259sas\u0259n \u0130ran beyn\u0259lxalq sanksiyalardan azad olmaq m\u00fcqabilind\u0259 n\u00fcv\u0259 f\u0259aliyy\u0259tini dayand\u0131rma\u011fa raz\u0131l\u0131q vermi\u015fdi.\n<\/p>\n<p>\n  2018-ci ild\u0259 Prezident Donald Tramp \u015f\u0259rtl\u0259rin Tehran\u0131n n\u00fcv\u0259 silah\u0131n\u0131n inki\u015faf\u0131na mane olmaq \u00fc\u00e7\u00fcn kifay\u0259t q\u0259d\u0259r s\u0259rt olmad\u0131\u011f\u0131n\u0131 iddia ed\u0259r\u0259k AB\u015e-\u0131 sazi\u015fd\u0259n geri \u00e7\u0259kib. Bu zaman Tramp \u0130ran\u0131 Yax\u0131n \u015e\u0259rqd\u0259 \u201cproxy\u201d qruplara d\u0259st\u0259yi durdurma\u011fa \u00e7a\u011f\u0131r\u0131b.\n<\/p>\n<p>\n  Tehran\u0131 sazi\u015fi yenid\u0259n m\u00fczakir\u0259 etm\u0259y\u0259 c\u0259lb etm\u0259k ist\u0259y\u0259n Va\u015finqton o zamandan etibar\u0259n \u0130ran iqtisadiyyat\u0131na qar\u015f\u0131 sanksiyalar\u0131 b\u0259rpa edib.\n<\/p>\n<p>\n  Yanvar\u0131n 19-da \u0130ran parlamentinin spikeri \u018fli Laricani Avropa g\u00fccl\u0259rin\u0259 n\u00fcv\u0259 sazi\u015find\u0259ki m\u00fcbahis\u0259 mexanizmin\u0259 \u201ch\u0259r hans\u0131 bir s\u0259b\u0259bd\u0259n\u201d \u201c\u0259dal\u0259tsiz\u201d yana\u015f\u0131lmas\u0131yla ba\u011fl\u0131 x\u0259b\u0259rdarl\u0131q edib.\n<\/p>\n<p>\n  Tehran, Beyn\u0259lxalq Atom Enerjisi Agentliyi (IAEA) il\u0259 \u201c\u0259m\u0259kda\u015fl\u0131\u011f\u0131m\u0131z\u0131 ciddi \u015f\u0259kild\u0259 yenid\u0259n n\u0259z\u0259rd\u0259n ke\u00e7ir\u0259c\u0259k,\u201cacc h\u0259m\u00e7inin Tehran\u0131n ke\u00e7mi\u015f n\u00fcv\u0259 m\u00fczakir\u0259\u00e7isi olaraq tan\u0131nan Laricani d\u00f6vl\u0259t televiziyas\u0131na m\u00fcsahib\u0259si zaman\u0131 deyib.<\/p>\n","protected":false},"excerpt":{"rendered":"<p>\u201cAvropa g\u00fccl\u0259rinin \u0130ran\u0131n raz\u0131la\u015fman\u0131 pozdu\u011funa dair iddialar\u0131 \u0259sass\u0131zd\u0131r\u201d<\/p>\n","protected":false},"author":11,"featured_media":136054,"comment_status":"closed","ping_status":"open","sticky":false,"template":"","format":"standard","meta":{"_acf_changed":false,"_sitemap_exclude":false,"_sitemap_priority":"","_sitemap_frequency":"","footnotes":""},"categories":[64],"tags":[],"class_list":["post-198872","post","type-post","status-publish","format-standard","has-post-thumbnail","hentry","category-dunya","infinite-scroll-item","generate-columns","tablet-grid-50","mobile-grid-100","grid-parent","grid-33","no-featured-image-padding"],"acf":[],"yoast_head":"<!-- This site is optimized with the Yoast SEO plugin v27.5 - https:\/\/yoast.com\/product\/yoast-seo-wordpress\/ -->\n<title>\u0130ran h\u0259l\u0259 d\u0259 n\u00fcv\u0259 sazi\u015fin\u0259 h\u00f6rm\u0259t etdiyini deyir - MEYDAN.TV<\/title>\n<meta name=\"robots\" content=\"index, follow, max-snippet:-1, max-image-preview:large, max-video-preview:-1\" \/>\n<link rel=\"canonical\" href=\"https:\/\/www.meydan.tv\/az\/article\/iran-hele-de-nuve-sazisine-hormet-etdiyini-deyir\/\" \/>\n<meta property=\"og:locale\" content=\"az_AZ\" \/>\n<meta property=\"og:type\" content=\"article\" \/>\n<meta property=\"og:title\" content=\"\u0130ran h\u0259l\u0259 d\u0259 n\u00fcv\u0259 sazi\u015fin\u0259 h\u00f6rm\u0259t etdiyini deyir - MEYDAN.TV\" \/>\n<meta property=\"og:description\" content=\"\u201cAvropa g\u00fccl\u0259rinin \u0130ran\u0131n raz\u0131la\u015fman\u0131 pozdu\u011funa dair iddialar\u0131 \u0259sass\u0131zd\u0131r\u201d\" \/>\n<meta property=\"og:url\" content=\"https:\/\/www.meydan.tv\/az\/article\/iran-hele-de-nuve-sazisine-hormet-etdiyini-deyir\/\" \/>\n<meta property=\"og:site_name\" content=\"MEYDAN.TV\" \/>\n<meta property=\"article:published_time\" content=\"2020-01-20T14:58:57+00:00\" \/>\n<meta property=\"og:image\" content=\"https:\/\/www.meydan.tv\/wp-content\/uploads\/iran-nuclear-program-file-gty-jef-200114_hpmain_16x9_992.jpg\" \/>\n\t<meta property=\"og:image:width\" content=\"992\" \/>\n\t<meta property=\"og:image:height\" content=\"558\" \/>\n\t<meta property=\"og:image:type\" content=\"image\/jpeg\" \/>\n<meta name=\"author\" content=\"user-manager\" \/>\n<meta name=\"twitter:card\" content=\"summary_large_image\" \/>\n<script type=\"application\/ld+json\" class=\"yoast-schema-graph\">{\"@context\":\"https:\\\/\\\/schema.org\",\"@graph\":[{\"@type\":\"Article\",\"@id\":\"https:\\\/\\\/www.meydan.tv\\\/az\\\/article\\\/iran-hele-de-nuve-sazisine-hormet-etdiyini-deyir\\\/#article\",\"isPartOf\":{\"@id\":\"https:\\\/\\\/www.meydan.tv\\\/az\\\/article\\\/iran-hele-de-nuve-sazisine-hormet-etdiyini-deyir\\\/\"},\"author\":{\"name\":\"user-manager\",\"@id\":\"https:\\\/\\\/www.meydan.tv\\\/az\\\/#\\\/schema\\\/person\\\/10d11eccf6da3662cf5fdab9806ea91a\"},\"headline\":\"\u0130ran h\u0259l\u0259 d\u0259 n\u00fcv\u0259 sazi\u015fin\u0259 h\u00f6rm\u0259t etdiyini deyir\",\"datePublished\":\"2020-01-20T14:58:57+00:00\",\"mainEntityOfPage\":{\"@id\":\"https:\\\/\\\/www.meydan.tv\\\/az\\\/article\\\/iran-hele-de-nuve-sazisine-hormet-etdiyini-deyir\\\/\"},\"wordCount\":521,\"publisher\":{\"@id\":\"https:\\\/\\\/www.meydan.tv\\\/az\\\/#organization\"},\"image\":{\"@id\":\"https:\\\/\\\/www.meydan.tv\\\/az\\\/article\\\/iran-hele-de-nuve-sazisine-hormet-etdiyini-deyir\\\/#primaryimage\"},\"thumbnailUrl\":\"https:\\\/\\\/www.meydan.tv\\\/wp-content\\\/uploads\\\/iran-nuclear-program-file-gty-jef-200114_hpmain_16x9_992.jpg\",\"articleSection\":[\"D\u00fcnya\"],\"inLanguage\":\"az\"},{\"@type\":\"WebPage\",\"@id\":\"https:\\\/\\\/www.meydan.tv\\\/az\\\/article\\\/iran-hele-de-nuve-sazisine-hormet-etdiyini-deyir\\\/\",\"url\":\"https:\\\/\\\/www.meydan.tv\\\/az\\\/article\\\/iran-hele-de-nuve-sazisine-hormet-etdiyini-deyir\\\/\",\"name\":\"\u0130ran h\u0259l\u0259 d\u0259 n\u00fcv\u0259 sazi\u015fin\u0259 h\u00f6rm\u0259t etdiyini deyir - MEYDAN.TV\",\"isPartOf\":{\"@id\":\"https:\\\/\\\/www.meydan.tv\\\/az\\\/#website\"},\"primaryImageOfPage\":{\"@id\":\"https:\\\/\\\/www.meydan.tv\\\/az\\\/article\\\/iran-hele-de-nuve-sazisine-hormet-etdiyini-deyir\\\/#primaryimage\"},\"image\":{\"@id\":\"https:\\\/\\\/www.meydan.tv\\\/az\\\/article\\\/iran-hele-de-nuve-sazisine-hormet-etdiyini-deyir\\\/#primaryimage\"},\"thumbnailUrl\":\"https:\\\/\\\/www.meydan.tv\\\/wp-content\\\/uploads\\\/iran-nuclear-program-file-gty-jef-200114_hpmain_16x9_992.jpg\",\"datePublished\":\"2020-01-20T14:58:57+00:00\",\"breadcrumb\":{\"@id\":\"https:\\\/\\\/www.meydan.tv\\\/az\\\/article\\\/iran-hele-de-nuve-sazisine-hormet-etdiyini-deyir\\\/#breadcrumb\"},\"inLanguage\":\"az\",\"potentialAction\":[{\"@type\":\"ReadAction\",\"target\":[\"https:\\\/\\\/www.meydan.tv\\\/az\\\/article\\\/iran-hele-de-nuve-sazisine-hormet-etdiyini-deyir\\\/\"]}]},{\"@type\":\"ImageObject\",\"inLanguage\":\"az\",\"@id\":\"https:\\\/\\\/www.meydan.tv\\\/az\\\/article\\\/iran-hele-de-nuve-sazisine-hormet-etdiyini-deyir\\\/#primaryimage\",\"url\":\"https:\\\/\\\/www.meydan.tv\\\/wp-content\\\/uploads\\\/iran-nuclear-program-file-gty-jef-200114_hpmain_16x9_992.jpg\",\"contentUrl\":\"https:\\\/\\\/www.meydan.tv\\\/wp-content\\\/uploads\\\/iran-nuclear-program-file-gty-jef-200114_hpmain_16x9_992.jpg\",\"width\":992,\"height\":558,\"caption\":\"Foto: ABC News\"},{\"@type\":\"BreadcrumbList\",\"@id\":\"https:\\\/\\\/www.meydan.tv\\\/az\\\/article\\\/iran-hele-de-nuve-sazisine-hormet-etdiyini-deyir\\\/#breadcrumb\",\"itemListElement\":[{\"@type\":\"ListItem\",\"position\":1,\"name\":\"Ana s\u0259hif\u0259\",\"item\":\"https:\\\/\\\/www.meydan.tv\\\/az\\\/\"},{\"@type\":\"ListItem\",\"position\":2,\"name\":\"D\u00fcnya\",\"item\":\"https:\\\/\\\/www.meydan.tv\\\/az\\\/section\\\/dunya\\\/\"},{\"@type\":\"ListItem\",\"position\":3,\"name\":\"\u0130ran h\u0259l\u0259 d\u0259 n\u00fcv\u0259 sazi\u015fin\u0259 h\u00f6rm\u0259t etdiyini deyir\"}]},{\"@type\":\"WebSite\",\"@id\":\"https:\\\/\\\/www.meydan.tv\\\/az\\\/#website\",\"url\":\"https:\\\/\\\/www.meydan.tv\\\/az\\\/\",\"name\":\"MEYDAN.TV\",\"description\":\"Meydan TV Az\u0259rbaycan\u0131n media m\u0259kan\u0131ndak\u0131 alternativ s\u0259sidir\",\"publisher\":{\"@id\":\"https:\\\/\\\/www.meydan.tv\\\/az\\\/#organization\"},\"potentialAction\":[{\"@type\":\"SearchAction\",\"target\":{\"@type\":\"EntryPoint\",\"urlTemplate\":\"https:\\\/\\\/www.meydan.tv\\\/az\\\/?s={search_term_string}\"},\"query-input\":{\"@type\":\"PropertyValueSpecification\",\"valueRequired\":true,\"valueName\":\"search_term_string\"}}],\"inLanguage\":\"az\"},{\"@type\":\"Organization\",\"@id\":\"https:\\\/\\\/www.meydan.tv\\\/az\\\/#organization\",\"name\":\"Meydan TV\",\"url\":\"https:\\\/\\\/www.meydan.tv\\\/az\\\/\",\"logo\":{\"@type\":\"ImageObject\",\"inLanguage\":\"az\",\"@id\":\"https:\\\/\\\/www.meydan.tv\\\/az\\\/#\\\/schema\\\/logo\\\/image\\\/\",\"url\":\"https:\\\/\\\/www.meydan.tv\\\/wp-content\\\/uploads\\\/2021\\\/07\\\/meydan-logo.svg\",\"contentUrl\":\"https:\\\/\\\/www.meydan.tv\\\/wp-content\\\/uploads\\\/2021\\\/07\\\/meydan-logo.svg\",\"width\":195,\"height\":46,\"caption\":\"Meydan TV\"},\"image\":{\"@id\":\"https:\\\/\\\/www.meydan.tv\\\/az\\\/#\\\/schema\\\/logo\\\/image\\\/\"}},{\"@type\":\"Person\",\"@id\":\"https:\\\/\\\/www.meydan.tv\\\/az\\\/#\\\/schema\\\/person\\\/10d11eccf6da3662cf5fdab9806ea91a\",\"name\":\"user-manager\"}]}<\/script>\n<!-- \/ Yoast SEO plugin. -->","yoast_head_json":{"title":"\u0130ran h\u0259l\u0259 d\u0259 n\u00fcv\u0259 sazi\u015fin\u0259 h\u00f6rm\u0259t etdiyini deyir - MEYDAN.TV","robots":{"index":"index","follow":"follow","max-snippet":"max-snippet:-1","max-image-preview":"max-image-preview:large","max-video-preview":"max-video-preview:-1"},"canonical":"https:\/\/www.meydan.tv\/az\/article\/iran-hele-de-nuve-sazisine-hormet-etdiyini-deyir\/","og_locale":"az_AZ","og_type":"article","og_title":"\u0130ran h\u0259l\u0259 d\u0259 n\u00fcv\u0259 sazi\u015fin\u0259 h\u00f6rm\u0259t etdiyini deyir - MEYDAN.TV","og_description":"\u201cAvropa g\u00fccl\u0259rinin \u0130ran\u0131n raz\u0131la\u015fman\u0131 pozdu\u011funa dair iddialar\u0131 \u0259sass\u0131zd\u0131r\u201d","og_url":"https:\/\/www.meydan.tv\/az\/article\/iran-hele-de-nuve-sazisine-hormet-etdiyini-deyir\/","og_site_name":"MEYDAN.TV","article_published_time":"2020-01-20T14:58:57+00:00","og_image":[{"width":992,"height":558,"url":"https:\/\/www.meydan.tv\/wp-content\/uploads\/iran-nuclear-program-file-gty-jef-200114_hpmain_16x9_992.jpg","type":"image\/jpeg"}],"author":"user-manager","twitter_card":"summary_large_image","schema":{"@context":"https:\/\/schema.org","@graph":[{"@type":"Article","@id":"https:\/\/www.meydan.tv\/az\/article\/iran-hele-de-nuve-sazisine-hormet-etdiyini-deyir\/#article","isPartOf":{"@id":"https:\/\/www.meydan.tv\/az\/article\/iran-hele-de-nuve-sazisine-hormet-etdiyini-deyir\/"},"author":{"name":"user-manager","@id":"https:\/\/www.meydan.tv\/az\/#\/schema\/person\/10d11eccf6da3662cf5fdab9806ea91a"},"headline":"\u0130ran h\u0259l\u0259 d\u0259 n\u00fcv\u0259 sazi\u015fin\u0259 h\u00f6rm\u0259t etdiyini deyir","datePublished":"2020-01-20T14:58:57+00:00","mainEntityOfPage":{"@id":"https:\/\/www.meydan.tv\/az\/article\/iran-hele-de-nuve-sazisine-hormet-etdiyini-deyir\/"},"wordCount":521,"publisher":{"@id":"https:\/\/www.meydan.tv\/az\/#organization"},"image":{"@id":"https:\/\/www.meydan.tv\/az\/article\/iran-hele-de-nuve-sazisine-hormet-etdiyini-deyir\/#primaryimage"},"thumbnailUrl":"https:\/\/www.meydan.tv\/wp-content\/uploads\/iran-nuclear-program-file-gty-jef-200114_hpmain_16x9_992.jpg","articleSection":["D\u00fcnya"],"inLanguage":"az"},{"@type":"WebPage","@id":"https:\/\/www.meydan.tv\/az\/article\/iran-hele-de-nuve-sazisine-hormet-etdiyini-deyir\/","url":"https:\/\/www.meydan.tv\/az\/article\/iran-hele-de-nuve-sazisine-hormet-etdiyini-deyir\/","name":"\u0130ran h\u0259l\u0259 d\u0259 n\u00fcv\u0259 sazi\u015fin\u0259 h\u00f6rm\u0259t etdiyini deyir - MEYDAN.TV","isPartOf":{"@id":"https:\/\/www.meydan.tv\/az\/#website"},"primaryImageOfPage":{"@id":"https:\/\/www.meydan.tv\/az\/article\/iran-hele-de-nuve-sazisine-hormet-etdiyini-deyir\/#primaryimage"},"image":{"@id":"https:\/\/www.meydan.tv\/az\/article\/iran-hele-de-nuve-sazisine-hormet-etdiyini-deyir\/#primaryimage"},"thumbnailUrl":"https:\/\/www.meydan.tv\/wp-content\/uploads\/iran-nuclear-program-file-gty-jef-200114_hpmain_16x9_992.jpg","datePublished":"2020-01-20T14:58:57+00:00","breadcrumb":{"@id":"https:\/\/www.meydan.tv\/az\/article\/iran-hele-de-nuve-sazisine-hormet-etdiyini-deyir\/#breadcrumb"},"inLanguage":"az","potentialAction":[{"@type":"ReadAction","target":["https:\/\/www.meydan.tv\/az\/article\/iran-hele-de-nuve-sazisine-hormet-etdiyini-deyir\/"]}]},{"@type":"ImageObject","inLanguage":"az","@id":"https:\/\/www.meydan.tv\/az\/article\/iran-hele-de-nuve-sazisine-hormet-etdiyini-deyir\/#primaryimage","url":"https:\/\/www.meydan.tv\/wp-content\/uploads\/iran-nuclear-program-file-gty-jef-200114_hpmain_16x9_992.jpg","contentUrl":"https:\/\/www.meydan.tv\/wp-content\/uploads\/iran-nuclear-program-file-gty-jef-200114_hpmain_16x9_992.jpg","width":992,"height":558,"caption":"Foto: ABC News"},{"@type":"BreadcrumbList","@id":"https:\/\/www.meydan.tv\/az\/article\/iran-hele-de-nuve-sazisine-hormet-etdiyini-deyir\/#breadcrumb","itemListElement":[{"@type":"ListItem","position":1,"name":"Ana s\u0259hif\u0259","item":"https:\/\/www.meydan.tv\/az\/"},{"@type":"ListItem","position":2,"name":"D\u00fcnya","item":"https:\/\/www.meydan.tv\/az\/section\/dunya\/"},{"@type":"ListItem","position":3,"name":"\u0130ran h\u0259l\u0259 d\u0259 n\u00fcv\u0259 sazi\u015fin\u0259 h\u00f6rm\u0259t etdiyini deyir"}]},{"@type":"WebSite","@id":"https:\/\/www.meydan.tv\/az\/#website","url":"https:\/\/www.meydan.tv\/az\/","name":"MEYDAN.TV","description":"Meydan TV Az\u0259rbaycan\u0131n media m\u0259kan\u0131ndak\u0131 alternativ s\u0259sidir","publisher":{"@id":"https:\/\/www.meydan.tv\/az\/#organization"},"potentialAction":[{"@type":"SearchAction","target":{"@type":"EntryPoint","urlTemplate":"https:\/\/www.meydan.tv\/az\/?s={search_term_string}"},"query-input":{"@type":"PropertyValueSpecification","valueRequired":true,"valueName":"search_term_string"}}],"inLanguage":"az"},{"@type":"Organization","@id":"https:\/\/www.meydan.tv\/az\/#organization","name":"Meydan TV","url":"https:\/\/www.meydan.tv\/az\/","logo":{"@type":"ImageObject","inLanguage":"az","@id":"https:\/\/www.meydan.tv\/az\/#\/schema\/logo\/image\/","url":"https:\/\/www.meydan.tv\/wp-content\/uploads\/2021\/07\/meydan-logo.svg","contentUrl":"https:\/\/www.meydan.tv\/wp-content\/uploads\/2021\/07\/meydan-logo.svg","width":195,"height":46,"caption":"Meydan TV"},"image":{"@id":"https:\/\/www.meydan.tv\/az\/#\/schema\/logo\/image\/"}},{"@type":"Person","@id":"https:\/\/www.meydan.tv\/az\/#\/schema\/person\/10d11eccf6da3662cf5fdab9806ea91a","name":"user-manager"}]}},"_links":{"self":[{"href":"https:\/\/www.meydan.tv\/az\/wp-json\/wp\/v2\/posts\/198872","targetHints":{"allow":["GET"]}}],"collection":[{"href":"https:\/\/www.meydan.tv\/az\/wp-json\/wp\/v2\/posts"}],"about":[{"href":"https:\/\/www.meydan.tv\/az\/wp-json\/wp\/v2\/types\/post"}],"author":[{"embeddable":true,"href":"https:\/\/www.meydan.tv\/az\/wp-json\/wp\/v2\/users\/11"}],"replies":[{"embeddable":true,"href":"https:\/\/www.meydan.tv\/az\/wp-json\/wp\/v2\/comments?post=198872"}],"version-history":[{"count":0,"href":"https:\/\/www.meydan.tv\/az\/wp-json\/wp\/v2\/posts\/198872\/revisions"}],"wp:featuredmedia":[{"embeddable":true,"href":"https:\/\/www.meydan.tv\/az\/wp-json\/wp\/v2\/media\/136054"}],"wp:attachment":[{"href":"https:\/\/www.meydan.tv\/az\/wp-json\/wp\/v2\/media?parent=198872"}],"wp:term":[{"taxonomy":"category","embeddable":true,"href":"https:\/\/www.meydan.tv\/az\/wp-json\/wp\/v2\/categories?post=198872"},{"taxonomy":"post_tag","embeddable":true,"href":"https:\/\/www.meydan.tv\/az\/wp-json\/wp\/v2\/tags?post=198872"}],"curies":[{"name":"wp","href":"https:\/\/api.w.org\/{rel}","templated":true}]}}