{"id":198871,"date":"2020-01-20T11:40:48","date_gmt":"2020-01-20T11:40:48","guid":{"rendered":"https:\/\/www.meydan.tv\/article\/kend-sakinleri-icra-numayendesi-mal-qaramizi-oldurub\/"},"modified":"2020-01-20T11:40:48","modified_gmt":"2020-01-20T11:40:48","slug":"kend-sakinleri-icra-numayendesi-mal-qaramizi-oldurub","status":"publish","type":"post","link":"https:\/\/www.meydan.tv\/az\/article\/kend-sakinleri-icra-numayendesi-mal-qaramizi-oldurub\/","title":{"rendered":"K\u0259nd sakinl\u0259ri: \u0130cra n\u00fcmay\u0259nd\u0259si mal-qaram\u0131z\u0131 \u00f6ld\u00fcr\u00fcb"},"content":{"rendered":"<p>\n  <i><br \/>\n    \u201c\u00d6z\u00fcm\u00fcz\u00fcn qurdu\u011fumuz g\u00fcz\u0259ran\u0131 da yerl\u0259rd\u0259 h\u00f6kum\u0259tin adamlar\u0131 bel\u0259c\u0259 darmada\u011f\u0131n edir\u201d<br \/>\n  <\/i>\n<\/p>\n<p>\n  Ucar\u0131n T\u0259z\u0259 \u015eilyan k\u0259ndinin sakinl\u0259ri qon\u015fu k\u0259ndin icra n\u00fcmay\u0259nd\u0259sind\u0259n \u015fikay\u0259t\u00e7idirl\u0259r. 5 n\u0259f\u0259r k\u0259nd sakini heyvanlar\u0131n\u0131n qon\u015fu Qaz\u0131qumlaq k\u0259ndinin inzibati \u0259razi dair\u0259si \u00fczr\u0259 n\u00fcmay\u0259nd\u0259si Mehman M\u0259mm\u0259dovun \u00f6ld\u00fcrd\u00fcy\u00fcn\u00fc s\u00f6yl\u0259yir. \u201c\u0130ndi d\u0259 n\u0259 pulunu verir, n\u0259 d\u0259 \u0259v\u0259zind\u0259 heyvan al\u0131b qaytar\u0131r\u201d,- deyirl\u0259r.\n<\/p>\n<p>\n  65 ya\u015fl\u0131 Zahir \u015eirinov deyir ki, k\u0259ndl\u0259rind\u0259n bir az aral\u0131da, \u0259vv\u0259l bo\u015f olmu\u015f \u0259razil\u0259rd\u0259 qon\u015fu k\u0259ndin icra n\u00fcmay\u0259nd\u0259si Mehman M\u0259mm\u0259dov pamb\u0131q \u0259kib. Heyvanlar\u0131 h\u0259min sah\u0259y\u0259 giribl\u0259r dey\u0259, onlar\u0131 t\u00f6vl\u0259y\u0259 ba\u011flay\u0131b, g\u00fcnl\u0259rl\u0259 ac-susuz saxlay\u0131b v\u0259 n\u0259tic\u0259d\u0259 k\u0259ndlil\u0259rin 5 iribuynuzlu heyvan\u0131 \u00f6l\u00fcb:\n<\/p>\n<p>\n  \u201cHeyvan da insan deyil ki, izah ed\u0259s\u0259n, girm\u0259, girm\u0259sin. Gedibl\u0259r, o da sah\u0259d\u0259 tutub v\u0259 ba\u011flay\u0131b t\u00f6vl\u0259y\u0259. H\u0259r \u015feyi qoyaq q\u0131ra\u011fa, g\u00fcnah deyilmi? 5 sa\u011flam heyvan\u0131 ac\u0131ndan, susundan \u00f6ld\u00fcrm\u0259k n\u0259 d\u0259r\u0259c\u0259d\u0259 do\u011frudur?\u201d\n<\/p>\n<p>\n  Zahir \u015eirinov deyir ki, onlar g\u00fcnl\u0259rl\u0259 heyvanlar\u0131n\u0131 axtar\u0131blar. Buna g\u00f6r\u0259 polis\u0259 d\u0259 \u015fikay\u0259t edibl\u0259r. Sonra heyvanlar icra n\u00fcmay\u0259nd\u0259sinin t\u00f6vl\u0259sind\u0259n \u00e7\u0131x\u0131b:\n<\/p>\n<p>\n  \u201cKas\u0131b adamlar\u0131q. Ham\u0131m\u0131z heyvanla, \u0259kin-bi\u00e7inl\u0259 dolan\u0131r\u0131q. M\u0259s\u0259l\u0259n, m\u0259n \u00f6l\u0259n heyvan\u0131 \u0259lilliyi olan o\u011fluma ba\u011f\u0131\u015flam\u0131\u015fd\u0131m. Azt\u0259minatl\u0131 ail\u0259dir, dedim, he\u00e7 olmazsa, u\u015faqlar\u0131n\u0131n s\u00fcd\u00fc olsun. Onu da \u00f6ld\u00fcrd\u00fcl\u0259r. Ham\u0131 bilir, sirr deyil ki, b\u00f6lg\u0259l\u0259rd\u0259 i\u015fsizlikdir, acl\u0131qd\u0131r. H\u00f6kum\u0259t g\u00fcn a\u011flam\u0131r, anlad\u0131q. \u00d6z\u00fcm\u00fcz\u00fcn qurdu\u011fumuz g\u00fcz\u0259ran\u0131 da yerl\u0259rd\u0259 h\u00f6kum\u0259tin adamlar\u0131 bel\u0259c\u0259 darmada\u011f\u0131n edir\u201d.\n<\/p>\n<p>\n  \u00d6l\u0259n heyvanlardan biri d\u0259 \u015eahn\u0259z\u0259r \u015eirinova aiddir. Deyir, \u0259vv\u0259lc\u0259 icra n\u00fcmay\u0259nd\u0259si heyvanlar\u0131n nec\u0259 \u00f6ld\u00fcy\u00fcn\u00fc onlardan gizl\u0259dib:\n<\/p>\n<p>\n  \u201cHeyvanlar itdiyi g\u00fcnl\u0259rd\u0259 g\u0259tirib pamb\u0131q \u0259kdiyi \u0259raziy\u0259 plakat yap\u0131\u015fd\u0131rd\u0131 ki, z\u0259h\u0259rlidir, girm\u0259k olmaz. Guya d\u0259rmanlan\u0131b. Heyvanlar\u0131n le\u015fi tap\u0131landa da dedi, m\u0259n yaz\u0131b yap\u0131\u015fd\u0131rm\u0131\u015fam ki, ora z\u0259h\u0259rlidir, girm\u0259k olmaz. \u0130\u015fin i\u00e7ind\u0259n bu c\u00fcr s\u0131yr\u0131lmaq ist\u0259di. Ancaq biz bilirik, heyvanlar z\u0259h\u0259rl\u0259nib \u00f6lm\u0259yibl\u0259r\u201d.\n<\/p>\n<figure class=\"wp-block-image size-large\">\n  <img decoding=\"async\" src=\"https:\/\/www.meydan.tv\/az\/image_from_ios-5-jpg-74\/\" alt=\"image_from_ios (5).jpg\" class=\"wp-image-136036\"\/><figcaption>\n    &#8220;Ham\u0131 bilir, sirr deyil ki, b\u00f6lg\u0259l\u0259rd\u0259 i\u015fsizlikdir, acl\u0131qd\u0131r&#8221;<br \/>\n  <\/figcaption><\/figure>\n<p>\n  \u015eahn\u0259z\u0259r \u015eirinov deyir ki, buna g\u00f6r\u0259 ekspertizaya m\u00fcraci\u0259t edibl\u0259r. Cavabda heyvanlar\u0131n z\u0259h\u0259rl\u0259nm\u0259d\u0259n \u00f6lm\u0259diyi m\u0259lum olub:\n<\/p>\n<p>\n  \u201cDem\u0259li, adam bizim sa\u011f\u0131lan, n\u0259v\u0259l\u0259rimizin g\u00f6z\u00fcn\u00fc dikdiyi heyvanlar\u0131m\u0131z\u0131 q\u0259sd\u0259n \u00f6ld\u00fcr\u00fcb. \u00d6z\u00fc d\u0259 z\u0259h\u0259rli ot yem\u0259l\u0259ri s\u00f6hb\u0259ti ba\u015fdan do\u011fru deyildi. \u00c7\u00fcnki biz ill\u0259rdir heyvan saxlay\u0131r\u0131q, bilirik. Heyvan he\u00e7 vaxt z\u0259h\u0259rli ot yemir. \u0130yl\u0259yir, orada yad n\u0259s\u0259 varsa, ba\u015f\u0131n\u0131 k\u0259s yem\u0259z. He\u00e7 bir-birl\u0259rinin su i\u00e7diyi qaba yax\u0131n getmirl\u0259r, qald\u0131, z\u0259h\u0259rli ot yey\u0259l\u0259r\u201d.\n<\/p>\n<p>\n  \u015eikay\u0259t\u00e7il\u0259rd\u0259n Sabir S\u0259limovun n\u0259 az, n\u0259 \u00e7ox, 2 b\u00f6y\u00fck, sa\u011f\u0131lan heyvan\u0131 \u00f6l\u00fcb. Deyir, bu g\u00fcn onlar\u0131n bazar qiym\u0259ti az\u0131 2 min 500 manat edir:\n<\/p>\n<p>\n  \u201c\u0130cra n\u00fcmay\u0259nd\u0259si is\u0259 s\u0259hvini he\u00e7 c\u00fcr\u0259 d\u00fcz\u0259ltm\u0259k niyy\u0259tind\u0259 deyil. N\u0259 biz\u0259 d\u0259y\u0259n z\u0259r\u0259r \u00f6d\u0259nir, n\u0259 d\u0259 \u0259v\u0259zind\u0259 g\u0259tirib heyvan verirl\u0259r. Bel\u0259 d\u0259 d\u0259rd olar?\n<\/p>\n<p>\n  \u00dcst\u0259lik, hara m\u00fcraci\u0259t edirik, bax\u0131lm\u0131r. Deyirl\u0259r, burada qanunsuz he\u00e7 n\u0259 olmay\u0131b. Nec\u0259 y\u0259ni olmay\u0131b? B\u0259s bu 5 heyvan nec\u0259 \u00f6l\u00fcb?\u201d\n<\/p>\n<p>\n  T\u0259hmasib M\u0259mm\u0259dov da \u015fikay\u0259t\u00e7idir. Deyir, onlar\u0131n i\u015fi birc\u0259 Allaha qal\u0131b. Pamb\u0131q \u0259kirl\u0259r, suyu h\u0259min tarlalara y\u00f6n\u0259ldirl\u0259r, n\u0259tic\u0259d\u0259, onlar\u0131n arpa, bu\u011fdas\u0131 quruyur. Bir t\u0259r\u0259fd\u0259n d\u0259 canavar heyvanlar\u0131n\u0131 par\u00e7alay\u0131r:\n<\/p>\n<p>\n  \u201c\u00d6r\u00fc\u015f sah\u0259l\u0259rimizi d\u0259 m\u0259hv edibl\u0259r. H\u0259r yerd\u0259 pamb\u0131q \u0259kibl\u0259r. D\u0259rdinimiz hara, kim\u0259 dey\u0259k, bilmirik. \u0130\u015f yox, pul yox. B\u0259s bu camaat n\u0259 il\u0259 dolanmal\u0131d\u0131r?\u201d\n<\/p>\n<figure class=\"wp-block-image size-large\">\n  <img decoding=\"async\" src=\"https:\/\/www.meydan.tv\/az\/image_from_ios-6-jpg-60\/\" alt=\"image_from_ios (6).jpg\" class=\"wp-image-136042\"\/><figcaption>\n    T\u0259hmasib M\u0259mm\u0259dov<br \/>\n  <\/figcaption><\/figure>\n<p>\n  K\u0259ndlil\u0259r t\u0259l\u0259b edirl\u0259r, ya onlar\u0131n heyvanlar\u0131n\u0131 qaytars\u0131nlar, ya da h\u0259min heyvanlar\u0131n bug\u00fcnk\u00fc bazar qiym\u0259ti il\u0259 pulu \u00f6d\u0259nsin.\n<\/p>\n<p>\n  \u201c\u018fsas m\u0259s\u0259l\u0259, i\u015fimiz d\u00fczg\u00fcn ara\u015fd\u0131r\u0131ls\u0131n v\u0259 d\u00fczg\u00fcn qiym\u0259tl\u0259ndirilsin\u201d.\n<\/p>\n<p>\n  Qaz\u0131qumlaq k\u0259ndinin inzibati \u0259razi dair\u0259si \u00fczr\u0259 n\u00fcmay\u0259nd\u0259si Mehman M\u0259mm\u0259dov Meydan TV-y\u0259 deyib ki, b\u0259li, bel\u0259 bir hadis\u0259 olub, heyvanlar \u00f6l\u00fcb, ancaq bu, onun g\u00fcnah\u0131 deyil:\n<\/p>\n<p>\n  \u201cB\u0259li, m\u0259nim sah\u0259m var, orada pamb\u0131q \u0259kdirir\u0259m v\u0259 h\u0259min sah\u0259d\u0259 d\u0259rmanlama i\u015fl\u0259ri aparm\u0131\u015fd\u0131m. Bununla ba\u011fl\u0131 T\u0259z\u0259 \u015eilyan v\u0259 M\u00fcs\u00fcsl\u00fc k\u0259nd icra n\u00fcmay\u0259nd\u0259likl\u0259rin\u0259 \u0259riz\u0259 il\u0259 x\u0259b\u0259rdarl\u0131q etmi\u015fdim. Bu g\u00fcn d\u0259 h\u0259min x\u0259b\u0259rdarl\u0131\u011f\u0131n bir n\u00fcsx\u0259si m\u0259nd\u0259 var. \u00dcst\u0259lik, elanlar \u00e7\u0131xar\u0131b, h\u0259r yer\u0259 asm\u0131\u015fd\u0131m. Bir s\u00f6zl\u0259, d\u0259rmanlam\u0131\u015fd\u0131m v\u0259 x\u0259b\u0259rdal\u0131\u011f\u0131m\u0131 da etmi\u015fdim. Buna baxmayaraq, k\u0259ndlil\u0259r heyvanlar\u0131n\u0131 ba\u015fl\u0131-ba\u015f\u0131na burax\u0131blar. Onlar da d\u0259rmanl\u0131 sah\u0259l\u0259r\u0259 girib v\u0259 z\u0259h\u0259rl\u0259nibl\u0259r. Burada m\u0259nim g\u00fcnah\u0131m yoxdur\u201d.\n<\/p>\n<p>\n  Mehman M\u0259mm\u0259dov deyir ki, \u0259lind\u0259 x\u0259b\u0259rdarl\u0131qla ba\u011fl\u0131 s\u0259n\u0259d d\u0259 var. H\u0259min s\u0259n\u0259din bir n\u00fcsx\u0259sini polis\u0259 d\u0259 verib. Polis i\u015f\u0259 \u0259dal\u0259tli bax\u0131b v\u0259 onun g\u00fcnahs\u0131z oldu\u011funu anlay\u0131b:\n<\/p>\n<p>\n  \u201c\u00d6z\u00fc d\u0259 m\u0259nim sah\u0259m k\u0259ndd\u0259n aral\u0131dad\u0131r. G\u00fcnah k\u0259ndlil\u0259rd\u0259dir ki, mal-qaran\u0131 yiy\u0259siz burax\u0131blar. Birm\u0259nal\u0131 olaraq z\u0259h\u0259rl\u0259nm\u0259dir. M\u0259n o q\u0259d\u0259r vicdans\u0131z biri deyil\u0259m ki, heyvanlar\u0131 ac\u0131ndan, susuzluqdan \u00f6ld\u00fcr\u0259m. \u018fslind\u0259 m\u0259n o insanlardan \u015fikay\u0259t\u00e7i olmal\u0131yam ki, \u0259kinim\u0259 ziyan vurmaqla m\u0259\u015f\u011fuldurlar. Ev heyvanlar\u0131n\u0131n saxlanmas\u0131 qaydas\u0131n\u0131 pozurlar. \u018fslind\u0259 buna g\u00f6r\u0259 onlar c\u0259rim\u0259l\u0259nm\u0259liydi\u201d.\n<\/p>\n<figure class=\"wp-block-image size-large\">\n  <img decoding=\"async\" src=\"https:\/\/www.meydan.tv\/az\/image_from_ios-4-jpg-96\/\" alt=\"image_from_ios (4).jpg\" class=\"wp-image-136039\"\/><figcaption>\n    Sabir S\u0259limov<br \/>\n  <\/figcaption><\/figure>\n","protected":false},"excerpt":{"rendered":"<p>&#8220;Pamb\u0131q \u0259kirl\u0259r, suyu h\u0259min tarlalara y\u00f6n\u0259ldirl\u0259r, n\u0259tic\u0259d\u0259, onlar\u0131n arpa, bu\u011fdas\u0131 quruyur&#8221;<\/p>\n","protected":false},"author":11,"featured_media":136051,"comment_status":"closed","ping_status":"open","sticky":false,"template":"","format":"standard","meta":{"_acf_changed":false,"_sitemap_exclude":false,"_sitemap_priority":"","_sitemap_frequency":"","footnotes":""},"categories":[60],"tags":[],"class_list":["post-198871","post","type-post","status-publish","format-standard","has-post-thumbnail","hentry","category-bolge","infinite-scroll-item","generate-columns","tablet-grid-50","mobile-grid-100","grid-parent","grid-33","no-featured-image-padding"],"acf":[],"yoast_head":"<!-- This site is optimized with the Yoast SEO plugin v27.5 - https:\/\/yoast.com\/product\/yoast-seo-wordpress\/ -->\n<title>K\u0259nd sakinl\u0259ri: \u0130cra n\u00fcmay\u0259nd\u0259si mal-qaram\u0131z\u0131 \u00f6ld\u00fcr\u00fcb - MEYDAN.TV<\/title>\n<meta name=\"robots\" content=\"index, follow, max-snippet:-1, max-image-preview:large, max-video-preview:-1\" \/>\n<link rel=\"canonical\" href=\"https:\/\/www.meydan.tv\/az\/article\/kend-sakinleri-icra-numayendesi-mal-qaramizi-oldurub\/\" \/>\n<meta property=\"og:locale\" content=\"az_AZ\" \/>\n<meta property=\"og:type\" content=\"article\" \/>\n<meta property=\"og:title\" content=\"K\u0259nd sakinl\u0259ri: \u0130cra n\u00fcmay\u0259nd\u0259si mal-qaram\u0131z\u0131 \u00f6ld\u00fcr\u00fcb - MEYDAN.TV\" \/>\n<meta property=\"og:description\" content=\"&quot;Pamb\u0131q \u0259kirl\u0259r, suyu h\u0259min tarlalara y\u00f6n\u0259ldirl\u0259r, n\u0259tic\u0259d\u0259, onlar\u0131n arpa, bu\u011fdas\u0131 quruyur&quot;\" \/>\n<meta property=\"og:url\" content=\"https:\/\/www.meydan.tv\/az\/article\/kend-sakinleri-icra-numayendesi-mal-qaramizi-oldurub\/\" \/>\n<meta property=\"og:site_name\" content=\"MEYDAN.TV\" \/>\n<meta property=\"article:published_time\" content=\"2020-01-20T11:40:48+00:00\" \/>\n<meta property=\"og:image\" content=\"https:\/\/www.meydan.tv\/wp-content\/uploads\/image_from_ios_2_p3iriyi.jpg\" \/>\n\t<meta property=\"og:image:width\" content=\"1032\" \/>\n\t<meta property=\"og:image:height\" content=\"774\" \/>\n\t<meta property=\"og:image:type\" content=\"image\/jpeg\" \/>\n<meta name=\"author\" content=\"user-manager\" \/>\n<meta name=\"twitter:card\" content=\"summary_large_image\" \/>\n<script type=\"application\/ld+json\" class=\"yoast-schema-graph\">{\"@context\":\"https:\\\/\\\/schema.org\",\"@graph\":[{\"@type\":\"Article\",\"@id\":\"https:\\\/\\\/www.meydan.tv\\\/az\\\/article\\\/kend-sakinleri-icra-numayendesi-mal-qaramizi-oldurub\\\/#article\",\"isPartOf\":{\"@id\":\"https:\\\/\\\/www.meydan.tv\\\/az\\\/article\\\/kend-sakinleri-icra-numayendesi-mal-qaramizi-oldurub\\\/\"},\"author\":{\"name\":\"user-manager\",\"@id\":\"https:\\\/\\\/www.meydan.tv\\\/az\\\/#\\\/schema\\\/person\\\/10d11eccf6da3662cf5fdab9806ea91a\"},\"headline\":\"K\u0259nd sakinl\u0259ri: \u0130cra n\u00fcmay\u0259nd\u0259si mal-qaram\u0131z\u0131 \u00f6ld\u00fcr\u00fcb\",\"datePublished\":\"2020-01-20T11:40:48+00:00\",\"mainEntityOfPage\":{\"@id\":\"https:\\\/\\\/www.meydan.tv\\\/az\\\/article\\\/kend-sakinleri-icra-numayendesi-mal-qaramizi-oldurub\\\/\"},\"wordCount\":1135,\"publisher\":{\"@id\":\"https:\\\/\\\/www.meydan.tv\\\/az\\\/#organization\"},\"image\":{\"@id\":\"https:\\\/\\\/www.meydan.tv\\\/az\\\/article\\\/kend-sakinleri-icra-numayendesi-mal-qaramizi-oldurub\\\/#primaryimage\"},\"thumbnailUrl\":\"https:\\\/\\\/www.meydan.tv\\\/wp-content\\\/uploads\\\/image_from_ios_2_p3iriyi.jpg\",\"articleSection\":[\"B\u00f6lg\u0259\"],\"inLanguage\":\"az\"},{\"@type\":\"WebPage\",\"@id\":\"https:\\\/\\\/www.meydan.tv\\\/az\\\/article\\\/kend-sakinleri-icra-numayendesi-mal-qaramizi-oldurub\\\/\",\"url\":\"https:\\\/\\\/www.meydan.tv\\\/az\\\/article\\\/kend-sakinleri-icra-numayendesi-mal-qaramizi-oldurub\\\/\",\"name\":\"K\u0259nd sakinl\u0259ri: \u0130cra n\u00fcmay\u0259nd\u0259si mal-qaram\u0131z\u0131 \u00f6ld\u00fcr\u00fcb - MEYDAN.TV\",\"isPartOf\":{\"@id\":\"https:\\\/\\\/www.meydan.tv\\\/az\\\/#website\"},\"primaryImageOfPage\":{\"@id\":\"https:\\\/\\\/www.meydan.tv\\\/az\\\/article\\\/kend-sakinleri-icra-numayendesi-mal-qaramizi-oldurub\\\/#primaryimage\"},\"image\":{\"@id\":\"https:\\\/\\\/www.meydan.tv\\\/az\\\/article\\\/kend-sakinleri-icra-numayendesi-mal-qaramizi-oldurub\\\/#primaryimage\"},\"thumbnailUrl\":\"https:\\\/\\\/www.meydan.tv\\\/wp-content\\\/uploads\\\/image_from_ios_2_p3iriyi.jpg\",\"datePublished\":\"2020-01-20T11:40:48+00:00\",\"breadcrumb\":{\"@id\":\"https:\\\/\\\/www.meydan.tv\\\/az\\\/article\\\/kend-sakinleri-icra-numayendesi-mal-qaramizi-oldurub\\\/#breadcrumb\"},\"inLanguage\":\"az\",\"potentialAction\":[{\"@type\":\"ReadAction\",\"target\":[\"https:\\\/\\\/www.meydan.tv\\\/az\\\/article\\\/kend-sakinleri-icra-numayendesi-mal-qaramizi-oldurub\\\/\"]}]},{\"@type\":\"ImageObject\",\"inLanguage\":\"az\",\"@id\":\"https:\\\/\\\/www.meydan.tv\\\/az\\\/article\\\/kend-sakinleri-icra-numayendesi-mal-qaramizi-oldurub\\\/#primaryimage\",\"url\":\"https:\\\/\\\/www.meydan.tv\\\/wp-content\\\/uploads\\\/image_from_ios_2_p3iriyi.jpg\",\"contentUrl\":\"https:\\\/\\\/www.meydan.tv\\\/wp-content\\\/uploads\\\/image_from_ios_2_p3iriyi.jpg\",\"width\":1032,\"height\":774,\"caption\":\"Source: Foto: Meydan TV\"},{\"@type\":\"BreadcrumbList\",\"@id\":\"https:\\\/\\\/www.meydan.tv\\\/az\\\/article\\\/kend-sakinleri-icra-numayendesi-mal-qaramizi-oldurub\\\/#breadcrumb\",\"itemListElement\":[{\"@type\":\"ListItem\",\"position\":1,\"name\":\"Ana s\u0259hif\u0259\",\"item\":\"https:\\\/\\\/www.meydan.tv\\\/az\\\/\"},{\"@type\":\"ListItem\",\"position\":2,\"name\":\"B\u00f6lg\u0259\",\"item\":\"https:\\\/\\\/www.meydan.tv\\\/az\\\/section\\\/bolge\\\/\"},{\"@type\":\"ListItem\",\"position\":3,\"name\":\"K\u0259nd sakinl\u0259ri: \u0130cra n\u00fcmay\u0259nd\u0259si mal-qaram\u0131z\u0131 \u00f6ld\u00fcr\u00fcb\"}]},{\"@type\":\"WebSite\",\"@id\":\"https:\\\/\\\/www.meydan.tv\\\/az\\\/#website\",\"url\":\"https:\\\/\\\/www.meydan.tv\\\/az\\\/\",\"name\":\"MEYDAN.TV\",\"description\":\"Meydan TV Az\u0259rbaycan\u0131n media m\u0259kan\u0131ndak\u0131 alternativ s\u0259sidir\",\"publisher\":{\"@id\":\"https:\\\/\\\/www.meydan.tv\\\/az\\\/#organization\"},\"potentialAction\":[{\"@type\":\"SearchAction\",\"target\":{\"@type\":\"EntryPoint\",\"urlTemplate\":\"https:\\\/\\\/www.meydan.tv\\\/az\\\/?s={search_term_string}\"},\"query-input\":{\"@type\":\"PropertyValueSpecification\",\"valueRequired\":true,\"valueName\":\"search_term_string\"}}],\"inLanguage\":\"az\"},{\"@type\":\"Organization\",\"@id\":\"https:\\\/\\\/www.meydan.tv\\\/az\\\/#organization\",\"name\":\"Meydan TV\",\"url\":\"https:\\\/\\\/www.meydan.tv\\\/az\\\/\",\"logo\":{\"@type\":\"ImageObject\",\"inLanguage\":\"az\",\"@id\":\"https:\\\/\\\/www.meydan.tv\\\/az\\\/#\\\/schema\\\/logo\\\/image\\\/\",\"url\":\"https:\\\/\\\/www.meydan.tv\\\/wp-content\\\/uploads\\\/2021\\\/07\\\/meydan-logo.svg\",\"contentUrl\":\"https:\\\/\\\/www.meydan.tv\\\/wp-content\\\/uploads\\\/2021\\\/07\\\/meydan-logo.svg\",\"width\":195,\"height\":46,\"caption\":\"Meydan TV\"},\"image\":{\"@id\":\"https:\\\/\\\/www.meydan.tv\\\/az\\\/#\\\/schema\\\/logo\\\/image\\\/\"}},{\"@type\":\"Person\",\"@id\":\"https:\\\/\\\/www.meydan.tv\\\/az\\\/#\\\/schema\\\/person\\\/10d11eccf6da3662cf5fdab9806ea91a\",\"name\":\"user-manager\"}]}<\/script>\n<!-- \/ Yoast SEO plugin. -->","yoast_head_json":{"title":"K\u0259nd sakinl\u0259ri: \u0130cra n\u00fcmay\u0259nd\u0259si mal-qaram\u0131z\u0131 \u00f6ld\u00fcr\u00fcb - MEYDAN.TV","robots":{"index":"index","follow":"follow","max-snippet":"max-snippet:-1","max-image-preview":"max-image-preview:large","max-video-preview":"max-video-preview:-1"},"canonical":"https:\/\/www.meydan.tv\/az\/article\/kend-sakinleri-icra-numayendesi-mal-qaramizi-oldurub\/","og_locale":"az_AZ","og_type":"article","og_title":"K\u0259nd sakinl\u0259ri: \u0130cra n\u00fcmay\u0259nd\u0259si mal-qaram\u0131z\u0131 \u00f6ld\u00fcr\u00fcb - MEYDAN.TV","og_description":"\"Pamb\u0131q \u0259kirl\u0259r, suyu h\u0259min tarlalara y\u00f6n\u0259ldirl\u0259r, n\u0259tic\u0259d\u0259, onlar\u0131n arpa, bu\u011fdas\u0131 quruyur\"","og_url":"https:\/\/www.meydan.tv\/az\/article\/kend-sakinleri-icra-numayendesi-mal-qaramizi-oldurub\/","og_site_name":"MEYDAN.TV","article_published_time":"2020-01-20T11:40:48+00:00","og_image":[{"width":1032,"height":774,"url":"https:\/\/www.meydan.tv\/wp-content\/uploads\/image_from_ios_2_p3iriyi.jpg","type":"image\/jpeg"}],"author":"user-manager","twitter_card":"summary_large_image","schema":{"@context":"https:\/\/schema.org","@graph":[{"@type":"Article","@id":"https:\/\/www.meydan.tv\/az\/article\/kend-sakinleri-icra-numayendesi-mal-qaramizi-oldurub\/#article","isPartOf":{"@id":"https:\/\/www.meydan.tv\/az\/article\/kend-sakinleri-icra-numayendesi-mal-qaramizi-oldurub\/"},"author":{"name":"user-manager","@id":"https:\/\/www.meydan.tv\/az\/#\/schema\/person\/10d11eccf6da3662cf5fdab9806ea91a"},"headline":"K\u0259nd sakinl\u0259ri: \u0130cra n\u00fcmay\u0259nd\u0259si mal-qaram\u0131z\u0131 \u00f6ld\u00fcr\u00fcb","datePublished":"2020-01-20T11:40:48+00:00","mainEntityOfPage":{"@id":"https:\/\/www.meydan.tv\/az\/article\/kend-sakinleri-icra-numayendesi-mal-qaramizi-oldurub\/"},"wordCount":1135,"publisher":{"@id":"https:\/\/www.meydan.tv\/az\/#organization"},"image":{"@id":"https:\/\/www.meydan.tv\/az\/article\/kend-sakinleri-icra-numayendesi-mal-qaramizi-oldurub\/#primaryimage"},"thumbnailUrl":"https:\/\/www.meydan.tv\/wp-content\/uploads\/image_from_ios_2_p3iriyi.jpg","articleSection":["B\u00f6lg\u0259"],"inLanguage":"az"},{"@type":"WebPage","@id":"https:\/\/www.meydan.tv\/az\/article\/kend-sakinleri-icra-numayendesi-mal-qaramizi-oldurub\/","url":"https:\/\/www.meydan.tv\/az\/article\/kend-sakinleri-icra-numayendesi-mal-qaramizi-oldurub\/","name":"K\u0259nd sakinl\u0259ri: \u0130cra n\u00fcmay\u0259nd\u0259si mal-qaram\u0131z\u0131 \u00f6ld\u00fcr\u00fcb - MEYDAN.TV","isPartOf":{"@id":"https:\/\/www.meydan.tv\/az\/#website"},"primaryImageOfPage":{"@id":"https:\/\/www.meydan.tv\/az\/article\/kend-sakinleri-icra-numayendesi-mal-qaramizi-oldurub\/#primaryimage"},"image":{"@id":"https:\/\/www.meydan.tv\/az\/article\/kend-sakinleri-icra-numayendesi-mal-qaramizi-oldurub\/#primaryimage"},"thumbnailUrl":"https:\/\/www.meydan.tv\/wp-content\/uploads\/image_from_ios_2_p3iriyi.jpg","datePublished":"2020-01-20T11:40:48+00:00","breadcrumb":{"@id":"https:\/\/www.meydan.tv\/az\/article\/kend-sakinleri-icra-numayendesi-mal-qaramizi-oldurub\/#breadcrumb"},"inLanguage":"az","potentialAction":[{"@type":"ReadAction","target":["https:\/\/www.meydan.tv\/az\/article\/kend-sakinleri-icra-numayendesi-mal-qaramizi-oldurub\/"]}]},{"@type":"ImageObject","inLanguage":"az","@id":"https:\/\/www.meydan.tv\/az\/article\/kend-sakinleri-icra-numayendesi-mal-qaramizi-oldurub\/#primaryimage","url":"https:\/\/www.meydan.tv\/wp-content\/uploads\/image_from_ios_2_p3iriyi.jpg","contentUrl":"https:\/\/www.meydan.tv\/wp-content\/uploads\/image_from_ios_2_p3iriyi.jpg","width":1032,"height":774,"caption":"Source: Foto: Meydan TV"},{"@type":"BreadcrumbList","@id":"https:\/\/www.meydan.tv\/az\/article\/kend-sakinleri-icra-numayendesi-mal-qaramizi-oldurub\/#breadcrumb","itemListElement":[{"@type":"ListItem","position":1,"name":"Ana s\u0259hif\u0259","item":"https:\/\/www.meydan.tv\/az\/"},{"@type":"ListItem","position":2,"name":"B\u00f6lg\u0259","item":"https:\/\/www.meydan.tv\/az\/section\/bolge\/"},{"@type":"ListItem","position":3,"name":"K\u0259nd sakinl\u0259ri: \u0130cra n\u00fcmay\u0259nd\u0259si mal-qaram\u0131z\u0131 \u00f6ld\u00fcr\u00fcb"}]},{"@type":"WebSite","@id":"https:\/\/www.meydan.tv\/az\/#website","url":"https:\/\/www.meydan.tv\/az\/","name":"MEYDAN.TV","description":"Meydan TV Az\u0259rbaycan\u0131n media m\u0259kan\u0131ndak\u0131 alternativ s\u0259sidir","publisher":{"@id":"https:\/\/www.meydan.tv\/az\/#organization"},"potentialAction":[{"@type":"SearchAction","target":{"@type":"EntryPoint","urlTemplate":"https:\/\/www.meydan.tv\/az\/?s={search_term_string}"},"query-input":{"@type":"PropertyValueSpecification","valueRequired":true,"valueName":"search_term_string"}}],"inLanguage":"az"},{"@type":"Organization","@id":"https:\/\/www.meydan.tv\/az\/#organization","name":"Meydan TV","url":"https:\/\/www.meydan.tv\/az\/","logo":{"@type":"ImageObject","inLanguage":"az","@id":"https:\/\/www.meydan.tv\/az\/#\/schema\/logo\/image\/","url":"https:\/\/www.meydan.tv\/wp-content\/uploads\/2021\/07\/meydan-logo.svg","contentUrl":"https:\/\/www.meydan.tv\/wp-content\/uploads\/2021\/07\/meydan-logo.svg","width":195,"height":46,"caption":"Meydan TV"},"image":{"@id":"https:\/\/www.meydan.tv\/az\/#\/schema\/logo\/image\/"}},{"@type":"Person","@id":"https:\/\/www.meydan.tv\/az\/#\/schema\/person\/10d11eccf6da3662cf5fdab9806ea91a","name":"user-manager"}]}},"_links":{"self":[{"href":"https:\/\/www.meydan.tv\/az\/wp-json\/wp\/v2\/posts\/198871","targetHints":{"allow":["GET"]}}],"collection":[{"href":"https:\/\/www.meydan.tv\/az\/wp-json\/wp\/v2\/posts"}],"about":[{"href":"https:\/\/www.meydan.tv\/az\/wp-json\/wp\/v2\/types\/post"}],"author":[{"embeddable":true,"href":"https:\/\/www.meydan.tv\/az\/wp-json\/wp\/v2\/users\/11"}],"replies":[{"embeddable":true,"href":"https:\/\/www.meydan.tv\/az\/wp-json\/wp\/v2\/comments?post=198871"}],"version-history":[{"count":0,"href":"https:\/\/www.meydan.tv\/az\/wp-json\/wp\/v2\/posts\/198871\/revisions"}],"wp:featuredmedia":[{"embeddable":true,"href":"https:\/\/www.meydan.tv\/az\/wp-json\/wp\/v2\/media\/136051"}],"wp:attachment":[{"href":"https:\/\/www.meydan.tv\/az\/wp-json\/wp\/v2\/media?parent=198871"}],"wp:term":[{"taxonomy":"category","embeddable":true,"href":"https:\/\/www.meydan.tv\/az\/wp-json\/wp\/v2\/categories?post=198871"},{"taxonomy":"post_tag","embeddable":true,"href":"https:\/\/www.meydan.tv\/az\/wp-json\/wp\/v2\/tags?post=198871"}],"curies":[{"name":"wp","href":"https:\/\/api.w.org\/{rel}","templated":true}]}}