{"id":198870,"date":"2020-01-20T14:53:21","date_gmt":"2020-01-20T14:53:21","guid":{"rendered":"https:\/\/www.meydan.tv\/article\/sahzade-harri-daha-dinc-heyat-ucun-kraliyyet-roluna-son-qoyur\/"},"modified":"2020-01-20T14:53:21","modified_gmt":"2020-01-20T14:53:21","slug":"sahzade-harri-daha-dinc-heyat-ucun-kraliyyet-roluna-son-qoyur","status":"publish","type":"post","link":"https:\/\/www.meydan.tv\/az\/article\/sahzade-harri-daha-dinc-heyat-ucun-kraliyyet-roluna-son-qoyur\/","title":{"rendered":"\u015eahzad\u0259 Harri daha dinc h\u0259yat \u00fc\u00e7\u00fcn kraliyy\u0259t roluna son qoyur"},"content":{"rendered":"<p>\n  <i><br \/>\n    \u015eahzad\u0259 v\u0259 h\u0259yat yolda\u015f\u0131 bundan sonra kraliyy\u0259t t\u0259dbirl\u0259rind\u0259 i\u015ftirak etm\u0259y\u0259c\u0259kl\u0259r<br \/>\n  <\/i>\n<\/p>\n<p>\n  \u0130ngilt\u0259r\u0259 \u015fahzad\u0259si Harri (Harry) Krali\u00e7a Elizabeth v\u0259 Vindsorlar (senior Windsors) il\u0259 s\u00f6vd\u0259l\u0259\u015fm\u0259d\u0259 kral v\u0259zif\u0259l\u0259rind\u0259n imtina etm\u0259k m\u0259cburiyy\u0259tind\u0259 qald\u0131\u011f\u0131ndan b\u0259hs edib. \u201cReuters\u201d x\u0259b\u0259r verir ki, Harri h\u0259yat yolda\u015f\u0131 Meghanla \u00f6z\u00fcn\u00fcn azad h\u0259yatlar\u0131n\u0131n olmas\u0131 \u00fc\u00e7\u00fcn ba\u015fqa se\u00e7iml\u0259rinin olmad\u0131\u011f\u0131n\u0131 dil\u0259 g\u0259tirib.\n<\/p>\n<p>\n  Bukinqam (Buckingham) Saray\u0131 v\u0259 krali\u00e7a \u015f\u0259nb\u0259 g\u00fcn\u00fc elan edib ki, art\u0131q bundan sonra Harri v\u0259 Meghan Britaniya monarxiyas\u0131n\u0131n \u00fczvl\u0259ri olmayacaqlar v\u0259 \u00f6zl\u0259rinin kraliyy\u0259t ail\u0259si (\u201cRoyal Highness\u201d) titulundan istifad\u0259 etm\u0259y\u0259c\u0259kl\u0259r, h\u0259yatlar\u0131na \u00f6z yollar\u0131 il\u0259 davam ed\u0259c\u0259kl\u0259r. \u201cOnlar bununla m\u00fct\u0259r\u0259qqi yeni rollar\u0131na sahib olacaqlar\u201d, &#8211; saray b\u0259yan edib.\n<\/p>\n<p>\n  Yeni t\u0259nziml\u0259m\u0259 c\u00fctl\u00fcy\u00fcn bu ay\u0131n \u0259vv\u0259lind\u0259 r\u0259smi g\u00f6r\u00fc\u015fl\u0259ri azaldaraq Kanada v\u0259 AB\u015e-da daha \u00e7ox vaxt ke\u00e7irm\u0259k ist\u0259dikl\u0259rini elan etdikd\u0259n sonra ortaya \u00e7\u0131xm\u0131\u015f b\u00f6hrana son qoymaq \u00fc\u00e7\u00fcn at\u0131lm\u0131\u015f add\u0131m olaraq g\u00f6r\u00fcl\u00fcr.\n<\/p>\n<p>\n  Bazar g\u00fcn\u00fc Sentebale xeyriyy\u0259\u00e7iliyind\u0259 \u00e7\u0131x\u0131\u015f\u0131 zaman\u0131 Harri a\u00e7\u0131q \u015f\u0259kild\u0259 \u00fcz\u00fcld\u00fcy\u00fcn\u00fc bildirib. O qeyd edib ki, son n\u0259tic\u0259d\u0259 onun v\u0259 amerikal\u0131 h\u0259yat yolda\u015f\u0131 Meghan\u0131n ist\u0259diyi olmay\u0131b.\n<\/p>\n<p>\n  \u201cBizim ist\u0259diyimiz krali\u00e7a, Birlik d\u00f6vl\u0259tl\u0259rin\u0259 v\u0259 h\u0259rbi birlikl\u0259r\u0259 d\u00f6vl\u0259t maliyy\u0259si olmadan xidm\u0259t etm\u0259y\u0259 davam etm\u0259k idi. T\u0259\u0259ss\u00fcf ki, bu, m\u00fcmk\u00fcn olmad\u0131\u201c,- taxtdan alt\u0131nc\u0131 s\u0131rada olan \u015fahzad\u0259 deyib:\n<\/p>\n<p>\n  \u201cM\u0259n q\u0259bul edir\u0259m ki, bu, m\u0259nim kim oldu\u011fumu v\u0259 kimliyim\u0259 n\u0259 q\u0259d\u0259r sadiq oldu\u011fumu d\u0259yi\u015fmir. Ancaq \u00fcmid edir\u0259m, ba\u015fa d\u00fc\u015f\u00fcrs\u00fcn\u00fcz ki, daha dinc bir h\u0259yat qura bilm\u0259yim \u00fc\u00e7\u00fcn ir\u0259liy\u0259 do\u011fru bir add\u0131m atmal\u0131yam, bunun \u00fc\u00e7\u00fcn bildiyim h\u0259r \u015feyd\u0259n geri \u00e7\u0259kilm\u0259liy\u0259m\u201d.\n<\/p>\n<p>\n  Raz\u0131la\u015fmaya \u0259sas\u0259n, Harri \u015fahzad\u0259 olaraq qalacaq. C\u00fctl\u00fck vaxtlar\u0131n\u0131n \u00e7ox hiss\u0259sini ke\u00e7ir\u0259c\u0259kl\u0259ri \u015eimali Amerika v\u0259 \u0130ngilt\u0259r\u0259 aras\u0131nda yeni bir h\u0259yata ba\u015flasalar da, Suseksin D\u00fc\u015f ve D\u00fc\u015fesi (Duke and Duchess) adlar\u0131n\u0131 qoruyacaqlar. Ancaq g\u0259l\u0259c\u0259kd\u0259 h\u0259r hans\u0131 bir kraliyy\u0259t t\u0259dbirind\u0259 v\u0259 ya s\u0259yah\u0259tl\u0259rind\u0259 i\u015ftirak etm\u0259y\u0259c\u0259kl\u0259r.\n<\/p>\n<p>\n  Royal \u015f\u0259rh\u00e7il\u0259ri bunun a\u00e7\u0131q \u201cimtina\u201d oldu\u011funu qeyd edibl\u0259r. Kraliyy\u0259t ail\u0259si, x\u00fcsusil\u0259 krali\u00e7a tamamil\u0259 q\u0131r\u0131lman\u0131 b\u0259lli etm\u0259k \u00fc\u00e7\u00fcn q\u0259tiyy\u0259tli q\u0259rar q\u0259bul edib.<\/p>\n","protected":false},"excerpt":{"rendered":"<p>\u015eahzad\u0259 v\u0259 h\u0259yat yolda\u015f\u0131 bundan sonra kraliyy\u0259t t\u0259dbirl\u0259rind\u0259 i\u015ftirak etm\u0259y\u0259c\u0259kl\u0259r<\/p>\n","protected":false},"author":11,"featured_media":136060,"comment_status":"closed","ping_status":"open","sticky":false,"template":"","format":"standard","meta":{"_acf_changed":false,"_sitemap_exclude":false,"_sitemap_priority":"","_sitemap_frequency":"","footnotes":""},"categories":[64],"tags":[],"class_list":["post-198870","post","type-post","status-publish","format-standard","has-post-thumbnail","hentry","category-dunya","infinite-scroll-item","generate-columns","tablet-grid-50","mobile-grid-100","grid-parent","grid-33","no-featured-image-padding"],"acf":[],"yoast_head":"<!-- This site is optimized with the Yoast SEO plugin v27.5 - https:\/\/yoast.com\/product\/yoast-seo-wordpress\/ -->\n<title>\u015eahzad\u0259 Harri daha dinc h\u0259yat \u00fc\u00e7\u00fcn kraliyy\u0259t roluna son qoyur - MEYDAN.TV<\/title>\n<meta name=\"robots\" content=\"index, follow, max-snippet:-1, max-image-preview:large, max-video-preview:-1\" \/>\n<link rel=\"canonical\" href=\"https:\/\/www.meydan.tv\/az\/article\/sahzade-harri-daha-dinc-heyat-ucun-kraliyyet-roluna-son-qoyur\/\" \/>\n<meta property=\"og:locale\" content=\"az_AZ\" \/>\n<meta property=\"og:type\" content=\"article\" \/>\n<meta property=\"og:title\" content=\"\u015eahzad\u0259 Harri daha dinc h\u0259yat \u00fc\u00e7\u00fcn kraliyy\u0259t roluna son qoyur - MEYDAN.TV\" \/>\n<meta property=\"og:description\" content=\"\u015eahzad\u0259 v\u0259 h\u0259yat yolda\u015f\u0131 bundan sonra kraliyy\u0259t t\u0259dbirl\u0259rind\u0259 i\u015ftirak etm\u0259y\u0259c\u0259kl\u0259r\" \/>\n<meta property=\"og:url\" content=\"https:\/\/www.meydan.tv\/az\/article\/sahzade-harri-daha-dinc-heyat-ucun-kraliyyet-roluna-son-qoyur\/\" \/>\n<meta property=\"og:site_name\" content=\"MEYDAN.TV\" \/>\n<meta property=\"article:published_time\" content=\"2020-01-20T14:53:21+00:00\" \/>\n<meta property=\"og:image\" content=\"https:\/\/www.meydan.tv\/wp-content\/uploads\/screenshot_2020-01-20_at_13.47.22-1200x694.png\" \/>\n\t<meta property=\"og:image:width\" content=\"1200\" \/>\n\t<meta property=\"og:image:height\" content=\"694\" \/>\n\t<meta property=\"og:image:type\" content=\"image\/png\" \/>\n<meta name=\"author\" content=\"user-manager\" \/>\n<meta name=\"twitter:card\" content=\"summary_large_image\" \/>\n<script type=\"application\/ld+json\" class=\"yoast-schema-graph\">{\"@context\":\"https:\\\/\\\/schema.org\",\"@graph\":[{\"@type\":\"Article\",\"@id\":\"https:\\\/\\\/www.meydan.tv\\\/az\\\/article\\\/sahzade-harri-daha-dinc-heyat-ucun-kraliyyet-roluna-son-qoyur\\\/#article\",\"isPartOf\":{\"@id\":\"https:\\\/\\\/www.meydan.tv\\\/az\\\/article\\\/sahzade-harri-daha-dinc-heyat-ucun-kraliyyet-roluna-son-qoyur\\\/\"},\"author\":{\"name\":\"user-manager\",\"@id\":\"https:\\\/\\\/www.meydan.tv\\\/az\\\/#\\\/schema\\\/person\\\/10d11eccf6da3662cf5fdab9806ea91a\"},\"headline\":\"\u015eahzad\u0259 Harri daha dinc h\u0259yat \u00fc\u00e7\u00fcn kraliyy\u0259t roluna son qoyur\",\"datePublished\":\"2020-01-20T14:53:21+00:00\",\"mainEntityOfPage\":{\"@id\":\"https:\\\/\\\/www.meydan.tv\\\/az\\\/article\\\/sahzade-harri-daha-dinc-heyat-ucun-kraliyyet-roluna-son-qoyur\\\/\"},\"wordCount\":481,\"publisher\":{\"@id\":\"https:\\\/\\\/www.meydan.tv\\\/az\\\/#organization\"},\"image\":{\"@id\":\"https:\\\/\\\/www.meydan.tv\\\/az\\\/article\\\/sahzade-harri-daha-dinc-heyat-ucun-kraliyyet-roluna-son-qoyur\\\/#primaryimage\"},\"thumbnailUrl\":\"https:\\\/\\\/www.meydan.tv\\\/wp-content\\\/uploads\\\/screenshot_2020-01-20_at_13.47.22.png\",\"articleSection\":[\"D\u00fcnya\"],\"inLanguage\":\"az\"},{\"@type\":\"WebPage\",\"@id\":\"https:\\\/\\\/www.meydan.tv\\\/az\\\/article\\\/sahzade-harri-daha-dinc-heyat-ucun-kraliyyet-roluna-son-qoyur\\\/\",\"url\":\"https:\\\/\\\/www.meydan.tv\\\/az\\\/article\\\/sahzade-harri-daha-dinc-heyat-ucun-kraliyyet-roluna-son-qoyur\\\/\",\"name\":\"\u015eahzad\u0259 Harri daha dinc h\u0259yat \u00fc\u00e7\u00fcn kraliyy\u0259t roluna son qoyur - MEYDAN.TV\",\"isPartOf\":{\"@id\":\"https:\\\/\\\/www.meydan.tv\\\/az\\\/#website\"},\"primaryImageOfPage\":{\"@id\":\"https:\\\/\\\/www.meydan.tv\\\/az\\\/article\\\/sahzade-harri-daha-dinc-heyat-ucun-kraliyyet-roluna-son-qoyur\\\/#primaryimage\"},\"image\":{\"@id\":\"https:\\\/\\\/www.meydan.tv\\\/az\\\/article\\\/sahzade-harri-daha-dinc-heyat-ucun-kraliyyet-roluna-son-qoyur\\\/#primaryimage\"},\"thumbnailUrl\":\"https:\\\/\\\/www.meydan.tv\\\/wp-content\\\/uploads\\\/screenshot_2020-01-20_at_13.47.22.png\",\"datePublished\":\"2020-01-20T14:53:21+00:00\",\"breadcrumb\":{\"@id\":\"https:\\\/\\\/www.meydan.tv\\\/az\\\/article\\\/sahzade-harri-daha-dinc-heyat-ucun-kraliyyet-roluna-son-qoyur\\\/#breadcrumb\"},\"inLanguage\":\"az\",\"potentialAction\":[{\"@type\":\"ReadAction\",\"target\":[\"https:\\\/\\\/www.meydan.tv\\\/az\\\/article\\\/sahzade-harri-daha-dinc-heyat-ucun-kraliyyet-roluna-son-qoyur\\\/\"]}]},{\"@type\":\"ImageObject\",\"inLanguage\":\"az\",\"@id\":\"https:\\\/\\\/www.meydan.tv\\\/az\\\/article\\\/sahzade-harri-daha-dinc-heyat-ucun-kraliyyet-roluna-son-qoyur\\\/#primaryimage\",\"url\":\"https:\\\/\\\/www.meydan.tv\\\/wp-content\\\/uploads\\\/screenshot_2020-01-20_at_13.47.22.png\",\"contentUrl\":\"https:\\\/\\\/www.meydan.tv\\\/wp-content\\\/uploads\\\/screenshot_2020-01-20_at_13.47.22.png\",\"width\":2066,\"height\":1194,\"caption\":\"Source: google\"},{\"@type\":\"BreadcrumbList\",\"@id\":\"https:\\\/\\\/www.meydan.tv\\\/az\\\/article\\\/sahzade-harri-daha-dinc-heyat-ucun-kraliyyet-roluna-son-qoyur\\\/#breadcrumb\",\"itemListElement\":[{\"@type\":\"ListItem\",\"position\":1,\"name\":\"Ana s\u0259hif\u0259\",\"item\":\"https:\\\/\\\/www.meydan.tv\\\/az\\\/\"},{\"@type\":\"ListItem\",\"position\":2,\"name\":\"D\u00fcnya\",\"item\":\"https:\\\/\\\/www.meydan.tv\\\/az\\\/section\\\/dunya\\\/\"},{\"@type\":\"ListItem\",\"position\":3,\"name\":\"\u015eahzad\u0259 Harri daha dinc h\u0259yat \u00fc\u00e7\u00fcn kraliyy\u0259t roluna son qoyur\"}]},{\"@type\":\"WebSite\",\"@id\":\"https:\\\/\\\/www.meydan.tv\\\/az\\\/#website\",\"url\":\"https:\\\/\\\/www.meydan.tv\\\/az\\\/\",\"name\":\"MEYDAN.TV\",\"description\":\"Meydan TV Az\u0259rbaycan\u0131n media m\u0259kan\u0131ndak\u0131 alternativ s\u0259sidir\",\"publisher\":{\"@id\":\"https:\\\/\\\/www.meydan.tv\\\/az\\\/#organization\"},\"potentialAction\":[{\"@type\":\"SearchAction\",\"target\":{\"@type\":\"EntryPoint\",\"urlTemplate\":\"https:\\\/\\\/www.meydan.tv\\\/az\\\/?s={search_term_string}\"},\"query-input\":{\"@type\":\"PropertyValueSpecification\",\"valueRequired\":true,\"valueName\":\"search_term_string\"}}],\"inLanguage\":\"az\"},{\"@type\":\"Organization\",\"@id\":\"https:\\\/\\\/www.meydan.tv\\\/az\\\/#organization\",\"name\":\"Meydan TV\",\"url\":\"https:\\\/\\\/www.meydan.tv\\\/az\\\/\",\"logo\":{\"@type\":\"ImageObject\",\"inLanguage\":\"az\",\"@id\":\"https:\\\/\\\/www.meydan.tv\\\/az\\\/#\\\/schema\\\/logo\\\/image\\\/\",\"url\":\"https:\\\/\\\/www.meydan.tv\\\/wp-content\\\/uploads\\\/2021\\\/07\\\/meydan-logo.svg\",\"contentUrl\":\"https:\\\/\\\/www.meydan.tv\\\/wp-content\\\/uploads\\\/2021\\\/07\\\/meydan-logo.svg\",\"width\":195,\"height\":46,\"caption\":\"Meydan TV\"},\"image\":{\"@id\":\"https:\\\/\\\/www.meydan.tv\\\/az\\\/#\\\/schema\\\/logo\\\/image\\\/\"}},{\"@type\":\"Person\",\"@id\":\"https:\\\/\\\/www.meydan.tv\\\/az\\\/#\\\/schema\\\/person\\\/10d11eccf6da3662cf5fdab9806ea91a\",\"name\":\"user-manager\"}]}<\/script>\n<!-- \/ Yoast SEO plugin. -->","yoast_head_json":{"title":"\u015eahzad\u0259 Harri daha dinc h\u0259yat \u00fc\u00e7\u00fcn kraliyy\u0259t roluna son qoyur - MEYDAN.TV","robots":{"index":"index","follow":"follow","max-snippet":"max-snippet:-1","max-image-preview":"max-image-preview:large","max-video-preview":"max-video-preview:-1"},"canonical":"https:\/\/www.meydan.tv\/az\/article\/sahzade-harri-daha-dinc-heyat-ucun-kraliyyet-roluna-son-qoyur\/","og_locale":"az_AZ","og_type":"article","og_title":"\u015eahzad\u0259 Harri daha dinc h\u0259yat \u00fc\u00e7\u00fcn kraliyy\u0259t roluna son qoyur - MEYDAN.TV","og_description":"\u015eahzad\u0259 v\u0259 h\u0259yat yolda\u015f\u0131 bundan sonra kraliyy\u0259t t\u0259dbirl\u0259rind\u0259 i\u015ftirak etm\u0259y\u0259c\u0259kl\u0259r","og_url":"https:\/\/www.meydan.tv\/az\/article\/sahzade-harri-daha-dinc-heyat-ucun-kraliyyet-roluna-son-qoyur\/","og_site_name":"MEYDAN.TV","article_published_time":"2020-01-20T14:53:21+00:00","og_image":[{"width":1200,"height":694,"url":"https:\/\/www.meydan.tv\/wp-content\/uploads\/screenshot_2020-01-20_at_13.47.22-1200x694.png","type":"image\/png"}],"author":"user-manager","twitter_card":"summary_large_image","schema":{"@context":"https:\/\/schema.org","@graph":[{"@type":"Article","@id":"https:\/\/www.meydan.tv\/az\/article\/sahzade-harri-daha-dinc-heyat-ucun-kraliyyet-roluna-son-qoyur\/#article","isPartOf":{"@id":"https:\/\/www.meydan.tv\/az\/article\/sahzade-harri-daha-dinc-heyat-ucun-kraliyyet-roluna-son-qoyur\/"},"author":{"name":"user-manager","@id":"https:\/\/www.meydan.tv\/az\/#\/schema\/person\/10d11eccf6da3662cf5fdab9806ea91a"},"headline":"\u015eahzad\u0259 Harri daha dinc h\u0259yat \u00fc\u00e7\u00fcn kraliyy\u0259t roluna son qoyur","datePublished":"2020-01-20T14:53:21+00:00","mainEntityOfPage":{"@id":"https:\/\/www.meydan.tv\/az\/article\/sahzade-harri-daha-dinc-heyat-ucun-kraliyyet-roluna-son-qoyur\/"},"wordCount":481,"publisher":{"@id":"https:\/\/www.meydan.tv\/az\/#organization"},"image":{"@id":"https:\/\/www.meydan.tv\/az\/article\/sahzade-harri-daha-dinc-heyat-ucun-kraliyyet-roluna-son-qoyur\/#primaryimage"},"thumbnailUrl":"https:\/\/www.meydan.tv\/wp-content\/uploads\/screenshot_2020-01-20_at_13.47.22.png","articleSection":["D\u00fcnya"],"inLanguage":"az"},{"@type":"WebPage","@id":"https:\/\/www.meydan.tv\/az\/article\/sahzade-harri-daha-dinc-heyat-ucun-kraliyyet-roluna-son-qoyur\/","url":"https:\/\/www.meydan.tv\/az\/article\/sahzade-harri-daha-dinc-heyat-ucun-kraliyyet-roluna-son-qoyur\/","name":"\u015eahzad\u0259 Harri daha dinc h\u0259yat \u00fc\u00e7\u00fcn kraliyy\u0259t roluna son qoyur - MEYDAN.TV","isPartOf":{"@id":"https:\/\/www.meydan.tv\/az\/#website"},"primaryImageOfPage":{"@id":"https:\/\/www.meydan.tv\/az\/article\/sahzade-harri-daha-dinc-heyat-ucun-kraliyyet-roluna-son-qoyur\/#primaryimage"},"image":{"@id":"https:\/\/www.meydan.tv\/az\/article\/sahzade-harri-daha-dinc-heyat-ucun-kraliyyet-roluna-son-qoyur\/#primaryimage"},"thumbnailUrl":"https:\/\/www.meydan.tv\/wp-content\/uploads\/screenshot_2020-01-20_at_13.47.22.png","datePublished":"2020-01-20T14:53:21+00:00","breadcrumb":{"@id":"https:\/\/www.meydan.tv\/az\/article\/sahzade-harri-daha-dinc-heyat-ucun-kraliyyet-roluna-son-qoyur\/#breadcrumb"},"inLanguage":"az","potentialAction":[{"@type":"ReadAction","target":["https:\/\/www.meydan.tv\/az\/article\/sahzade-harri-daha-dinc-heyat-ucun-kraliyyet-roluna-son-qoyur\/"]}]},{"@type":"ImageObject","inLanguage":"az","@id":"https:\/\/www.meydan.tv\/az\/article\/sahzade-harri-daha-dinc-heyat-ucun-kraliyyet-roluna-son-qoyur\/#primaryimage","url":"https:\/\/www.meydan.tv\/wp-content\/uploads\/screenshot_2020-01-20_at_13.47.22.png","contentUrl":"https:\/\/www.meydan.tv\/wp-content\/uploads\/screenshot_2020-01-20_at_13.47.22.png","width":2066,"height":1194,"caption":"Source: google"},{"@type":"BreadcrumbList","@id":"https:\/\/www.meydan.tv\/az\/article\/sahzade-harri-daha-dinc-heyat-ucun-kraliyyet-roluna-son-qoyur\/#breadcrumb","itemListElement":[{"@type":"ListItem","position":1,"name":"Ana s\u0259hif\u0259","item":"https:\/\/www.meydan.tv\/az\/"},{"@type":"ListItem","position":2,"name":"D\u00fcnya","item":"https:\/\/www.meydan.tv\/az\/section\/dunya\/"},{"@type":"ListItem","position":3,"name":"\u015eahzad\u0259 Harri daha dinc h\u0259yat \u00fc\u00e7\u00fcn kraliyy\u0259t roluna son qoyur"}]},{"@type":"WebSite","@id":"https:\/\/www.meydan.tv\/az\/#website","url":"https:\/\/www.meydan.tv\/az\/","name":"MEYDAN.TV","description":"Meydan TV Az\u0259rbaycan\u0131n media m\u0259kan\u0131ndak\u0131 alternativ s\u0259sidir","publisher":{"@id":"https:\/\/www.meydan.tv\/az\/#organization"},"potentialAction":[{"@type":"SearchAction","target":{"@type":"EntryPoint","urlTemplate":"https:\/\/www.meydan.tv\/az\/?s={search_term_string}"},"query-input":{"@type":"PropertyValueSpecification","valueRequired":true,"valueName":"search_term_string"}}],"inLanguage":"az"},{"@type":"Organization","@id":"https:\/\/www.meydan.tv\/az\/#organization","name":"Meydan TV","url":"https:\/\/www.meydan.tv\/az\/","logo":{"@type":"ImageObject","inLanguage":"az","@id":"https:\/\/www.meydan.tv\/az\/#\/schema\/logo\/image\/","url":"https:\/\/www.meydan.tv\/wp-content\/uploads\/2021\/07\/meydan-logo.svg","contentUrl":"https:\/\/www.meydan.tv\/wp-content\/uploads\/2021\/07\/meydan-logo.svg","width":195,"height":46,"caption":"Meydan TV"},"image":{"@id":"https:\/\/www.meydan.tv\/az\/#\/schema\/logo\/image\/"}},{"@type":"Person","@id":"https:\/\/www.meydan.tv\/az\/#\/schema\/person\/10d11eccf6da3662cf5fdab9806ea91a","name":"user-manager"}]}},"_links":{"self":[{"href":"https:\/\/www.meydan.tv\/az\/wp-json\/wp\/v2\/posts\/198870","targetHints":{"allow":["GET"]}}],"collection":[{"href":"https:\/\/www.meydan.tv\/az\/wp-json\/wp\/v2\/posts"}],"about":[{"href":"https:\/\/www.meydan.tv\/az\/wp-json\/wp\/v2\/types\/post"}],"author":[{"embeddable":true,"href":"https:\/\/www.meydan.tv\/az\/wp-json\/wp\/v2\/users\/11"}],"replies":[{"embeddable":true,"href":"https:\/\/www.meydan.tv\/az\/wp-json\/wp\/v2\/comments?post=198870"}],"version-history":[{"count":0,"href":"https:\/\/www.meydan.tv\/az\/wp-json\/wp\/v2\/posts\/198870\/revisions"}],"wp:featuredmedia":[{"embeddable":true,"href":"https:\/\/www.meydan.tv\/az\/wp-json\/wp\/v2\/media\/136060"}],"wp:attachment":[{"href":"https:\/\/www.meydan.tv\/az\/wp-json\/wp\/v2\/media?parent=198870"}],"wp:term":[{"taxonomy":"category","embeddable":true,"href":"https:\/\/www.meydan.tv\/az\/wp-json\/wp\/v2\/categories?post=198870"},{"taxonomy":"post_tag","embeddable":true,"href":"https:\/\/www.meydan.tv\/az\/wp-json\/wp\/v2\/tags?post=198870"}],"curies":[{"name":"wp","href":"https:\/\/api.w.org\/{rel}","templated":true}]}}