{"id":198864,"date":"2020-01-19T17:24:06","date_gmt":"2020-01-19T17:24:06","guid":{"rendered":"https:\/\/www.meydan.tv\/article\/semkir-sakini-bizi-atib-geden-atam-indi-de-evi-elimizden-alir\/"},"modified":"2020-01-19T17:24:06","modified_gmt":"2020-01-19T17:24:06","slug":"semkir-sakini-bizi-atib-geden-atam-indi-de-evi-elimizden-alir","status":"publish","type":"post","link":"https:\/\/www.meydan.tv\/az\/article\/semkir-sakini-bizi-atib-geden-atam-indi-de-evi-elimizden-alir\/","title":{"rendered":"\u015e\u0259mkir sakini: Bizi at\u0131b ged\u0259n atam indi d\u0259 evi \u0259limizd\u0259n al\u0131r"},"content":{"rendered":"<p>\n  <i><br \/>\n    \u0130brahimovlar ail\u0259si ev \u00e7\u0259ki\u015fm\u0259sind\u0259<br \/>\n  <\/i>\n<\/p>\n<p>\n  \u201c\u0130ll\u0259r \u00f6nc\u0259 anamla atam bo\u015fan\u0131b. Atam evd\u0259n gedib, ba\u015fqas\u0131 il\u0259 evl\u0259nib. Ged\u0259nd\u0259 ev b\u0259rbad durumda idi. Sonradan x\u0259rc \u00e7\u0259kdim, t\u0259mir etdirdim, \u0259\u015fya ald\u0131m, evl\u0259ndim, i\u00e7ind\u0259 ya\u015fad\u0131q. \u0130ndi m\u0259hk\u0259m\u0259y\u0259 m\u00fcraci\u0259t edib, evin yar\u0131s\u0131n\u0131 al\u0131b. Biz\u0259 deyir: \u201c\u00e7\u0131x\u0131n\u201d\u201d.\n<\/p>\n<p>\n  \u015e\u0259mkirin Qarac\u0259mirli k\u0259ndinin sakini S\u00fcbhan \u0130brahimov bel\u0259 deyir. Bildirir ki, atas\u0131 v\u0259 anas\u0131 h\u0259min evi birg\u0259 nikah d\u00f6vr\u00fcnd\u0259 tikdiribl\u0259r. O v\u0259 qarda\u015f\u0131 h\u0259min evd\u0259 do\u011fulub b\u00f6y\u00fcy\u00fcbl\u0259r, eyni zamanda, qeydiyyatdad\u0131rlar. Ancaq n\u0259d\u0259ns\u0259 kup\u00e7a s\u0259n\u0259dind\u0259 evd\u0259 qeydiyyatda olan iki n\u0259f\u0259rin ad\u0131 var; Atas\u0131 S\u00fcr\u0259t\u0259li \u0130brahimov v\u0259 anas\u0131 K\u0259mal\u0259 Hac\u0131yeva.\n<\/p>\n<p>\n  \u201cHalbuki qarda\u015f\u0131m K\u0259nan v\u0259 m\u0259n d\u0259 bu evd\u0259 qeydiyyatday\u0131q. \u0130ki insan bo\u015fan\u0131b, anlay\u0131r\u0131q. \u0130ndi onlar\u0131n \u00f6vladlar\u0131 k\u00fc\u00e7\u0259d\u0259 qalmal\u0131d\u0131r? Atam arxivd\u0259n saxta s\u0259n\u0259d al\u0131b. H\u0259min s\u0259n\u0259dd\u0259 evd\u0259 2 n\u0259f\u0259rin qeydiyyatda oldu\u011fu g\u00f6st\u0259rilir. H\u0259min saxta s\u0259n\u0259dl\u0259 m\u0259hk\u0259m\u0259y\u0259 m\u00fcraci\u0259t edib v\u0259 udub. \u0130ndi deyir ki, ya evi sat\u0131n, pulunun yar\u0131s\u0131n\u0131 m\u0259n\u0259 verin, ya da \u00e7\u0131x\u0131n, \u00f6z\u00fcm y\u0131\u011f\u0131\u015facam\u201d.\n<\/p>\n<p>\n  S\u00fcbhan \u0130brahimov deyir ki, bu, \u0259dal\u0259tsizlikdir. \u00c7\u00fcnki atas\u0131 ill\u0259rdir yox idi v\u0259 onlar bu evd\u0259 ya\u015fay\u0131blar. H\u0259min ill\u0259r \u0259rzind\u0259 qoyub getdiyi u\u00e7uq-\u00e7\u00f6k\u00fck evin ad\u0131n\u0131 bel\u0259 tutmay\u0131b. O da arxay\u0131n olub, b\u00fct\u00fcn pulunu evin t\u0259mirin\u0259 qoyub. \u0130ndi ev t\u0259mirli, ya\u015fanas\u0131 hala g\u0259l\u0259nd\u0259n sonra atas\u0131 evi geri ist\u0259yir:\n<\/p>\n<p>\n  \u201cHalbuki indi bu evd\u0259 anam, m\u0259n, h\u0259yat yolda\u015f\u0131m, qarda\u015f\u0131m v\u0259 3 \u00f6vlad\u0131m qeydiyyatdad\u0131r. Bu q\u0259d\u0259r insan\u0131 \u00e7\u00f6l\u0259 t\u00f6km\u0259k n\u0259 q\u0259d\u0259r \u0259dal\u0259tlidir? Hara m\u00fcraci\u0259t edirik, baxm\u0131rlar. Deyirl\u0259r: \u201cm\u0259hk\u0259m\u0259 q\u0259rar verib\u201d. Anlay\u0131ram. Amma m\u0259hk\u0259m\u0259 h\u0259min q\u0259rar\u0131 saxta s\u0259n\u0259d \u00fcz\u0259rind\u0259n q\u0259bul edib. Bundan \u0259lav\u0259, hakimi bu q\u0259d\u0259r insan\u0131n taleyi maraqland\u0131rmay\u0131b\u201d.\n<\/p>\n<p>\n  53 ya\u015fl\u0131 K\u0259mal\u0259 Hac\u0131yeva da q\u0259rardan naraz\u0131d\u0131r. Deyir, \u00f6vladlar\u0131, \u00f6z\u00fc il\u0259 b\u0259rab\u0259r 2011-ci ild\u0259n g\u0259lini v\u0259 3 n\u0259v\u0259si d\u0259 evd\u0259 qeydiyyatdad\u0131r. Amma kup\u00e7ada ancaq 2 n\u0259f\u0259rin ad\u0131 var. Buna \u0259sas\u0259n, m\u0259hk\u0259m\u0259 evin 2 yer\u0259 b\u00f6l\u00fcnm\u0259si il\u0259 ba\u011fl\u0131 q\u0259rar verib:\n<\/p>\n<p>\n  \u201cBiz 2004-c\u00fc ild\u0259 bo\u015fanm\u0131\u015f\u0131q. Ancaq kup\u00e7a 2016-c\u0131 ild\u0259, \u00f6z\u00fc d\u0259 2 n\u0259f\u0259rin qeydiyyat\u0131 \u0259sas\u0131nda \u00e7\u0131xar\u0131l\u0131b. M\u0259n v\u0259 ke\u00e7mi\u015f h\u0259yat yolda\u015f\u0131m\u0131n ad\u0131 var, ancaq 2 o\u011flumuz yoxdur ortal\u0131qda. 9 ildir m\u0259hk\u0259m\u0259 \u00e7\u0259ki\u015fm\u0259sind\u0259yik\u201d.\n<\/p>\n<p>\n  K\u0259mal\u0259 Hac\u0131yeva deyir ki, evd\u0259, mal-m\u00fclkd\u0259 g\u00f6z\u00fc yoxdur. He\u00e7 o ist\u0259mir, ya\u015famayacaq h\u0259min evd\u0259. T\u0259ki o\u011flu v\u0259 ail\u0259sin\u0259 d\u0259y\u0259n olmas\u0131n:\n<\/p>\n<p>\n  \u201cM\u0259n atam\u0131n evind\u0259, qarda\u015f\u0131m\u0131n yan\u0131nda ya\u015fay\u0131ram. O ev\u0259 d\u00f6nm\u0259k fikrim yoxdur. Ata o\u011flunu, n\u0259v\u0259l\u0259rini d\u00fc\u015f\u00fcnm\u00fcr, g\u00f6z\u00fc d\u00f6n\u00fcb, anlad\u0131q. B\u0259s m\u0259hk\u0259m\u0259 niy\u0259 bu q\u0259d\u0259r insan\u0131 d\u00fc\u015f\u00fcnm\u0259d\u0259n q\u0259rar verib? Onu anlaya bilmir\u0259m. Ev pis v\u0259ziyy\u0259td\u0259 olanda bizi at\u0131b, arxas\u0131na baxmadan ged\u0259n adam, t\u0259mird\u0259n, normal v\u0259ziyy\u0259t\u0259 d\u00fc\u015f\u0259nd\u0259n sonra evin davas\u0131n\u0131 d\u00f6y\u00fcr\u201d.\n<\/p>\n<p>\n  \u015e\u0259mkir Rayon M\u0259hk\u0259m\u0259si S\u00fcr\u0259t\u0259li \u0130brahimovun lehin\u0259 q\u0259rar q\u0259bul edib. Evi 2 yer\u0259 b\u00f6l\u00fcb. Yar\u0131s\u0131 K\u0259mal\u0259 Hac\u0131yevaya, yar\u0131s\u0131 ona verilib. S\u00fcbhan \u0130brahimov q\u0259rardan G\u0259nc\u0259 Apelyasiya M\u0259hk\u0259m\u0259sin\u0259 \u015fikay\u0259t verib. Ancaq m\u0259hk\u0259m\u0259 i\u015f\u0259 baxma\u011f\u0131 r\u0259dd edib\u201d.\n<\/p>\n<p>\n  \u015e\u0259mkir Rayon M\u0259hk\u0259m\u0259sind\u0259n Meydan TV-y\u0259 deyilib ki, i\u015f\u0259 bax\u0131l\u0131b v\u0259 q\u0259rar var. Bundan \u0259lav\u0259 n\u0259s\u0259 dey\u0259 bilm\u0259zl\u0259r:\n<\/p>\n<p>\n  \u201cBiz hakimin q\u0259rar\u0131n\u0131n \u00fcz\u0259rin\u0259 n\u0259 dey\u0259 bil\u0259rik? Q\u0259rardan raz\u0131 deyill\u0259rs\u0259, G\u0259nc\u0259 Apelyasiya M\u0259hk\u0259m\u0259sin\u0259 m\u00fcraci\u0259t ed\u0259 bil\u0259rl\u0259r\u201d.\n<\/p>\n<p>\n  Meydan TV S\u00fcr\u0259t\u0259li \u0130brahimovla \u0259laq\u0259 saxlaya bilm\u0259yib. Ancaq onun iddias\u0131 il\u0259 a\u00e7\u0131lan m\u0259hk\u0259m\u0259 s\u0259n\u0259di il\u0259 tan\u0131\u015f olub. H\u0259min s\u0259n\u0259dd\u0259 S\u00fcr\u0259t\u0259li \u0130brahimov iddia edir ki, ev onun ad\u0131nad\u0131r v\u0259 birg\u0259 ya\u015fay\u0131\u015f d\u00f6vr\u00fcnd\u0259 al\u0131nd\u0131\u011f\u0131 \u00fc\u00e7\u00fcn yar\u0131s\u0131 ke\u00e7mi\u015f h\u0259yat yolda\u015f\u0131 K\u0259mal\u0259 Hac\u0131yevaya, yar\u0131s\u0131 is\u0259 ona d\u00fc\u015f\u00fcr. Ev \u00fcz\u0259rind\u0259 ba\u015fqa he\u00e7 kim haqq sahibi deyil.\n<\/p>\n<p>\n  H\u00fcquq\u015f\u00fcnas Zibeyd\u0259 Sad\u0131qova is\u0259 deyir ki, bel\u0259 durumlarda \u00e7ox \u015fey hakimin q\u0259rar\u0131ndan as\u0131l\u0131d\u0131r. Qanun is\u0259 evin \u0259sas 2 n\u0259f\u0259r aras\u0131nda b\u00f6l\u00fcnm\u0259li oldu\u011funu g\u00f6st\u0259rir:\n<\/p>\n<p>\n  \u201cAncaq m\u0259hk\u0259m\u0259 bo\u015fanmadan sonra u\u015faqlar\u0131n kimd\u0259 qalmas\u0131n\u0131 n\u0259z\u0259r\u0259 ala v\u0259 anaya bir pay art\u0131q ver\u0259 bil\u0259rdi. Amma bu, s\u0131rf m\u0259hk\u0259m\u0259nin daxili inam\u0131na \u0259saslan\u0131r\u201d.\n<\/p>\n<p>\n  \u00d6vladlar\u0131n evd\u0259 qeydiyyatda olmas\u0131na g\u0259linc\u0259, Zibeyd\u0259 Sad\u0131qova deyir ki, bel\u0259 olan halda evd\u0259 qeydiyyatda olan h\u0259r k\u0259s m\u0259hk\u0259m\u0259y\u0259 m\u00fcraci\u0259t edib, h\u0259min m\u00fclkd\u0259 ya\u015famaq h\u00fcququ ist\u0259y\u0259 bil\u0259r.\n<\/p>\n<p>\n  Ail\u0259 is\u0259 \u00e7ar\u0259siz durumdad\u0131r. K\u0259mal\u0259 Hac\u0131yeva deyir ki, ev sat\u0131lsa, onlar yerd\u0259 qalan yar\u0131 pulla \u00f6zl\u0259rin\u0259 he\u00e7 n\u0259 ala bilm\u0259y\u0259c\u0259kl\u0259r. N\u0259tic\u0259d\u0259, k\u00fc\u00e7\u0259d\u0259 qalacaqlar:\n<\/p>\n<p>\n  \u201cBunun olmamas\u0131 \u00fc\u00e7\u00fcn Prezident \u0130lham \u018fliyev\u0259, Birinci vitse-prezident Mehriban \u018fliyevaya m\u00fcraci\u0259t edir\u0259m. Yalvar\u0131ram, n\u0259 olar, bizim k\u00fc\u00e7\u0259d\u0259 qalmam\u0131za raz\u0131 olmas\u0131nlar. M\u0259hk\u0259m\u0259y\u0259 \u0259dal\u0259tli q\u0259rar \u00e7\u0131xarmas\u0131 \u00fc\u00e7\u00fcn tap\u015f\u0131r\u0131q versinl\u0259r. Biz evl\u0259nib, bo\u015fanm\u0131\u015f\u0131q. U\u015faqlar\u0131n g\u00fcnah\u0131 yoxdur. Bir atan\u0131n \u00f6vladlar\u0131na, n\u0259v\u0259l\u0259rin\u0259 c\u0259za k\u0259sm\u0259sin\u0259 imkan verm\u0259yin. Faktiki m\u0259hk\u0259m\u0259 saxta s\u0259n\u0259d \u00fcz\u0259rind\u0259n q\u0259rar q\u0259bul edib. G\u00f6st\u0259ri\u015f verin, i\u015f\u0259 yenid\u0259n bax\u0131ls\u0131n. \u00d6vladlar\u0131m k\u00fc\u00e7\u0259d\u0259 qalmas\u0131n. Onlar\u0131n ya\u015famaq \u00fc\u00e7\u00fcn ba\u015fqa he\u00e7 bir yerl\u0259ri yoxdur\u201d.<\/p>\n","protected":false},"excerpt":{"rendered":"<p>S\u00fcbhan \u0130brahimov deyir ki, bu, \u0259dal\u0259tsizlikdir.<\/p>\n","protected":false},"author":11,"featured_media":136024,"comment_status":"closed","ping_status":"open","sticky":false,"template":"","format":"standard","meta":{"_acf_changed":false,"_sitemap_exclude":false,"_sitemap_priority":"","_sitemap_frequency":"","footnotes":""},"categories":[60],"tags":[],"class_list":["post-198864","post","type-post","status-publish","format-standard","has-post-thumbnail","hentry","category-bolge","infinite-scroll-item","generate-columns","tablet-grid-50","mobile-grid-100","grid-parent","grid-33","no-featured-image-padding"],"acf":[],"yoast_head":"<!-- This site is optimized with the Yoast SEO plugin v27.5 - https:\/\/yoast.com\/product\/yoast-seo-wordpress\/ -->\n<title>\u015e\u0259mkir sakini: Bizi at\u0131b ged\u0259n atam indi d\u0259 evi \u0259limizd\u0259n al\u0131r - MEYDAN.TV<\/title>\n<meta name=\"robots\" content=\"index, follow, max-snippet:-1, max-image-preview:large, max-video-preview:-1\" \/>\n<link rel=\"canonical\" href=\"https:\/\/www.meydan.tv\/az\/article\/semkir-sakini-bizi-atib-geden-atam-indi-de-evi-elimizden-alir\/\" \/>\n<meta property=\"og:locale\" content=\"az_AZ\" \/>\n<meta property=\"og:type\" content=\"article\" \/>\n<meta property=\"og:title\" content=\"\u015e\u0259mkir sakini: Bizi at\u0131b ged\u0259n atam indi d\u0259 evi \u0259limizd\u0259n al\u0131r - MEYDAN.TV\" \/>\n<meta property=\"og:description\" content=\"S\u00fcbhan \u0130brahimov deyir ki, bu, \u0259dal\u0259tsizlikdir.\" \/>\n<meta property=\"og:url\" content=\"https:\/\/www.meydan.tv\/az\/article\/semkir-sakini-bizi-atib-geden-atam-indi-de-evi-elimizden-alir\/\" \/>\n<meta property=\"og:site_name\" content=\"MEYDAN.TV\" \/>\n<meta property=\"article:published_time\" content=\"2020-01-19T17:24:06+00:00\" \/>\n<meta property=\"og:image\" content=\"https:\/\/www.meydan.tv\/wp-content\/uploads\/image_from_ios_nxpvxzt-scaled.jpg\" \/>\n\t<meta property=\"og:image:width\" content=\"2560\" \/>\n\t<meta property=\"og:image:height\" content=\"1920\" \/>\n\t<meta property=\"og:image:type\" content=\"image\/jpeg\" \/>\n<meta name=\"author\" content=\"user-manager\" \/>\n<meta name=\"twitter:card\" content=\"summary_large_image\" \/>\n<script type=\"application\/ld+json\" class=\"yoast-schema-graph\">{\"@context\":\"https:\\\/\\\/schema.org\",\"@graph\":[{\"@type\":\"Article\",\"@id\":\"https:\\\/\\\/www.meydan.tv\\\/az\\\/article\\\/semkir-sakini-bizi-atib-geden-atam-indi-de-evi-elimizden-alir\\\/#article\",\"isPartOf\":{\"@id\":\"https:\\\/\\\/www.meydan.tv\\\/az\\\/article\\\/semkir-sakini-bizi-atib-geden-atam-indi-de-evi-elimizden-alir\\\/\"},\"author\":{\"name\":\"user-manager\",\"@id\":\"https:\\\/\\\/www.meydan.tv\\\/az\\\/#\\\/schema\\\/person\\\/10d11eccf6da3662cf5fdab9806ea91a\"},\"headline\":\"\u015e\u0259mkir sakini: Bizi at\u0131b ged\u0259n atam indi d\u0259 evi \u0259limizd\u0259n al\u0131r\",\"datePublished\":\"2020-01-19T17:24:06+00:00\",\"mainEntityOfPage\":{\"@id\":\"https:\\\/\\\/www.meydan.tv\\\/az\\\/article\\\/semkir-sakini-bizi-atib-geden-atam-indi-de-evi-elimizden-alir\\\/\"},\"wordCount\":1094,\"publisher\":{\"@id\":\"https:\\\/\\\/www.meydan.tv\\\/az\\\/#organization\"},\"image\":{\"@id\":\"https:\\\/\\\/www.meydan.tv\\\/az\\\/article\\\/semkir-sakini-bizi-atib-geden-atam-indi-de-evi-elimizden-alir\\\/#primaryimage\"},\"thumbnailUrl\":\"https:\\\/\\\/www.meydan.tv\\\/wp-content\\\/uploads\\\/image_from_ios_nxpvxzt-scaled.jpg\",\"articleSection\":[\"B\u00f6lg\u0259\"],\"inLanguage\":\"az\"},{\"@type\":\"WebPage\",\"@id\":\"https:\\\/\\\/www.meydan.tv\\\/az\\\/article\\\/semkir-sakini-bizi-atib-geden-atam-indi-de-evi-elimizden-alir\\\/\",\"url\":\"https:\\\/\\\/www.meydan.tv\\\/az\\\/article\\\/semkir-sakini-bizi-atib-geden-atam-indi-de-evi-elimizden-alir\\\/\",\"name\":\"\u015e\u0259mkir sakini: Bizi at\u0131b ged\u0259n atam indi d\u0259 evi \u0259limizd\u0259n al\u0131r - MEYDAN.TV\",\"isPartOf\":{\"@id\":\"https:\\\/\\\/www.meydan.tv\\\/az\\\/#website\"},\"primaryImageOfPage\":{\"@id\":\"https:\\\/\\\/www.meydan.tv\\\/az\\\/article\\\/semkir-sakini-bizi-atib-geden-atam-indi-de-evi-elimizden-alir\\\/#primaryimage\"},\"image\":{\"@id\":\"https:\\\/\\\/www.meydan.tv\\\/az\\\/article\\\/semkir-sakini-bizi-atib-geden-atam-indi-de-evi-elimizden-alir\\\/#primaryimage\"},\"thumbnailUrl\":\"https:\\\/\\\/www.meydan.tv\\\/wp-content\\\/uploads\\\/image_from_ios_nxpvxzt-scaled.jpg\",\"datePublished\":\"2020-01-19T17:24:06+00:00\",\"breadcrumb\":{\"@id\":\"https:\\\/\\\/www.meydan.tv\\\/az\\\/article\\\/semkir-sakini-bizi-atib-geden-atam-indi-de-evi-elimizden-alir\\\/#breadcrumb\"},\"inLanguage\":\"az\",\"potentialAction\":[{\"@type\":\"ReadAction\",\"target\":[\"https:\\\/\\\/www.meydan.tv\\\/az\\\/article\\\/semkir-sakini-bizi-atib-geden-atam-indi-de-evi-elimizden-alir\\\/\"]}]},{\"@type\":\"ImageObject\",\"inLanguage\":\"az\",\"@id\":\"https:\\\/\\\/www.meydan.tv\\\/az\\\/article\\\/semkir-sakini-bizi-atib-geden-atam-indi-de-evi-elimizden-alir\\\/#primaryimage\",\"url\":\"https:\\\/\\\/www.meydan.tv\\\/wp-content\\\/uploads\\\/image_from_ios_nxpvxzt-scaled.jpg\",\"contentUrl\":\"https:\\\/\\\/www.meydan.tv\\\/wp-content\\\/uploads\\\/image_from_ios_nxpvxzt-scaled.jpg\",\"width\":2560,\"height\":1920,\"caption\":\"Source: Specify Source\"},{\"@type\":\"BreadcrumbList\",\"@id\":\"https:\\\/\\\/www.meydan.tv\\\/az\\\/article\\\/semkir-sakini-bizi-atib-geden-atam-indi-de-evi-elimizden-alir\\\/#breadcrumb\",\"itemListElement\":[{\"@type\":\"ListItem\",\"position\":1,\"name\":\"Ana s\u0259hif\u0259\",\"item\":\"https:\\\/\\\/www.meydan.tv\\\/az\\\/\"},{\"@type\":\"ListItem\",\"position\":2,\"name\":\"B\u00f6lg\u0259\",\"item\":\"https:\\\/\\\/www.meydan.tv\\\/az\\\/section\\\/bolge\\\/\"},{\"@type\":\"ListItem\",\"position\":3,\"name\":\"\u015e\u0259mkir sakini: Bizi at\u0131b ged\u0259n atam indi d\u0259 evi \u0259limizd\u0259n al\u0131r\"}]},{\"@type\":\"WebSite\",\"@id\":\"https:\\\/\\\/www.meydan.tv\\\/az\\\/#website\",\"url\":\"https:\\\/\\\/www.meydan.tv\\\/az\\\/\",\"name\":\"MEYDAN.TV\",\"description\":\"Meydan TV Az\u0259rbaycan\u0131n media m\u0259kan\u0131ndak\u0131 alternativ s\u0259sidir\",\"publisher\":{\"@id\":\"https:\\\/\\\/www.meydan.tv\\\/az\\\/#organization\"},\"potentialAction\":[{\"@type\":\"SearchAction\",\"target\":{\"@type\":\"EntryPoint\",\"urlTemplate\":\"https:\\\/\\\/www.meydan.tv\\\/az\\\/?s={search_term_string}\"},\"query-input\":{\"@type\":\"PropertyValueSpecification\",\"valueRequired\":true,\"valueName\":\"search_term_string\"}}],\"inLanguage\":\"az\"},{\"@type\":\"Organization\",\"@id\":\"https:\\\/\\\/www.meydan.tv\\\/az\\\/#organization\",\"name\":\"Meydan TV\",\"url\":\"https:\\\/\\\/www.meydan.tv\\\/az\\\/\",\"logo\":{\"@type\":\"ImageObject\",\"inLanguage\":\"az\",\"@id\":\"https:\\\/\\\/www.meydan.tv\\\/az\\\/#\\\/schema\\\/logo\\\/image\\\/\",\"url\":\"https:\\\/\\\/www.meydan.tv\\\/wp-content\\\/uploads\\\/2021\\\/07\\\/meydan-logo.svg\",\"contentUrl\":\"https:\\\/\\\/www.meydan.tv\\\/wp-content\\\/uploads\\\/2021\\\/07\\\/meydan-logo.svg\",\"width\":195,\"height\":46,\"caption\":\"Meydan TV\"},\"image\":{\"@id\":\"https:\\\/\\\/www.meydan.tv\\\/az\\\/#\\\/schema\\\/logo\\\/image\\\/\"}},{\"@type\":\"Person\",\"@id\":\"https:\\\/\\\/www.meydan.tv\\\/az\\\/#\\\/schema\\\/person\\\/10d11eccf6da3662cf5fdab9806ea91a\",\"name\":\"user-manager\"}]}<\/script>\n<!-- \/ Yoast SEO plugin. -->","yoast_head_json":{"title":"\u015e\u0259mkir sakini: Bizi at\u0131b ged\u0259n atam indi d\u0259 evi \u0259limizd\u0259n al\u0131r - MEYDAN.TV","robots":{"index":"index","follow":"follow","max-snippet":"max-snippet:-1","max-image-preview":"max-image-preview:large","max-video-preview":"max-video-preview:-1"},"canonical":"https:\/\/www.meydan.tv\/az\/article\/semkir-sakini-bizi-atib-geden-atam-indi-de-evi-elimizden-alir\/","og_locale":"az_AZ","og_type":"article","og_title":"\u015e\u0259mkir sakini: Bizi at\u0131b ged\u0259n atam indi d\u0259 evi \u0259limizd\u0259n al\u0131r - MEYDAN.TV","og_description":"S\u00fcbhan \u0130brahimov deyir ki, bu, \u0259dal\u0259tsizlikdir.","og_url":"https:\/\/www.meydan.tv\/az\/article\/semkir-sakini-bizi-atib-geden-atam-indi-de-evi-elimizden-alir\/","og_site_name":"MEYDAN.TV","article_published_time":"2020-01-19T17:24:06+00:00","og_image":[{"width":2560,"height":1920,"url":"https:\/\/www.meydan.tv\/wp-content\/uploads\/image_from_ios_nxpvxzt-scaled.jpg","type":"image\/jpeg"}],"author":"user-manager","twitter_card":"summary_large_image","schema":{"@context":"https:\/\/schema.org","@graph":[{"@type":"Article","@id":"https:\/\/www.meydan.tv\/az\/article\/semkir-sakini-bizi-atib-geden-atam-indi-de-evi-elimizden-alir\/#article","isPartOf":{"@id":"https:\/\/www.meydan.tv\/az\/article\/semkir-sakini-bizi-atib-geden-atam-indi-de-evi-elimizden-alir\/"},"author":{"name":"user-manager","@id":"https:\/\/www.meydan.tv\/az\/#\/schema\/person\/10d11eccf6da3662cf5fdab9806ea91a"},"headline":"\u015e\u0259mkir sakini: Bizi at\u0131b ged\u0259n atam indi d\u0259 evi \u0259limizd\u0259n al\u0131r","datePublished":"2020-01-19T17:24:06+00:00","mainEntityOfPage":{"@id":"https:\/\/www.meydan.tv\/az\/article\/semkir-sakini-bizi-atib-geden-atam-indi-de-evi-elimizden-alir\/"},"wordCount":1094,"publisher":{"@id":"https:\/\/www.meydan.tv\/az\/#organization"},"image":{"@id":"https:\/\/www.meydan.tv\/az\/article\/semkir-sakini-bizi-atib-geden-atam-indi-de-evi-elimizden-alir\/#primaryimage"},"thumbnailUrl":"https:\/\/www.meydan.tv\/wp-content\/uploads\/image_from_ios_nxpvxzt-scaled.jpg","articleSection":["B\u00f6lg\u0259"],"inLanguage":"az"},{"@type":"WebPage","@id":"https:\/\/www.meydan.tv\/az\/article\/semkir-sakini-bizi-atib-geden-atam-indi-de-evi-elimizden-alir\/","url":"https:\/\/www.meydan.tv\/az\/article\/semkir-sakini-bizi-atib-geden-atam-indi-de-evi-elimizden-alir\/","name":"\u015e\u0259mkir sakini: Bizi at\u0131b ged\u0259n atam indi d\u0259 evi \u0259limizd\u0259n al\u0131r - MEYDAN.TV","isPartOf":{"@id":"https:\/\/www.meydan.tv\/az\/#website"},"primaryImageOfPage":{"@id":"https:\/\/www.meydan.tv\/az\/article\/semkir-sakini-bizi-atib-geden-atam-indi-de-evi-elimizden-alir\/#primaryimage"},"image":{"@id":"https:\/\/www.meydan.tv\/az\/article\/semkir-sakini-bizi-atib-geden-atam-indi-de-evi-elimizden-alir\/#primaryimage"},"thumbnailUrl":"https:\/\/www.meydan.tv\/wp-content\/uploads\/image_from_ios_nxpvxzt-scaled.jpg","datePublished":"2020-01-19T17:24:06+00:00","breadcrumb":{"@id":"https:\/\/www.meydan.tv\/az\/article\/semkir-sakini-bizi-atib-geden-atam-indi-de-evi-elimizden-alir\/#breadcrumb"},"inLanguage":"az","potentialAction":[{"@type":"ReadAction","target":["https:\/\/www.meydan.tv\/az\/article\/semkir-sakini-bizi-atib-geden-atam-indi-de-evi-elimizden-alir\/"]}]},{"@type":"ImageObject","inLanguage":"az","@id":"https:\/\/www.meydan.tv\/az\/article\/semkir-sakini-bizi-atib-geden-atam-indi-de-evi-elimizden-alir\/#primaryimage","url":"https:\/\/www.meydan.tv\/wp-content\/uploads\/image_from_ios_nxpvxzt-scaled.jpg","contentUrl":"https:\/\/www.meydan.tv\/wp-content\/uploads\/image_from_ios_nxpvxzt-scaled.jpg","width":2560,"height":1920,"caption":"Source: Specify Source"},{"@type":"BreadcrumbList","@id":"https:\/\/www.meydan.tv\/az\/article\/semkir-sakini-bizi-atib-geden-atam-indi-de-evi-elimizden-alir\/#breadcrumb","itemListElement":[{"@type":"ListItem","position":1,"name":"Ana s\u0259hif\u0259","item":"https:\/\/www.meydan.tv\/az\/"},{"@type":"ListItem","position":2,"name":"B\u00f6lg\u0259","item":"https:\/\/www.meydan.tv\/az\/section\/bolge\/"},{"@type":"ListItem","position":3,"name":"\u015e\u0259mkir sakini: Bizi at\u0131b ged\u0259n atam indi d\u0259 evi \u0259limizd\u0259n al\u0131r"}]},{"@type":"WebSite","@id":"https:\/\/www.meydan.tv\/az\/#website","url":"https:\/\/www.meydan.tv\/az\/","name":"MEYDAN.TV","description":"Meydan TV Az\u0259rbaycan\u0131n media m\u0259kan\u0131ndak\u0131 alternativ s\u0259sidir","publisher":{"@id":"https:\/\/www.meydan.tv\/az\/#organization"},"potentialAction":[{"@type":"SearchAction","target":{"@type":"EntryPoint","urlTemplate":"https:\/\/www.meydan.tv\/az\/?s={search_term_string}"},"query-input":{"@type":"PropertyValueSpecification","valueRequired":true,"valueName":"search_term_string"}}],"inLanguage":"az"},{"@type":"Organization","@id":"https:\/\/www.meydan.tv\/az\/#organization","name":"Meydan TV","url":"https:\/\/www.meydan.tv\/az\/","logo":{"@type":"ImageObject","inLanguage":"az","@id":"https:\/\/www.meydan.tv\/az\/#\/schema\/logo\/image\/","url":"https:\/\/www.meydan.tv\/wp-content\/uploads\/2021\/07\/meydan-logo.svg","contentUrl":"https:\/\/www.meydan.tv\/wp-content\/uploads\/2021\/07\/meydan-logo.svg","width":195,"height":46,"caption":"Meydan TV"},"image":{"@id":"https:\/\/www.meydan.tv\/az\/#\/schema\/logo\/image\/"}},{"@type":"Person","@id":"https:\/\/www.meydan.tv\/az\/#\/schema\/person\/10d11eccf6da3662cf5fdab9806ea91a","name":"user-manager"}]}},"_links":{"self":[{"href":"https:\/\/www.meydan.tv\/az\/wp-json\/wp\/v2\/posts\/198864","targetHints":{"allow":["GET"]}}],"collection":[{"href":"https:\/\/www.meydan.tv\/az\/wp-json\/wp\/v2\/posts"}],"about":[{"href":"https:\/\/www.meydan.tv\/az\/wp-json\/wp\/v2\/types\/post"}],"author":[{"embeddable":true,"href":"https:\/\/www.meydan.tv\/az\/wp-json\/wp\/v2\/users\/11"}],"replies":[{"embeddable":true,"href":"https:\/\/www.meydan.tv\/az\/wp-json\/wp\/v2\/comments?post=198864"}],"version-history":[{"count":0,"href":"https:\/\/www.meydan.tv\/az\/wp-json\/wp\/v2\/posts\/198864\/revisions"}],"wp:featuredmedia":[{"embeddable":true,"href":"https:\/\/www.meydan.tv\/az\/wp-json\/wp\/v2\/media\/136024"}],"wp:attachment":[{"href":"https:\/\/www.meydan.tv\/az\/wp-json\/wp\/v2\/media?parent=198864"}],"wp:term":[{"taxonomy":"category","embeddable":true,"href":"https:\/\/www.meydan.tv\/az\/wp-json\/wp\/v2\/categories?post=198864"},{"taxonomy":"post_tag","embeddable":true,"href":"https:\/\/www.meydan.tv\/az\/wp-json\/wp\/v2\/tags?post=198864"}],"curies":[{"name":"wp","href":"https:\/\/api.w.org\/{rel}","templated":true}]}}