{"id":198858,"date":"2020-01-18T10:09:41","date_gmt":"2020-01-18T10:09:41","guid":{"rendered":"https:\/\/www.meydan.tv\/article\/isiq-idaresi-hem-rusvet-aldi-hem-de-cerime-yazdi\/"},"modified":"2020-01-18T10:09:41","modified_gmt":"2020-01-18T10:09:41","slug":"isiq-idaresi-hem-rusvet-aldi-hem-de-cerime-yazdi","status":"publish","type":"post","link":"https:\/\/www.meydan.tv\/az\/article\/isiq-idaresi-hem-rusvet-aldi-hem-de-cerime-yazdi\/","title":{"rendered":"\u201c\u0130\u015f\u0131q idar\u0259si h\u0259m r\u00fc\u015fv\u0259t ald\u0131, h\u0259m d\u0259 c\u0259rim\u0259 yazd\u0131\u201d"},"content":{"rendered":"<p>\n  <i><br \/>\n    M\u0259h\u0259bb\u0259t H\u00fcseynov F\u00fczuli Elektrik \u015e\u0259b\u0259k\u0259siyl\u0259 ba\u011fl\u0131 prokurorlu\u011fa \u015fikay\u0259t etdiyini deyir<br \/>\n  <\/i>\n<\/p>\n<p>\n  \u201cEvd\u0259 olmam\u0131\u015f\u0131q, gec\u0259 saat 11-d\u0259 giribl\u0259r h\u0259y\u0259t\u0259, video\u00e7\u0259kili\u015f apar\u0131blar, sonra da i\u015f\u0131\u011f\u0131 say\u011facdan ay\u0131r\u0131b gedibl\u0259r\u201d.\n<\/p>\n<p>\n  F\u00fczuli rayonunun Horadiz \u015f\u0259h\u0259rind\u0259 m\u0259skunla\u015fan C\u0259bray\u0131ldan olan m\u0259cburi k\u00f6\u00e7k\u00fcn M\u0259h\u0259bb\u0259t H\u00fcseynov Meydan TV-y\u0259 dan\u0131\u015f\u0131r ki, yanvar\u0131n 7-d\u0259 gec\u0259 saatlar\u0131nda \u201cAz\u0259ri\u015f\u0131q\u201d ASC-nin F\u00fczuli Elektrik \u015e\u0259b\u0259k\u0259sinin i\u015f\u00e7il\u0259ri ya\u015fad\u0131\u011f\u0131 h\u0259y\u0259t\u0259 \u00f6zba\u015f\u0131na girib, m\u0259nzil\u0259 ged\u0259n i\u015f\u0131q kabelini k\u0259sibl\u0259r. Bunu ed\u0259rk\u0259n video\u00e7\u0259kili\u015f d\u0259 apar\u0131blar. N\u00f6vb\u0259ti g\u00fcn ev\u0259 y\u0131\u011f\u0131lan ail\u0259 m\u0259s\u0259l\u0259d\u0259n x\u0259b\u0259r tutub v\u0259 \u015e\u0259b\u0259k\u0259y\u0259 m\u00fcraci\u0259t edib:\n<\/p>\n<p>\n  <b><br \/>\n    \u201cM\u00fclkiyy\u0259tim\u0259 \u00f6zba\u015f\u0131na daxil olublar\u201d<br \/>\n  <\/b>\n<\/p>\n<p>\n  \u201cDedil\u0259r ki, say\u011faca m\u00fcdaxil\u0259 a\u015fkar edilib, ancaq yalan dan\u0131\u015f\u0131rlar, say\u011faca m\u00fcdaxil\u0259 olmay\u0131b. Sat\u0131\u015f \u015f\u00f6b\u0259sinin r\u0259hb\u0259rliyi da\u015f at\u0131b ba\u015f\u0131n\u0131 tutdu ki, \u201ch\u00f6rm\u0259t\u201d el\u0259m\u0259s\u0259niz, i\u015f\u0131q birl\u0259\u015fdirilm\u0259y\u0259c\u0259k, \u00e7\u00fcnki ortada akt var, \u00f6z\u00fcn\u00fcz\u0259 d\u0259 b\u00f6y\u00fck c\u0259rim\u0259 yaz\u0131lacaq. G\u00f6rd\u00fck yola g\u0259lmirl\u0259r, z\u00fclm\u0259td\u0259, soyuqda qalm\u0131\u015f\u0131q, apar\u0131b 400 manat\u0131 verdik, g\u0259lib kabeli birl\u0259\u015fdirdil\u0259r. Yanvar\u0131n 9-da m\u0259n icra ba\u015f\u00e7\u0131s\u0131n\u0131n q\u0259bulunda oldum, m\u0259sl\u0259h\u0259t g\u00f6rd\u00fc ki, n\u0259 naraz\u0131l\u0131\u011f\u0131m varsa, aidiyy\u0259ti \u00fczr\u0259 h\u00fcquq-m\u00fchafiz\u0259 orqanlar\u0131na m\u00fcraci\u0259t edim. M\u0259n d\u0259 el\u0259 h\u0259min g\u00fcn F\u00fczuli Rayon Prokurorlu\u011funa \u0259riz\u0259yl\u0259 m\u00fcraci\u0259t etdim. \u018friz\u0259md\u0259 g\u00f6st\u0259rdim ki, evd\u0259 he\u00e7 k\u0259s olmaya-olmaya \u00f6zba\u015f\u0131na evimiz\u0259 daxil olublar, \u00e7\u0259kili\u015f apar\u0131blar, akt t\u0259rtib edibl\u0259r, bizim o aktdan x\u0259b\u0259rimiz olmay\u0131b, he\u00e7 imzam\u0131z da yoxdur. B\u00fct\u00fcn bunlar\u0131 abonentin i\u015ftirak\u0131 olmadan edibl\u0259r. \u0130\u015f\u0131q idar\u0259sinin n\u00fcmay\u0259nd\u0259l\u0259ri abonentin m\u00fclkiyy\u0259tind\u0259 \u00e7\u0259kili\u015f aparark\u0259n bunu m\u00fctl\u0259q icra n\u00fcmay\u0259nd\u0259sinin, sah\u0259 r\u0259isinin v\u0259 ev sahibinin i\u015ftirak\u0131yla etm\u0259lidir\u201d.\n<\/p>\n<figure class=\"wp-block-image size-large\">\n  <img decoding=\"async\" src=\"https:\/\/www.meydan.tv\/az\/image_from_ios-1-jpg-96\/\" alt=\"image_from_ios (1).jpg\" class=\"wp-image-136015\"\/><figcaption>\n    AKT<br \/>\n  <\/figcaption><\/figure>\n<p>\n  <b><br \/>\n    \u201cAbonentl\u0259rl\u0259 ikiba\u015fl\u0131 oyun oynay\u0131r\u201d<br \/>\n  <\/b>\n<\/p>\n<p>\n  Yanvar\u0131n 13-d\u0259 Elektrik \u015e\u0259b\u0259k\u0259d\u0259n M\u0259h\u0259bb\u0259t H\u00fcseynovun evin\u0259 akt g\u00f6nd\u0259rilib. Deyir, s\u0259n\u0259d yanvar\u0131n 9-u tarixin\u0259 olan bir c\u0259rim\u0259 akt\u0131 olub. N\u0259d\u0259ns\u0259, \u015e\u0259b\u0259k\u0259 i\u015f\u00e7il\u0259ri yoxlaman\u0131 ke\u00e7irildiyi tarix\u0259 yox, yanvar\u0131n 9-na s\u0259n\u0259dl\u0259\u015fdiribl\u0259r. Akt\u0131 alan M\u0259h\u0259bb\u0259t H\u00fcseynov bu d\u0259f\u0259 r\u00fc\u015fv\u0259tl\u0259 ba\u011fl\u0131 prokurorlu\u011fa \u0259riz\u0259 verib:\n<\/p>\n<p>\n  \u201cSat\u0131\u015f \u015f\u00f6b\u0259sinin m\u00fcdiri bir t\u0259r\u0259fd\u0259n r\u00fc\u015fv\u0259t al\u0131r, i\u015f\u0131\u011f\u0131 b\u0259rpa edir, o biri t\u0259r\u0259fd\u0259n c\u0259rim\u0259 yaz\u0131b g\u00f6nd\u0259rir. \u018fg\u0259r m\u0259n\u0259 c\u0259rim\u0259 yazacaqd\u0131sa, r\u00fc\u015fv\u0259ti niy\u0259 al\u0131rd\u0131? Adam abonentl\u0259rl\u0259 ikiba\u015fl\u0131 oyun oynay\u0131r. M\u0259skunla\u015fd\u0131\u011f\u0131m\u0131z \u0259razid\u0259 kimi dindirs\u0259niz, \u015e\u0259b\u0259k\u0259nin sat\u0131\u015f \u015f\u00f6b\u0259sind\u0259n naraz\u0131d\u0131r\u201d.\n<\/p>\n<p>\n  F\u00fczuli Elektrik \u015e\u0259b\u0259k\u0259sind\u0259n bildirilib ki, M\u0259h\u0259bb\u0259t H\u00fcseynovun ya\u015fad\u0131\u011f\u0131 \u00fcnvanda gec\u0259 rejimi zaman\u0131 say\u011facdan k\u0259nar naqild\u0259n istifad\u0259 edildiyi a\u015fkar olunub. Naqild\u0259n ke\u00e7\u0259n y\u00fck\u00fcn h\u0259cmi m\u00fc\u0259yy\u0259n edil\u0259r\u0259k bununla ba\u011fl\u0131 s\u0259n\u0259d t\u0259rtib edilib v\u0259 abonent\u0259 g\u00f6nd\u0259rilib. \u015e\u0259b\u0259k\u0259d\u0259n v\u0259t\u0259nda\u015f\u0131n r\u00fc\u015fv\u0259tl\u0259 ba\u011fl\u0131 dedikl\u0259rini yalanlay\u0131blar.\n<\/p>\n<p>\n  F\u00fczuli Rayon Prokurorlu\u011fundan bildirilib ki, M\u0259h\u0259bb\u0259t H\u00fcseynovun F\u00fczuli Elektrik \u015e\u0259b\u0259k\u0259sinin \u0259m\u0259kda\u015flar\u0131yla ba\u011fl\u0131 \u015fikay\u0259t \u0259riz\u0259si ara\u015fd\u0131r\u0131l\u0131r.\n<\/p>\n<p>\n  H\u00fcquq\u015f\u00fcnas S\u0259buhi Axundov deyir, m\u0259hk\u0259m\u0259 q\u0259rar\u0131 olmadan ba\u015fqas\u0131n\u0131n m\u00fclkiyy\u0259tin\u0259 daxil olmaq qanunla qada\u011fand\u0131r:\n<\/p>\n<p>\n  \u201cM\u00fclkiyy\u0259t\u00e7inin icaz\u0259si olmadan m\u00fclkiyy\u0259t\u0259 daxil olmaq, orda h\u0259r hans\u0131 \u0259m\u0259liyyatlar aparmaq Az\u0259rbaycan Respublikas\u0131 Konstitusiyas\u0131n\u0131n 33-c\u00fc madd\u0259sin\u0259 ziddir. H\u0259min madd\u0259y\u0259 g\u00f6r\u0259, h\u0259r k\u0259sin m\u0259nzil toxunulmazl\u0131\u011f\u0131 h\u00fcququ var. Qanunla m\u00fc\u0259yy\u0259n edilmi\u015f hallar v\u0259 ya m\u0259hk\u0259m\u0259 q\u0259rar\u0131 istisna olmaqla, m\u0259nzild\u0259 ya\u015fayanlar\u0131n irad\u0259si ziddin\u0259 he\u00e7 k\u0259s m\u0259nzil\u0259 daxil ola bilm\u0259z\u201d.<\/p>\n","protected":false},"excerpt":{"rendered":"<p>H\u00fcquq\u015f\u00fcnas S\u0259buhi Axundov deyir, m\u0259hk\u0259m\u0259 q\u0259rar\u0131 olmadan ba\u015fqas\u0131n\u0131n m\u00fclkiyy\u0259tin\u0259 daxil olmaq qanunla qada\u011fand\u0131r<\/p>\n","protected":false},"author":11,"featured_media":136012,"comment_status":"closed","ping_status":"open","sticky":false,"template":"","format":"standard","meta":{"_acf_changed":false,"_sitemap_exclude":false,"_sitemap_priority":"","_sitemap_frequency":"","footnotes":""},"categories":[60],"tags":[],"class_list":["post-198858","post","type-post","status-publish","format-standard","has-post-thumbnail","hentry","category-bolge","infinite-scroll-item","generate-columns","tablet-grid-50","mobile-grid-100","grid-parent","grid-33","no-featured-image-padding"],"acf":[],"yoast_head":"<!-- This site is optimized with the Yoast SEO plugin v27.5 - https:\/\/yoast.com\/product\/yoast-seo-wordpress\/ -->\n<title>\u201c\u0130\u015f\u0131q idar\u0259si h\u0259m r\u00fc\u015fv\u0259t ald\u0131, h\u0259m d\u0259 c\u0259rim\u0259 yazd\u0131\u201d - MEYDAN.TV<\/title>\n<meta name=\"robots\" content=\"index, follow, max-snippet:-1, max-image-preview:large, max-video-preview:-1\" \/>\n<link rel=\"canonical\" href=\"https:\/\/www.meydan.tv\/az\/article\/isiq-idaresi-hem-rusvet-aldi-hem-de-cerime-yazdi\/\" \/>\n<meta property=\"og:locale\" content=\"az_AZ\" \/>\n<meta property=\"og:type\" content=\"article\" \/>\n<meta property=\"og:title\" content=\"\u201c\u0130\u015f\u0131q idar\u0259si h\u0259m r\u00fc\u015fv\u0259t ald\u0131, h\u0259m d\u0259 c\u0259rim\u0259 yazd\u0131\u201d - MEYDAN.TV\" \/>\n<meta property=\"og:description\" content=\"H\u00fcquq\u015f\u00fcnas S\u0259buhi Axundov deyir, m\u0259hk\u0259m\u0259 q\u0259rar\u0131 olmadan ba\u015fqas\u0131n\u0131n m\u00fclkiyy\u0259tin\u0259 daxil olmaq qanunla qada\u011fand\u0131r\" \/>\n<meta property=\"og:url\" content=\"https:\/\/www.meydan.tv\/az\/article\/isiq-idaresi-hem-rusvet-aldi-hem-de-cerime-yazdi\/\" \/>\n<meta property=\"og:site_name\" content=\"MEYDAN.TV\" \/>\n<meta property=\"article:published_time\" content=\"2020-01-18T10:09:41+00:00\" \/>\n<meta property=\"og:image\" content=\"https:\/\/www.meydan.tv\/wp-content\/uploads\/image_from_ios_wqeep26.jpg\" \/>\n\t<meta property=\"og:image:width\" content=\"1000\" \/>\n\t<meta property=\"og:image:height\" content=\"750\" \/>\n\t<meta property=\"og:image:type\" content=\"image\/jpeg\" \/>\n<meta name=\"author\" content=\"user-manager\" \/>\n<meta name=\"twitter:card\" content=\"summary_large_image\" \/>\n<script type=\"application\/ld+json\" class=\"yoast-schema-graph\">{\"@context\":\"https:\\\/\\\/schema.org\",\"@graph\":[{\"@type\":\"Article\",\"@id\":\"https:\\\/\\\/www.meydan.tv\\\/az\\\/article\\\/isiq-idaresi-hem-rusvet-aldi-hem-de-cerime-yazdi\\\/#article\",\"isPartOf\":{\"@id\":\"https:\\\/\\\/www.meydan.tv\\\/az\\\/article\\\/isiq-idaresi-hem-rusvet-aldi-hem-de-cerime-yazdi\\\/\"},\"author\":{\"name\":\"user-manager\",\"@id\":\"https:\\\/\\\/www.meydan.tv\\\/az\\\/#\\\/schema\\\/person\\\/10d11eccf6da3662cf5fdab9806ea91a\"},\"headline\":\"\u201c\u0130\u015f\u0131q idar\u0259si h\u0259m r\u00fc\u015fv\u0259t ald\u0131, h\u0259m d\u0259 c\u0259rim\u0259 yazd\u0131\u201d\",\"datePublished\":\"2020-01-18T10:09:41+00:00\",\"mainEntityOfPage\":{\"@id\":\"https:\\\/\\\/www.meydan.tv\\\/az\\\/article\\\/isiq-idaresi-hem-rusvet-aldi-hem-de-cerime-yazdi\\\/\"},\"wordCount\":761,\"publisher\":{\"@id\":\"https:\\\/\\\/www.meydan.tv\\\/az\\\/#organization\"},\"image\":{\"@id\":\"https:\\\/\\\/www.meydan.tv\\\/az\\\/article\\\/isiq-idaresi-hem-rusvet-aldi-hem-de-cerime-yazdi\\\/#primaryimage\"},\"thumbnailUrl\":\"https:\\\/\\\/www.meydan.tv\\\/wp-content\\\/uploads\\\/image_from_ios_wqeep26.jpg\",\"articleSection\":[\"B\u00f6lg\u0259\"],\"inLanguage\":\"az\"},{\"@type\":\"WebPage\",\"@id\":\"https:\\\/\\\/www.meydan.tv\\\/az\\\/article\\\/isiq-idaresi-hem-rusvet-aldi-hem-de-cerime-yazdi\\\/\",\"url\":\"https:\\\/\\\/www.meydan.tv\\\/az\\\/article\\\/isiq-idaresi-hem-rusvet-aldi-hem-de-cerime-yazdi\\\/\",\"name\":\"\u201c\u0130\u015f\u0131q idar\u0259si h\u0259m r\u00fc\u015fv\u0259t ald\u0131, h\u0259m d\u0259 c\u0259rim\u0259 yazd\u0131\u201d - MEYDAN.TV\",\"isPartOf\":{\"@id\":\"https:\\\/\\\/www.meydan.tv\\\/az\\\/#website\"},\"primaryImageOfPage\":{\"@id\":\"https:\\\/\\\/www.meydan.tv\\\/az\\\/article\\\/isiq-idaresi-hem-rusvet-aldi-hem-de-cerime-yazdi\\\/#primaryimage\"},\"image\":{\"@id\":\"https:\\\/\\\/www.meydan.tv\\\/az\\\/article\\\/isiq-idaresi-hem-rusvet-aldi-hem-de-cerime-yazdi\\\/#primaryimage\"},\"thumbnailUrl\":\"https:\\\/\\\/www.meydan.tv\\\/wp-content\\\/uploads\\\/image_from_ios_wqeep26.jpg\",\"datePublished\":\"2020-01-18T10:09:41+00:00\",\"breadcrumb\":{\"@id\":\"https:\\\/\\\/www.meydan.tv\\\/az\\\/article\\\/isiq-idaresi-hem-rusvet-aldi-hem-de-cerime-yazdi\\\/#breadcrumb\"},\"inLanguage\":\"az\",\"potentialAction\":[{\"@type\":\"ReadAction\",\"target\":[\"https:\\\/\\\/www.meydan.tv\\\/az\\\/article\\\/isiq-idaresi-hem-rusvet-aldi-hem-de-cerime-yazdi\\\/\"]}]},{\"@type\":\"ImageObject\",\"inLanguage\":\"az\",\"@id\":\"https:\\\/\\\/www.meydan.tv\\\/az\\\/article\\\/isiq-idaresi-hem-rusvet-aldi-hem-de-cerime-yazdi\\\/#primaryimage\",\"url\":\"https:\\\/\\\/www.meydan.tv\\\/wp-content\\\/uploads\\\/image_from_ios_wqeep26.jpg\",\"contentUrl\":\"https:\\\/\\\/www.meydan.tv\\\/wp-content\\\/uploads\\\/image_from_ios_wqeep26.jpg\",\"width\":1000,\"height\":750,\"caption\":\"Source: Specify Source\"},{\"@type\":\"BreadcrumbList\",\"@id\":\"https:\\\/\\\/www.meydan.tv\\\/az\\\/article\\\/isiq-idaresi-hem-rusvet-aldi-hem-de-cerime-yazdi\\\/#breadcrumb\",\"itemListElement\":[{\"@type\":\"ListItem\",\"position\":1,\"name\":\"Ana s\u0259hif\u0259\",\"item\":\"https:\\\/\\\/www.meydan.tv\\\/az\\\/\"},{\"@type\":\"ListItem\",\"position\":2,\"name\":\"B\u00f6lg\u0259\",\"item\":\"https:\\\/\\\/www.meydan.tv\\\/az\\\/section\\\/bolge\\\/\"},{\"@type\":\"ListItem\",\"position\":3,\"name\":\"\u201c\u0130\u015f\u0131q idar\u0259si h\u0259m r\u00fc\u015fv\u0259t ald\u0131, h\u0259m d\u0259 c\u0259rim\u0259 yazd\u0131\u201d\"}]},{\"@type\":\"WebSite\",\"@id\":\"https:\\\/\\\/www.meydan.tv\\\/az\\\/#website\",\"url\":\"https:\\\/\\\/www.meydan.tv\\\/az\\\/\",\"name\":\"MEYDAN.TV\",\"description\":\"Meydan TV Az\u0259rbaycan\u0131n media m\u0259kan\u0131ndak\u0131 alternativ s\u0259sidir\",\"publisher\":{\"@id\":\"https:\\\/\\\/www.meydan.tv\\\/az\\\/#organization\"},\"potentialAction\":[{\"@type\":\"SearchAction\",\"target\":{\"@type\":\"EntryPoint\",\"urlTemplate\":\"https:\\\/\\\/www.meydan.tv\\\/az\\\/?s={search_term_string}\"},\"query-input\":{\"@type\":\"PropertyValueSpecification\",\"valueRequired\":true,\"valueName\":\"search_term_string\"}}],\"inLanguage\":\"az\"},{\"@type\":\"Organization\",\"@id\":\"https:\\\/\\\/www.meydan.tv\\\/az\\\/#organization\",\"name\":\"Meydan TV\",\"url\":\"https:\\\/\\\/www.meydan.tv\\\/az\\\/\",\"logo\":{\"@type\":\"ImageObject\",\"inLanguage\":\"az\",\"@id\":\"https:\\\/\\\/www.meydan.tv\\\/az\\\/#\\\/schema\\\/logo\\\/image\\\/\",\"url\":\"https:\\\/\\\/www.meydan.tv\\\/wp-content\\\/uploads\\\/2021\\\/07\\\/meydan-logo.svg\",\"contentUrl\":\"https:\\\/\\\/www.meydan.tv\\\/wp-content\\\/uploads\\\/2021\\\/07\\\/meydan-logo.svg\",\"width\":195,\"height\":46,\"caption\":\"Meydan TV\"},\"image\":{\"@id\":\"https:\\\/\\\/www.meydan.tv\\\/az\\\/#\\\/schema\\\/logo\\\/image\\\/\"}},{\"@type\":\"Person\",\"@id\":\"https:\\\/\\\/www.meydan.tv\\\/az\\\/#\\\/schema\\\/person\\\/10d11eccf6da3662cf5fdab9806ea91a\",\"name\":\"user-manager\"}]}<\/script>\n<!-- \/ Yoast SEO plugin. -->","yoast_head_json":{"title":"\u201c\u0130\u015f\u0131q idar\u0259si h\u0259m r\u00fc\u015fv\u0259t ald\u0131, h\u0259m d\u0259 c\u0259rim\u0259 yazd\u0131\u201d - MEYDAN.TV","robots":{"index":"index","follow":"follow","max-snippet":"max-snippet:-1","max-image-preview":"max-image-preview:large","max-video-preview":"max-video-preview:-1"},"canonical":"https:\/\/www.meydan.tv\/az\/article\/isiq-idaresi-hem-rusvet-aldi-hem-de-cerime-yazdi\/","og_locale":"az_AZ","og_type":"article","og_title":"\u201c\u0130\u015f\u0131q idar\u0259si h\u0259m r\u00fc\u015fv\u0259t ald\u0131, h\u0259m d\u0259 c\u0259rim\u0259 yazd\u0131\u201d - MEYDAN.TV","og_description":"H\u00fcquq\u015f\u00fcnas S\u0259buhi Axundov deyir, m\u0259hk\u0259m\u0259 q\u0259rar\u0131 olmadan ba\u015fqas\u0131n\u0131n m\u00fclkiyy\u0259tin\u0259 daxil olmaq qanunla qada\u011fand\u0131r","og_url":"https:\/\/www.meydan.tv\/az\/article\/isiq-idaresi-hem-rusvet-aldi-hem-de-cerime-yazdi\/","og_site_name":"MEYDAN.TV","article_published_time":"2020-01-18T10:09:41+00:00","og_image":[{"width":1000,"height":750,"url":"https:\/\/www.meydan.tv\/wp-content\/uploads\/image_from_ios_wqeep26.jpg","type":"image\/jpeg"}],"author":"user-manager","twitter_card":"summary_large_image","schema":{"@context":"https:\/\/schema.org","@graph":[{"@type":"Article","@id":"https:\/\/www.meydan.tv\/az\/article\/isiq-idaresi-hem-rusvet-aldi-hem-de-cerime-yazdi\/#article","isPartOf":{"@id":"https:\/\/www.meydan.tv\/az\/article\/isiq-idaresi-hem-rusvet-aldi-hem-de-cerime-yazdi\/"},"author":{"name":"user-manager","@id":"https:\/\/www.meydan.tv\/az\/#\/schema\/person\/10d11eccf6da3662cf5fdab9806ea91a"},"headline":"\u201c\u0130\u015f\u0131q idar\u0259si h\u0259m r\u00fc\u015fv\u0259t ald\u0131, h\u0259m d\u0259 c\u0259rim\u0259 yazd\u0131\u201d","datePublished":"2020-01-18T10:09:41+00:00","mainEntityOfPage":{"@id":"https:\/\/www.meydan.tv\/az\/article\/isiq-idaresi-hem-rusvet-aldi-hem-de-cerime-yazdi\/"},"wordCount":761,"publisher":{"@id":"https:\/\/www.meydan.tv\/az\/#organization"},"image":{"@id":"https:\/\/www.meydan.tv\/az\/article\/isiq-idaresi-hem-rusvet-aldi-hem-de-cerime-yazdi\/#primaryimage"},"thumbnailUrl":"https:\/\/www.meydan.tv\/wp-content\/uploads\/image_from_ios_wqeep26.jpg","articleSection":["B\u00f6lg\u0259"],"inLanguage":"az"},{"@type":"WebPage","@id":"https:\/\/www.meydan.tv\/az\/article\/isiq-idaresi-hem-rusvet-aldi-hem-de-cerime-yazdi\/","url":"https:\/\/www.meydan.tv\/az\/article\/isiq-idaresi-hem-rusvet-aldi-hem-de-cerime-yazdi\/","name":"\u201c\u0130\u015f\u0131q idar\u0259si h\u0259m r\u00fc\u015fv\u0259t ald\u0131, h\u0259m d\u0259 c\u0259rim\u0259 yazd\u0131\u201d - MEYDAN.TV","isPartOf":{"@id":"https:\/\/www.meydan.tv\/az\/#website"},"primaryImageOfPage":{"@id":"https:\/\/www.meydan.tv\/az\/article\/isiq-idaresi-hem-rusvet-aldi-hem-de-cerime-yazdi\/#primaryimage"},"image":{"@id":"https:\/\/www.meydan.tv\/az\/article\/isiq-idaresi-hem-rusvet-aldi-hem-de-cerime-yazdi\/#primaryimage"},"thumbnailUrl":"https:\/\/www.meydan.tv\/wp-content\/uploads\/image_from_ios_wqeep26.jpg","datePublished":"2020-01-18T10:09:41+00:00","breadcrumb":{"@id":"https:\/\/www.meydan.tv\/az\/article\/isiq-idaresi-hem-rusvet-aldi-hem-de-cerime-yazdi\/#breadcrumb"},"inLanguage":"az","potentialAction":[{"@type":"ReadAction","target":["https:\/\/www.meydan.tv\/az\/article\/isiq-idaresi-hem-rusvet-aldi-hem-de-cerime-yazdi\/"]}]},{"@type":"ImageObject","inLanguage":"az","@id":"https:\/\/www.meydan.tv\/az\/article\/isiq-idaresi-hem-rusvet-aldi-hem-de-cerime-yazdi\/#primaryimage","url":"https:\/\/www.meydan.tv\/wp-content\/uploads\/image_from_ios_wqeep26.jpg","contentUrl":"https:\/\/www.meydan.tv\/wp-content\/uploads\/image_from_ios_wqeep26.jpg","width":1000,"height":750,"caption":"Source: Specify Source"},{"@type":"BreadcrumbList","@id":"https:\/\/www.meydan.tv\/az\/article\/isiq-idaresi-hem-rusvet-aldi-hem-de-cerime-yazdi\/#breadcrumb","itemListElement":[{"@type":"ListItem","position":1,"name":"Ana s\u0259hif\u0259","item":"https:\/\/www.meydan.tv\/az\/"},{"@type":"ListItem","position":2,"name":"B\u00f6lg\u0259","item":"https:\/\/www.meydan.tv\/az\/section\/bolge\/"},{"@type":"ListItem","position":3,"name":"\u201c\u0130\u015f\u0131q idar\u0259si h\u0259m r\u00fc\u015fv\u0259t ald\u0131, h\u0259m d\u0259 c\u0259rim\u0259 yazd\u0131\u201d"}]},{"@type":"WebSite","@id":"https:\/\/www.meydan.tv\/az\/#website","url":"https:\/\/www.meydan.tv\/az\/","name":"MEYDAN.TV","description":"Meydan TV Az\u0259rbaycan\u0131n media m\u0259kan\u0131ndak\u0131 alternativ s\u0259sidir","publisher":{"@id":"https:\/\/www.meydan.tv\/az\/#organization"},"potentialAction":[{"@type":"SearchAction","target":{"@type":"EntryPoint","urlTemplate":"https:\/\/www.meydan.tv\/az\/?s={search_term_string}"},"query-input":{"@type":"PropertyValueSpecification","valueRequired":true,"valueName":"search_term_string"}}],"inLanguage":"az"},{"@type":"Organization","@id":"https:\/\/www.meydan.tv\/az\/#organization","name":"Meydan TV","url":"https:\/\/www.meydan.tv\/az\/","logo":{"@type":"ImageObject","inLanguage":"az","@id":"https:\/\/www.meydan.tv\/az\/#\/schema\/logo\/image\/","url":"https:\/\/www.meydan.tv\/wp-content\/uploads\/2021\/07\/meydan-logo.svg","contentUrl":"https:\/\/www.meydan.tv\/wp-content\/uploads\/2021\/07\/meydan-logo.svg","width":195,"height":46,"caption":"Meydan TV"},"image":{"@id":"https:\/\/www.meydan.tv\/az\/#\/schema\/logo\/image\/"}},{"@type":"Person","@id":"https:\/\/www.meydan.tv\/az\/#\/schema\/person\/10d11eccf6da3662cf5fdab9806ea91a","name":"user-manager"}]}},"_links":{"self":[{"href":"https:\/\/www.meydan.tv\/az\/wp-json\/wp\/v2\/posts\/198858","targetHints":{"allow":["GET"]}}],"collection":[{"href":"https:\/\/www.meydan.tv\/az\/wp-json\/wp\/v2\/posts"}],"about":[{"href":"https:\/\/www.meydan.tv\/az\/wp-json\/wp\/v2\/types\/post"}],"author":[{"embeddable":true,"href":"https:\/\/www.meydan.tv\/az\/wp-json\/wp\/v2\/users\/11"}],"replies":[{"embeddable":true,"href":"https:\/\/www.meydan.tv\/az\/wp-json\/wp\/v2\/comments?post=198858"}],"version-history":[{"count":0,"href":"https:\/\/www.meydan.tv\/az\/wp-json\/wp\/v2\/posts\/198858\/revisions"}],"wp:featuredmedia":[{"embeddable":true,"href":"https:\/\/www.meydan.tv\/az\/wp-json\/wp\/v2\/media\/136012"}],"wp:attachment":[{"href":"https:\/\/www.meydan.tv\/az\/wp-json\/wp\/v2\/media?parent=198858"}],"wp:term":[{"taxonomy":"category","embeddable":true,"href":"https:\/\/www.meydan.tv\/az\/wp-json\/wp\/v2\/categories?post=198858"},{"taxonomy":"post_tag","embeddable":true,"href":"https:\/\/www.meydan.tv\/az\/wp-json\/wp\/v2\/tags?post=198858"}],"curies":[{"name":"wp","href":"https:\/\/api.w.org\/{rel}","templated":true}]}}