{"id":198851,"date":"2020-01-17T17:01:18","date_gmt":"2020-01-17T17:01:18","guid":{"rendered":"https:\/\/www.meydan.tv\/article\/kecmis-ermenistan-milli-tehlukesizlik-xidmetinin-rehberi-olu-tapilib\/"},"modified":"2020-01-17T17:01:18","modified_gmt":"2020-01-17T17:01:18","slug":"kecmis-ermenistan-milli-tehlukesizlik-xidmetinin-rehberi-olu-tapilib","status":"publish","type":"post","link":"https:\/\/www.meydan.tv\/az\/article\/kecmis-ermenistan-milli-tehlukesizlik-xidmetinin-rehberi-olu-tapilib\/","title":{"rendered":"Erm\u0259nistan\u0131n Milli T\u0259hl\u00fck\u0259sizlik Xidm\u0259tinin ke\u00e7mi\u015f r\u0259hb\u0259ri \u00f6l\u00fc tap\u0131l\u0131b"},"content":{"rendered":"<p>\n  <i><br \/>\n    Kutoyan son d\u00f6rd ayda g\u00fcll\u0259l\u0259n\u0259n ikinci ke\u00e7mi\u015f y\u00fcks\u0259k s\u0259viyy\u0259li t\u0259hl\u00fck\u0259sizlik i\u015f\u00e7isidir<br \/>\n  <\/i>\n<\/p>\n<p>\n  Ke\u00e7mi\u015f Prezident Serj Sarkisyan\u0131n hakimiyy\u0259tinin son ill\u0259rind\u0259 Erm\u0259nistan\u0131n Milli T\u0259hl\u00fck\u0259sizlik Xidm\u0259tin\u0259 (NSS) r\u0259hb\u0259rlik ed\u0259n Georgi Kutoyan c\u00fcm\u0259 g\u00fcn\u00fc Yerevanda \u00f6l\u00fc tap\u0131l\u0131b.\n<\/p>\n<p>\n  \u0130stintaq Komit\u0259sinin s\u00f6zc\u00fcs\u00fc Naira Harutiunyan qeyd edib ki, Kutoyan\u0131n c\u0259s\u0259di Yerevandak\u0131 m\u0259nzilind\u0259 a\u015fkarlan\u0131b v\u0259 onda silah yaras\u0131 olub.\n<\/p>\n<p>\n  \u201cM\u0259hk\u0259m\u0259 ekspertl\u0259ri v\u0259 h\u00fcquq-m\u00fchafiz\u0259 orqanlar\u0131n\u0131n \u0259m\u0259kda\u015flar\u0131 hadis\u0259 yerind\u0259 i\u015fl\u0259yirl\u0259r\u201d,- Harutiunyan \u201cFacebook\u201d s\u0259hif\u0259sind\u0259 yaz\u0131b. O, 39 ya\u015fl\u0131 Kutoyan\u0131n intihar etdiyin\u0259 v\u0259 ya ba\u015fqas\u0131 t\u0259r\u0259find\u0259n vuruldu\u011funa inan\u0131b- inanmad\u0131\u011f\u0131n\u0131 dem\u0259yib.\n<\/p>\n<p>\n  \u0130xtisasca h\u00fcquq\u015f\u00fcnas olan Kutoyan 2011-ci ild\u0259n 2016-c\u0131 ilin fevral\u0131nad\u0259k &#8211; NSS direktoru v\u0259zif\u0259sin\u0259 t\u0259yin olunana q\u0259d\u0259r Sarkisyan\u0131n k\u00f6m\u0259k\u00e7isi kimi \u00e7al\u0131\u015f\u0131b. O, \u201cM\u0259xm\u0259ri \u0130nqilab\u201ddan d\u0259rhal sonra 2018-ci ilin may ay\u0131nda yeni se\u00e7ilmi\u015f Ba\u015f nazir Nikol Pa\u015finyan t\u0259r\u0259find\u0259n v\u0259zif\u0259sind\u0259n azad edilib.\n<\/p>\n<p>\n  Kutoyan o vaxtdan b\u0259ri he\u00e7 bir ictimai a\u00e7\u0131qlama verm\u0259yib. O, v\u0259zif\u0259d\u0259yk\u0259n diqq\u0259tl\u0259ri \u00fcz\u0259rin\u0259 \u00e7\u0259km\u0259m\u0259y\u0259 \u00e7al\u0131\u015f\u0131b.\n<\/p>\n<p>\n  Sarkisyan\u0131n s\u0259dri oldu\u011fu Erm\u0259nistan Respublika Partiyas\u0131n\u0131n (HHK) s\u0259dr m\u00fcavini Armen A\u015fotyan Kutoyan\u0131n \u201c\u00f6ld\u00fcr\u00fclm\u0259sind\u0259n\u201d sars\u0131ld\u0131\u011f\u0131n\u0131 bildirib. \u201cBu faci\u0259li hadis\u0259 \u00e7ox q\u0259rib\u0259dir v\u0259 bir \u00e7ox suallara g\u0259tirib \u00e7\u0131xar\u0131r\u201d,- A\u015fotyan deyib v\u0259 h\u00fcquq-m\u00fchafiz\u0259 orqanlar\u0131ndan \u201c\u015f\u0259ffaf v\u0259 h\u0259rt\u0259r\u0259fli\u201d ara\u015fd\u0131rma t\u0259l\u0259b edib.\n<\/p>\n<p>\n  Kutoyan son d\u00f6rd ayda g\u00fcll\u0259l\u0259n\u0259n ikinci ke\u00e7mi\u015f y\u00fcks\u0259k s\u0259viyy\u0259li t\u0259hl\u00fck\u0259sizlik i\u015f\u00e7isidir. Erm\u0259nistan polisinin ke\u00e7mi\u015f r\u0259isi Hayk Harutiunyan sentyabr ay\u0131nda evind\u0259 \u00f6l\u00fc tap\u0131lm\u0131\u015fd\u0131.\n<\/p>\n<p>\n  Harutiunyan\u0131n ba\u015f\u0131ndan silah yaras\u0131 ald\u0131\u011f\u0131 bildirilmi\u015fdi. M\u00fcst\u0259ntiql\u0259r onun intihar etdiyini ir\u0259li s\u00fcrm\u00fc\u015fd\u00fcl\u0259r.\n<\/p>\n<p>\n  \u00d6l\u00fcm\u00fcn\u0259 ged\u0259n aylarda Harutiunyan 2008-ci ild\u0259 Yerevanda se\u00e7kid\u0259n sonrak\u0131 zorak\u0131l\u0131qlarla ba\u011fl\u0131 ba\u015flad\u0131lm\u0131\u015f cinay\u0259t istintaq\u0131nda d\u0259f\u0259l\u0259rl\u0259 dindirilmi\u015fdi. Bu istintaq\u0131 aparan X\u00fcsusi \u0130stintaq Xidm\u0259ti \u201cArmenpress\u201d x\u0259b\u0259r agentliyin\u0259 Kutoyan\u0131 he\u00e7 bir zaman \u015fahid v\u0259 ya \u015f\u00fcbh\u0259li qismind\u0259 dindirm\u0259dikl\u0259rini bildirib.<\/p>\n","protected":false},"excerpt":{"rendered":"<p>Kutoyan son d\u00f6rd ayda g\u00fcll\u0259l\u0259n\u0259n ikinci ke\u00e7mi\u015f y\u00fcks\u0259k s\u0259viyy\u0259li t\u0259hl\u00fck\u0259sizlik i\u015f\u00e7isidir<\/p>\n","protected":false},"author":11,"featured_media":136006,"comment_status":"closed","ping_status":"open","sticky":false,"template":"","format":"standard","meta":{"_acf_changed":false,"_sitemap_exclude":false,"_sitemap_priority":"","_sitemap_frequency":"","footnotes":""},"categories":[64],"tags":[],"class_list":["post-198851","post","type-post","status-publish","format-standard","has-post-thumbnail","hentry","category-dunya","infinite-scroll-item","generate-columns","tablet-grid-50","mobile-grid-100","grid-parent","grid-33","no-featured-image-padding"],"acf":[],"yoast_head":"<!-- This site is optimized with the Yoast SEO plugin v27.5 - https:\/\/yoast.com\/product\/yoast-seo-wordpress\/ -->\n<title>Erm\u0259nistan\u0131n Milli T\u0259hl\u00fck\u0259sizlik Xidm\u0259tinin ke\u00e7mi\u015f r\u0259hb\u0259ri \u00f6l\u00fc tap\u0131l\u0131b - MEYDAN.TV<\/title>\n<meta name=\"robots\" content=\"index, follow, max-snippet:-1, max-image-preview:large, max-video-preview:-1\" \/>\n<link rel=\"canonical\" href=\"https:\/\/www.meydan.tv\/az\/article\/kecmis-ermenistan-milli-tehlukesizlik-xidmetinin-rehberi-olu-tapilib\/\" \/>\n<meta property=\"og:locale\" content=\"az_AZ\" \/>\n<meta property=\"og:type\" content=\"article\" \/>\n<meta property=\"og:title\" content=\"Erm\u0259nistan\u0131n Milli T\u0259hl\u00fck\u0259sizlik Xidm\u0259tinin ke\u00e7mi\u015f r\u0259hb\u0259ri \u00f6l\u00fc tap\u0131l\u0131b - MEYDAN.TV\" \/>\n<meta property=\"og:description\" content=\"Kutoyan son d\u00f6rd ayda g\u00fcll\u0259l\u0259n\u0259n ikinci ke\u00e7mi\u015f y\u00fcks\u0259k s\u0259viyy\u0259li t\u0259hl\u00fck\u0259sizlik i\u015f\u00e7isidir\" \/>\n<meta property=\"og:url\" content=\"https:\/\/www.meydan.tv\/az\/article\/kecmis-ermenistan-milli-tehlukesizlik-xidmetinin-rehberi-olu-tapilib\/\" \/>\n<meta property=\"og:site_name\" content=\"MEYDAN.TV\" \/>\n<meta property=\"article:published_time\" content=\"2020-01-17T17:01:18+00:00\" \/>\n<meta property=\"og:image\" content=\"https:\/\/www.meydan.tv\/wp-content\/uploads\/c1c48477-e1c0-48ef-8fe5-a6d533070322_w1023_r1_s.jpg\" \/>\n\t<meta property=\"og:image:width\" content=\"1023\" \/>\n\t<meta property=\"og:image:height\" content=\"575\" \/>\n\t<meta property=\"og:image:type\" content=\"image\/jpeg\" \/>\n<meta name=\"author\" content=\"user-manager\" \/>\n<meta name=\"twitter:card\" content=\"summary_large_image\" \/>\n<script type=\"application\/ld+json\" class=\"yoast-schema-graph\">{\"@context\":\"https:\\\/\\\/schema.org\",\"@graph\":[{\"@type\":\"Article\",\"@id\":\"https:\\\/\\\/www.meydan.tv\\\/az\\\/article\\\/kecmis-ermenistan-milli-tehlukesizlik-xidmetinin-rehberi-olu-tapilib\\\/#article\",\"isPartOf\":{\"@id\":\"https:\\\/\\\/www.meydan.tv\\\/az\\\/article\\\/kecmis-ermenistan-milli-tehlukesizlik-xidmetinin-rehberi-olu-tapilib\\\/\"},\"author\":{\"name\":\"user-manager\",\"@id\":\"https:\\\/\\\/www.meydan.tv\\\/az\\\/#\\\/schema\\\/person\\\/10d11eccf6da3662cf5fdab9806ea91a\"},\"headline\":\"Erm\u0259nistan\u0131n Milli T\u0259hl\u00fck\u0259sizlik Xidm\u0259tinin ke\u00e7mi\u015f r\u0259hb\u0259ri \u00f6l\u00fc tap\u0131l\u0131b\",\"datePublished\":\"2020-01-17T17:01:18+00:00\",\"mainEntityOfPage\":{\"@id\":\"https:\\\/\\\/www.meydan.tv\\\/az\\\/article\\\/kecmis-ermenistan-milli-tehlukesizlik-xidmetinin-rehberi-olu-tapilib\\\/\"},\"wordCount\":450,\"publisher\":{\"@id\":\"https:\\\/\\\/www.meydan.tv\\\/az\\\/#organization\"},\"image\":{\"@id\":\"https:\\\/\\\/www.meydan.tv\\\/az\\\/article\\\/kecmis-ermenistan-milli-tehlukesizlik-xidmetinin-rehberi-olu-tapilib\\\/#primaryimage\"},\"thumbnailUrl\":\"https:\\\/\\\/www.meydan.tv\\\/wp-content\\\/uploads\\\/c1c48477-e1c0-48ef-8fe5-a6d533070322_w1023_r1_s.jpg\",\"articleSection\":[\"D\u00fcnya\"],\"inLanguage\":\"az\"},{\"@type\":\"WebPage\",\"@id\":\"https:\\\/\\\/www.meydan.tv\\\/az\\\/article\\\/kecmis-ermenistan-milli-tehlukesizlik-xidmetinin-rehberi-olu-tapilib\\\/\",\"url\":\"https:\\\/\\\/www.meydan.tv\\\/az\\\/article\\\/kecmis-ermenistan-milli-tehlukesizlik-xidmetinin-rehberi-olu-tapilib\\\/\",\"name\":\"Erm\u0259nistan\u0131n Milli T\u0259hl\u00fck\u0259sizlik Xidm\u0259tinin ke\u00e7mi\u015f r\u0259hb\u0259ri \u00f6l\u00fc tap\u0131l\u0131b - MEYDAN.TV\",\"isPartOf\":{\"@id\":\"https:\\\/\\\/www.meydan.tv\\\/az\\\/#website\"},\"primaryImageOfPage\":{\"@id\":\"https:\\\/\\\/www.meydan.tv\\\/az\\\/article\\\/kecmis-ermenistan-milli-tehlukesizlik-xidmetinin-rehberi-olu-tapilib\\\/#primaryimage\"},\"image\":{\"@id\":\"https:\\\/\\\/www.meydan.tv\\\/az\\\/article\\\/kecmis-ermenistan-milli-tehlukesizlik-xidmetinin-rehberi-olu-tapilib\\\/#primaryimage\"},\"thumbnailUrl\":\"https:\\\/\\\/www.meydan.tv\\\/wp-content\\\/uploads\\\/c1c48477-e1c0-48ef-8fe5-a6d533070322_w1023_r1_s.jpg\",\"datePublished\":\"2020-01-17T17:01:18+00:00\",\"breadcrumb\":{\"@id\":\"https:\\\/\\\/www.meydan.tv\\\/az\\\/article\\\/kecmis-ermenistan-milli-tehlukesizlik-xidmetinin-rehberi-olu-tapilib\\\/#breadcrumb\"},\"inLanguage\":\"az\",\"potentialAction\":[{\"@type\":\"ReadAction\",\"target\":[\"https:\\\/\\\/www.meydan.tv\\\/az\\\/article\\\/kecmis-ermenistan-milli-tehlukesizlik-xidmetinin-rehberi-olu-tapilib\\\/\"]}]},{\"@type\":\"ImageObject\",\"inLanguage\":\"az\",\"@id\":\"https:\\\/\\\/www.meydan.tv\\\/az\\\/article\\\/kecmis-ermenistan-milli-tehlukesizlik-xidmetinin-rehberi-olu-tapilib\\\/#primaryimage\",\"url\":\"https:\\\/\\\/www.meydan.tv\\\/wp-content\\\/uploads\\\/c1c48477-e1c0-48ef-8fe5-a6d533070322_w1023_r1_s.jpg\",\"contentUrl\":\"https:\\\/\\\/www.meydan.tv\\\/wp-content\\\/uploads\\\/c1c48477-e1c0-48ef-8fe5-a6d533070322_w1023_r1_s.jpg\",\"width\":1023,\"height\":575,\"caption\":\"Source: Azadliq Radiosu\"},{\"@type\":\"BreadcrumbList\",\"@id\":\"https:\\\/\\\/www.meydan.tv\\\/az\\\/article\\\/kecmis-ermenistan-milli-tehlukesizlik-xidmetinin-rehberi-olu-tapilib\\\/#breadcrumb\",\"itemListElement\":[{\"@type\":\"ListItem\",\"position\":1,\"name\":\"Ana s\u0259hif\u0259\",\"item\":\"https:\\\/\\\/www.meydan.tv\\\/az\\\/\"},{\"@type\":\"ListItem\",\"position\":2,\"name\":\"D\u00fcnya\",\"item\":\"https:\\\/\\\/www.meydan.tv\\\/az\\\/section\\\/dunya\\\/\"},{\"@type\":\"ListItem\",\"position\":3,\"name\":\"Erm\u0259nistan\u0131n Milli T\u0259hl\u00fck\u0259sizlik Xidm\u0259tinin ke\u00e7mi\u015f r\u0259hb\u0259ri \u00f6l\u00fc tap\u0131l\u0131b\"}]},{\"@type\":\"WebSite\",\"@id\":\"https:\\\/\\\/www.meydan.tv\\\/az\\\/#website\",\"url\":\"https:\\\/\\\/www.meydan.tv\\\/az\\\/\",\"name\":\"MEYDAN.TV\",\"description\":\"Meydan TV Az\u0259rbaycan\u0131n media m\u0259kan\u0131ndak\u0131 alternativ s\u0259sidir\",\"publisher\":{\"@id\":\"https:\\\/\\\/www.meydan.tv\\\/az\\\/#organization\"},\"potentialAction\":[{\"@type\":\"SearchAction\",\"target\":{\"@type\":\"EntryPoint\",\"urlTemplate\":\"https:\\\/\\\/www.meydan.tv\\\/az\\\/?s={search_term_string}\"},\"query-input\":{\"@type\":\"PropertyValueSpecification\",\"valueRequired\":true,\"valueName\":\"search_term_string\"}}],\"inLanguage\":\"az\"},{\"@type\":\"Organization\",\"@id\":\"https:\\\/\\\/www.meydan.tv\\\/az\\\/#organization\",\"name\":\"Meydan TV\",\"url\":\"https:\\\/\\\/www.meydan.tv\\\/az\\\/\",\"logo\":{\"@type\":\"ImageObject\",\"inLanguage\":\"az\",\"@id\":\"https:\\\/\\\/www.meydan.tv\\\/az\\\/#\\\/schema\\\/logo\\\/image\\\/\",\"url\":\"https:\\\/\\\/www.meydan.tv\\\/wp-content\\\/uploads\\\/2021\\\/07\\\/meydan-logo.svg\",\"contentUrl\":\"https:\\\/\\\/www.meydan.tv\\\/wp-content\\\/uploads\\\/2021\\\/07\\\/meydan-logo.svg\",\"width\":195,\"height\":46,\"caption\":\"Meydan TV\"},\"image\":{\"@id\":\"https:\\\/\\\/www.meydan.tv\\\/az\\\/#\\\/schema\\\/logo\\\/image\\\/\"}},{\"@type\":\"Person\",\"@id\":\"https:\\\/\\\/www.meydan.tv\\\/az\\\/#\\\/schema\\\/person\\\/10d11eccf6da3662cf5fdab9806ea91a\",\"name\":\"user-manager\"}]}<\/script>\n<!-- \/ Yoast SEO plugin. -->","yoast_head_json":{"title":"Erm\u0259nistan\u0131n Milli T\u0259hl\u00fck\u0259sizlik Xidm\u0259tinin ke\u00e7mi\u015f r\u0259hb\u0259ri \u00f6l\u00fc tap\u0131l\u0131b - MEYDAN.TV","robots":{"index":"index","follow":"follow","max-snippet":"max-snippet:-1","max-image-preview":"max-image-preview:large","max-video-preview":"max-video-preview:-1"},"canonical":"https:\/\/www.meydan.tv\/az\/article\/kecmis-ermenistan-milli-tehlukesizlik-xidmetinin-rehberi-olu-tapilib\/","og_locale":"az_AZ","og_type":"article","og_title":"Erm\u0259nistan\u0131n Milli T\u0259hl\u00fck\u0259sizlik Xidm\u0259tinin ke\u00e7mi\u015f r\u0259hb\u0259ri \u00f6l\u00fc tap\u0131l\u0131b - MEYDAN.TV","og_description":"Kutoyan son d\u00f6rd ayda g\u00fcll\u0259l\u0259n\u0259n ikinci ke\u00e7mi\u015f y\u00fcks\u0259k s\u0259viyy\u0259li t\u0259hl\u00fck\u0259sizlik i\u015f\u00e7isidir","og_url":"https:\/\/www.meydan.tv\/az\/article\/kecmis-ermenistan-milli-tehlukesizlik-xidmetinin-rehberi-olu-tapilib\/","og_site_name":"MEYDAN.TV","article_published_time":"2020-01-17T17:01:18+00:00","og_image":[{"width":1023,"height":575,"url":"https:\/\/www.meydan.tv\/wp-content\/uploads\/c1c48477-e1c0-48ef-8fe5-a6d533070322_w1023_r1_s.jpg","type":"image\/jpeg"}],"author":"user-manager","twitter_card":"summary_large_image","schema":{"@context":"https:\/\/schema.org","@graph":[{"@type":"Article","@id":"https:\/\/www.meydan.tv\/az\/article\/kecmis-ermenistan-milli-tehlukesizlik-xidmetinin-rehberi-olu-tapilib\/#article","isPartOf":{"@id":"https:\/\/www.meydan.tv\/az\/article\/kecmis-ermenistan-milli-tehlukesizlik-xidmetinin-rehberi-olu-tapilib\/"},"author":{"name":"user-manager","@id":"https:\/\/www.meydan.tv\/az\/#\/schema\/person\/10d11eccf6da3662cf5fdab9806ea91a"},"headline":"Erm\u0259nistan\u0131n Milli T\u0259hl\u00fck\u0259sizlik Xidm\u0259tinin ke\u00e7mi\u015f r\u0259hb\u0259ri \u00f6l\u00fc tap\u0131l\u0131b","datePublished":"2020-01-17T17:01:18+00:00","mainEntityOfPage":{"@id":"https:\/\/www.meydan.tv\/az\/article\/kecmis-ermenistan-milli-tehlukesizlik-xidmetinin-rehberi-olu-tapilib\/"},"wordCount":450,"publisher":{"@id":"https:\/\/www.meydan.tv\/az\/#organization"},"image":{"@id":"https:\/\/www.meydan.tv\/az\/article\/kecmis-ermenistan-milli-tehlukesizlik-xidmetinin-rehberi-olu-tapilib\/#primaryimage"},"thumbnailUrl":"https:\/\/www.meydan.tv\/wp-content\/uploads\/c1c48477-e1c0-48ef-8fe5-a6d533070322_w1023_r1_s.jpg","articleSection":["D\u00fcnya"],"inLanguage":"az"},{"@type":"WebPage","@id":"https:\/\/www.meydan.tv\/az\/article\/kecmis-ermenistan-milli-tehlukesizlik-xidmetinin-rehberi-olu-tapilib\/","url":"https:\/\/www.meydan.tv\/az\/article\/kecmis-ermenistan-milli-tehlukesizlik-xidmetinin-rehberi-olu-tapilib\/","name":"Erm\u0259nistan\u0131n Milli T\u0259hl\u00fck\u0259sizlik Xidm\u0259tinin ke\u00e7mi\u015f r\u0259hb\u0259ri \u00f6l\u00fc tap\u0131l\u0131b - MEYDAN.TV","isPartOf":{"@id":"https:\/\/www.meydan.tv\/az\/#website"},"primaryImageOfPage":{"@id":"https:\/\/www.meydan.tv\/az\/article\/kecmis-ermenistan-milli-tehlukesizlik-xidmetinin-rehberi-olu-tapilib\/#primaryimage"},"image":{"@id":"https:\/\/www.meydan.tv\/az\/article\/kecmis-ermenistan-milli-tehlukesizlik-xidmetinin-rehberi-olu-tapilib\/#primaryimage"},"thumbnailUrl":"https:\/\/www.meydan.tv\/wp-content\/uploads\/c1c48477-e1c0-48ef-8fe5-a6d533070322_w1023_r1_s.jpg","datePublished":"2020-01-17T17:01:18+00:00","breadcrumb":{"@id":"https:\/\/www.meydan.tv\/az\/article\/kecmis-ermenistan-milli-tehlukesizlik-xidmetinin-rehberi-olu-tapilib\/#breadcrumb"},"inLanguage":"az","potentialAction":[{"@type":"ReadAction","target":["https:\/\/www.meydan.tv\/az\/article\/kecmis-ermenistan-milli-tehlukesizlik-xidmetinin-rehberi-olu-tapilib\/"]}]},{"@type":"ImageObject","inLanguage":"az","@id":"https:\/\/www.meydan.tv\/az\/article\/kecmis-ermenistan-milli-tehlukesizlik-xidmetinin-rehberi-olu-tapilib\/#primaryimage","url":"https:\/\/www.meydan.tv\/wp-content\/uploads\/c1c48477-e1c0-48ef-8fe5-a6d533070322_w1023_r1_s.jpg","contentUrl":"https:\/\/www.meydan.tv\/wp-content\/uploads\/c1c48477-e1c0-48ef-8fe5-a6d533070322_w1023_r1_s.jpg","width":1023,"height":575,"caption":"Source: Azadliq Radiosu"},{"@type":"BreadcrumbList","@id":"https:\/\/www.meydan.tv\/az\/article\/kecmis-ermenistan-milli-tehlukesizlik-xidmetinin-rehberi-olu-tapilib\/#breadcrumb","itemListElement":[{"@type":"ListItem","position":1,"name":"Ana s\u0259hif\u0259","item":"https:\/\/www.meydan.tv\/az\/"},{"@type":"ListItem","position":2,"name":"D\u00fcnya","item":"https:\/\/www.meydan.tv\/az\/section\/dunya\/"},{"@type":"ListItem","position":3,"name":"Erm\u0259nistan\u0131n Milli T\u0259hl\u00fck\u0259sizlik Xidm\u0259tinin ke\u00e7mi\u015f r\u0259hb\u0259ri \u00f6l\u00fc tap\u0131l\u0131b"}]},{"@type":"WebSite","@id":"https:\/\/www.meydan.tv\/az\/#website","url":"https:\/\/www.meydan.tv\/az\/","name":"MEYDAN.TV","description":"Meydan TV Az\u0259rbaycan\u0131n media m\u0259kan\u0131ndak\u0131 alternativ s\u0259sidir","publisher":{"@id":"https:\/\/www.meydan.tv\/az\/#organization"},"potentialAction":[{"@type":"SearchAction","target":{"@type":"EntryPoint","urlTemplate":"https:\/\/www.meydan.tv\/az\/?s={search_term_string}"},"query-input":{"@type":"PropertyValueSpecification","valueRequired":true,"valueName":"search_term_string"}}],"inLanguage":"az"},{"@type":"Organization","@id":"https:\/\/www.meydan.tv\/az\/#organization","name":"Meydan TV","url":"https:\/\/www.meydan.tv\/az\/","logo":{"@type":"ImageObject","inLanguage":"az","@id":"https:\/\/www.meydan.tv\/az\/#\/schema\/logo\/image\/","url":"https:\/\/www.meydan.tv\/wp-content\/uploads\/2021\/07\/meydan-logo.svg","contentUrl":"https:\/\/www.meydan.tv\/wp-content\/uploads\/2021\/07\/meydan-logo.svg","width":195,"height":46,"caption":"Meydan TV"},"image":{"@id":"https:\/\/www.meydan.tv\/az\/#\/schema\/logo\/image\/"}},{"@type":"Person","@id":"https:\/\/www.meydan.tv\/az\/#\/schema\/person\/10d11eccf6da3662cf5fdab9806ea91a","name":"user-manager"}]}},"_links":{"self":[{"href":"https:\/\/www.meydan.tv\/az\/wp-json\/wp\/v2\/posts\/198851","targetHints":{"allow":["GET"]}}],"collection":[{"href":"https:\/\/www.meydan.tv\/az\/wp-json\/wp\/v2\/posts"}],"about":[{"href":"https:\/\/www.meydan.tv\/az\/wp-json\/wp\/v2\/types\/post"}],"author":[{"embeddable":true,"href":"https:\/\/www.meydan.tv\/az\/wp-json\/wp\/v2\/users\/11"}],"replies":[{"embeddable":true,"href":"https:\/\/www.meydan.tv\/az\/wp-json\/wp\/v2\/comments?post=198851"}],"version-history":[{"count":0,"href":"https:\/\/www.meydan.tv\/az\/wp-json\/wp\/v2\/posts\/198851\/revisions"}],"wp:featuredmedia":[{"embeddable":true,"href":"https:\/\/www.meydan.tv\/az\/wp-json\/wp\/v2\/media\/136006"}],"wp:attachment":[{"href":"https:\/\/www.meydan.tv\/az\/wp-json\/wp\/v2\/media?parent=198851"}],"wp:term":[{"taxonomy":"category","embeddable":true,"href":"https:\/\/www.meydan.tv\/az\/wp-json\/wp\/v2\/categories?post=198851"},{"taxonomy":"post_tag","embeddable":true,"href":"https:\/\/www.meydan.tv\/az\/wp-json\/wp\/v2\/tags?post=198851"}],"curies":[{"name":"wp","href":"https:\/\/api.w.org\/{rel}","templated":true}]}}