{"id":198835,"date":"2020-01-16T13:56:22","date_gmt":"2020-01-16T13:56:22","guid":{"rendered":"https:\/\/www.meydan.tv\/article\/almaniya-budce-artiminin-nece-xerclenmeli-oldugunu-muzakire-edir\/"},"modified":"2020-01-16T13:56:22","modified_gmt":"2020-01-16T13:56:22","slug":"almaniya-budce-artiminin-nece-xerclenmeli-oldugunu-muzakire-edir","status":"publish","type":"post","link":"https:\/\/www.meydan.tv\/az\/article\/almaniya-budce-artiminin-nece-xerclenmeli-oldugunu-muzakire-edir\/","title":{"rendered":"Almaniya b\u00fcdc\u0259 art\u0131m\u0131n\u0131n nec\u0259 x\u0259rcl\u0259nm\u0259li oldu\u011funu m\u00fczakir\u0259 edir"},"content":{"rendered":"<p>\n  <i><br \/>\n    \u00d6t\u0259n il Almaniyan\u0131n b\u00fcdc\u0259si rekord h\u0259dd\u0259 \u00e7at\u0131b<br \/>\n  <\/i>\n<\/p>\n<p>\n  Almaniyada federal h\u00f6kum\u0259tin 2019-cu il b\u00fcdc\u0259sinin 13 milyard 500 milyon avro olaraq rekord art\u0131mla n\u0259tic\u0259l\u0259nm\u0259si \u00f6lk\u0259nin maliyy\u0259 qaynaqlar\u0131n\u0131n nec\u0259 x\u0259rcl\u0259nm\u0259si il\u0259 \u0259laq\u0259dar m\u00fczakir\u0259l\u0259r\u0259 s\u0259b\u0259b olub, &#8211; \u201cDeutsche Welle\u201d x\u0259b\u0259r verir.\n<\/p>\n<p>\n  B\u00fcdc\u0259 art\u0131m\u0131n\u0131n yeni investisiyalar \u00fc\u00e7\u00fcn istifad\u0259sini t\u0259klif ed\u0259n Maliyy\u0259 naziri Olaf \u015eoltz (Scholz) deyib: \u201cAlmaniyaya \u00e7ox s\u0259rmay\u0259 qoyma haz\u0131rda m\u00fczakir\u0259y\u0259 a\u00e7\u0131q deyil\u201d. \u0130nfrastrukturun, m\u0259kt\u0259bl\u0259rin, x\u0259st\u0259xanalar\u0131n, iqlim d\u0259yi\u015fikliyin\u0259 qar\u015f\u0131 m\u00fcbariz\u0259nin v\u0259 \u00f6lk\u0259nin b\u00fct\u00fcn b\u00f6lg\u0259l\u0259rin\u0259 b\u0259rab\u0259r xidm\u0259t g\u00f6st\u0259rilm\u0259sinin m\u00fcmk\u00fcn oldu\u011funu qeyd ed\u0259n Sosial Demokrat Partiyas\u0131n\u0131n (SPD) \u00fczv\u00fc \u015eoltz bildirib:\n<\/p>\n<p>\n  \u201c\u0130ndi ham\u0131s\u0131 daha asan olacaq, \u00e7\u00fcnki bunun \u00fc\u00e7\u00fcn g\u00fcc\u00fcm\u00fcz var\u201d.\n<\/p>\n<p>\n  Almaniya h\u00f6kum\u0259ti b\u00fcdc\u0259sinin art\u0131m\u0131 il\u0259 b\u00fcdc\u0259 ehtiyat\u0131ndak\u0131 pullar\u0131n h\u0259cmi 48 milyard avroya \u00e7at\u0131b. Almaniya Maliyy\u0259 Nazirliyinin verdiyi m\u0259lumata g\u00f6r\u0259, bu pulun 17 milyard 100 milyon avrosunun nec\u0259 x\u0259rcl\u0259nm\u0259si h\u0259l\u0259 planla\u015fd\u0131r\u0131lmay\u0131b.\n<\/p>\n<p>\n  B\u00fcdc\u0259 art\u0131m\u0131ndan sonra koalisiya orta\u011f\u0131 olan Xristian Birliyi (CDU \/ CSU) partiyalar\u0131 vergil\u0259rin endirilm\u0259si t\u0259l\u0259bl\u0259rini yenid\u0259n g\u00fcnd\u0259m\u0259 g\u0259tiribl\u0259r. \u201c\u00c7\u0259tin iqtisadi v\u0259ziyy\u0259ti n\u0259z\u0259r\u0259 alaraq i\u015f vergisini azaltmal\u0131 v\u0259 h\u0259mr\u0259ylik vergisini 2022-ci ild\u0259n etibar\u0259n l\u0259\u011fv etm\u0259liyik\u201d,- Xristian Demokratik Birlik (CDU) Partiyas\u0131ndan Ekart Reyberq (Eckhardt Rehberg) deyib.\n<\/p>\n<p>\n  Xristian Demokratik Birliyind\u0259n olan (CDU) \u0130qtisadiyyat naziri Peter Alymayer (Altmaier) uzun m\u00fcdd\u0259tdir Almaniyan\u0131n \u015f\u0259rq \u0259yal\u0259tl\u0259rinin inki\u015faf\u0131 \u00fc\u00e7\u00fcn i\u015fg\u00fczar al\u0131nan h\u0259mr\u0259ylik vergisinin tamamil\u0259 l\u0259\u011fv edilm\u0259sini v\u0259 i\u015fl\u0259tm\u0259 vergi d\u0259r\u0259c\u0259l\u0259rinin azald\u0131lmas\u0131n\u0131 t\u0259l\u0259b edib.\n<\/p>\n<p>\n  Federal s\u0259viyy\u0259d\u0259 b\u00fcdc\u0259 art\u0131m\u0131n\u0131n vergi \u00f6d\u0259yicil\u0259rin\u0259 aid oldu\u011funu m\u00fcdafi\u0259 ed\u0259n Liberal Azad Demokrat Partiyas\u0131n\u0131n (FPD) s\u0259dri Kristian (Christian) Lindner vergil\u0259rin azald\u0131lmas\u0131n\u0131n laz\u0131m oldu\u011funu deyib. Vergil\u0259rin azald\u0131lmas\u0131n\u0131 t\u0259l\u0259b ed\u0259n Sol Partiya da orta t\u0259b\u0259q\u0259nin vergi y\u00fck\u00fcn\u00fcn azald\u0131lmas\u0131n\u0131 ist\u0259yir.\n<\/p>\n<p>\n  Almaniyada 2019-cu ilin b\u00fcdc\u0259si ke\u00e7mi\u015f \u015e\u0259rqi Almaniya v\u0259 Q\u0259rbi Almaniyan\u0131n birl\u0259\u015fdiyi 1990-c\u0131 ild\u0259n b\u0259ri ilk d\u0259f\u0259 bu q\u0259d\u0259r y\u00fcks\u0259k olub. Rekord b\u00fcdc\u0259 art\u0131m\u0131n\u0131n \u0259n \u00f6n\u0259mli s\u0259b\u0259bi h\u00f6kum\u0259tin t\u0259xminl\u0259rinin alt\u0131nda edilmi\u015f faiz \u00f6d\u0259m\u0259si olub.<\/p>\n","protected":false},"excerpt":{"rendered":"<p>\u201c\u0130ndi ham\u0131s\u0131 daha asan olacaq, \u00e7\u00fcnki bunun \u00fc\u00e7\u00fcn g\u00fcc\u00fcm\u00fcz var\u201d.<\/p>\n","protected":false},"author":11,"featured_media":135961,"comment_status":"closed","ping_status":"open","sticky":false,"template":"","format":"standard","meta":{"_acf_changed":false,"_sitemap_exclude":false,"_sitemap_priority":"","_sitemap_frequency":"","footnotes":""},"categories":[64],"tags":[],"class_list":["post-198835","post","type-post","status-publish","format-standard","has-post-thumbnail","hentry","category-dunya","infinite-scroll-item","generate-columns","tablet-grid-50","mobile-grid-100","grid-parent","grid-33","no-featured-image-padding"],"acf":[],"yoast_head":"<!-- This site is optimized with the Yoast SEO plugin v27.5 - https:\/\/yoast.com\/product\/yoast-seo-wordpress\/ -->\n<title>Almaniya b\u00fcdc\u0259 art\u0131m\u0131n\u0131n nec\u0259 x\u0259rcl\u0259nm\u0259li oldu\u011funu m\u00fczakir\u0259 edir - MEYDAN.TV<\/title>\n<meta name=\"robots\" content=\"index, follow, max-snippet:-1, max-image-preview:large, max-video-preview:-1\" \/>\n<link rel=\"canonical\" href=\"https:\/\/www.meydan.tv\/az\/article\/almaniya-budce-artiminin-nece-xerclenmeli-oldugunu-muzakire-edir\/\" \/>\n<meta property=\"og:locale\" content=\"az_AZ\" \/>\n<meta property=\"og:type\" content=\"article\" \/>\n<meta property=\"og:title\" content=\"Almaniya b\u00fcdc\u0259 art\u0131m\u0131n\u0131n nec\u0259 x\u0259rcl\u0259nm\u0259li oldu\u011funu m\u00fczakir\u0259 edir - MEYDAN.TV\" \/>\n<meta property=\"og:description\" content=\"\u201c\u0130ndi ham\u0131s\u0131 daha asan olacaq, \u00e7\u00fcnki bunun \u00fc\u00e7\u00fcn g\u00fcc\u00fcm\u00fcz var\u201d.\" \/>\n<meta property=\"og:url\" content=\"https:\/\/www.meydan.tv\/az\/article\/almaniya-budce-artiminin-nece-xerclenmeli-oldugunu-muzakire-edir\/\" \/>\n<meta property=\"og:site_name\" content=\"MEYDAN.TV\" \/>\n<meta property=\"article:published_time\" content=\"2020-01-16T13:56:22+00:00\" \/>\n<meta property=\"og:image\" content=\"https:\/\/www.meydan.tv\/wp-content\/uploads\/800px-2017-09-04_bspc_hamburg_opening_by_olaf_kosinsky-2.jpg\" \/>\n\t<meta property=\"og:image:width\" content=\"693\" \/>\n\t<meta property=\"og:image:height\" content=\"650\" \/>\n\t<meta property=\"og:image:type\" content=\"image\/jpeg\" \/>\n<meta name=\"author\" content=\"user-manager\" \/>\n<meta name=\"twitter:card\" content=\"summary_large_image\" \/>\n<script type=\"application\/ld+json\" class=\"yoast-schema-graph\">{\"@context\":\"https:\\\/\\\/schema.org\",\"@graph\":[{\"@type\":\"Article\",\"@id\":\"https:\\\/\\\/www.meydan.tv\\\/az\\\/article\\\/almaniya-budce-artiminin-nece-xerclenmeli-oldugunu-muzakire-edir\\\/#article\",\"isPartOf\":{\"@id\":\"https:\\\/\\\/www.meydan.tv\\\/az\\\/article\\\/almaniya-budce-artiminin-nece-xerclenmeli-oldugunu-muzakire-edir\\\/\"},\"author\":{\"name\":\"user-manager\",\"@id\":\"https:\\\/\\\/www.meydan.tv\\\/az\\\/#\\\/schema\\\/person\\\/10d11eccf6da3662cf5fdab9806ea91a\"},\"headline\":\"Almaniya b\u00fcdc\u0259 art\u0131m\u0131n\u0131n nec\u0259 x\u0259rcl\u0259nm\u0259li oldu\u011funu m\u00fczakir\u0259 edir\",\"datePublished\":\"2020-01-16T13:56:22+00:00\",\"mainEntityOfPage\":{\"@id\":\"https:\\\/\\\/www.meydan.tv\\\/az\\\/article\\\/almaniya-budce-artiminin-nece-xerclenmeli-oldugunu-muzakire-edir\\\/\"},\"wordCount\":484,\"publisher\":{\"@id\":\"https:\\\/\\\/www.meydan.tv\\\/az\\\/#organization\"},\"image\":{\"@id\":\"https:\\\/\\\/www.meydan.tv\\\/az\\\/article\\\/almaniya-budce-artiminin-nece-xerclenmeli-oldugunu-muzakire-edir\\\/#primaryimage\"},\"thumbnailUrl\":\"https:\\\/\\\/www.meydan.tv\\\/wp-content\\\/uploads\\\/800px-2017-09-04_bspc_hamburg_opening_by_olaf_kosinsky-2.jpg\",\"articleSection\":[\"D\u00fcnya\"],\"inLanguage\":\"az\"},{\"@type\":\"WebPage\",\"@id\":\"https:\\\/\\\/www.meydan.tv\\\/az\\\/article\\\/almaniya-budce-artiminin-nece-xerclenmeli-oldugunu-muzakire-edir\\\/\",\"url\":\"https:\\\/\\\/www.meydan.tv\\\/az\\\/article\\\/almaniya-budce-artiminin-nece-xerclenmeli-oldugunu-muzakire-edir\\\/\",\"name\":\"Almaniya b\u00fcdc\u0259 art\u0131m\u0131n\u0131n nec\u0259 x\u0259rcl\u0259nm\u0259li oldu\u011funu m\u00fczakir\u0259 edir - MEYDAN.TV\",\"isPartOf\":{\"@id\":\"https:\\\/\\\/www.meydan.tv\\\/az\\\/#website\"},\"primaryImageOfPage\":{\"@id\":\"https:\\\/\\\/www.meydan.tv\\\/az\\\/article\\\/almaniya-budce-artiminin-nece-xerclenmeli-oldugunu-muzakire-edir\\\/#primaryimage\"},\"image\":{\"@id\":\"https:\\\/\\\/www.meydan.tv\\\/az\\\/article\\\/almaniya-budce-artiminin-nece-xerclenmeli-oldugunu-muzakire-edir\\\/#primaryimage\"},\"thumbnailUrl\":\"https:\\\/\\\/www.meydan.tv\\\/wp-content\\\/uploads\\\/800px-2017-09-04_bspc_hamburg_opening_by_olaf_kosinsky-2.jpg\",\"datePublished\":\"2020-01-16T13:56:22+00:00\",\"breadcrumb\":{\"@id\":\"https:\\\/\\\/www.meydan.tv\\\/az\\\/article\\\/almaniya-budce-artiminin-nece-xerclenmeli-oldugunu-muzakire-edir\\\/#breadcrumb\"},\"inLanguage\":\"az\",\"potentialAction\":[{\"@type\":\"ReadAction\",\"target\":[\"https:\\\/\\\/www.meydan.tv\\\/az\\\/article\\\/almaniya-budce-artiminin-nece-xerclenmeli-oldugunu-muzakire-edir\\\/\"]}]},{\"@type\":\"ImageObject\",\"inLanguage\":\"az\",\"@id\":\"https:\\\/\\\/www.meydan.tv\\\/az\\\/article\\\/almaniya-budce-artiminin-nece-xerclenmeli-oldugunu-muzakire-edir\\\/#primaryimage\",\"url\":\"https:\\\/\\\/www.meydan.tv\\\/wp-content\\\/uploads\\\/800px-2017-09-04_bspc_hamburg_opening_by_olaf_kosinsky-2.jpg\",\"contentUrl\":\"https:\\\/\\\/www.meydan.tv\\\/wp-content\\\/uploads\\\/800px-2017-09-04_bspc_hamburg_opening_by_olaf_kosinsky-2.jpg\",\"width\":693,\"height\":650,\"caption\":\"Source: Foto: arxiv\"},{\"@type\":\"BreadcrumbList\",\"@id\":\"https:\\\/\\\/www.meydan.tv\\\/az\\\/article\\\/almaniya-budce-artiminin-nece-xerclenmeli-oldugunu-muzakire-edir\\\/#breadcrumb\",\"itemListElement\":[{\"@type\":\"ListItem\",\"position\":1,\"name\":\"Ana s\u0259hif\u0259\",\"item\":\"https:\\\/\\\/www.meydan.tv\\\/az\\\/\"},{\"@type\":\"ListItem\",\"position\":2,\"name\":\"D\u00fcnya\",\"item\":\"https:\\\/\\\/www.meydan.tv\\\/az\\\/section\\\/dunya\\\/\"},{\"@type\":\"ListItem\",\"position\":3,\"name\":\"Almaniya b\u00fcdc\u0259 art\u0131m\u0131n\u0131n nec\u0259 x\u0259rcl\u0259nm\u0259li oldu\u011funu m\u00fczakir\u0259 edir\"}]},{\"@type\":\"WebSite\",\"@id\":\"https:\\\/\\\/www.meydan.tv\\\/az\\\/#website\",\"url\":\"https:\\\/\\\/www.meydan.tv\\\/az\\\/\",\"name\":\"MEYDAN.TV\",\"description\":\"Meydan TV Az\u0259rbaycan\u0131n media m\u0259kan\u0131ndak\u0131 alternativ s\u0259sidir\",\"publisher\":{\"@id\":\"https:\\\/\\\/www.meydan.tv\\\/az\\\/#organization\"},\"potentialAction\":[{\"@type\":\"SearchAction\",\"target\":{\"@type\":\"EntryPoint\",\"urlTemplate\":\"https:\\\/\\\/www.meydan.tv\\\/az\\\/?s={search_term_string}\"},\"query-input\":{\"@type\":\"PropertyValueSpecification\",\"valueRequired\":true,\"valueName\":\"search_term_string\"}}],\"inLanguage\":\"az\"},{\"@type\":\"Organization\",\"@id\":\"https:\\\/\\\/www.meydan.tv\\\/az\\\/#organization\",\"name\":\"Meydan TV\",\"url\":\"https:\\\/\\\/www.meydan.tv\\\/az\\\/\",\"logo\":{\"@type\":\"ImageObject\",\"inLanguage\":\"az\",\"@id\":\"https:\\\/\\\/www.meydan.tv\\\/az\\\/#\\\/schema\\\/logo\\\/image\\\/\",\"url\":\"https:\\\/\\\/www.meydan.tv\\\/wp-content\\\/uploads\\\/2021\\\/07\\\/meydan-logo.svg\",\"contentUrl\":\"https:\\\/\\\/www.meydan.tv\\\/wp-content\\\/uploads\\\/2021\\\/07\\\/meydan-logo.svg\",\"width\":195,\"height\":46,\"caption\":\"Meydan TV\"},\"image\":{\"@id\":\"https:\\\/\\\/www.meydan.tv\\\/az\\\/#\\\/schema\\\/logo\\\/image\\\/\"}},{\"@type\":\"Person\",\"@id\":\"https:\\\/\\\/www.meydan.tv\\\/az\\\/#\\\/schema\\\/person\\\/10d11eccf6da3662cf5fdab9806ea91a\",\"name\":\"user-manager\"}]}<\/script>\n<!-- \/ Yoast SEO plugin. -->","yoast_head_json":{"title":"Almaniya b\u00fcdc\u0259 art\u0131m\u0131n\u0131n nec\u0259 x\u0259rcl\u0259nm\u0259li oldu\u011funu m\u00fczakir\u0259 edir - MEYDAN.TV","robots":{"index":"index","follow":"follow","max-snippet":"max-snippet:-1","max-image-preview":"max-image-preview:large","max-video-preview":"max-video-preview:-1"},"canonical":"https:\/\/www.meydan.tv\/az\/article\/almaniya-budce-artiminin-nece-xerclenmeli-oldugunu-muzakire-edir\/","og_locale":"az_AZ","og_type":"article","og_title":"Almaniya b\u00fcdc\u0259 art\u0131m\u0131n\u0131n nec\u0259 x\u0259rcl\u0259nm\u0259li oldu\u011funu m\u00fczakir\u0259 edir - MEYDAN.TV","og_description":"\u201c\u0130ndi ham\u0131s\u0131 daha asan olacaq, \u00e7\u00fcnki bunun \u00fc\u00e7\u00fcn g\u00fcc\u00fcm\u00fcz var\u201d.","og_url":"https:\/\/www.meydan.tv\/az\/article\/almaniya-budce-artiminin-nece-xerclenmeli-oldugunu-muzakire-edir\/","og_site_name":"MEYDAN.TV","article_published_time":"2020-01-16T13:56:22+00:00","og_image":[{"width":693,"height":650,"url":"https:\/\/www.meydan.tv\/wp-content\/uploads\/800px-2017-09-04_bspc_hamburg_opening_by_olaf_kosinsky-2.jpg","type":"image\/jpeg"}],"author":"user-manager","twitter_card":"summary_large_image","schema":{"@context":"https:\/\/schema.org","@graph":[{"@type":"Article","@id":"https:\/\/www.meydan.tv\/az\/article\/almaniya-budce-artiminin-nece-xerclenmeli-oldugunu-muzakire-edir\/#article","isPartOf":{"@id":"https:\/\/www.meydan.tv\/az\/article\/almaniya-budce-artiminin-nece-xerclenmeli-oldugunu-muzakire-edir\/"},"author":{"name":"user-manager","@id":"https:\/\/www.meydan.tv\/az\/#\/schema\/person\/10d11eccf6da3662cf5fdab9806ea91a"},"headline":"Almaniya b\u00fcdc\u0259 art\u0131m\u0131n\u0131n nec\u0259 x\u0259rcl\u0259nm\u0259li oldu\u011funu m\u00fczakir\u0259 edir","datePublished":"2020-01-16T13:56:22+00:00","mainEntityOfPage":{"@id":"https:\/\/www.meydan.tv\/az\/article\/almaniya-budce-artiminin-nece-xerclenmeli-oldugunu-muzakire-edir\/"},"wordCount":484,"publisher":{"@id":"https:\/\/www.meydan.tv\/az\/#organization"},"image":{"@id":"https:\/\/www.meydan.tv\/az\/article\/almaniya-budce-artiminin-nece-xerclenmeli-oldugunu-muzakire-edir\/#primaryimage"},"thumbnailUrl":"https:\/\/www.meydan.tv\/wp-content\/uploads\/800px-2017-09-04_bspc_hamburg_opening_by_olaf_kosinsky-2.jpg","articleSection":["D\u00fcnya"],"inLanguage":"az"},{"@type":"WebPage","@id":"https:\/\/www.meydan.tv\/az\/article\/almaniya-budce-artiminin-nece-xerclenmeli-oldugunu-muzakire-edir\/","url":"https:\/\/www.meydan.tv\/az\/article\/almaniya-budce-artiminin-nece-xerclenmeli-oldugunu-muzakire-edir\/","name":"Almaniya b\u00fcdc\u0259 art\u0131m\u0131n\u0131n nec\u0259 x\u0259rcl\u0259nm\u0259li oldu\u011funu m\u00fczakir\u0259 edir - MEYDAN.TV","isPartOf":{"@id":"https:\/\/www.meydan.tv\/az\/#website"},"primaryImageOfPage":{"@id":"https:\/\/www.meydan.tv\/az\/article\/almaniya-budce-artiminin-nece-xerclenmeli-oldugunu-muzakire-edir\/#primaryimage"},"image":{"@id":"https:\/\/www.meydan.tv\/az\/article\/almaniya-budce-artiminin-nece-xerclenmeli-oldugunu-muzakire-edir\/#primaryimage"},"thumbnailUrl":"https:\/\/www.meydan.tv\/wp-content\/uploads\/800px-2017-09-04_bspc_hamburg_opening_by_olaf_kosinsky-2.jpg","datePublished":"2020-01-16T13:56:22+00:00","breadcrumb":{"@id":"https:\/\/www.meydan.tv\/az\/article\/almaniya-budce-artiminin-nece-xerclenmeli-oldugunu-muzakire-edir\/#breadcrumb"},"inLanguage":"az","potentialAction":[{"@type":"ReadAction","target":["https:\/\/www.meydan.tv\/az\/article\/almaniya-budce-artiminin-nece-xerclenmeli-oldugunu-muzakire-edir\/"]}]},{"@type":"ImageObject","inLanguage":"az","@id":"https:\/\/www.meydan.tv\/az\/article\/almaniya-budce-artiminin-nece-xerclenmeli-oldugunu-muzakire-edir\/#primaryimage","url":"https:\/\/www.meydan.tv\/wp-content\/uploads\/800px-2017-09-04_bspc_hamburg_opening_by_olaf_kosinsky-2.jpg","contentUrl":"https:\/\/www.meydan.tv\/wp-content\/uploads\/800px-2017-09-04_bspc_hamburg_opening_by_olaf_kosinsky-2.jpg","width":693,"height":650,"caption":"Source: Foto: arxiv"},{"@type":"BreadcrumbList","@id":"https:\/\/www.meydan.tv\/az\/article\/almaniya-budce-artiminin-nece-xerclenmeli-oldugunu-muzakire-edir\/#breadcrumb","itemListElement":[{"@type":"ListItem","position":1,"name":"Ana s\u0259hif\u0259","item":"https:\/\/www.meydan.tv\/az\/"},{"@type":"ListItem","position":2,"name":"D\u00fcnya","item":"https:\/\/www.meydan.tv\/az\/section\/dunya\/"},{"@type":"ListItem","position":3,"name":"Almaniya b\u00fcdc\u0259 art\u0131m\u0131n\u0131n nec\u0259 x\u0259rcl\u0259nm\u0259li oldu\u011funu m\u00fczakir\u0259 edir"}]},{"@type":"WebSite","@id":"https:\/\/www.meydan.tv\/az\/#website","url":"https:\/\/www.meydan.tv\/az\/","name":"MEYDAN.TV","description":"Meydan TV Az\u0259rbaycan\u0131n media m\u0259kan\u0131ndak\u0131 alternativ s\u0259sidir","publisher":{"@id":"https:\/\/www.meydan.tv\/az\/#organization"},"potentialAction":[{"@type":"SearchAction","target":{"@type":"EntryPoint","urlTemplate":"https:\/\/www.meydan.tv\/az\/?s={search_term_string}"},"query-input":{"@type":"PropertyValueSpecification","valueRequired":true,"valueName":"search_term_string"}}],"inLanguage":"az"},{"@type":"Organization","@id":"https:\/\/www.meydan.tv\/az\/#organization","name":"Meydan TV","url":"https:\/\/www.meydan.tv\/az\/","logo":{"@type":"ImageObject","inLanguage":"az","@id":"https:\/\/www.meydan.tv\/az\/#\/schema\/logo\/image\/","url":"https:\/\/www.meydan.tv\/wp-content\/uploads\/2021\/07\/meydan-logo.svg","contentUrl":"https:\/\/www.meydan.tv\/wp-content\/uploads\/2021\/07\/meydan-logo.svg","width":195,"height":46,"caption":"Meydan TV"},"image":{"@id":"https:\/\/www.meydan.tv\/az\/#\/schema\/logo\/image\/"}},{"@type":"Person","@id":"https:\/\/www.meydan.tv\/az\/#\/schema\/person\/10d11eccf6da3662cf5fdab9806ea91a","name":"user-manager"}]}},"_links":{"self":[{"href":"https:\/\/www.meydan.tv\/az\/wp-json\/wp\/v2\/posts\/198835","targetHints":{"allow":["GET"]}}],"collection":[{"href":"https:\/\/www.meydan.tv\/az\/wp-json\/wp\/v2\/posts"}],"about":[{"href":"https:\/\/www.meydan.tv\/az\/wp-json\/wp\/v2\/types\/post"}],"author":[{"embeddable":true,"href":"https:\/\/www.meydan.tv\/az\/wp-json\/wp\/v2\/users\/11"}],"replies":[{"embeddable":true,"href":"https:\/\/www.meydan.tv\/az\/wp-json\/wp\/v2\/comments?post=198835"}],"version-history":[{"count":0,"href":"https:\/\/www.meydan.tv\/az\/wp-json\/wp\/v2\/posts\/198835\/revisions"}],"wp:featuredmedia":[{"embeddable":true,"href":"https:\/\/www.meydan.tv\/az\/wp-json\/wp\/v2\/media\/135961"}],"wp:attachment":[{"href":"https:\/\/www.meydan.tv\/az\/wp-json\/wp\/v2\/media?parent=198835"}],"wp:term":[{"taxonomy":"category","embeddable":true,"href":"https:\/\/www.meydan.tv\/az\/wp-json\/wp\/v2\/categories?post=198835"},{"taxonomy":"post_tag","embeddable":true,"href":"https:\/\/www.meydan.tv\/az\/wp-json\/wp\/v2\/tags?post=198835"}],"curies":[{"name":"wp","href":"https:\/\/api.w.org\/{rel}","templated":true}]}}