{"id":198834,"date":"2020-01-16T13:49:52","date_gmt":"2020-01-16T13:49:52","guid":{"rendered":"https:\/\/www.meydan.tv\/article\/sarkisyanin-emlak-sikayeti-qebul-edilmeyib\/"},"modified":"2020-01-16T13:49:52","modified_gmt":"2020-01-16T13:49:52","slug":"sarkisyanin-emlak-sikayeti-qebul-edilmeyib","status":"publish","type":"post","link":"https:\/\/www.meydan.tv\/az\/article\/sarkisyanin-emlak-sikayeti-qebul-edilmeyib\/","title":{"rendered":"Sarkisyan\u0131n \u0259mlak \u015fikay\u0259ti q\u0259bul edilm\u0259yib"},"content":{"rendered":"<p>\n  <i><br \/>\n    H\u00fcquq-m\u00fchafiz\u0259 orqan\u0131 \u00f6t\u0259n h\u0259ft\u0259 bildirib ki, korrupsiya iddias\u0131 il\u0259 ba\u011fl\u0131 istintaq i\u015fi yekunla\u015f\u0131b<br \/>\n  <\/i>\n<\/p>\n<p>\n  Erm\u0259nistan prokurorlar\u0131 korrupsiya ittiham\u0131 il\u0259 \u00fczl\u0259\u015f\u0259n ke\u00e7mi\u015f Prezident Serj Sarkisyan\u0131n \u0259mlak\u0131na qoyulmu\u015f h\u0259bsi qald\u0131rmaqdan imtina edib, &#8211; Azadl\u0131q Radiosunun Erm\u0259ni Xidm\u0259ti x\u0259b\u0259r verir.\n<\/p>\n<p>\n  X\u00fcsusi \u0130stintaq Xidm\u0259ti (SIS) Sarkisyan\u0131n bank hesablar\u0131n\u0131 v\u0259 \u0259mlak\u0131n\u0131 donduraraq ona \u00f6lk\u0259ni t\u0259rk etm\u0259yi qada\u011fan edib. Bildirilir ki, o, 2013-c\u00fc ild\u0259 fermerl\u0259r\u0259 subsidiya olunmu\u015f dizel yanaca\u011f\u0131n\u0131n verilm\u0259si \u00fc\u00e7\u00fcn ayr\u0131lm\u0131\u015f 489 milyon dram (1 milyon dollardan \u00e7ox) d\u00f6vl\u0259t v\u0259saitinin \u201cbir qrup m\u0259mur t\u0259r\u0259find\u0259n m\u0259nims\u0259nilm\u0259sini\u201d t\u0259\u015fkil edib.\n<\/p>\n<p>\n  SIS iddia edir ki, Sarkisyan\u0131n a\u015fa\u011f\u0131 qiym\u0259t t\u0259klif ed\u0259n ba\u015fqa bir yanacaq idxal\u00e7\u0131s\u0131n\u0131n deyil, \u00e7oxdank\u0131 dostu Barseq Beqlaryana aid \u015firk\u0259tin qazanmas\u0131n\u0131 t\u0259min etm\u0259k \u00fc\u00e7\u00fcn h\u00f6kum\u0259t tenderin\u0259 m\u00fcdaxil\u0259 edib. Eks-prezident ittiham\u0131 r\u0259dd edib, onun siyasi motivli oldu\u011funu iddia edib.\n<\/p>\n<p>\n  Ba\u015f Prokurorlu\u011fun s\u00f6zc\u00fcs\u00fc \u00e7\u0259r\u015f\u0259nb\u0259 g\u00fcn\u00fc Azadl\u0131q Radiosunun Erm\u0259ni Xidm\u0259tin\u0259 verdiyi a\u00e7\u0131qlamada bildirib ki, qurum Sarkisyan\u0131n v\u0259kilinin aktivl\u0259rin dondurulmas\u0131n\u0131n durdurulmas\u0131 t\u0259l\u0259bini r\u0259dd edib. V\u0259kil Amram Makinyan q\u0259rar\u0131 q\u0131nay\u0131b.\n<\/p>\n<p>\n  \u201cM\u0259n q\u0259ti \u0259min\u0259m ki, h\u0259r iki m\u00fcst\u0259ntiqin Prezidentin \u0259mlak\u0131n\u0131 h\u0259bs alt\u0131na qoyma q\u0259rar\u0131 v\u0259 prokurorlar\u0131n etiraz\u0131m\u0131z\u0131 he\u00e7\u0259 saymas\u0131 qanuni deyil\u201d,- Makinyan bildirib.\n<\/p>\n<p>\n  S\u0130S h\u0259m\u00e7inin Beqlaryana qar\u015f\u0131 korrupsiya ittihamlar\u0131 ir\u0259li s\u00fcr\u00fcb. Z\u0259ngin i\u015f adam\u0131 da ittihamlar\u0131 q\u0259bul etmir.\n<\/p>\n<p>\n  H\u00fcquq-m\u00fchafiz\u0259 orqan\u0131 \u00f6t\u0259n h\u0259ft\u0259 bildirib ki, korrupsiya iddias\u0131 il\u0259 ba\u011fl\u0131 istintaq i\u015fini bitirib v\u0259 n\u0259tic\u0259l\u0259r prokurorlu\u011fa g\u00f6nd\u0259rilib. \u0130\u015fin sonlanmas\u0131 Sarkisyan\u0131n m\u00fchakim\u0259sin\u0259 ged\u0259n yolu a\u00e7acaqd\u0131r, &#8211; x\u0259b\u0259rd\u0259 qeyd edilir.\n<\/p>\n<p>\n  Makinyan h\u0259\u00e7inin qeyd edib ki, m\u00fcv\u0259kkili Ba\u015f nazir Nikol Pa\u015finyan\u0131 ictimai t\u0259nqid etdiyi \u00fc\u00e7\u00fcn qisas anlam\u0131nda daha bir m\u00fchakim\u0259y\u0259 c\u0259lb olunub. \u0130stintaq\u00e7\u0131lar v\u0259 Pa\u015finyan\u0131n siyasi m\u00fctt\u0259fiql\u0259ri bunu inkar edirl\u0259r.\n<\/p>\n<p>\n  Erm\u0259nistan\u0131 2008-2018-ci ill\u0259rd\u0259 idar\u0259 ed\u0259n Sarkisyan noyabr\u0131n 20-d\u0259 Xorvatiyada ke\u00e7iril\u0259n Avropa Xalq Partiyas\u0131n\u0131n qurultay\u0131ndak\u0131 \u00e7\u0131x\u0131\u015f\u0131nda Pa\u015finyan h\u00f6kum\u0259tini demokratiyaya t\u0259hl\u00fck\u0259 yaratmaqda v\u0259 m\u00fcxalif\u0259ti bo\u011fmaqda ittiham edib. O, 2018-ci ilin aprelind\u0259 k\u00fctl\u0259vi etirazlar d\u00f6vr\u00fcnd\u0259 istefa verib.<\/p>\n","protected":false},"excerpt":{"rendered":"<p>\u201cM\u0259n q\u0259ti \u0259min\u0259m ki, h\u0259r iki m\u00fcst\u0259ntiqin Prezidentin \u0259mlak\u0131n\u0131 h\u0259bs alt\u0131na qoyma q\u0259rar\u0131 v\u0259 prokurorlar\u0131n etiraz\u0131m\u0131z\u0131 he\u00e7\u0259 saymas\u0131 qanuni deyil\u201d,- Makinyan bildirib.<\/p>\n","protected":false},"author":11,"featured_media":64544,"comment_status":"closed","ping_status":"open","sticky":false,"template":"","format":"standard","meta":{"_acf_changed":false,"_sitemap_exclude":false,"_sitemap_priority":"","_sitemap_frequency":"","footnotes":""},"categories":[64],"tags":[],"class_list":["post-198834","post","type-post","status-publish","format-standard","has-post-thumbnail","hentry","category-dunya","infinite-scroll-item","generate-columns","tablet-grid-50","mobile-grid-100","grid-parent","grid-33","no-featured-image-padding"],"acf":[],"yoast_head":"<!-- This site is optimized with the Yoast SEO plugin v27.5 - https:\/\/yoast.com\/product\/yoast-seo-wordpress\/ -->\n<title>Sarkisyan\u0131n \u0259mlak \u015fikay\u0259ti q\u0259bul edilm\u0259yib - MEYDAN.TV<\/title>\n<meta name=\"robots\" content=\"index, follow, max-snippet:-1, max-image-preview:large, max-video-preview:-1\" \/>\n<link rel=\"canonical\" href=\"https:\/\/www.meydan.tv\/az\/article\/sarkisyanin-emlak-sikayeti-qebul-edilmeyib\/\" \/>\n<meta property=\"og:locale\" content=\"az_AZ\" \/>\n<meta property=\"og:type\" content=\"article\" \/>\n<meta property=\"og:title\" content=\"Sarkisyan\u0131n \u0259mlak \u015fikay\u0259ti q\u0259bul edilm\u0259yib - MEYDAN.TV\" \/>\n<meta property=\"og:description\" content=\"\u201cM\u0259n q\u0259ti \u0259min\u0259m ki, h\u0259r iki m\u00fcst\u0259ntiqin Prezidentin \u0259mlak\u0131n\u0131 h\u0259bs alt\u0131na qoyma q\u0259rar\u0131 v\u0259 prokurorlar\u0131n etiraz\u0131m\u0131z\u0131 he\u00e7\u0259 saymas\u0131 qanuni deyil\u201d,- Makinyan bildirib.\" \/>\n<meta property=\"og:url\" content=\"https:\/\/www.meydan.tv\/az\/article\/sarkisyanin-emlak-sikayeti-qebul-edilmeyib\/\" \/>\n<meta property=\"og:site_name\" content=\"MEYDAN.TV\" \/>\n<meta property=\"article:published_time\" content=\"2020-01-16T13:49:52+00:00\" \/>\n<meta property=\"og:image\" content=\"https:\/\/www.meydan.tv\/wp-content\/uploads\/24621.jpg\" \/>\n\t<meta property=\"og:image:width\" content=\"768\" \/>\n\t<meta property=\"og:image:height\" content=\"415\" \/>\n\t<meta property=\"og:image:type\" content=\"image\/jpeg\" \/>\n<meta name=\"author\" content=\"user-manager\" \/>\n<meta name=\"twitter:card\" content=\"summary_large_image\" \/>\n<script type=\"application\/ld+json\" class=\"yoast-schema-graph\">{\"@context\":\"https:\\\/\\\/schema.org\",\"@graph\":[{\"@type\":\"Article\",\"@id\":\"https:\\\/\\\/www.meydan.tv\\\/az\\\/article\\\/sarkisyanin-emlak-sikayeti-qebul-edilmeyib\\\/#article\",\"isPartOf\":{\"@id\":\"https:\\\/\\\/www.meydan.tv\\\/az\\\/article\\\/sarkisyanin-emlak-sikayeti-qebul-edilmeyib\\\/\"},\"author\":{\"name\":\"user-manager\",\"@id\":\"https:\\\/\\\/www.meydan.tv\\\/az\\\/#\\\/schema\\\/person\\\/10d11eccf6da3662cf5fdab9806ea91a\"},\"headline\":\"Sarkisyan\u0131n \u0259mlak \u015fikay\u0259ti q\u0259bul edilm\u0259yib\",\"datePublished\":\"2020-01-16T13:49:52+00:00\",\"mainEntityOfPage\":{\"@id\":\"https:\\\/\\\/www.meydan.tv\\\/az\\\/article\\\/sarkisyanin-emlak-sikayeti-qebul-edilmeyib\\\/\"},\"wordCount\":445,\"publisher\":{\"@id\":\"https:\\\/\\\/www.meydan.tv\\\/az\\\/#organization\"},\"image\":{\"@id\":\"https:\\\/\\\/www.meydan.tv\\\/az\\\/article\\\/sarkisyanin-emlak-sikayeti-qebul-edilmeyib\\\/#primaryimage\"},\"thumbnailUrl\":\"https:\\\/\\\/www.meydan.tv\\\/wp-content\\\/uploads\\\/24621.jpg\",\"articleSection\":[\"D\u00fcnya\"],\"inLanguage\":\"az\"},{\"@type\":\"WebPage\",\"@id\":\"https:\\\/\\\/www.meydan.tv\\\/az\\\/article\\\/sarkisyanin-emlak-sikayeti-qebul-edilmeyib\\\/\",\"url\":\"https:\\\/\\\/www.meydan.tv\\\/az\\\/article\\\/sarkisyanin-emlak-sikayeti-qebul-edilmeyib\\\/\",\"name\":\"Sarkisyan\u0131n \u0259mlak \u015fikay\u0259ti q\u0259bul edilm\u0259yib - MEYDAN.TV\",\"isPartOf\":{\"@id\":\"https:\\\/\\\/www.meydan.tv\\\/az\\\/#website\"},\"primaryImageOfPage\":{\"@id\":\"https:\\\/\\\/www.meydan.tv\\\/az\\\/article\\\/sarkisyanin-emlak-sikayeti-qebul-edilmeyib\\\/#primaryimage\"},\"image\":{\"@id\":\"https:\\\/\\\/www.meydan.tv\\\/az\\\/article\\\/sarkisyanin-emlak-sikayeti-qebul-edilmeyib\\\/#primaryimage\"},\"thumbnailUrl\":\"https:\\\/\\\/www.meydan.tv\\\/wp-content\\\/uploads\\\/24621.jpg\",\"datePublished\":\"2020-01-16T13:49:52+00:00\",\"breadcrumb\":{\"@id\":\"https:\\\/\\\/www.meydan.tv\\\/az\\\/article\\\/sarkisyanin-emlak-sikayeti-qebul-edilmeyib\\\/#breadcrumb\"},\"inLanguage\":\"az\",\"potentialAction\":[{\"@type\":\"ReadAction\",\"target\":[\"https:\\\/\\\/www.meydan.tv\\\/az\\\/article\\\/sarkisyanin-emlak-sikayeti-qebul-edilmeyib\\\/\"]}]},{\"@type\":\"ImageObject\",\"inLanguage\":\"az\",\"@id\":\"https:\\\/\\\/www.meydan.tv\\\/az\\\/article\\\/sarkisyanin-emlak-sikayeti-qebul-edilmeyib\\\/#primaryimage\",\"url\":\"https:\\\/\\\/www.meydan.tv\\\/wp-content\\\/uploads\\\/24621.jpg\",\"contentUrl\":\"https:\\\/\\\/www.meydan.tv\\\/wp-content\\\/uploads\\\/24621.jpg\",\"width\":768,\"height\":415,\"caption\":\"Source:\"},{\"@type\":\"BreadcrumbList\",\"@id\":\"https:\\\/\\\/www.meydan.tv\\\/az\\\/article\\\/sarkisyanin-emlak-sikayeti-qebul-edilmeyib\\\/#breadcrumb\",\"itemListElement\":[{\"@type\":\"ListItem\",\"position\":1,\"name\":\"Ana s\u0259hif\u0259\",\"item\":\"https:\\\/\\\/www.meydan.tv\\\/az\\\/\"},{\"@type\":\"ListItem\",\"position\":2,\"name\":\"D\u00fcnya\",\"item\":\"https:\\\/\\\/www.meydan.tv\\\/az\\\/section\\\/dunya\\\/\"},{\"@type\":\"ListItem\",\"position\":3,\"name\":\"Sarkisyan\u0131n \u0259mlak \u015fikay\u0259ti q\u0259bul edilm\u0259yib\"}]},{\"@type\":\"WebSite\",\"@id\":\"https:\\\/\\\/www.meydan.tv\\\/az\\\/#website\",\"url\":\"https:\\\/\\\/www.meydan.tv\\\/az\\\/\",\"name\":\"MEYDAN.TV\",\"description\":\"Meydan TV Az\u0259rbaycan\u0131n media m\u0259kan\u0131ndak\u0131 alternativ s\u0259sidir\",\"publisher\":{\"@id\":\"https:\\\/\\\/www.meydan.tv\\\/az\\\/#organization\"},\"potentialAction\":[{\"@type\":\"SearchAction\",\"target\":{\"@type\":\"EntryPoint\",\"urlTemplate\":\"https:\\\/\\\/www.meydan.tv\\\/az\\\/?s={search_term_string}\"},\"query-input\":{\"@type\":\"PropertyValueSpecification\",\"valueRequired\":true,\"valueName\":\"search_term_string\"}}],\"inLanguage\":\"az\"},{\"@type\":\"Organization\",\"@id\":\"https:\\\/\\\/www.meydan.tv\\\/az\\\/#organization\",\"name\":\"Meydan TV\",\"url\":\"https:\\\/\\\/www.meydan.tv\\\/az\\\/\",\"logo\":{\"@type\":\"ImageObject\",\"inLanguage\":\"az\",\"@id\":\"https:\\\/\\\/www.meydan.tv\\\/az\\\/#\\\/schema\\\/logo\\\/image\\\/\",\"url\":\"https:\\\/\\\/www.meydan.tv\\\/wp-content\\\/uploads\\\/2021\\\/07\\\/meydan-logo.svg\",\"contentUrl\":\"https:\\\/\\\/www.meydan.tv\\\/wp-content\\\/uploads\\\/2021\\\/07\\\/meydan-logo.svg\",\"width\":195,\"height\":46,\"caption\":\"Meydan TV\"},\"image\":{\"@id\":\"https:\\\/\\\/www.meydan.tv\\\/az\\\/#\\\/schema\\\/logo\\\/image\\\/\"}},{\"@type\":\"Person\",\"@id\":\"https:\\\/\\\/www.meydan.tv\\\/az\\\/#\\\/schema\\\/person\\\/10d11eccf6da3662cf5fdab9806ea91a\",\"name\":\"user-manager\"}]}<\/script>\n<!-- \/ Yoast SEO plugin. -->","yoast_head_json":{"title":"Sarkisyan\u0131n \u0259mlak \u015fikay\u0259ti q\u0259bul edilm\u0259yib - MEYDAN.TV","robots":{"index":"index","follow":"follow","max-snippet":"max-snippet:-1","max-image-preview":"max-image-preview:large","max-video-preview":"max-video-preview:-1"},"canonical":"https:\/\/www.meydan.tv\/az\/article\/sarkisyanin-emlak-sikayeti-qebul-edilmeyib\/","og_locale":"az_AZ","og_type":"article","og_title":"Sarkisyan\u0131n \u0259mlak \u015fikay\u0259ti q\u0259bul edilm\u0259yib - MEYDAN.TV","og_description":"\u201cM\u0259n q\u0259ti \u0259min\u0259m ki, h\u0259r iki m\u00fcst\u0259ntiqin Prezidentin \u0259mlak\u0131n\u0131 h\u0259bs alt\u0131na qoyma q\u0259rar\u0131 v\u0259 prokurorlar\u0131n etiraz\u0131m\u0131z\u0131 he\u00e7\u0259 saymas\u0131 qanuni deyil\u201d,- Makinyan bildirib.","og_url":"https:\/\/www.meydan.tv\/az\/article\/sarkisyanin-emlak-sikayeti-qebul-edilmeyib\/","og_site_name":"MEYDAN.TV","article_published_time":"2020-01-16T13:49:52+00:00","og_image":[{"width":768,"height":415,"url":"https:\/\/www.meydan.tv\/wp-content\/uploads\/24621.jpg","type":"image\/jpeg"}],"author":"user-manager","twitter_card":"summary_large_image","schema":{"@context":"https:\/\/schema.org","@graph":[{"@type":"Article","@id":"https:\/\/www.meydan.tv\/az\/article\/sarkisyanin-emlak-sikayeti-qebul-edilmeyib\/#article","isPartOf":{"@id":"https:\/\/www.meydan.tv\/az\/article\/sarkisyanin-emlak-sikayeti-qebul-edilmeyib\/"},"author":{"name":"user-manager","@id":"https:\/\/www.meydan.tv\/az\/#\/schema\/person\/10d11eccf6da3662cf5fdab9806ea91a"},"headline":"Sarkisyan\u0131n \u0259mlak \u015fikay\u0259ti q\u0259bul edilm\u0259yib","datePublished":"2020-01-16T13:49:52+00:00","mainEntityOfPage":{"@id":"https:\/\/www.meydan.tv\/az\/article\/sarkisyanin-emlak-sikayeti-qebul-edilmeyib\/"},"wordCount":445,"publisher":{"@id":"https:\/\/www.meydan.tv\/az\/#organization"},"image":{"@id":"https:\/\/www.meydan.tv\/az\/article\/sarkisyanin-emlak-sikayeti-qebul-edilmeyib\/#primaryimage"},"thumbnailUrl":"https:\/\/www.meydan.tv\/wp-content\/uploads\/24621.jpg","articleSection":["D\u00fcnya"],"inLanguage":"az"},{"@type":"WebPage","@id":"https:\/\/www.meydan.tv\/az\/article\/sarkisyanin-emlak-sikayeti-qebul-edilmeyib\/","url":"https:\/\/www.meydan.tv\/az\/article\/sarkisyanin-emlak-sikayeti-qebul-edilmeyib\/","name":"Sarkisyan\u0131n \u0259mlak \u015fikay\u0259ti q\u0259bul edilm\u0259yib - MEYDAN.TV","isPartOf":{"@id":"https:\/\/www.meydan.tv\/az\/#website"},"primaryImageOfPage":{"@id":"https:\/\/www.meydan.tv\/az\/article\/sarkisyanin-emlak-sikayeti-qebul-edilmeyib\/#primaryimage"},"image":{"@id":"https:\/\/www.meydan.tv\/az\/article\/sarkisyanin-emlak-sikayeti-qebul-edilmeyib\/#primaryimage"},"thumbnailUrl":"https:\/\/www.meydan.tv\/wp-content\/uploads\/24621.jpg","datePublished":"2020-01-16T13:49:52+00:00","breadcrumb":{"@id":"https:\/\/www.meydan.tv\/az\/article\/sarkisyanin-emlak-sikayeti-qebul-edilmeyib\/#breadcrumb"},"inLanguage":"az","potentialAction":[{"@type":"ReadAction","target":["https:\/\/www.meydan.tv\/az\/article\/sarkisyanin-emlak-sikayeti-qebul-edilmeyib\/"]}]},{"@type":"ImageObject","inLanguage":"az","@id":"https:\/\/www.meydan.tv\/az\/article\/sarkisyanin-emlak-sikayeti-qebul-edilmeyib\/#primaryimage","url":"https:\/\/www.meydan.tv\/wp-content\/uploads\/24621.jpg","contentUrl":"https:\/\/www.meydan.tv\/wp-content\/uploads\/24621.jpg","width":768,"height":415,"caption":"Source:"},{"@type":"BreadcrumbList","@id":"https:\/\/www.meydan.tv\/az\/article\/sarkisyanin-emlak-sikayeti-qebul-edilmeyib\/#breadcrumb","itemListElement":[{"@type":"ListItem","position":1,"name":"Ana s\u0259hif\u0259","item":"https:\/\/www.meydan.tv\/az\/"},{"@type":"ListItem","position":2,"name":"D\u00fcnya","item":"https:\/\/www.meydan.tv\/az\/section\/dunya\/"},{"@type":"ListItem","position":3,"name":"Sarkisyan\u0131n \u0259mlak \u015fikay\u0259ti q\u0259bul edilm\u0259yib"}]},{"@type":"WebSite","@id":"https:\/\/www.meydan.tv\/az\/#website","url":"https:\/\/www.meydan.tv\/az\/","name":"MEYDAN.TV","description":"Meydan TV Az\u0259rbaycan\u0131n media m\u0259kan\u0131ndak\u0131 alternativ s\u0259sidir","publisher":{"@id":"https:\/\/www.meydan.tv\/az\/#organization"},"potentialAction":[{"@type":"SearchAction","target":{"@type":"EntryPoint","urlTemplate":"https:\/\/www.meydan.tv\/az\/?s={search_term_string}"},"query-input":{"@type":"PropertyValueSpecification","valueRequired":true,"valueName":"search_term_string"}}],"inLanguage":"az"},{"@type":"Organization","@id":"https:\/\/www.meydan.tv\/az\/#organization","name":"Meydan TV","url":"https:\/\/www.meydan.tv\/az\/","logo":{"@type":"ImageObject","inLanguage":"az","@id":"https:\/\/www.meydan.tv\/az\/#\/schema\/logo\/image\/","url":"https:\/\/www.meydan.tv\/wp-content\/uploads\/2021\/07\/meydan-logo.svg","contentUrl":"https:\/\/www.meydan.tv\/wp-content\/uploads\/2021\/07\/meydan-logo.svg","width":195,"height":46,"caption":"Meydan TV"},"image":{"@id":"https:\/\/www.meydan.tv\/az\/#\/schema\/logo\/image\/"}},{"@type":"Person","@id":"https:\/\/www.meydan.tv\/az\/#\/schema\/person\/10d11eccf6da3662cf5fdab9806ea91a","name":"user-manager"}]}},"_links":{"self":[{"href":"https:\/\/www.meydan.tv\/az\/wp-json\/wp\/v2\/posts\/198834","targetHints":{"allow":["GET"]}}],"collection":[{"href":"https:\/\/www.meydan.tv\/az\/wp-json\/wp\/v2\/posts"}],"about":[{"href":"https:\/\/www.meydan.tv\/az\/wp-json\/wp\/v2\/types\/post"}],"author":[{"embeddable":true,"href":"https:\/\/www.meydan.tv\/az\/wp-json\/wp\/v2\/users\/11"}],"replies":[{"embeddable":true,"href":"https:\/\/www.meydan.tv\/az\/wp-json\/wp\/v2\/comments?post=198834"}],"version-history":[{"count":0,"href":"https:\/\/www.meydan.tv\/az\/wp-json\/wp\/v2\/posts\/198834\/revisions"}],"wp:featuredmedia":[{"embeddable":true,"href":"https:\/\/www.meydan.tv\/az\/wp-json\/wp\/v2\/media\/64544"}],"wp:attachment":[{"href":"https:\/\/www.meydan.tv\/az\/wp-json\/wp\/v2\/media?parent=198834"}],"wp:term":[{"taxonomy":"category","embeddable":true,"href":"https:\/\/www.meydan.tv\/az\/wp-json\/wp\/v2\/categories?post=198834"},{"taxonomy":"post_tag","embeddable":true,"href":"https:\/\/www.meydan.tv\/az\/wp-json\/wp\/v2\/tags?post=198834"}],"curies":[{"name":"wp","href":"https:\/\/api.w.org\/{rel}","templated":true}]}}