{"id":198832,"date":"2020-01-16T13:40:11","date_gmt":"2020-01-16T13:40:11","guid":{"rendered":"https:\/\/www.meydan.tv\/article\/mixail-misustini-rusiyanin-bas-naziri-olacaq\/"},"modified":"2020-01-16T13:40:11","modified_gmt":"2020-01-16T13:40:11","slug":"mixail-misustini-rusiyanin-bas-naziri-olacaq","status":"publish","type":"post","link":"https:\/\/www.meydan.tv\/az\/article\/mixail-misustini-rusiyanin-bas-naziri-olacaq\/","title":{"rendered":"Mixail Mi\u015fustini Rusiyan\u0131n Ba\u015f naziri olacaq"},"content":{"rendered":"<p>\n  <i><br \/>\n    Rusiya Prezidenti Vergi Xidm\u0259tinin r\u0259hb\u0259rin\u0259 h\u00f6kum\u0259tin ba\u015f\u00e7\u0131s\u0131 olma\u011f\u0131 t\u0259klif edib<br \/>\n  <\/i>\n<\/p>\n<p>\n  Putin Federal Vergi Xidm\u0259tinin ba\u015f\u00e7\u0131s\u0131 Mi\u015fustini Ba\u015f nazir v\u0259zif\u0259sin\u0259 t\u0259klif edib\n<\/p>\n<p>\n  Prezident Vladimir Putin Federal Vergi Xidm\u0259tinin ba\u015f\u00e7\u0131s\u0131 Mixail Mi\u015fustini Ba\u015f nazir v\u0259zif\u0259sin\u0259 t\u0259klif edib, &#8211; TASS Kreml\u0259 istinad\u0259n x\u0259b\u0259r verir.\n<\/p>\n<p>\n  M\u0259tbuat xidm\u0259tind\u0259n Prezidentin FVX ba\u015f\u00e7\u0131s\u0131 il\u0259 i\u015f g\u00f6r\u00fc\u015f\u00fc ke\u00e7irdiyi v\u0259 ona h\u00f6kum\u0259t s\u0259drliyini t\u0259klif etdiyi d\u0259qiql\u0259\u015fdirilib. \u201cO, raz\u0131l\u0131q \u0259ld\u0259 ed\u0259r\u0259k Mi\u015fustinin Ba\u015f nazir v\u0259zif\u0259sin\u0259 namiz\u0259dliyini D\u00f6vl\u0259t Dumas\u0131n\u0131n m\u00fczakir\u0259sin\u0259 burax\u0131b\u201d, \u2013 Kremld\u0259n b\u0259yan edibl\u0259r. Parlamentin A\u015fa\u011f\u0131 Palatas\u0131 yanvar\u0131n 16-da onun t\u0259yinat\u0131n\u0131 m\u00fczakit\u0259 ed\u0259c\u0259k.\n<\/p>\n<p>\n  Vergi idar\u0259sinin ba\u015f\u00e7\u0131s\u0131 art\u0131q D\u00f6vl\u0259t Dumas\u0131na g\u0259lib. Onun s\u0259dri Vya\u00e7eslav Volodin Duma \u015euras\u0131n\u0131n n\u00f6vb\u0259d\u0259nk\u0259nar iclas\u0131n\u0131 ke\u00e7irir. Bu iclasda b\u00fct\u00fcn fraksiyalar\u0131n r\u0259hb\u0259rl\u0259ri i\u015ftirak edir. Mi\u015fustin h\u0259m\u00e7inin onlarla g\u00f6r\u00fc\u015f\u00fcb, Volodinin m\u00fc\u015faviri Anastasiya Ka\u015fevarova \u201cTelegram\u201d-kanalda yaz\u0131r.\n<\/p>\n<p>\n  Mixail Mi\u015fustin FVX-n\u0259 2010-cu ilin aprelind\u0259n ba\u015f\u00e7\u0131l\u0131q edir. O, bundan \u0259vv\u0259l X\u00fcsusi \u0130qtisadi Zonalar\u0131n \u0130dar\u0259si \u00fczr\u0259 Federal Agentliy\u0259 r\u0259hb\u0259rlik edib. Onun v\u0259zif\u0259si d\u00f6vr\u00fcnd\u0259 Tatar\u0131standa, Dubnada v\u0259 Zelenoqradda iqtisadi zonalar a\u00e7\u0131l\u0131b. O, 2008-ci ild\u0259 UFG (\u201c\u0130nvest Birl\u0259\u015fmi\u015f Maliyy\u0259 Qrupu\u201d) \u015firk\u0259tl\u0259r qrupunun prezidenti olub.\n<\/p>\n<p>\n  Putinin Federal M\u0259clis\u0259 m\u00fcraci\u0259tind\u0259n sonra Ba\u015f nazir Dmitri Medvedyev h\u00f6kum\u0259tin istefas\u0131n\u0131 elan edib, ona T\u0259hl\u00fck\u0259sizlik \u015euras\u0131n\u0131n s\u0259dr m\u00fcavini v\u0259zif\u0259sini t\u0259klif edibl\u0259r. Prezident istefa haqq\u0131nda f\u0259rmana qol \u00e7\u0259kib. \u201cVahid Rusiya\u201d yanvar\u0131n 16-da s\u0259drin namiz\u0259dliyi \u00fczr\u0259 fraksiyan\u0131n iclas\u0131n\u0131 ke\u00e7ir\u0259c\u0259k. \u201cNovaya qazeta\u201dn\u0131n m\u0259nb\u0259l\u0259rinin verdiyi m\u0259lumata g\u00f6r\u0259, ba\u015f ver\u0259nl\u0259r h\u00f6kum\u0259t \u00fczvl\u0259ri \u00fc\u00e7\u00fcn g\u00f6zl\u0259nilm\u0259z olub.<\/p>\n","protected":false},"excerpt":{"rendered":"<p>Rusiya Prezidenti Vergi Xidm\u0259tinin r\u0259hb\u0259rin\u0259 h\u00f6kum\u0259tin ba\u015f\u00e7\u0131s\u0131 olma\u011f\u0131 t\u0259klif edib<\/p>\n","protected":false},"author":11,"featured_media":135952,"comment_status":"closed","ping_status":"open","sticky":false,"template":"","format":"standard","meta":{"_acf_changed":false,"_sitemap_exclude":false,"_sitemap_priority":"","_sitemap_frequency":"","footnotes":""},"categories":[64],"tags":[],"class_list":["post-198832","post","type-post","status-publish","format-standard","has-post-thumbnail","hentry","category-dunya","infinite-scroll-item","generate-columns","tablet-grid-50","mobile-grid-100","grid-parent","grid-33","no-featured-image-padding"],"acf":[],"yoast_head":"<!-- This site is optimized with the Yoast SEO plugin v27.5 - https:\/\/yoast.com\/product\/yoast-seo-wordpress\/ -->\n<title>Mixail Mi\u015fustini Rusiyan\u0131n Ba\u015f naziri olacaq - MEYDAN.TV<\/title>\n<meta name=\"robots\" content=\"index, follow, max-snippet:-1, max-image-preview:large, max-video-preview:-1\" \/>\n<link rel=\"canonical\" href=\"https:\/\/www.meydan.tv\/az\/article\/mixail-misustini-rusiyanin-bas-naziri-olacaq\/\" \/>\n<meta property=\"og:locale\" content=\"az_AZ\" \/>\n<meta property=\"og:type\" content=\"article\" \/>\n<meta property=\"og:title\" content=\"Mixail Mi\u015fustini Rusiyan\u0131n Ba\u015f naziri olacaq - MEYDAN.TV\" \/>\n<meta property=\"og:description\" content=\"Rusiya Prezidenti Vergi Xidm\u0259tinin r\u0259hb\u0259rin\u0259 h\u00f6kum\u0259tin ba\u015f\u00e7\u0131s\u0131 olma\u011f\u0131 t\u0259klif edib\" \/>\n<meta property=\"og:url\" content=\"https:\/\/www.meydan.tv\/az\/article\/mixail-misustini-rusiyanin-bas-naziri-olacaq\/\" \/>\n<meta property=\"og:site_name\" content=\"MEYDAN.TV\" \/>\n<meta property=\"article:published_time\" content=\"2020-01-16T13:40:11+00:00\" \/>\n<meta property=\"og:image\" content=\"https:\/\/www.meydan.tv\/wp-content\/uploads\/mikhail-mishustin.jpg\" \/>\n\t<meta property=\"og:image:width\" content=\"2048\" \/>\n\t<meta property=\"og:image:height\" content=\"1137\" \/>\n\t<meta property=\"og:image:type\" content=\"image\/jpeg\" \/>\n<meta name=\"author\" content=\"user-manager\" \/>\n<meta name=\"twitter:card\" content=\"summary_large_image\" \/>\n<script type=\"application\/ld+json\" class=\"yoast-schema-graph\">{\"@context\":\"https:\\\/\\\/schema.org\",\"@graph\":[{\"@type\":\"Article\",\"@id\":\"https:\\\/\\\/www.meydan.tv\\\/az\\\/article\\\/mixail-misustini-rusiyanin-bas-naziri-olacaq\\\/#article\",\"isPartOf\":{\"@id\":\"https:\\\/\\\/www.meydan.tv\\\/az\\\/article\\\/mixail-misustini-rusiyanin-bas-naziri-olacaq\\\/\"},\"author\":{\"name\":\"user-manager\",\"@id\":\"https:\\\/\\\/www.meydan.tv\\\/az\\\/#\\\/schema\\\/person\\\/10d11eccf6da3662cf5fdab9806ea91a\"},\"headline\":\"Mixail Mi\u015fustini Rusiyan\u0131n Ba\u015f naziri olacaq\",\"datePublished\":\"2020-01-16T13:40:11+00:00\",\"mainEntityOfPage\":{\"@id\":\"https:\\\/\\\/www.meydan.tv\\\/az\\\/article\\\/mixail-misustini-rusiyanin-bas-naziri-olacaq\\\/\"},\"wordCount\":370,\"publisher\":{\"@id\":\"https:\\\/\\\/www.meydan.tv\\\/az\\\/#organization\"},\"image\":{\"@id\":\"https:\\\/\\\/www.meydan.tv\\\/az\\\/article\\\/mixail-misustini-rusiyanin-bas-naziri-olacaq\\\/#primaryimage\"},\"thumbnailUrl\":\"https:\\\/\\\/www.meydan.tv\\\/wp-content\\\/uploads\\\/mikhail-mishustin.jpg\",\"articleSection\":[\"D\u00fcnya\"],\"inLanguage\":\"az\"},{\"@type\":\"WebPage\",\"@id\":\"https:\\\/\\\/www.meydan.tv\\\/az\\\/article\\\/mixail-misustini-rusiyanin-bas-naziri-olacaq\\\/\",\"url\":\"https:\\\/\\\/www.meydan.tv\\\/az\\\/article\\\/mixail-misustini-rusiyanin-bas-naziri-olacaq\\\/\",\"name\":\"Mixail Mi\u015fustini Rusiyan\u0131n Ba\u015f naziri olacaq - MEYDAN.TV\",\"isPartOf\":{\"@id\":\"https:\\\/\\\/www.meydan.tv\\\/az\\\/#website\"},\"primaryImageOfPage\":{\"@id\":\"https:\\\/\\\/www.meydan.tv\\\/az\\\/article\\\/mixail-misustini-rusiyanin-bas-naziri-olacaq\\\/#primaryimage\"},\"image\":{\"@id\":\"https:\\\/\\\/www.meydan.tv\\\/az\\\/article\\\/mixail-misustini-rusiyanin-bas-naziri-olacaq\\\/#primaryimage\"},\"thumbnailUrl\":\"https:\\\/\\\/www.meydan.tv\\\/wp-content\\\/uploads\\\/mikhail-mishustin.jpg\",\"datePublished\":\"2020-01-16T13:40:11+00:00\",\"breadcrumb\":{\"@id\":\"https:\\\/\\\/www.meydan.tv\\\/az\\\/article\\\/mixail-misustini-rusiyanin-bas-naziri-olacaq\\\/#breadcrumb\"},\"inLanguage\":\"az\",\"potentialAction\":[{\"@type\":\"ReadAction\",\"target\":[\"https:\\\/\\\/www.meydan.tv\\\/az\\\/article\\\/mixail-misustini-rusiyanin-bas-naziri-olacaq\\\/\"]}]},{\"@type\":\"ImageObject\",\"inLanguage\":\"az\",\"@id\":\"https:\\\/\\\/www.meydan.tv\\\/az\\\/article\\\/mixail-misustini-rusiyanin-bas-naziri-olacaq\\\/#primaryimage\",\"url\":\"https:\\\/\\\/www.meydan.tv\\\/wp-content\\\/uploads\\\/mikhail-mishustin.jpg\",\"contentUrl\":\"https:\\\/\\\/www.meydan.tv\\\/wp-content\\\/uploads\\\/mikhail-mishustin.jpg\",\"width\":2048,\"height\":1137,\"caption\":\"Source: Meydan TV\"},{\"@type\":\"BreadcrumbList\",\"@id\":\"https:\\\/\\\/www.meydan.tv\\\/az\\\/article\\\/mixail-misustini-rusiyanin-bas-naziri-olacaq\\\/#breadcrumb\",\"itemListElement\":[{\"@type\":\"ListItem\",\"position\":1,\"name\":\"Ana s\u0259hif\u0259\",\"item\":\"https:\\\/\\\/www.meydan.tv\\\/az\\\/\"},{\"@type\":\"ListItem\",\"position\":2,\"name\":\"D\u00fcnya\",\"item\":\"https:\\\/\\\/www.meydan.tv\\\/az\\\/section\\\/dunya\\\/\"},{\"@type\":\"ListItem\",\"position\":3,\"name\":\"Mixail Mi\u015fustini Rusiyan\u0131n Ba\u015f naziri olacaq\"}]},{\"@type\":\"WebSite\",\"@id\":\"https:\\\/\\\/www.meydan.tv\\\/az\\\/#website\",\"url\":\"https:\\\/\\\/www.meydan.tv\\\/az\\\/\",\"name\":\"MEYDAN.TV\",\"description\":\"Meydan TV Az\u0259rbaycan\u0131n media m\u0259kan\u0131ndak\u0131 alternativ s\u0259sidir\",\"publisher\":{\"@id\":\"https:\\\/\\\/www.meydan.tv\\\/az\\\/#organization\"},\"potentialAction\":[{\"@type\":\"SearchAction\",\"target\":{\"@type\":\"EntryPoint\",\"urlTemplate\":\"https:\\\/\\\/www.meydan.tv\\\/az\\\/?s={search_term_string}\"},\"query-input\":{\"@type\":\"PropertyValueSpecification\",\"valueRequired\":true,\"valueName\":\"search_term_string\"}}],\"inLanguage\":\"az\"},{\"@type\":\"Organization\",\"@id\":\"https:\\\/\\\/www.meydan.tv\\\/az\\\/#organization\",\"name\":\"Meydan TV\",\"url\":\"https:\\\/\\\/www.meydan.tv\\\/az\\\/\",\"logo\":{\"@type\":\"ImageObject\",\"inLanguage\":\"az\",\"@id\":\"https:\\\/\\\/www.meydan.tv\\\/az\\\/#\\\/schema\\\/logo\\\/image\\\/\",\"url\":\"https:\\\/\\\/www.meydan.tv\\\/wp-content\\\/uploads\\\/2021\\\/07\\\/meydan-logo.svg\",\"contentUrl\":\"https:\\\/\\\/www.meydan.tv\\\/wp-content\\\/uploads\\\/2021\\\/07\\\/meydan-logo.svg\",\"width\":195,\"height\":46,\"caption\":\"Meydan TV\"},\"image\":{\"@id\":\"https:\\\/\\\/www.meydan.tv\\\/az\\\/#\\\/schema\\\/logo\\\/image\\\/\"}},{\"@type\":\"Person\",\"@id\":\"https:\\\/\\\/www.meydan.tv\\\/az\\\/#\\\/schema\\\/person\\\/10d11eccf6da3662cf5fdab9806ea91a\",\"name\":\"user-manager\"}]}<\/script>\n<!-- \/ Yoast SEO plugin. -->","yoast_head_json":{"title":"Mixail Mi\u015fustini Rusiyan\u0131n Ba\u015f naziri olacaq - MEYDAN.TV","robots":{"index":"index","follow":"follow","max-snippet":"max-snippet:-1","max-image-preview":"max-image-preview:large","max-video-preview":"max-video-preview:-1"},"canonical":"https:\/\/www.meydan.tv\/az\/article\/mixail-misustini-rusiyanin-bas-naziri-olacaq\/","og_locale":"az_AZ","og_type":"article","og_title":"Mixail Mi\u015fustini Rusiyan\u0131n Ba\u015f naziri olacaq - MEYDAN.TV","og_description":"Rusiya Prezidenti Vergi Xidm\u0259tinin r\u0259hb\u0259rin\u0259 h\u00f6kum\u0259tin ba\u015f\u00e7\u0131s\u0131 olma\u011f\u0131 t\u0259klif edib","og_url":"https:\/\/www.meydan.tv\/az\/article\/mixail-misustini-rusiyanin-bas-naziri-olacaq\/","og_site_name":"MEYDAN.TV","article_published_time":"2020-01-16T13:40:11+00:00","og_image":[{"width":2048,"height":1137,"url":"https:\/\/www.meydan.tv\/wp-content\/uploads\/mikhail-mishustin.jpg","type":"image\/jpeg"}],"author":"user-manager","twitter_card":"summary_large_image","schema":{"@context":"https:\/\/schema.org","@graph":[{"@type":"Article","@id":"https:\/\/www.meydan.tv\/az\/article\/mixail-misustini-rusiyanin-bas-naziri-olacaq\/#article","isPartOf":{"@id":"https:\/\/www.meydan.tv\/az\/article\/mixail-misustini-rusiyanin-bas-naziri-olacaq\/"},"author":{"name":"user-manager","@id":"https:\/\/www.meydan.tv\/az\/#\/schema\/person\/10d11eccf6da3662cf5fdab9806ea91a"},"headline":"Mixail Mi\u015fustini Rusiyan\u0131n Ba\u015f naziri olacaq","datePublished":"2020-01-16T13:40:11+00:00","mainEntityOfPage":{"@id":"https:\/\/www.meydan.tv\/az\/article\/mixail-misustini-rusiyanin-bas-naziri-olacaq\/"},"wordCount":370,"publisher":{"@id":"https:\/\/www.meydan.tv\/az\/#organization"},"image":{"@id":"https:\/\/www.meydan.tv\/az\/article\/mixail-misustini-rusiyanin-bas-naziri-olacaq\/#primaryimage"},"thumbnailUrl":"https:\/\/www.meydan.tv\/wp-content\/uploads\/mikhail-mishustin.jpg","articleSection":["D\u00fcnya"],"inLanguage":"az"},{"@type":"WebPage","@id":"https:\/\/www.meydan.tv\/az\/article\/mixail-misustini-rusiyanin-bas-naziri-olacaq\/","url":"https:\/\/www.meydan.tv\/az\/article\/mixail-misustini-rusiyanin-bas-naziri-olacaq\/","name":"Mixail Mi\u015fustini Rusiyan\u0131n Ba\u015f naziri olacaq - MEYDAN.TV","isPartOf":{"@id":"https:\/\/www.meydan.tv\/az\/#website"},"primaryImageOfPage":{"@id":"https:\/\/www.meydan.tv\/az\/article\/mixail-misustini-rusiyanin-bas-naziri-olacaq\/#primaryimage"},"image":{"@id":"https:\/\/www.meydan.tv\/az\/article\/mixail-misustini-rusiyanin-bas-naziri-olacaq\/#primaryimage"},"thumbnailUrl":"https:\/\/www.meydan.tv\/wp-content\/uploads\/mikhail-mishustin.jpg","datePublished":"2020-01-16T13:40:11+00:00","breadcrumb":{"@id":"https:\/\/www.meydan.tv\/az\/article\/mixail-misustini-rusiyanin-bas-naziri-olacaq\/#breadcrumb"},"inLanguage":"az","potentialAction":[{"@type":"ReadAction","target":["https:\/\/www.meydan.tv\/az\/article\/mixail-misustini-rusiyanin-bas-naziri-olacaq\/"]}]},{"@type":"ImageObject","inLanguage":"az","@id":"https:\/\/www.meydan.tv\/az\/article\/mixail-misustini-rusiyanin-bas-naziri-olacaq\/#primaryimage","url":"https:\/\/www.meydan.tv\/wp-content\/uploads\/mikhail-mishustin.jpg","contentUrl":"https:\/\/www.meydan.tv\/wp-content\/uploads\/mikhail-mishustin.jpg","width":2048,"height":1137,"caption":"Source: Meydan TV"},{"@type":"BreadcrumbList","@id":"https:\/\/www.meydan.tv\/az\/article\/mixail-misustini-rusiyanin-bas-naziri-olacaq\/#breadcrumb","itemListElement":[{"@type":"ListItem","position":1,"name":"Ana s\u0259hif\u0259","item":"https:\/\/www.meydan.tv\/az\/"},{"@type":"ListItem","position":2,"name":"D\u00fcnya","item":"https:\/\/www.meydan.tv\/az\/section\/dunya\/"},{"@type":"ListItem","position":3,"name":"Mixail Mi\u015fustini Rusiyan\u0131n Ba\u015f naziri olacaq"}]},{"@type":"WebSite","@id":"https:\/\/www.meydan.tv\/az\/#website","url":"https:\/\/www.meydan.tv\/az\/","name":"MEYDAN.TV","description":"Meydan TV Az\u0259rbaycan\u0131n media m\u0259kan\u0131ndak\u0131 alternativ s\u0259sidir","publisher":{"@id":"https:\/\/www.meydan.tv\/az\/#organization"},"potentialAction":[{"@type":"SearchAction","target":{"@type":"EntryPoint","urlTemplate":"https:\/\/www.meydan.tv\/az\/?s={search_term_string}"},"query-input":{"@type":"PropertyValueSpecification","valueRequired":true,"valueName":"search_term_string"}}],"inLanguage":"az"},{"@type":"Organization","@id":"https:\/\/www.meydan.tv\/az\/#organization","name":"Meydan TV","url":"https:\/\/www.meydan.tv\/az\/","logo":{"@type":"ImageObject","inLanguage":"az","@id":"https:\/\/www.meydan.tv\/az\/#\/schema\/logo\/image\/","url":"https:\/\/www.meydan.tv\/wp-content\/uploads\/2021\/07\/meydan-logo.svg","contentUrl":"https:\/\/www.meydan.tv\/wp-content\/uploads\/2021\/07\/meydan-logo.svg","width":195,"height":46,"caption":"Meydan TV"},"image":{"@id":"https:\/\/www.meydan.tv\/az\/#\/schema\/logo\/image\/"}},{"@type":"Person","@id":"https:\/\/www.meydan.tv\/az\/#\/schema\/person\/10d11eccf6da3662cf5fdab9806ea91a","name":"user-manager"}]}},"_links":{"self":[{"href":"https:\/\/www.meydan.tv\/az\/wp-json\/wp\/v2\/posts\/198832","targetHints":{"allow":["GET"]}}],"collection":[{"href":"https:\/\/www.meydan.tv\/az\/wp-json\/wp\/v2\/posts"}],"about":[{"href":"https:\/\/www.meydan.tv\/az\/wp-json\/wp\/v2\/types\/post"}],"author":[{"embeddable":true,"href":"https:\/\/www.meydan.tv\/az\/wp-json\/wp\/v2\/users\/11"}],"replies":[{"embeddable":true,"href":"https:\/\/www.meydan.tv\/az\/wp-json\/wp\/v2\/comments?post=198832"}],"version-history":[{"count":0,"href":"https:\/\/www.meydan.tv\/az\/wp-json\/wp\/v2\/posts\/198832\/revisions"}],"wp:featuredmedia":[{"embeddable":true,"href":"https:\/\/www.meydan.tv\/az\/wp-json\/wp\/v2\/media\/135952"}],"wp:attachment":[{"href":"https:\/\/www.meydan.tv\/az\/wp-json\/wp\/v2\/media?parent=198832"}],"wp:term":[{"taxonomy":"category","embeddable":true,"href":"https:\/\/www.meydan.tv\/az\/wp-json\/wp\/v2\/categories?post=198832"},{"taxonomy":"post_tag","embeddable":true,"href":"https:\/\/www.meydan.tv\/az\/wp-json\/wp\/v2\/tags?post=198832"}],"curies":[{"name":"wp","href":"https:\/\/api.w.org\/{rel}","templated":true}]}}