{"id":198824,"date":"2020-01-16T10:50:34","date_gmt":"2020-01-16T10:50:34","guid":{"rendered":"https:\/\/www.meydan.tv\/article\/agsu-sakini-dovletin-ayirdigi-pulu-yeyibler\/"},"modified":"2020-01-16T10:50:34","modified_gmt":"2020-01-16T10:50:34","slug":"agsu-sakini-dovletin-ayirdigi-pulu-yeyibler","status":"publish","type":"post","link":"https:\/\/www.meydan.tv\/az\/article\/agsu-sakini-dovletin-ayirdigi-pulu-yeyibler\/","title":{"rendered":"A\u011fsu sakini: D\u00f6vl\u0259tin ay\u0131rd\u0131\u011f\u0131 pulu yeyibl\u0259r"},"content":{"rendered":"<p>\n  <i><br \/>\n    \u201cGecikm\u0259 il\u0259 yana\u015f\u0131, h\u0259r ay ustalar\u0131n pulundan y\u00fcz-iki y\u00fcz manat k\u0259sirl\u0259r\u201d<br \/>\n  <\/i>\n<\/p>\n<p>\n  \u201cEvimiz yanandan sonra aylarla \u00e7ad\u0131rda ya\u015fad\u0131q. D\u0259f\u0259l\u0259rl\u0259 aidiyyat\u0131 orqanlara m\u00fcraci\u0259t ets\u0259k d\u0259, \u015fikay\u0259timiz\u0259 m\u0259h\u0259l qoymad\u0131lar. Uzun m\u00fcbariz\u0259d\u0259n sonra \u00f6t\u0259n il sentyabr\u0131n sonlar\u0131nda evin tikintisin\u0259 ba\u015flan\u0131ld\u0131. Tikinti davam ed\u0259n m\u00fcdd\u0259td\u0259 i\u015fl\u0259y\u0259n f\u0259hl\u0259l\u0259rin pullar\u0131 h\u0259mi\u015f\u0259 gecikdirilirdi\u201d.\n<\/p>\n<p>\n  Bu s\u00f6zl\u0259ri<br \/>\n  <a href=\"https:\/\/d9mc3ts4czbpr.cloudfront.net\/ru\/article\/evi-yanan-qadin-icra-bascisi-dedi-ki-men-hec-kimin-sikayetine-baxmiram\/\"><br \/>\n    Meydan TV<br \/>\n  <\/a><br \/>\n  -y\u0259 \u00f6t\u0259n il iyulun 26-da evi tamamil\u0259 yanan A\u011fsu rayonu, Kala\u011fayl\u0131 k\u0259nd sakini \u0130bad\u0259t Ayd\u0131n q\u0131z\u0131 Q\u0259mb\u0259rova deyir.\n<\/p>\n<p>\n  S\u00f6yl\u0259diyin\u0259 g\u00f6r\u0259, F\u00f6vq\u0259lad\u0259 Hallar Nazirliyinin Tikintid\u0259 T\u0259hl\u00fck\u0259sizliy\u0259 N\u0259zar\u0259t D\u00f6vl\u0259t Agentliyi t\u0259r\u0259find\u0259n 2019-cu ild\u0259 in\u015fas\u0131na ba\u015flan\u0131lan ev, h\u0259min ilin dekabr\u0131nda t\u0259hvil verilm\u0259li imi\u015f. Lakin nazirliyin Z\u0259lz\u0259l\u0259 b\u00f6lg\u0259si \u00fczr\u0259 Q\u0259rargah\u0131 f\u0259hl\u0259l\u0259r\u0259 veril\u0259c\u0259k \u0259m\u0259khaqlar\u0131n\u0131 gecikdirdiyi \u00fc\u00e7\u00fcn tikinti i\u015fi yar\u0131m\u00e7\u0131q qal\u0131b:\n<\/p>\n<p>\n  \u201cH\u0259mi\u015f\u0259 pulu gecikdirm\u0259l\u0259rl\u0259 \u00f6d\u0259yibl\u0259r. Evin t\u0259mirin\u0259 sentyabr\u0131n sonlar\u0131nda ba\u015flay\u0131blar. Gecikm\u0259 il\u0259 yana\u015f\u0131, h\u0259r ay puldan y\u00fcz-iki y\u00fcz manat k\u0259sibl\u0259r. Evin \u00f6t\u0259n ay t\u0259hvil verilm\u0259si planla\u015fd\u0131r\u0131l\u0131rd\u0131. Dedil\u0259r ki, dekabr\u0131n 25-d\u0259k f\u0259hl\u0259l\u0259rin pulu \u00e7atd\u0131r\u0131lacaq. Lakin yen\u0259 d\u0259 yalan\u00e7\u0131 \u00e7\u0131xd\u0131lar. Dekabr\u0131n 29-da g\u0259tirib ustalar\u0131n birin\u0259 be\u015f y\u00fcz, dig\u0259rin\u0259 is\u0259 iki y\u00fcz manat verdil\u0259r. Ustalar da \u0259m\u0259khaqlar\u0131n\u0131 tam olaraq t\u0259l\u0259b ed\u0259nd\u0259, dedil\u0259r ki, biz\u0259 veril\u0259n pul budur. Bundan art\u0131q pul ver\u0259 bilm\u0259rik. And-aman etdil\u0259r ki, yanvar\u0131n 10-da pul olacaq, azac\u0131q s\u0259bir etsinl\u0259r. Bizi f\u0259hl\u0259l\u0259rin yan\u0131nda \u00fcz\u00fcqara edibl\u0259r. \u00d6z\u00fcm ya\u015fl\u0131, x\u0259st\u0259 adamam, o\u011flum da haz\u0131rda i\u015fsizdir. D\u00f6vl\u0259tin ay\u0131rd\u0131\u011f\u0131 pulu yeyibl\u0259r. \u0130ndi d\u0259 deyirl\u0259r ki, pul yoxdur. Ustalar da pulu bizd\u0259n t\u0259l\u0259b edir. B\u0259s yax\u015f\u0131, bu pulu kim \u00f6d\u0259m\u0259lidir?\u201d\n<\/p>\n<figure class=\"wp-block-image size-large\">\n  <img decoding=\"async\" src=\"https:\/\/www.meydan.tv\/az\/82773054_2498714870448891_4997450974407688192_n-jpg\/\" alt=\"82773054_2498714870448891_4997450974407688192_n.jpg\" class=\"wp-image-135910\"\/><figcaption>\n    \u0130bad\u0259t Q\u0259mb\u0259rova<br \/>\n  <\/figcaption><\/figure>\n<p>\n  \u015eikay\u0259t\u00e7inin dediyin\u0259 g\u00f6r\u0259, f\u0259hl\u0259l\u0259r\u0259 \u00fcmumilikd\u0259 alt\u0131 y\u00fcz manat pul verilm\u0259lidir. Yanvar\u0131n 10-da pul olaca\u011f\u0131na dair v\u0259d verils\u0259 d\u0259, buna \u0259m\u0259l olunmay\u0131b:\n<\/p>\n<p>\n  \u201cUstalara veril\u0259n ayl\u0131q \u0259m\u0259khaqq\u0131 evin \u00f6l\u00e7\u00fcl\u0259rin\u0259 uy\u011fun t\u0259yin edilir. Son \u00f6l\u00e7\u00fcl\u0259ri o\u011flum m\u00fchasib\u0259 verib. \u0130ki ustaya \u00fcmumilikd\u0259 alt\u0131 y\u00fcz manat verilm\u0259lidir. O\u011flum da, m\u0259n d\u0259 z\u0259ng edirik, biz\u0259 cavab vermirl\u0259r. Q\u0259rargah\u0131n m\u00fchasibi Hasil adl\u0131 \u015f\u0259xs bizi aldad\u0131r.<br \/>\n  <a href=\"https:\/\/d9mc3ts4czbpr.cloudfront.net\/az\/article\/fehlelerin-pulu-verilmir-deye-zelzeleden-sonra-sokulmus-evler-tikilmir\/\"><br \/>\n    Q\u0259rargahda h\u0259r g\u00fcn davad\u0131r<br \/>\n  <\/a><br \/>\n  . Ham\u0131 \u015fikay\u0259t edir ki, ustalar\u0131n pulu vaxtl\u0131-vaxt\u0131nda verilmir. Bunlar hara bax\u0131r, neyl\u0259yir, ba\u015f\u0131m \u00e7\u0131xm\u0131r. Bu pullar\u0131 kiml\u0259r yeyir? Evin qar\u015f\u0131s\u0131nda d\u00f6rd c\u0259rg\u0259 h\u00f6rg\u00fc qal\u0131b. Ustalar i\u015fl\u0259m\u0259kd\u0259n imtina edirl\u0259r. M\u00fchasib\u0259 dedik ki, ustalar\u0131n pulunu verm\u0259s\u0259z, sizi \u015fikay\u0259t ed\u0259c\u0259yik. Dedi ki, n\u0259 ist\u0259yirsiz, edin, pul yoxdur\u201d.\n<\/p>\n<p>\n  Meydan TV-y\u0259 a\u00e7\u0131qlamas\u0131 zaman\u0131 soyad\u0131n\u0131 s\u00f6yl\u0259m\u0259k ist\u0259m\u0259y\u0259n F\u00f6vq\u0259lad\u0259 Hallar Nazirliyinin Z\u0259lz\u0259l\u0259 b\u00f6lg\u0259si \u00fczr\u0259 Q\u0259rargah\u0131n\u0131n m\u00fchasibi Hasil adl\u0131 \u015f\u0259xs v\u0259t\u0259nda\u015f\u0131n \u015fikay\u0259tini \u0259sass\u0131z adland\u0131r\u0131b.\n<\/p>\n<figure class=\"wp-block-image size-large\">\n  <img decoding=\"async\" src=\"https:\/\/www.meydan.tv\/az\/83235008_2498714693782242_584889883319861248_n-jpg\/\" alt=\"83235008_2498714693782242_584889883319861248_n.jpg\" class=\"wp-image-135904\"\/><figcaption>\n    &#8220;M\u00fchasib\u0259 dedik ki, ustalar\u0131n pulunu verm\u0259s\u0259z, sizi \u015fikay\u0259t ed\u0259c\u0259yik&#8221;<br \/>\n  <\/figcaption><\/figure>\n<p>\n  \u201cBizd\u0259 pul gecikm\u0259l\u0259ri olmur, 15 g\u00fcnd\u0259n bir g\u00f6r\u00fcl\u0259n i\u015fin pulunu ba\u011flay\u0131r\u0131q. Bu da o dem\u0259kdir ki, ayda iki d\u0259f\u0259 g\u00fcn\u00fc bilinm\u0259m\u0259k \u015f\u0259rti il\u0259 ustalara pul veririk. G\u00f6r\u00fcl\u0259n i\u015fin pulu n\u0259dirs\u0259, q\u0259piyin\u0259 q\u0259d\u0259r \u00f6d\u0259yirik. Ev yiy\u0259si il\u0259 aram\u0131zda mehribanl\u0131q var. \u0130bad\u0259t xan\u0131m, h\u00f6rm\u0259t etdiyimiz qad\u0131nd\u0131r, lakin s\u00f6yl\u0259dikl\u0259ri h\u0259qiq\u0259t\u0259uy\u011fun deyil. M\u0259nim b\u00f6y\u00fcy\u00fcm var, dan\u0131\u015fanda deyir ki, niy\u0259 m\u0259lumatlar\u0131 h\u0259r yer\u0259 yay\u0131rsan\u201d, &#8211; m\u00fchasib bildirib.\n<\/p>\n<figure class=\"wp-block-image size-large\">\n  <img decoding=\"async\" src=\"https:\/\/www.meydan.tv\/az\/82176920_2498622673791444_8732879169559461888_n-jpg\/\" alt=\"82176920_2498622673791444_8732879169559461888_n.jpg\" class=\"wp-image-135919\"\/><figcaption>\n    &#8220;Evin t\u0259mirin\u0259 sentyabr\u0131n sonlar\u0131nda ba\u015flay\u0131blar&#8221;<br \/>\n  <\/figcaption><\/figure>\n<figure class=\"wp-block-image size-large\">\n  <img decoding=\"async\" src=\"https:\/\/www.meydan.tv\/az\/82261674_2498622533791458_1117246746037059584_n-jpg\/\" alt=\"82261674_2498622533791458_1117246746037059584_n.jpg\" class=\"wp-image-135916\"\/><figcaption>\n    &#8220;Evin \u00f6t\u0259n ay t\u0259hvil verilm\u0259si planla\u015fd\u0131r\u0131l\u0131rd\u0131&#8221;<br \/>\n  <\/figcaption><\/figure>\n<figure class=\"wp-block-image size-large\">\n  <img decoding=\"async\" src=\"https:\/\/www.meydan.tv\/az\/83271988_2498622713791440_5926374721753972736_n-jpg\/\" alt=\"83271988_2498622713791440_5926374721753972736_n.jpg\" class=\"wp-image-135907\"\/><figcaption>\n    &#8220;And-aman etdil\u0259r ki, yanvar\u0131n 10-da pul olacaq, azac\u0131q s\u0259bir etsinl\u0259r&#8221;<br \/>\n  <\/figcaption><\/figure>\n<figure class=\"wp-block-image size-large\">\n  <img decoding=\"async\" src=\"https:\/\/www.meydan.tv\/az\/82974822_2498622627124782_6576950237171023872_n-jpg\/\" alt=\"82974822_2498622627124782_6576950237171023872_n.jpg\" class=\"wp-image-135901\"\/><figcaption>\n    &#8220;M\u00fchasib\u0259 dedik ki, ustalar\u0131n pulunu verm\u0259s\u0259z, sizi \u015fikay\u0259t ed\u0259c\u0259yik&#8221;<br \/>\n  <\/figcaption><\/figure>\n","protected":false},"excerpt":{"rendered":"<p>&#8220;M\u00fchasib\u0259 dedik ki, ustalar\u0131n pulunu verm\u0259s\u0259z, sizi \u015fikay\u0259t ed\u0259c\u0259yik&#8221;<\/p>\n","protected":false},"author":11,"featured_media":135898,"comment_status":"closed","ping_status":"open","sticky":false,"template":"","format":"standard","meta":{"_acf_changed":false,"_sitemap_exclude":false,"_sitemap_priority":"","_sitemap_frequency":"","footnotes":""},"categories":[60],"tags":[],"class_list":["post-198824","post","type-post","status-publish","format-standard","has-post-thumbnail","hentry","category-bolge","infinite-scroll-item","generate-columns","tablet-grid-50","mobile-grid-100","grid-parent","grid-33","no-featured-image-padding"],"acf":[],"yoast_head":"<!-- This site is optimized with the Yoast SEO plugin v27.5 - https:\/\/yoast.com\/product\/yoast-seo-wordpress\/ -->\n<title>A\u011fsu sakini: D\u00f6vl\u0259tin ay\u0131rd\u0131\u011f\u0131 pulu yeyibl\u0259r - MEYDAN.TV<\/title>\n<meta name=\"robots\" content=\"index, follow, max-snippet:-1, max-image-preview:large, max-video-preview:-1\" \/>\n<link rel=\"canonical\" href=\"https:\/\/www.meydan.tv\/az\/article\/agsu-sakini-dovletin-ayirdigi-pulu-yeyibler\/\" \/>\n<meta property=\"og:locale\" content=\"az_AZ\" \/>\n<meta property=\"og:type\" content=\"article\" \/>\n<meta property=\"og:title\" content=\"A\u011fsu sakini: D\u00f6vl\u0259tin ay\u0131rd\u0131\u011f\u0131 pulu yeyibl\u0259r - MEYDAN.TV\" \/>\n<meta property=\"og:description\" content=\"&quot;M\u00fchasib\u0259 dedik ki, ustalar\u0131n pulunu verm\u0259s\u0259z, sizi \u015fikay\u0259t ed\u0259c\u0259yik&quot;\" \/>\n<meta property=\"og:url\" content=\"https:\/\/www.meydan.tv\/az\/article\/agsu-sakini-dovletin-ayirdigi-pulu-yeyibler\/\" \/>\n<meta property=\"og:site_name\" content=\"MEYDAN.TV\" \/>\n<meta property=\"article:published_time\" content=\"2020-01-16T10:50:34+00:00\" \/>\n<meta property=\"og:image\" content=\"https:\/\/www.meydan.tv\/wp-content\/uploads\/82948944_2498714833782228_4503838990192869376_n.jpg\" \/>\n\t<meta property=\"og:image:width\" content=\"960\" \/>\n\t<meta property=\"og:image:height\" content=\"720\" \/>\n\t<meta property=\"og:image:type\" content=\"image\/jpeg\" \/>\n<meta name=\"author\" content=\"user-manager\" \/>\n<meta name=\"twitter:card\" content=\"summary_large_image\" \/>\n<script type=\"application\/ld+json\" class=\"yoast-schema-graph\">{\"@context\":\"https:\\\/\\\/schema.org\",\"@graph\":[{\"@type\":\"Article\",\"@id\":\"https:\\\/\\\/www.meydan.tv\\\/az\\\/article\\\/agsu-sakini-dovletin-ayirdigi-pulu-yeyibler\\\/#article\",\"isPartOf\":{\"@id\":\"https:\\\/\\\/www.meydan.tv\\\/az\\\/article\\\/agsu-sakini-dovletin-ayirdigi-pulu-yeyibler\\\/\"},\"author\":{\"name\":\"user-manager\",\"@id\":\"https:\\\/\\\/www.meydan.tv\\\/az\\\/#\\\/schema\\\/person\\\/10d11eccf6da3662cf5fdab9806ea91a\"},\"headline\":\"A\u011fsu sakini: D\u00f6vl\u0259tin ay\u0131rd\u0131\u011f\u0131 pulu yeyibl\u0259r\",\"datePublished\":\"2020-01-16T10:50:34+00:00\",\"mainEntityOfPage\":{\"@id\":\"https:\\\/\\\/www.meydan.tv\\\/az\\\/article\\\/agsu-sakini-dovletin-ayirdigi-pulu-yeyibler\\\/\"},\"wordCount\":795,\"publisher\":{\"@id\":\"https:\\\/\\\/www.meydan.tv\\\/az\\\/#organization\"},\"image\":{\"@id\":\"https:\\\/\\\/www.meydan.tv\\\/az\\\/article\\\/agsu-sakini-dovletin-ayirdigi-pulu-yeyibler\\\/#primaryimage\"},\"thumbnailUrl\":\"https:\\\/\\\/www.meydan.tv\\\/wp-content\\\/uploads\\\/82948944_2498714833782228_4503838990192869376_n.jpg\",\"articleSection\":[\"B\u00f6lg\u0259\"],\"inLanguage\":\"az\"},{\"@type\":\"WebPage\",\"@id\":\"https:\\\/\\\/www.meydan.tv\\\/az\\\/article\\\/agsu-sakini-dovletin-ayirdigi-pulu-yeyibler\\\/\",\"url\":\"https:\\\/\\\/www.meydan.tv\\\/az\\\/article\\\/agsu-sakini-dovletin-ayirdigi-pulu-yeyibler\\\/\",\"name\":\"A\u011fsu sakini: D\u00f6vl\u0259tin ay\u0131rd\u0131\u011f\u0131 pulu yeyibl\u0259r - MEYDAN.TV\",\"isPartOf\":{\"@id\":\"https:\\\/\\\/www.meydan.tv\\\/az\\\/#website\"},\"primaryImageOfPage\":{\"@id\":\"https:\\\/\\\/www.meydan.tv\\\/az\\\/article\\\/agsu-sakini-dovletin-ayirdigi-pulu-yeyibler\\\/#primaryimage\"},\"image\":{\"@id\":\"https:\\\/\\\/www.meydan.tv\\\/az\\\/article\\\/agsu-sakini-dovletin-ayirdigi-pulu-yeyibler\\\/#primaryimage\"},\"thumbnailUrl\":\"https:\\\/\\\/www.meydan.tv\\\/wp-content\\\/uploads\\\/82948944_2498714833782228_4503838990192869376_n.jpg\",\"datePublished\":\"2020-01-16T10:50:34+00:00\",\"breadcrumb\":{\"@id\":\"https:\\\/\\\/www.meydan.tv\\\/az\\\/article\\\/agsu-sakini-dovletin-ayirdigi-pulu-yeyibler\\\/#breadcrumb\"},\"inLanguage\":\"az\",\"potentialAction\":[{\"@type\":\"ReadAction\",\"target\":[\"https:\\\/\\\/www.meydan.tv\\\/az\\\/article\\\/agsu-sakini-dovletin-ayirdigi-pulu-yeyibler\\\/\"]}]},{\"@type\":\"ImageObject\",\"inLanguage\":\"az\",\"@id\":\"https:\\\/\\\/www.meydan.tv\\\/az\\\/article\\\/agsu-sakini-dovletin-ayirdigi-pulu-yeyibler\\\/#primaryimage\",\"url\":\"https:\\\/\\\/www.meydan.tv\\\/wp-content\\\/uploads\\\/82948944_2498714833782228_4503838990192869376_n.jpg\",\"contentUrl\":\"https:\\\/\\\/www.meydan.tv\\\/wp-content\\\/uploads\\\/82948944_2498714833782228_4503838990192869376_n.jpg\",\"width\":960,\"height\":720,\"caption\":\"Source: Specify Source\"},{\"@type\":\"BreadcrumbList\",\"@id\":\"https:\\\/\\\/www.meydan.tv\\\/az\\\/article\\\/agsu-sakini-dovletin-ayirdigi-pulu-yeyibler\\\/#breadcrumb\",\"itemListElement\":[{\"@type\":\"ListItem\",\"position\":1,\"name\":\"Ana s\u0259hif\u0259\",\"item\":\"https:\\\/\\\/www.meydan.tv\\\/az\\\/\"},{\"@type\":\"ListItem\",\"position\":2,\"name\":\"B\u00f6lg\u0259\",\"item\":\"https:\\\/\\\/www.meydan.tv\\\/az\\\/section\\\/bolge\\\/\"},{\"@type\":\"ListItem\",\"position\":3,\"name\":\"A\u011fsu sakini: D\u00f6vl\u0259tin ay\u0131rd\u0131\u011f\u0131 pulu yeyibl\u0259r\"}]},{\"@type\":\"WebSite\",\"@id\":\"https:\\\/\\\/www.meydan.tv\\\/az\\\/#website\",\"url\":\"https:\\\/\\\/www.meydan.tv\\\/az\\\/\",\"name\":\"MEYDAN.TV\",\"description\":\"Meydan TV Az\u0259rbaycan\u0131n media m\u0259kan\u0131ndak\u0131 alternativ s\u0259sidir\",\"publisher\":{\"@id\":\"https:\\\/\\\/www.meydan.tv\\\/az\\\/#organization\"},\"potentialAction\":[{\"@type\":\"SearchAction\",\"target\":{\"@type\":\"EntryPoint\",\"urlTemplate\":\"https:\\\/\\\/www.meydan.tv\\\/az\\\/?s={search_term_string}\"},\"query-input\":{\"@type\":\"PropertyValueSpecification\",\"valueRequired\":true,\"valueName\":\"search_term_string\"}}],\"inLanguage\":\"az\"},{\"@type\":\"Organization\",\"@id\":\"https:\\\/\\\/www.meydan.tv\\\/az\\\/#organization\",\"name\":\"Meydan TV\",\"url\":\"https:\\\/\\\/www.meydan.tv\\\/az\\\/\",\"logo\":{\"@type\":\"ImageObject\",\"inLanguage\":\"az\",\"@id\":\"https:\\\/\\\/www.meydan.tv\\\/az\\\/#\\\/schema\\\/logo\\\/image\\\/\",\"url\":\"https:\\\/\\\/www.meydan.tv\\\/wp-content\\\/uploads\\\/2021\\\/07\\\/meydan-logo.svg\",\"contentUrl\":\"https:\\\/\\\/www.meydan.tv\\\/wp-content\\\/uploads\\\/2021\\\/07\\\/meydan-logo.svg\",\"width\":195,\"height\":46,\"caption\":\"Meydan TV\"},\"image\":{\"@id\":\"https:\\\/\\\/www.meydan.tv\\\/az\\\/#\\\/schema\\\/logo\\\/image\\\/\"}},{\"@type\":\"Person\",\"@id\":\"https:\\\/\\\/www.meydan.tv\\\/az\\\/#\\\/schema\\\/person\\\/10d11eccf6da3662cf5fdab9806ea91a\",\"name\":\"user-manager\"}]}<\/script>\n<!-- \/ Yoast SEO plugin. -->","yoast_head_json":{"title":"A\u011fsu sakini: D\u00f6vl\u0259tin ay\u0131rd\u0131\u011f\u0131 pulu yeyibl\u0259r - MEYDAN.TV","robots":{"index":"index","follow":"follow","max-snippet":"max-snippet:-1","max-image-preview":"max-image-preview:large","max-video-preview":"max-video-preview:-1"},"canonical":"https:\/\/www.meydan.tv\/az\/article\/agsu-sakini-dovletin-ayirdigi-pulu-yeyibler\/","og_locale":"az_AZ","og_type":"article","og_title":"A\u011fsu sakini: D\u00f6vl\u0259tin ay\u0131rd\u0131\u011f\u0131 pulu yeyibl\u0259r - MEYDAN.TV","og_description":"\"M\u00fchasib\u0259 dedik ki, ustalar\u0131n pulunu verm\u0259s\u0259z, sizi \u015fikay\u0259t ed\u0259c\u0259yik\"","og_url":"https:\/\/www.meydan.tv\/az\/article\/agsu-sakini-dovletin-ayirdigi-pulu-yeyibler\/","og_site_name":"MEYDAN.TV","article_published_time":"2020-01-16T10:50:34+00:00","og_image":[{"width":960,"height":720,"url":"https:\/\/www.meydan.tv\/wp-content\/uploads\/82948944_2498714833782228_4503838990192869376_n.jpg","type":"image\/jpeg"}],"author":"user-manager","twitter_card":"summary_large_image","schema":{"@context":"https:\/\/schema.org","@graph":[{"@type":"Article","@id":"https:\/\/www.meydan.tv\/az\/article\/agsu-sakini-dovletin-ayirdigi-pulu-yeyibler\/#article","isPartOf":{"@id":"https:\/\/www.meydan.tv\/az\/article\/agsu-sakini-dovletin-ayirdigi-pulu-yeyibler\/"},"author":{"name":"user-manager","@id":"https:\/\/www.meydan.tv\/az\/#\/schema\/person\/10d11eccf6da3662cf5fdab9806ea91a"},"headline":"A\u011fsu sakini: D\u00f6vl\u0259tin ay\u0131rd\u0131\u011f\u0131 pulu yeyibl\u0259r","datePublished":"2020-01-16T10:50:34+00:00","mainEntityOfPage":{"@id":"https:\/\/www.meydan.tv\/az\/article\/agsu-sakini-dovletin-ayirdigi-pulu-yeyibler\/"},"wordCount":795,"publisher":{"@id":"https:\/\/www.meydan.tv\/az\/#organization"},"image":{"@id":"https:\/\/www.meydan.tv\/az\/article\/agsu-sakini-dovletin-ayirdigi-pulu-yeyibler\/#primaryimage"},"thumbnailUrl":"https:\/\/www.meydan.tv\/wp-content\/uploads\/82948944_2498714833782228_4503838990192869376_n.jpg","articleSection":["B\u00f6lg\u0259"],"inLanguage":"az"},{"@type":"WebPage","@id":"https:\/\/www.meydan.tv\/az\/article\/agsu-sakini-dovletin-ayirdigi-pulu-yeyibler\/","url":"https:\/\/www.meydan.tv\/az\/article\/agsu-sakini-dovletin-ayirdigi-pulu-yeyibler\/","name":"A\u011fsu sakini: D\u00f6vl\u0259tin ay\u0131rd\u0131\u011f\u0131 pulu yeyibl\u0259r - MEYDAN.TV","isPartOf":{"@id":"https:\/\/www.meydan.tv\/az\/#website"},"primaryImageOfPage":{"@id":"https:\/\/www.meydan.tv\/az\/article\/agsu-sakini-dovletin-ayirdigi-pulu-yeyibler\/#primaryimage"},"image":{"@id":"https:\/\/www.meydan.tv\/az\/article\/agsu-sakini-dovletin-ayirdigi-pulu-yeyibler\/#primaryimage"},"thumbnailUrl":"https:\/\/www.meydan.tv\/wp-content\/uploads\/82948944_2498714833782228_4503838990192869376_n.jpg","datePublished":"2020-01-16T10:50:34+00:00","breadcrumb":{"@id":"https:\/\/www.meydan.tv\/az\/article\/agsu-sakini-dovletin-ayirdigi-pulu-yeyibler\/#breadcrumb"},"inLanguage":"az","potentialAction":[{"@type":"ReadAction","target":["https:\/\/www.meydan.tv\/az\/article\/agsu-sakini-dovletin-ayirdigi-pulu-yeyibler\/"]}]},{"@type":"ImageObject","inLanguage":"az","@id":"https:\/\/www.meydan.tv\/az\/article\/agsu-sakini-dovletin-ayirdigi-pulu-yeyibler\/#primaryimage","url":"https:\/\/www.meydan.tv\/wp-content\/uploads\/82948944_2498714833782228_4503838990192869376_n.jpg","contentUrl":"https:\/\/www.meydan.tv\/wp-content\/uploads\/82948944_2498714833782228_4503838990192869376_n.jpg","width":960,"height":720,"caption":"Source: Specify Source"},{"@type":"BreadcrumbList","@id":"https:\/\/www.meydan.tv\/az\/article\/agsu-sakini-dovletin-ayirdigi-pulu-yeyibler\/#breadcrumb","itemListElement":[{"@type":"ListItem","position":1,"name":"Ana s\u0259hif\u0259","item":"https:\/\/www.meydan.tv\/az\/"},{"@type":"ListItem","position":2,"name":"B\u00f6lg\u0259","item":"https:\/\/www.meydan.tv\/az\/section\/bolge\/"},{"@type":"ListItem","position":3,"name":"A\u011fsu sakini: D\u00f6vl\u0259tin ay\u0131rd\u0131\u011f\u0131 pulu yeyibl\u0259r"}]},{"@type":"WebSite","@id":"https:\/\/www.meydan.tv\/az\/#website","url":"https:\/\/www.meydan.tv\/az\/","name":"MEYDAN.TV","description":"Meydan TV Az\u0259rbaycan\u0131n media m\u0259kan\u0131ndak\u0131 alternativ s\u0259sidir","publisher":{"@id":"https:\/\/www.meydan.tv\/az\/#organization"},"potentialAction":[{"@type":"SearchAction","target":{"@type":"EntryPoint","urlTemplate":"https:\/\/www.meydan.tv\/az\/?s={search_term_string}"},"query-input":{"@type":"PropertyValueSpecification","valueRequired":true,"valueName":"search_term_string"}}],"inLanguage":"az"},{"@type":"Organization","@id":"https:\/\/www.meydan.tv\/az\/#organization","name":"Meydan TV","url":"https:\/\/www.meydan.tv\/az\/","logo":{"@type":"ImageObject","inLanguage":"az","@id":"https:\/\/www.meydan.tv\/az\/#\/schema\/logo\/image\/","url":"https:\/\/www.meydan.tv\/wp-content\/uploads\/2021\/07\/meydan-logo.svg","contentUrl":"https:\/\/www.meydan.tv\/wp-content\/uploads\/2021\/07\/meydan-logo.svg","width":195,"height":46,"caption":"Meydan TV"},"image":{"@id":"https:\/\/www.meydan.tv\/az\/#\/schema\/logo\/image\/"}},{"@type":"Person","@id":"https:\/\/www.meydan.tv\/az\/#\/schema\/person\/10d11eccf6da3662cf5fdab9806ea91a","name":"user-manager"}]}},"_links":{"self":[{"href":"https:\/\/www.meydan.tv\/az\/wp-json\/wp\/v2\/posts\/198824","targetHints":{"allow":["GET"]}}],"collection":[{"href":"https:\/\/www.meydan.tv\/az\/wp-json\/wp\/v2\/posts"}],"about":[{"href":"https:\/\/www.meydan.tv\/az\/wp-json\/wp\/v2\/types\/post"}],"author":[{"embeddable":true,"href":"https:\/\/www.meydan.tv\/az\/wp-json\/wp\/v2\/users\/11"}],"replies":[{"embeddable":true,"href":"https:\/\/www.meydan.tv\/az\/wp-json\/wp\/v2\/comments?post=198824"}],"version-history":[{"count":0,"href":"https:\/\/www.meydan.tv\/az\/wp-json\/wp\/v2\/posts\/198824\/revisions"}],"wp:featuredmedia":[{"embeddable":true,"href":"https:\/\/www.meydan.tv\/az\/wp-json\/wp\/v2\/media\/135898"}],"wp:attachment":[{"href":"https:\/\/www.meydan.tv\/az\/wp-json\/wp\/v2\/media?parent=198824"}],"wp:term":[{"taxonomy":"category","embeddable":true,"href":"https:\/\/www.meydan.tv\/az\/wp-json\/wp\/v2\/categories?post=198824"},{"taxonomy":"post_tag","embeddable":true,"href":"https:\/\/www.meydan.tv\/az\/wp-json\/wp\/v2\/tags?post=198824"}],"curies":[{"name":"wp","href":"https:\/\/api.w.org\/{rel}","templated":true}]}}