{"id":198823,"date":"2020-01-16T11:26:27","date_gmt":"2020-01-16T11:26:27","guid":{"rendered":"https:\/\/www.meydan.tv\/article\/yekaterinaya-qucaq-acan-nergizi-gormeyen-federasiya\/"},"modified":"2020-01-16T11:26:27","modified_gmt":"2020-01-16T11:26:27","slug":"yekaterinaya-qucaq-acan-nergizi-gormeyen-federasiya","status":"publish","type":"post","link":"https:\/\/www.meydan.tv\/az\/article\/yekaterinaya-qucaq-acan-nergizi-gormeyen-federasiya\/","title":{"rendered":"Yekaterinaya qucaq a\u00e7an, N\u0259rgizi \u201cg\u00f6rm\u0259y\u0259n\u201d federasiya"},"content":{"rendered":"<p>\n  <i><br \/>\n    Federasiya idman\u00e7\u0131 il\u0259 ba\u011fl\u0131 onlara m\u00fcraci\u0259t olunmad\u0131\u011f\u0131n\u0131 deyir<br \/>\n  <\/i>\n<\/p>\n<p>\n  Bu il Az\u0259rbaycan ilk d\u0259f\u0259 olaraq Yeniyetm\u0259l\u0259rin Q\u0131\u015f Olimpiya Oyunlar\u0131nda t\u0259msil olunub.\n<\/p>\n<p>\n  S\u00f6z\u00fcged\u0259n turnird\u0259 Az\u0259rbaycan ad\u0131na yaln\u0131z bir idman\u00e7\u0131 &#8211; Yekaterina Ryabova m\u00fcbariz\u0259 apar\u0131b. 16 ya\u015fl\u0131 rusiyal\u0131 legioner buz\u00fcst\u00fc fiqurlu konkis\u00fcrm\u0259 yar\u0131\u015f\u0131nda i\u015ftirak edib. Ryabova s\u0259rb\u0259st yar\u0131\u015fda 8-ci yeri tutub. O, yanvar\u0131n 11-d\u0259 q\u0131sa proqramda \u00e7\u0131x\u0131\u015f edib. Ryabova bu d\u0259f\u0259 59,30 xalla 9-cu olub.\n<\/p>\n<p>\n  Bel\u0259likl\u0259, Az\u0259rbaycan sayca \u00fc\u00e7\u00fcnc\u00fc d\u0259f\u0259 ke\u00e7iril\u0259n Yeniyetm\u0259l\u0259rin Q\u0131\u015f Olimpiya Oyunlar\u0131nda ilk d\u0259f\u0259, h\u0259m d\u0259 rusiyal\u0131 legioner t\u0259r\u0259find\u0259n t\u0259msil olunub. Bel\u0259d\u0259 ortaya sual \u00e7\u0131x\u0131r: h\u0259qiq\u0259t\u0259nmi, buz\u00fcst\u00fc fiqurlu konkis\u00fcrm\u0259 yar\u0131\u015flar\u0131nda Az\u0259rbaycan\u0131 t\u0259msil ed\u0259c\u0259k az\u0259rbaycanl\u0131 idman\u00e7\u0131 yoxdur?\n<\/p>\n<p>\n  <b><br \/>\n    Almaniyadak\u0131 az\u0259rbaycanl\u0131<br \/>\n  <\/b>\n<\/p>\n<p>\n  Az\u0259rbaycanl\u0131 olan, haz\u0131rda Almaniyada ya\u015fayan N\u0259rgiz S\u00fcleymanova bu \u00f6lk\u0259d\u0259 fiqurlu konkis\u00fcrm\u0259 yar\u0131\u015flar\u0131nda d\u0259f\u0259l\u0259rl\u0259 h\u0259m daxili, h\u0259m d\u0259 beyn\u0259lxalq yar\u0131\u015flarda nailiyy\u0259tl\u0259r qazan\u0131b. Almaniya millisinin \u00fczv\u00fc olan 15 ya\u015fl\u0131 N\u0259rgiz, fiqurlu konkis\u00fcrm\u0259d\u0259 idman ustas\u0131 ad\u0131na da layiq g\u00f6r\u00fcl\u00fcb. N\u0259rgizin bu il fiqurlu d\u00fcnya \u00e7empionat\u0131nda da Almaniyan\u0131n ad\u0131 u\u011frunda yar\u0131\u015faca\u011f\u0131 istisna olunmur.\n<\/p>\n<p>\n  B\u0259s n\u0259 \u00fc\u00e7\u00fcn N\u0259rgiz Almaniyada u\u011furlar \u0259ld\u0259 etm\u0259sin\u0259 baxmayaraq, Az\u0259rbaycan\u0131 t\u0259msil etmir?\n<\/p>\n<p>\n  N\u0259rgizin atas\u0131 Elmar S\u00fcleymanov q\u0131z\u0131n\u0131n Az\u0259rbaycan\u0131 t\u0259msil etm\u0259sini, milli komandaya d\u0259v\u0259t olunmas\u0131n\u0131 ist\u0259yir. S\u00fcleymanov h\u0259tta Az\u0259rbaycan Q\u0131\u015f \u0130dman N\u00f6vl\u0259ri Federasiyas\u0131n\u0131n \u0130nformasiya v\u0259 \u0130ctimaiyy\u0259tl\u0259 \u018flaq\u0259l\u0259r Departamentinin r\u0259hb\u0259ri Afaq Zeynalovaya q\u0131z\u0131n\u0131n nailiyy\u0259tl\u0259ri haqda v\u0259 onun \u00f6z \u00f6lk\u0259sinin y\u0131\u011fma komandas\u0131na d\u0259v\u0259t olunmas\u0131 \u00fc\u00e7\u00fcn m\u0259ktub yazd\u0131\u011f\u0131n\u0131 bildirir. Lakin bu bar\u0259d\u0259 ona cavab verilm\u0259yib.\n<\/p>\n<figure class=\"wp-block-image size-large\">\n  <img decoding=\"async\" src=\"https:\/\/www.meydan.tv\/az\/82326355_517149442257857_6074184002611183616_n-jpg\/\" alt=\"82326355_517149442257857_6074184002611183616_n.jpg\" class=\"wp-image-135943\"\/><figcaption>\n    Afaq Zeynalova<br \/>\n  <\/figcaption><\/figure>\n<p>\n  Afaq Zeynalova is\u0259 S\u00fcleymanovun onlara deyil, ba\u015fqa qurumlara m\u00fcraci\u0259t etdiyini deyir. Buna baxmayaraq, federasiya r\u0259smisi S\u00fcleymanova il\u0259 ba\u011fl\u0131 m\u0259s\u0259l\u0259ni m\u00fczakir\u0259 edib, q\u0259rar ver\u0259c\u0259kl\u0259rini s\u00f6yl\u0259yib:\n<\/p>\n<p>\n  \u201cN\u0259rgiz xan\u0131m\u0131n atas\u0131 biziml\u0259 \u0259laq\u0259 saxlamay\u0131b. Bizd\u0259n ba\u015fqa, dig\u0259r qurumlara m\u00fcraci\u0259t edib. Onlar t\u0259r\u0259fd\u0259n biz\u0259 he\u00e7 bir m\u00fcraci\u0259t olmam\u0131\u015fd\u0131. D\u0259f\u0259l\u0259rl\u0259 demi\u015fdim ki, biz\u0259 m\u00fcraci\u0259t etsinl\u0259r. Biz\u0259 d\u0259 xo\u015f olar ki, h\u0259qiq\u0259t\u0259n, \u00f6lk\u0259mizi layiqli t\u0259msil ed\u0259c\u0259k bir idman\u00e7\u0131m\u0131z varsa, onun t\u0259r\u0259find\u0259n t\u0259klif g\u0259lsin, t\u0259sdiql\u0259y\u0259k. \u0130lk d\u0259f\u0259 deyil ki, bir idman\u00e7\u0131 Az\u0259rbaycan \u00fc\u00e7\u00fcn yar\u0131\u015fmaq ist\u0259sin. M\u0259s\u0259l\u0259n, Fransadan olan bir u\u015faq var idi, onun anas\u0131 biz\u0259 m\u00fcraci\u0259t etmi\u015fdi. Onlar\u0131 Moskvaya yollad\u0131q, b\u00fct\u00fcn \u00f6d\u0259ni\u015fl\u0259ri qar\u015f\u0131lad\u0131q. Ona bax\u0131\u015f ke\u00e7irildi, ancaq y\u00fcks\u0259k n\u0259tic\u0259l\u0259r g\u00f6st\u0259rm\u0259diyi \u00fc\u00e7\u00fcn t\u0259r\u0259fimizd\u0259n d\u0259 maraq olmad\u0131. Lakin N\u0259rgiz S\u00fcleymanovan\u0131n atas\u0131 he\u00e7 vaxt biziml\u0259 \u0259laq\u0259 saxlamay\u0131b.\n<\/p>\n<p>\n  N\u0259rgiz xan\u0131mla ba\u011fl\u0131 m\u0259lumat\u0131 yeni alm\u0131\u015fam. M\u0259lumat\u0131 r\u0259hb\u0259rlikl\u0259 b\u00f6l\u00fc\u015f\u00fcb, m\u00fczakir\u0259 ed\u0259nd\u0259n sonra q\u0259rar ver\u0259c\u0259yik\u201d.\n<\/p>\n<p>\n  <b><br \/>\n    N\u0259rgiz \u00fc\u00e7\u00fcn AG\u0130N-\u0259 d\u0259 m\u00fcraci\u0259t olunub<br \/>\n  <\/b>\n<\/p>\n<p>\n  Az\u0259rbaycan G\u0259ncl\u0259r v\u0259 \u0130dman Nazirliyinin (AG\u0130N) m\u0259tbuat xidm\u0259tinin r\u0259hb\u0259ri S\u0259may\u0259 M\u0259mm\u0259dova is\u0259 deyib ki, bu m\u0259s\u0259l\u0259nin onlara aidiyy\u0259ti yoxdur. O, nazirliyin milli komandaya idman\u00e7\u0131 d\u0259v\u0259t etm\u0259k kimi bir s\u0259lahiyy\u0259t\u0259 sahib olmad\u0131\u011f\u0131n\u0131 bildirib:\n<\/p>\n<figure class=\"wp-block-image size-large\">\n  <img decoding=\"async\" src=\"https:\/\/www.meydan.tv\/az\/82801756_526489941321124_3923123866624327680_n-jpg\/\" alt=\"82801756_526489941321124_3923123866624327680_n.jpg\" class=\"wp-image-135928\"\/><figcaption>\n    S\u0259may\u0259 M\u0259mm\u0259dova<br \/>\n  <\/figcaption><\/figure>\n<p>\n  \u201cM\u0259n\u0259 bu m\u0259s\u0259l\u0259 il\u0259 ba\u011fl\u0131 d\u0259f\u0259l\u0259rl\u0259 m\u00fcraci\u0259t olunub v\u0259 d\u0259f\u0259l\u0259rl\u0259 bildirmi\u015f\u0259m ki, idman\u00e7\u0131n\u0131n komandaya c\u0259lb edilm\u0259si G\u0259ncl\u0259r v\u0259 \u0130dman Nazirliyin\u0259 aid deyil. Nazirliyin s\u0259lahiyy\u0259tl\u0259rin\u0259 milli komandalar\u0131n t\u0259lim-m\u0259\u015fq toplan\u0131\u015flar\u0131na, yar\u0131\u015flara g\u00f6nd\u0259rilm\u0259si, d\u0259rman preparatlar\u0131yla t\u0259min edilm\u0259si daxildir. \u0130dman\u00e7\u0131n\u0131n milli komandaya d\u0259v\u0259t olunmas\u0131 birba\u015fa federasiyan\u0131n s\u0259lahiyy\u0259tin\u0259 daxildir. Biz onlara m\u00fcdaxil\u0259 etmirik. Onlar ictimai qurumdur. Ba\u015f katibin, prezidentin, vitse-prezidentin se\u00e7ilm\u0259si onlarl\u0131qd\u0131r. N\u00fcmay\u0259nd\u0259l\u0259rinin adlar\u0131n\u0131 ir\u0259li s\u00fcr\u00fcrl\u0259r, m\u00fczakir\u0259 olunur v\u0259 daha sonra q\u0259rar q\u0259bul edilir. El\u0259c\u0259 d\u0259, idman\u00e7\u0131n\u0131n milli komandaya d\u0259v\u0259t edilm\u0259si\u201d.\n<\/p>\n<p>\n  <b><br \/>\n    Fiqurlu konkis\u00fcrm\u0259 n\u0259dir?<br \/>\n  <\/b>\n<\/p>\n<p>\n  Fiqurlu konkis\u00fcrm\u0259 &#8211; musiqinin m\u00fc\u015fayi\u0259til\u0259 buz \u00fcz\u0259rind\u0259 r\u0259qs, amma \u00e7\u0259tin elementl\u0259rl\u0259 z\u0259ngin bir r\u0259qs n\u00fcmun\u0259sidir. Fiqurlu konkis\u00fcrm\u0259 idman n\u00f6v\u00fcd\u00fcr, olimpiya idman n\u00f6vl\u0259rin\u0259 aiddir. \u0130dman\u00e7\u0131n\u0131n h\u0259m musiqi duyumu \u00e7ox g\u00fccl\u00fc olmal\u0131, h\u0259m d\u0259, fiziki haz\u0131rl\u0131\u011f\u0131 y\u00fcks\u0259k s\u0259viyy\u0259d\u0259 olmal\u0131d\u0131r ki, \u00e7\u0259tin r\u0259qs h\u0259r\u0259k\u0259tl\u0259rini buz \u00fcz\u0259rind\u0259 konki il\u0259 n\u00fcmayi\u015f etdirm\u0259yi bacars\u0131n. Az\u0259rbaycanda q\u0131\u015f idman n\u00f6vl\u0259ri o q\u0259d\u0259r d\u0259 populyar olmad\u0131\u011f\u0131ndan, bu idman n\u00f6v\u00fcn\u0259 maraq da \u00e7ox deyil. El\u0259 bu s\u0259b\u0259bd\u0259ndir ki, q\u0131\u015f idman n\u00f6vl\u0259rind\u0259 Az\u0259rbaycan\u0131 t\u0259msil ed\u0259n idman\u00e7\u0131lar legionerl\u0259rdir.\n<\/p>\n<p>\n  Az\u0259rbaycan Q\u0131\u015f idman n\u00f6vl\u0259ri Federasiyas\u0131n\u0131n prezidenti az\u0259rbaycanl\u0131 i\u015f adam\u0131 \u0130sg\u0259nd\u0259r X\u0259lilovdur.\n<\/p>\n<figure class=\"wp-block-image size-large\">\n  <img decoding=\"async\" src=\"https:\/\/www.meydan.tv\/az\/82230737_2888730837804079_4758334476998672384_n-png\/\" alt=\"82230737_2888730837804079_4758334476998672384_n.png\" class=\"wp-image-135945\"\/><figcaption>\n    N\u0259rgiz S\u00fcleymanova<br \/>\n  <\/figcaption><\/figure>\n","protected":false},"excerpt":{"rendered":"<p>&#8220;Bel\u0259d\u0259 ortaya sual \u00e7\u0131x\u0131r: h\u0259qiq\u0259t\u0259nmi, buz\u00fcst\u00fc fiqurlu konkis\u00fcrm\u0259 yar\u0131\u015flar\u0131nda Az\u0259rbaycan\u0131 t\u0259msil ed\u0259c\u0259k az\u0259rbaycanl\u0131 idman\u00e7\u0131 yoxdur?&#8221;<\/p>\n","protected":false},"author":11,"featured_media":135937,"comment_status":"closed","ping_status":"open","sticky":false,"template":"","format":"standard","meta":{"_acf_changed":false,"_sitemap_exclude":false,"_sitemap_priority":"","_sitemap_frequency":"","footnotes":""},"categories":[62],"tags":[],"class_list":["post-198823","post","type-post","status-publish","format-standard","has-post-thumbnail","hentry","category-sosial","infinite-scroll-item","generate-columns","tablet-grid-50","mobile-grid-100","grid-parent","grid-33","no-featured-image-padding"],"acf":[],"yoast_head":"<!-- This site is optimized with the Yoast SEO plugin v27.4 - https:\/\/yoast.com\/product\/yoast-seo-wordpress\/ -->\n<title>Yekaterinaya qucaq a\u00e7an, N\u0259rgizi \u201cg\u00f6rm\u0259y\u0259n\u201d federasiya - MEYDAN.TV<\/title>\n<meta name=\"robots\" content=\"index, follow, max-snippet:-1, max-image-preview:large, max-video-preview:-1\" \/>\n<link rel=\"canonical\" href=\"https:\/\/www.meydan.tv\/az\/article\/yekaterinaya-qucaq-acan-nergizi-gormeyen-federasiya\/\" \/>\n<meta property=\"og:locale\" content=\"az_AZ\" \/>\n<meta property=\"og:type\" content=\"article\" \/>\n<meta property=\"og:title\" content=\"Yekaterinaya qucaq a\u00e7an, N\u0259rgizi \u201cg\u00f6rm\u0259y\u0259n\u201d federasiya - MEYDAN.TV\" \/>\n<meta property=\"og:description\" content=\"&quot;Bel\u0259d\u0259 ortaya sual \u00e7\u0131x\u0131r: h\u0259qiq\u0259t\u0259nmi, buz\u00fcst\u00fc fiqurlu konkis\u00fcrm\u0259 yar\u0131\u015flar\u0131nda Az\u0259rbaycan\u0131 t\u0259msil ed\u0259c\u0259k az\u0259rbaycanl\u0131 idman\u00e7\u0131 yoxdur?&quot;\" \/>\n<meta property=\"og:url\" content=\"https:\/\/www.meydan.tv\/az\/article\/yekaterinaya-qucaq-acan-nergizi-gormeyen-federasiya\/\" \/>\n<meta property=\"og:site_name\" content=\"MEYDAN.TV\" \/>\n<meta property=\"article:published_time\" content=\"2020-01-16T11:26:27+00:00\" \/>\n<meta property=\"og:image\" content=\"https:\/\/www.meydan.tv\/wp-content\/uploads\/82105092_847784838985437_6976496218490798080_n.jpg\" \/>\n\t<meta property=\"og:image:width\" content=\"738\" \/>\n\t<meta property=\"og:image:height\" content=\"1078\" \/>\n\t<meta property=\"og:image:type\" content=\"image\/jpeg\" \/>\n<meta name=\"author\" content=\"user-manager\" \/>\n<meta name=\"twitter:card\" content=\"summary_large_image\" \/>\n<script type=\"application\/ld+json\" class=\"yoast-schema-graph\">{\"@context\":\"https:\\\/\\\/schema.org\",\"@graph\":[{\"@type\":\"Article\",\"@id\":\"https:\\\/\\\/www.meydan.tv\\\/az\\\/article\\\/yekaterinaya-qucaq-acan-nergizi-gormeyen-federasiya\\\/#article\",\"isPartOf\":{\"@id\":\"https:\\\/\\\/www.meydan.tv\\\/az\\\/article\\\/yekaterinaya-qucaq-acan-nergizi-gormeyen-federasiya\\\/\"},\"author\":{\"name\":\"user-manager\",\"@id\":\"https:\\\/\\\/www.meydan.tv\\\/az\\\/#\\\/schema\\\/person\\\/10d11eccf6da3662cf5fdab9806ea91a\"},\"headline\":\"Yekaterinaya qucaq a\u00e7an, N\u0259rgizi \u201cg\u00f6rm\u0259y\u0259n\u201d federasiya\",\"datePublished\":\"2020-01-16T11:26:27+00:00\",\"mainEntityOfPage\":{\"@id\":\"https:\\\/\\\/www.meydan.tv\\\/az\\\/article\\\/yekaterinaya-qucaq-acan-nergizi-gormeyen-federasiya\\\/\"},\"wordCount\":960,\"publisher\":{\"@id\":\"https:\\\/\\\/www.meydan.tv\\\/az\\\/#organization\"},\"image\":{\"@id\":\"https:\\\/\\\/www.meydan.tv\\\/az\\\/article\\\/yekaterinaya-qucaq-acan-nergizi-gormeyen-federasiya\\\/#primaryimage\"},\"thumbnailUrl\":\"https:\\\/\\\/www.meydan.tv\\\/wp-content\\\/uploads\\\/82105092_847784838985437_6976496218490798080_n.jpg\",\"articleSection\":[\"Sosial\"],\"inLanguage\":\"az\"},{\"@type\":\"WebPage\",\"@id\":\"https:\\\/\\\/www.meydan.tv\\\/az\\\/article\\\/yekaterinaya-qucaq-acan-nergizi-gormeyen-federasiya\\\/\",\"url\":\"https:\\\/\\\/www.meydan.tv\\\/az\\\/article\\\/yekaterinaya-qucaq-acan-nergizi-gormeyen-federasiya\\\/\",\"name\":\"Yekaterinaya qucaq a\u00e7an, N\u0259rgizi \u201cg\u00f6rm\u0259y\u0259n\u201d federasiya - MEYDAN.TV\",\"isPartOf\":{\"@id\":\"https:\\\/\\\/www.meydan.tv\\\/az\\\/#website\"},\"primaryImageOfPage\":{\"@id\":\"https:\\\/\\\/www.meydan.tv\\\/az\\\/article\\\/yekaterinaya-qucaq-acan-nergizi-gormeyen-federasiya\\\/#primaryimage\"},\"image\":{\"@id\":\"https:\\\/\\\/www.meydan.tv\\\/az\\\/article\\\/yekaterinaya-qucaq-acan-nergizi-gormeyen-federasiya\\\/#primaryimage\"},\"thumbnailUrl\":\"https:\\\/\\\/www.meydan.tv\\\/wp-content\\\/uploads\\\/82105092_847784838985437_6976496218490798080_n.jpg\",\"datePublished\":\"2020-01-16T11:26:27+00:00\",\"breadcrumb\":{\"@id\":\"https:\\\/\\\/www.meydan.tv\\\/az\\\/article\\\/yekaterinaya-qucaq-acan-nergizi-gormeyen-federasiya\\\/#breadcrumb\"},\"inLanguage\":\"az\",\"potentialAction\":[{\"@type\":\"ReadAction\",\"target\":[\"https:\\\/\\\/www.meydan.tv\\\/az\\\/article\\\/yekaterinaya-qucaq-acan-nergizi-gormeyen-federasiya\\\/\"]}]},{\"@type\":\"ImageObject\",\"inLanguage\":\"az\",\"@id\":\"https:\\\/\\\/www.meydan.tv\\\/az\\\/article\\\/yekaterinaya-qucaq-acan-nergizi-gormeyen-federasiya\\\/#primaryimage\",\"url\":\"https:\\\/\\\/www.meydan.tv\\\/wp-content\\\/uploads\\\/82105092_847784838985437_6976496218490798080_n.jpg\",\"contentUrl\":\"https:\\\/\\\/www.meydan.tv\\\/wp-content\\\/uploads\\\/82105092_847784838985437_6976496218490798080_n.jpg\",\"width\":738,\"height\":1078,\"caption\":\"Source: Foto: Meydan TV\"},{\"@type\":\"BreadcrumbList\",\"@id\":\"https:\\\/\\\/www.meydan.tv\\\/az\\\/article\\\/yekaterinaya-qucaq-acan-nergizi-gormeyen-federasiya\\\/#breadcrumb\",\"itemListElement\":[{\"@type\":\"ListItem\",\"position\":1,\"name\":\"Ana s\u0259hif\u0259\",\"item\":\"https:\\\/\\\/www.meydan.tv\\\/az\\\/\"},{\"@type\":\"ListItem\",\"position\":2,\"name\":\"Sosial\",\"item\":\"https:\\\/\\\/www.meydan.tv\\\/az\\\/section\\\/sosial\\\/\"},{\"@type\":\"ListItem\",\"position\":3,\"name\":\"Yekaterinaya qucaq a\u00e7an, N\u0259rgizi \u201cg\u00f6rm\u0259y\u0259n\u201d federasiya\"}]},{\"@type\":\"WebSite\",\"@id\":\"https:\\\/\\\/www.meydan.tv\\\/az\\\/#website\",\"url\":\"https:\\\/\\\/www.meydan.tv\\\/az\\\/\",\"name\":\"MEYDAN.TV\",\"description\":\"Meydan TV Az\u0259rbaycan\u0131n media m\u0259kan\u0131ndak\u0131 alternativ s\u0259sidir\",\"publisher\":{\"@id\":\"https:\\\/\\\/www.meydan.tv\\\/az\\\/#organization\"},\"potentialAction\":[{\"@type\":\"SearchAction\",\"target\":{\"@type\":\"EntryPoint\",\"urlTemplate\":\"https:\\\/\\\/www.meydan.tv\\\/az\\\/?s={search_term_string}\"},\"query-input\":{\"@type\":\"PropertyValueSpecification\",\"valueRequired\":true,\"valueName\":\"search_term_string\"}}],\"inLanguage\":\"az\"},{\"@type\":\"Organization\",\"@id\":\"https:\\\/\\\/www.meydan.tv\\\/az\\\/#organization\",\"name\":\"Meydan TV\",\"url\":\"https:\\\/\\\/www.meydan.tv\\\/az\\\/\",\"logo\":{\"@type\":\"ImageObject\",\"inLanguage\":\"az\",\"@id\":\"https:\\\/\\\/www.meydan.tv\\\/az\\\/#\\\/schema\\\/logo\\\/image\\\/\",\"url\":\"https:\\\/\\\/www.meydan.tv\\\/wp-content\\\/uploads\\\/2021\\\/07\\\/meydan-logo.svg\",\"contentUrl\":\"https:\\\/\\\/www.meydan.tv\\\/wp-content\\\/uploads\\\/2021\\\/07\\\/meydan-logo.svg\",\"width\":195,\"height\":46,\"caption\":\"Meydan TV\"},\"image\":{\"@id\":\"https:\\\/\\\/www.meydan.tv\\\/az\\\/#\\\/schema\\\/logo\\\/image\\\/\"}},{\"@type\":\"Person\",\"@id\":\"https:\\\/\\\/www.meydan.tv\\\/az\\\/#\\\/schema\\\/person\\\/10d11eccf6da3662cf5fdab9806ea91a\",\"name\":\"user-manager\"}]}<\/script>\n<!-- \/ Yoast SEO plugin. -->","yoast_head_json":{"title":"Yekaterinaya qucaq a\u00e7an, N\u0259rgizi \u201cg\u00f6rm\u0259y\u0259n\u201d federasiya - MEYDAN.TV","robots":{"index":"index","follow":"follow","max-snippet":"max-snippet:-1","max-image-preview":"max-image-preview:large","max-video-preview":"max-video-preview:-1"},"canonical":"https:\/\/www.meydan.tv\/az\/article\/yekaterinaya-qucaq-acan-nergizi-gormeyen-federasiya\/","og_locale":"az_AZ","og_type":"article","og_title":"Yekaterinaya qucaq a\u00e7an, N\u0259rgizi \u201cg\u00f6rm\u0259y\u0259n\u201d federasiya - MEYDAN.TV","og_description":"\"Bel\u0259d\u0259 ortaya sual \u00e7\u0131x\u0131r: h\u0259qiq\u0259t\u0259nmi, buz\u00fcst\u00fc fiqurlu konkis\u00fcrm\u0259 yar\u0131\u015flar\u0131nda Az\u0259rbaycan\u0131 t\u0259msil ed\u0259c\u0259k az\u0259rbaycanl\u0131 idman\u00e7\u0131 yoxdur?\"","og_url":"https:\/\/www.meydan.tv\/az\/article\/yekaterinaya-qucaq-acan-nergizi-gormeyen-federasiya\/","og_site_name":"MEYDAN.TV","article_published_time":"2020-01-16T11:26:27+00:00","og_image":[{"width":738,"height":1078,"url":"https:\/\/www.meydan.tv\/wp-content\/uploads\/82105092_847784838985437_6976496218490798080_n.jpg","type":"image\/jpeg"}],"author":"user-manager","twitter_card":"summary_large_image","schema":{"@context":"https:\/\/schema.org","@graph":[{"@type":"Article","@id":"https:\/\/www.meydan.tv\/az\/article\/yekaterinaya-qucaq-acan-nergizi-gormeyen-federasiya\/#article","isPartOf":{"@id":"https:\/\/www.meydan.tv\/az\/article\/yekaterinaya-qucaq-acan-nergizi-gormeyen-federasiya\/"},"author":{"name":"user-manager","@id":"https:\/\/www.meydan.tv\/az\/#\/schema\/person\/10d11eccf6da3662cf5fdab9806ea91a"},"headline":"Yekaterinaya qucaq a\u00e7an, N\u0259rgizi \u201cg\u00f6rm\u0259y\u0259n\u201d federasiya","datePublished":"2020-01-16T11:26:27+00:00","mainEntityOfPage":{"@id":"https:\/\/www.meydan.tv\/az\/article\/yekaterinaya-qucaq-acan-nergizi-gormeyen-federasiya\/"},"wordCount":960,"publisher":{"@id":"https:\/\/www.meydan.tv\/az\/#organization"},"image":{"@id":"https:\/\/www.meydan.tv\/az\/article\/yekaterinaya-qucaq-acan-nergizi-gormeyen-federasiya\/#primaryimage"},"thumbnailUrl":"https:\/\/www.meydan.tv\/wp-content\/uploads\/82105092_847784838985437_6976496218490798080_n.jpg","articleSection":["Sosial"],"inLanguage":"az"},{"@type":"WebPage","@id":"https:\/\/www.meydan.tv\/az\/article\/yekaterinaya-qucaq-acan-nergizi-gormeyen-federasiya\/","url":"https:\/\/www.meydan.tv\/az\/article\/yekaterinaya-qucaq-acan-nergizi-gormeyen-federasiya\/","name":"Yekaterinaya qucaq a\u00e7an, N\u0259rgizi \u201cg\u00f6rm\u0259y\u0259n\u201d federasiya - MEYDAN.TV","isPartOf":{"@id":"https:\/\/www.meydan.tv\/az\/#website"},"primaryImageOfPage":{"@id":"https:\/\/www.meydan.tv\/az\/article\/yekaterinaya-qucaq-acan-nergizi-gormeyen-federasiya\/#primaryimage"},"image":{"@id":"https:\/\/www.meydan.tv\/az\/article\/yekaterinaya-qucaq-acan-nergizi-gormeyen-federasiya\/#primaryimage"},"thumbnailUrl":"https:\/\/www.meydan.tv\/wp-content\/uploads\/82105092_847784838985437_6976496218490798080_n.jpg","datePublished":"2020-01-16T11:26:27+00:00","breadcrumb":{"@id":"https:\/\/www.meydan.tv\/az\/article\/yekaterinaya-qucaq-acan-nergizi-gormeyen-federasiya\/#breadcrumb"},"inLanguage":"az","potentialAction":[{"@type":"ReadAction","target":["https:\/\/www.meydan.tv\/az\/article\/yekaterinaya-qucaq-acan-nergizi-gormeyen-federasiya\/"]}]},{"@type":"ImageObject","inLanguage":"az","@id":"https:\/\/www.meydan.tv\/az\/article\/yekaterinaya-qucaq-acan-nergizi-gormeyen-federasiya\/#primaryimage","url":"https:\/\/www.meydan.tv\/wp-content\/uploads\/82105092_847784838985437_6976496218490798080_n.jpg","contentUrl":"https:\/\/www.meydan.tv\/wp-content\/uploads\/82105092_847784838985437_6976496218490798080_n.jpg","width":738,"height":1078,"caption":"Source: Foto: Meydan TV"},{"@type":"BreadcrumbList","@id":"https:\/\/www.meydan.tv\/az\/article\/yekaterinaya-qucaq-acan-nergizi-gormeyen-federasiya\/#breadcrumb","itemListElement":[{"@type":"ListItem","position":1,"name":"Ana s\u0259hif\u0259","item":"https:\/\/www.meydan.tv\/az\/"},{"@type":"ListItem","position":2,"name":"Sosial","item":"https:\/\/www.meydan.tv\/az\/section\/sosial\/"},{"@type":"ListItem","position":3,"name":"Yekaterinaya qucaq a\u00e7an, N\u0259rgizi \u201cg\u00f6rm\u0259y\u0259n\u201d federasiya"}]},{"@type":"WebSite","@id":"https:\/\/www.meydan.tv\/az\/#website","url":"https:\/\/www.meydan.tv\/az\/","name":"MEYDAN.TV","description":"Meydan TV Az\u0259rbaycan\u0131n media m\u0259kan\u0131ndak\u0131 alternativ s\u0259sidir","publisher":{"@id":"https:\/\/www.meydan.tv\/az\/#organization"},"potentialAction":[{"@type":"SearchAction","target":{"@type":"EntryPoint","urlTemplate":"https:\/\/www.meydan.tv\/az\/?s={search_term_string}"},"query-input":{"@type":"PropertyValueSpecification","valueRequired":true,"valueName":"search_term_string"}}],"inLanguage":"az"},{"@type":"Organization","@id":"https:\/\/www.meydan.tv\/az\/#organization","name":"Meydan TV","url":"https:\/\/www.meydan.tv\/az\/","logo":{"@type":"ImageObject","inLanguage":"az","@id":"https:\/\/www.meydan.tv\/az\/#\/schema\/logo\/image\/","url":"https:\/\/www.meydan.tv\/wp-content\/uploads\/2021\/07\/meydan-logo.svg","contentUrl":"https:\/\/www.meydan.tv\/wp-content\/uploads\/2021\/07\/meydan-logo.svg","width":195,"height":46,"caption":"Meydan TV"},"image":{"@id":"https:\/\/www.meydan.tv\/az\/#\/schema\/logo\/image\/"}},{"@type":"Person","@id":"https:\/\/www.meydan.tv\/az\/#\/schema\/person\/10d11eccf6da3662cf5fdab9806ea91a","name":"user-manager"}]}},"_links":{"self":[{"href":"https:\/\/www.meydan.tv\/az\/wp-json\/wp\/v2\/posts\/198823","targetHints":{"allow":["GET"]}}],"collection":[{"href":"https:\/\/www.meydan.tv\/az\/wp-json\/wp\/v2\/posts"}],"about":[{"href":"https:\/\/www.meydan.tv\/az\/wp-json\/wp\/v2\/types\/post"}],"author":[{"embeddable":true,"href":"https:\/\/www.meydan.tv\/az\/wp-json\/wp\/v2\/users\/11"}],"replies":[{"embeddable":true,"href":"https:\/\/www.meydan.tv\/az\/wp-json\/wp\/v2\/comments?post=198823"}],"version-history":[{"count":0,"href":"https:\/\/www.meydan.tv\/az\/wp-json\/wp\/v2\/posts\/198823\/revisions"}],"wp:featuredmedia":[{"embeddable":true,"href":"https:\/\/www.meydan.tv\/az\/wp-json\/wp\/v2\/media\/135937"}],"wp:attachment":[{"href":"https:\/\/www.meydan.tv\/az\/wp-json\/wp\/v2\/media?parent=198823"}],"wp:term":[{"taxonomy":"category","embeddable":true,"href":"https:\/\/www.meydan.tv\/az\/wp-json\/wp\/v2\/categories?post=198823"},{"taxonomy":"post_tag","embeddable":true,"href":"https:\/\/www.meydan.tv\/az\/wp-json\/wp\/v2\/tags?post=198823"}],"curies":[{"name":"wp","href":"https:\/\/api.w.org\/{rel}","templated":true}]}}