{"id":198811,"date":"2020-01-15T16:47:53","date_gmt":"2020-01-15T16:47:53","guid":{"rendered":"https:\/\/www.meydan.tv\/article\/putin-rusiya-konstitusiyasina-deyisiklikler-teklif-edib\/"},"modified":"2020-01-15T16:47:53","modified_gmt":"2020-01-15T16:47:53","slug":"putin-rusiya-konstitusiyasina-deyisiklikler-teklif-edib","status":"publish","type":"post","link":"https:\/\/www.meydan.tv\/az\/article\/putin-rusiya-konstitusiyasina-deyisiklikler-teklif-edib\/","title":{"rendered":"Putin Rusiya Konstitusiyas\u0131na d\u0259yi\u015fiklikl\u0259r t\u0259klif edib"},"content":{"rendered":"<p>\n  <i><br \/>\n    Prezident Duman\u0131n s\u0259lahiyy\u0259tl\u0259rinin art\u0131r\u0131lmas\u0131n\u0131 ist\u0259yir<br \/>\n  <\/i>\n<\/p>\n<p>\n  Rusiya prezidenti Vladimir Putin Federal M\u0259clis\u0259 m\u00fcraci\u0259tind\u0259 \u00f6lk\u0259 Konstitusiyas\u0131na d\u0259yi\u015fiklikl\u0259r edilm\u0259sini t\u0259klif edib.\n<\/p>\n<p>\n  <a href=\"https:\/\/tass.ru\/politika\/7524097\"><br \/>\n    Rusiya m\u0259tbuat\u0131<br \/>\n  <\/a><br \/>\n  n\u0131n m\u0259lumat\u0131na g\u00f6r\u0259, d\u0259yi\u015fiklikl\u0259r paketin\u0259 D\u00f6vl\u0259t Dumas\u0131n\u0131n s\u0259lahiyy\u0259tl\u0259rinin art\u0131r\u0131lmas\u0131 da daxildir. Prezident t\u0259klif edib ki, D\u00f6vl\u0259t Dumas\u0131 Ba\u015f nazirin, vitse-premyerl\u0259rin, federal nazirl\u0259rin namiz\u0259dlikl\u0259rini t\u0259sdiq etm\u0259lidir. Prezident is\u0259 onlar\u0131 t\u0259yin etm\u0259y\u0259 borclu olacaq.\n<\/p>\n<p>\n  Bundan ba\u015fqa, Konstitusiyaya y\u00fcks\u0259k\u00e7inli m\u0259murlar\u0131n xarici v\u0259t\u0259nda\u015fl\u0131\u011f\u0131n\u0131n v\u0259 ya xarici \u00f6lk\u0259d\u0259 ya\u015fay\u0131\u015f izni olmas\u0131n\u0131 qada\u011fan ed\u0259n madd\u0259 t\u0259klif edilir.\n<\/p>\n<p>\n  Putin t\u0259klif edib ki, prezidentliy\u0259 namiz\u0259dl\u0259r \u00fc\u00e7\u00fcn t\u0259l\u0259bl\u0259rd\u0259n biri, onun Rusiyada \u0259n az\u0131 25 il ya\u015famas\u0131 olmal\u0131d\u0131r. Haz\u0131rda bu t\u0259l\u0259b 10 ildir.\n<\/p>\n<p>\n  Sosial sah\u0259d\u0259 d\u0259yi\u015fiklikl\u0259r bar\u0259d\u0259 dan\u0131\u015fan Vladimir Putin bildirib ki, Konstitusiyada minimum \u0259m\u0259k haqq\u0131n\u0131n ya\u015fay\u0131\u015f minimumundan a\u015fa\u011f\u0131 olmamas\u0131 g\u00f6st\u0259rilm\u0259lidir.\n<\/p>\n<p>\n  Putin Rusiyan\u0131n do\u011fu\u015f nisb\u0259tind\u0259n naraz\u0131l\u0131\u011f\u0131n\u0131 da bildirib:\n<\/p>\n<p>\n  \u201cBu g\u00fcn Rusiyada dem\u0259k olar ki, 147 milyon insan var, amma \u00f6lk\u0259 g\u0259rgin demoqrafik d\u00f6vr\u0259 q\u0259d\u0259m qoyub. Do\u011fu\u015f nisb\u0259ti yenid\u0259n a\u015fa\u011f\u0131 d\u00fc\u015f\u00fcb\u201c.\n<\/p>\n<p>\n  Prezidentin s\u00f6zl\u0259rin\u0259 g\u00f6r\u0259, u\u015faql\u0131 ail\u0259l\u0259rin \u00e7oxunun g\u0259lirl\u0259ri Rusiyan\u0131n demoqrafik g\u0259l\u0259c\u0259yini birba\u015fa t\u0259hdid edir.\n<\/p>\n<p>\n  \u201c2000-ci ill\u0259rin ortalar\u0131ndan b\u0259ri g\u00f6r\u00fcl\u0259n t\u0259dbirl\u0259r say\u0259sind\u0259 m\u00fcsb\u0259t n\u0259tic\u0259l\u0259r \u0259ld\u0259 edilib. \u018fhali b\u00f6y\u00fcy\u00fcr, buna g\u00f6r\u0259 m\u0259kt\u0259blil\u0259rin say\u0131 art\u0131r. Lakin ail\u0259l\u0259r 1990-c\u0131 ill\u0259rd\u0259 do\u011fulmu\u015f insanalar hesab\u0131na qurulur v\u0259 bu n\u0259sil d\u0259 ya\u015f etibar\u0131 il\u0259 ki\u00e7ik n\u0259sill\u0259r hesab olunur. Haz\u0131rda do\u011fu\u015flar\u0131n say\u0131 yenid\u0259n d\u00fc\u015fm\u0259kd\u0259dir. \u0130lkin hesablamalara g\u00f6r\u0259, \u00fcmumi do\u011fu\u015f nisb\u0259ti 2019-cu ild\u0259 1,5 faiz s\u0259viyy\u0259sind\u0259 olub. Bu, \u00f6lk\u0259miz \u00fc\u00e7\u00fcn kifay\u0259t deyil.\n<\/p>\n<p>\n  M\u00fcqayis\u0259 \u00fc\u00e7\u00fcn deyim ki, \u0130kinci D\u00fcnya m\u00fcharib\u0259sind\u0259 do\u011fu\u015f nisb\u0259ti 1,3 faiz idis\u0259, 1990-c\u0131 ill\u0259rd\u0259 bu r\u0259q\u0259m 1,16 faiz\u0259 d\u00fc\u015fd\u00fc. G\u00f6r\u00fcn\u0259n budur ki, indiki v\u0259ziyy\u0259t m\u00fcharib\u0259 ill\u0259rind\u0259ki v\u0259ziyy\u0259td\u0259n daha pisdir\u201d.\n<\/p>\n<p>\n  Avropada siyasi m\u00fchacir h\u0259yat\u0131 ya\u015fayan politoloq Rauf Mirq\u0259dirov bildirib ki, Rusiyada iqtisadi v\u0259ziyy\u0259t kifay\u0259t q\u0259d\u0259r m\u00fcr\u0259kk\u0259bdir, hakimiyy\u0259t \u00f6z reytinqini d\u00fc\u015f\u00fcn\u00fcr v\u0259 reytinqini art\u0131rma\u011fa m\u0259cburdur:\n<\/p>\n<p>\n  \u201cCiddi problem is\u0259 demoqrafik durumdur, Rusiya \u0259halisi azal\u0131r, ilin yekunlar\u0131na baxd\u0131qda \u00f6l\u00fcml\u0259 do\u011fum aras\u0131nda f\u0259rqi a\u00e7\u0131q g\u00f6rm\u0259k olur. Putin \u00f6z\u00fc d\u0259 dedi ki, demoqrafik v\u0259ziyy\u0259t ikinci d\u00fcnya m\u00fcharib\u0259sind\u0259n sonrak\u0131 ill\u0259rd\u0259ki t\u0259hl\u00fck\u0259ni d\u0259 ke\u00e7ib. \u00c7\u0131x\u0131\u015f\u0131n\u0131n ikinci hiss\u0259sind\u0259 o Konstitusiya d\u0259yi\u015fiklikl\u0259rin\u0259 toxundu. Prezident bununla naraz\u0131 k\u00fctl\u0259ni sakitl\u0259\u015fdirm\u0259k ist\u0259yir. \u00d6lk\u0259 tam da olmasa, natamam parlament respublikas\u0131na ke\u00e7m\u0259k ist\u0259yir. Ba\u015f nazir v\u0259 b\u00fct\u00fcn nazirl\u0259r Duma t\u0259r\u0259find\u0259n t\u0259sdiql\u0259nir v\u0259 qanunverici orqan\u0131n q\u0259rarlar\u0131n\u0131 prezident l\u0259\u011fv ed\u0259 bilm\u0259z. Baxmayaraq ki, bu bar\u0259d\u0259 daha ayd\u0131n dan\u0131\u015fmad\u0131. M\u0259s\u0259l\u0259 ondad\u0131r ki, Rusiya Konstitusiyas\u0131nda bir n\u00fcans Putin\u0259 4 d\u0259f\u0259 se\u00e7ilm\u0259y\u0259 imkan verib. Konstitusiyaya g\u00f6r\u0259 bir \u015f\u0259xs iki d\u0259f\u0259d\u0259n art\u0131q prezident se\u00e7il\u0259 bilm\u0259z. El\u0259 ona g\u00f6r\u0259 Putin 2008-ci ild\u0259 \u00fc\u00e7\u00fcnc\u00fc d\u0259f\u0259 se\u00e7kil\u0259r\u0259 qat\u0131lmad\u0131, Ba\u015f nazir oldu. B\u00fct\u00fcn hallarda Ba\u015f nazir olub sonradan yenid\u0259n prezidentliy\u0259 qay\u0131tmas\u0131 istisna deyildi. Bug\u00fcnk\u00fc \u00e7\u0131x\u0131\u015f\u0131nda yen\u0259 h\u0259min m\u0259s\u0259l\u0259nin \u0259leyhin\u0259 olmad\u0131\u011f\u0131na i\u015far\u0259 vurdu. \u018fg\u0259r onun t\u0259klifl\u0259ri \u0259sas\u0131nda Konstitusiya d\u0259yi\u015fiklikl\u0259ri edils\u0259, Putin \u00fc\u00e7\u00fcn rahat v\u0259ziyy\u0259t yaranar. Bir t\u0259r\u0259fd\u0259n icra hakimiyy\u0259tinin s\u0259lahiyy\u0259tl\u0259rini azald\u0131b, qanunverici orqan\u0131n s\u0259lahiyy\u0259tl\u0259rini art\u0131r\u0131r. Rusiya Az\u0259rbaycan deyil, orda onlarla sosial-siyasi qruplar\u0131n maraqlar\u0131 n\u0259z\u0259r\u0259 al\u0131nmal\u0131d\u0131r.\n<\/p>\n<figure class=\"wp-block-image size-large\">\n  <img decoding=\"async\" src=\"https:\/\/www.meydan.tv\/az\/1478033754_12596605_986768104750481_2097728364_o-jpg\/\" alt=\"1478033754_12596605_986768104750481_2097728364_o.jpg\" class=\"wp-image-119657\"\/><figcaption>\n    Rauf Mirq\u0259dirov<br \/>\n  <\/figcaption><\/figure>\n<p>\n  R.Mirq\u0259dirov hesab edir ki, Putinin 15 yanvar \u00e7\u0131x\u0131\u015f\u0131 2024-c\u00fc il\u0259 haz\u0131rl\u0131qd\u0131r:\n<\/p>\n<p>\n  \u201cB\u00fct\u00fcn hallarda prezident Dumada \u201cVahid Rusiya\u201dn\u0131n \u00fcst\u00fcnl\u00fcy\u00fcn\u00fc t\u0259min ed\u0259c\u0259yini d\u00fc\u015f\u00fcn\u00fcr. Bu halda Ba\u015f nazirin se\u00e7ilm\u0259si il\u0259 m\u0259hdudiyy\u0259t\u0259 yer qalm\u0131r. \u00c7\u00fcnki partiya se\u00e7kil\u0259rd\u0259 qalib g\u0259lir v\u0259 \u00e7oxluq Ba\u015f nazirini se\u00e7ir. N\u0259tic\u0259d\u0259 Putin liberal islahatlara getm\u0259kl\u0259 hakimiyy\u0259tinin \u00f6mr\u00fcn\u00fc uzatmaq ist\u0259yir\u201d.<\/p>\n","protected":false},"excerpt":{"rendered":"<p>R.Mirq\u0259dirov hesab edir ki, Putinin 15 yanvar \u00e7\u0131x\u0131\u015f\u0131 2024-c\u00fc il\u0259 haz\u0131rl\u0131qd\u0131r<\/p>\n","protected":false},"author":11,"featured_media":135880,"comment_status":"closed","ping_status":"open","sticky":false,"template":"","format":"standard","meta":{"_acf_changed":false,"_sitemap_exclude":false,"_sitemap_priority":"","_sitemap_frequency":"","footnotes":""},"categories":[64],"tags":[],"class_list":["post-198811","post","type-post","status-publish","format-standard","has-post-thumbnail","hentry","category-dunya","infinite-scroll-item","generate-columns","tablet-grid-50","mobile-grid-100","grid-parent","grid-33","no-featured-image-padding"],"acf":[],"yoast_head":"<!-- This site is optimized with the Yoast SEO plugin v27.5 - https:\/\/yoast.com\/product\/yoast-seo-wordpress\/ -->\n<title>Putin Rusiya Konstitusiyas\u0131na d\u0259yi\u015fiklikl\u0259r t\u0259klif edib - MEYDAN.TV<\/title>\n<meta name=\"robots\" content=\"index, follow, max-snippet:-1, max-image-preview:large, max-video-preview:-1\" \/>\n<link rel=\"canonical\" href=\"https:\/\/www.meydan.tv\/az\/article\/putin-rusiya-konstitusiyasina-deyisiklikler-teklif-edib\/\" \/>\n<meta property=\"og:locale\" content=\"az_AZ\" \/>\n<meta property=\"og:type\" content=\"article\" \/>\n<meta property=\"og:title\" content=\"Putin Rusiya Konstitusiyas\u0131na d\u0259yi\u015fiklikl\u0259r t\u0259klif edib - MEYDAN.TV\" \/>\n<meta property=\"og:description\" content=\"R.Mirq\u0259dirov hesab edir ki, Putinin 15 yanvar \u00e7\u0131x\u0131\u015f\u0131 2024-c\u00fc il\u0259 haz\u0131rl\u0131qd\u0131r\" \/>\n<meta property=\"og:url\" content=\"https:\/\/www.meydan.tv\/az\/article\/putin-rusiya-konstitusiyasina-deyisiklikler-teklif-edib\/\" \/>\n<meta property=\"og:site_name\" content=\"MEYDAN.TV\" \/>\n<meta property=\"article:published_time\" content=\"2020-01-15T16:47:53+00:00\" \/>\n<meta property=\"og:image\" content=\"https:\/\/www.meydan.tv\/wp-content\/uploads\/download_idzy70q.jpg\" \/>\n\t<meta property=\"og:image:width\" content=\"1280\" \/>\n\t<meta property=\"og:image:height\" content=\"799\" \/>\n\t<meta property=\"og:image:type\" content=\"image\/jpeg\" \/>\n<meta name=\"author\" content=\"user-manager\" \/>\n<meta name=\"twitter:card\" content=\"summary_large_image\" \/>\n<script type=\"application\/ld+json\" class=\"yoast-schema-graph\">{\"@context\":\"https:\\\/\\\/schema.org\",\"@graph\":[{\"@type\":\"Article\",\"@id\":\"https:\\\/\\\/www.meydan.tv\\\/az\\\/article\\\/putin-rusiya-konstitusiyasina-deyisiklikler-teklif-edib\\\/#article\",\"isPartOf\":{\"@id\":\"https:\\\/\\\/www.meydan.tv\\\/az\\\/article\\\/putin-rusiya-konstitusiyasina-deyisiklikler-teklif-edib\\\/\"},\"author\":{\"name\":\"user-manager\",\"@id\":\"https:\\\/\\\/www.meydan.tv\\\/az\\\/#\\\/schema\\\/person\\\/10d11eccf6da3662cf5fdab9806ea91a\"},\"headline\":\"Putin Rusiya Konstitusiyas\u0131na d\u0259yi\u015fiklikl\u0259r t\u0259klif edib\",\"datePublished\":\"2020-01-15T16:47:53+00:00\",\"mainEntityOfPage\":{\"@id\":\"https:\\\/\\\/www.meydan.tv\\\/az\\\/article\\\/putin-rusiya-konstitusiyasina-deyisiklikler-teklif-edib\\\/\"},\"wordCount\":838,\"publisher\":{\"@id\":\"https:\\\/\\\/www.meydan.tv\\\/az\\\/#organization\"},\"image\":{\"@id\":\"https:\\\/\\\/www.meydan.tv\\\/az\\\/article\\\/putin-rusiya-konstitusiyasina-deyisiklikler-teklif-edib\\\/#primaryimage\"},\"thumbnailUrl\":\"https:\\\/\\\/www.meydan.tv\\\/wp-content\\\/uploads\\\/download_idzy70q.jpg\",\"articleSection\":[\"D\u00fcnya\"],\"inLanguage\":\"az\"},{\"@type\":\"WebPage\",\"@id\":\"https:\\\/\\\/www.meydan.tv\\\/az\\\/article\\\/putin-rusiya-konstitusiyasina-deyisiklikler-teklif-edib\\\/\",\"url\":\"https:\\\/\\\/www.meydan.tv\\\/az\\\/article\\\/putin-rusiya-konstitusiyasina-deyisiklikler-teklif-edib\\\/\",\"name\":\"Putin Rusiya Konstitusiyas\u0131na d\u0259yi\u015fiklikl\u0259r t\u0259klif edib - MEYDAN.TV\",\"isPartOf\":{\"@id\":\"https:\\\/\\\/www.meydan.tv\\\/az\\\/#website\"},\"primaryImageOfPage\":{\"@id\":\"https:\\\/\\\/www.meydan.tv\\\/az\\\/article\\\/putin-rusiya-konstitusiyasina-deyisiklikler-teklif-edib\\\/#primaryimage\"},\"image\":{\"@id\":\"https:\\\/\\\/www.meydan.tv\\\/az\\\/article\\\/putin-rusiya-konstitusiyasina-deyisiklikler-teklif-edib\\\/#primaryimage\"},\"thumbnailUrl\":\"https:\\\/\\\/www.meydan.tv\\\/wp-content\\\/uploads\\\/download_idzy70q.jpg\",\"datePublished\":\"2020-01-15T16:47:53+00:00\",\"breadcrumb\":{\"@id\":\"https:\\\/\\\/www.meydan.tv\\\/az\\\/article\\\/putin-rusiya-konstitusiyasina-deyisiklikler-teklif-edib\\\/#breadcrumb\"},\"inLanguage\":\"az\",\"potentialAction\":[{\"@type\":\"ReadAction\",\"target\":[\"https:\\\/\\\/www.meydan.tv\\\/az\\\/article\\\/putin-rusiya-konstitusiyasina-deyisiklikler-teklif-edib\\\/\"]}]},{\"@type\":\"ImageObject\",\"inLanguage\":\"az\",\"@id\":\"https:\\\/\\\/www.meydan.tv\\\/az\\\/article\\\/putin-rusiya-konstitusiyasina-deyisiklikler-teklif-edib\\\/#primaryimage\",\"url\":\"https:\\\/\\\/www.meydan.tv\\\/wp-content\\\/uploads\\\/download_idzy70q.jpg\",\"contentUrl\":\"https:\\\/\\\/www.meydan.tv\\\/wp-content\\\/uploads\\\/download_idzy70q.jpg\",\"width\":1280,\"height\":799,\"caption\":\"Source: Google\"},{\"@type\":\"BreadcrumbList\",\"@id\":\"https:\\\/\\\/www.meydan.tv\\\/az\\\/article\\\/putin-rusiya-konstitusiyasina-deyisiklikler-teklif-edib\\\/#breadcrumb\",\"itemListElement\":[{\"@type\":\"ListItem\",\"position\":1,\"name\":\"Ana s\u0259hif\u0259\",\"item\":\"https:\\\/\\\/www.meydan.tv\\\/az\\\/\"},{\"@type\":\"ListItem\",\"position\":2,\"name\":\"D\u00fcnya\",\"item\":\"https:\\\/\\\/www.meydan.tv\\\/az\\\/section\\\/dunya\\\/\"},{\"@type\":\"ListItem\",\"position\":3,\"name\":\"Putin Rusiya Konstitusiyas\u0131na d\u0259yi\u015fiklikl\u0259r t\u0259klif edib\"}]},{\"@type\":\"WebSite\",\"@id\":\"https:\\\/\\\/www.meydan.tv\\\/az\\\/#website\",\"url\":\"https:\\\/\\\/www.meydan.tv\\\/az\\\/\",\"name\":\"MEYDAN.TV\",\"description\":\"Meydan TV Az\u0259rbaycan\u0131n media m\u0259kan\u0131ndak\u0131 alternativ s\u0259sidir\",\"publisher\":{\"@id\":\"https:\\\/\\\/www.meydan.tv\\\/az\\\/#organization\"},\"potentialAction\":[{\"@type\":\"SearchAction\",\"target\":{\"@type\":\"EntryPoint\",\"urlTemplate\":\"https:\\\/\\\/www.meydan.tv\\\/az\\\/?s={search_term_string}\"},\"query-input\":{\"@type\":\"PropertyValueSpecification\",\"valueRequired\":true,\"valueName\":\"search_term_string\"}}],\"inLanguage\":\"az\"},{\"@type\":\"Organization\",\"@id\":\"https:\\\/\\\/www.meydan.tv\\\/az\\\/#organization\",\"name\":\"Meydan TV\",\"url\":\"https:\\\/\\\/www.meydan.tv\\\/az\\\/\",\"logo\":{\"@type\":\"ImageObject\",\"inLanguage\":\"az\",\"@id\":\"https:\\\/\\\/www.meydan.tv\\\/az\\\/#\\\/schema\\\/logo\\\/image\\\/\",\"url\":\"https:\\\/\\\/www.meydan.tv\\\/wp-content\\\/uploads\\\/2021\\\/07\\\/meydan-logo.svg\",\"contentUrl\":\"https:\\\/\\\/www.meydan.tv\\\/wp-content\\\/uploads\\\/2021\\\/07\\\/meydan-logo.svg\",\"width\":195,\"height\":46,\"caption\":\"Meydan TV\"},\"image\":{\"@id\":\"https:\\\/\\\/www.meydan.tv\\\/az\\\/#\\\/schema\\\/logo\\\/image\\\/\"}},{\"@type\":\"Person\",\"@id\":\"https:\\\/\\\/www.meydan.tv\\\/az\\\/#\\\/schema\\\/person\\\/10d11eccf6da3662cf5fdab9806ea91a\",\"name\":\"user-manager\"}]}<\/script>\n<!-- \/ Yoast SEO plugin. -->","yoast_head_json":{"title":"Putin Rusiya Konstitusiyas\u0131na d\u0259yi\u015fiklikl\u0259r t\u0259klif edib - MEYDAN.TV","robots":{"index":"index","follow":"follow","max-snippet":"max-snippet:-1","max-image-preview":"max-image-preview:large","max-video-preview":"max-video-preview:-1"},"canonical":"https:\/\/www.meydan.tv\/az\/article\/putin-rusiya-konstitusiyasina-deyisiklikler-teklif-edib\/","og_locale":"az_AZ","og_type":"article","og_title":"Putin Rusiya Konstitusiyas\u0131na d\u0259yi\u015fiklikl\u0259r t\u0259klif edib - MEYDAN.TV","og_description":"R.Mirq\u0259dirov hesab edir ki, Putinin 15 yanvar \u00e7\u0131x\u0131\u015f\u0131 2024-c\u00fc il\u0259 haz\u0131rl\u0131qd\u0131r","og_url":"https:\/\/www.meydan.tv\/az\/article\/putin-rusiya-konstitusiyasina-deyisiklikler-teklif-edib\/","og_site_name":"MEYDAN.TV","article_published_time":"2020-01-15T16:47:53+00:00","og_image":[{"width":1280,"height":799,"url":"https:\/\/www.meydan.tv\/wp-content\/uploads\/download_idzy70q.jpg","type":"image\/jpeg"}],"author":"user-manager","twitter_card":"summary_large_image","schema":{"@context":"https:\/\/schema.org","@graph":[{"@type":"Article","@id":"https:\/\/www.meydan.tv\/az\/article\/putin-rusiya-konstitusiyasina-deyisiklikler-teklif-edib\/#article","isPartOf":{"@id":"https:\/\/www.meydan.tv\/az\/article\/putin-rusiya-konstitusiyasina-deyisiklikler-teklif-edib\/"},"author":{"name":"user-manager","@id":"https:\/\/www.meydan.tv\/az\/#\/schema\/person\/10d11eccf6da3662cf5fdab9806ea91a"},"headline":"Putin Rusiya Konstitusiyas\u0131na d\u0259yi\u015fiklikl\u0259r t\u0259klif edib","datePublished":"2020-01-15T16:47:53+00:00","mainEntityOfPage":{"@id":"https:\/\/www.meydan.tv\/az\/article\/putin-rusiya-konstitusiyasina-deyisiklikler-teklif-edib\/"},"wordCount":838,"publisher":{"@id":"https:\/\/www.meydan.tv\/az\/#organization"},"image":{"@id":"https:\/\/www.meydan.tv\/az\/article\/putin-rusiya-konstitusiyasina-deyisiklikler-teklif-edib\/#primaryimage"},"thumbnailUrl":"https:\/\/www.meydan.tv\/wp-content\/uploads\/download_idzy70q.jpg","articleSection":["D\u00fcnya"],"inLanguage":"az"},{"@type":"WebPage","@id":"https:\/\/www.meydan.tv\/az\/article\/putin-rusiya-konstitusiyasina-deyisiklikler-teklif-edib\/","url":"https:\/\/www.meydan.tv\/az\/article\/putin-rusiya-konstitusiyasina-deyisiklikler-teklif-edib\/","name":"Putin Rusiya Konstitusiyas\u0131na d\u0259yi\u015fiklikl\u0259r t\u0259klif edib - MEYDAN.TV","isPartOf":{"@id":"https:\/\/www.meydan.tv\/az\/#website"},"primaryImageOfPage":{"@id":"https:\/\/www.meydan.tv\/az\/article\/putin-rusiya-konstitusiyasina-deyisiklikler-teklif-edib\/#primaryimage"},"image":{"@id":"https:\/\/www.meydan.tv\/az\/article\/putin-rusiya-konstitusiyasina-deyisiklikler-teklif-edib\/#primaryimage"},"thumbnailUrl":"https:\/\/www.meydan.tv\/wp-content\/uploads\/download_idzy70q.jpg","datePublished":"2020-01-15T16:47:53+00:00","breadcrumb":{"@id":"https:\/\/www.meydan.tv\/az\/article\/putin-rusiya-konstitusiyasina-deyisiklikler-teklif-edib\/#breadcrumb"},"inLanguage":"az","potentialAction":[{"@type":"ReadAction","target":["https:\/\/www.meydan.tv\/az\/article\/putin-rusiya-konstitusiyasina-deyisiklikler-teklif-edib\/"]}]},{"@type":"ImageObject","inLanguage":"az","@id":"https:\/\/www.meydan.tv\/az\/article\/putin-rusiya-konstitusiyasina-deyisiklikler-teklif-edib\/#primaryimage","url":"https:\/\/www.meydan.tv\/wp-content\/uploads\/download_idzy70q.jpg","contentUrl":"https:\/\/www.meydan.tv\/wp-content\/uploads\/download_idzy70q.jpg","width":1280,"height":799,"caption":"Source: Google"},{"@type":"BreadcrumbList","@id":"https:\/\/www.meydan.tv\/az\/article\/putin-rusiya-konstitusiyasina-deyisiklikler-teklif-edib\/#breadcrumb","itemListElement":[{"@type":"ListItem","position":1,"name":"Ana s\u0259hif\u0259","item":"https:\/\/www.meydan.tv\/az\/"},{"@type":"ListItem","position":2,"name":"D\u00fcnya","item":"https:\/\/www.meydan.tv\/az\/section\/dunya\/"},{"@type":"ListItem","position":3,"name":"Putin Rusiya Konstitusiyas\u0131na d\u0259yi\u015fiklikl\u0259r t\u0259klif edib"}]},{"@type":"WebSite","@id":"https:\/\/www.meydan.tv\/az\/#website","url":"https:\/\/www.meydan.tv\/az\/","name":"MEYDAN.TV","description":"Meydan TV Az\u0259rbaycan\u0131n media m\u0259kan\u0131ndak\u0131 alternativ s\u0259sidir","publisher":{"@id":"https:\/\/www.meydan.tv\/az\/#organization"},"potentialAction":[{"@type":"SearchAction","target":{"@type":"EntryPoint","urlTemplate":"https:\/\/www.meydan.tv\/az\/?s={search_term_string}"},"query-input":{"@type":"PropertyValueSpecification","valueRequired":true,"valueName":"search_term_string"}}],"inLanguage":"az"},{"@type":"Organization","@id":"https:\/\/www.meydan.tv\/az\/#organization","name":"Meydan TV","url":"https:\/\/www.meydan.tv\/az\/","logo":{"@type":"ImageObject","inLanguage":"az","@id":"https:\/\/www.meydan.tv\/az\/#\/schema\/logo\/image\/","url":"https:\/\/www.meydan.tv\/wp-content\/uploads\/2021\/07\/meydan-logo.svg","contentUrl":"https:\/\/www.meydan.tv\/wp-content\/uploads\/2021\/07\/meydan-logo.svg","width":195,"height":46,"caption":"Meydan TV"},"image":{"@id":"https:\/\/www.meydan.tv\/az\/#\/schema\/logo\/image\/"}},{"@type":"Person","@id":"https:\/\/www.meydan.tv\/az\/#\/schema\/person\/10d11eccf6da3662cf5fdab9806ea91a","name":"user-manager"}]}},"_links":{"self":[{"href":"https:\/\/www.meydan.tv\/az\/wp-json\/wp\/v2\/posts\/198811","targetHints":{"allow":["GET"]}}],"collection":[{"href":"https:\/\/www.meydan.tv\/az\/wp-json\/wp\/v2\/posts"}],"about":[{"href":"https:\/\/www.meydan.tv\/az\/wp-json\/wp\/v2\/types\/post"}],"author":[{"embeddable":true,"href":"https:\/\/www.meydan.tv\/az\/wp-json\/wp\/v2\/users\/11"}],"replies":[{"embeddable":true,"href":"https:\/\/www.meydan.tv\/az\/wp-json\/wp\/v2\/comments?post=198811"}],"version-history":[{"count":0,"href":"https:\/\/www.meydan.tv\/az\/wp-json\/wp\/v2\/posts\/198811\/revisions"}],"wp:featuredmedia":[{"embeddable":true,"href":"https:\/\/www.meydan.tv\/az\/wp-json\/wp\/v2\/media\/135880"}],"wp:attachment":[{"href":"https:\/\/www.meydan.tv\/az\/wp-json\/wp\/v2\/media?parent=198811"}],"wp:term":[{"taxonomy":"category","embeddable":true,"href":"https:\/\/www.meydan.tv\/az\/wp-json\/wp\/v2\/categories?post=198811"},{"taxonomy":"post_tag","embeddable":true,"href":"https:\/\/www.meydan.tv\/az\/wp-json\/wp\/v2\/tags?post=198811"}],"curies":[{"name":"wp","href":"https:\/\/api.w.org\/{rel}","templated":true}]}}