{"id":198810,"date":"2020-01-15T17:02:06","date_gmt":"2020-01-15T17:02:06","guid":{"rendered":"https:\/\/www.meydan.tv\/article\/los-angelese-tecili-enis-eden-teyyare-etrafa-yanacaq-tokub\/"},"modified":"2020-01-15T17:02:06","modified_gmt":"2020-01-15T17:02:06","slug":"los-angelese-tecili-enis-eden-teyyare-etrafa-yanacaq-tokub","status":"publish","type":"post","link":"https:\/\/www.meydan.tv\/az\/article\/los-angelese-tecili-enis-eden-teyyare-etrafa-yanacaq-tokub\/","title":{"rendered":"Los Angeles\u0259 t\u0259cili eni\u015f ed\u0259n t\u0259yyar\u0259 \u0259trafa yanacaq t\u00f6k\u00fcb"},"content":{"rendered":"<p>\n  <i><br \/>\n    Hadis\u0259 56 u\u015faq, o c\u00fcml\u0259d\u0259n b\u00f6y\u00fck insanlar \u00fc\u00e7\u00fcn d\u0259ri v\u0259 a\u011fciy\u0259r q\u0131c\u0131qlanmas\u0131na s\u0259b\u0259b olub<br \/>\n  <\/i>\n<\/p>\n<p>\n  Los Anceles beyn\u0259lxalq hava liman\u0131na m\u00fch\u0259rrik problemi s\u0259b\u0259bind\u0259n t\u0259cili eni\u015f ed\u0259n t\u0259yyar\u0259 t\u0259r\u0259find\u0259n at\u0131lan yanacaq \u0259razid\u0259 yerl\u0259\u015f\u0259n bir ne\u00e7\u0259 m\u0259kt\u0259b\u0259 d\u00fc\u015f\u00fcb. R\u0259smil\u0259r bildirib ki, hadis\u0259 56 u\u015faq, o c\u00fcml\u0259d\u0259n b\u00f6y\u00fck insanlar \u00fc\u00e7\u00fcn d\u0259ri v\u0259 a\u011fciy\u0259r q\u0131c\u0131qlanmas\u0131na s\u0259b\u0259b olub, &#8211; \u201cGuardians&#x27;&#x27; x\u0259b\u0259r verir.\n<\/p>\n<p>\n  Yanacaq t\u0259yyar\u0259d\u0259n iki x\u0259tl\u0259 ax\u0131b v\u0259 g\u00fccl\u00fc qoxu buxar\u0131 g\u00fcnortadan sonra hava liman\u0131ndan t\u0259xmin\u0259n 21 km \u015f\u0259rq\u0259 do\u011fru, Cudahi \u015f\u0259h\u0259rin\u0259 v\u0259 Los-Anceles \u0259yal\u0259tin\u0259 yax\u0131n \u0259razil\u0259r\u0259 yay\u0131l\u0131b.\n<\/p>\n<p>\n  Hadis\u0259d\u0259n x\u0259sar\u0259t az olub v\u0259 he\u00e7 kim x\u0259st\u0259xanaya yerl\u0259\u015fdirilm\u0259yib. He\u00e7 bir t\u0259xliy\u0259 t\u0259dbirl\u0259rin\u0259 ehtiyac qalmay\u0131b.\n<\/p>\n<p>\n  \u201cBu, yax\u015f\u0131 g\u00f6st\u0259ricidir\u201d,- Los Anceles m\u00fcfetti\u015fi Skay Kornel (Sky Cornell) deyib.\n<\/p>\n<p>\n  B\u00fct\u00fcn yanacaq \u00e7ox tez buxarlan\u0131b v\u0259 havada v\u0259 yerd\u0259 yanar bir madd\u0259nin qalmad\u0131\u011f\u0131 bildirilir.\n<\/p>\n<p>\n  Yan\u011f\u0131n m\u00fcf\u0259tti\u015fi Henri Narvaez deyib ki, insanlar sabun v\u0259 su il\u0259 t\u0259min edilibl\u0259r.\n<\/p>\n<p>\n  T\u0259yyar\u0259 qalxd\u0131qdan q\u0131sa m\u00fcdd\u0259t sonra \u015eanxaya u\u00e7an \u201cDelta Air Lines 89&quot; yenid\u0259n havaliman\u0131n d\u00f6nm\u0259sini t\u0259l\u0259b ed\u0259n m\u00fch\u0259rrik problemi ya\u015fay\u0131b. T\u0259yyar\u0259 yanaca\u011f\u0131 buraxd\u0131qdan sonra t\u0259hl\u00fck\u0259siz eni\u015f edib. Yanaca\u011f\u0131n burax\u0131lmas\u0131 t\u0259hl\u00fck\u0259siz eni\u015f \u00fc\u00e7\u00fcn normal prosedurun t\u0259rkib hiss\u0259sidir. Avia\u015firk\u0259t m\u00fch\u0259rrik problemi il\u0259 ba\u011fl\u0131 t\u0259f\u0259rr\u00fcatlar\u0131 a\u00e7\u0131qlamay\u0131b.\n<\/p>\n<p>\n  Federal Aviasiya \u0130dar\u0259si hadis\u0259nin ara\u015fd\u0131r\u0131ld\u0131\u011f\u0131n\u0131 bildirib.<\/p>\n","protected":false},"excerpt":{"rendered":"<p>Hadis\u0259 56 u\u015faq, o c\u00fcml\u0259d\u0259n b\u00f6y\u00fck insanlar \u00fc\u00e7\u00fcn d\u0259ri v\u0259 a\u011fciy\u0259r q\u0131c\u0131qlanmas\u0131na s\u0259b\u0259b olub<\/p>\n","protected":false},"author":11,"featured_media":135883,"comment_status":"closed","ping_status":"open","sticky":false,"template":"","format":"standard","meta":{"_acf_changed":false,"_sitemap_exclude":false,"_sitemap_priority":"","_sitemap_frequency":"","footnotes":""},"categories":[64],"tags":[],"class_list":["post-198810","post","type-post","status-publish","format-standard","has-post-thumbnail","hentry","category-dunya","infinite-scroll-item","generate-columns","tablet-grid-50","mobile-grid-100","grid-parent","grid-33","no-featured-image-padding"],"acf":[],"yoast_head":"<!-- This site is optimized with the Yoast SEO plugin v27.5 - https:\/\/yoast.com\/product\/yoast-seo-wordpress\/ -->\n<title>Los Angeles\u0259 t\u0259cili eni\u015f ed\u0259n t\u0259yyar\u0259 \u0259trafa yanacaq t\u00f6k\u00fcb - MEYDAN.TV<\/title>\n<meta name=\"robots\" content=\"index, follow, max-snippet:-1, max-image-preview:large, max-video-preview:-1\" \/>\n<link rel=\"canonical\" href=\"https:\/\/www.meydan.tv\/az\/article\/los-angelese-tecili-enis-eden-teyyare-etrafa-yanacaq-tokub\/\" \/>\n<meta property=\"og:locale\" content=\"az_AZ\" \/>\n<meta property=\"og:type\" content=\"article\" \/>\n<meta property=\"og:title\" content=\"Los Angeles\u0259 t\u0259cili eni\u015f ed\u0259n t\u0259yyar\u0259 \u0259trafa yanacaq t\u00f6k\u00fcb - MEYDAN.TV\" \/>\n<meta property=\"og:description\" content=\"Hadis\u0259 56 u\u015faq, o c\u00fcml\u0259d\u0259n b\u00f6y\u00fck insanlar \u00fc\u00e7\u00fcn d\u0259ri v\u0259 a\u011fciy\u0259r q\u0131c\u0131qlanmas\u0131na s\u0259b\u0259b olub\" \/>\n<meta property=\"og:url\" content=\"https:\/\/www.meydan.tv\/az\/article\/los-angelese-tecili-enis-eden-teyyare-etrafa-yanacaq-tokub\/\" \/>\n<meta property=\"og:site_name\" content=\"MEYDAN.TV\" \/>\n<meta property=\"article:published_time\" content=\"2020-01-15T17:02:06+00:00\" \/>\n<meta property=\"og:image\" content=\"https:\/\/www.meydan.tv\/wp-content\/uploads\/lax_aerial_view.jpg\" \/>\n\t<meta property=\"og:image:width\" content=\"1600\" \/>\n\t<meta property=\"og:image:height\" content=\"1200\" \/>\n\t<meta property=\"og:image:type\" content=\"image\/jpeg\" \/>\n<meta name=\"author\" content=\"user-manager\" \/>\n<meta name=\"twitter:card\" content=\"summary_large_image\" \/>\n<script type=\"application\/ld+json\" class=\"yoast-schema-graph\">{\"@context\":\"https:\\\/\\\/schema.org\",\"@graph\":[{\"@type\":\"Article\",\"@id\":\"https:\\\/\\\/www.meydan.tv\\\/az\\\/article\\\/los-angelese-tecili-enis-eden-teyyare-etrafa-yanacaq-tokub\\\/#article\",\"isPartOf\":{\"@id\":\"https:\\\/\\\/www.meydan.tv\\\/az\\\/article\\\/los-angelese-tecili-enis-eden-teyyare-etrafa-yanacaq-tokub\\\/\"},\"author\":{\"name\":\"user-manager\",\"@id\":\"https:\\\/\\\/www.meydan.tv\\\/az\\\/#\\\/schema\\\/person\\\/10d11eccf6da3662cf5fdab9806ea91a\"},\"headline\":\"Los Angeles\u0259 t\u0259cili eni\u015f ed\u0259n t\u0259yyar\u0259 \u0259trafa yanacaq t\u00f6k\u00fcb\",\"datePublished\":\"2020-01-15T17:02:06+00:00\",\"mainEntityOfPage\":{\"@id\":\"https:\\\/\\\/www.meydan.tv\\\/az\\\/article\\\/los-angelese-tecili-enis-eden-teyyare-etrafa-yanacaq-tokub\\\/\"},\"wordCount\":335,\"publisher\":{\"@id\":\"https:\\\/\\\/www.meydan.tv\\\/az\\\/#organization\"},\"image\":{\"@id\":\"https:\\\/\\\/www.meydan.tv\\\/az\\\/article\\\/los-angelese-tecili-enis-eden-teyyare-etrafa-yanacaq-tokub\\\/#primaryimage\"},\"thumbnailUrl\":\"https:\\\/\\\/www.meydan.tv\\\/wp-content\\\/uploads\\\/lax_aerial_view.jpg\",\"articleSection\":[\"D\u00fcnya\"],\"inLanguage\":\"az\"},{\"@type\":\"WebPage\",\"@id\":\"https:\\\/\\\/www.meydan.tv\\\/az\\\/article\\\/los-angelese-tecili-enis-eden-teyyare-etrafa-yanacaq-tokub\\\/\",\"url\":\"https:\\\/\\\/www.meydan.tv\\\/az\\\/article\\\/los-angelese-tecili-enis-eden-teyyare-etrafa-yanacaq-tokub\\\/\",\"name\":\"Los Angeles\u0259 t\u0259cili eni\u015f ed\u0259n t\u0259yyar\u0259 \u0259trafa yanacaq t\u00f6k\u00fcb - MEYDAN.TV\",\"isPartOf\":{\"@id\":\"https:\\\/\\\/www.meydan.tv\\\/az\\\/#website\"},\"primaryImageOfPage\":{\"@id\":\"https:\\\/\\\/www.meydan.tv\\\/az\\\/article\\\/los-angelese-tecili-enis-eden-teyyare-etrafa-yanacaq-tokub\\\/#primaryimage\"},\"image\":{\"@id\":\"https:\\\/\\\/www.meydan.tv\\\/az\\\/article\\\/los-angelese-tecili-enis-eden-teyyare-etrafa-yanacaq-tokub\\\/#primaryimage\"},\"thumbnailUrl\":\"https:\\\/\\\/www.meydan.tv\\\/wp-content\\\/uploads\\\/lax_aerial_view.jpg\",\"datePublished\":\"2020-01-15T17:02:06+00:00\",\"breadcrumb\":{\"@id\":\"https:\\\/\\\/www.meydan.tv\\\/az\\\/article\\\/los-angelese-tecili-enis-eden-teyyare-etrafa-yanacaq-tokub\\\/#breadcrumb\"},\"inLanguage\":\"az\",\"potentialAction\":[{\"@type\":\"ReadAction\",\"target\":[\"https:\\\/\\\/www.meydan.tv\\\/az\\\/article\\\/los-angelese-tecili-enis-eden-teyyare-etrafa-yanacaq-tokub\\\/\"]}]},{\"@type\":\"ImageObject\",\"inLanguage\":\"az\",\"@id\":\"https:\\\/\\\/www.meydan.tv\\\/az\\\/article\\\/los-angelese-tecili-enis-eden-teyyare-etrafa-yanacaq-tokub\\\/#primaryimage\",\"url\":\"https:\\\/\\\/www.meydan.tv\\\/wp-content\\\/uploads\\\/lax_aerial_view.jpg\",\"contentUrl\":\"https:\\\/\\\/www.meydan.tv\\\/wp-content\\\/uploads\\\/lax_aerial_view.jpg\",\"width\":1600,\"height\":1200,\"caption\":\"Source: google\"},{\"@type\":\"BreadcrumbList\",\"@id\":\"https:\\\/\\\/www.meydan.tv\\\/az\\\/article\\\/los-angelese-tecili-enis-eden-teyyare-etrafa-yanacaq-tokub\\\/#breadcrumb\",\"itemListElement\":[{\"@type\":\"ListItem\",\"position\":1,\"name\":\"Ana s\u0259hif\u0259\",\"item\":\"https:\\\/\\\/www.meydan.tv\\\/az\\\/\"},{\"@type\":\"ListItem\",\"position\":2,\"name\":\"D\u00fcnya\",\"item\":\"https:\\\/\\\/www.meydan.tv\\\/az\\\/section\\\/dunya\\\/\"},{\"@type\":\"ListItem\",\"position\":3,\"name\":\"Los Angeles\u0259 t\u0259cili eni\u015f ed\u0259n t\u0259yyar\u0259 \u0259trafa yanacaq t\u00f6k\u00fcb\"}]},{\"@type\":\"WebSite\",\"@id\":\"https:\\\/\\\/www.meydan.tv\\\/az\\\/#website\",\"url\":\"https:\\\/\\\/www.meydan.tv\\\/az\\\/\",\"name\":\"MEYDAN.TV\",\"description\":\"Meydan TV Az\u0259rbaycan\u0131n media m\u0259kan\u0131ndak\u0131 alternativ s\u0259sidir\",\"publisher\":{\"@id\":\"https:\\\/\\\/www.meydan.tv\\\/az\\\/#organization\"},\"potentialAction\":[{\"@type\":\"SearchAction\",\"target\":{\"@type\":\"EntryPoint\",\"urlTemplate\":\"https:\\\/\\\/www.meydan.tv\\\/az\\\/?s={search_term_string}\"},\"query-input\":{\"@type\":\"PropertyValueSpecification\",\"valueRequired\":true,\"valueName\":\"search_term_string\"}}],\"inLanguage\":\"az\"},{\"@type\":\"Organization\",\"@id\":\"https:\\\/\\\/www.meydan.tv\\\/az\\\/#organization\",\"name\":\"Meydan TV\",\"url\":\"https:\\\/\\\/www.meydan.tv\\\/az\\\/\",\"logo\":{\"@type\":\"ImageObject\",\"inLanguage\":\"az\",\"@id\":\"https:\\\/\\\/www.meydan.tv\\\/az\\\/#\\\/schema\\\/logo\\\/image\\\/\",\"url\":\"https:\\\/\\\/www.meydan.tv\\\/wp-content\\\/uploads\\\/2021\\\/07\\\/meydan-logo.svg\",\"contentUrl\":\"https:\\\/\\\/www.meydan.tv\\\/wp-content\\\/uploads\\\/2021\\\/07\\\/meydan-logo.svg\",\"width\":195,\"height\":46,\"caption\":\"Meydan TV\"},\"image\":{\"@id\":\"https:\\\/\\\/www.meydan.tv\\\/az\\\/#\\\/schema\\\/logo\\\/image\\\/\"}},{\"@type\":\"Person\",\"@id\":\"https:\\\/\\\/www.meydan.tv\\\/az\\\/#\\\/schema\\\/person\\\/10d11eccf6da3662cf5fdab9806ea91a\",\"name\":\"user-manager\"}]}<\/script>\n<!-- \/ Yoast SEO plugin. -->","yoast_head_json":{"title":"Los Angeles\u0259 t\u0259cili eni\u015f ed\u0259n t\u0259yyar\u0259 \u0259trafa yanacaq t\u00f6k\u00fcb - MEYDAN.TV","robots":{"index":"index","follow":"follow","max-snippet":"max-snippet:-1","max-image-preview":"max-image-preview:large","max-video-preview":"max-video-preview:-1"},"canonical":"https:\/\/www.meydan.tv\/az\/article\/los-angelese-tecili-enis-eden-teyyare-etrafa-yanacaq-tokub\/","og_locale":"az_AZ","og_type":"article","og_title":"Los Angeles\u0259 t\u0259cili eni\u015f ed\u0259n t\u0259yyar\u0259 \u0259trafa yanacaq t\u00f6k\u00fcb - MEYDAN.TV","og_description":"Hadis\u0259 56 u\u015faq, o c\u00fcml\u0259d\u0259n b\u00f6y\u00fck insanlar \u00fc\u00e7\u00fcn d\u0259ri v\u0259 a\u011fciy\u0259r q\u0131c\u0131qlanmas\u0131na s\u0259b\u0259b olub","og_url":"https:\/\/www.meydan.tv\/az\/article\/los-angelese-tecili-enis-eden-teyyare-etrafa-yanacaq-tokub\/","og_site_name":"MEYDAN.TV","article_published_time":"2020-01-15T17:02:06+00:00","og_image":[{"width":1600,"height":1200,"url":"https:\/\/www.meydan.tv\/wp-content\/uploads\/lax_aerial_view.jpg","type":"image\/jpeg"}],"author":"user-manager","twitter_card":"summary_large_image","schema":{"@context":"https:\/\/schema.org","@graph":[{"@type":"Article","@id":"https:\/\/www.meydan.tv\/az\/article\/los-angelese-tecili-enis-eden-teyyare-etrafa-yanacaq-tokub\/#article","isPartOf":{"@id":"https:\/\/www.meydan.tv\/az\/article\/los-angelese-tecili-enis-eden-teyyare-etrafa-yanacaq-tokub\/"},"author":{"name":"user-manager","@id":"https:\/\/www.meydan.tv\/az\/#\/schema\/person\/10d11eccf6da3662cf5fdab9806ea91a"},"headline":"Los Angeles\u0259 t\u0259cili eni\u015f ed\u0259n t\u0259yyar\u0259 \u0259trafa yanacaq t\u00f6k\u00fcb","datePublished":"2020-01-15T17:02:06+00:00","mainEntityOfPage":{"@id":"https:\/\/www.meydan.tv\/az\/article\/los-angelese-tecili-enis-eden-teyyare-etrafa-yanacaq-tokub\/"},"wordCount":335,"publisher":{"@id":"https:\/\/www.meydan.tv\/az\/#organization"},"image":{"@id":"https:\/\/www.meydan.tv\/az\/article\/los-angelese-tecili-enis-eden-teyyare-etrafa-yanacaq-tokub\/#primaryimage"},"thumbnailUrl":"https:\/\/www.meydan.tv\/wp-content\/uploads\/lax_aerial_view.jpg","articleSection":["D\u00fcnya"],"inLanguage":"az"},{"@type":"WebPage","@id":"https:\/\/www.meydan.tv\/az\/article\/los-angelese-tecili-enis-eden-teyyare-etrafa-yanacaq-tokub\/","url":"https:\/\/www.meydan.tv\/az\/article\/los-angelese-tecili-enis-eden-teyyare-etrafa-yanacaq-tokub\/","name":"Los Angeles\u0259 t\u0259cili eni\u015f ed\u0259n t\u0259yyar\u0259 \u0259trafa yanacaq t\u00f6k\u00fcb - MEYDAN.TV","isPartOf":{"@id":"https:\/\/www.meydan.tv\/az\/#website"},"primaryImageOfPage":{"@id":"https:\/\/www.meydan.tv\/az\/article\/los-angelese-tecili-enis-eden-teyyare-etrafa-yanacaq-tokub\/#primaryimage"},"image":{"@id":"https:\/\/www.meydan.tv\/az\/article\/los-angelese-tecili-enis-eden-teyyare-etrafa-yanacaq-tokub\/#primaryimage"},"thumbnailUrl":"https:\/\/www.meydan.tv\/wp-content\/uploads\/lax_aerial_view.jpg","datePublished":"2020-01-15T17:02:06+00:00","breadcrumb":{"@id":"https:\/\/www.meydan.tv\/az\/article\/los-angelese-tecili-enis-eden-teyyare-etrafa-yanacaq-tokub\/#breadcrumb"},"inLanguage":"az","potentialAction":[{"@type":"ReadAction","target":["https:\/\/www.meydan.tv\/az\/article\/los-angelese-tecili-enis-eden-teyyare-etrafa-yanacaq-tokub\/"]}]},{"@type":"ImageObject","inLanguage":"az","@id":"https:\/\/www.meydan.tv\/az\/article\/los-angelese-tecili-enis-eden-teyyare-etrafa-yanacaq-tokub\/#primaryimage","url":"https:\/\/www.meydan.tv\/wp-content\/uploads\/lax_aerial_view.jpg","contentUrl":"https:\/\/www.meydan.tv\/wp-content\/uploads\/lax_aerial_view.jpg","width":1600,"height":1200,"caption":"Source: google"},{"@type":"BreadcrumbList","@id":"https:\/\/www.meydan.tv\/az\/article\/los-angelese-tecili-enis-eden-teyyare-etrafa-yanacaq-tokub\/#breadcrumb","itemListElement":[{"@type":"ListItem","position":1,"name":"Ana s\u0259hif\u0259","item":"https:\/\/www.meydan.tv\/az\/"},{"@type":"ListItem","position":2,"name":"D\u00fcnya","item":"https:\/\/www.meydan.tv\/az\/section\/dunya\/"},{"@type":"ListItem","position":3,"name":"Los Angeles\u0259 t\u0259cili eni\u015f ed\u0259n t\u0259yyar\u0259 \u0259trafa yanacaq t\u00f6k\u00fcb"}]},{"@type":"WebSite","@id":"https:\/\/www.meydan.tv\/az\/#website","url":"https:\/\/www.meydan.tv\/az\/","name":"MEYDAN.TV","description":"Meydan TV Az\u0259rbaycan\u0131n media m\u0259kan\u0131ndak\u0131 alternativ s\u0259sidir","publisher":{"@id":"https:\/\/www.meydan.tv\/az\/#organization"},"potentialAction":[{"@type":"SearchAction","target":{"@type":"EntryPoint","urlTemplate":"https:\/\/www.meydan.tv\/az\/?s={search_term_string}"},"query-input":{"@type":"PropertyValueSpecification","valueRequired":true,"valueName":"search_term_string"}}],"inLanguage":"az"},{"@type":"Organization","@id":"https:\/\/www.meydan.tv\/az\/#organization","name":"Meydan TV","url":"https:\/\/www.meydan.tv\/az\/","logo":{"@type":"ImageObject","inLanguage":"az","@id":"https:\/\/www.meydan.tv\/az\/#\/schema\/logo\/image\/","url":"https:\/\/www.meydan.tv\/wp-content\/uploads\/2021\/07\/meydan-logo.svg","contentUrl":"https:\/\/www.meydan.tv\/wp-content\/uploads\/2021\/07\/meydan-logo.svg","width":195,"height":46,"caption":"Meydan TV"},"image":{"@id":"https:\/\/www.meydan.tv\/az\/#\/schema\/logo\/image\/"}},{"@type":"Person","@id":"https:\/\/www.meydan.tv\/az\/#\/schema\/person\/10d11eccf6da3662cf5fdab9806ea91a","name":"user-manager"}]}},"_links":{"self":[{"href":"https:\/\/www.meydan.tv\/az\/wp-json\/wp\/v2\/posts\/198810","targetHints":{"allow":["GET"]}}],"collection":[{"href":"https:\/\/www.meydan.tv\/az\/wp-json\/wp\/v2\/posts"}],"about":[{"href":"https:\/\/www.meydan.tv\/az\/wp-json\/wp\/v2\/types\/post"}],"author":[{"embeddable":true,"href":"https:\/\/www.meydan.tv\/az\/wp-json\/wp\/v2\/users\/11"}],"replies":[{"embeddable":true,"href":"https:\/\/www.meydan.tv\/az\/wp-json\/wp\/v2\/comments?post=198810"}],"version-history":[{"count":0,"href":"https:\/\/www.meydan.tv\/az\/wp-json\/wp\/v2\/posts\/198810\/revisions"}],"wp:featuredmedia":[{"embeddable":true,"href":"https:\/\/www.meydan.tv\/az\/wp-json\/wp\/v2\/media\/135883"}],"wp:attachment":[{"href":"https:\/\/www.meydan.tv\/az\/wp-json\/wp\/v2\/media?parent=198810"}],"wp:term":[{"taxonomy":"category","embeddable":true,"href":"https:\/\/www.meydan.tv\/az\/wp-json\/wp\/v2\/categories?post=198810"},{"taxonomy":"post_tag","embeddable":true,"href":"https:\/\/www.meydan.tv\/az\/wp-json\/wp\/v2\/tags?post=198810"}],"curies":[{"name":"wp","href":"https:\/\/api.w.org\/{rel}","templated":true}]}}