{"id":198803,"date":"2020-01-15T11:26:34","date_gmt":"2020-01-15T11:26:34","guid":{"rendered":"https:\/\/www.meydan.tv\/article\/surusmede-evini-itiren-sexs-prezidentin-dediyine-emel-eden-yoxdur\/"},"modified":"2020-01-15T11:26:34","modified_gmt":"2020-01-15T11:26:34","slug":"surusmede-evini-itiren-sexs-prezidentin-dediyine-emel-eden-yoxdur","status":"publish","type":"post","link":"https:\/\/www.meydan.tv\/az\/article\/surusmede-evini-itiren-sexs-prezidentin-dediyine-emel-eden-yoxdur\/","title":{"rendered":"S\u00fcr\u00fc\u015fm\u0259d\u0259 evini itir\u0259n \u015f\u0259xs: Prezidentin dediyin\u0259 \u0259m\u0259l ed\u0259n yoxdur"},"content":{"rendered":"<p>\n  <i><br \/>\n    \u201c\u0130cra Hakimiyy\u0259ti Prezidentin tap\u015f\u0131r\u0131\u011f\u0131na \u0259m\u0259l etm\u0259k \u00fc\u00e7\u00fcn 2-3 sot torpaq tapm\u0131r?\u201d<br \/>\n  <\/i>\n<\/p>\n<p>\n  \u201cD\u00fcz 5 ildir ki, biz qohum evl\u0259rind\u0259 qalm\u0131\u015f\u0131q. Ya\u015fama\u011fa evimiz yoxdur. Daha \u00fcz d\u0259 qalmay\u0131b, utan\u0131r\u0131q. Ya\u015fama\u011fa yeri olmamaq \u00e7ox pisdir\u201d.\n<\/p>\n<p>\n  \u015eamax\u0131n\u0131n Mu\u011fanl\u0131 k\u0259ndinin sakini 42 ya\u015fl\u0131 Polad Mustafayev bel\u0259 deyir.\n<\/p>\n<p>\n  2012-ci ild\u0259 \u015eamax\u0131n\u0131n Mu\u011fanl\u0131 k\u0259ndind\u0259 torpaq s\u00fcr\u00fc\u015fm\u0259si olmu\u015fdu. N\u0259tic\u0259d\u0259 k\u0259ndin 14 evi tamamil\u0259, bir \u00e7ox ev is\u0259 qism\u0259n u\u00e7mu\u015f, q\u0259zal\u0131 v\u0259ziyy\u0259t\u0259 d\u00fc\u015fm\u00fc\u015fd\u00fc.\n<\/p>\n<p>\n  S\u00fcr\u00fc\u015fm\u0259d\u0259n 2 il sonra \u015eamax\u0131 rayonunun Meys\u0259ri k\u0259ndinin \u0259razisind\u0259 evi u\u00e7an v\u0259 q\u0259zal\u0131 duruma d\u00fc\u015f\u0259n sakinl\u0259r\u0259 d\u00f6vl\u0259t hesab\u0131na q\u0259s\u0259b\u0259 sal\u0131nd\u0131. Burada 100-\u0259 yax\u0131n ev tikildi.\n<\/p>\n<p>\n  Polad Mustafayev deyir ki, b\u00f6lg\u00fc \u0259dal\u0259tli olmay\u0131b. H\u0259min s\u00fcr\u00fc\u015fm\u0259d\u0259 onlar da evl\u0259rini itiribl\u0259r. 8 n\u0259f\u0259rlik ail\u0259y\u0259 3 otaql\u0131 ki\u00e7ik bir ev veribl\u0259r. Buna g\u00f6r\u0259 o, ail\u0259sini g\u00f6t\u00fcr\u00fcb evd\u0259n \u00e7\u0131xmal\u0131 olub. H\u0259min g\u00fcnd\u0259n d\u0259 qohum evl\u0259rind\u0259 qal\u0131r v\u0259 bu, ona he\u00e7 d\u0259 asan ba\u015fa g\u0259lmir:\n<\/p>\n<p>\n  \u201c2 bac\u0131, 4 qarda\u015f\u0131q. Bir d\u0259 ata v\u0259 anamd\u0131r. Bu q\u0259d\u0259r insana 3 otaql\u0131 ev veribl\u0259r. M\u0259n d\u0259 evl\u0259ndim, yolda\u015f\u0131m v\u0259 2 u\u015faqla orada qala bilm\u0259dik. \u00c7\u0131xd\u0131q. Yax\u015f\u0131 evdir, ancaq ki\u00e7ikdir, ham\u0131m\u0131za azd\u0131r\u201d.\n<\/p>\n<p>\n  Polad Mustafayev deyir ki, evd\u0259n \u00e7\u0131xandan sonra bir m\u00fcdd\u0259t kiray\u0259d\u0259 qal\u0131blar. Sonra onu da \u00e7atd\u0131ra bilm\u0259yib, \u00e7\u0131x\u0131blar:\n<\/p>\n<p>\n  \u201c2 \u00f6vlad\u0131m var. Biri a\u011f\u0131r qan x\u0259st\u0259sidir (red:u\u015faq leykemiyadan \u0259ziyy\u0259t \u00e7\u0259kir ). Onun m\u00fcalic\u0259sin\u0259 \u00e7ox x\u0259rcimiz \u00e7\u0131x\u0131r. Tez-tez Bak\u0131ya apar\u0131b g\u0259tiririk. H\u0259ft\u0259y\u0259 iyn\u0259l\u0259ri 90 manat tutur. Pensiya al\u0131r, ancaq m\u00fcalic\u0259sin\u0259 yetmir. 82 manat pensiya al\u0131rd\u0131, indi 150 edibl\u0259r. Ancaq yen\u0259 \u00e7atm\u0131r. Odur ki, kiray\u0259d\u0259n d\u0259 \u0259limizi \u00fczd\u00fck\u201d.\n<\/p>\n<p>\n  Polad Mustafayev problemi il\u0259 ba\u011fl\u0131 Prezident \u0130lham \u018fliyev\u0259, Birinci vitse-prezident Mehriban \u018fliyevaya m\u0259ktublar yaz\u0131b: \u201cH\u0259min m\u0259ktublara cavab olaraq buradak\u0131 yerli icra hakimiyy\u0259tin\u0259 cavab g\u0259ldi. Tap\u015f\u0131r\u0131q verildi ki, onlara ev tikib verin\u201d.\n<\/p>\n<figure class=\"wp-block-image size-large\">\n  <img decoding=\"async\" src=\"https:\/\/www.meydan.tv\/az\/image_from_ios-2-jpg-97\/\" alt=\"image_from_ios (2).jpg\" class=\"wp-image-135856\"\/><figcaption>\n    &#8220;H\u0259min s\u00fcr\u00fc\u015fm\u0259d\u0259 onlar da evl\u0259rini itiribl\u0259r&#8221;<br \/>\n  <\/figcaption><\/figure>\n<p>\n  Polad Mustafayev deyir ki, yerli m\u0259murlar bu tap\u015f\u0131r\u0131\u011fa \u0259m\u0259l etm\u0259yibl\u0259r. G\u00fcn\u00fc-g\u00fcn\u0259 sat\u0131blar. N\u0259tic\u0259d\u0259 onlar h\u0259l\u0259 d\u0259 evsizdil\u0259r, qohum evl\u0259rind\u0259 qal\u0131rlar:\n<\/p>\n<p>\n  \u201cGah dedil\u0259r, \u201ctorpaq ver, tikim\u201d. Gah da dedil\u0259r ki, imkan yoxdur, olan kimi tikil\u0259c\u0259k. M\u0259nim d\u0259 t\u0259yinat\u0131 ev tikm\u0259y\u0259 izin ver\u0259n torpa\u011f\u0131m yoxdur. Biri bu da\u011f\u0131lm\u0131\u015f evin yeridir. Deyirl\u0259r, \u201cbura t\u0259hl\u00fck\u0259lidir\u201d. Bir d\u0259 a\u015fa\u011f\u0131dad\u0131r, k\u0259nd t\u0259s\u0259rr\u00fcfat\u0131 t\u0259yinatl\u0131d\u0131r. Ona da deyirl\u0259r ki, ev tikm\u0259k olmaz. B\u0259s onda m\u0259n yaz\u0131q n\u0259 edim?\u201d\n<\/p>\n<p>\n  Polad Mustafayev ba\u015fqa torpa\u011f\u0131n\u0131n olmad\u0131\u011f\u0131n\u0131 s\u00f6yl\u0259yir. Deyir, \u0259slind\u0259 o \u0259kin t\u0259yinat\u0131 olan torpa\u011f\u0131n\u0131n yan\u0131nda \u00f6z\u00fcn\u0259 ev, h\u0259tta villa tik\u0259nl\u0259r d\u0259 var. Onlara he\u00e7 dey\u0259n yoxdur ki, \u0259kin \u00fc\u00e7\u00fcn n\u0259z\u0259rd\u0259 tutulub:\n<\/p>\n<p>\n  \u201cO boyda tap\u015f\u0131r\u0131q g\u0259lib, y\u0259ni bir torpa\u011f\u0131n t\u0259yinat\u0131n\u0131 d\u0259yi\u015f\u0259 bilmirl\u0259r? V\u0259 yaxud \u0130cra Hakimiyy\u0259ti Prezidentin tap\u015f\u0131r\u0131\u011f\u0131na \u0259m\u0259l etm\u0259k \u00fc\u00e7\u00fcn 2-3 sot torpaq tapm\u0131r?\u201d\n<\/p>\n<p>\n  Polad Mustafayev art\u0131q ail\u0259si il\u0259 birg\u0259 5 ildir k\u00fc\u00e7\u0259l\u0259rd\u0259 qald\u0131\u011f\u0131n\u0131 deyir:\n<\/p>\n<p>\n  \u201cBak\u0131ya k\u00f6\u00e7d\u00fck bir ara. Kiray\u0259 pulunu \u00e7atd\u0131ra bilm\u0259dim. Bir m\u00fcdd\u0259t ma\u015f\u0131nyuma m\u0259nt\u0259q\u0259sind\u0259 i\u015fl\u0259dim. Gec\u0259-g\u00fcnd\u00fcz ma\u015f\u0131n yuyurdum. \u00c7atd\u0131rmad\u0131m, he\u00e7 n\u0259 al\u0131nd\u0131ra bilm\u0259dim. Odur ki, son \u00fcmid kimi Prezidentim\u0259 m\u00fcraci\u0259t etdim. Onun dediyin\u0259 is\u0259 \u0259m\u0259l ed\u0259n yoxdur. B\u0259lk\u0259 d\u0259 torpaq b\u0259han\u0259dir, problemi he\u00e7 h\u0259ll etm\u0259k ist\u0259mirl\u0259r. Deyir\u0259m, 58 sot torpa\u011f\u0131m var, verir\u0259m siz\u0259. Onun 10 sotunda m\u0259n\u0259 bir daxma tikin, qalan\u0131 lap olsun sizin. Buna da qol qoymurlar\u201d.\n<\/p>\n<p>\n  \u015eamax\u0131 \u015e\u0259h\u0259r \u0130cra Hakimiyy\u0259tind\u0259n Meydan TV-y\u0259 m\u0259s\u0259l\u0259ni ara\u015fd\u0131racaqlar\u0131n\u0131 deyibl\u0259r: \u201cTap\u015f\u0131r\u0131q varsa, ola bilm\u0259z ki, bu g\u00fcn\u0259 q\u0259d\u0259r icra edilm\u0259sin. Ara\u015fd\u0131raca\u011f\u0131q, \u0259g\u0259r bel\u0259 bir \u015fey varsa, \u0259limizd\u0259n g\u0259l\u0259n k\u00f6m\u0259yi ed\u0259rik\u201d.<\/p>\n","protected":false},"excerpt":{"rendered":"<p>Polad Mustafayev deyir ki, yerli m\u0259murlar bu tap\u015f\u0131r\u0131\u011fa \u0259m\u0259l etm\u0259yibl\u0259r.<\/p>\n","protected":false},"author":11,"featured_media":135847,"comment_status":"closed","ping_status":"open","sticky":false,"template":"","format":"standard","meta":{"_acf_changed":false,"_sitemap_exclude":false,"_sitemap_priority":"","_sitemap_frequency":"","footnotes":""},"categories":[60],"tags":[],"class_list":["post-198803","post","type-post","status-publish","format-standard","has-post-thumbnail","hentry","category-bolge","infinite-scroll-item","generate-columns","tablet-grid-50","mobile-grid-100","grid-parent","grid-33","no-featured-image-padding"],"acf":[],"yoast_head":"<!-- This site is optimized with the Yoast SEO plugin v27.5 - https:\/\/yoast.com\/product\/yoast-seo-wordpress\/ -->\n<title>S\u00fcr\u00fc\u015fm\u0259d\u0259 evini itir\u0259n \u015f\u0259xs: Prezidentin dediyin\u0259 \u0259m\u0259l ed\u0259n yoxdur - MEYDAN.TV<\/title>\n<meta name=\"robots\" content=\"index, follow, max-snippet:-1, max-image-preview:large, max-video-preview:-1\" \/>\n<link rel=\"canonical\" href=\"https:\/\/www.meydan.tv\/az\/article\/surusmede-evini-itiren-sexs-prezidentin-dediyine-emel-eden-yoxdur\/\" \/>\n<meta property=\"og:locale\" content=\"az_AZ\" \/>\n<meta property=\"og:type\" content=\"article\" \/>\n<meta property=\"og:title\" content=\"S\u00fcr\u00fc\u015fm\u0259d\u0259 evini itir\u0259n \u015f\u0259xs: Prezidentin dediyin\u0259 \u0259m\u0259l ed\u0259n yoxdur - MEYDAN.TV\" \/>\n<meta property=\"og:description\" content=\"Polad Mustafayev deyir ki, yerli m\u0259murlar bu tap\u015f\u0131r\u0131\u011fa \u0259m\u0259l etm\u0259yibl\u0259r.\" \/>\n<meta property=\"og:url\" content=\"https:\/\/www.meydan.tv\/az\/article\/surusmede-evini-itiren-sexs-prezidentin-dediyine-emel-eden-yoxdur\/\" \/>\n<meta property=\"og:site_name\" content=\"MEYDAN.TV\" \/>\n<meta property=\"article:published_time\" content=\"2020-01-15T11:26:34+00:00\" \/>\n<meta property=\"og:image\" content=\"https:\/\/www.meydan.tv\/wp-content\/uploads\/image_from_ios__2__9kv9ma4-scaled.jpg\" \/>\n\t<meta property=\"og:image:width\" content=\"2560\" \/>\n\t<meta property=\"og:image:height\" content=\"1920\" \/>\n\t<meta property=\"og:image:type\" content=\"image\/jpeg\" \/>\n<meta name=\"author\" content=\"user-manager\" \/>\n<meta name=\"twitter:card\" content=\"summary_large_image\" \/>\n<script type=\"application\/ld+json\" class=\"yoast-schema-graph\">{\"@context\":\"https:\\\/\\\/schema.org\",\"@graph\":[{\"@type\":\"Article\",\"@id\":\"https:\\\/\\\/www.meydan.tv\\\/az\\\/article\\\/surusmede-evini-itiren-sexs-prezidentin-dediyine-emel-eden-yoxdur\\\/#article\",\"isPartOf\":{\"@id\":\"https:\\\/\\\/www.meydan.tv\\\/az\\\/article\\\/surusmede-evini-itiren-sexs-prezidentin-dediyine-emel-eden-yoxdur\\\/\"},\"author\":{\"name\":\"user-manager\",\"@id\":\"https:\\\/\\\/www.meydan.tv\\\/az\\\/#\\\/schema\\\/person\\\/10d11eccf6da3662cf5fdab9806ea91a\"},\"headline\":\"S\u00fcr\u00fc\u015fm\u0259d\u0259 evini itir\u0259n \u015f\u0259xs: Prezidentin dediyin\u0259 \u0259m\u0259l ed\u0259n yoxdur\",\"datePublished\":\"2020-01-15T11:26:34+00:00\",\"mainEntityOfPage\":{\"@id\":\"https:\\\/\\\/www.meydan.tv\\\/az\\\/article\\\/surusmede-evini-itiren-sexs-prezidentin-dediyine-emel-eden-yoxdur\\\/\"},\"wordCount\":787,\"publisher\":{\"@id\":\"https:\\\/\\\/www.meydan.tv\\\/az\\\/#organization\"},\"image\":{\"@id\":\"https:\\\/\\\/www.meydan.tv\\\/az\\\/article\\\/surusmede-evini-itiren-sexs-prezidentin-dediyine-emel-eden-yoxdur\\\/#primaryimage\"},\"thumbnailUrl\":\"https:\\\/\\\/www.meydan.tv\\\/wp-content\\\/uploads\\\/image_from_ios__2__9kv9ma4-scaled.jpg\",\"articleSection\":[\"B\u00f6lg\u0259\"],\"inLanguage\":\"az\"},{\"@type\":\"WebPage\",\"@id\":\"https:\\\/\\\/www.meydan.tv\\\/az\\\/article\\\/surusmede-evini-itiren-sexs-prezidentin-dediyine-emel-eden-yoxdur\\\/\",\"url\":\"https:\\\/\\\/www.meydan.tv\\\/az\\\/article\\\/surusmede-evini-itiren-sexs-prezidentin-dediyine-emel-eden-yoxdur\\\/\",\"name\":\"S\u00fcr\u00fc\u015fm\u0259d\u0259 evini itir\u0259n \u015f\u0259xs: Prezidentin dediyin\u0259 \u0259m\u0259l ed\u0259n yoxdur - MEYDAN.TV\",\"isPartOf\":{\"@id\":\"https:\\\/\\\/www.meydan.tv\\\/az\\\/#website\"},\"primaryImageOfPage\":{\"@id\":\"https:\\\/\\\/www.meydan.tv\\\/az\\\/article\\\/surusmede-evini-itiren-sexs-prezidentin-dediyine-emel-eden-yoxdur\\\/#primaryimage\"},\"image\":{\"@id\":\"https:\\\/\\\/www.meydan.tv\\\/az\\\/article\\\/surusmede-evini-itiren-sexs-prezidentin-dediyine-emel-eden-yoxdur\\\/#primaryimage\"},\"thumbnailUrl\":\"https:\\\/\\\/www.meydan.tv\\\/wp-content\\\/uploads\\\/image_from_ios__2__9kv9ma4-scaled.jpg\",\"datePublished\":\"2020-01-15T11:26:34+00:00\",\"breadcrumb\":{\"@id\":\"https:\\\/\\\/www.meydan.tv\\\/az\\\/article\\\/surusmede-evini-itiren-sexs-prezidentin-dediyine-emel-eden-yoxdur\\\/#breadcrumb\"},\"inLanguage\":\"az\",\"potentialAction\":[{\"@type\":\"ReadAction\",\"target\":[\"https:\\\/\\\/www.meydan.tv\\\/az\\\/article\\\/surusmede-evini-itiren-sexs-prezidentin-dediyine-emel-eden-yoxdur\\\/\"]}]},{\"@type\":\"ImageObject\",\"inLanguage\":\"az\",\"@id\":\"https:\\\/\\\/www.meydan.tv\\\/az\\\/article\\\/surusmede-evini-itiren-sexs-prezidentin-dediyine-emel-eden-yoxdur\\\/#primaryimage\",\"url\":\"https:\\\/\\\/www.meydan.tv\\\/wp-content\\\/uploads\\\/image_from_ios__2__9kv9ma4-scaled.jpg\",\"contentUrl\":\"https:\\\/\\\/www.meydan.tv\\\/wp-content\\\/uploads\\\/image_from_ios__2__9kv9ma4-scaled.jpg\",\"width\":2560,\"height\":1920,\"caption\":\"Source: Specify Source\"},{\"@type\":\"BreadcrumbList\",\"@id\":\"https:\\\/\\\/www.meydan.tv\\\/az\\\/article\\\/surusmede-evini-itiren-sexs-prezidentin-dediyine-emel-eden-yoxdur\\\/#breadcrumb\",\"itemListElement\":[{\"@type\":\"ListItem\",\"position\":1,\"name\":\"Ana s\u0259hif\u0259\",\"item\":\"https:\\\/\\\/www.meydan.tv\\\/az\\\/\"},{\"@type\":\"ListItem\",\"position\":2,\"name\":\"B\u00f6lg\u0259\",\"item\":\"https:\\\/\\\/www.meydan.tv\\\/az\\\/section\\\/bolge\\\/\"},{\"@type\":\"ListItem\",\"position\":3,\"name\":\"S\u00fcr\u00fc\u015fm\u0259d\u0259 evini itir\u0259n \u015f\u0259xs: Prezidentin dediyin\u0259 \u0259m\u0259l ed\u0259n yoxdur\"}]},{\"@type\":\"WebSite\",\"@id\":\"https:\\\/\\\/www.meydan.tv\\\/az\\\/#website\",\"url\":\"https:\\\/\\\/www.meydan.tv\\\/az\\\/\",\"name\":\"MEYDAN.TV\",\"description\":\"Meydan TV Az\u0259rbaycan\u0131n media m\u0259kan\u0131ndak\u0131 alternativ s\u0259sidir\",\"publisher\":{\"@id\":\"https:\\\/\\\/www.meydan.tv\\\/az\\\/#organization\"},\"potentialAction\":[{\"@type\":\"SearchAction\",\"target\":{\"@type\":\"EntryPoint\",\"urlTemplate\":\"https:\\\/\\\/www.meydan.tv\\\/az\\\/?s={search_term_string}\"},\"query-input\":{\"@type\":\"PropertyValueSpecification\",\"valueRequired\":true,\"valueName\":\"search_term_string\"}}],\"inLanguage\":\"az\"},{\"@type\":\"Organization\",\"@id\":\"https:\\\/\\\/www.meydan.tv\\\/az\\\/#organization\",\"name\":\"Meydan TV\",\"url\":\"https:\\\/\\\/www.meydan.tv\\\/az\\\/\",\"logo\":{\"@type\":\"ImageObject\",\"inLanguage\":\"az\",\"@id\":\"https:\\\/\\\/www.meydan.tv\\\/az\\\/#\\\/schema\\\/logo\\\/image\\\/\",\"url\":\"https:\\\/\\\/www.meydan.tv\\\/wp-content\\\/uploads\\\/2021\\\/07\\\/meydan-logo.svg\",\"contentUrl\":\"https:\\\/\\\/www.meydan.tv\\\/wp-content\\\/uploads\\\/2021\\\/07\\\/meydan-logo.svg\",\"width\":195,\"height\":46,\"caption\":\"Meydan TV\"},\"image\":{\"@id\":\"https:\\\/\\\/www.meydan.tv\\\/az\\\/#\\\/schema\\\/logo\\\/image\\\/\"}},{\"@type\":\"Person\",\"@id\":\"https:\\\/\\\/www.meydan.tv\\\/az\\\/#\\\/schema\\\/person\\\/10d11eccf6da3662cf5fdab9806ea91a\",\"name\":\"user-manager\"}]}<\/script>\n<!-- \/ Yoast SEO plugin. -->","yoast_head_json":{"title":"S\u00fcr\u00fc\u015fm\u0259d\u0259 evini itir\u0259n \u015f\u0259xs: Prezidentin dediyin\u0259 \u0259m\u0259l ed\u0259n yoxdur - MEYDAN.TV","robots":{"index":"index","follow":"follow","max-snippet":"max-snippet:-1","max-image-preview":"max-image-preview:large","max-video-preview":"max-video-preview:-1"},"canonical":"https:\/\/www.meydan.tv\/az\/article\/surusmede-evini-itiren-sexs-prezidentin-dediyine-emel-eden-yoxdur\/","og_locale":"az_AZ","og_type":"article","og_title":"S\u00fcr\u00fc\u015fm\u0259d\u0259 evini itir\u0259n \u015f\u0259xs: Prezidentin dediyin\u0259 \u0259m\u0259l ed\u0259n yoxdur - MEYDAN.TV","og_description":"Polad Mustafayev deyir ki, yerli m\u0259murlar bu tap\u015f\u0131r\u0131\u011fa \u0259m\u0259l etm\u0259yibl\u0259r.","og_url":"https:\/\/www.meydan.tv\/az\/article\/surusmede-evini-itiren-sexs-prezidentin-dediyine-emel-eden-yoxdur\/","og_site_name":"MEYDAN.TV","article_published_time":"2020-01-15T11:26:34+00:00","og_image":[{"width":2560,"height":1920,"url":"https:\/\/www.meydan.tv\/wp-content\/uploads\/image_from_ios__2__9kv9ma4-scaled.jpg","type":"image\/jpeg"}],"author":"user-manager","twitter_card":"summary_large_image","schema":{"@context":"https:\/\/schema.org","@graph":[{"@type":"Article","@id":"https:\/\/www.meydan.tv\/az\/article\/surusmede-evini-itiren-sexs-prezidentin-dediyine-emel-eden-yoxdur\/#article","isPartOf":{"@id":"https:\/\/www.meydan.tv\/az\/article\/surusmede-evini-itiren-sexs-prezidentin-dediyine-emel-eden-yoxdur\/"},"author":{"name":"user-manager","@id":"https:\/\/www.meydan.tv\/az\/#\/schema\/person\/10d11eccf6da3662cf5fdab9806ea91a"},"headline":"S\u00fcr\u00fc\u015fm\u0259d\u0259 evini itir\u0259n \u015f\u0259xs: Prezidentin dediyin\u0259 \u0259m\u0259l ed\u0259n yoxdur","datePublished":"2020-01-15T11:26:34+00:00","mainEntityOfPage":{"@id":"https:\/\/www.meydan.tv\/az\/article\/surusmede-evini-itiren-sexs-prezidentin-dediyine-emel-eden-yoxdur\/"},"wordCount":787,"publisher":{"@id":"https:\/\/www.meydan.tv\/az\/#organization"},"image":{"@id":"https:\/\/www.meydan.tv\/az\/article\/surusmede-evini-itiren-sexs-prezidentin-dediyine-emel-eden-yoxdur\/#primaryimage"},"thumbnailUrl":"https:\/\/www.meydan.tv\/wp-content\/uploads\/image_from_ios__2__9kv9ma4-scaled.jpg","articleSection":["B\u00f6lg\u0259"],"inLanguage":"az"},{"@type":"WebPage","@id":"https:\/\/www.meydan.tv\/az\/article\/surusmede-evini-itiren-sexs-prezidentin-dediyine-emel-eden-yoxdur\/","url":"https:\/\/www.meydan.tv\/az\/article\/surusmede-evini-itiren-sexs-prezidentin-dediyine-emel-eden-yoxdur\/","name":"S\u00fcr\u00fc\u015fm\u0259d\u0259 evini itir\u0259n \u015f\u0259xs: Prezidentin dediyin\u0259 \u0259m\u0259l ed\u0259n yoxdur - MEYDAN.TV","isPartOf":{"@id":"https:\/\/www.meydan.tv\/az\/#website"},"primaryImageOfPage":{"@id":"https:\/\/www.meydan.tv\/az\/article\/surusmede-evini-itiren-sexs-prezidentin-dediyine-emel-eden-yoxdur\/#primaryimage"},"image":{"@id":"https:\/\/www.meydan.tv\/az\/article\/surusmede-evini-itiren-sexs-prezidentin-dediyine-emel-eden-yoxdur\/#primaryimage"},"thumbnailUrl":"https:\/\/www.meydan.tv\/wp-content\/uploads\/image_from_ios__2__9kv9ma4-scaled.jpg","datePublished":"2020-01-15T11:26:34+00:00","breadcrumb":{"@id":"https:\/\/www.meydan.tv\/az\/article\/surusmede-evini-itiren-sexs-prezidentin-dediyine-emel-eden-yoxdur\/#breadcrumb"},"inLanguage":"az","potentialAction":[{"@type":"ReadAction","target":["https:\/\/www.meydan.tv\/az\/article\/surusmede-evini-itiren-sexs-prezidentin-dediyine-emel-eden-yoxdur\/"]}]},{"@type":"ImageObject","inLanguage":"az","@id":"https:\/\/www.meydan.tv\/az\/article\/surusmede-evini-itiren-sexs-prezidentin-dediyine-emel-eden-yoxdur\/#primaryimage","url":"https:\/\/www.meydan.tv\/wp-content\/uploads\/image_from_ios__2__9kv9ma4-scaled.jpg","contentUrl":"https:\/\/www.meydan.tv\/wp-content\/uploads\/image_from_ios__2__9kv9ma4-scaled.jpg","width":2560,"height":1920,"caption":"Source: Specify Source"},{"@type":"BreadcrumbList","@id":"https:\/\/www.meydan.tv\/az\/article\/surusmede-evini-itiren-sexs-prezidentin-dediyine-emel-eden-yoxdur\/#breadcrumb","itemListElement":[{"@type":"ListItem","position":1,"name":"Ana s\u0259hif\u0259","item":"https:\/\/www.meydan.tv\/az\/"},{"@type":"ListItem","position":2,"name":"B\u00f6lg\u0259","item":"https:\/\/www.meydan.tv\/az\/section\/bolge\/"},{"@type":"ListItem","position":3,"name":"S\u00fcr\u00fc\u015fm\u0259d\u0259 evini itir\u0259n \u015f\u0259xs: Prezidentin dediyin\u0259 \u0259m\u0259l ed\u0259n yoxdur"}]},{"@type":"WebSite","@id":"https:\/\/www.meydan.tv\/az\/#website","url":"https:\/\/www.meydan.tv\/az\/","name":"MEYDAN.TV","description":"Meydan TV Az\u0259rbaycan\u0131n media m\u0259kan\u0131ndak\u0131 alternativ s\u0259sidir","publisher":{"@id":"https:\/\/www.meydan.tv\/az\/#organization"},"potentialAction":[{"@type":"SearchAction","target":{"@type":"EntryPoint","urlTemplate":"https:\/\/www.meydan.tv\/az\/?s={search_term_string}"},"query-input":{"@type":"PropertyValueSpecification","valueRequired":true,"valueName":"search_term_string"}}],"inLanguage":"az"},{"@type":"Organization","@id":"https:\/\/www.meydan.tv\/az\/#organization","name":"Meydan TV","url":"https:\/\/www.meydan.tv\/az\/","logo":{"@type":"ImageObject","inLanguage":"az","@id":"https:\/\/www.meydan.tv\/az\/#\/schema\/logo\/image\/","url":"https:\/\/www.meydan.tv\/wp-content\/uploads\/2021\/07\/meydan-logo.svg","contentUrl":"https:\/\/www.meydan.tv\/wp-content\/uploads\/2021\/07\/meydan-logo.svg","width":195,"height":46,"caption":"Meydan TV"},"image":{"@id":"https:\/\/www.meydan.tv\/az\/#\/schema\/logo\/image\/"}},{"@type":"Person","@id":"https:\/\/www.meydan.tv\/az\/#\/schema\/person\/10d11eccf6da3662cf5fdab9806ea91a","name":"user-manager"}]}},"_links":{"self":[{"href":"https:\/\/www.meydan.tv\/az\/wp-json\/wp\/v2\/posts\/198803","targetHints":{"allow":["GET"]}}],"collection":[{"href":"https:\/\/www.meydan.tv\/az\/wp-json\/wp\/v2\/posts"}],"about":[{"href":"https:\/\/www.meydan.tv\/az\/wp-json\/wp\/v2\/types\/post"}],"author":[{"embeddable":true,"href":"https:\/\/www.meydan.tv\/az\/wp-json\/wp\/v2\/users\/11"}],"replies":[{"embeddable":true,"href":"https:\/\/www.meydan.tv\/az\/wp-json\/wp\/v2\/comments?post=198803"}],"version-history":[{"count":0,"href":"https:\/\/www.meydan.tv\/az\/wp-json\/wp\/v2\/posts\/198803\/revisions"}],"wp:featuredmedia":[{"embeddable":true,"href":"https:\/\/www.meydan.tv\/az\/wp-json\/wp\/v2\/media\/135847"}],"wp:attachment":[{"href":"https:\/\/www.meydan.tv\/az\/wp-json\/wp\/v2\/media?parent=198803"}],"wp:term":[{"taxonomy":"category","embeddable":true,"href":"https:\/\/www.meydan.tv\/az\/wp-json\/wp\/v2\/categories?post=198803"},{"taxonomy":"post_tag","embeddable":true,"href":"https:\/\/www.meydan.tv\/az\/wp-json\/wp\/v2\/tags?post=198803"}],"curies":[{"name":"wp","href":"https:\/\/api.w.org\/{rel}","templated":true}]}}