{"id":198796,"date":"2020-01-14T20:48:32","date_gmt":"2020-01-14T20:48:32","guid":{"rendered":"https:\/\/www.meydan.tv\/article\/azerbaycan-gurcustan-serhedinde-insident\/"},"modified":"2020-01-14T20:48:32","modified_gmt":"2020-01-14T20:48:32","slug":"azerbaycan-gurcustan-serhedinde-insident","status":"publish","type":"post","link":"https:\/\/www.meydan.tv\/az\/article\/azerbaycan-gurcustan-serhedinde-insident\/","title":{"rendered":"Az\u0259rbaycan-G\u00fcrc\u00fcstan s\u0259rh\u0259dind\u0259 insident"},"content":{"rendered":"<p>\n  Yanvar\u0131n 14-d\u0259 Az\u0259rbaycan-G\u00fcrc\u00fcstan s\u0259rh\u0259dind\u0259 insident ba\u015f verib. Bu haqda G\u00fcrc\u00fcstan Daxili \u0130\u015fl\u0259r Nazirliyi m\u0259lumat yay\u0131b.\n<\/p>\n<p>\n  Hadis\u0259 zaman\u0131 G\u00fcrc\u00fcstan v\u0259t\u0259nda\u015f\u0131 saxlan\u0131l\u0131b. O, qanunsuz \u015f\u0259kild\u0259 odlu silah \u0259ld\u0259 etm\u0259kd\u0259 v\u0259 saxlamaqda g\u00fcnahland\u0131r\u0131l\u0131r.\n<\/p>\n<p>\n  H\u0259min \u015f\u0259xs silah v\u0259 qumbara il\u0259 h\u0259d\u0259l\u0259y\u0259r\u0259k, G\u00fcrc\u00fcstan s\u0259rh\u0259d\u00e7il\u0259rini s\u0259rh\u0259din raz\u0131la\u015fd\u0131r\u0131lmam\u0131\u015f hiss\u0259sin\u0259 do\u011fru getm\u0259y\u0259 m\u0259cbur edib. O, bu zaman bir ne\u00e7\u0259 d\u0259f\u0259 at\u0259\u015f a\u00e7\u0131b. Bildirilir ki, G\u00fcrc\u00fcstan s\u0259rh\u0259d polisi \u0259m\u0259kda\u015flar\u0131n\u0131n say\u0259sind\u0259 insident tamamil\u0259 h\u0259ll olunub.\n<\/p>\n<p>\n  G\u00fcrc\u00fcstan D\u0130N-i az\u0259rbaycanl\u0131 h\u0259mkarlar\u0131na hadis\u0259 zaman\u0131 effektli \u0259m\u0259kda\u015fl\u0131qlar\u0131na g\u00f6r\u0259 t\u0259\u015f\u0259kk\u00fcr edib.\n<\/p>\n<p>\n  Eyni zamanda Az\u0259rbaycan D\u00f6vl\u0259t S\u0259rh\u0259d Xidm\u0259ti x\u0259b\u0259r verir ki, yanvar\u0131n 14-d\u0259 g\u00fcnd\u00fcz G\u00fcrc\u00fcstan S\u0259rh\u0259d polisinin \u00c7itelexide sah\u0259si \u00fczr\u0259 \u0259m\u0259kda\u015f\u0131 Az\u0259rbaycan DSX s\u0259rh\u0259d qo\u015funlar\u0131 \u201c\u015e\u0259mkir\u201d s\u0259rh\u0259d d\u0259st\u0259sinin r\u0259isi il\u0259 \u0259laq\u0259 saxlayaraq b\u0259yan edib ki, G\u00fcrc\u00fcstan \u0259razisind\u0259, \u201cKe\u015fik\u00e7ida\u011f\u201d s\u0259rh\u0259d zastavas\u0131 yax\u0131nl\u0131\u011f\u0131nda h\u0259rbi formada bir \u015f\u0259xs g\u00fcrc\u00fc s\u0259rh\u0259d\u00e7isini girov g\u00f6t\u00fcr\u00fcb v\u0259 d\u00f6vl\u0259t s\u0259rh\u0259din\u0259 do\u011fru h\u0259r\u0259k\u0259t edir.\n<\/p>\n<p>\n  S\u0259rh\u0259d d\u0259st\u0259si 6-7 h\u0259rbi geyimli, silahl\u0131 adam\u0131n Az\u0259rbaycan s\u0259rh\u0259din\u0259 do\u011fru g\u0259ldiyini m\u00fc\u015fahid\u0259 edib. S\u0259rh\u0259d\u00e7il\u0259r bu adamlar\u0131n \u00f6z aralar\u0131nda m\u00fcbahis\u0259 etdikl\u0259rini g\u00f6r\u00fcbl\u0259r. Onlardan birinin \u0259lind\u0259 qumbara v\u0259 silah olub.\n<\/p>\n<p>\n  Bir m\u00fcdd\u0259t sonra silahl\u0131 adam havaya at\u0259\u015f a\u00e7\u0131b. S\u0259rh\u0259d d\u0259st\u0259si d\u0259rhal t\u0259hl\u00fck\u0259siz h\u0259rbi m\u00f6vqe tutub v\u0259 havaya x\u0259b\u0259rdaredici at\u0259\u015f a\u00e7\u0131b. Bundan istifad\u0259 ed\u0259n G\u00fcrc\u00fcstan s\u0259rh\u0259d\u00e7il\u0259ri qanun pozucusunu t\u0259rk-silah ed\u0259 bilibl\u0259r.<\/p>\n","protected":false},"excerpt":{"rendered":"<p>\u015e\u0259xs silah v\u0259 qumbara il\u0259 h\u0259d\u0259l\u0259y\u0259r\u0259k, G\u00fcrc\u00fcstan s\u0259rh\u0259d\u00e7il\u0259rini s\u0259rh\u0259din raz\u0131la\u015fd\u0131r\u0131lmam\u0131\u015f hiss\u0259sin\u0259 do\u011fru getm\u0259y\u0259 m\u0259cbur edib<\/p>\n","protected":false},"author":11,"featured_media":135817,"comment_status":"closed","ping_status":"open","sticky":false,"template":"","format":"standard","meta":{"_acf_changed":false,"_sitemap_exclude":false,"_sitemap_priority":"","_sitemap_frequency":"","footnotes":""},"categories":[62],"tags":[],"class_list":["post-198796","post","type-post","status-publish","format-standard","has-post-thumbnail","hentry","category-sosial","infinite-scroll-item","generate-columns","tablet-grid-50","mobile-grid-100","grid-parent","grid-33","no-featured-image-padding"],"acf":[],"yoast_head":"<!-- This site is optimized with the Yoast SEO plugin v27.4 - https:\/\/yoast.com\/product\/yoast-seo-wordpress\/ -->\n<title>Az\u0259rbaycan-G\u00fcrc\u00fcstan s\u0259rh\u0259dind\u0259 insident - MEYDAN.TV<\/title>\n<meta name=\"robots\" content=\"index, follow, max-snippet:-1, max-image-preview:large, max-video-preview:-1\" \/>\n<link rel=\"canonical\" href=\"https:\/\/www.meydan.tv\/az\/article\/azerbaycan-gurcustan-serhedinde-insident\/\" \/>\n<meta property=\"og:locale\" content=\"az_AZ\" \/>\n<meta property=\"og:type\" content=\"article\" \/>\n<meta property=\"og:title\" content=\"Az\u0259rbaycan-G\u00fcrc\u00fcstan s\u0259rh\u0259dind\u0259 insident - MEYDAN.TV\" \/>\n<meta property=\"og:description\" content=\"\u015e\u0259xs silah v\u0259 qumbara il\u0259 h\u0259d\u0259l\u0259y\u0259r\u0259k, G\u00fcrc\u00fcstan s\u0259rh\u0259d\u00e7il\u0259rini s\u0259rh\u0259din raz\u0131la\u015fd\u0131r\u0131lmam\u0131\u015f hiss\u0259sin\u0259 do\u011fru getm\u0259y\u0259 m\u0259cbur edib\" \/>\n<meta property=\"og:url\" content=\"https:\/\/www.meydan.tv\/az\/article\/azerbaycan-gurcustan-serhedinde-insident\/\" \/>\n<meta property=\"og:site_name\" content=\"MEYDAN.TV\" \/>\n<meta property=\"article:published_time\" content=\"2020-01-14T20:48:32+00:00\" \/>\n<meta property=\"og:image\" content=\"https:\/\/www.meydan.tv\/wp-content\/uploads\/serhed_c55nvrh.jpg\" \/>\n\t<meta property=\"og:image:width\" content=\"1200\" \/>\n\t<meta property=\"og:image:height\" content=\"675\" \/>\n\t<meta property=\"og:image:type\" content=\"image\/jpeg\" \/>\n<meta name=\"author\" content=\"user-manager\" \/>\n<meta name=\"twitter:card\" content=\"summary_large_image\" \/>\n<script type=\"application\/ld+json\" class=\"yoast-schema-graph\">{\"@context\":\"https:\\\/\\\/schema.org\",\"@graph\":[{\"@type\":\"Article\",\"@id\":\"https:\\\/\\\/www.meydan.tv\\\/az\\\/article\\\/azerbaycan-gurcustan-serhedinde-insident\\\/#article\",\"isPartOf\":{\"@id\":\"https:\\\/\\\/www.meydan.tv\\\/az\\\/article\\\/azerbaycan-gurcustan-serhedinde-insident\\\/\"},\"author\":{\"name\":\"user-manager\",\"@id\":\"https:\\\/\\\/www.meydan.tv\\\/az\\\/#\\\/schema\\\/person\\\/10d11eccf6da3662cf5fdab9806ea91a\"},\"headline\":\"Az\u0259rbaycan-G\u00fcrc\u00fcstan s\u0259rh\u0259dind\u0259 insident\",\"datePublished\":\"2020-01-14T20:48:32+00:00\",\"mainEntityOfPage\":{\"@id\":\"https:\\\/\\\/www.meydan.tv\\\/az\\\/article\\\/azerbaycan-gurcustan-serhedinde-insident\\\/\"},\"wordCount\":363,\"publisher\":{\"@id\":\"https:\\\/\\\/www.meydan.tv\\\/az\\\/#organization\"},\"image\":{\"@id\":\"https:\\\/\\\/www.meydan.tv\\\/az\\\/article\\\/azerbaycan-gurcustan-serhedinde-insident\\\/#primaryimage\"},\"thumbnailUrl\":\"https:\\\/\\\/www.meydan.tv\\\/wp-content\\\/uploads\\\/serhed_c55nvrh.jpg\",\"articleSection\":[\"Sosial\"],\"inLanguage\":\"az\"},{\"@type\":\"WebPage\",\"@id\":\"https:\\\/\\\/www.meydan.tv\\\/az\\\/article\\\/azerbaycan-gurcustan-serhedinde-insident\\\/\",\"url\":\"https:\\\/\\\/www.meydan.tv\\\/az\\\/article\\\/azerbaycan-gurcustan-serhedinde-insident\\\/\",\"name\":\"Az\u0259rbaycan-G\u00fcrc\u00fcstan s\u0259rh\u0259dind\u0259 insident - MEYDAN.TV\",\"isPartOf\":{\"@id\":\"https:\\\/\\\/www.meydan.tv\\\/az\\\/#website\"},\"primaryImageOfPage\":{\"@id\":\"https:\\\/\\\/www.meydan.tv\\\/az\\\/article\\\/azerbaycan-gurcustan-serhedinde-insident\\\/#primaryimage\"},\"image\":{\"@id\":\"https:\\\/\\\/www.meydan.tv\\\/az\\\/article\\\/azerbaycan-gurcustan-serhedinde-insident\\\/#primaryimage\"},\"thumbnailUrl\":\"https:\\\/\\\/www.meydan.tv\\\/wp-content\\\/uploads\\\/serhed_c55nvrh.jpg\",\"datePublished\":\"2020-01-14T20:48:32+00:00\",\"breadcrumb\":{\"@id\":\"https:\\\/\\\/www.meydan.tv\\\/az\\\/article\\\/azerbaycan-gurcustan-serhedinde-insident\\\/#breadcrumb\"},\"inLanguage\":\"az\",\"potentialAction\":[{\"@type\":\"ReadAction\",\"target\":[\"https:\\\/\\\/www.meydan.tv\\\/az\\\/article\\\/azerbaycan-gurcustan-serhedinde-insident\\\/\"]}]},{\"@type\":\"ImageObject\",\"inLanguage\":\"az\",\"@id\":\"https:\\\/\\\/www.meydan.tv\\\/az\\\/article\\\/azerbaycan-gurcustan-serhedinde-insident\\\/#primaryimage\",\"url\":\"https:\\\/\\\/www.meydan.tv\\\/wp-content\\\/uploads\\\/serhed_c55nvrh.jpg\",\"contentUrl\":\"https:\\\/\\\/www.meydan.tv\\\/wp-content\\\/uploads\\\/serhed_c55nvrh.jpg\",\"width\":1200,\"height\":675,\"caption\":\"Source: Teleqraf\"},{\"@type\":\"BreadcrumbList\",\"@id\":\"https:\\\/\\\/www.meydan.tv\\\/az\\\/article\\\/azerbaycan-gurcustan-serhedinde-insident\\\/#breadcrumb\",\"itemListElement\":[{\"@type\":\"ListItem\",\"position\":1,\"name\":\"Ana s\u0259hif\u0259\",\"item\":\"https:\\\/\\\/www.meydan.tv\\\/az\\\/\"},{\"@type\":\"ListItem\",\"position\":2,\"name\":\"Sosial\",\"item\":\"https:\\\/\\\/www.meydan.tv\\\/az\\\/section\\\/sosial\\\/\"},{\"@type\":\"ListItem\",\"position\":3,\"name\":\"Az\u0259rbaycan-G\u00fcrc\u00fcstan s\u0259rh\u0259dind\u0259 insident\"}]},{\"@type\":\"WebSite\",\"@id\":\"https:\\\/\\\/www.meydan.tv\\\/az\\\/#website\",\"url\":\"https:\\\/\\\/www.meydan.tv\\\/az\\\/\",\"name\":\"MEYDAN.TV\",\"description\":\"Meydan TV Az\u0259rbaycan\u0131n media m\u0259kan\u0131ndak\u0131 alternativ s\u0259sidir\",\"publisher\":{\"@id\":\"https:\\\/\\\/www.meydan.tv\\\/az\\\/#organization\"},\"potentialAction\":[{\"@type\":\"SearchAction\",\"target\":{\"@type\":\"EntryPoint\",\"urlTemplate\":\"https:\\\/\\\/www.meydan.tv\\\/az\\\/?s={search_term_string}\"},\"query-input\":{\"@type\":\"PropertyValueSpecification\",\"valueRequired\":true,\"valueName\":\"search_term_string\"}}],\"inLanguage\":\"az\"},{\"@type\":\"Organization\",\"@id\":\"https:\\\/\\\/www.meydan.tv\\\/az\\\/#organization\",\"name\":\"Meydan TV\",\"url\":\"https:\\\/\\\/www.meydan.tv\\\/az\\\/\",\"logo\":{\"@type\":\"ImageObject\",\"inLanguage\":\"az\",\"@id\":\"https:\\\/\\\/www.meydan.tv\\\/az\\\/#\\\/schema\\\/logo\\\/image\\\/\",\"url\":\"https:\\\/\\\/www.meydan.tv\\\/wp-content\\\/uploads\\\/2021\\\/07\\\/meydan-logo.svg\",\"contentUrl\":\"https:\\\/\\\/www.meydan.tv\\\/wp-content\\\/uploads\\\/2021\\\/07\\\/meydan-logo.svg\",\"width\":195,\"height\":46,\"caption\":\"Meydan TV\"},\"image\":{\"@id\":\"https:\\\/\\\/www.meydan.tv\\\/az\\\/#\\\/schema\\\/logo\\\/image\\\/\"}},{\"@type\":\"Person\",\"@id\":\"https:\\\/\\\/www.meydan.tv\\\/az\\\/#\\\/schema\\\/person\\\/10d11eccf6da3662cf5fdab9806ea91a\",\"name\":\"user-manager\"}]}<\/script>\n<!-- \/ Yoast SEO plugin. -->","yoast_head_json":{"title":"Az\u0259rbaycan-G\u00fcrc\u00fcstan s\u0259rh\u0259dind\u0259 insident - MEYDAN.TV","robots":{"index":"index","follow":"follow","max-snippet":"max-snippet:-1","max-image-preview":"max-image-preview:large","max-video-preview":"max-video-preview:-1"},"canonical":"https:\/\/www.meydan.tv\/az\/article\/azerbaycan-gurcustan-serhedinde-insident\/","og_locale":"az_AZ","og_type":"article","og_title":"Az\u0259rbaycan-G\u00fcrc\u00fcstan s\u0259rh\u0259dind\u0259 insident - MEYDAN.TV","og_description":"\u015e\u0259xs silah v\u0259 qumbara il\u0259 h\u0259d\u0259l\u0259y\u0259r\u0259k, G\u00fcrc\u00fcstan s\u0259rh\u0259d\u00e7il\u0259rini s\u0259rh\u0259din raz\u0131la\u015fd\u0131r\u0131lmam\u0131\u015f hiss\u0259sin\u0259 do\u011fru getm\u0259y\u0259 m\u0259cbur edib","og_url":"https:\/\/www.meydan.tv\/az\/article\/azerbaycan-gurcustan-serhedinde-insident\/","og_site_name":"MEYDAN.TV","article_published_time":"2020-01-14T20:48:32+00:00","og_image":[{"width":1200,"height":675,"url":"https:\/\/www.meydan.tv\/wp-content\/uploads\/serhed_c55nvrh.jpg","type":"image\/jpeg"}],"author":"user-manager","twitter_card":"summary_large_image","schema":{"@context":"https:\/\/schema.org","@graph":[{"@type":"Article","@id":"https:\/\/www.meydan.tv\/az\/article\/azerbaycan-gurcustan-serhedinde-insident\/#article","isPartOf":{"@id":"https:\/\/www.meydan.tv\/az\/article\/azerbaycan-gurcustan-serhedinde-insident\/"},"author":{"name":"user-manager","@id":"https:\/\/www.meydan.tv\/az\/#\/schema\/person\/10d11eccf6da3662cf5fdab9806ea91a"},"headline":"Az\u0259rbaycan-G\u00fcrc\u00fcstan s\u0259rh\u0259dind\u0259 insident","datePublished":"2020-01-14T20:48:32+00:00","mainEntityOfPage":{"@id":"https:\/\/www.meydan.tv\/az\/article\/azerbaycan-gurcustan-serhedinde-insident\/"},"wordCount":363,"publisher":{"@id":"https:\/\/www.meydan.tv\/az\/#organization"},"image":{"@id":"https:\/\/www.meydan.tv\/az\/article\/azerbaycan-gurcustan-serhedinde-insident\/#primaryimage"},"thumbnailUrl":"https:\/\/www.meydan.tv\/wp-content\/uploads\/serhed_c55nvrh.jpg","articleSection":["Sosial"],"inLanguage":"az"},{"@type":"WebPage","@id":"https:\/\/www.meydan.tv\/az\/article\/azerbaycan-gurcustan-serhedinde-insident\/","url":"https:\/\/www.meydan.tv\/az\/article\/azerbaycan-gurcustan-serhedinde-insident\/","name":"Az\u0259rbaycan-G\u00fcrc\u00fcstan s\u0259rh\u0259dind\u0259 insident - MEYDAN.TV","isPartOf":{"@id":"https:\/\/www.meydan.tv\/az\/#website"},"primaryImageOfPage":{"@id":"https:\/\/www.meydan.tv\/az\/article\/azerbaycan-gurcustan-serhedinde-insident\/#primaryimage"},"image":{"@id":"https:\/\/www.meydan.tv\/az\/article\/azerbaycan-gurcustan-serhedinde-insident\/#primaryimage"},"thumbnailUrl":"https:\/\/www.meydan.tv\/wp-content\/uploads\/serhed_c55nvrh.jpg","datePublished":"2020-01-14T20:48:32+00:00","breadcrumb":{"@id":"https:\/\/www.meydan.tv\/az\/article\/azerbaycan-gurcustan-serhedinde-insident\/#breadcrumb"},"inLanguage":"az","potentialAction":[{"@type":"ReadAction","target":["https:\/\/www.meydan.tv\/az\/article\/azerbaycan-gurcustan-serhedinde-insident\/"]}]},{"@type":"ImageObject","inLanguage":"az","@id":"https:\/\/www.meydan.tv\/az\/article\/azerbaycan-gurcustan-serhedinde-insident\/#primaryimage","url":"https:\/\/www.meydan.tv\/wp-content\/uploads\/serhed_c55nvrh.jpg","contentUrl":"https:\/\/www.meydan.tv\/wp-content\/uploads\/serhed_c55nvrh.jpg","width":1200,"height":675,"caption":"Source: Teleqraf"},{"@type":"BreadcrumbList","@id":"https:\/\/www.meydan.tv\/az\/article\/azerbaycan-gurcustan-serhedinde-insident\/#breadcrumb","itemListElement":[{"@type":"ListItem","position":1,"name":"Ana s\u0259hif\u0259","item":"https:\/\/www.meydan.tv\/az\/"},{"@type":"ListItem","position":2,"name":"Sosial","item":"https:\/\/www.meydan.tv\/az\/section\/sosial\/"},{"@type":"ListItem","position":3,"name":"Az\u0259rbaycan-G\u00fcrc\u00fcstan s\u0259rh\u0259dind\u0259 insident"}]},{"@type":"WebSite","@id":"https:\/\/www.meydan.tv\/az\/#website","url":"https:\/\/www.meydan.tv\/az\/","name":"MEYDAN.TV","description":"Meydan TV Az\u0259rbaycan\u0131n media m\u0259kan\u0131ndak\u0131 alternativ s\u0259sidir","publisher":{"@id":"https:\/\/www.meydan.tv\/az\/#organization"},"potentialAction":[{"@type":"SearchAction","target":{"@type":"EntryPoint","urlTemplate":"https:\/\/www.meydan.tv\/az\/?s={search_term_string}"},"query-input":{"@type":"PropertyValueSpecification","valueRequired":true,"valueName":"search_term_string"}}],"inLanguage":"az"},{"@type":"Organization","@id":"https:\/\/www.meydan.tv\/az\/#organization","name":"Meydan TV","url":"https:\/\/www.meydan.tv\/az\/","logo":{"@type":"ImageObject","inLanguage":"az","@id":"https:\/\/www.meydan.tv\/az\/#\/schema\/logo\/image\/","url":"https:\/\/www.meydan.tv\/wp-content\/uploads\/2021\/07\/meydan-logo.svg","contentUrl":"https:\/\/www.meydan.tv\/wp-content\/uploads\/2021\/07\/meydan-logo.svg","width":195,"height":46,"caption":"Meydan TV"},"image":{"@id":"https:\/\/www.meydan.tv\/az\/#\/schema\/logo\/image\/"}},{"@type":"Person","@id":"https:\/\/www.meydan.tv\/az\/#\/schema\/person\/10d11eccf6da3662cf5fdab9806ea91a","name":"user-manager"}]}},"_links":{"self":[{"href":"https:\/\/www.meydan.tv\/az\/wp-json\/wp\/v2\/posts\/198796","targetHints":{"allow":["GET"]}}],"collection":[{"href":"https:\/\/www.meydan.tv\/az\/wp-json\/wp\/v2\/posts"}],"about":[{"href":"https:\/\/www.meydan.tv\/az\/wp-json\/wp\/v2\/types\/post"}],"author":[{"embeddable":true,"href":"https:\/\/www.meydan.tv\/az\/wp-json\/wp\/v2\/users\/11"}],"replies":[{"embeddable":true,"href":"https:\/\/www.meydan.tv\/az\/wp-json\/wp\/v2\/comments?post=198796"}],"version-history":[{"count":0,"href":"https:\/\/www.meydan.tv\/az\/wp-json\/wp\/v2\/posts\/198796\/revisions"}],"wp:featuredmedia":[{"embeddable":true,"href":"https:\/\/www.meydan.tv\/az\/wp-json\/wp\/v2\/media\/135817"}],"wp:attachment":[{"href":"https:\/\/www.meydan.tv\/az\/wp-json\/wp\/v2\/media?parent=198796"}],"wp:term":[{"taxonomy":"category","embeddable":true,"href":"https:\/\/www.meydan.tv\/az\/wp-json\/wp\/v2\/categories?post=198796"},{"taxonomy":"post_tag","embeddable":true,"href":"https:\/\/www.meydan.tv\/az\/wp-json\/wp\/v2\/tags?post=198796"}],"curies":[{"name":"wp","href":"https:\/\/api.w.org\/{rel}","templated":true}]}}