{"id":198793,"date":"2020-01-14T20:36:05","date_gmt":"2020-01-14T20:36:05","guid":{"rendered":"https:\/\/www.meydan.tv\/article\/iran-teyyare-qezasina-gore-hebsleri-davam-etdirir\/"},"modified":"2020-01-14T20:36:05","modified_gmt":"2020-01-14T20:36:05","slug":"iran-teyyare-qezasina-gore-hebsleri-davam-etdirir","status":"publish","type":"post","link":"https:\/\/www.meydan.tv\/az\/article\/iran-teyyare-qezasina-gore-hebsleri-davam-etdirir\/","title":{"rendered":"\u0130ran t\u0259yyar\u0259 q\u0259zas\u0131na g\u00f6r\u0259 h\u0259bsl\u0259ri davam etdirir"},"content":{"rendered":"<p>\n  \u0130ran \u00e7\u0259r\u015f\u0259nb\u0259 ax\u015fam\u0131 Ukrayna t\u0259yyar\u0259sinin vurulmas\u0131nda \u0259li olan \u015f\u0259xsl\u0259ri v\u0259 4 g\u00fcnd\u00fcr davam ed\u0259n xalq etirazlar\u0131nda i\u015ftirak ed\u0259n daha 30 n\u0259f\u0259ri saxlad\u0131\u011f\u0131n\u0131 bildirib, &#8211; \u201cReuters\u201d x\u0259b\u0259r verir.\n<\/p>\n<p>\n  \u00c7\u0259r\u015f\u0259nb\u0259 g\u00fcn\u00fc Ukrayna Beyn\u0259lxalq Hava Yollar\u0131na aid t\u0259yyar\u0259nin vurulmas\u0131yla 176 adam\u0131n ham\u0131s\u0131n\u0131n \u00f6l\u00fcm\u00fc 40 il bundan \u00f6nc\u0259 hakimiyy\u0259ti \u0259l\u0259 alm\u0131\u015f \u0130slam Respublikas\u0131n\u0131n din xadiml\u0259ri \u00fc\u00e7\u00fcn b\u00f6y\u00fck imtahan olub.\n<\/p>\n<p>\n  Diplomatik t\u0259zyiqi art\u0131racaq bir add\u0131mda \u0130ngilt\u0259r\u0259, Fransa v\u0259 Almaniya \u0130ran\u0131n n\u00fcv\u0259 proqram\u0131 il\u0259 ba\u011fl\u0131 m\u0259hdudiyy\u0259tl\u0259ri pozmas\u0131yla \u0259laq\u0259li m\u00fcbahis\u0259 mexanizmini i\u015f\u0259 sal\u0131b. Va\u015finqton bu m\u00fcqavil\u0259d\u0259n 2018-ci ild\u0259 imtina edib.\n<\/p>\n<p>\n  Birl\u0259\u015fmi\u015f \u015etatlar yanvar\u0131n 3-d\u0259 pilotsuz t\u0259yyar\u0259 il\u0259 \u0130ran\u0131n \u0259n g\u00fccl\u00fc h\u0259rbi komandirini \u00f6ld\u00fcrd\u00fcy\u00fcnd\u0259n, Tehran Q\u0259rbl\u0259 qar\u015f\u0131durma v\u0259 \u00f6lk\u0259daxili i\u011fti\u015fa\u015flarla \u00fczl\u0259\u015fib. \u00d6lk\u0259l\u0259rin m\u00fcasir tarixind\u0259 h\u0259r iki t\u0259r\u0259f ox\u015far m\u00fcnaqi\u015f\u0259 ya\u015famay\u0131b.\n<\/p>\n<p>\n  \u0130ran t\u0259yyar\u0259ni \u00e7\u0259r\u015f\u0259nb\u0259 g\u00fcn\u00fc AB\u015e-\u0131n \u0130raqdak\u0131 h\u0259d\u0259fl\u0259rin\u0259 raket atd\u0131qdan bir ne\u00e7\u0259 saat sonra h\u0259rbi q\u00fcvv\u0259l\u0259ri y\u00fcks\u0259k haz\u0131rl\u0131q v\u0259ziyy\u0259tind\u0259 oldu\u011fu zaman vurub. Aviaq\u0259zada rolunu g\u00fcnl\u0259rl\u0259 r\u0259dd etdikd\u0259n sonra \u015f\u0259nb\u0259 g\u00fcn\u00fc Tehran bunu faci\u0259vi s\u0259hv adland\u0131raraq etiraf edib.\n<\/p>\n<p>\n  Bir \u00e7oxu t\u0259l\u0259b\u0259 olan etiraz\u00e7\u0131lar o vaxtdan b\u0259ri g\u00fcnd\u0259lik n\u00fcmayi\u015fl\u0259r ke\u00e7irir, \u201cDin adamlar\u0131 yox olun!\u201d \u015f\u00fcarlar\u0131 s\u0259sl\u0259ndirirl\u0259r. 30 ild\u0259n \u00e7ox hakimiyy\u0259td\u0259 olan ali lider Ay\u0259tullah \u018fli Xameneyin hakimiyy\u0259td\u0259n uzaqla\u015fd\u0131r\u0131lmas\u0131na \u00e7a\u011f\u0131r\u0131\u015f edirl\u0259r.\n<\/p>\n<p>\n  Polis etirazlara \u015fidd\u0259tli basq\u0131 il\u0259 cavab verib. Sosial mediada yay\u0131mlanan video g\u00f6r\u00fcnt\u00fcl\u0259rd\u0259 polisin etiraz\u00e7\u0131lar\u0131 d\u0259y\u0259n\u0259kl\u0259rl\u0259 d\u00f6yd\u00fcy\u00fc, yaral\u0131lar\u0131n da\u015f\u0131nd\u0131\u011f\u0131, k\u00fc\u00e7\u0259d\u0259ki qan hovuzlar\u0131 v\u0259 silah s\u0259sl\u0259ri \u0259ks olunub.\n<\/p>\n<p>\n  \u0130ran polisi etiraz\u00e7\u0131lara at\u0259\u015f a\u00e7ma\u011f\u0131 r\u0259dd edib. \u018fdliyy\u0259 i\u011fti\u015fa\u015flarda 30 n\u0259f\u0259rin tutuldu\u011funu, ancaq hakimiyy\u0259tin \u201cqanuni etirazlara\u201d d\u00f6z\u00fcml\u00fcl\u00fck g\u00f6st\u0259r\u0259c\u0259yini deyib.\n<\/p>\n<p>\n  M\u00fcst\u0259qil x\u0259b\u0259rl\u0259rin m\u0259hdudla\u015fd\u0131r\u0131lmas\u0131 s\u0259b\u0259bind\u0259n i\u011fti\u015fa\u015flar\u0131n geni\u015fliyini qiym\u0259tl\u0259ndirm\u0259k \u00e7\u0259tindir. G\u00fcnd\u00fcz saatlar\u0131nda g\u00fccl\u0259n\u0259n n\u00fcmayi\u015fl\u0259r gec\u0259 saatlar\u0131nda toqqu\u015fmalara \u015fahidlik edir.<\/p>\n","protected":false},"excerpt":{"rendered":"<p>Xalq etirazlar\u0131nda i\u015ftirak ed\u0259nl\u0259r d\u0259 saxlan\u0131l\u0131r<\/p>\n","protected":false},"author":11,"featured_media":135811,"comment_status":"closed","ping_status":"open","sticky":false,"template":"","format":"standard","meta":{"_acf_changed":false,"_sitemap_exclude":false,"_sitemap_priority":"","_sitemap_frequency":"","footnotes":""},"categories":[64],"tags":[],"class_list":["post-198793","post","type-post","status-publish","format-standard","has-post-thumbnail","hentry","category-dunya","infinite-scroll-item","generate-columns","tablet-grid-50","mobile-grid-100","grid-parent","grid-33","no-featured-image-padding"],"acf":[],"yoast_head":"<!-- This site is optimized with the Yoast SEO plugin v27.5 - https:\/\/yoast.com\/product\/yoast-seo-wordpress\/ -->\n<title>\u0130ran t\u0259yyar\u0259 q\u0259zas\u0131na g\u00f6r\u0259 h\u0259bsl\u0259ri davam etdirir - MEYDAN.TV<\/title>\n<meta name=\"robots\" content=\"index, follow, max-snippet:-1, max-image-preview:large, max-video-preview:-1\" \/>\n<link rel=\"canonical\" href=\"https:\/\/www.meydan.tv\/az\/article\/iran-teyyare-qezasina-gore-hebsleri-davam-etdirir\/\" \/>\n<meta property=\"og:locale\" content=\"az_AZ\" \/>\n<meta property=\"og:type\" content=\"article\" \/>\n<meta property=\"og:title\" content=\"\u0130ran t\u0259yyar\u0259 q\u0259zas\u0131na g\u00f6r\u0259 h\u0259bsl\u0259ri davam etdirir - MEYDAN.TV\" \/>\n<meta property=\"og:description\" content=\"Xalq etirazlar\u0131nda i\u015ftirak ed\u0259nl\u0259r d\u0259 saxlan\u0131l\u0131r\" \/>\n<meta property=\"og:url\" content=\"https:\/\/www.meydan.tv\/az\/article\/iran-teyyare-qezasina-gore-hebsleri-davam-etdirir\/\" \/>\n<meta property=\"og:site_name\" content=\"MEYDAN.TV\" \/>\n<meta property=\"article:published_time\" content=\"2020-01-14T20:36:05+00:00\" \/>\n<meta property=\"og:image\" content=\"https:\/\/www.meydan.tv\/wp-content\/uploads\/5e15ff74b2e66a13b36c7aa3.jpeg\" \/>\n\t<meta property=\"og:image:width\" content=\"1100\" \/>\n\t<meta property=\"og:image:height\" content=\"825\" \/>\n\t<meta property=\"og:image:type\" content=\"image\/jpeg\" \/>\n<meta name=\"author\" content=\"user-manager\" \/>\n<meta name=\"twitter:card\" content=\"summary_large_image\" \/>\n<script type=\"application\/ld+json\" class=\"yoast-schema-graph\">{\"@context\":\"https:\\\/\\\/schema.org\",\"@graph\":[{\"@type\":\"Article\",\"@id\":\"https:\\\/\\\/www.meydan.tv\\\/az\\\/article\\\/iran-teyyare-qezasina-gore-hebsleri-davam-etdirir\\\/#article\",\"isPartOf\":{\"@id\":\"https:\\\/\\\/www.meydan.tv\\\/az\\\/article\\\/iran-teyyare-qezasina-gore-hebsleri-davam-etdirir\\\/\"},\"author\":{\"name\":\"user-manager\",\"@id\":\"https:\\\/\\\/www.meydan.tv\\\/az\\\/#\\\/schema\\\/person\\\/10d11eccf6da3662cf5fdab9806ea91a\"},\"headline\":\"\u0130ran t\u0259yyar\u0259 q\u0259zas\u0131na g\u00f6r\u0259 h\u0259bsl\u0259ri davam etdirir\",\"datePublished\":\"2020-01-14T20:36:05+00:00\",\"mainEntityOfPage\":{\"@id\":\"https:\\\/\\\/www.meydan.tv\\\/az\\\/article\\\/iran-teyyare-qezasina-gore-hebsleri-davam-etdirir\\\/\"},\"wordCount\":451,\"publisher\":{\"@id\":\"https:\\\/\\\/www.meydan.tv\\\/az\\\/#organization\"},\"image\":{\"@id\":\"https:\\\/\\\/www.meydan.tv\\\/az\\\/article\\\/iran-teyyare-qezasina-gore-hebsleri-davam-etdirir\\\/#primaryimage\"},\"thumbnailUrl\":\"https:\\\/\\\/www.meydan.tv\\\/wp-content\\\/uploads\\\/5e15ff74b2e66a13b36c7aa3.jpeg\",\"articleSection\":[\"D\u00fcnya\"],\"inLanguage\":\"az\"},{\"@type\":\"WebPage\",\"@id\":\"https:\\\/\\\/www.meydan.tv\\\/az\\\/article\\\/iran-teyyare-qezasina-gore-hebsleri-davam-etdirir\\\/\",\"url\":\"https:\\\/\\\/www.meydan.tv\\\/az\\\/article\\\/iran-teyyare-qezasina-gore-hebsleri-davam-etdirir\\\/\",\"name\":\"\u0130ran t\u0259yyar\u0259 q\u0259zas\u0131na g\u00f6r\u0259 h\u0259bsl\u0259ri davam etdirir - MEYDAN.TV\",\"isPartOf\":{\"@id\":\"https:\\\/\\\/www.meydan.tv\\\/az\\\/#website\"},\"primaryImageOfPage\":{\"@id\":\"https:\\\/\\\/www.meydan.tv\\\/az\\\/article\\\/iran-teyyare-qezasina-gore-hebsleri-davam-etdirir\\\/#primaryimage\"},\"image\":{\"@id\":\"https:\\\/\\\/www.meydan.tv\\\/az\\\/article\\\/iran-teyyare-qezasina-gore-hebsleri-davam-etdirir\\\/#primaryimage\"},\"thumbnailUrl\":\"https:\\\/\\\/www.meydan.tv\\\/wp-content\\\/uploads\\\/5e15ff74b2e66a13b36c7aa3.jpeg\",\"datePublished\":\"2020-01-14T20:36:05+00:00\",\"breadcrumb\":{\"@id\":\"https:\\\/\\\/www.meydan.tv\\\/az\\\/article\\\/iran-teyyare-qezasina-gore-hebsleri-davam-etdirir\\\/#breadcrumb\"},\"inLanguage\":\"az\",\"potentialAction\":[{\"@type\":\"ReadAction\",\"target\":[\"https:\\\/\\\/www.meydan.tv\\\/az\\\/article\\\/iran-teyyare-qezasina-gore-hebsleri-davam-etdirir\\\/\"]}]},{\"@type\":\"ImageObject\",\"inLanguage\":\"az\",\"@id\":\"https:\\\/\\\/www.meydan.tv\\\/az\\\/article\\\/iran-teyyare-qezasina-gore-hebsleri-davam-etdirir\\\/#primaryimage\",\"url\":\"https:\\\/\\\/www.meydan.tv\\\/wp-content\\\/uploads\\\/5e15ff74b2e66a13b36c7aa3.jpeg\",\"contentUrl\":\"https:\\\/\\\/www.meydan.tv\\\/wp-content\\\/uploads\\\/5e15ff74b2e66a13b36c7aa3.jpeg\",\"width\":1100,\"height\":825,\"caption\":\"\u015e\u0259rti \u015f\u0259kil, Foto: arxiv\"},{\"@type\":\"BreadcrumbList\",\"@id\":\"https:\\\/\\\/www.meydan.tv\\\/az\\\/article\\\/iran-teyyare-qezasina-gore-hebsleri-davam-etdirir\\\/#breadcrumb\",\"itemListElement\":[{\"@type\":\"ListItem\",\"position\":1,\"name\":\"Ana s\u0259hif\u0259\",\"item\":\"https:\\\/\\\/www.meydan.tv\\\/az\\\/\"},{\"@type\":\"ListItem\",\"position\":2,\"name\":\"D\u00fcnya\",\"item\":\"https:\\\/\\\/www.meydan.tv\\\/az\\\/section\\\/dunya\\\/\"},{\"@type\":\"ListItem\",\"position\":3,\"name\":\"\u0130ran t\u0259yyar\u0259 q\u0259zas\u0131na g\u00f6r\u0259 h\u0259bsl\u0259ri davam etdirir\"}]},{\"@type\":\"WebSite\",\"@id\":\"https:\\\/\\\/www.meydan.tv\\\/az\\\/#website\",\"url\":\"https:\\\/\\\/www.meydan.tv\\\/az\\\/\",\"name\":\"MEYDAN.TV\",\"description\":\"Meydan TV Az\u0259rbaycan\u0131n media m\u0259kan\u0131ndak\u0131 alternativ s\u0259sidir\",\"publisher\":{\"@id\":\"https:\\\/\\\/www.meydan.tv\\\/az\\\/#organization\"},\"potentialAction\":[{\"@type\":\"SearchAction\",\"target\":{\"@type\":\"EntryPoint\",\"urlTemplate\":\"https:\\\/\\\/www.meydan.tv\\\/az\\\/?s={search_term_string}\"},\"query-input\":{\"@type\":\"PropertyValueSpecification\",\"valueRequired\":true,\"valueName\":\"search_term_string\"}}],\"inLanguage\":\"az\"},{\"@type\":\"Organization\",\"@id\":\"https:\\\/\\\/www.meydan.tv\\\/az\\\/#organization\",\"name\":\"Meydan TV\",\"url\":\"https:\\\/\\\/www.meydan.tv\\\/az\\\/\",\"logo\":{\"@type\":\"ImageObject\",\"inLanguage\":\"az\",\"@id\":\"https:\\\/\\\/www.meydan.tv\\\/az\\\/#\\\/schema\\\/logo\\\/image\\\/\",\"url\":\"https:\\\/\\\/www.meydan.tv\\\/wp-content\\\/uploads\\\/2021\\\/07\\\/meydan-logo.svg\",\"contentUrl\":\"https:\\\/\\\/www.meydan.tv\\\/wp-content\\\/uploads\\\/2021\\\/07\\\/meydan-logo.svg\",\"width\":195,\"height\":46,\"caption\":\"Meydan TV\"},\"image\":{\"@id\":\"https:\\\/\\\/www.meydan.tv\\\/az\\\/#\\\/schema\\\/logo\\\/image\\\/\"}},{\"@type\":\"Person\",\"@id\":\"https:\\\/\\\/www.meydan.tv\\\/az\\\/#\\\/schema\\\/person\\\/10d11eccf6da3662cf5fdab9806ea91a\",\"name\":\"user-manager\"}]}<\/script>\n<!-- \/ Yoast SEO plugin. -->","yoast_head_json":{"title":"\u0130ran t\u0259yyar\u0259 q\u0259zas\u0131na g\u00f6r\u0259 h\u0259bsl\u0259ri davam etdirir - MEYDAN.TV","robots":{"index":"index","follow":"follow","max-snippet":"max-snippet:-1","max-image-preview":"max-image-preview:large","max-video-preview":"max-video-preview:-1"},"canonical":"https:\/\/www.meydan.tv\/az\/article\/iran-teyyare-qezasina-gore-hebsleri-davam-etdirir\/","og_locale":"az_AZ","og_type":"article","og_title":"\u0130ran t\u0259yyar\u0259 q\u0259zas\u0131na g\u00f6r\u0259 h\u0259bsl\u0259ri davam etdirir - MEYDAN.TV","og_description":"Xalq etirazlar\u0131nda i\u015ftirak ed\u0259nl\u0259r d\u0259 saxlan\u0131l\u0131r","og_url":"https:\/\/www.meydan.tv\/az\/article\/iran-teyyare-qezasina-gore-hebsleri-davam-etdirir\/","og_site_name":"MEYDAN.TV","article_published_time":"2020-01-14T20:36:05+00:00","og_image":[{"width":1100,"height":825,"url":"https:\/\/www.meydan.tv\/wp-content\/uploads\/5e15ff74b2e66a13b36c7aa3.jpeg","type":"image\/jpeg"}],"author":"user-manager","twitter_card":"summary_large_image","schema":{"@context":"https:\/\/schema.org","@graph":[{"@type":"Article","@id":"https:\/\/www.meydan.tv\/az\/article\/iran-teyyare-qezasina-gore-hebsleri-davam-etdirir\/#article","isPartOf":{"@id":"https:\/\/www.meydan.tv\/az\/article\/iran-teyyare-qezasina-gore-hebsleri-davam-etdirir\/"},"author":{"name":"user-manager","@id":"https:\/\/www.meydan.tv\/az\/#\/schema\/person\/10d11eccf6da3662cf5fdab9806ea91a"},"headline":"\u0130ran t\u0259yyar\u0259 q\u0259zas\u0131na g\u00f6r\u0259 h\u0259bsl\u0259ri davam etdirir","datePublished":"2020-01-14T20:36:05+00:00","mainEntityOfPage":{"@id":"https:\/\/www.meydan.tv\/az\/article\/iran-teyyare-qezasina-gore-hebsleri-davam-etdirir\/"},"wordCount":451,"publisher":{"@id":"https:\/\/www.meydan.tv\/az\/#organization"},"image":{"@id":"https:\/\/www.meydan.tv\/az\/article\/iran-teyyare-qezasina-gore-hebsleri-davam-etdirir\/#primaryimage"},"thumbnailUrl":"https:\/\/www.meydan.tv\/wp-content\/uploads\/5e15ff74b2e66a13b36c7aa3.jpeg","articleSection":["D\u00fcnya"],"inLanguage":"az"},{"@type":"WebPage","@id":"https:\/\/www.meydan.tv\/az\/article\/iran-teyyare-qezasina-gore-hebsleri-davam-etdirir\/","url":"https:\/\/www.meydan.tv\/az\/article\/iran-teyyare-qezasina-gore-hebsleri-davam-etdirir\/","name":"\u0130ran t\u0259yyar\u0259 q\u0259zas\u0131na g\u00f6r\u0259 h\u0259bsl\u0259ri davam etdirir - MEYDAN.TV","isPartOf":{"@id":"https:\/\/www.meydan.tv\/az\/#website"},"primaryImageOfPage":{"@id":"https:\/\/www.meydan.tv\/az\/article\/iran-teyyare-qezasina-gore-hebsleri-davam-etdirir\/#primaryimage"},"image":{"@id":"https:\/\/www.meydan.tv\/az\/article\/iran-teyyare-qezasina-gore-hebsleri-davam-etdirir\/#primaryimage"},"thumbnailUrl":"https:\/\/www.meydan.tv\/wp-content\/uploads\/5e15ff74b2e66a13b36c7aa3.jpeg","datePublished":"2020-01-14T20:36:05+00:00","breadcrumb":{"@id":"https:\/\/www.meydan.tv\/az\/article\/iran-teyyare-qezasina-gore-hebsleri-davam-etdirir\/#breadcrumb"},"inLanguage":"az","potentialAction":[{"@type":"ReadAction","target":["https:\/\/www.meydan.tv\/az\/article\/iran-teyyare-qezasina-gore-hebsleri-davam-etdirir\/"]}]},{"@type":"ImageObject","inLanguage":"az","@id":"https:\/\/www.meydan.tv\/az\/article\/iran-teyyare-qezasina-gore-hebsleri-davam-etdirir\/#primaryimage","url":"https:\/\/www.meydan.tv\/wp-content\/uploads\/5e15ff74b2e66a13b36c7aa3.jpeg","contentUrl":"https:\/\/www.meydan.tv\/wp-content\/uploads\/5e15ff74b2e66a13b36c7aa3.jpeg","width":1100,"height":825,"caption":"\u015e\u0259rti \u015f\u0259kil, Foto: arxiv"},{"@type":"BreadcrumbList","@id":"https:\/\/www.meydan.tv\/az\/article\/iran-teyyare-qezasina-gore-hebsleri-davam-etdirir\/#breadcrumb","itemListElement":[{"@type":"ListItem","position":1,"name":"Ana s\u0259hif\u0259","item":"https:\/\/www.meydan.tv\/az\/"},{"@type":"ListItem","position":2,"name":"D\u00fcnya","item":"https:\/\/www.meydan.tv\/az\/section\/dunya\/"},{"@type":"ListItem","position":3,"name":"\u0130ran t\u0259yyar\u0259 q\u0259zas\u0131na g\u00f6r\u0259 h\u0259bsl\u0259ri davam etdirir"}]},{"@type":"WebSite","@id":"https:\/\/www.meydan.tv\/az\/#website","url":"https:\/\/www.meydan.tv\/az\/","name":"MEYDAN.TV","description":"Meydan TV Az\u0259rbaycan\u0131n media m\u0259kan\u0131ndak\u0131 alternativ s\u0259sidir","publisher":{"@id":"https:\/\/www.meydan.tv\/az\/#organization"},"potentialAction":[{"@type":"SearchAction","target":{"@type":"EntryPoint","urlTemplate":"https:\/\/www.meydan.tv\/az\/?s={search_term_string}"},"query-input":{"@type":"PropertyValueSpecification","valueRequired":true,"valueName":"search_term_string"}}],"inLanguage":"az"},{"@type":"Organization","@id":"https:\/\/www.meydan.tv\/az\/#organization","name":"Meydan TV","url":"https:\/\/www.meydan.tv\/az\/","logo":{"@type":"ImageObject","inLanguage":"az","@id":"https:\/\/www.meydan.tv\/az\/#\/schema\/logo\/image\/","url":"https:\/\/www.meydan.tv\/wp-content\/uploads\/2021\/07\/meydan-logo.svg","contentUrl":"https:\/\/www.meydan.tv\/wp-content\/uploads\/2021\/07\/meydan-logo.svg","width":195,"height":46,"caption":"Meydan TV"},"image":{"@id":"https:\/\/www.meydan.tv\/az\/#\/schema\/logo\/image\/"}},{"@type":"Person","@id":"https:\/\/www.meydan.tv\/az\/#\/schema\/person\/10d11eccf6da3662cf5fdab9806ea91a","name":"user-manager"}]}},"_links":{"self":[{"href":"https:\/\/www.meydan.tv\/az\/wp-json\/wp\/v2\/posts\/198793","targetHints":{"allow":["GET"]}}],"collection":[{"href":"https:\/\/www.meydan.tv\/az\/wp-json\/wp\/v2\/posts"}],"about":[{"href":"https:\/\/www.meydan.tv\/az\/wp-json\/wp\/v2\/types\/post"}],"author":[{"embeddable":true,"href":"https:\/\/www.meydan.tv\/az\/wp-json\/wp\/v2\/users\/11"}],"replies":[{"embeddable":true,"href":"https:\/\/www.meydan.tv\/az\/wp-json\/wp\/v2\/comments?post=198793"}],"version-history":[{"count":0,"href":"https:\/\/www.meydan.tv\/az\/wp-json\/wp\/v2\/posts\/198793\/revisions"}],"wp:featuredmedia":[{"embeddable":true,"href":"https:\/\/www.meydan.tv\/az\/wp-json\/wp\/v2\/media\/135811"}],"wp:attachment":[{"href":"https:\/\/www.meydan.tv\/az\/wp-json\/wp\/v2\/media?parent=198793"}],"wp:term":[{"taxonomy":"category","embeddable":true,"href":"https:\/\/www.meydan.tv\/az\/wp-json\/wp\/v2\/categories?post=198793"},{"taxonomy":"post_tag","embeddable":true,"href":"https:\/\/www.meydan.tv\/az\/wp-json\/wp\/v2\/tags?post=198793"}],"curies":[{"name":"wp","href":"https:\/\/api.w.org\/{rel}","templated":true}]}}