{"id":198792,"date":"2020-01-14T20:32:17","date_gmt":"2020-01-14T20:32:17","guid":{"rendered":"https:\/\/www.meydan.tv\/article\/alman-polisi-subheli-bilinen-islamcilara-basqin-edib\/"},"modified":"2020-01-14T20:32:17","modified_gmt":"2020-01-14T20:32:17","slug":"alman-polisi-subheli-bilinen-islamcilara-basqin-edib","status":"publish","type":"post","link":"https:\/\/www.meydan.tv\/az\/article\/alman-polisi-subheli-bilinen-islamcilara-basqin-edib\/","title":{"rendered":"Alman polisi \u015f\u00fcbh\u0259li bilin\u0259n \u201cislam\u00e7\u0131lar\u201da basq\u0131n edib"},"content":{"rendered":"<p>\n  Berlind\u0259ki prokurorluq \u015f\u00fcbh\u0259lil\u0259rin g\u0259l\u0259c\u0259kd\u0259 \u201cislam\u00e7\u0131\u201d h\u00fccum \u00fc\u00e7\u00fcn yerl\u0259r m\u00fc\u0259yy\u0259nl\u0259\u015fdirdiyin\u0259 inand\u0131qlar\u0131n\u0131 deyib. \u201cDeutsche Welle\u201d x\u0259b\u0259r verir ki, indiy\u0259 q\u0259d\u0259r toplanm\u0131\u015f s\u00fcbutlar h\u0259r hans\u0131 bir konkret h\u00fccum plan\u0131n\u0131n oldu\u011funu g\u00f6st\u0259rmir.\n<\/p>\n<p>\n  \u201cBu g\u00fcn edil\u0259n axtar\u0131\u015f onlar\u0131n \u0259sl motivl\u0259ri il\u0259 ba\u011fl\u0131 ayd\u0131nl\u0131q g\u0259tirm\u0259y\u0259 k\u00f6m\u0259k etm\u0259lidir\u201d,- Berlin r\u0259smil\u0259ri bildirib.\n<\/p>\n<p>\n  Polis \u00e7\u0259r\u015f\u0259nb\u0259 ax\u015fam\u0131 s\u0259h\u0259r saatlar\u0131nda Almaniyan\u0131n d\u00f6rd \u0259yal\u0259tind\u0259 yerl\u0259\u015f\u0259n obyektl\u0259rd\u0259 reydl\u0259r ke\u00e7ir\u0259r\u0259k, \u201cd\u00f6vl\u0259t \u00fc\u00e7\u00fcn t\u0259hl\u00fck\u0259 yaradan ciddi zorak\u0131 plan haz\u0131rlad\u0131\u011f\u0131\u201d g\u00fcman edil\u0259n \u015f\u00fcbh\u0259li islam\u00e7\u0131lar\u0131 h\u0259d\u0259f al\u0131b.\n<\/p>\n<p>\n  Berlind\u0259ki prokurorlar \u015f\u00fcbh\u0259lil\u0259rin \u00e7e\u00e7en \u0259silli olduqlar\u0131n\u0131 deyib.\n<\/p>\n<p>\n  Reyd paytaxt Berlind\u0259, h\u0259m\u00e7inin Brandenburq v\u0259 T\u00fcringiyan\u0131n \u015f\u0259rq \u0259yal\u0259tl\u0259rind\u0259 v\u0259 \u015eimali Reyn-Vestfaliya \u0259yal\u0259tind\u0259 h\u0259yata ke\u00e7irilib.\n<\/p>\n<p>\n  \u015e\u00fcbh\u0259lil\u0259rin 23 -28 ya\u015f aras\u0131nda oldu\u011fu bildirilir. Basq\u0131ndan sonra edilmi\u015f a\u00e7\u0131qlamada ne\u00e7\u0259 n\u0259f\u0259rin polis t\u0259r\u0259find\u0259n tutuldu\u011fu v\u0259 ya dindirildiyi bildirilm\u0259yib.\n<\/p>\n<p>\n  180-\u0259 yax\u0131n zabitin i\u015ftirak etdiyi reydl\u0259rd\u0259 pul, b\u0131\u00e7aq v\u0259 m\u0259lumat saxlama cihazlar\u0131 toplan\u0131b.\n<\/p>\n<p>\n  Polis yoxlamas\u0131 zaman\u0131 dayand\u0131r\u0131lan bir n\u0259f\u0259rin \u0259l telefonunda \u015f\u00fcbh\u0259li \u015f\u0259kill\u0259r a\u015fkar edildikd\u0259n sonra reydl\u0259rin h\u0259yata ke\u00e7irildiyi bildirilir.\n<\/p>\n<p>\n  Almaniyada s\u0131\u011f\u0131nacaq m\u00fcraci\u0259ti r\u0259dd edilmi\u015f \u015f\u0259xsin 2016-c\u0131 ilin dekabr\u0131nda Berlind\u0259ki Milad bazar\u0131na y\u00fck ma\u015f\u0131n\u0131 il\u0259 gir\u0259r\u0259k, 12 n\u0259f\u0259rin \u00f6l\u00fcm\u00fcn\u0259 s\u0259b\u0259b olduqdan sonra Almaniya hakimiyy\u0259ti h\u0259ssasiyy\u0259ti art\u0131r\u0131b.\n<\/p>\n<p>\n  Hadis\u0259d\u0259n b\u0259ri alman r\u0259smil\u0259ri radikal islam\u00e7\u0131 motivl\u0259r\u0259 sahib oldu\u011fu d\u00fc\u015f\u00fcn\u00fcl\u0259n 9 h\u00fccumun qar\u015f\u0131s\u0131n\u0131 ald\u0131\u011f\u0131n\u0131 deyirl\u0259r.<\/p>\n","protected":false},"excerpt":{"rendered":"<p>Berlind\u0259ki prokurorlar \u015f\u00fcbh\u0259lil\u0259rin \u00e7e\u00e7en \u0259silli olduqlar\u0131n\u0131 deyib<\/p>\n","protected":false},"author":11,"featured_media":135808,"comment_status":"closed","ping_status":"open","sticky":false,"template":"","format":"standard","meta":{"_acf_changed":false,"_sitemap_exclude":false,"_sitemap_priority":"","_sitemap_frequency":"","footnotes":""},"categories":[64],"tags":[],"class_list":["post-198792","post","type-post","status-publish","format-standard","has-post-thumbnail","hentry","category-dunya","infinite-scroll-item","generate-columns","tablet-grid-50","mobile-grid-100","grid-parent","grid-33","no-featured-image-padding"],"acf":[],"yoast_head":"<!-- This site is optimized with the Yoast SEO plugin v27.5 - https:\/\/yoast.com\/product\/yoast-seo-wordpress\/ -->\n<title>Alman polisi \u015f\u00fcbh\u0259li bilin\u0259n \u201cislam\u00e7\u0131lar\u201da basq\u0131n edib - MEYDAN.TV<\/title>\n<meta name=\"robots\" content=\"index, follow, max-snippet:-1, max-image-preview:large, max-video-preview:-1\" \/>\n<link rel=\"canonical\" href=\"https:\/\/www.meydan.tv\/az\/article\/alman-polisi-subheli-bilinen-islamcilara-basqin-edib\/\" \/>\n<meta property=\"og:locale\" content=\"az_AZ\" \/>\n<meta property=\"og:type\" content=\"article\" \/>\n<meta property=\"og:title\" content=\"Alman polisi \u015f\u00fcbh\u0259li bilin\u0259n \u201cislam\u00e7\u0131lar\u201da basq\u0131n edib - MEYDAN.TV\" \/>\n<meta property=\"og:description\" content=\"Berlind\u0259ki prokurorlar \u015f\u00fcbh\u0259lil\u0259rin \u00e7e\u00e7en \u0259silli olduqlar\u0131n\u0131 deyib\" \/>\n<meta property=\"og:url\" content=\"https:\/\/www.meydan.tv\/az\/article\/alman-polisi-subheli-bilinen-islamcilara-basqin-edib\/\" \/>\n<meta property=\"og:site_name\" content=\"MEYDAN.TV\" \/>\n<meta property=\"article:published_time\" content=\"2020-01-14T20:32:17+00:00\" \/>\n<meta property=\"og:image\" content=\"https:\/\/www.meydan.tv\/wp-content\/uploads\/bb04dae2-36a1-11ea-9f15-425d0b218818.jpg\" \/>\n\t<meta property=\"og:image:width\" content=\"1200\" \/>\n\t<meta property=\"og:image:height\" content=\"800\" \/>\n\t<meta property=\"og:image:type\" content=\"image\/jpeg\" \/>\n<meta name=\"author\" content=\"user-manager\" \/>\n<meta name=\"twitter:card\" content=\"summary_large_image\" \/>\n<script type=\"application\/ld+json\" class=\"yoast-schema-graph\">{\"@context\":\"https:\\\/\\\/schema.org\",\"@graph\":[{\"@type\":\"Article\",\"@id\":\"https:\\\/\\\/www.meydan.tv\\\/az\\\/article\\\/alman-polisi-subheli-bilinen-islamcilara-basqin-edib\\\/#article\",\"isPartOf\":{\"@id\":\"https:\\\/\\\/www.meydan.tv\\\/az\\\/article\\\/alman-polisi-subheli-bilinen-islamcilara-basqin-edib\\\/\"},\"author\":{\"name\":\"user-manager\",\"@id\":\"https:\\\/\\\/www.meydan.tv\\\/az\\\/#\\\/schema\\\/person\\\/10d11eccf6da3662cf5fdab9806ea91a\"},\"headline\":\"Alman polisi \u015f\u00fcbh\u0259li bilin\u0259n \u201cislam\u00e7\u0131lar\u201da basq\u0131n edib\",\"datePublished\":\"2020-01-14T20:32:17+00:00\",\"mainEntityOfPage\":{\"@id\":\"https:\\\/\\\/www.meydan.tv\\\/az\\\/article\\\/alman-polisi-subheli-bilinen-islamcilara-basqin-edib\\\/\"},\"wordCount\":339,\"publisher\":{\"@id\":\"https:\\\/\\\/www.meydan.tv\\\/az\\\/#organization\"},\"image\":{\"@id\":\"https:\\\/\\\/www.meydan.tv\\\/az\\\/article\\\/alman-polisi-subheli-bilinen-islamcilara-basqin-edib\\\/#primaryimage\"},\"thumbnailUrl\":\"https:\\\/\\\/www.meydan.tv\\\/wp-content\\\/uploads\\\/bb04dae2-36a1-11ea-9f15-425d0b218818.jpg\",\"articleSection\":[\"D\u00fcnya\"],\"inLanguage\":\"az\"},{\"@type\":\"WebPage\",\"@id\":\"https:\\\/\\\/www.meydan.tv\\\/az\\\/article\\\/alman-polisi-subheli-bilinen-islamcilara-basqin-edib\\\/\",\"url\":\"https:\\\/\\\/www.meydan.tv\\\/az\\\/article\\\/alman-polisi-subheli-bilinen-islamcilara-basqin-edib\\\/\",\"name\":\"Alman polisi \u015f\u00fcbh\u0259li bilin\u0259n \u201cislam\u00e7\u0131lar\u201da basq\u0131n edib - MEYDAN.TV\",\"isPartOf\":{\"@id\":\"https:\\\/\\\/www.meydan.tv\\\/az\\\/#website\"},\"primaryImageOfPage\":{\"@id\":\"https:\\\/\\\/www.meydan.tv\\\/az\\\/article\\\/alman-polisi-subheli-bilinen-islamcilara-basqin-edib\\\/#primaryimage\"},\"image\":{\"@id\":\"https:\\\/\\\/www.meydan.tv\\\/az\\\/article\\\/alman-polisi-subheli-bilinen-islamcilara-basqin-edib\\\/#primaryimage\"},\"thumbnailUrl\":\"https:\\\/\\\/www.meydan.tv\\\/wp-content\\\/uploads\\\/bb04dae2-36a1-11ea-9f15-425d0b218818.jpg\",\"datePublished\":\"2020-01-14T20:32:17+00:00\",\"breadcrumb\":{\"@id\":\"https:\\\/\\\/www.meydan.tv\\\/az\\\/article\\\/alman-polisi-subheli-bilinen-islamcilara-basqin-edib\\\/#breadcrumb\"},\"inLanguage\":\"az\",\"potentialAction\":[{\"@type\":\"ReadAction\",\"target\":[\"https:\\\/\\\/www.meydan.tv\\\/az\\\/article\\\/alman-polisi-subheli-bilinen-islamcilara-basqin-edib\\\/\"]}]},{\"@type\":\"ImageObject\",\"inLanguage\":\"az\",\"@id\":\"https:\\\/\\\/www.meydan.tv\\\/az\\\/article\\\/alman-polisi-subheli-bilinen-islamcilara-basqin-edib\\\/#primaryimage\",\"url\":\"https:\\\/\\\/www.meydan.tv\\\/wp-content\\\/uploads\\\/bb04dae2-36a1-11ea-9f15-425d0b218818.jpg\",\"contentUrl\":\"https:\\\/\\\/www.meydan.tv\\\/wp-content\\\/uploads\\\/bb04dae2-36a1-11ea-9f15-425d0b218818.jpg\",\"width\":1200,\"height\":800,\"caption\":\"Source: WR\"},{\"@type\":\"BreadcrumbList\",\"@id\":\"https:\\\/\\\/www.meydan.tv\\\/az\\\/article\\\/alman-polisi-subheli-bilinen-islamcilara-basqin-edib\\\/#breadcrumb\",\"itemListElement\":[{\"@type\":\"ListItem\",\"position\":1,\"name\":\"Ana s\u0259hif\u0259\",\"item\":\"https:\\\/\\\/www.meydan.tv\\\/az\\\/\"},{\"@type\":\"ListItem\",\"position\":2,\"name\":\"D\u00fcnya\",\"item\":\"https:\\\/\\\/www.meydan.tv\\\/az\\\/section\\\/dunya\\\/\"},{\"@type\":\"ListItem\",\"position\":3,\"name\":\"Alman polisi \u015f\u00fcbh\u0259li bilin\u0259n \u201cislam\u00e7\u0131lar\u201da basq\u0131n edib\"}]},{\"@type\":\"WebSite\",\"@id\":\"https:\\\/\\\/www.meydan.tv\\\/az\\\/#website\",\"url\":\"https:\\\/\\\/www.meydan.tv\\\/az\\\/\",\"name\":\"MEYDAN.TV\",\"description\":\"Meydan TV Az\u0259rbaycan\u0131n media m\u0259kan\u0131ndak\u0131 alternativ s\u0259sidir\",\"publisher\":{\"@id\":\"https:\\\/\\\/www.meydan.tv\\\/az\\\/#organization\"},\"potentialAction\":[{\"@type\":\"SearchAction\",\"target\":{\"@type\":\"EntryPoint\",\"urlTemplate\":\"https:\\\/\\\/www.meydan.tv\\\/az\\\/?s={search_term_string}\"},\"query-input\":{\"@type\":\"PropertyValueSpecification\",\"valueRequired\":true,\"valueName\":\"search_term_string\"}}],\"inLanguage\":\"az\"},{\"@type\":\"Organization\",\"@id\":\"https:\\\/\\\/www.meydan.tv\\\/az\\\/#organization\",\"name\":\"Meydan TV\",\"url\":\"https:\\\/\\\/www.meydan.tv\\\/az\\\/\",\"logo\":{\"@type\":\"ImageObject\",\"inLanguage\":\"az\",\"@id\":\"https:\\\/\\\/www.meydan.tv\\\/az\\\/#\\\/schema\\\/logo\\\/image\\\/\",\"url\":\"https:\\\/\\\/www.meydan.tv\\\/wp-content\\\/uploads\\\/2021\\\/07\\\/meydan-logo.svg\",\"contentUrl\":\"https:\\\/\\\/www.meydan.tv\\\/wp-content\\\/uploads\\\/2021\\\/07\\\/meydan-logo.svg\",\"width\":195,\"height\":46,\"caption\":\"Meydan TV\"},\"image\":{\"@id\":\"https:\\\/\\\/www.meydan.tv\\\/az\\\/#\\\/schema\\\/logo\\\/image\\\/\"}},{\"@type\":\"Person\",\"@id\":\"https:\\\/\\\/www.meydan.tv\\\/az\\\/#\\\/schema\\\/person\\\/10d11eccf6da3662cf5fdab9806ea91a\",\"name\":\"user-manager\"}]}<\/script>\n<!-- \/ Yoast SEO plugin. -->","yoast_head_json":{"title":"Alman polisi \u015f\u00fcbh\u0259li bilin\u0259n \u201cislam\u00e7\u0131lar\u201da basq\u0131n edib - MEYDAN.TV","robots":{"index":"index","follow":"follow","max-snippet":"max-snippet:-1","max-image-preview":"max-image-preview:large","max-video-preview":"max-video-preview:-1"},"canonical":"https:\/\/www.meydan.tv\/az\/article\/alman-polisi-subheli-bilinen-islamcilara-basqin-edib\/","og_locale":"az_AZ","og_type":"article","og_title":"Alman polisi \u015f\u00fcbh\u0259li bilin\u0259n \u201cislam\u00e7\u0131lar\u201da basq\u0131n edib - MEYDAN.TV","og_description":"Berlind\u0259ki prokurorlar \u015f\u00fcbh\u0259lil\u0259rin \u00e7e\u00e7en \u0259silli olduqlar\u0131n\u0131 deyib","og_url":"https:\/\/www.meydan.tv\/az\/article\/alman-polisi-subheli-bilinen-islamcilara-basqin-edib\/","og_site_name":"MEYDAN.TV","article_published_time":"2020-01-14T20:32:17+00:00","og_image":[{"width":1200,"height":800,"url":"https:\/\/www.meydan.tv\/wp-content\/uploads\/bb04dae2-36a1-11ea-9f15-425d0b218818.jpg","type":"image\/jpeg"}],"author":"user-manager","twitter_card":"summary_large_image","schema":{"@context":"https:\/\/schema.org","@graph":[{"@type":"Article","@id":"https:\/\/www.meydan.tv\/az\/article\/alman-polisi-subheli-bilinen-islamcilara-basqin-edib\/#article","isPartOf":{"@id":"https:\/\/www.meydan.tv\/az\/article\/alman-polisi-subheli-bilinen-islamcilara-basqin-edib\/"},"author":{"name":"user-manager","@id":"https:\/\/www.meydan.tv\/az\/#\/schema\/person\/10d11eccf6da3662cf5fdab9806ea91a"},"headline":"Alman polisi \u015f\u00fcbh\u0259li bilin\u0259n \u201cislam\u00e7\u0131lar\u201da basq\u0131n edib","datePublished":"2020-01-14T20:32:17+00:00","mainEntityOfPage":{"@id":"https:\/\/www.meydan.tv\/az\/article\/alman-polisi-subheli-bilinen-islamcilara-basqin-edib\/"},"wordCount":339,"publisher":{"@id":"https:\/\/www.meydan.tv\/az\/#organization"},"image":{"@id":"https:\/\/www.meydan.tv\/az\/article\/alman-polisi-subheli-bilinen-islamcilara-basqin-edib\/#primaryimage"},"thumbnailUrl":"https:\/\/www.meydan.tv\/wp-content\/uploads\/bb04dae2-36a1-11ea-9f15-425d0b218818.jpg","articleSection":["D\u00fcnya"],"inLanguage":"az"},{"@type":"WebPage","@id":"https:\/\/www.meydan.tv\/az\/article\/alman-polisi-subheli-bilinen-islamcilara-basqin-edib\/","url":"https:\/\/www.meydan.tv\/az\/article\/alman-polisi-subheli-bilinen-islamcilara-basqin-edib\/","name":"Alman polisi \u015f\u00fcbh\u0259li bilin\u0259n \u201cislam\u00e7\u0131lar\u201da basq\u0131n edib - MEYDAN.TV","isPartOf":{"@id":"https:\/\/www.meydan.tv\/az\/#website"},"primaryImageOfPage":{"@id":"https:\/\/www.meydan.tv\/az\/article\/alman-polisi-subheli-bilinen-islamcilara-basqin-edib\/#primaryimage"},"image":{"@id":"https:\/\/www.meydan.tv\/az\/article\/alman-polisi-subheli-bilinen-islamcilara-basqin-edib\/#primaryimage"},"thumbnailUrl":"https:\/\/www.meydan.tv\/wp-content\/uploads\/bb04dae2-36a1-11ea-9f15-425d0b218818.jpg","datePublished":"2020-01-14T20:32:17+00:00","breadcrumb":{"@id":"https:\/\/www.meydan.tv\/az\/article\/alman-polisi-subheli-bilinen-islamcilara-basqin-edib\/#breadcrumb"},"inLanguage":"az","potentialAction":[{"@type":"ReadAction","target":["https:\/\/www.meydan.tv\/az\/article\/alman-polisi-subheli-bilinen-islamcilara-basqin-edib\/"]}]},{"@type":"ImageObject","inLanguage":"az","@id":"https:\/\/www.meydan.tv\/az\/article\/alman-polisi-subheli-bilinen-islamcilara-basqin-edib\/#primaryimage","url":"https:\/\/www.meydan.tv\/wp-content\/uploads\/bb04dae2-36a1-11ea-9f15-425d0b218818.jpg","contentUrl":"https:\/\/www.meydan.tv\/wp-content\/uploads\/bb04dae2-36a1-11ea-9f15-425d0b218818.jpg","width":1200,"height":800,"caption":"Source: WR"},{"@type":"BreadcrumbList","@id":"https:\/\/www.meydan.tv\/az\/article\/alman-polisi-subheli-bilinen-islamcilara-basqin-edib\/#breadcrumb","itemListElement":[{"@type":"ListItem","position":1,"name":"Ana s\u0259hif\u0259","item":"https:\/\/www.meydan.tv\/az\/"},{"@type":"ListItem","position":2,"name":"D\u00fcnya","item":"https:\/\/www.meydan.tv\/az\/section\/dunya\/"},{"@type":"ListItem","position":3,"name":"Alman polisi \u015f\u00fcbh\u0259li bilin\u0259n \u201cislam\u00e7\u0131lar\u201da basq\u0131n edib"}]},{"@type":"WebSite","@id":"https:\/\/www.meydan.tv\/az\/#website","url":"https:\/\/www.meydan.tv\/az\/","name":"MEYDAN.TV","description":"Meydan TV Az\u0259rbaycan\u0131n media m\u0259kan\u0131ndak\u0131 alternativ s\u0259sidir","publisher":{"@id":"https:\/\/www.meydan.tv\/az\/#organization"},"potentialAction":[{"@type":"SearchAction","target":{"@type":"EntryPoint","urlTemplate":"https:\/\/www.meydan.tv\/az\/?s={search_term_string}"},"query-input":{"@type":"PropertyValueSpecification","valueRequired":true,"valueName":"search_term_string"}}],"inLanguage":"az"},{"@type":"Organization","@id":"https:\/\/www.meydan.tv\/az\/#organization","name":"Meydan TV","url":"https:\/\/www.meydan.tv\/az\/","logo":{"@type":"ImageObject","inLanguage":"az","@id":"https:\/\/www.meydan.tv\/az\/#\/schema\/logo\/image\/","url":"https:\/\/www.meydan.tv\/wp-content\/uploads\/2021\/07\/meydan-logo.svg","contentUrl":"https:\/\/www.meydan.tv\/wp-content\/uploads\/2021\/07\/meydan-logo.svg","width":195,"height":46,"caption":"Meydan TV"},"image":{"@id":"https:\/\/www.meydan.tv\/az\/#\/schema\/logo\/image\/"}},{"@type":"Person","@id":"https:\/\/www.meydan.tv\/az\/#\/schema\/person\/10d11eccf6da3662cf5fdab9806ea91a","name":"user-manager"}]}},"_links":{"self":[{"href":"https:\/\/www.meydan.tv\/az\/wp-json\/wp\/v2\/posts\/198792","targetHints":{"allow":["GET"]}}],"collection":[{"href":"https:\/\/www.meydan.tv\/az\/wp-json\/wp\/v2\/posts"}],"about":[{"href":"https:\/\/www.meydan.tv\/az\/wp-json\/wp\/v2\/types\/post"}],"author":[{"embeddable":true,"href":"https:\/\/www.meydan.tv\/az\/wp-json\/wp\/v2\/users\/11"}],"replies":[{"embeddable":true,"href":"https:\/\/www.meydan.tv\/az\/wp-json\/wp\/v2\/comments?post=198792"}],"version-history":[{"count":0,"href":"https:\/\/www.meydan.tv\/az\/wp-json\/wp\/v2\/posts\/198792\/revisions"}],"wp:featuredmedia":[{"embeddable":true,"href":"https:\/\/www.meydan.tv\/az\/wp-json\/wp\/v2\/media\/135808"}],"wp:attachment":[{"href":"https:\/\/www.meydan.tv\/az\/wp-json\/wp\/v2\/media?parent=198792"}],"wp:term":[{"taxonomy":"category","embeddable":true,"href":"https:\/\/www.meydan.tv\/az\/wp-json\/wp\/v2\/categories?post=198792"},{"taxonomy":"post_tag","embeddable":true,"href":"https:\/\/www.meydan.tv\/az\/wp-json\/wp\/v2\/tags?post=198792"}],"curies":[{"name":"wp","href":"https:\/\/api.w.org\/{rel}","templated":true}]}}