{"id":198788,"date":"2020-01-14T14:26:07","date_gmt":"2020-01-14T14:26:07","guid":{"rendered":"https:\/\/www.meydan.tv\/article\/rusvet-almaqda-subheli-bilinen-polis-emekdasi-isden-cixarilib\/"},"modified":"2020-01-14T14:26:07","modified_gmt":"2020-01-14T14:26:07","slug":"rusvet-almaqda-subheli-bilinen-polis-emekdasi-isden-cixarilib","status":"publish","type":"post","link":"https:\/\/www.meydan.tv\/az\/article\/rusvet-almaqda-subheli-bilinen-polis-emekdasi-isden-cixarilib\/","title":{"rendered":"R\u00fc\u015fv\u0259t almaqda \u015f\u00fcbh\u0259li bilin\u0259n polis \u0259m\u0259kda\u015f\u0131 i\u015fd\u0259n \u00e7\u0131xar\u0131l\u0131b"},"content":{"rendered":"<p>\n  <i><br \/>\n    Y\u00fck ma\u015f\u0131n\u0131 s\u00fcr\u00fcc\u00fcl\u0259rind\u0259n \u201cpost pulu\u201d alan polisl\u0259 ba\u011fl\u0131 nazir \u0259mr verib<br \/>\n  <\/i>\n<\/p>\n<p>\n  Yol Patrul Xidm\u0259ti Alay\u0131n\u0131n \u0259m\u0259kda\u015f\u0131, polis ba\u015f serjant\u0131 V\u00fcqar Mehdiyev daxili i\u015fl\u0259r orqanlar\u0131nda xidm\u0259td\u0259n xaric edilib.\n<\/p>\n<p>\n  Ba\u015f D\u00f6vl\u0259t Yol Polisi \u0130dar\u0259sinin (DYP) \u015f\u00f6b\u0259 r\u0259isi, polis polkovnik-leytenant\u0131 R\u00fcf\u0259t Quliyevin \u201cAPA\u201d agentliyin\u0259 verdiyi m\u0259lumata g\u00f6r\u0259, bununla ba\u011fl\u0131 daxili i\u015fl\u0259r naziri Vilay\u0259t Eyvazov \u0259mr verib.\n<\/p>\n<p>\n  V\u00fcqar Mehdiyev r\u00fc\u015fv\u0259t almaqda \u015f\u00fcbh\u0259li bilinir.\n<\/p>\n<p>\n  Bir m\u00fcdd\u0259t \u00f6nc\u0259 Meydan TV-d\u0259, sosial \u015f\u0259b\u0259k\u0259l\u0259rd\u0259 yol polisinin y\u00fck ma\u015f\u0131nlar\u0131n\u0131n s\u00fcr\u00fcc\u00fcl\u0259rind\u0259n r\u00fc\u015fv\u0259t ist\u0259m\u0259si bar\u0259d\u0259 video yay\u0131lm\u0131\u015fd\u0131. G\u00f6r\u00fcnt\u00fcl\u0259rd\u0259 y\u00fck ma\u015f\u0131nlar\u0131n\u0131n s\u00fcr\u00fcc\u00fcl\u0259rind\u0259n \u201cpostun pulu\u201d ad\u0131 il\u0259 10 manat ist\u0259y\u0259n YPX \u0259m\u0259kda\u015f\u0131 \u0259ks olunub.\n<\/p>\n<p>\n  (embedded content removed)<\/p>\n","protected":false},"excerpt":{"rendered":"<p>Y\u00fck ma\u015f\u0131n\u0131 s\u00fcr\u00fcc\u00fcl\u0259rind\u0259n \u201cpost pulu\u201d alan polisl\u0259 ba\u011fl\u0131 nazir \u0259mr verib<\/p>\n","protected":false},"author":11,"featured_media":135793,"comment_status":"closed","ping_status":"open","sticky":false,"template":"","format":"standard","meta":{"_acf_changed":false,"_sitemap_exclude":false,"_sitemap_priority":"","_sitemap_frequency":"","footnotes":""},"categories":[62],"tags":[],"class_list":["post-198788","post","type-post","status-publish","format-standard","has-post-thumbnail","hentry","category-sosial","infinite-scroll-item","generate-columns","tablet-grid-50","mobile-grid-100","grid-parent","grid-33","no-featured-image-padding"],"acf":[],"yoast_head":"<!-- This site is optimized with the Yoast SEO plugin v27.4 - https:\/\/yoast.com\/product\/yoast-seo-wordpress\/ -->\n<title>R\u00fc\u015fv\u0259t almaqda \u015f\u00fcbh\u0259li bilin\u0259n polis \u0259m\u0259kda\u015f\u0131 i\u015fd\u0259n \u00e7\u0131xar\u0131l\u0131b - MEYDAN.TV<\/title>\n<meta name=\"robots\" content=\"index, follow, max-snippet:-1, max-image-preview:large, max-video-preview:-1\" \/>\n<link rel=\"canonical\" href=\"https:\/\/www.meydan.tv\/az\/article\/rusvet-almaqda-subheli-bilinen-polis-emekdasi-isden-cixarilib\/\" \/>\n<meta property=\"og:locale\" content=\"az_AZ\" \/>\n<meta property=\"og:type\" content=\"article\" \/>\n<meta property=\"og:title\" content=\"R\u00fc\u015fv\u0259t almaqda \u015f\u00fcbh\u0259li bilin\u0259n polis \u0259m\u0259kda\u015f\u0131 i\u015fd\u0259n \u00e7\u0131xar\u0131l\u0131b - MEYDAN.TV\" \/>\n<meta property=\"og:description\" content=\"Y\u00fck ma\u015f\u0131n\u0131 s\u00fcr\u00fcc\u00fcl\u0259rind\u0259n \u201cpost pulu\u201d alan polisl\u0259 ba\u011fl\u0131 nazir \u0259mr verib\" \/>\n<meta property=\"og:url\" content=\"https:\/\/www.meydan.tv\/az\/article\/rusvet-almaqda-subheli-bilinen-polis-emekdasi-isden-cixarilib\/\" \/>\n<meta property=\"og:site_name\" content=\"MEYDAN.TV\" \/>\n<meta property=\"article:published_time\" content=\"2020-01-14T14:26:07+00:00\" \/>\n<meta property=\"og:image\" content=\"https:\/\/www.meydan.tv\/wp-content\/uploads\/copy_of_untitled_design_qxxglad.png\" \/>\n\t<meta property=\"og:image:width\" content=\"1280\" \/>\n\t<meta property=\"og:image:height\" content=\"720\" \/>\n\t<meta property=\"og:image:type\" content=\"image\/png\" \/>\n<meta name=\"author\" content=\"user-manager\" \/>\n<meta name=\"twitter:card\" content=\"summary_large_image\" \/>\n<script type=\"application\/ld+json\" class=\"yoast-schema-graph\">{\"@context\":\"https:\\\/\\\/schema.org\",\"@graph\":[{\"@type\":\"Article\",\"@id\":\"https:\\\/\\\/www.meydan.tv\\\/az\\\/article\\\/rusvet-almaqda-subheli-bilinen-polis-emekdasi-isden-cixarilib\\\/#article\",\"isPartOf\":{\"@id\":\"https:\\\/\\\/www.meydan.tv\\\/az\\\/article\\\/rusvet-almaqda-subheli-bilinen-polis-emekdasi-isden-cixarilib\\\/\"},\"author\":{\"name\":\"user-manager\",\"@id\":\"https:\\\/\\\/www.meydan.tv\\\/az\\\/#\\\/schema\\\/person\\\/10d11eccf6da3662cf5fdab9806ea91a\"},\"headline\":\"R\u00fc\u015fv\u0259t almaqda \u015f\u00fcbh\u0259li bilin\u0259n polis \u0259m\u0259kda\u015f\u0131 i\u015fd\u0259n \u00e7\u0131xar\u0131l\u0131b\",\"datePublished\":\"2020-01-14T14:26:07+00:00\",\"mainEntityOfPage\":{\"@id\":\"https:\\\/\\\/www.meydan.tv\\\/az\\\/article\\\/rusvet-almaqda-subheli-bilinen-polis-emekdasi-isden-cixarilib\\\/\"},\"wordCount\":181,\"publisher\":{\"@id\":\"https:\\\/\\\/www.meydan.tv\\\/az\\\/#organization\"},\"image\":{\"@id\":\"https:\\\/\\\/www.meydan.tv\\\/az\\\/article\\\/rusvet-almaqda-subheli-bilinen-polis-emekdasi-isden-cixarilib\\\/#primaryimage\"},\"thumbnailUrl\":\"https:\\\/\\\/www.meydan.tv\\\/wp-content\\\/uploads\\\/copy_of_untitled_design_qxxglad.png\",\"articleSection\":[\"Sosial\"],\"inLanguage\":\"az\"},{\"@type\":\"WebPage\",\"@id\":\"https:\\\/\\\/www.meydan.tv\\\/az\\\/article\\\/rusvet-almaqda-subheli-bilinen-polis-emekdasi-isden-cixarilib\\\/\",\"url\":\"https:\\\/\\\/www.meydan.tv\\\/az\\\/article\\\/rusvet-almaqda-subheli-bilinen-polis-emekdasi-isden-cixarilib\\\/\",\"name\":\"R\u00fc\u015fv\u0259t almaqda \u015f\u00fcbh\u0259li bilin\u0259n polis \u0259m\u0259kda\u015f\u0131 i\u015fd\u0259n \u00e7\u0131xar\u0131l\u0131b - MEYDAN.TV\",\"isPartOf\":{\"@id\":\"https:\\\/\\\/www.meydan.tv\\\/az\\\/#website\"},\"primaryImageOfPage\":{\"@id\":\"https:\\\/\\\/www.meydan.tv\\\/az\\\/article\\\/rusvet-almaqda-subheli-bilinen-polis-emekdasi-isden-cixarilib\\\/#primaryimage\"},\"image\":{\"@id\":\"https:\\\/\\\/www.meydan.tv\\\/az\\\/article\\\/rusvet-almaqda-subheli-bilinen-polis-emekdasi-isden-cixarilib\\\/#primaryimage\"},\"thumbnailUrl\":\"https:\\\/\\\/www.meydan.tv\\\/wp-content\\\/uploads\\\/copy_of_untitled_design_qxxglad.png\",\"datePublished\":\"2020-01-14T14:26:07+00:00\",\"breadcrumb\":{\"@id\":\"https:\\\/\\\/www.meydan.tv\\\/az\\\/article\\\/rusvet-almaqda-subheli-bilinen-polis-emekdasi-isden-cixarilib\\\/#breadcrumb\"},\"inLanguage\":\"az\",\"potentialAction\":[{\"@type\":\"ReadAction\",\"target\":[\"https:\\\/\\\/www.meydan.tv\\\/az\\\/article\\\/rusvet-almaqda-subheli-bilinen-polis-emekdasi-isden-cixarilib\\\/\"]}]},{\"@type\":\"ImageObject\",\"inLanguage\":\"az\",\"@id\":\"https:\\\/\\\/www.meydan.tv\\\/az\\\/article\\\/rusvet-almaqda-subheli-bilinen-polis-emekdasi-isden-cixarilib\\\/#primaryimage\",\"url\":\"https:\\\/\\\/www.meydan.tv\\\/wp-content\\\/uploads\\\/copy_of_untitled_design_qxxglad.png\",\"contentUrl\":\"https:\\\/\\\/www.meydan.tv\\\/wp-content\\\/uploads\\\/copy_of_untitled_design_qxxglad.png\",\"width\":1280,\"height\":720,\"caption\":\"Source: Meydan.TV\"},{\"@type\":\"BreadcrumbList\",\"@id\":\"https:\\\/\\\/www.meydan.tv\\\/az\\\/article\\\/rusvet-almaqda-subheli-bilinen-polis-emekdasi-isden-cixarilib\\\/#breadcrumb\",\"itemListElement\":[{\"@type\":\"ListItem\",\"position\":1,\"name\":\"Ana s\u0259hif\u0259\",\"item\":\"https:\\\/\\\/www.meydan.tv\\\/az\\\/\"},{\"@type\":\"ListItem\",\"position\":2,\"name\":\"Sosial\",\"item\":\"https:\\\/\\\/www.meydan.tv\\\/az\\\/section\\\/sosial\\\/\"},{\"@type\":\"ListItem\",\"position\":3,\"name\":\"R\u00fc\u015fv\u0259t almaqda \u015f\u00fcbh\u0259li bilin\u0259n polis \u0259m\u0259kda\u015f\u0131 i\u015fd\u0259n \u00e7\u0131xar\u0131l\u0131b\"}]},{\"@type\":\"WebSite\",\"@id\":\"https:\\\/\\\/www.meydan.tv\\\/az\\\/#website\",\"url\":\"https:\\\/\\\/www.meydan.tv\\\/az\\\/\",\"name\":\"MEYDAN.TV\",\"description\":\"Meydan TV Az\u0259rbaycan\u0131n media m\u0259kan\u0131ndak\u0131 alternativ s\u0259sidir\",\"publisher\":{\"@id\":\"https:\\\/\\\/www.meydan.tv\\\/az\\\/#organization\"},\"potentialAction\":[{\"@type\":\"SearchAction\",\"target\":{\"@type\":\"EntryPoint\",\"urlTemplate\":\"https:\\\/\\\/www.meydan.tv\\\/az\\\/?s={search_term_string}\"},\"query-input\":{\"@type\":\"PropertyValueSpecification\",\"valueRequired\":true,\"valueName\":\"search_term_string\"}}],\"inLanguage\":\"az\"},{\"@type\":\"Organization\",\"@id\":\"https:\\\/\\\/www.meydan.tv\\\/az\\\/#organization\",\"name\":\"Meydan TV\",\"url\":\"https:\\\/\\\/www.meydan.tv\\\/az\\\/\",\"logo\":{\"@type\":\"ImageObject\",\"inLanguage\":\"az\",\"@id\":\"https:\\\/\\\/www.meydan.tv\\\/az\\\/#\\\/schema\\\/logo\\\/image\\\/\",\"url\":\"https:\\\/\\\/www.meydan.tv\\\/wp-content\\\/uploads\\\/2021\\\/07\\\/meydan-logo.svg\",\"contentUrl\":\"https:\\\/\\\/www.meydan.tv\\\/wp-content\\\/uploads\\\/2021\\\/07\\\/meydan-logo.svg\",\"width\":195,\"height\":46,\"caption\":\"Meydan TV\"},\"image\":{\"@id\":\"https:\\\/\\\/www.meydan.tv\\\/az\\\/#\\\/schema\\\/logo\\\/image\\\/\"}},{\"@type\":\"Person\",\"@id\":\"https:\\\/\\\/www.meydan.tv\\\/az\\\/#\\\/schema\\\/person\\\/10d11eccf6da3662cf5fdab9806ea91a\",\"name\":\"user-manager\"}]}<\/script>\n<!-- \/ Yoast SEO plugin. -->","yoast_head_json":{"title":"R\u00fc\u015fv\u0259t almaqda \u015f\u00fcbh\u0259li bilin\u0259n polis \u0259m\u0259kda\u015f\u0131 i\u015fd\u0259n \u00e7\u0131xar\u0131l\u0131b - MEYDAN.TV","robots":{"index":"index","follow":"follow","max-snippet":"max-snippet:-1","max-image-preview":"max-image-preview:large","max-video-preview":"max-video-preview:-1"},"canonical":"https:\/\/www.meydan.tv\/az\/article\/rusvet-almaqda-subheli-bilinen-polis-emekdasi-isden-cixarilib\/","og_locale":"az_AZ","og_type":"article","og_title":"R\u00fc\u015fv\u0259t almaqda \u015f\u00fcbh\u0259li bilin\u0259n polis \u0259m\u0259kda\u015f\u0131 i\u015fd\u0259n \u00e7\u0131xar\u0131l\u0131b - MEYDAN.TV","og_description":"Y\u00fck ma\u015f\u0131n\u0131 s\u00fcr\u00fcc\u00fcl\u0259rind\u0259n \u201cpost pulu\u201d alan polisl\u0259 ba\u011fl\u0131 nazir \u0259mr verib","og_url":"https:\/\/www.meydan.tv\/az\/article\/rusvet-almaqda-subheli-bilinen-polis-emekdasi-isden-cixarilib\/","og_site_name":"MEYDAN.TV","article_published_time":"2020-01-14T14:26:07+00:00","og_image":[{"width":1280,"height":720,"url":"https:\/\/www.meydan.tv\/wp-content\/uploads\/copy_of_untitled_design_qxxglad.png","type":"image\/png"}],"author":"user-manager","twitter_card":"summary_large_image","schema":{"@context":"https:\/\/schema.org","@graph":[{"@type":"Article","@id":"https:\/\/www.meydan.tv\/az\/article\/rusvet-almaqda-subheli-bilinen-polis-emekdasi-isden-cixarilib\/#article","isPartOf":{"@id":"https:\/\/www.meydan.tv\/az\/article\/rusvet-almaqda-subheli-bilinen-polis-emekdasi-isden-cixarilib\/"},"author":{"name":"user-manager","@id":"https:\/\/www.meydan.tv\/az\/#\/schema\/person\/10d11eccf6da3662cf5fdab9806ea91a"},"headline":"R\u00fc\u015fv\u0259t almaqda \u015f\u00fcbh\u0259li bilin\u0259n polis \u0259m\u0259kda\u015f\u0131 i\u015fd\u0259n \u00e7\u0131xar\u0131l\u0131b","datePublished":"2020-01-14T14:26:07+00:00","mainEntityOfPage":{"@id":"https:\/\/www.meydan.tv\/az\/article\/rusvet-almaqda-subheli-bilinen-polis-emekdasi-isden-cixarilib\/"},"wordCount":181,"publisher":{"@id":"https:\/\/www.meydan.tv\/az\/#organization"},"image":{"@id":"https:\/\/www.meydan.tv\/az\/article\/rusvet-almaqda-subheli-bilinen-polis-emekdasi-isden-cixarilib\/#primaryimage"},"thumbnailUrl":"https:\/\/www.meydan.tv\/wp-content\/uploads\/copy_of_untitled_design_qxxglad.png","articleSection":["Sosial"],"inLanguage":"az"},{"@type":"WebPage","@id":"https:\/\/www.meydan.tv\/az\/article\/rusvet-almaqda-subheli-bilinen-polis-emekdasi-isden-cixarilib\/","url":"https:\/\/www.meydan.tv\/az\/article\/rusvet-almaqda-subheli-bilinen-polis-emekdasi-isden-cixarilib\/","name":"R\u00fc\u015fv\u0259t almaqda \u015f\u00fcbh\u0259li bilin\u0259n polis \u0259m\u0259kda\u015f\u0131 i\u015fd\u0259n \u00e7\u0131xar\u0131l\u0131b - MEYDAN.TV","isPartOf":{"@id":"https:\/\/www.meydan.tv\/az\/#website"},"primaryImageOfPage":{"@id":"https:\/\/www.meydan.tv\/az\/article\/rusvet-almaqda-subheli-bilinen-polis-emekdasi-isden-cixarilib\/#primaryimage"},"image":{"@id":"https:\/\/www.meydan.tv\/az\/article\/rusvet-almaqda-subheli-bilinen-polis-emekdasi-isden-cixarilib\/#primaryimage"},"thumbnailUrl":"https:\/\/www.meydan.tv\/wp-content\/uploads\/copy_of_untitled_design_qxxglad.png","datePublished":"2020-01-14T14:26:07+00:00","breadcrumb":{"@id":"https:\/\/www.meydan.tv\/az\/article\/rusvet-almaqda-subheli-bilinen-polis-emekdasi-isden-cixarilib\/#breadcrumb"},"inLanguage":"az","potentialAction":[{"@type":"ReadAction","target":["https:\/\/www.meydan.tv\/az\/article\/rusvet-almaqda-subheli-bilinen-polis-emekdasi-isden-cixarilib\/"]}]},{"@type":"ImageObject","inLanguage":"az","@id":"https:\/\/www.meydan.tv\/az\/article\/rusvet-almaqda-subheli-bilinen-polis-emekdasi-isden-cixarilib\/#primaryimage","url":"https:\/\/www.meydan.tv\/wp-content\/uploads\/copy_of_untitled_design_qxxglad.png","contentUrl":"https:\/\/www.meydan.tv\/wp-content\/uploads\/copy_of_untitled_design_qxxglad.png","width":1280,"height":720,"caption":"Source: Meydan.TV"},{"@type":"BreadcrumbList","@id":"https:\/\/www.meydan.tv\/az\/article\/rusvet-almaqda-subheli-bilinen-polis-emekdasi-isden-cixarilib\/#breadcrumb","itemListElement":[{"@type":"ListItem","position":1,"name":"Ana s\u0259hif\u0259","item":"https:\/\/www.meydan.tv\/az\/"},{"@type":"ListItem","position":2,"name":"Sosial","item":"https:\/\/www.meydan.tv\/az\/section\/sosial\/"},{"@type":"ListItem","position":3,"name":"R\u00fc\u015fv\u0259t almaqda \u015f\u00fcbh\u0259li bilin\u0259n polis \u0259m\u0259kda\u015f\u0131 i\u015fd\u0259n \u00e7\u0131xar\u0131l\u0131b"}]},{"@type":"WebSite","@id":"https:\/\/www.meydan.tv\/az\/#website","url":"https:\/\/www.meydan.tv\/az\/","name":"MEYDAN.TV","description":"Meydan TV Az\u0259rbaycan\u0131n media m\u0259kan\u0131ndak\u0131 alternativ s\u0259sidir","publisher":{"@id":"https:\/\/www.meydan.tv\/az\/#organization"},"potentialAction":[{"@type":"SearchAction","target":{"@type":"EntryPoint","urlTemplate":"https:\/\/www.meydan.tv\/az\/?s={search_term_string}"},"query-input":{"@type":"PropertyValueSpecification","valueRequired":true,"valueName":"search_term_string"}}],"inLanguage":"az"},{"@type":"Organization","@id":"https:\/\/www.meydan.tv\/az\/#organization","name":"Meydan TV","url":"https:\/\/www.meydan.tv\/az\/","logo":{"@type":"ImageObject","inLanguage":"az","@id":"https:\/\/www.meydan.tv\/az\/#\/schema\/logo\/image\/","url":"https:\/\/www.meydan.tv\/wp-content\/uploads\/2021\/07\/meydan-logo.svg","contentUrl":"https:\/\/www.meydan.tv\/wp-content\/uploads\/2021\/07\/meydan-logo.svg","width":195,"height":46,"caption":"Meydan TV"},"image":{"@id":"https:\/\/www.meydan.tv\/az\/#\/schema\/logo\/image\/"}},{"@type":"Person","@id":"https:\/\/www.meydan.tv\/az\/#\/schema\/person\/10d11eccf6da3662cf5fdab9806ea91a","name":"user-manager"}]}},"_links":{"self":[{"href":"https:\/\/www.meydan.tv\/az\/wp-json\/wp\/v2\/posts\/198788","targetHints":{"allow":["GET"]}}],"collection":[{"href":"https:\/\/www.meydan.tv\/az\/wp-json\/wp\/v2\/posts"}],"about":[{"href":"https:\/\/www.meydan.tv\/az\/wp-json\/wp\/v2\/types\/post"}],"author":[{"embeddable":true,"href":"https:\/\/www.meydan.tv\/az\/wp-json\/wp\/v2\/users\/11"}],"replies":[{"embeddable":true,"href":"https:\/\/www.meydan.tv\/az\/wp-json\/wp\/v2\/comments?post=198788"}],"version-history":[{"count":0,"href":"https:\/\/www.meydan.tv\/az\/wp-json\/wp\/v2\/posts\/198788\/revisions"}],"wp:featuredmedia":[{"embeddable":true,"href":"https:\/\/www.meydan.tv\/az\/wp-json\/wp\/v2\/media\/135793"}],"wp:attachment":[{"href":"https:\/\/www.meydan.tv\/az\/wp-json\/wp\/v2\/media?parent=198788"}],"wp:term":[{"taxonomy":"category","embeddable":true,"href":"https:\/\/www.meydan.tv\/az\/wp-json\/wp\/v2\/categories?post=198788"},{"taxonomy":"post_tag","embeddable":true,"href":"https:\/\/www.meydan.tv\/az\/wp-json\/wp\/v2\/tags?post=198788"}],"curies":[{"name":"wp","href":"https:\/\/api.w.org\/{rel}","templated":true}]}}