{"id":198779,"date":"2020-01-14T12:10:44","date_gmt":"2020-01-14T12:10:44","guid":{"rendered":"https:\/\/www.meydan.tv\/article\/xarici-reys-olmasaydi-hokumet-heqiqeti-gizlederdi\/"},"modified":"2020-01-14T12:10:44","modified_gmt":"2020-01-14T12:10:44","slug":"xarici-reys-olmasaydi-hokumet-heqiqeti-gizlederdi","status":"publish","type":"post","link":"https:\/\/www.meydan.tv\/az\/article\/xarici-reys-olmasaydi-hokumet-heqiqeti-gizlederdi\/","title":{"rendered":"\u201cXarici reys olmasayd\u0131, h\u00f6kum\u0259t h\u0259qiq\u0259ti gizl\u0259d\u0259rdi\u201d"},"content":{"rendered":"<p>\n  M\u0259qal\u0259<br \/>\n  <a href=\"https:\/\/hromadske.ua\/ru\/posts\/esli-by-ne-inostrannyj-rejs-pravitelstvo-skrylo-by-pravdu-chto-irancy-govoryat-ob-aviakatastrofe-i-situacii-v-strane\"><br \/>\n    Hromadske<br \/>\n  <\/a><br \/>\n  sayt\u0131nda d\u0259rc olunub\n<\/p>\n<p>\n  <b><br \/>\n    \u0130ranl\u0131lar aviaq\u0259za v\u0259 \u00f6lk\u0259d\u0259ki v\u0259ziyy\u0259t bar\u0259d\u0259 n\u0259 dan\u0131\u015f\u0131rlar<br \/>\n  <\/b>\n<\/p>\n<p>\n  \u0130ran sakini \u00fcz\u0259rind\u0259 t\u0259yyar\u0259nin \u015f\u0259kli v\u0259 fars dilind\u0259 \u201cBizim ham\u0131m\u0131z \u00fc\u00e7\u00fcn \u00fcz\u00fcc\u00fcd\u00fcr, biz h\u00fczn i\u00e7ind\u0259yik\u201d s\u00f6zl\u0259rinin yaz\u0131ld\u0131\u011f\u0131 plakat\u0131n yan\u0131ndan \u00f6t\u00fcb ke\u00e7ir. Bu, Tehran \u015f\u0259h\u0259r hava liman\u0131ndan havaya qalxan v\u0259 az sonra q\u0259zaya u\u011frayan Ukraynan\u0131n MAU \u015firk\u0259tinin s\u0259rni\u015fin t\u0259yyar\u0259sinin qurbanlar\u0131n\u0131n an\u0131na r\u0259mzi i\u015far\u0259dir. \u0130ran, 13 yanvar 2020-ci il.\n<\/p>\n<p>\n  Yanvar\u0131n 8-n\u0259 ke\u00e7\u0259n gec\u0259 \u0130randa Ukraynan\u0131n Beyn\u0259lxalq Hava Yollar\u0131 \u015eirk\u0259tinin (MAU) s\u0259rni\u015fin t\u0259yyar\u0259si q\u0259zaya u\u011fray\u0131b. G\u00f6y\u0259rt\u0259d\u0259 olan 176 adam\u0131n ham\u0131s\u0131 h\u0259lak olub. \u0130ran iki g\u00fcnd\u0259n sonra etiraf edib ki, Ukrayna t\u0259yyar\u0259sini s\u0259hv\u0259n vurub. Bundan sonra \u00f6lk\u0259d\u0259 h\u00f6kum\u0259t \u0259leyhin\u0259 etirazlar ba\u015flay\u0131b. Bu, AB\u015e-la m\u00fcnasib\u0259tl\u0259rin k\u0259skinl\u0259\u015fm\u0259si fonunda ba\u015f verir. \u0130ranl\u0131lar\u0131n \u00e7oxu \u0259mindir: \u0259g\u0259r bu, xarici reys olmasayd\u0131, h\u00f6kum\u0259t h\u0259qiq\u0259ti gizl\u0259d\u0259rdi. Tehran sakinl\u0259ri \u201cHromadske\u201d-y\u0259 aviaq\u0259zaya olan reaksiyalar\u0131, sanksiyalar alt\u0131ndak\u0131 h\u0259yatlar\u0131, h\u00f6kum\u0259t\u0259 olan t\u0259l\u0259bl\u0259ri, m\u00fcharib\u0259 qorxular\u0131 v\u0259 s\u00fclh \u00fcmidl\u0259ri bar\u0259d\u0259 dan\u0131\u015f\u0131blar. Adlar m\u00fcsahibl\u0259rin xahi\u015fi il\u0259 d\u0259yi\u015fdirilib.\n<\/p>\n<p>\n  <b><br \/>\n    \u018fli, 36 ya\u015f, musiqi\u00e7i, Tehran<br \/>\n  <\/b>\n<\/p>\n<p>\n  \u201cBirinci reaksiya \u015fok idi \u2013 \u0130ran\u0131n ortas\u0131nda raketl\u0259r. H\u00f6kum\u0259t g\u00fcnah\u0131n\u0131 boynuna ald\u0131\u011f\u0131 \u00fc\u00e7\u00fcn bir az rahatlad\u0131m. Amma q\u0259zaya u\u011frayan t\u0259yyar\u0259 \u0130ran reysi olsayd\u0131, n\u0259 ba\u015f ver\u0259c\u0259yini bilmir\u0259m. G\u00f6y\u0259rt\u0259d\u0259 xeyli cavan vard\u0131, b\u0259zil\u0259ri yenic\u0259 evl\u0259nmi\u015fdi, dig\u0259rl\u0259ri \u00e7ox yax\u015f\u0131 universitetl\u0259rin t\u0259l\u0259b\u0259l\u0259ri idi. He\u00e7 bir \u015fi\u015firtm\u0259siz dey\u0259 bil\u0259r\u0259m ki, h\u0259lak olanlar qeyri-adi insanlar idi v\u0259 bu, \u0130ran \u00fc\u00e7\u00fcn b\u00f6y\u00fck z\u0259rb\u0259dir.\n<\/p>\n<p>\n  \u00dcmumiyy\u0259tl\u0259, \u0130randa \u00f6z\u00fcm\u00fc t\u0259hl\u00fck\u0259siz hiss edir\u0259m. Amma \u0259g\u0259r s\u0259yah\u0259t etm\u0259k laz\u0131m g\u0259l\u0259rs\u0259, bu, ba\u015fqa m\u0259s\u0259l\u0259. \u0130ran pasportunu da\u015f\u0131yan \u015f\u0259xs bir \u00e7ox m\u0259hdudiyy\u0259tl\u0259 \u00fczl\u0259\u015fir.\n<\/p>\n<p>\n  Sad\u0259 iranl\u0131lar\u0131n probleml\u0259ri v\u0259 duy\u011fular\u0131 rejimin probleml\u0259rind\u0259n \u00e7ox f\u0259rql\u0259nir. S\u00fcleymani fiquru \u00e7oxunun xo\u015funa g\u0259lirdi. \u0130lk n\u00f6vb\u0259d\u0259 onda \u201c\u0130slam d\u00f6vl\u0259ti\u201dnd\u0259n m\u00fcdafi\u0259\u00e7i g\u00f6r\u00fcrd\u00fcl\u0259r. \u0130st\u0259yirsiniz inan\u0131n, ist\u0259yirsiniz yox, amma onu \u0130ran m\u0259murlar\u0131 aras\u0131nda az-\u00e7ox iddias\u0131z fiqur kimi q\u0259bul edirdil\u0259r. O, b\u0259lk\u0259 d\u0259 siyasi s\u0259hn\u0259d\u0259 soyuq a\u011fl\u0131n s\u0259si idi, \u00e7\u00fcnki h\u0259rb\u00e7iydi. Onun \u00f6l\u00fcm\u00fcnd\u0259n sonra yax\u015f\u0131 he\u00e7 n\u0259 g\u00f6zl\u0259m\u0259k laz\u0131m deyil \u2013 \u0130ran inqilab\u0131n\u0131n ke\u015fik\u00e7il\u0259ri h\u0259r \u015feyi \u0259vv\u0259lki kimi ed\u0259c\u0259kl\u0259r.\n<\/p>\n<p>\n  M\u0259n indi m\u00fcharib\u0259nin m\u00fcmk\u00fcn olmad\u0131\u011f\u0131n\u0131 d\u00fc\u015f\u00fcnm\u00fcr\u0259m. M\u00fcnaqi\u015f\u0259 ger\u00e7\u0259kd\u0259n k\u0259skinl\u0259\u015fib, lakin son hadis\u0259l\u0259r g\u00f6st\u0259rdi ki, t\u0259r\u0259fl\u0259rd\u0259n he\u00e7 biri klassik m\u00fcharib\u0259y\u0259 ba\u015flamaq ist\u0259mir.\n<\/p>\n<p>\n  Sanksiyalar bizi bas\u0131r. Bu, \u00f6z\u00fcn\u00fc h\u0259r \u015feyd\u0259 g\u00f6st\u0259rir. H\u0259tta h\u0259m insanlar, h\u0259m pi\u015fikl\u0259r \u00fc\u00e7\u00fcn d\u0259rman \u00e7at\u0131\u015fm\u0131r. M\u00fcnaqi\u015f\u0259 valyutan\u0131n kursuna o q\u0259d\u0259r d\u0259 \u00e7ox t\u0259sir etm\u0259yib. Qiym\u0259tl\u0259r qalx\u0131r, bu, \u0259n \u0259vv\u0259l sanksiyalar v\u0259 yanaca\u011f\u0131n bahala\u015fmas\u0131 il\u0259 ba\u011fl\u0131d\u0131r\u201d.\n<\/p>\n<p>\n  <b><br \/>\n    Neda, 36 ya\u015f, institut m\u00fc\u0259llimi, Tehran<br \/>\n  <\/b>\n<\/p>\n<p>\n  \u201cB\u00fct\u00fcn iranl\u0131lar kimi, m\u0259n d\u0259 aviaq\u0259zan\u0131n \u015fokundayam. Bir ne\u00e7\u0259 g\u00fcnd\u0259n sonra Tehrandan ba\u015fqa \u00f6lk\u0259y\u0259 u\u00e7mal\u0131yam v\u0259 m\u0259n reysin t\u0259xir\u0259 sal\u0131n\u0131b-sal\u0131nmayaca\u011f\u0131n\u0131 bilmir\u0259m.\n<\/p>\n<p>\n  \u0130ndi biziml\u0259 n\u0259 olaca\u011f\u0131n\u0131 t\u0259s\u0259vv\u00fcr etm\u0259kd\u0259 acic\u0259m, \u00fcmumiyy\u0259tl\u0259, n\u0259 ba\u015f verdiyini v\u0259 daha n\u0259l\u0259r ba\u015f ver\u0259c\u0259yini anlamaq \u00e7\u0259tindir. M\u0259n etirazlarda olmam\u0131\u015fam, amma ora dostlar\u0131m gedib v\u0259 getm\u0259kd\u0259 d\u0259 davam edirl\u0259r.\n<\/p>\n<p>\n  M\u0259n indi m\u00fcharib\u0259nin m\u00fcmk\u00fcn olmad\u0131\u011f\u0131n\u0131 d\u00fc\u015f\u00fcnm\u00fcr\u0259m. Amma n\u0259 f\u0259rq ed\u0259r ki? Biz oktyabrdan b\u0259ri etirazlar zaman\u0131 iki mind\u0259n art\u0131q adam itirmi\u015fik!\n<\/p>\n<p>\n  Tehranda etiraz i\u015ftirak\u00e7\u0131lar\u0131 Amir Kabir ad\u0131na universitetin yan\u0131nda, \u0130ran, 11 yanvar 2020-ci il. \u0130ran h\u0259rb\u00e7il\u0259ri yanvar\u0131n 8-d\u0259 Ukrayna t\u0259yyar\u0259sini t\u0259sad\u00fcf\u0259n vurduqlar\u0131n\u0131 etiraf etdikd\u0259n sonra \u00f6lk\u0259 v\u0259t\u0259nda\u015flar\u0131 h\u00f6kum\u0259tin istefaya getm\u0259sini t\u0259l\u0259b edirl\u0259r.\n<\/p>\n<p>\n  <b><br \/>\n    Abbas, 38 ya\u015f, \u0130T m\u00fct\u0259x\u0259ssisi, Tehran<br \/>\n  <\/b>\n<\/p>\n<p>\n  \u201c\u0130nsanlar ba\u015flan\u011f\u0131cda hidd\u0259tl\u0259ndil\u0259r, \u00e7\u00fcnki h\u0259qiq\u0259ti az m\u00fcdd\u0259t\u0259 d\u0259 olsa onlardan gizl\u0259tmi\u015fdil\u0259r. H\u00f6kum\u0259t tez-tez deyir ki, t\u0259hl\u00fck\u0259sizliyimiz v\u0259 silahlanma\u011f\u0131m\u0131z namin\u0259 iqtisadi t\u0259zyiq\u0259 d\u00f6zm\u0259liyik. Lakin indi h\u00f6kum\u0259tin \u00f6z\u00fcn\u00fc t\u0259miz\u0259 \u00e7\u0131xarmas\u0131 g\u00fcl\u00fcnc g\u00f6r\u00fcn\u00fcr, \u00e7\u00fcnki m\u0259hz onlar bizim t\u0259hl\u00fck\u0259sizliyimiz \u00fc\u00e7\u00fcn t\u0259hl\u00fck\u0259dir. \u0130ranl\u0131lar \u0259mindirl\u0259r: \u0259g\u0259r q\u0259zaya u\u011frayan xarici reys olmasayd\u0131, m\u0259murlar h\u0259qiq\u0259ti h\u0259mi\u015f\u0259lik gizl\u0259d\u0259rdirl\u0259r. Odur ki, bu aviaq\u0259za h\u00f6kum\u0259t\u0259 olan etibar\u0131 ciddi \u015f\u0259kild\u0259 g\u00f6zd\u0259n sald\u0131.\n<\/p>\n<p>\n  \u0130randa t\u0259hl\u00fck\u0259sizlik m\u0259s\u0259l\u0259si ilk n\u00f6vb\u0259d\u0259 iqtisadiyyatla ba\u011fl\u0131d\u0131r. Biz sanksiyalar v\u0259 iqtisadi t\u0259zyiqin artaca\u011f\u0131ndan ger\u00e7\u0259kd\u0259n qorxuruq. Adamlar onsuz da zorla dolan\u0131rd\u0131lar. Daha bet\u0259r olaca\u011f\u0131n\u0131 t\u0259s\u0259vv\u00fcr etm\u0259k \u00e7\u0259tindir.\n<\/p>\n<p>\n  S\u00fcleymaninin q\u0259tli bizim \u00fc\u00e7\u00fcn \u0259sl \u015fok oldu. O, \u0130slam inqilab\u0131n\u0131n q\u0259hr\u0259man\u0131 idi. \u0130ndi onun \u00f6l\u00fcm\u00fc il\u0259 ba\u011fl\u0131 xeyli n\u0259z\u0259riyy\u0259 m\u00f6vcuddur \u2013 b\u0259zil\u0259ri h\u0259tta bunun planl\u0131 \u015f\u0259kild\u0259 h\u0259yata ke\u00e7irildiyin\u0259 inan\u0131rlar. \u0130ran\u0131n cavab z\u0259rb\u0259si x\u0259b\u0259rdarl\u0131\u011f\u0131 ortaya \u00e7\u0131xanda bu ab-hava daha da g\u00fccl\u0259ndi. Bir d\u0259 onu deyirl\u0259r ki, bu \u00f6l\u00fcm noyabrda yanaca\u011f\u0131n bahala\u015fmas\u0131 il\u0259 ba\u011fl\u0131 ke\u00e7iril\u0259n mitinql\u0259rd\u0259 etiraz\u00e7\u0131lar\u0131n q\u0259tlind\u0259n diqq\u0259ti yay\u0131nd\u0131r\u0131b.\n<\/p>\n<p>\n  Bir \u00e7oxu hesab edir ki, m\u00fcharib\u0259 indi m\u00fcmk\u00fcn deyil. \u0130ndi h\u0259tta konfrontasiyadan sonra s\u00fclh \u0259ld\u0259 edilm\u0259si \u00fc\u00e7\u00fcn kompromis m\u00fcmk\u00fcnd\u00fcr. Bu v\u0259ziyy\u0259t \u00e7oxlu\u011fa \u0130ran-\u0130raq m\u00fcharib\u0259sinin sonundak\u0131 d\u00f6vr\u00fc xat\u0131rlad\u0131r. Lakin o zaman xalq h\u00f6kum\u0259ti d\u0259st\u0259kl\u0259yirdi, indi is\u0259 yox.\n<\/p>\n<p>\n  Bir \u00e7ox \u0130ran m\u0259murunun Amerika, ya da Kanada v\u0259t\u0259nda\u015fl\u0131\u011f\u0131 var. Onlar\u0131n \u00f6vladlar\u0131 orda ya\u015fay\u0131r v\u0259 h\u0259yatlar\u0131ndan m\u0259mnundurlar. Kas\u0131blarla varl\u0131lar aras\u0131ndak\u0131 u\u00e7urum g\u00f6z de\u015fir. Lakin h\u0259tta bu v\u0259ziyy\u0259td\u0259 d\u0259 m\u00fcharib\u0259 ist\u0259y\u0259nl\u0259r var. B\u0259zil\u0259ri o q\u0259d\u0259r hirsl\u0259nib v\u0259 pe\u015fmand\u0131r ki, radikal q\u0259rarlar arzulay\u0131r\u201d.<\/p>\n","protected":false},"excerpt":{"rendered":"<p>\u0130ranl\u0131lar aviaq\u0259za v\u0259 \u00f6lk\u0259d\u0259ki v\u0259ziyy\u0259t bar\u0259d\u0259 n\u0259 dan\u0131\u015f\u0131rlar<\/p>\n","protected":false},"author":11,"featured_media":135745,"comment_status":"closed","ping_status":"open","sticky":false,"template":"","format":"standard","meta":{"_acf_changed":false,"_sitemap_exclude":false,"_sitemap_priority":"","_sitemap_frequency":"","footnotes":""},"categories":[64],"tags":[],"class_list":["post-198779","post","type-post","status-publish","format-standard","has-post-thumbnail","hentry","category-dunya","infinite-scroll-item","generate-columns","tablet-grid-50","mobile-grid-100","grid-parent","grid-33","no-featured-image-padding"],"acf":[],"yoast_head":"<!-- This site is optimized with the Yoast SEO plugin v27.5 - https:\/\/yoast.com\/product\/yoast-seo-wordpress\/ -->\n<title>\u201cXarici reys olmasayd\u0131, h\u00f6kum\u0259t h\u0259qiq\u0259ti gizl\u0259d\u0259rdi\u201d - MEYDAN.TV<\/title>\n<meta name=\"robots\" content=\"index, follow, max-snippet:-1, max-image-preview:large, max-video-preview:-1\" \/>\n<link rel=\"canonical\" href=\"https:\/\/www.meydan.tv\/az\/article\/xarici-reys-olmasaydi-hokumet-heqiqeti-gizlederdi\/\" \/>\n<meta property=\"og:locale\" content=\"az_AZ\" \/>\n<meta property=\"og:type\" content=\"article\" \/>\n<meta property=\"og:title\" content=\"\u201cXarici reys olmasayd\u0131, h\u00f6kum\u0259t h\u0259qiq\u0259ti gizl\u0259d\u0259rdi\u201d - MEYDAN.TV\" \/>\n<meta property=\"og:description\" content=\"\u0130ranl\u0131lar aviaq\u0259za v\u0259 \u00f6lk\u0259d\u0259ki v\u0259ziyy\u0259t bar\u0259d\u0259 n\u0259 dan\u0131\u015f\u0131rlar\" \/>\n<meta property=\"og:url\" content=\"https:\/\/www.meydan.tv\/az\/article\/xarici-reys-olmasaydi-hokumet-heqiqeti-gizlederdi\/\" \/>\n<meta property=\"og:site_name\" content=\"MEYDAN.TV\" \/>\n<meta property=\"article:published_time\" content=\"2020-01-14T12:10:44+00:00\" \/>\n<meta property=\"og:image\" content=\"https:\/\/www.meydan.tv\/wp-content\/uploads\/650x389.jpg\" \/>\n\t<meta property=\"og:image:width\" content=\"802\" \/>\n\t<meta property=\"og:image:height\" content=\"480\" \/>\n\t<meta property=\"og:image:type\" content=\"image\/jpeg\" \/>\n<meta name=\"author\" content=\"user-manager\" \/>\n<meta name=\"twitter:card\" content=\"summary_large_image\" \/>\n<script type=\"application\/ld+json\" class=\"yoast-schema-graph\">{\"@context\":\"https:\\\/\\\/schema.org\",\"@graph\":[{\"@type\":\"Article\",\"@id\":\"https:\\\/\\\/www.meydan.tv\\\/az\\\/article\\\/xarici-reys-olmasaydi-hokumet-heqiqeti-gizlederdi\\\/#article\",\"isPartOf\":{\"@id\":\"https:\\\/\\\/www.meydan.tv\\\/az\\\/article\\\/xarici-reys-olmasaydi-hokumet-heqiqeti-gizlederdi\\\/\"},\"author\":{\"name\":\"user-manager\",\"@id\":\"https:\\\/\\\/www.meydan.tv\\\/az\\\/#\\\/schema\\\/person\\\/10d11eccf6da3662cf5fdab9806ea91a\"},\"headline\":\"\u201cXarici reys olmasayd\u0131, h\u00f6kum\u0259t h\u0259qiq\u0259ti gizl\u0259d\u0259rdi\u201d\",\"datePublished\":\"2020-01-14T12:10:44+00:00\",\"mainEntityOfPage\":{\"@id\":\"https:\\\/\\\/www.meydan.tv\\\/az\\\/article\\\/xarici-reys-olmasaydi-hokumet-heqiqeti-gizlederdi\\\/\"},\"wordCount\":1219,\"publisher\":{\"@id\":\"https:\\\/\\\/www.meydan.tv\\\/az\\\/#organization\"},\"image\":{\"@id\":\"https:\\\/\\\/www.meydan.tv\\\/az\\\/article\\\/xarici-reys-olmasaydi-hokumet-heqiqeti-gizlederdi\\\/#primaryimage\"},\"thumbnailUrl\":\"https:\\\/\\\/www.meydan.tv\\\/wp-content\\\/uploads\\\/650x389.jpg\",\"articleSection\":[\"D\u00fcnya\"],\"inLanguage\":\"az\"},{\"@type\":\"WebPage\",\"@id\":\"https:\\\/\\\/www.meydan.tv\\\/az\\\/article\\\/xarici-reys-olmasaydi-hokumet-heqiqeti-gizlederdi\\\/\",\"url\":\"https:\\\/\\\/www.meydan.tv\\\/az\\\/article\\\/xarici-reys-olmasaydi-hokumet-heqiqeti-gizlederdi\\\/\",\"name\":\"\u201cXarici reys olmasayd\u0131, h\u00f6kum\u0259t h\u0259qiq\u0259ti gizl\u0259d\u0259rdi\u201d - MEYDAN.TV\",\"isPartOf\":{\"@id\":\"https:\\\/\\\/www.meydan.tv\\\/az\\\/#website\"},\"primaryImageOfPage\":{\"@id\":\"https:\\\/\\\/www.meydan.tv\\\/az\\\/article\\\/xarici-reys-olmasaydi-hokumet-heqiqeti-gizlederdi\\\/#primaryimage\"},\"image\":{\"@id\":\"https:\\\/\\\/www.meydan.tv\\\/az\\\/article\\\/xarici-reys-olmasaydi-hokumet-heqiqeti-gizlederdi\\\/#primaryimage\"},\"thumbnailUrl\":\"https:\\\/\\\/www.meydan.tv\\\/wp-content\\\/uploads\\\/650x389.jpg\",\"datePublished\":\"2020-01-14T12:10:44+00:00\",\"breadcrumb\":{\"@id\":\"https:\\\/\\\/www.meydan.tv\\\/az\\\/article\\\/xarici-reys-olmasaydi-hokumet-heqiqeti-gizlederdi\\\/#breadcrumb\"},\"inLanguage\":\"az\",\"potentialAction\":[{\"@type\":\"ReadAction\",\"target\":[\"https:\\\/\\\/www.meydan.tv\\\/az\\\/article\\\/xarici-reys-olmasaydi-hokumet-heqiqeti-gizlederdi\\\/\"]}]},{\"@type\":\"ImageObject\",\"inLanguage\":\"az\",\"@id\":\"https:\\\/\\\/www.meydan.tv\\\/az\\\/article\\\/xarici-reys-olmasaydi-hokumet-heqiqeti-gizlederdi\\\/#primaryimage\",\"url\":\"https:\\\/\\\/www.meydan.tv\\\/wp-content\\\/uploads\\\/650x389.jpg\",\"contentUrl\":\"https:\\\/\\\/www.meydan.tv\\\/wp-content\\\/uploads\\\/650x389.jpg\",\"width\":802,\"height\":480,\"caption\":\"Source: \u0432\u0430\u0444\u044b\u0430\u0444\u044b\u0430\"},{\"@type\":\"BreadcrumbList\",\"@id\":\"https:\\\/\\\/www.meydan.tv\\\/az\\\/article\\\/xarici-reys-olmasaydi-hokumet-heqiqeti-gizlederdi\\\/#breadcrumb\",\"itemListElement\":[{\"@type\":\"ListItem\",\"position\":1,\"name\":\"Ana s\u0259hif\u0259\",\"item\":\"https:\\\/\\\/www.meydan.tv\\\/az\\\/\"},{\"@type\":\"ListItem\",\"position\":2,\"name\":\"D\u00fcnya\",\"item\":\"https:\\\/\\\/www.meydan.tv\\\/az\\\/section\\\/dunya\\\/\"},{\"@type\":\"ListItem\",\"position\":3,\"name\":\"\u201cXarici reys olmasayd\u0131, h\u00f6kum\u0259t h\u0259qiq\u0259ti gizl\u0259d\u0259rdi\u201d\"}]},{\"@type\":\"WebSite\",\"@id\":\"https:\\\/\\\/www.meydan.tv\\\/az\\\/#website\",\"url\":\"https:\\\/\\\/www.meydan.tv\\\/az\\\/\",\"name\":\"MEYDAN.TV\",\"description\":\"Meydan TV Az\u0259rbaycan\u0131n media m\u0259kan\u0131ndak\u0131 alternativ s\u0259sidir\",\"publisher\":{\"@id\":\"https:\\\/\\\/www.meydan.tv\\\/az\\\/#organization\"},\"potentialAction\":[{\"@type\":\"SearchAction\",\"target\":{\"@type\":\"EntryPoint\",\"urlTemplate\":\"https:\\\/\\\/www.meydan.tv\\\/az\\\/?s={search_term_string}\"},\"query-input\":{\"@type\":\"PropertyValueSpecification\",\"valueRequired\":true,\"valueName\":\"search_term_string\"}}],\"inLanguage\":\"az\"},{\"@type\":\"Organization\",\"@id\":\"https:\\\/\\\/www.meydan.tv\\\/az\\\/#organization\",\"name\":\"Meydan TV\",\"url\":\"https:\\\/\\\/www.meydan.tv\\\/az\\\/\",\"logo\":{\"@type\":\"ImageObject\",\"inLanguage\":\"az\",\"@id\":\"https:\\\/\\\/www.meydan.tv\\\/az\\\/#\\\/schema\\\/logo\\\/image\\\/\",\"url\":\"https:\\\/\\\/www.meydan.tv\\\/wp-content\\\/uploads\\\/2021\\\/07\\\/meydan-logo.svg\",\"contentUrl\":\"https:\\\/\\\/www.meydan.tv\\\/wp-content\\\/uploads\\\/2021\\\/07\\\/meydan-logo.svg\",\"width\":195,\"height\":46,\"caption\":\"Meydan TV\"},\"image\":{\"@id\":\"https:\\\/\\\/www.meydan.tv\\\/az\\\/#\\\/schema\\\/logo\\\/image\\\/\"}},{\"@type\":\"Person\",\"@id\":\"https:\\\/\\\/www.meydan.tv\\\/az\\\/#\\\/schema\\\/person\\\/10d11eccf6da3662cf5fdab9806ea91a\",\"name\":\"user-manager\"}]}<\/script>\n<!-- \/ Yoast SEO plugin. -->","yoast_head_json":{"title":"\u201cXarici reys olmasayd\u0131, h\u00f6kum\u0259t h\u0259qiq\u0259ti gizl\u0259d\u0259rdi\u201d - MEYDAN.TV","robots":{"index":"index","follow":"follow","max-snippet":"max-snippet:-1","max-image-preview":"max-image-preview:large","max-video-preview":"max-video-preview:-1"},"canonical":"https:\/\/www.meydan.tv\/az\/article\/xarici-reys-olmasaydi-hokumet-heqiqeti-gizlederdi\/","og_locale":"az_AZ","og_type":"article","og_title":"\u201cXarici reys olmasayd\u0131, h\u00f6kum\u0259t h\u0259qiq\u0259ti gizl\u0259d\u0259rdi\u201d - MEYDAN.TV","og_description":"\u0130ranl\u0131lar aviaq\u0259za v\u0259 \u00f6lk\u0259d\u0259ki v\u0259ziyy\u0259t bar\u0259d\u0259 n\u0259 dan\u0131\u015f\u0131rlar","og_url":"https:\/\/www.meydan.tv\/az\/article\/xarici-reys-olmasaydi-hokumet-heqiqeti-gizlederdi\/","og_site_name":"MEYDAN.TV","article_published_time":"2020-01-14T12:10:44+00:00","og_image":[{"width":802,"height":480,"url":"https:\/\/www.meydan.tv\/wp-content\/uploads\/650x389.jpg","type":"image\/jpeg"}],"author":"user-manager","twitter_card":"summary_large_image","schema":{"@context":"https:\/\/schema.org","@graph":[{"@type":"Article","@id":"https:\/\/www.meydan.tv\/az\/article\/xarici-reys-olmasaydi-hokumet-heqiqeti-gizlederdi\/#article","isPartOf":{"@id":"https:\/\/www.meydan.tv\/az\/article\/xarici-reys-olmasaydi-hokumet-heqiqeti-gizlederdi\/"},"author":{"name":"user-manager","@id":"https:\/\/www.meydan.tv\/az\/#\/schema\/person\/10d11eccf6da3662cf5fdab9806ea91a"},"headline":"\u201cXarici reys olmasayd\u0131, h\u00f6kum\u0259t h\u0259qiq\u0259ti gizl\u0259d\u0259rdi\u201d","datePublished":"2020-01-14T12:10:44+00:00","mainEntityOfPage":{"@id":"https:\/\/www.meydan.tv\/az\/article\/xarici-reys-olmasaydi-hokumet-heqiqeti-gizlederdi\/"},"wordCount":1219,"publisher":{"@id":"https:\/\/www.meydan.tv\/az\/#organization"},"image":{"@id":"https:\/\/www.meydan.tv\/az\/article\/xarici-reys-olmasaydi-hokumet-heqiqeti-gizlederdi\/#primaryimage"},"thumbnailUrl":"https:\/\/www.meydan.tv\/wp-content\/uploads\/650x389.jpg","articleSection":["D\u00fcnya"],"inLanguage":"az"},{"@type":"WebPage","@id":"https:\/\/www.meydan.tv\/az\/article\/xarici-reys-olmasaydi-hokumet-heqiqeti-gizlederdi\/","url":"https:\/\/www.meydan.tv\/az\/article\/xarici-reys-olmasaydi-hokumet-heqiqeti-gizlederdi\/","name":"\u201cXarici reys olmasayd\u0131, h\u00f6kum\u0259t h\u0259qiq\u0259ti gizl\u0259d\u0259rdi\u201d - MEYDAN.TV","isPartOf":{"@id":"https:\/\/www.meydan.tv\/az\/#website"},"primaryImageOfPage":{"@id":"https:\/\/www.meydan.tv\/az\/article\/xarici-reys-olmasaydi-hokumet-heqiqeti-gizlederdi\/#primaryimage"},"image":{"@id":"https:\/\/www.meydan.tv\/az\/article\/xarici-reys-olmasaydi-hokumet-heqiqeti-gizlederdi\/#primaryimage"},"thumbnailUrl":"https:\/\/www.meydan.tv\/wp-content\/uploads\/650x389.jpg","datePublished":"2020-01-14T12:10:44+00:00","breadcrumb":{"@id":"https:\/\/www.meydan.tv\/az\/article\/xarici-reys-olmasaydi-hokumet-heqiqeti-gizlederdi\/#breadcrumb"},"inLanguage":"az","potentialAction":[{"@type":"ReadAction","target":["https:\/\/www.meydan.tv\/az\/article\/xarici-reys-olmasaydi-hokumet-heqiqeti-gizlederdi\/"]}]},{"@type":"ImageObject","inLanguage":"az","@id":"https:\/\/www.meydan.tv\/az\/article\/xarici-reys-olmasaydi-hokumet-heqiqeti-gizlederdi\/#primaryimage","url":"https:\/\/www.meydan.tv\/wp-content\/uploads\/650x389.jpg","contentUrl":"https:\/\/www.meydan.tv\/wp-content\/uploads\/650x389.jpg","width":802,"height":480,"caption":"Source: \u0432\u0430\u0444\u044b\u0430\u0444\u044b\u0430"},{"@type":"BreadcrumbList","@id":"https:\/\/www.meydan.tv\/az\/article\/xarici-reys-olmasaydi-hokumet-heqiqeti-gizlederdi\/#breadcrumb","itemListElement":[{"@type":"ListItem","position":1,"name":"Ana s\u0259hif\u0259","item":"https:\/\/www.meydan.tv\/az\/"},{"@type":"ListItem","position":2,"name":"D\u00fcnya","item":"https:\/\/www.meydan.tv\/az\/section\/dunya\/"},{"@type":"ListItem","position":3,"name":"\u201cXarici reys olmasayd\u0131, h\u00f6kum\u0259t h\u0259qiq\u0259ti gizl\u0259d\u0259rdi\u201d"}]},{"@type":"WebSite","@id":"https:\/\/www.meydan.tv\/az\/#website","url":"https:\/\/www.meydan.tv\/az\/","name":"MEYDAN.TV","description":"Meydan TV Az\u0259rbaycan\u0131n media m\u0259kan\u0131ndak\u0131 alternativ s\u0259sidir","publisher":{"@id":"https:\/\/www.meydan.tv\/az\/#organization"},"potentialAction":[{"@type":"SearchAction","target":{"@type":"EntryPoint","urlTemplate":"https:\/\/www.meydan.tv\/az\/?s={search_term_string}"},"query-input":{"@type":"PropertyValueSpecification","valueRequired":true,"valueName":"search_term_string"}}],"inLanguage":"az"},{"@type":"Organization","@id":"https:\/\/www.meydan.tv\/az\/#organization","name":"Meydan TV","url":"https:\/\/www.meydan.tv\/az\/","logo":{"@type":"ImageObject","inLanguage":"az","@id":"https:\/\/www.meydan.tv\/az\/#\/schema\/logo\/image\/","url":"https:\/\/www.meydan.tv\/wp-content\/uploads\/2021\/07\/meydan-logo.svg","contentUrl":"https:\/\/www.meydan.tv\/wp-content\/uploads\/2021\/07\/meydan-logo.svg","width":195,"height":46,"caption":"Meydan TV"},"image":{"@id":"https:\/\/www.meydan.tv\/az\/#\/schema\/logo\/image\/"}},{"@type":"Person","@id":"https:\/\/www.meydan.tv\/az\/#\/schema\/person\/10d11eccf6da3662cf5fdab9806ea91a","name":"user-manager"}]}},"_links":{"self":[{"href":"https:\/\/www.meydan.tv\/az\/wp-json\/wp\/v2\/posts\/198779","targetHints":{"allow":["GET"]}}],"collection":[{"href":"https:\/\/www.meydan.tv\/az\/wp-json\/wp\/v2\/posts"}],"about":[{"href":"https:\/\/www.meydan.tv\/az\/wp-json\/wp\/v2\/types\/post"}],"author":[{"embeddable":true,"href":"https:\/\/www.meydan.tv\/az\/wp-json\/wp\/v2\/users\/11"}],"replies":[{"embeddable":true,"href":"https:\/\/www.meydan.tv\/az\/wp-json\/wp\/v2\/comments?post=198779"}],"version-history":[{"count":0,"href":"https:\/\/www.meydan.tv\/az\/wp-json\/wp\/v2\/posts\/198779\/revisions"}],"wp:featuredmedia":[{"embeddable":true,"href":"https:\/\/www.meydan.tv\/az\/wp-json\/wp\/v2\/media\/135745"}],"wp:attachment":[{"href":"https:\/\/www.meydan.tv\/az\/wp-json\/wp\/v2\/media?parent=198779"}],"wp:term":[{"taxonomy":"category","embeddable":true,"href":"https:\/\/www.meydan.tv\/az\/wp-json\/wp\/v2\/categories?post=198779"},{"taxonomy":"post_tag","embeddable":true,"href":"https:\/\/www.meydan.tv\/az\/wp-json\/wp\/v2\/tags?post=198779"}],"curies":[{"name":"wp","href":"https:\/\/api.w.org\/{rel}","templated":true}]}}