{"id":198778,"date":"2020-01-14T11:50:56","date_gmt":"2020-01-14T11:50:56","guid":{"rendered":"https:\/\/www.meydan.tv\/article\/xorvatiya-prezidenti-olkede-korrupsiyanin-mektebden-basladigini-deyib\/"},"modified":"2020-01-14T11:50:56","modified_gmt":"2020-01-14T11:50:56","slug":"xorvatiya-prezidenti-olkede-korrupsiyanin-mektebden-basladigini-deyib","status":"publish","type":"post","link":"https:\/\/www.meydan.tv\/az\/article\/xorvatiya-prezidenti-olkede-korrupsiyanin-mektebden-basladigini-deyib\/","title":{"rendered":"Xorvatiya prezidenti \u00f6lk\u0259d\u0259 korrupsiyan\u0131n m\u0259kt\u0259bd\u0259n ba\u015flad\u0131\u011f\u0131n\u0131 deyib"},"content":{"rendered":"<p>\n  <i><br \/>\n    \u201cOnlar sistemd\u0259n yay\u0131nma\u011f\u0131n yollar\u0131n\u0131 axtar\u0131rlar\u201d<br \/>\n  <\/i>\n<\/p>\n<p>\n  \u201cXorvatiya c\u0259miyy\u0259tind\u0259 korrupsiyan\u0131n \u0259sas\u0131 testl\u0259rd\u0259 aldadan u\u015faqlar\u0131n \u201cq\u0259hr\u0259man\u201d kimi qeyd olundu\u011fu m\u0259kt\u0259bl\u0259rd\u0259 qoyulur\u201d.\n<\/p>\n<p>\n  \u201cGuardian\u201d yaz\u0131r ki, se\u00e7kid\u0259ki m\u0259\u011flubiyy\u0259tind\u0259n sonra fevral ay\u0131nda v\u0259zif\u0259sini t\u0259rk ed\u0259c\u0259k Kolinda Grabar-Kitarovi\u00e7 deyib ki, Xorvatiya c\u0259miyy\u0259tini b\u00fcr\u00fcm\u00fc\u015f korrupsiya ilk olaraq m\u0259kt\u0259b sinfind\u0259n ba\u015flay\u0131r.\n<\/p>\n<p>\n  Prezident Zaqrebd\u0259 ke\u00e7irdiyi m\u0259tbuat konfrans\u0131nda jurnalistl\u0259r\u0259 verdiyi a\u00e7\u0131qlamada \u201cimtahana aldatmaq \u00fc\u00e7\u00fcn haz\u0131rla\u015fanlar q\u0259hr\u0259man\u201d, layiqinc\u0259 \u00e7al\u0131\u015fanlar is\u0259 \u201c\u00e7ox ist\u0259kli olanlar\u201d olaraq xarakteriz\u0259 edilirl\u0259r\u201d- deyib.\n<\/p>\n<p>\n  \u201cKorrupsiya buradan, u\u015faqlarda ba\u015flay\u0131r\u201d,- Grabar-Kitarovi\u0107 deyib:\n<\/p>\n<p>\n  \u201cOnlar sistemd\u0259n yay\u0131nma\u011f\u0131n yollar\u0131n\u0131 axtar\u0131rlar. Bu sad\u0259c\u0259 siyas\u0259t\u0259 aid deyil. \u018fvv\u0259ll\u0259r oldu\u011fundan daha yax\u015f\u0131d\u0131r. Ancaq bu, sad\u0259c\u0259 siyas\u0259t deyil\u201d.\n<\/p>\n<p>\n  Ke\u00e7\u0259n ay Xorvatiyan\u0131n ke\u00e7mi\u015f Ba\u015f naziri \u0130vo Sanader yeni \u00f6z\u0259ll\u0259\u015fdirilmi\u015f enerji \u015firk\u0259tind\u0259 bir Xorvat nefti firmas\u0131na b\u00f6y\u00fck s\u0259hm verilm\u0259si m\u00fcqabilind\u0259 10 milyon avro r\u00fc\u015fv\u0259t almaqda g\u00fcnahkar bilin\u0259r\u0259k, 6 il h\u0259bs c\u0259zas\u0131na m\u0259hkum edilib.\n<\/p>\n<p>\n  Sanaderin zaman\u0131nda nazir olmu\u015f Grabar-Kitarovi\u00e7 deyib ki, Sanaderin r\u0259hb\u0259rlikd\u0259 oldu\u011fu m\u00fcdd\u0259td\u0259 h\u00f6kum\u0259tin \u0259sas q\u0259rarlar\u0131ndan k\u0259narla\u015fd\u0131r\u0131ld\u0131\u011f\u0131 \u00fc\u00e7\u00fcn onun \u015f\u0259xsi korrupsiya \u0259m\u0259liyyatlar\u0131 haqda he\u00e7 bir t\u0259s\u0259vv\u00fcr\u0259 sahib olmay\u0131b.\n<\/p>\n<p>\n  Getm\u0259kd\u0259 olan prezident h\u0259m\u00e7inin Sanaderin m\u0259rk\u0259z sa\u011f Xorvat Demokratik Birlik Partiyas\u0131n\u0131n \u00fczv\u00fcd\u00fcr. O, etiraf edib ki, \u00f6lk\u0259sinin g\u00fcnd\u0259lik h\u0259yat ad\u0259tl\u0259ri r\u00fc\u015fv\u0259t m\u0259d\u0259niyy\u0259tini t\u0259\u015fviq edir.\n<\/p>\n<p>\n  Grabar-Kitarovi\u00e7 deyib: \u201c\u00c7ox vaxt korrupsiyan\u0131n n\u0259 oldu\u011funu bilmirik. Bir h\u0259kim\u0259 getdiyiniz zaman h\u0259r k\u0259s \u0259n az \u00e7i\u00e7\u0259k, \u015fokolad v\u0259 bu kimi \u015feyl\u0259r g\u0259tirm\u0259yinizi g\u00f6zl\u0259yir \u2013 bu, bir ad\u0259tdir. Anam yax\u0131nlarda x\u0259st\u0259xanada idi. Dostlar\u0131m m\u0259nd\u0259n soru\u015furdular ki, niy\u0259 he\u00e7 n\u0259 g\u0259tirm\u0259din, \u00e7\u00fcnki tibb bac\u0131lar\u0131 bunu g\u00f6zl\u0259yirl\u0259r &#8230;\n<\/p>\n<p>\n  Dedim: \u201cM\u0259n bu c\u00fcr korrupsiyada i\u015ftirak etm\u0259k niyy\u0259tind\u0259 deyil\u0259m. Milad \u00fc\u00e7\u00fcn bir s\u0259b\u0259t, bir az Milad h\u0259diyy\u0259si g\u0259tir\u0259c\u0259m, sad\u0259c\u0259 bu.\u201d\n<\/p>\n<p>\n  \u201cM\u0259nim \u00fc\u00e7\u00fcn parlaq i\u015f\u0131q Xorvatiyan\u0131 t\u0259rk ed\u0259n v\u0259 f\u0259rqli \u00f6lk\u0259l\u0259r\u0259 ged\u0259n g\u0259ncl\u0259rin geri qay\u0131tmalar\u0131, f\u0259rqli etika v\u0259 \u00e7al\u0131\u015fma h\u0259yat t\u0259rzi g\u0259tirm\u0259l\u0259ridir. Bununla da biz qazanc \u0259ld\u0259 ed\u0259c\u0259yik\u201d, &#8211; o deyib.\n<\/p>\n<p>\n  \u018fn son \u201cEurobarometer\u201d sor\u011fusu a\u015fkarlay\u0131b ki, xorvatlar\u0131n \u0259ks\u0259riyy\u0259ti g\u00fcnd\u0259lik h\u0259yatlar\u0131nda korrupsiyadan t\u0259sirl\u0259nirl\u0259r (59%). \u015e\u0259xsin korrupsiyaya m\u0259ruz qald\u0131\u011f\u0131n\u0131 bildir\u0259n respondentl\u0259rl\u0259 (16%) Xorvatiya AB-y\u0259 \u00fczv \u00f6lk\u0259l\u0259r aras\u0131nda \u0259n b\u00f6y\u00fck nisb\u0259t\u0259 sahibdir.\n<\/p>\n<p>\n  Grabar-Kitarovi\u00e7 yanvar\u0131n \u0259vv\u0259lind\u0259 m\u0259rk\u0259z solun namiz\u0259di Zoran Milanovi\u00e7\u0259 prezident se\u00e7kil\u0259rind\u0259 uduzub. Bu hadis\u0259d\u0259n bir ne\u00e7\u0259 g\u00fcn sonra Xorvatiya Avropa Birliyinin prezidentliyini q\u0259bul edib.\n<\/p>\n<p>\n  Sosial Demokrat Partiyas\u0131ndan olan ke\u00e7mi\u015f Ba\u015f nazir Milanovi\u00e7 \u00f6lk\u0259ni m\u00fcharib\u0259 ke\u00e7mi\u015find\u0259n k\u00f6\u00e7\u00fcrm\u0259y\u0259 s\u00f6z verib.\n<\/p>\n<p>\n  \u00d6lk\u0259sinin komandas\u0131 Rusiyan\u0131 \u201c2018 D\u00fcnya Kuboku\u201dnda m\u0259\u011flub etdikd\u0259 Vladimir Putinin qar\u015f\u0131s\u0131nda r\u0259qs ed\u0259r\u0259k tan\u0131nan v\u0259 beyn\u0259lxalq diqq\u0259ti c\u0259lb ed\u0259n Grabar-Kitarovi\u00e7 jurnalistl\u0259r\u0259 deyib ki, o, v\u0259zif\u0259d\u0259 oldu\u011fu d\u00f6vrd\u0259 yerli media t\u0259r\u0259find\u0259n bulinq\u0259 m\u0259ruz qal\u0131b.<\/p>\n","protected":false},"excerpt":{"rendered":"<p>\u201cOnlar sistemd\u0259n yay\u0131nma\u011f\u0131n yollar\u0131n\u0131 axtar\u0131rlar\u201d<\/p>\n","protected":false},"author":11,"featured_media":135757,"comment_status":"closed","ping_status":"open","sticky":false,"template":"","format":"standard","meta":{"_acf_changed":false,"_sitemap_exclude":false,"_sitemap_priority":"","_sitemap_frequency":"","footnotes":""},"categories":[64],"tags":[],"class_list":["post-198778","post","type-post","status-publish","format-standard","has-post-thumbnail","hentry","category-dunya","infinite-scroll-item","generate-columns","tablet-grid-50","mobile-grid-100","grid-parent","grid-33","no-featured-image-padding"],"acf":[],"yoast_head":"<!-- This site is optimized with the Yoast SEO plugin v27.5 - https:\/\/yoast.com\/product\/yoast-seo-wordpress\/ -->\n<title>Xorvatiya prezidenti \u00f6lk\u0259d\u0259 korrupsiyan\u0131n m\u0259kt\u0259bd\u0259n ba\u015flad\u0131\u011f\u0131n\u0131 deyib - MEYDAN.TV<\/title>\n<meta name=\"robots\" content=\"index, follow, max-snippet:-1, max-image-preview:large, max-video-preview:-1\" \/>\n<link rel=\"canonical\" href=\"https:\/\/www.meydan.tv\/az\/article\/xorvatiya-prezidenti-olkede-korrupsiyanin-mektebden-basladigini-deyib\/\" \/>\n<meta property=\"og:locale\" content=\"az_AZ\" \/>\n<meta property=\"og:type\" content=\"article\" \/>\n<meta property=\"og:title\" content=\"Xorvatiya prezidenti \u00f6lk\u0259d\u0259 korrupsiyan\u0131n m\u0259kt\u0259bd\u0259n ba\u015flad\u0131\u011f\u0131n\u0131 deyib - MEYDAN.TV\" \/>\n<meta property=\"og:description\" content=\"\u201cOnlar sistemd\u0259n yay\u0131nma\u011f\u0131n yollar\u0131n\u0131 axtar\u0131rlar\u201d\" \/>\n<meta property=\"og:url\" content=\"https:\/\/www.meydan.tv\/az\/article\/xorvatiya-prezidenti-olkede-korrupsiyanin-mektebden-basladigini-deyib\/\" \/>\n<meta property=\"og:site_name\" content=\"MEYDAN.TV\" \/>\n<meta property=\"article:published_time\" content=\"2020-01-14T11:50:56+00:00\" \/>\n<meta property=\"og:image\" content=\"https:\/\/www.meydan.tv\/wp-content\/uploads\/1d856d4e-b48c-4ac0-a7a0-da6b648d3560.jpeg\" \/>\n\t<meta property=\"og:image:width\" content=\"1200\" \/>\n\t<meta property=\"og:image:height\" content=\"669\" \/>\n\t<meta property=\"og:image:type\" content=\"image\/jpeg\" \/>\n<meta name=\"author\" content=\"user-manager\" \/>\n<meta name=\"twitter:card\" content=\"summary_large_image\" \/>\n<script type=\"application\/ld+json\" class=\"yoast-schema-graph\">{\"@context\":\"https:\\\/\\\/schema.org\",\"@graph\":[{\"@type\":\"Article\",\"@id\":\"https:\\\/\\\/www.meydan.tv\\\/az\\\/article\\\/xorvatiya-prezidenti-olkede-korrupsiyanin-mektebden-basladigini-deyib\\\/#article\",\"isPartOf\":{\"@id\":\"https:\\\/\\\/www.meydan.tv\\\/az\\\/article\\\/xorvatiya-prezidenti-olkede-korrupsiyanin-mektebden-basladigini-deyib\\\/\"},\"author\":{\"name\":\"user-manager\",\"@id\":\"https:\\\/\\\/www.meydan.tv\\\/az\\\/#\\\/schema\\\/person\\\/10d11eccf6da3662cf5fdab9806ea91a\"},\"headline\":\"Xorvatiya prezidenti \u00f6lk\u0259d\u0259 korrupsiyan\u0131n m\u0259kt\u0259bd\u0259n ba\u015flad\u0131\u011f\u0131n\u0131 deyib\",\"datePublished\":\"2020-01-14T11:50:56+00:00\",\"mainEntityOfPage\":{\"@id\":\"https:\\\/\\\/www.meydan.tv\\\/az\\\/article\\\/xorvatiya-prezidenti-olkede-korrupsiyanin-mektebden-basladigini-deyib\\\/\"},\"wordCount\":632,\"publisher\":{\"@id\":\"https:\\\/\\\/www.meydan.tv\\\/az\\\/#organization\"},\"image\":{\"@id\":\"https:\\\/\\\/www.meydan.tv\\\/az\\\/article\\\/xorvatiya-prezidenti-olkede-korrupsiyanin-mektebden-basladigini-deyib\\\/#primaryimage\"},\"thumbnailUrl\":\"https:\\\/\\\/www.meydan.tv\\\/wp-content\\\/uploads\\\/1d856d4e-b48c-4ac0-a7a0-da6b648d3560.jpeg\",\"articleSection\":[\"D\u00fcnya\"],\"inLanguage\":\"az\"},{\"@type\":\"WebPage\",\"@id\":\"https:\\\/\\\/www.meydan.tv\\\/az\\\/article\\\/xorvatiya-prezidenti-olkede-korrupsiyanin-mektebden-basladigini-deyib\\\/\",\"url\":\"https:\\\/\\\/www.meydan.tv\\\/az\\\/article\\\/xorvatiya-prezidenti-olkede-korrupsiyanin-mektebden-basladigini-deyib\\\/\",\"name\":\"Xorvatiya prezidenti \u00f6lk\u0259d\u0259 korrupsiyan\u0131n m\u0259kt\u0259bd\u0259n ba\u015flad\u0131\u011f\u0131n\u0131 deyib - MEYDAN.TV\",\"isPartOf\":{\"@id\":\"https:\\\/\\\/www.meydan.tv\\\/az\\\/#website\"},\"primaryImageOfPage\":{\"@id\":\"https:\\\/\\\/www.meydan.tv\\\/az\\\/article\\\/xorvatiya-prezidenti-olkede-korrupsiyanin-mektebden-basladigini-deyib\\\/#primaryimage\"},\"image\":{\"@id\":\"https:\\\/\\\/www.meydan.tv\\\/az\\\/article\\\/xorvatiya-prezidenti-olkede-korrupsiyanin-mektebden-basladigini-deyib\\\/#primaryimage\"},\"thumbnailUrl\":\"https:\\\/\\\/www.meydan.tv\\\/wp-content\\\/uploads\\\/1d856d4e-b48c-4ac0-a7a0-da6b648d3560.jpeg\",\"datePublished\":\"2020-01-14T11:50:56+00:00\",\"breadcrumb\":{\"@id\":\"https:\\\/\\\/www.meydan.tv\\\/az\\\/article\\\/xorvatiya-prezidenti-olkede-korrupsiyanin-mektebden-basladigini-deyib\\\/#breadcrumb\"},\"inLanguage\":\"az\",\"potentialAction\":[{\"@type\":\"ReadAction\",\"target\":[\"https:\\\/\\\/www.meydan.tv\\\/az\\\/article\\\/xorvatiya-prezidenti-olkede-korrupsiyanin-mektebden-basladigini-deyib\\\/\"]}]},{\"@type\":\"ImageObject\",\"inLanguage\":\"az\",\"@id\":\"https:\\\/\\\/www.meydan.tv\\\/az\\\/article\\\/xorvatiya-prezidenti-olkede-korrupsiyanin-mektebden-basladigini-deyib\\\/#primaryimage\",\"url\":\"https:\\\/\\\/www.meydan.tv\\\/wp-content\\\/uploads\\\/1d856d4e-b48c-4ac0-a7a0-da6b648d3560.jpeg\",\"contentUrl\":\"https:\\\/\\\/www.meydan.tv\\\/wp-content\\\/uploads\\\/1d856d4e-b48c-4ac0-a7a0-da6b648d3560.jpeg\",\"width\":1200,\"height\":669,\"caption\":\"Source: Google\"},{\"@type\":\"BreadcrumbList\",\"@id\":\"https:\\\/\\\/www.meydan.tv\\\/az\\\/article\\\/xorvatiya-prezidenti-olkede-korrupsiyanin-mektebden-basladigini-deyib\\\/#breadcrumb\",\"itemListElement\":[{\"@type\":\"ListItem\",\"position\":1,\"name\":\"Ana s\u0259hif\u0259\",\"item\":\"https:\\\/\\\/www.meydan.tv\\\/az\\\/\"},{\"@type\":\"ListItem\",\"position\":2,\"name\":\"D\u00fcnya\",\"item\":\"https:\\\/\\\/www.meydan.tv\\\/az\\\/section\\\/dunya\\\/\"},{\"@type\":\"ListItem\",\"position\":3,\"name\":\"Xorvatiya prezidenti \u00f6lk\u0259d\u0259 korrupsiyan\u0131n m\u0259kt\u0259bd\u0259n ba\u015flad\u0131\u011f\u0131n\u0131 deyib\"}]},{\"@type\":\"WebSite\",\"@id\":\"https:\\\/\\\/www.meydan.tv\\\/az\\\/#website\",\"url\":\"https:\\\/\\\/www.meydan.tv\\\/az\\\/\",\"name\":\"MEYDAN.TV\",\"description\":\"Meydan TV Az\u0259rbaycan\u0131n media m\u0259kan\u0131ndak\u0131 alternativ s\u0259sidir\",\"publisher\":{\"@id\":\"https:\\\/\\\/www.meydan.tv\\\/az\\\/#organization\"},\"potentialAction\":[{\"@type\":\"SearchAction\",\"target\":{\"@type\":\"EntryPoint\",\"urlTemplate\":\"https:\\\/\\\/www.meydan.tv\\\/az\\\/?s={search_term_string}\"},\"query-input\":{\"@type\":\"PropertyValueSpecification\",\"valueRequired\":true,\"valueName\":\"search_term_string\"}}],\"inLanguage\":\"az\"},{\"@type\":\"Organization\",\"@id\":\"https:\\\/\\\/www.meydan.tv\\\/az\\\/#organization\",\"name\":\"Meydan TV\",\"url\":\"https:\\\/\\\/www.meydan.tv\\\/az\\\/\",\"logo\":{\"@type\":\"ImageObject\",\"inLanguage\":\"az\",\"@id\":\"https:\\\/\\\/www.meydan.tv\\\/az\\\/#\\\/schema\\\/logo\\\/image\\\/\",\"url\":\"https:\\\/\\\/www.meydan.tv\\\/wp-content\\\/uploads\\\/2021\\\/07\\\/meydan-logo.svg\",\"contentUrl\":\"https:\\\/\\\/www.meydan.tv\\\/wp-content\\\/uploads\\\/2021\\\/07\\\/meydan-logo.svg\",\"width\":195,\"height\":46,\"caption\":\"Meydan TV\"},\"image\":{\"@id\":\"https:\\\/\\\/www.meydan.tv\\\/az\\\/#\\\/schema\\\/logo\\\/image\\\/\"}},{\"@type\":\"Person\",\"@id\":\"https:\\\/\\\/www.meydan.tv\\\/az\\\/#\\\/schema\\\/person\\\/10d11eccf6da3662cf5fdab9806ea91a\",\"name\":\"user-manager\"}]}<\/script>\n<!-- \/ Yoast SEO plugin. -->","yoast_head_json":{"title":"Xorvatiya prezidenti \u00f6lk\u0259d\u0259 korrupsiyan\u0131n m\u0259kt\u0259bd\u0259n ba\u015flad\u0131\u011f\u0131n\u0131 deyib - MEYDAN.TV","robots":{"index":"index","follow":"follow","max-snippet":"max-snippet:-1","max-image-preview":"max-image-preview:large","max-video-preview":"max-video-preview:-1"},"canonical":"https:\/\/www.meydan.tv\/az\/article\/xorvatiya-prezidenti-olkede-korrupsiyanin-mektebden-basladigini-deyib\/","og_locale":"az_AZ","og_type":"article","og_title":"Xorvatiya prezidenti \u00f6lk\u0259d\u0259 korrupsiyan\u0131n m\u0259kt\u0259bd\u0259n ba\u015flad\u0131\u011f\u0131n\u0131 deyib - MEYDAN.TV","og_description":"\u201cOnlar sistemd\u0259n yay\u0131nma\u011f\u0131n yollar\u0131n\u0131 axtar\u0131rlar\u201d","og_url":"https:\/\/www.meydan.tv\/az\/article\/xorvatiya-prezidenti-olkede-korrupsiyanin-mektebden-basladigini-deyib\/","og_site_name":"MEYDAN.TV","article_published_time":"2020-01-14T11:50:56+00:00","og_image":[{"width":1200,"height":669,"url":"https:\/\/www.meydan.tv\/wp-content\/uploads\/1d856d4e-b48c-4ac0-a7a0-da6b648d3560.jpeg","type":"image\/jpeg"}],"author":"user-manager","twitter_card":"summary_large_image","schema":{"@context":"https:\/\/schema.org","@graph":[{"@type":"Article","@id":"https:\/\/www.meydan.tv\/az\/article\/xorvatiya-prezidenti-olkede-korrupsiyanin-mektebden-basladigini-deyib\/#article","isPartOf":{"@id":"https:\/\/www.meydan.tv\/az\/article\/xorvatiya-prezidenti-olkede-korrupsiyanin-mektebden-basladigini-deyib\/"},"author":{"name":"user-manager","@id":"https:\/\/www.meydan.tv\/az\/#\/schema\/person\/10d11eccf6da3662cf5fdab9806ea91a"},"headline":"Xorvatiya prezidenti \u00f6lk\u0259d\u0259 korrupsiyan\u0131n m\u0259kt\u0259bd\u0259n ba\u015flad\u0131\u011f\u0131n\u0131 deyib","datePublished":"2020-01-14T11:50:56+00:00","mainEntityOfPage":{"@id":"https:\/\/www.meydan.tv\/az\/article\/xorvatiya-prezidenti-olkede-korrupsiyanin-mektebden-basladigini-deyib\/"},"wordCount":632,"publisher":{"@id":"https:\/\/www.meydan.tv\/az\/#organization"},"image":{"@id":"https:\/\/www.meydan.tv\/az\/article\/xorvatiya-prezidenti-olkede-korrupsiyanin-mektebden-basladigini-deyib\/#primaryimage"},"thumbnailUrl":"https:\/\/www.meydan.tv\/wp-content\/uploads\/1d856d4e-b48c-4ac0-a7a0-da6b648d3560.jpeg","articleSection":["D\u00fcnya"],"inLanguage":"az"},{"@type":"WebPage","@id":"https:\/\/www.meydan.tv\/az\/article\/xorvatiya-prezidenti-olkede-korrupsiyanin-mektebden-basladigini-deyib\/","url":"https:\/\/www.meydan.tv\/az\/article\/xorvatiya-prezidenti-olkede-korrupsiyanin-mektebden-basladigini-deyib\/","name":"Xorvatiya prezidenti \u00f6lk\u0259d\u0259 korrupsiyan\u0131n m\u0259kt\u0259bd\u0259n ba\u015flad\u0131\u011f\u0131n\u0131 deyib - MEYDAN.TV","isPartOf":{"@id":"https:\/\/www.meydan.tv\/az\/#website"},"primaryImageOfPage":{"@id":"https:\/\/www.meydan.tv\/az\/article\/xorvatiya-prezidenti-olkede-korrupsiyanin-mektebden-basladigini-deyib\/#primaryimage"},"image":{"@id":"https:\/\/www.meydan.tv\/az\/article\/xorvatiya-prezidenti-olkede-korrupsiyanin-mektebden-basladigini-deyib\/#primaryimage"},"thumbnailUrl":"https:\/\/www.meydan.tv\/wp-content\/uploads\/1d856d4e-b48c-4ac0-a7a0-da6b648d3560.jpeg","datePublished":"2020-01-14T11:50:56+00:00","breadcrumb":{"@id":"https:\/\/www.meydan.tv\/az\/article\/xorvatiya-prezidenti-olkede-korrupsiyanin-mektebden-basladigini-deyib\/#breadcrumb"},"inLanguage":"az","potentialAction":[{"@type":"ReadAction","target":["https:\/\/www.meydan.tv\/az\/article\/xorvatiya-prezidenti-olkede-korrupsiyanin-mektebden-basladigini-deyib\/"]}]},{"@type":"ImageObject","inLanguage":"az","@id":"https:\/\/www.meydan.tv\/az\/article\/xorvatiya-prezidenti-olkede-korrupsiyanin-mektebden-basladigini-deyib\/#primaryimage","url":"https:\/\/www.meydan.tv\/wp-content\/uploads\/1d856d4e-b48c-4ac0-a7a0-da6b648d3560.jpeg","contentUrl":"https:\/\/www.meydan.tv\/wp-content\/uploads\/1d856d4e-b48c-4ac0-a7a0-da6b648d3560.jpeg","width":1200,"height":669,"caption":"Source: Google"},{"@type":"BreadcrumbList","@id":"https:\/\/www.meydan.tv\/az\/article\/xorvatiya-prezidenti-olkede-korrupsiyanin-mektebden-basladigini-deyib\/#breadcrumb","itemListElement":[{"@type":"ListItem","position":1,"name":"Ana s\u0259hif\u0259","item":"https:\/\/www.meydan.tv\/az\/"},{"@type":"ListItem","position":2,"name":"D\u00fcnya","item":"https:\/\/www.meydan.tv\/az\/section\/dunya\/"},{"@type":"ListItem","position":3,"name":"Xorvatiya prezidenti \u00f6lk\u0259d\u0259 korrupsiyan\u0131n m\u0259kt\u0259bd\u0259n ba\u015flad\u0131\u011f\u0131n\u0131 deyib"}]},{"@type":"WebSite","@id":"https:\/\/www.meydan.tv\/az\/#website","url":"https:\/\/www.meydan.tv\/az\/","name":"MEYDAN.TV","description":"Meydan TV Az\u0259rbaycan\u0131n media m\u0259kan\u0131ndak\u0131 alternativ s\u0259sidir","publisher":{"@id":"https:\/\/www.meydan.tv\/az\/#organization"},"potentialAction":[{"@type":"SearchAction","target":{"@type":"EntryPoint","urlTemplate":"https:\/\/www.meydan.tv\/az\/?s={search_term_string}"},"query-input":{"@type":"PropertyValueSpecification","valueRequired":true,"valueName":"search_term_string"}}],"inLanguage":"az"},{"@type":"Organization","@id":"https:\/\/www.meydan.tv\/az\/#organization","name":"Meydan TV","url":"https:\/\/www.meydan.tv\/az\/","logo":{"@type":"ImageObject","inLanguage":"az","@id":"https:\/\/www.meydan.tv\/az\/#\/schema\/logo\/image\/","url":"https:\/\/www.meydan.tv\/wp-content\/uploads\/2021\/07\/meydan-logo.svg","contentUrl":"https:\/\/www.meydan.tv\/wp-content\/uploads\/2021\/07\/meydan-logo.svg","width":195,"height":46,"caption":"Meydan TV"},"image":{"@id":"https:\/\/www.meydan.tv\/az\/#\/schema\/logo\/image\/"}},{"@type":"Person","@id":"https:\/\/www.meydan.tv\/az\/#\/schema\/person\/10d11eccf6da3662cf5fdab9806ea91a","name":"user-manager"}]}},"_links":{"self":[{"href":"https:\/\/www.meydan.tv\/az\/wp-json\/wp\/v2\/posts\/198778","targetHints":{"allow":["GET"]}}],"collection":[{"href":"https:\/\/www.meydan.tv\/az\/wp-json\/wp\/v2\/posts"}],"about":[{"href":"https:\/\/www.meydan.tv\/az\/wp-json\/wp\/v2\/types\/post"}],"author":[{"embeddable":true,"href":"https:\/\/www.meydan.tv\/az\/wp-json\/wp\/v2\/users\/11"}],"replies":[{"embeddable":true,"href":"https:\/\/www.meydan.tv\/az\/wp-json\/wp\/v2\/comments?post=198778"}],"version-history":[{"count":0,"href":"https:\/\/www.meydan.tv\/az\/wp-json\/wp\/v2\/posts\/198778\/revisions"}],"wp:featuredmedia":[{"embeddable":true,"href":"https:\/\/www.meydan.tv\/az\/wp-json\/wp\/v2\/media\/135757"}],"wp:attachment":[{"href":"https:\/\/www.meydan.tv\/az\/wp-json\/wp\/v2\/media?parent=198778"}],"wp:term":[{"taxonomy":"category","embeddable":true,"href":"https:\/\/www.meydan.tv\/az\/wp-json\/wp\/v2\/categories?post=198778"},{"taxonomy":"post_tag","embeddable":true,"href":"https:\/\/www.meydan.tv\/az\/wp-json\/wp\/v2\/tags?post=198778"}],"curies":[{"name":"wp","href":"https:\/\/api.w.org\/{rel}","templated":true}]}}