{"id":198769,"date":"2020-01-13T19:04:42","date_gmt":"2020-01-13T19:04:42","guid":{"rendered":"https:\/\/www.meydan.tv\/article\/avstraliya-bas-nazirinin-tesdiqlenme-reqtinqi-dusur\/"},"modified":"2020-01-13T19:04:42","modified_gmt":"2020-01-13T19:04:42","slug":"avstraliya-bas-nazirinin-tesdiqlenme-reqtinqi-dusur","status":"publish","type":"post","link":"https:\/\/www.meydan.tv\/az\/article\/avstraliya-bas-nazirinin-tesdiqlenme-reqtinqi-dusur\/","title":{"rendered":"Avstraliya Ba\u015f nazirinin t\u0259sdiql\u0259nm\u0259 reytinqi d\u00fc\u015f\u00fcr"},"content":{"rendered":"<p>\n  <i><br \/>\n    Bu, 2018-ci ild\u0259n b\u0259ri \u0259n b\u0259rbad r\u0259y sor\u011fusu n\u0259tic\u0259sidir<br \/>\n  <\/i>\n<\/p>\n<p>\n  Bazar ert\u0259si \u201cNewspoll\u201d t\u0259r\u0259find\u0259n yay\u0131mlanan ara\u015fd\u0131rmaya g\u00f6r\u0259, Ba\u015f nazir Skott (Scott) Morrisona ictimai d\u0259st\u0259k \u0259n a\u015fa\u011f\u0131 s\u0259viyy\u0259y\u0259 enib. \u201cReuters\u201d x\u0259b\u0259r verir ki, buna s\u0259b\u0259b h\u00f6kum\u0259tin Avstraliyan\u0131n me\u015f\u0259 yan\u011f\u0131nlar\u0131 b\u00f6hran\u0131 il\u0259 m\u00fcbariz\u0259sind\u0259 yet\u0259rsiz q\u0259bul edilm\u0259sidir.\n<\/p>\n<p>\n  Yan\u011f\u0131nlarda \u0259n az\u0131 28 n\u0259f\u0259r \u00f6l\u00fcb. 2000 ev da\u011f\u0131d\u0131l\u0131b. Birl\u0259\u015fmi\u015f Krall\u0131\u011f\u0131n t\u0259xmin\u0259n yar\u0131s\u0131 olan 11.2 milyon hektar \u0259razi yan\u011f\u0131nlarda m\u0259hv edilib.\n<\/p>\n<p>\n  Morrison b\u00f6hrana cavab verm\u0259kd\u0259 yava\u015f oldu\u011fu \u00fc\u00e7\u00fcn ictimai q\u0131na\u011fa tu\u015f gelib. Yan\u011f\u0131nlar zaman\u0131 o, ail\u0259siyl\u0259 birlikd\u0259 Havayiy\u0259 t\u0259til\u0259 gedib. Bazar g\u00fcn\u00fc televiziyada \u00e7\u0131x\u0131\u015f\u0131 zaman\u0131, o, bu m\u00fcdd\u0259t \u0259rzind\u0259 bir s\u0131ra s\u0259hvl\u0259r\u0259 yol verdiyini etiraf edib.\n<\/p>\n<p>\n  \u201cBiz Avstraliya xalq\u0131ndan y\u00fcks\u0259k v\u0259 ayd\u0131n e\u015fidil\u0259 bil\u0259c\u0259k mesajlar\u0131 g\u00f6r\u00fcrd\u00fck\u201d, &#8211; x\u0259zin\u0259dar Co\u015f Fraydenberq (Josh Frydenberg) bazar ert\u0259si g\u00fcn\u00fc sor\u011funun n\u0259tic\u0259si il\u0259 \u0259laq\u0259dar veril\u0259n suallar\u0131 cavabland\u0131rark\u0259n deyib\n<\/p>\n<p>\n  \u201cOnlar federal h\u00f6kum\u0259tin t\u0259bii v\u0259 milli f\u0259lak\u0259tl\u0259r\u0259 d\u0259rhal cavab verm\u0259sini g\u00f6rm\u0259k ist\u0259yirl\u0259r\u201d, &#8211; Fraydenberq deyib.\n<\/p>\n<p>\n  \u201cNewspoll\u201d ara\u015fd\u0131rmas\u0131 qeyd edib ki, Morrisona d\u0259st\u0259k 8 faiz\u0259 d\u00fc\u015f\u00fcb. \u018fn son r\u0259y sor\u011fusunda is\u0259 Ba\u015f nazir\u0259 d\u0259st\u0259k 37 faiz olub. Bu r\u0259q\u0259m m\u00fcxalif\u0259td\u0259 olan \u0130\u015f\u00e7i Partiyas\u0131 lideri Antoni Albanizd\u0259n (Anthony Albanese) d\u0259 a\u015fa\u011f\u0131 olub.\n<\/p>\n<p>\n  Bu, Morrisonun 2018-ci ilin avqust ay\u0131nda hakimiyy\u0259td\u0259 olan liberallar\u0131n r\u0259hb\u0259rliyini \u0259l\u0259 ald\u0131qdan sonra \u0259n b\u0259rbad r\u0259y sor\u011fusu n\u0259tic\u0259sidir.\n<\/p>\n<p>\n  Sor\u011fu \u00e7\u0259r\u015f\u0259nb\u0259 g\u00fcn\u00fcnd\u0259n \u015f\u0259nb\u0259 g\u00fcn\u00fcn\u0259 q\u0259d\u0259r 1505 n\u0259f\u0259r aras\u0131nda t\u0259\u015fkil edilib.\n<\/p>\n<p>\n  Sor\u011fu Morrison 2 milyard dollarl\u0131q yan\u011f\u0131n fondunu elan etdikd\u0259n v\u0259 3 minlik ordu rezervini d\u00f6vl\u0259t f\u00f6vq\u0259lad\u0259 i\u015f\u00e7il\u0259rin\u0259 d\u0259st\u0259k verm\u0259y\u0259 \u00e7a\u011f\u0131rd\u0131qdan sonra t\u0259\u015fkil edilib.\n<\/p>\n<p>\n  Bazar g\u00fcn\u00fc Morrison t\u0259klifi Nazirl\u0259r Kabinetin\u0259 g\u00f6t\u00fcr\u0259c\u0259yini b\u0259yan edib. O bildirib ki, b\u00f6hrana reaksiya, federal h\u00f6kum\u0259tin iqlim d\u0259yi\u015fikliyinin t\u0259siri ara\u015fd\u0131r\u0131lmal\u0131d\u0131r.<\/p>\n","protected":false},"excerpt":{"rendered":"<p>Bu, 2018-ci ild\u0259n b\u0259ri \u0259n b\u0259rbad r\u0259y sor\u011fusu n\u0259tic\u0259sidir<\/p>\n","protected":false},"author":11,"featured_media":135732,"comment_status":"closed","ping_status":"open","sticky":false,"template":"","format":"standard","meta":{"_acf_changed":false,"_sitemap_exclude":false,"_sitemap_priority":"","_sitemap_frequency":"","footnotes":""},"categories":[64],"tags":[],"class_list":["post-198769","post","type-post","status-publish","format-standard","has-post-thumbnail","hentry","category-dunya","infinite-scroll-item","generate-columns","tablet-grid-50","mobile-grid-100","grid-parent","grid-33","no-featured-image-padding"],"acf":[],"yoast_head":"<!-- This site is optimized with the Yoast SEO plugin v27.5 - https:\/\/yoast.com\/product\/yoast-seo-wordpress\/ -->\n<title>Avstraliya Ba\u015f nazirinin t\u0259sdiql\u0259nm\u0259 reytinqi d\u00fc\u015f\u00fcr - MEYDAN.TV<\/title>\n<meta name=\"robots\" content=\"index, follow, max-snippet:-1, max-image-preview:large, max-video-preview:-1\" \/>\n<link rel=\"canonical\" href=\"https:\/\/www.meydan.tv\/az\/article\/avstraliya-bas-nazirinin-tesdiqlenme-reqtinqi-dusur\/\" \/>\n<meta property=\"og:locale\" content=\"az_AZ\" \/>\n<meta property=\"og:type\" content=\"article\" \/>\n<meta property=\"og:title\" content=\"Avstraliya Ba\u015f nazirinin t\u0259sdiql\u0259nm\u0259 reytinqi d\u00fc\u015f\u00fcr - MEYDAN.TV\" \/>\n<meta property=\"og:description\" content=\"Bu, 2018-ci ild\u0259n b\u0259ri \u0259n b\u0259rbad r\u0259y sor\u011fusu n\u0259tic\u0259sidir\" \/>\n<meta property=\"og:url\" content=\"https:\/\/www.meydan.tv\/az\/article\/avstraliya-bas-nazirinin-tesdiqlenme-reqtinqi-dusur\/\" \/>\n<meta property=\"og:site_name\" content=\"MEYDAN.TV\" \/>\n<meta property=\"article:published_time\" content=\"2020-01-13T19:04:42+00:00\" \/>\n<meta property=\"og:image\" content=\"https:\/\/www.meydan.tv\/wp-content\/uploads\/aballbbnnqi6vg3aqf6mddhrom.jpg\" \/>\n\t<meta property=\"og:image:width\" content=\"1800\" \/>\n\t<meta property=\"og:image:height\" content=\"1350\" \/>\n\t<meta property=\"og:image:type\" content=\"image\/jpeg\" \/>\n<meta name=\"author\" content=\"user-manager\" \/>\n<meta name=\"twitter:card\" content=\"summary_large_image\" \/>\n<script type=\"application\/ld+json\" class=\"yoast-schema-graph\">{\"@context\":\"https:\\\/\\\/schema.org\",\"@graph\":[{\"@type\":\"Article\",\"@id\":\"https:\\\/\\\/www.meydan.tv\\\/az\\\/article\\\/avstraliya-bas-nazirinin-tesdiqlenme-reqtinqi-dusur\\\/#article\",\"isPartOf\":{\"@id\":\"https:\\\/\\\/www.meydan.tv\\\/az\\\/article\\\/avstraliya-bas-nazirinin-tesdiqlenme-reqtinqi-dusur\\\/\"},\"author\":{\"name\":\"user-manager\",\"@id\":\"https:\\\/\\\/www.meydan.tv\\\/az\\\/#\\\/schema\\\/person\\\/10d11eccf6da3662cf5fdab9806ea91a\"},\"headline\":\"Avstraliya Ba\u015f nazirinin t\u0259sdiql\u0259nm\u0259 reytinqi d\u00fc\u015f\u00fcr\",\"datePublished\":\"2020-01-13T19:04:42+00:00\",\"mainEntityOfPage\":{\"@id\":\"https:\\\/\\\/www.meydan.tv\\\/az\\\/article\\\/avstraliya-bas-nazirinin-tesdiqlenme-reqtinqi-dusur\\\/\"},\"wordCount\":418,\"publisher\":{\"@id\":\"https:\\\/\\\/www.meydan.tv\\\/az\\\/#organization\"},\"image\":{\"@id\":\"https:\\\/\\\/www.meydan.tv\\\/az\\\/article\\\/avstraliya-bas-nazirinin-tesdiqlenme-reqtinqi-dusur\\\/#primaryimage\"},\"thumbnailUrl\":\"https:\\\/\\\/www.meydan.tv\\\/wp-content\\\/uploads\\\/aballbbnnqi6vg3aqf6mddhrom.jpg\",\"articleSection\":[\"D\u00fcnya\"],\"inLanguage\":\"az\"},{\"@type\":\"WebPage\",\"@id\":\"https:\\\/\\\/www.meydan.tv\\\/az\\\/article\\\/avstraliya-bas-nazirinin-tesdiqlenme-reqtinqi-dusur\\\/\",\"url\":\"https:\\\/\\\/www.meydan.tv\\\/az\\\/article\\\/avstraliya-bas-nazirinin-tesdiqlenme-reqtinqi-dusur\\\/\",\"name\":\"Avstraliya Ba\u015f nazirinin t\u0259sdiql\u0259nm\u0259 reytinqi d\u00fc\u015f\u00fcr - MEYDAN.TV\",\"isPartOf\":{\"@id\":\"https:\\\/\\\/www.meydan.tv\\\/az\\\/#website\"},\"primaryImageOfPage\":{\"@id\":\"https:\\\/\\\/www.meydan.tv\\\/az\\\/article\\\/avstraliya-bas-nazirinin-tesdiqlenme-reqtinqi-dusur\\\/#primaryimage\"},\"image\":{\"@id\":\"https:\\\/\\\/www.meydan.tv\\\/az\\\/article\\\/avstraliya-bas-nazirinin-tesdiqlenme-reqtinqi-dusur\\\/#primaryimage\"},\"thumbnailUrl\":\"https:\\\/\\\/www.meydan.tv\\\/wp-content\\\/uploads\\\/aballbbnnqi6vg3aqf6mddhrom.jpg\",\"datePublished\":\"2020-01-13T19:04:42+00:00\",\"breadcrumb\":{\"@id\":\"https:\\\/\\\/www.meydan.tv\\\/az\\\/article\\\/avstraliya-bas-nazirinin-tesdiqlenme-reqtinqi-dusur\\\/#breadcrumb\"},\"inLanguage\":\"az\",\"potentialAction\":[{\"@type\":\"ReadAction\",\"target\":[\"https:\\\/\\\/www.meydan.tv\\\/az\\\/article\\\/avstraliya-bas-nazirinin-tesdiqlenme-reqtinqi-dusur\\\/\"]}]},{\"@type\":\"ImageObject\",\"inLanguage\":\"az\",\"@id\":\"https:\\\/\\\/www.meydan.tv\\\/az\\\/article\\\/avstraliya-bas-nazirinin-tesdiqlenme-reqtinqi-dusur\\\/#primaryimage\",\"url\":\"https:\\\/\\\/www.meydan.tv\\\/wp-content\\\/uploads\\\/aballbbnnqi6vg3aqf6mddhrom.jpg\",\"contentUrl\":\"https:\\\/\\\/www.meydan.tv\\\/wp-content\\\/uploads\\\/aballbbnnqi6vg3aqf6mddhrom.jpg\",\"width\":1800,\"height\":1350,\"caption\":\"Source: google\"},{\"@type\":\"BreadcrumbList\",\"@id\":\"https:\\\/\\\/www.meydan.tv\\\/az\\\/article\\\/avstraliya-bas-nazirinin-tesdiqlenme-reqtinqi-dusur\\\/#breadcrumb\",\"itemListElement\":[{\"@type\":\"ListItem\",\"position\":1,\"name\":\"Ana s\u0259hif\u0259\",\"item\":\"https:\\\/\\\/www.meydan.tv\\\/az\\\/\"},{\"@type\":\"ListItem\",\"position\":2,\"name\":\"D\u00fcnya\",\"item\":\"https:\\\/\\\/www.meydan.tv\\\/az\\\/section\\\/dunya\\\/\"},{\"@type\":\"ListItem\",\"position\":3,\"name\":\"Avstraliya Ba\u015f nazirinin t\u0259sdiql\u0259nm\u0259 reytinqi d\u00fc\u015f\u00fcr\"}]},{\"@type\":\"WebSite\",\"@id\":\"https:\\\/\\\/www.meydan.tv\\\/az\\\/#website\",\"url\":\"https:\\\/\\\/www.meydan.tv\\\/az\\\/\",\"name\":\"MEYDAN.TV\",\"description\":\"Meydan TV Az\u0259rbaycan\u0131n media m\u0259kan\u0131ndak\u0131 alternativ s\u0259sidir\",\"publisher\":{\"@id\":\"https:\\\/\\\/www.meydan.tv\\\/az\\\/#organization\"},\"potentialAction\":[{\"@type\":\"SearchAction\",\"target\":{\"@type\":\"EntryPoint\",\"urlTemplate\":\"https:\\\/\\\/www.meydan.tv\\\/az\\\/?s={search_term_string}\"},\"query-input\":{\"@type\":\"PropertyValueSpecification\",\"valueRequired\":true,\"valueName\":\"search_term_string\"}}],\"inLanguage\":\"az\"},{\"@type\":\"Organization\",\"@id\":\"https:\\\/\\\/www.meydan.tv\\\/az\\\/#organization\",\"name\":\"Meydan TV\",\"url\":\"https:\\\/\\\/www.meydan.tv\\\/az\\\/\",\"logo\":{\"@type\":\"ImageObject\",\"inLanguage\":\"az\",\"@id\":\"https:\\\/\\\/www.meydan.tv\\\/az\\\/#\\\/schema\\\/logo\\\/image\\\/\",\"url\":\"https:\\\/\\\/www.meydan.tv\\\/wp-content\\\/uploads\\\/2021\\\/07\\\/meydan-logo.svg\",\"contentUrl\":\"https:\\\/\\\/www.meydan.tv\\\/wp-content\\\/uploads\\\/2021\\\/07\\\/meydan-logo.svg\",\"width\":195,\"height\":46,\"caption\":\"Meydan TV\"},\"image\":{\"@id\":\"https:\\\/\\\/www.meydan.tv\\\/az\\\/#\\\/schema\\\/logo\\\/image\\\/\"}},{\"@type\":\"Person\",\"@id\":\"https:\\\/\\\/www.meydan.tv\\\/az\\\/#\\\/schema\\\/person\\\/10d11eccf6da3662cf5fdab9806ea91a\",\"name\":\"user-manager\"}]}<\/script>\n<!-- \/ Yoast SEO plugin. -->","yoast_head_json":{"title":"Avstraliya Ba\u015f nazirinin t\u0259sdiql\u0259nm\u0259 reytinqi d\u00fc\u015f\u00fcr - MEYDAN.TV","robots":{"index":"index","follow":"follow","max-snippet":"max-snippet:-1","max-image-preview":"max-image-preview:large","max-video-preview":"max-video-preview:-1"},"canonical":"https:\/\/www.meydan.tv\/az\/article\/avstraliya-bas-nazirinin-tesdiqlenme-reqtinqi-dusur\/","og_locale":"az_AZ","og_type":"article","og_title":"Avstraliya Ba\u015f nazirinin t\u0259sdiql\u0259nm\u0259 reytinqi d\u00fc\u015f\u00fcr - MEYDAN.TV","og_description":"Bu, 2018-ci ild\u0259n b\u0259ri \u0259n b\u0259rbad r\u0259y sor\u011fusu n\u0259tic\u0259sidir","og_url":"https:\/\/www.meydan.tv\/az\/article\/avstraliya-bas-nazirinin-tesdiqlenme-reqtinqi-dusur\/","og_site_name":"MEYDAN.TV","article_published_time":"2020-01-13T19:04:42+00:00","og_image":[{"width":1800,"height":1350,"url":"https:\/\/www.meydan.tv\/wp-content\/uploads\/aballbbnnqi6vg3aqf6mddhrom.jpg","type":"image\/jpeg"}],"author":"user-manager","twitter_card":"summary_large_image","schema":{"@context":"https:\/\/schema.org","@graph":[{"@type":"Article","@id":"https:\/\/www.meydan.tv\/az\/article\/avstraliya-bas-nazirinin-tesdiqlenme-reqtinqi-dusur\/#article","isPartOf":{"@id":"https:\/\/www.meydan.tv\/az\/article\/avstraliya-bas-nazirinin-tesdiqlenme-reqtinqi-dusur\/"},"author":{"name":"user-manager","@id":"https:\/\/www.meydan.tv\/az\/#\/schema\/person\/10d11eccf6da3662cf5fdab9806ea91a"},"headline":"Avstraliya Ba\u015f nazirinin t\u0259sdiql\u0259nm\u0259 reytinqi d\u00fc\u015f\u00fcr","datePublished":"2020-01-13T19:04:42+00:00","mainEntityOfPage":{"@id":"https:\/\/www.meydan.tv\/az\/article\/avstraliya-bas-nazirinin-tesdiqlenme-reqtinqi-dusur\/"},"wordCount":418,"publisher":{"@id":"https:\/\/www.meydan.tv\/az\/#organization"},"image":{"@id":"https:\/\/www.meydan.tv\/az\/article\/avstraliya-bas-nazirinin-tesdiqlenme-reqtinqi-dusur\/#primaryimage"},"thumbnailUrl":"https:\/\/www.meydan.tv\/wp-content\/uploads\/aballbbnnqi6vg3aqf6mddhrom.jpg","articleSection":["D\u00fcnya"],"inLanguage":"az"},{"@type":"WebPage","@id":"https:\/\/www.meydan.tv\/az\/article\/avstraliya-bas-nazirinin-tesdiqlenme-reqtinqi-dusur\/","url":"https:\/\/www.meydan.tv\/az\/article\/avstraliya-bas-nazirinin-tesdiqlenme-reqtinqi-dusur\/","name":"Avstraliya Ba\u015f nazirinin t\u0259sdiql\u0259nm\u0259 reytinqi d\u00fc\u015f\u00fcr - MEYDAN.TV","isPartOf":{"@id":"https:\/\/www.meydan.tv\/az\/#website"},"primaryImageOfPage":{"@id":"https:\/\/www.meydan.tv\/az\/article\/avstraliya-bas-nazirinin-tesdiqlenme-reqtinqi-dusur\/#primaryimage"},"image":{"@id":"https:\/\/www.meydan.tv\/az\/article\/avstraliya-bas-nazirinin-tesdiqlenme-reqtinqi-dusur\/#primaryimage"},"thumbnailUrl":"https:\/\/www.meydan.tv\/wp-content\/uploads\/aballbbnnqi6vg3aqf6mddhrom.jpg","datePublished":"2020-01-13T19:04:42+00:00","breadcrumb":{"@id":"https:\/\/www.meydan.tv\/az\/article\/avstraliya-bas-nazirinin-tesdiqlenme-reqtinqi-dusur\/#breadcrumb"},"inLanguage":"az","potentialAction":[{"@type":"ReadAction","target":["https:\/\/www.meydan.tv\/az\/article\/avstraliya-bas-nazirinin-tesdiqlenme-reqtinqi-dusur\/"]}]},{"@type":"ImageObject","inLanguage":"az","@id":"https:\/\/www.meydan.tv\/az\/article\/avstraliya-bas-nazirinin-tesdiqlenme-reqtinqi-dusur\/#primaryimage","url":"https:\/\/www.meydan.tv\/wp-content\/uploads\/aballbbnnqi6vg3aqf6mddhrom.jpg","contentUrl":"https:\/\/www.meydan.tv\/wp-content\/uploads\/aballbbnnqi6vg3aqf6mddhrom.jpg","width":1800,"height":1350,"caption":"Source: google"},{"@type":"BreadcrumbList","@id":"https:\/\/www.meydan.tv\/az\/article\/avstraliya-bas-nazirinin-tesdiqlenme-reqtinqi-dusur\/#breadcrumb","itemListElement":[{"@type":"ListItem","position":1,"name":"Ana s\u0259hif\u0259","item":"https:\/\/www.meydan.tv\/az\/"},{"@type":"ListItem","position":2,"name":"D\u00fcnya","item":"https:\/\/www.meydan.tv\/az\/section\/dunya\/"},{"@type":"ListItem","position":3,"name":"Avstraliya Ba\u015f nazirinin t\u0259sdiql\u0259nm\u0259 reytinqi d\u00fc\u015f\u00fcr"}]},{"@type":"WebSite","@id":"https:\/\/www.meydan.tv\/az\/#website","url":"https:\/\/www.meydan.tv\/az\/","name":"MEYDAN.TV","description":"Meydan TV Az\u0259rbaycan\u0131n media m\u0259kan\u0131ndak\u0131 alternativ s\u0259sidir","publisher":{"@id":"https:\/\/www.meydan.tv\/az\/#organization"},"potentialAction":[{"@type":"SearchAction","target":{"@type":"EntryPoint","urlTemplate":"https:\/\/www.meydan.tv\/az\/?s={search_term_string}"},"query-input":{"@type":"PropertyValueSpecification","valueRequired":true,"valueName":"search_term_string"}}],"inLanguage":"az"},{"@type":"Organization","@id":"https:\/\/www.meydan.tv\/az\/#organization","name":"Meydan TV","url":"https:\/\/www.meydan.tv\/az\/","logo":{"@type":"ImageObject","inLanguage":"az","@id":"https:\/\/www.meydan.tv\/az\/#\/schema\/logo\/image\/","url":"https:\/\/www.meydan.tv\/wp-content\/uploads\/2021\/07\/meydan-logo.svg","contentUrl":"https:\/\/www.meydan.tv\/wp-content\/uploads\/2021\/07\/meydan-logo.svg","width":195,"height":46,"caption":"Meydan TV"},"image":{"@id":"https:\/\/www.meydan.tv\/az\/#\/schema\/logo\/image\/"}},{"@type":"Person","@id":"https:\/\/www.meydan.tv\/az\/#\/schema\/person\/10d11eccf6da3662cf5fdab9806ea91a","name":"user-manager"}]}},"_links":{"self":[{"href":"https:\/\/www.meydan.tv\/az\/wp-json\/wp\/v2\/posts\/198769","targetHints":{"allow":["GET"]}}],"collection":[{"href":"https:\/\/www.meydan.tv\/az\/wp-json\/wp\/v2\/posts"}],"about":[{"href":"https:\/\/www.meydan.tv\/az\/wp-json\/wp\/v2\/types\/post"}],"author":[{"embeddable":true,"href":"https:\/\/www.meydan.tv\/az\/wp-json\/wp\/v2\/users\/11"}],"replies":[{"embeddable":true,"href":"https:\/\/www.meydan.tv\/az\/wp-json\/wp\/v2\/comments?post=198769"}],"version-history":[{"count":0,"href":"https:\/\/www.meydan.tv\/az\/wp-json\/wp\/v2\/posts\/198769\/revisions"}],"wp:featuredmedia":[{"embeddable":true,"href":"https:\/\/www.meydan.tv\/az\/wp-json\/wp\/v2\/media\/135732"}],"wp:attachment":[{"href":"https:\/\/www.meydan.tv\/az\/wp-json\/wp\/v2\/media?parent=198769"}],"wp:term":[{"taxonomy":"category","embeddable":true,"href":"https:\/\/www.meydan.tv\/az\/wp-json\/wp\/v2\/categories?post=198769"},{"taxonomy":"post_tag","embeddable":true,"href":"https:\/\/www.meydan.tv\/az\/wp-json\/wp\/v2\/tags?post=198769"}],"curies":[{"name":"wp","href":"https:\/\/api.w.org\/{rel}","templated":true}]}}