{"id":198767,"date":"2020-01-13T17:09:25","date_gmt":"2020-01-13T17:09:25","guid":{"rendered":"https:\/\/www.meydan.tv\/article\/iran-numayiscileri-teyyare-qezasi-ile-bagli-kucelere-axisib\/"},"modified":"2020-01-13T17:09:25","modified_gmt":"2020-01-13T17:09:25","slug":"iran-numayiscileri-teyyare-qezasi-ile-bagli-kucelere-axisib","status":"publish","type":"post","link":"https:\/\/www.meydan.tv\/az\/article\/iran-numayiscileri-teyyare-qezasi-ile-bagli-kucelere-axisib\/","title":{"rendered":"\u0130ran n\u00fcmayi\u015f\u00e7il\u0259ri t\u0259yyar\u0259 q\u0259zas\u0131 il\u0259 ba\u011fl\u0131 k\u00fc\u00e7\u0259l\u0259r\u0259 ax\u0131\u015f\u0131b"},"content":{"rendered":"<p>\n  <i><br \/>\n    Sosial mediada yay\u0131mlanan videolarda \u201cDiktatora \u00f6l\u00fcm!\u201d \u015f\u00fcarlar\u0131 s\u0259sl\u0259nir<br \/>\n  <\/i>\n<\/p>\n<p>\n  N\u00fcmayi\u015f\u00e7il\u0259r bazar ert\u0259si g\u00fcn\u00fc, etirazlar\u0131n \u00fc\u00e7\u00fcnc\u00fc g\u00fcn\u00fcnd\u0259 \u0130ran k\u00fc\u00e7\u0259l\u0259rin\u0259 ax\u0131\u015faraq h\u00f6kum\u0259tin AB\u015e il\u0259 qar\u015f\u0131durma \u0259snas\u0131nda s\u0259rni\u015fin t\u0259yyar\u0259sini t\u0259sad\u00fcf\u0259n vurduqlar\u0131n\u0131 etiraf etm\u0259sin\u0259 qar\u015f\u0131 etirazlar\u0131n\u0131 bildirib, -\u201cReuters\u201d x\u0259b\u0259r verir.\n<\/p>\n<p>\n  \u0130randan \u0259ld\u0259 edil\u0259n videoda iki g\u00fcn davam ed\u0259n h\u00f6kum\u0259t \u0259leyhin\u0259 n\u00fcmayi\u015fl\u0259rd\u0259n sonra \u00e7evik polisl\u0259rin v\u0259 etiraz\u00e7\u0131lar\u0131n h\u0259l\u0259 d\u0259 k\u00fc\u00e7\u0259l\u0259rd\u0259 oldu\u011fu g\u00f6r\u00fcn\u00fcr. \u00d6nc\u0259ki etirazlar\u0131n g\u00f6r\u00fcnt\u00fcl\u0259rind\u0259 ali lider\u0259 qar\u015f\u0131 \u015f\u00fcarlar s\u0259sl\u0259ndirilib, k\u00fc\u00e7\u0259l\u0259rd\u0259 qan hovuzlar\u0131 g\u00f6r\u00fcnt\u00fcl\u0259nib v\u0259 havada silah s\u0259sl\u0259ri e\u015fidilib.\n<\/p>\n<p>\n  Hakimiyy\u0259t n\u00fcmay\u0259nd\u0259l\u0259ri polisin at\u0259\u015f a\u00e7d\u0131\u011f\u0131n\u0131 inkar edib. AB\u015e prezidenti Donald Tramp \u201cTweet\u201d ed\u0259r\u0259k \u201cetiraz\u00e7\u0131lar\u0131 \u00f6ld\u00fcrm\u0259yin\u201d deyib.\n<\/p>\n<p>\n  \u0130ran h\u00f6kum\u0259tin\u0259 qar\u015f\u0131 t\u0259\u015fkil edilmi\u015f n\u00fcmayi\u015fl\u0259r 1979-cu il \u0130ran inqilab\u0131ndan b\u0259ri AB\u015e v\u0259 \u0130ran aras\u0131nda ba\u015f vermi\u015f eskalasiyan\u0131n \u0259n son manevras\u0131 hesab edilir.\n<\/p>\n<p>\n  Tehran \u00e7\u0259r\u015f\u0259nb\u0259 g\u00fcn\u00fc 176 n\u0259f\u0259rin \u00f6l\u00fcm\u00fc il\u0259 n\u0259tic\u0259l\u0259nmi\u015f Ukrayna t\u0259yyar\u0259sini s\u0259hv\u0259n vurdu\u011funu etiraf edib. Bundan \u00f6nc\u0259 \u0130ran Tramp\u0131n \u0259mriyl\u0259 \u0130ran\u0131n \u0259n g\u00fccl\u00fc h\u0259rbi komandirini \u00f6ld\u00fcrm\u0259sin\u0259 cavab olaraq AB\u015e-\u0131n b\u00f6lg\u0259d\u0259ki bazalar\u0131na at\u0259\u015f a\u00e7m\u0131\u015fd\u0131.\n<\/p>\n<p>\n  \u0130ran\u0131n ictimai q\u0259z\u0259bi \u0130ran hakimiyy\u0259ti \u015f\u0259nb\u0259 g\u00fcn\u00fcn\u0259 q\u0259d\u0259r q\u0259zan\u0131n m\u0259suliyy\u0259tini q\u0259bul etm\u0259diyi \u00fc\u00e7\u00fcn g\u00fcnl\u0259rdir davam edir. \u015e\u0259nb\u0259 g\u00fcn\u00fc \u0130ran h\u0259rb\u00e7il\u0259ri q\u0259zada \u00f6z rolunu etiraf edib.\n<\/p>\n<p>\n  Bazar g\u00fcn\u00fc ax\u015fam saatlar\u0131nda yay\u0131mlanan videolarda Tehran\u0131n Azadi Meydan\u0131nda ke\u00e7irilmi\u015f n\u00fcmayi\u015fl\u0259rin yax\u0131nl\u0131\u011f\u0131nda silah s\u0259sl\u0259ri qeyd\u0259 al\u0131n\u0131b. Yaral\u0131lar insanlar t\u0259r\u0259find\u0259n da\u015f\u0131n\u0131r v\u0259 t\u0259hl\u00fck\u0259sizlik i\u015f\u00e7il\u0259rinin t\u00fcf\u0259ngl\u0259 \u0259trafda \u015f\u00fct\u00fcd\u00fcy\u00fc g\u00f6r\u00fcn\u00fcr. Dig\u0259r postlarda yax\u0131nl\u0131qdak\u0131 insanlar\u0131n \u00e7evik polisl\u0259r\u0259 do\u011fru s\u0259sl\u0259ri e\u015fidilir,: \u201cOnlar\u0131 d\u00f6ym\u0259!\u201d\n<\/p>\n<p>\n  Sosial mediada yay\u0131mlanan videolarda \u201cDiktatora \u00f6l\u00fcm!\u201d \u015f\u00fcarlar\u0131 s\u0259sl\u0259nir. Etiraz\u00e7\u0131lar\u0131n q\u0259z\u0259binin Ali lider Ay\u0259tullah \u018fli Xameney v\u0259 dini sistem\u0259 qar\u015f\u0131 y\u00f6n\u0259ldiyi bildirilir.\n<\/p>\n<p>\n  \u201cOnlar elitam\u0131z\u0131 \u00f6ld\u00fcrd\u00fcl\u0259r v\u0259 onlar\u0131 din xadiml\u0259ri il\u0259 \u0259v\u0259z etdil\u0259r\u201d,- n\u00fcmayi\u015f\u00e7il\u0259r bazar ert\u0259si g\u00fcn\u00fc bir universitetin qar\u015f\u0131s\u0131nda t\u0259\u015fkil edilmi\u015f etiraz n\u00fcmayi\u015find\u0259 bildiribl\u0259r. Onlar\u0131n a\u00e7\u0131q \u015f\u0259kild\u0259 u\u00e7u\u015fda \u00f6ld\u00fcr\u00fcl\u0259nl\u0259r aras\u0131nda olan, Kanadaya t\u0259hsil\u0259 qay\u0131dan iranl\u0131 t\u0259l\u0259b\u0259l\u0259r\u0259 istinad etdiyi bildirilir.\n<\/p>\n<p>\n  \u201cReuters\u201d g\u00f6r\u00fcnt\u00fcl\u0259ri m\u00fcst\u0259qil olaraq t\u0259sdiq ed\u0259 bilmir. D\u00f6vl\u0259t\u0259 ba\u011fl\u0131 media qurumlar\u0131 \u015f\u0259nb\u0259 v\u0259 bazar g\u00fcnl\u0259ri Tehranda v\u0259 dig\u0259r \u015f\u0259h\u0259rl\u0259rd\u0259 ba\u015f tutmu\u015f etirazlar\u0131 \u0259lav\u0259 m\u0259lumat verm\u0259d\u0259n yay\u0131b.\n<\/p>\n<p>\n  \u201cEtiraz aksiyalar\u0131nda polis q\u0259tiyy\u0259n at\u0259\u015f a\u00e7m\u0131rd\u0131, \u00e7\u00fcnk\u00fc paytaxtdak\u0131 polis m\u0259murlar\u0131 t\u0259mkinli olmaq \u0259mrl\u0259rini yerin\u0259 yetirirdi\u201d, -Tehran polisinin r\u0259hb\u0259ri H\u00fcseyin R\u0259himi d\u00f6vl\u0259t televiziyas\u0131na verdiyi a\u00e7\u0131qlamada bildirib.\n<\/p>\n<p>\n  \u0130ran\u0131n AB\u015e-la hesabla\u015fmas\u0131 Tehrandak\u0131 h\u00f6kum\u0259t v\u0259 Yax\u0131n \u015e\u0259rqd\u0259ki m\u00fctt\u0259fiql\u0259r \u00fc\u00e7\u00fcn t\u0259hl\u00fck\u0259li bir vaxta t\u0259sad\u00fcf edir. Bundan \u00f6nc\u0259 Tramp\u0131n t\u0259tbiq etdiyi sanksiyalar \u0130ran iqtisadiyyat\u0131na ciddi z\u0259rb\u0259 endirib.\n<\/p>\n<p>\n  \u00d6t\u0259n ilin noyabr\u0131nda \u0130ran hakimiyy\u0259ti 1979-cu il inqilab\u0131ndan b\u0259ri h\u00f6kum\u0259t \u0259leyhin\u0259 t\u0259\u015fkil edilmi\u015f \u0259n g\u0259rgin etirazlarda y\u00fczl\u0259rl\u0259 etiraz\u00e7\u0131n\u0131 q\u0259tl\u0259 yetirib.<\/p>\n","protected":false},"excerpt":{"rendered":"<p>Etiraz\u00e7\u0131lar\u0131n q\u0259z\u0259binin Ali lider Ay\u0259tullah \u018fli Xameney v\u0259 dini sistem\u0259 qar\u015f\u0131 y\u00f6n\u0259ldiyi bildirilir<\/p>\n","protected":false},"author":11,"featured_media":135736,"comment_status":"closed","ping_status":"open","sticky":false,"template":"","format":"standard","meta":{"_acf_changed":false,"_sitemap_exclude":false,"_sitemap_priority":"","_sitemap_frequency":"","footnotes":""},"categories":[64],"tags":[],"class_list":["post-198767","post","type-post","status-publish","format-standard","has-post-thumbnail","hentry","category-dunya","infinite-scroll-item","generate-columns","tablet-grid-50","mobile-grid-100","grid-parent","grid-33","no-featured-image-padding"],"acf":[],"yoast_head":"<!-- This site is optimized with the Yoast SEO plugin v27.5 - https:\/\/yoast.com\/product\/yoast-seo-wordpress\/ -->\n<title>\u0130ran n\u00fcmayi\u015f\u00e7il\u0259ri t\u0259yyar\u0259 q\u0259zas\u0131 il\u0259 ba\u011fl\u0131 k\u00fc\u00e7\u0259l\u0259r\u0259 ax\u0131\u015f\u0131b - MEYDAN.TV<\/title>\n<meta name=\"robots\" content=\"index, follow, max-snippet:-1, max-image-preview:large, max-video-preview:-1\" \/>\n<link rel=\"canonical\" href=\"https:\/\/www.meydan.tv\/az\/article\/iran-numayiscileri-teyyare-qezasi-ile-bagli-kucelere-axisib\/\" \/>\n<meta property=\"og:locale\" content=\"az_AZ\" \/>\n<meta property=\"og:type\" content=\"article\" \/>\n<meta property=\"og:title\" content=\"\u0130ran n\u00fcmayi\u015f\u00e7il\u0259ri t\u0259yyar\u0259 q\u0259zas\u0131 il\u0259 ba\u011fl\u0131 k\u00fc\u00e7\u0259l\u0259r\u0259 ax\u0131\u015f\u0131b - MEYDAN.TV\" \/>\n<meta property=\"og:description\" content=\"Etiraz\u00e7\u0131lar\u0131n q\u0259z\u0259binin Ali lider Ay\u0259tullah \u018fli Xameney v\u0259 dini sistem\u0259 qar\u015f\u0131 y\u00f6n\u0259ldiyi bildirilir\" \/>\n<meta property=\"og:url\" content=\"https:\/\/www.meydan.tv\/az\/article\/iran-numayiscileri-teyyare-qezasi-ile-bagli-kucelere-axisib\/\" \/>\n<meta property=\"og:site_name\" content=\"MEYDAN.TV\" \/>\n<meta property=\"article:published_time\" content=\"2020-01-13T17:09:25+00:00\" \/>\n<meta property=\"og:image\" content=\"https:\/\/www.meydan.tv\/wp-content\/uploads\/afp_iran_woman.jpg\" \/>\n\t<meta property=\"og:image:width\" content=\"892\" \/>\n\t<meta property=\"og:image:height\" content=\"501\" \/>\n\t<meta property=\"og:image:type\" content=\"image\/jpeg\" \/>\n<meta name=\"author\" content=\"user-manager\" \/>\n<meta name=\"twitter:card\" content=\"summary_large_image\" \/>\n<script type=\"application\/ld+json\" class=\"yoast-schema-graph\">{\"@context\":\"https:\\\/\\\/schema.org\",\"@graph\":[{\"@type\":\"Article\",\"@id\":\"https:\\\/\\\/www.meydan.tv\\\/az\\\/article\\\/iran-numayiscileri-teyyare-qezasi-ile-bagli-kucelere-axisib\\\/#article\",\"isPartOf\":{\"@id\":\"https:\\\/\\\/www.meydan.tv\\\/az\\\/article\\\/iran-numayiscileri-teyyare-qezasi-ile-bagli-kucelere-axisib\\\/\"},\"author\":{\"name\":\"user-manager\",\"@id\":\"https:\\\/\\\/www.meydan.tv\\\/az\\\/#\\\/schema\\\/person\\\/10d11eccf6da3662cf5fdab9806ea91a\"},\"headline\":\"\u0130ran n\u00fcmayi\u015f\u00e7il\u0259ri t\u0259yyar\u0259 q\u0259zas\u0131 il\u0259 ba\u011fl\u0131 k\u00fc\u00e7\u0259l\u0259r\u0259 ax\u0131\u015f\u0131b\",\"datePublished\":\"2020-01-13T17:09:25+00:00\",\"mainEntityOfPage\":{\"@id\":\"https:\\\/\\\/www.meydan.tv\\\/az\\\/article\\\/iran-numayiscileri-teyyare-qezasi-ile-bagli-kucelere-axisib\\\/\"},\"wordCount\":672,\"publisher\":{\"@id\":\"https:\\\/\\\/www.meydan.tv\\\/az\\\/#organization\"},\"image\":{\"@id\":\"https:\\\/\\\/www.meydan.tv\\\/az\\\/article\\\/iran-numayiscileri-teyyare-qezasi-ile-bagli-kucelere-axisib\\\/#primaryimage\"},\"thumbnailUrl\":\"https:\\\/\\\/www.meydan.tv\\\/wp-content\\\/uploads\\\/afp_iran_woman.jpg\",\"articleSection\":[\"D\u00fcnya\"],\"inLanguage\":\"az\"},{\"@type\":\"WebPage\",\"@id\":\"https:\\\/\\\/www.meydan.tv\\\/az\\\/article\\\/iran-numayiscileri-teyyare-qezasi-ile-bagli-kucelere-axisib\\\/\",\"url\":\"https:\\\/\\\/www.meydan.tv\\\/az\\\/article\\\/iran-numayiscileri-teyyare-qezasi-ile-bagli-kucelere-axisib\\\/\",\"name\":\"\u0130ran n\u00fcmayi\u015f\u00e7il\u0259ri t\u0259yyar\u0259 q\u0259zas\u0131 il\u0259 ba\u011fl\u0131 k\u00fc\u00e7\u0259l\u0259r\u0259 ax\u0131\u015f\u0131b - MEYDAN.TV\",\"isPartOf\":{\"@id\":\"https:\\\/\\\/www.meydan.tv\\\/az\\\/#website\"},\"primaryImageOfPage\":{\"@id\":\"https:\\\/\\\/www.meydan.tv\\\/az\\\/article\\\/iran-numayiscileri-teyyare-qezasi-ile-bagli-kucelere-axisib\\\/#primaryimage\"},\"image\":{\"@id\":\"https:\\\/\\\/www.meydan.tv\\\/az\\\/article\\\/iran-numayiscileri-teyyare-qezasi-ile-bagli-kucelere-axisib\\\/#primaryimage\"},\"thumbnailUrl\":\"https:\\\/\\\/www.meydan.tv\\\/wp-content\\\/uploads\\\/afp_iran_woman.jpg\",\"datePublished\":\"2020-01-13T17:09:25+00:00\",\"breadcrumb\":{\"@id\":\"https:\\\/\\\/www.meydan.tv\\\/az\\\/article\\\/iran-numayiscileri-teyyare-qezasi-ile-bagli-kucelere-axisib\\\/#breadcrumb\"},\"inLanguage\":\"az\",\"potentialAction\":[{\"@type\":\"ReadAction\",\"target\":[\"https:\\\/\\\/www.meydan.tv\\\/az\\\/article\\\/iran-numayiscileri-teyyare-qezasi-ile-bagli-kucelere-axisib\\\/\"]}]},{\"@type\":\"ImageObject\",\"inLanguage\":\"az\",\"@id\":\"https:\\\/\\\/www.meydan.tv\\\/az\\\/article\\\/iran-numayiscileri-teyyare-qezasi-ile-bagli-kucelere-axisib\\\/#primaryimage\",\"url\":\"https:\\\/\\\/www.meydan.tv\\\/wp-content\\\/uploads\\\/afp_iran_woman.jpg\",\"contentUrl\":\"https:\\\/\\\/www.meydan.tv\\\/wp-content\\\/uploads\\\/afp_iran_woman.jpg\",\"width\":892,\"height\":501,\"caption\":\"Source: Reuters\"},{\"@type\":\"BreadcrumbList\",\"@id\":\"https:\\\/\\\/www.meydan.tv\\\/az\\\/article\\\/iran-numayiscileri-teyyare-qezasi-ile-bagli-kucelere-axisib\\\/#breadcrumb\",\"itemListElement\":[{\"@type\":\"ListItem\",\"position\":1,\"name\":\"Ana s\u0259hif\u0259\",\"item\":\"https:\\\/\\\/www.meydan.tv\\\/az\\\/\"},{\"@type\":\"ListItem\",\"position\":2,\"name\":\"D\u00fcnya\",\"item\":\"https:\\\/\\\/www.meydan.tv\\\/az\\\/section\\\/dunya\\\/\"},{\"@type\":\"ListItem\",\"position\":3,\"name\":\"\u0130ran n\u00fcmayi\u015f\u00e7il\u0259ri t\u0259yyar\u0259 q\u0259zas\u0131 il\u0259 ba\u011fl\u0131 k\u00fc\u00e7\u0259l\u0259r\u0259 ax\u0131\u015f\u0131b\"}]},{\"@type\":\"WebSite\",\"@id\":\"https:\\\/\\\/www.meydan.tv\\\/az\\\/#website\",\"url\":\"https:\\\/\\\/www.meydan.tv\\\/az\\\/\",\"name\":\"MEYDAN.TV\",\"description\":\"Meydan TV Az\u0259rbaycan\u0131n media m\u0259kan\u0131ndak\u0131 alternativ s\u0259sidir\",\"publisher\":{\"@id\":\"https:\\\/\\\/www.meydan.tv\\\/az\\\/#organization\"},\"potentialAction\":[{\"@type\":\"SearchAction\",\"target\":{\"@type\":\"EntryPoint\",\"urlTemplate\":\"https:\\\/\\\/www.meydan.tv\\\/az\\\/?s={search_term_string}\"},\"query-input\":{\"@type\":\"PropertyValueSpecification\",\"valueRequired\":true,\"valueName\":\"search_term_string\"}}],\"inLanguage\":\"az\"},{\"@type\":\"Organization\",\"@id\":\"https:\\\/\\\/www.meydan.tv\\\/az\\\/#organization\",\"name\":\"Meydan TV\",\"url\":\"https:\\\/\\\/www.meydan.tv\\\/az\\\/\",\"logo\":{\"@type\":\"ImageObject\",\"inLanguage\":\"az\",\"@id\":\"https:\\\/\\\/www.meydan.tv\\\/az\\\/#\\\/schema\\\/logo\\\/image\\\/\",\"url\":\"https:\\\/\\\/www.meydan.tv\\\/wp-content\\\/uploads\\\/2021\\\/07\\\/meydan-logo.svg\",\"contentUrl\":\"https:\\\/\\\/www.meydan.tv\\\/wp-content\\\/uploads\\\/2021\\\/07\\\/meydan-logo.svg\",\"width\":195,\"height\":46,\"caption\":\"Meydan TV\"},\"image\":{\"@id\":\"https:\\\/\\\/www.meydan.tv\\\/az\\\/#\\\/schema\\\/logo\\\/image\\\/\"}},{\"@type\":\"Person\",\"@id\":\"https:\\\/\\\/www.meydan.tv\\\/az\\\/#\\\/schema\\\/person\\\/10d11eccf6da3662cf5fdab9806ea91a\",\"name\":\"user-manager\"}]}<\/script>\n<!-- \/ Yoast SEO plugin. -->","yoast_head_json":{"title":"\u0130ran n\u00fcmayi\u015f\u00e7il\u0259ri t\u0259yyar\u0259 q\u0259zas\u0131 il\u0259 ba\u011fl\u0131 k\u00fc\u00e7\u0259l\u0259r\u0259 ax\u0131\u015f\u0131b - MEYDAN.TV","robots":{"index":"index","follow":"follow","max-snippet":"max-snippet:-1","max-image-preview":"max-image-preview:large","max-video-preview":"max-video-preview:-1"},"canonical":"https:\/\/www.meydan.tv\/az\/article\/iran-numayiscileri-teyyare-qezasi-ile-bagli-kucelere-axisib\/","og_locale":"az_AZ","og_type":"article","og_title":"\u0130ran n\u00fcmayi\u015f\u00e7il\u0259ri t\u0259yyar\u0259 q\u0259zas\u0131 il\u0259 ba\u011fl\u0131 k\u00fc\u00e7\u0259l\u0259r\u0259 ax\u0131\u015f\u0131b - MEYDAN.TV","og_description":"Etiraz\u00e7\u0131lar\u0131n q\u0259z\u0259binin Ali lider Ay\u0259tullah \u018fli Xameney v\u0259 dini sistem\u0259 qar\u015f\u0131 y\u00f6n\u0259ldiyi bildirilir","og_url":"https:\/\/www.meydan.tv\/az\/article\/iran-numayiscileri-teyyare-qezasi-ile-bagli-kucelere-axisib\/","og_site_name":"MEYDAN.TV","article_published_time":"2020-01-13T17:09:25+00:00","og_image":[{"width":892,"height":501,"url":"https:\/\/www.meydan.tv\/wp-content\/uploads\/afp_iran_woman.jpg","type":"image\/jpeg"}],"author":"user-manager","twitter_card":"summary_large_image","schema":{"@context":"https:\/\/schema.org","@graph":[{"@type":"Article","@id":"https:\/\/www.meydan.tv\/az\/article\/iran-numayiscileri-teyyare-qezasi-ile-bagli-kucelere-axisib\/#article","isPartOf":{"@id":"https:\/\/www.meydan.tv\/az\/article\/iran-numayiscileri-teyyare-qezasi-ile-bagli-kucelere-axisib\/"},"author":{"name":"user-manager","@id":"https:\/\/www.meydan.tv\/az\/#\/schema\/person\/10d11eccf6da3662cf5fdab9806ea91a"},"headline":"\u0130ran n\u00fcmayi\u015f\u00e7il\u0259ri t\u0259yyar\u0259 q\u0259zas\u0131 il\u0259 ba\u011fl\u0131 k\u00fc\u00e7\u0259l\u0259r\u0259 ax\u0131\u015f\u0131b","datePublished":"2020-01-13T17:09:25+00:00","mainEntityOfPage":{"@id":"https:\/\/www.meydan.tv\/az\/article\/iran-numayiscileri-teyyare-qezasi-ile-bagli-kucelere-axisib\/"},"wordCount":672,"publisher":{"@id":"https:\/\/www.meydan.tv\/az\/#organization"},"image":{"@id":"https:\/\/www.meydan.tv\/az\/article\/iran-numayiscileri-teyyare-qezasi-ile-bagli-kucelere-axisib\/#primaryimage"},"thumbnailUrl":"https:\/\/www.meydan.tv\/wp-content\/uploads\/afp_iran_woman.jpg","articleSection":["D\u00fcnya"],"inLanguage":"az"},{"@type":"WebPage","@id":"https:\/\/www.meydan.tv\/az\/article\/iran-numayiscileri-teyyare-qezasi-ile-bagli-kucelere-axisib\/","url":"https:\/\/www.meydan.tv\/az\/article\/iran-numayiscileri-teyyare-qezasi-ile-bagli-kucelere-axisib\/","name":"\u0130ran n\u00fcmayi\u015f\u00e7il\u0259ri t\u0259yyar\u0259 q\u0259zas\u0131 il\u0259 ba\u011fl\u0131 k\u00fc\u00e7\u0259l\u0259r\u0259 ax\u0131\u015f\u0131b - MEYDAN.TV","isPartOf":{"@id":"https:\/\/www.meydan.tv\/az\/#website"},"primaryImageOfPage":{"@id":"https:\/\/www.meydan.tv\/az\/article\/iran-numayiscileri-teyyare-qezasi-ile-bagli-kucelere-axisib\/#primaryimage"},"image":{"@id":"https:\/\/www.meydan.tv\/az\/article\/iran-numayiscileri-teyyare-qezasi-ile-bagli-kucelere-axisib\/#primaryimage"},"thumbnailUrl":"https:\/\/www.meydan.tv\/wp-content\/uploads\/afp_iran_woman.jpg","datePublished":"2020-01-13T17:09:25+00:00","breadcrumb":{"@id":"https:\/\/www.meydan.tv\/az\/article\/iran-numayiscileri-teyyare-qezasi-ile-bagli-kucelere-axisib\/#breadcrumb"},"inLanguage":"az","potentialAction":[{"@type":"ReadAction","target":["https:\/\/www.meydan.tv\/az\/article\/iran-numayiscileri-teyyare-qezasi-ile-bagli-kucelere-axisib\/"]}]},{"@type":"ImageObject","inLanguage":"az","@id":"https:\/\/www.meydan.tv\/az\/article\/iran-numayiscileri-teyyare-qezasi-ile-bagli-kucelere-axisib\/#primaryimage","url":"https:\/\/www.meydan.tv\/wp-content\/uploads\/afp_iran_woman.jpg","contentUrl":"https:\/\/www.meydan.tv\/wp-content\/uploads\/afp_iran_woman.jpg","width":892,"height":501,"caption":"Source: Reuters"},{"@type":"BreadcrumbList","@id":"https:\/\/www.meydan.tv\/az\/article\/iran-numayiscileri-teyyare-qezasi-ile-bagli-kucelere-axisib\/#breadcrumb","itemListElement":[{"@type":"ListItem","position":1,"name":"Ana s\u0259hif\u0259","item":"https:\/\/www.meydan.tv\/az\/"},{"@type":"ListItem","position":2,"name":"D\u00fcnya","item":"https:\/\/www.meydan.tv\/az\/section\/dunya\/"},{"@type":"ListItem","position":3,"name":"\u0130ran n\u00fcmayi\u015f\u00e7il\u0259ri t\u0259yyar\u0259 q\u0259zas\u0131 il\u0259 ba\u011fl\u0131 k\u00fc\u00e7\u0259l\u0259r\u0259 ax\u0131\u015f\u0131b"}]},{"@type":"WebSite","@id":"https:\/\/www.meydan.tv\/az\/#website","url":"https:\/\/www.meydan.tv\/az\/","name":"MEYDAN.TV","description":"Meydan TV Az\u0259rbaycan\u0131n media m\u0259kan\u0131ndak\u0131 alternativ s\u0259sidir","publisher":{"@id":"https:\/\/www.meydan.tv\/az\/#organization"},"potentialAction":[{"@type":"SearchAction","target":{"@type":"EntryPoint","urlTemplate":"https:\/\/www.meydan.tv\/az\/?s={search_term_string}"},"query-input":{"@type":"PropertyValueSpecification","valueRequired":true,"valueName":"search_term_string"}}],"inLanguage":"az"},{"@type":"Organization","@id":"https:\/\/www.meydan.tv\/az\/#organization","name":"Meydan TV","url":"https:\/\/www.meydan.tv\/az\/","logo":{"@type":"ImageObject","inLanguage":"az","@id":"https:\/\/www.meydan.tv\/az\/#\/schema\/logo\/image\/","url":"https:\/\/www.meydan.tv\/wp-content\/uploads\/2021\/07\/meydan-logo.svg","contentUrl":"https:\/\/www.meydan.tv\/wp-content\/uploads\/2021\/07\/meydan-logo.svg","width":195,"height":46,"caption":"Meydan TV"},"image":{"@id":"https:\/\/www.meydan.tv\/az\/#\/schema\/logo\/image\/"}},{"@type":"Person","@id":"https:\/\/www.meydan.tv\/az\/#\/schema\/person\/10d11eccf6da3662cf5fdab9806ea91a","name":"user-manager"}]}},"_links":{"self":[{"href":"https:\/\/www.meydan.tv\/az\/wp-json\/wp\/v2\/posts\/198767","targetHints":{"allow":["GET"]}}],"collection":[{"href":"https:\/\/www.meydan.tv\/az\/wp-json\/wp\/v2\/posts"}],"about":[{"href":"https:\/\/www.meydan.tv\/az\/wp-json\/wp\/v2\/types\/post"}],"author":[{"embeddable":true,"href":"https:\/\/www.meydan.tv\/az\/wp-json\/wp\/v2\/users\/11"}],"replies":[{"embeddable":true,"href":"https:\/\/www.meydan.tv\/az\/wp-json\/wp\/v2\/comments?post=198767"}],"version-history":[{"count":0,"href":"https:\/\/www.meydan.tv\/az\/wp-json\/wp\/v2\/posts\/198767\/revisions"}],"wp:featuredmedia":[{"embeddable":true,"href":"https:\/\/www.meydan.tv\/az\/wp-json\/wp\/v2\/media\/135736"}],"wp:attachment":[{"href":"https:\/\/www.meydan.tv\/az\/wp-json\/wp\/v2\/media?parent=198767"}],"wp:term":[{"taxonomy":"category","embeddable":true,"href":"https:\/\/www.meydan.tv\/az\/wp-json\/wp\/v2\/categories?post=198767"},{"taxonomy":"post_tag","embeddable":true,"href":"https:\/\/www.meydan.tv\/az\/wp-json\/wp\/v2\/tags?post=198767"}],"curies":[{"name":"wp","href":"https:\/\/api.w.org\/{rel}","templated":true}]}}