{"id":198762,"date":"2020-01-13T13:46:48","date_gmt":"2020-01-13T13:46:48","guid":{"rendered":"https:\/\/www.meydan.tv\/article\/bedenime-tok-verirdiler-bita-ile-doyurduler-basimi-agir-ayaqqabi-ile-ezirdiler\/"},"modified":"2020-01-13T13:46:48","modified_gmt":"2020-01-13T13:46:48","slug":"bedenime-tok-verirdiler-bita-ile-doyurduler-basimi-agir-ayaqqabi-ile-ezirdiler","status":"publish","type":"post","link":"https:\/\/www.meydan.tv\/az\/article\/bedenime-tok-verirdiler-bita-ile-doyurduler-basimi-agir-ayaqqabi-ile-ezirdiler\/","title":{"rendered":"\u201cB\u0259d\u0259nim\u0259 \u201ctok\u201d verirdil\u0259r, \u201cbita\u201d il\u0259 d\u00f6y\u00fcrd\u00fcl\u0259r, ba\u015f\u0131m\u0131 a\u011f\u0131r ayaqqab\u0131 il\u0259 \u0259zirdil\u0259r&#8230;\u201d"},"content":{"rendered":"<p>\n  <i><br \/>\n    Alim\u0259 H\u0259s\u0259nova: \u201c\u0130st\u0259yir\u0259m, prezidentin ayaqlar\u0131na y\u0131x\u0131l\u0131m ki, m\u0259ni bu z\u00fclmd\u0259n qurtars\u0131n&#8230;\u201d<br \/>\n  <\/i>\n<\/p>\n<p>\n  \u201c\u0130st\u0259yir\u0259m ki, prezident hans\u0131sa rayona g\u0259ls\u0259, gedim onu g\u00f6r\u00fcm, d\u0259rdimi dan\u0131\u015f\u0131m. Ayaqlar\u0131na y\u0131x\u0131l\u0131m ki, m\u0259ni bu z\u00fclmd\u0259n qurtars\u0131n&#8230;\u201d, &#8211; T\u0259rt\u0259rin S\u0259hl\u0259bad k\u0259ndinin sakini, 40 ild\u0259n \u00e7oxdur m\u00fc\u0259llimlik ed\u0259n Alim\u0259 H\u0259s\u0259nova a\u011flaya-a\u011flaya dan\u0131\u015f\u0131r.\n<\/p>\n<p>\n  O\u011flu \u015eaiq h\u0259bsd\u0259dir. O, T\u0259rt\u0259r sakini S\u0259xav\u0259t Musayevi \u00f6ld\u00fcrm\u0259kd\u0259 ittiham olunur.\n<\/p>\n<p>\n  Hadis\u0259 2016-c\u0131 ilin sentyabr\u0131nda ba\u015f verib. Evd\u0259n \u00e7\u0131x\u0131b geri qay\u0131tmayan 33 ya\u015fl\u0131 S.Musayevin meyiti d\u00f6rd g\u00fcn sonra tap\u0131l\u0131b. \u0130ddia olunur ki, \u015eaiq H\u0259s\u0259nov, Aqil Aslanov v\u0259 S\u0259xav\u0259t Orucov birl\u0259\u015fib onu \u00f6ld\u00fcr\u00fcbl\u0259r.\n<\/p>\n<p>\n  G\u0259nc\u0259 A\u011f\u0131r Cinay\u0259tl\u0259r M\u0259hk\u0259m\u0259si bu \u00fc\u00e7 n\u0259f\u0259rd\u0259n ikisin\u0259 &#8211; \u015eaiq H\u0259s\u0259nov v\u0259 S\u0259xav\u0259t Orucova b\u0259ra\u0259t verib. Elmin R\u00fcst\u0259movun s\u0259drlik etdiyi hakiml\u0259r kollegiyas\u0131 bel\u0259 n\u0259tic\u0259y\u0259 g\u0259lib ki, bu iki n\u0259f\u0259rin q\u0259tl hadis\u0259sind\u0259 g\u00fcnah\u0131 yoxdur. Onlar\u0131n istintaqdak\u0131 etiraf ifad\u0259l\u0259ri d\u0259 \u00f6zl\u0259rinin m\u0259hk\u0259m\u0259d\u0259 dedikl\u0259ri kimi, m\u0259ruz qald\u0131qlar\u0131 i\u015fg\u0259nc\u0259l\u0259rin n\u0259tic\u0259sind\u0259 imzalan\u0131b, h\u0259qiq\u0259t\u0259 uy\u011fun deyil.\n<\/p>\n<p>\n  Prokurorluq bu h\u00f6kmd\u0259n protesti verib. G\u0259nc\u0259 Apelyasiya M\u0259hk\u0259m\u0259si h\u00f6km\u00fc l\u0259\u011fv edib. \u015eaiq H\u0259s\u0259nova 17 il h\u0259bs c\u0259zas\u0131 verilib. Dig\u0259r iki n\u0259f\u0259rd\u0259n Aqil Aslanov 16, S\u0259xav\u0259t Orucov is\u0259 20 il azadl\u0131qdan m\u0259hrum edilib. \u0130ddia olunur ki, S\u0259xav\u0259t Orucov h\u0259bs olunandan sonra 2014-c\u00fc ild\u0259 rayonda ba\u015f vermi\u015f, amma \u00fc\u00e7 il\u0259 yax\u0131n \u00fcst\u00fc a\u00e7\u0131lmam\u0131\u015f ba\u015fqa bir \u00f6l\u00fcm i\u015fini d\u0259 \u00fcz\u0259rin\u0259 g\u00f6t\u00fcr\u00fcb.\n<\/p>\n<p>\n  H\u0259m \u015eaiq H\u0259s\u0259nov v\u0259 S\u0259xav\u0259t Orucovun v\u0259kill\u0259ri, h\u0259m d\u0259 prokurorluq bu q\u0259rardan \u015fikay\u0259t verib. V\u0259kill\u0259r bu adamlar\u0131n g\u00fcnahs\u0131z olmas\u0131n\u0131 \u0259sas g\u0259tirib, apelyasiya m\u0259hk\u0259m\u0259sinin h\u00f6km\u00fcn\u00fcn l\u0259\u011fvini, onlara b\u0259ra\u0259t verilm\u0259sini, prokuror is\u0259 c\u0259zalar\u0131n a\u011f\u0131rla\u015fmas\u0131n\u0131 ist\u0259yib.\n<\/p>\n<p>\n  \u00d6t\u0259n ilin dekabr\u0131n 24-d\u0259 Ali M\u0259hk\u0259m\u0259 prokurorlu\u011fun protesti \u0259sas\u0131nda h\u00f6km\u00fc l\u0259\u011fv edib \u2013 i\u015f yenid\u0259n bax\u0131lmas\u0131 \u00fc\u00e7\u00fcn G\u0259nc\u0259 Apelyasiya M\u0259hk\u0259m\u0259sin\u0259 qaytar\u0131l\u0131b.\n<\/p>\n<figure class=\"wp-block-image size-large\">\n  <img decoding=\"async\" src=\"https:\/\/www.meydan.tv\/az\/image_from_ios-4-jpg-95\/\" alt=\"image_from_ios (4).jpg\" class=\"wp-image-135721\"\/><figcaption>\n    Alim\u0259 H\u0259s\u0259nova<br \/>\n  <\/figcaption><\/figure>\n<p>\n  <b><br \/>\n    \u201cS\u00fcbut olundu ki, g\u00fcnahs\u0131zd\u0131r\u201d<br \/>\n  <\/b>\n<\/p>\n<p>\n  T\u0259rt\u0259rd\u0259 valyutad\u0259yi\u015fm\u0259 il\u0259 m\u0259\u015f\u011ful olan S\u0259xav\u0259t Musayev 2016-c\u0131 il sentyabr\u0131n 26-da \u00f6ld\u00fcr\u00fcl\u00fcb. Alim\u0259 H\u0259s\u0259nova yada sal\u0131r ki, h\u0259min g\u00fcn \u00f6lk\u0259d\u0259 Konstitusiyaya \u0259lav\u0259 v\u0259 d\u0259yi\u015fiklikl\u0259rl\u0259 \u0259laq\u0259dar referendum ke\u00e7irilirdi. Onun s\u00f6zl\u0259rin\u0259 g\u00f6r\u0259, suvarma sisteml\u0259ri idar\u0259sind\u0259 i\u015fl\u0259y\u0259n o\u011flu \u015eaiq bir ne\u00e7\u0259 ba\u015fqa i\u015f yolda\u015f\u0131 kimi, se\u00e7ki m\u0259nt\u0259q\u0259sind\u0259 m\u00fc\u015fahid\u0259\u00e7i olub:\n<\/p>\n<p>\n  \u201cO\u011fluma b\u0259ra\u0259t ver\u0259n G\u0259nc\u0259 A\u011f\u0131r Cinay\u0259tl\u0259r M\u0259hk\u0259m\u0259si o adamlar\u0131n ham\u0131s\u0131n\u0131 bir-bir dindirdi, telefon anten dair\u0259l\u0259ril\u0259 ba\u011fl\u0131 ara\u015fd\u0131rma apar\u0131ld\u0131. Orada 40-dan \u00e7ox m\u0259hk\u0259m\u0259 iclas\u0131 oldu. Tam s\u00fcbuta yetirildi ki, m\u0259nim o\u011flum da, S\u0259xav\u0259t Orucov da g\u00fcnahs\u0131zd\u0131r. O S\u0259xav\u0259t d\u0259 yetimdir, bundan \u0259vv\u0259l ba\u015fqa bir i\u015f\u0259 g\u00f6r\u0259 ki\u00e7ik m\u0259hkumlu\u011fu olub dey\u0259, onu da \u015f\u0259rl\u0259dil\u0259r. O\u011flumdan da t\u0259l\u0259b edirdil\u0259r ki, onun \u00fcz\u00fcn\u0259 dayans\u0131n. O\u011flumla sinif yolda\u015f\u0131 olublar. M\u0259nim balam bel\u0259 Allahs\u0131zl\u0131\u011f\u0131 nec\u0259 el\u0259sin?\u201d\n<\/p>\n<p>\n  <b><br \/>\n    \u201cO\u011fluma deyibl\u0259r ki, g\u00f6z\u00fcn\u00fcn qaba\u011f\u0131nda ana-bac\u0131n\u0131n ba\u015f\u0131na oyun a\u00e7aca\u011f\u0131q\u201d<br \/>\n  <\/b>\n<\/p>\n<p>\n  Alim\u0259 H\u0259s\u0259nova dan\u0131\u015f\u0131r ki, T\u0259rt\u0259r Rayon Polis \u015e\u00f6b\u0259sind\u0259 o\u011fluna a\u011f\u0131r i\u015fg\u0259nc\u0259l\u0259r veribl\u0259r. Deyir, i\u015fg\u0259nc\u0259 n\u0259tic\u0259sind\u0259 \u015eaiqin daxili orqanlar\u0131 z\u0259d\u0259l\u0259nib, qan qusurmu\u015f:\n<\/p>\n<p>\n  \u201cG\u00f6r\u00fcbl\u0259r ki, o\u011flum \u00f6l\u00fcmc\u00fcl v\u0259ziyy\u0259td\u0259dir, \u015f\u00f6b\u0259y\u0259 t\u0259cili yard\u0131m \u00e7a\u011f\u0131r\u0131blar. Bununla da \u00fcr\u0259kl\u0259ri soyumay\u0131b, o\u011fluma deyibl\u0259r ki, \u201cindi anan\u0131, bac\u0131n\u0131 bura g\u0259tirib, g\u00f6z\u00fcn\u00fcn qar\u015f\u0131s\u0131nda ba\u015f\u0131na oyun a\u00e7ar\u0131q, onda a\u011fl\u0131n ba\u015f\u0131na g\u0259l\u0259r\u201d. O\u011flum d\u00f6zm\u0259yib, deyib ki, \u201cm\u0259nim anam 40 ild\u0259n \u00e7oxdur m\u00fc\u0259llimlik edir, ona qar\u015f\u0131 bel\u0259 \u015fey el\u0259m\u0259yin, g\u0259tirin, n\u0259y\u0259 ist\u0259yirsiz, qol \u00e7\u0259kir\u0259m\u201d. Yolda\u015f\u0131m da bu d\u0259h\u015f\u0259tl\u0259r\u0259 d\u00f6zm\u0259di, iki ay sonra v\u0259fat etdi&#8230;\u201d\n<\/p>\n<p>\n  Ana deyir ki, i\u015fg\u0259nc\u0259l\u0259r T\u0259rt\u0259r Rayon Polis \u015e\u00f6b\u0259sinin o vaxtk\u0131 r\u0259isi Rauf M\u0259cidovun birba\u015fa r\u0259hb\u0259rliyi il\u0259 olub. \u0130\u015fg\u0259nc\u0259l\u0259rd\u0259 polis \u015f\u00f6b\u0259sinin ba\u015fqa \u0259m\u0259kda\u015flar\u0131yla yana\u015f\u0131, rayon prokuroru Az\u0259r H\u0259t\u0259mov, onun k\u00f6m\u0259k\u00e7isi, m\u00fcst\u0259ntiq R\u0259\u015fid Bayramov da \u015fahidlik edib.\n<\/p>\n<figure class=\"wp-block-image size-large\">\n  <img decoding=\"async\" src=\"https:\/\/www.meydan.tv\/az\/image_from_ios-6-jpg-59\/\" alt=\"image_from_ios (6).jpg\" class=\"wp-image-135727\"\/><figcaption>\n    Rauf M\u0259cidov<br \/>\n  <\/figcaption><\/figure>\n<p>\n  <b><br \/>\n    \u201cBizim kimi yaz\u0131qlar\u0131 \u0259z\u0259nl\u0259ri m\u00fckafatland\u0131r\u0131rlar\u201d<br \/>\n  <\/b>\n<\/p>\n<p>\n  Adlar\u0131 \u00e7\u0259kil\u0259n \u015f\u0259xsl\u0259r art\u0131q T\u0259rt\u0259rd\u0259 i\u015fl\u0259mirl\u0259r. M\u0259s\u0259l\u0259n, Rauf M\u0259cidov Daxil \u0130\u015fl\u0259r Nazirliyinin Ba\u015f \u0130ctimai T\u0259hl\u00fck\u0259sizlik \u0130dar\u0259sin\u0259 \u015f\u00f6b\u0259 r\u0259isi v\u0259zif\u0259sin\u0259 g\u0259tirilib. Az\u0259r H\u0259t\u0259mov is\u0259 T\u0259rt\u0259rd\u0259n \u015e\u0259mkir\u0259 eyni v\u0259zif\u0259y\u0259 g\u00f6nd\u0259rilib.\n<\/p>\n<p>\n  \u201cR\u0259\u015fid Bayramova da Ba\u015f Prokurorluqda v\u0259zif\u0259 veribl\u0259r. Halbuki, bu adamlar cinay\u0259ti a\u00e7maqla yox, \u0259ksin\u0259, \u00f6rt-basd\u0131r el\u0259m\u0259kl\u0259 m\u0259\u015f\u011ful olublar. Yetim-yesiri tutub bas\u0131rlar i\u00e7\u0259ri, g\u00f6r\u00fcnt\u00fc yarad\u0131blar ki, guya cinay\u0259tin \u00fcst\u00fcn\u00fc a\u00e7d\u0131lar. Bel\u0259 \u00e7\u0131x\u0131r ki, bizim kimi yaz\u0131qlar\u0131 \u0259z\u0259nl\u0259r m\u00fckafatland\u0131r\u0131l\u0131r? Polis \u015f\u00f6b\u0259sind\u0259 i\u015fg\u0259nc\u0259 ver\u0259nd\u0259 o\u011flum deyib ki, prezident\u0259 \u015fikay\u0259t g\u00f6nd\u0259r\u0259c\u0259m. Rauf M\u0259cidov deyib ki, \u201cburada prezidentin yox, m\u0259nim s\u00f6z\u00fcm ke\u00e7ir\u201d. M\u0259n he\u00e7 vaxt d\u00f6vl\u0259timd\u0259n incik d\u00fc\u015fm\u0259mi\u015f\u0259m. Bu g\u00fcn d\u0259 d\u00f6vl\u0259tim\u0259 arxalan\u0131ram. \u0130st\u0259yir\u0259m ki, prezident, onun xan\u0131m\u0131 s\u0259simi e\u015fitsin. \u0130ki k\u00f6rp\u0259 bala atas\u0131z qal\u0131b. Bils\u0259m ki, o\u011flumun g\u00fcnah\u0131 var, ona bel\u0259 t\u0259rbiy\u0259 verdiyim\u0259 g\u00f6r\u0259 \u00f6z\u00fcm d\u0259 c\u0259za \u00e7\u0259km\u0259y\u0259 haz\u0131ram. Amma g\u00fcnah\u0131 yoxdur ax\u0131. Bunu da hissl\u0259r\u0259 qap\u0131l\u0131b demir\u0259m, ortada s\u00fcbutlar, faktlar var&#8230;\u201d, &#8211; Alim\u0259 H\u0259s\u0259nova yen\u0259 a\u011flay\u0131r.\n<\/p>\n<p>\n  Ana \u00fcmid edir ki, prezident, vitse-prezident g\u00f6st\u0259ri\u015f vers\u0259, bu i\u015f obyektiv ara\u015fd\u0131r\u0131lar, g\u00fcnahs\u0131z insanlar h\u0259bsd\u0259n qurtular.\n<\/p>\n<p>\n  T\u0259kc\u0259 Alim\u0259 H\u0259s\u0259nova yox, v\u0259kill\u0259r d\u0259 h\u0259m \u015eaiq H\u0259s\u0259novun, h\u0259m d\u0259 S\u0259xav\u0259t Orucovun g\u00fcnahs\u0131z oldu\u011funu deyir.\n<\/p>\n<p>\n  <b><br \/>\n    \u201cD\u00f6z\u0259 bilm\u0259dim, dedim ki, n\u0259 ist\u0259yirsiz, el\u0259yir\u0259m, a\u00e7\u0131lmayan \u00f6l\u00fcm\u00fc d\u0259 boynuma qoydular\u201d<br \/>\n  <\/b>\n<\/p>\n<p>\n  \u015eaiq H\u0259s\u0259novun v\u0259kili Zabil Q\u0259hr\u0259manov bildirir ki, bu adamlar\u0131n i\u015fg\u0259nc\u0259y\u0259 m\u0259ruz qalmas\u0131 bar\u0259d\u0259 deyil\u0259nl\u0259r sad\u0259c\u0259 s\u00f6z deyil, s\u0259n\u0259dl\u0259rl\u0259 d\u0259 t\u0259sdiq olunur. M\u0259s\u0259l\u0259n, onlar istintaq t\u0259cridxanas\u0131na g\u0259tiril\u0259nd\u0259 b\u0259d\u0259nl\u0259rind\u0259 x\u0259sar\u0259tl\u0259r olub. T\u0259cridxanada onlar\u0131 m\u00fcayin\u0259 ed\u0259n h\u0259kim d\u0259 r\u0259yd\u0259 x\u0259sar\u0259tl\u0259ri g\u00f6st\u0259rib. V\u0259kilin s\u00f6zl\u0259rin\u0259 g\u00f6r\u0259, telefon anten dair\u0259l\u0259ri haqda m\u0259lumatlar\u0131n \u00e7\u0131xar\u0131\u015f\u0131 da ist\u0259r \u015eaiqin, ist\u0259rs\u0259 d\u0259 S\u0259xav\u0259tin g\u00fcnahs\u0131z oldu\u011funu g\u00f6st\u0259rir. V\u0259kilin s\u00f6zl\u0259rin\u0259 g\u00f6r\u0259, hadis\u0259 \u0259r\u0259f\u0259sind\u0259 m\u0259rhumun t\u0259qsirl\u0259ndiril\u0259n \u015f\u0259xsl\u0259rd\u0259n yaln\u0131z Aqil Aslanovla eyni \u0259hat\u0259 dair\u0259sind\u0259 oldu\u011fu s\u00fcbuta yetirilib. Dig\u0259r iki n\u0259f\u0259r is\u0259 tamamil\u0259 ba\u015fqa yerl\u0259rd\u0259 olub:\n<\/p>\n<p>\n  \u201cCinay\u0259t i\u015finin materiallar\u0131nda bu adamlar\u0131n g\u00fcnahs\u0131z oldu\u011funu t\u0259sdiql\u0259y\u0259n onlarla ba\u015fqa s\u00fcbutlar var. M\u0259s\u0259l\u0259n, i\u015f materiallar\u0131ndan m\u0259lum olur ki, bir b\u0131\u00e7a\u011f\u0131 \u015eaiq H\u0259s\u0259nova t\u0259qdim edibl\u0259r, o da tan\u0131y\u0131b ki, cinay\u0259td\u0259 istifad\u0259 etdikl\u0259ri b\u0131\u00e7aqd\u0131r. Sonradan o b\u0131\u00e7aq m\u0259s\u0259l\u0259si ssenariy\u0259 uy\u011fun g\u0259lm\u0259yib, maddi s\u00fcbutlar s\u0131yah\u0131s\u0131ndan \u00e7\u0131xar\u0131l\u0131b. Bel\u0259 olan halda, sual yaran\u0131r, \u015eaiq \u00f6zba\u015f\u0131na niy\u0259 tan\u0131mad\u0131\u011f\u0131, g\u00f6rm\u0259diyi b\u0131\u00e7aqdan dan\u0131\u015fmal\u0131yd\u0131, dem\u0259liydi ki, h\u0259min b\u0131\u00e7aqd\u0131r? Dem\u0259li, bu adama t\u0259zyiq olunub v\u0259 t\u0259zyiq alt\u0131nda da ist\u0259nil\u0259n s\u0259n\u0259d\u0259 qol \u00e7\u0259kdiribl\u0259r. G\u0259nc\u0259 A\u011f\u0131r\n<\/p>\n<p>\n  Cinay\u0259tl\u0259r M\u0259hk\u0259m\u0259si b\u00fct\u00fcn bu s\u00fcbutlar\u0131 n\u0259z\u0259r\u0259 al\u0131b onlara b\u0259ra\u0259t vermi\u015fdi. \u00c7ox t\u0259\u0259ss\u00fcf ki, apelyasiya m\u0259hk\u0259m\u0259si h\u0259min s\u00fcbutlara \u0259h\u0259miyy\u0259t verm\u0259di\u201d.\n<\/p>\n<p>\n  S\u0259xav\u0259t Orucovun v\u0259kili S\u0259ad\u0259t Seyidli d\u0259 m\u00fcv\u0259kkilinin t\u0259qsirsiz olmas\u0131na \u0259mindir. Deyir ki, bunun cinay\u0259t i\u015finin materiallar\u0131ndak\u0131 s\u00fcbutlara \u0259saslan\u0131b deyir:\n<\/p>\n<p>\n  \u201cCinay\u0259t i\u015find\u0259 videog\u00f6r\u00fcnt\u00fcl\u0259r var, guya S\u0259xav\u0259t Orucov hadis\u0259 yerind\u0259 olanlar\u0131 t\u0259svir ed\u0259rk\u0259n \u00e7\u0259kilib. A\u015fkar g\u00f6r\u00fcn\u00fcr ki, orada S\u0259xav\u0259t diqt\u0259 il\u0259 dan\u0131\u015f\u0131r, g\u00f6st\u0259rir. Video bir ne\u00e7\u0259 yerd\u0259 dayand\u0131r\u0131l\u0131r. Dayand\u0131r\u0131b, n\u00f6vb\u0259ti t\u0259limat\u0131 verirl\u0259r ki, o da t\u0259krarlas\u0131n. H\u0259tta videoda bu s\u0259s d\u0259 d\u00fc\u015f\u00fcb ki, \u201cindi n\u0259yi deyim?\u201d Videoda onun \u00fcz\u00fcnd\u0259 x\u0259sar\u0259tl\u0259r a\u00e7\u0131q-a\u015fkar d\u00f6y\u00fcn\u00fcr. Bu da onun \u00e7\u0259kili\u015fd\u0259n bir m\u00fcdd\u0259t \u0259vv\u0259l d\u00f6y\u00fclm\u0259sini t\u0259sdiql\u0259yir\u201d.\n<\/p>\n<figure class=\"wp-block-image size-large\">\n  <img decoding=\"async\" src=\"https:\/\/www.meydan.tv\/az\/image_from_ios-5-jpg-73\/\" alt=\"image_from_ios (5).jpg\" class=\"wp-image-135724\"\/><figcaption>\n    Zabil Q\u0259hr\u0259manov<br \/>\n  <\/figcaption><\/figure>\n<p>\n  V\u0259kil deyir ki, cinay\u0259t i\u015finin materiallar\u0131nda S\u0259xav\u0259tin dekabr\u0131n 27-d\u0259 h\u0259bs olundu\u011fu yaz\u0131lsa da, \u0259slind\u0259, onu ay\u0131n 21-d\u0259n tutub, 6 g\u00fcn qeyri-r\u0259smi saxlay\u0131blar. M\u00fcdafi\u0259\u00e7i bunun s\u00fcbutu kimi, Daxili \u0130\u015fl\u0259r Nazirliyinin m\u0259tbuat xidm\u0259tinin r\u0259smi a\u00e7\u0131qlamas\u0131n\u0131 da m\u0259hk\u0259m\u0259y\u0259 t\u0259qdim edib. Nazirliyin dekabr\u0131n 22-d\u0259 yayd\u0131\u011f\u0131 a\u00e7\u0131qlamada S\u0259xav\u0259t Orucovun tutuldu\u011fu g\u00f6st\u0259rilib.\n<\/p>\n<p>\n  S\u0259xav\u0259t Orucov \u00f6z\u00fc d\u0259 m\u0259hk\u0259m\u0259d\u0259 deyib ki, onu dekabr\u0131n 21-d\u0259 tutub, Ba\u015f M\u00fct\u0259\u015f\u0259kkil Cinay\u0259tkarl\u0131qla M\u00fcbariz\u0259 \u0130dar\u0259sin\u0259 g\u0259tiribl\u0259r: \u201cAy\u0131n 27-n\u0259 q\u0259d\u0259r orada m\u0259n\u0259 z\u00fclm el\u0259dil\u0259r &#8211; d\u0259f\u0259l\u0259rl\u0259 b\u0259d\u0259nim\u0259 \u201ctok\u201d verdil\u0259r. \u201cBita\u201d il\u0259 d\u00f6y\u00fcrd\u00fcl\u0259r, ba\u015f\u0131ma qal\u0131n papaq ke\u00e7irib, a\u011f\u0131r ayaqqab\u0131larla \u0259zirdil\u0259r\u201d.\n<\/p>\n<p>\n  Onun s\u00f6zl\u0259rin\u0259 g\u00f6r\u0259, dekabr\u0131n 25-d\u0259 T\u0259rt\u0259rin prokuroru Az\u0259r H\u0259t\u0259mov v\u0259 m\u00fcst\u0259ntiq R\u0259\u015fid Bayramov da irad\u0259y\u0259 g\u0259lib. 2014-c\u00fc ild\u0259 ba\u015f vermi\u015f S\u0259nan Mirz\u0259yevin q\u0259tli il\u0259 ba\u011fl\u0131 cinay\u0259t i\u015fini d\u0259 \u00f6zl\u0259ri il\u0259 g\u0259tiribl\u0259r:\n<\/p>\n<p>\n  \u201cH\u0259r iki \u00f6l\u00fcm i\u015fini boynuma g\u00f6t\u00fcrm\u0259yi t\u0259l\u0259b edirdil\u0259r. D\u00f6z\u0259 bilm\u0259dim, dedim ki, n\u0259 ist\u0259yirsiz, el\u0259yir\u0259m. Biri il\u0259 kifay\u0259tl\u0259nm\u0259dil\u0259r, a\u00e7\u0131lmayan o biri \u00f6l\u00fcm i\u015fini d\u0259 boynuma qoydular. Bundan sonra m\u0259ni T\u0259rt\u0259r\u0259 g\u0259tirdil\u0259r. Burada yen\u0259 dedim ki, m\u0259n el\u0259m\u0259mi\u015f\u0259m. Polis r\u0259isi Rauf M\u0259cidov g\u00f6st\u0259ri\u015f verdi ki, qarda\u015f\u0131m\u0131n arvad\u0131n\u0131 \u015f\u00f6b\u0259y\u0259 g\u0259tirsinl\u0259r. G\u00f6rd\u00fcm ki, ba\u015fqa \u00e7ar\u0259 yoxdur, raz\u0131la\u015fd\u0131m\u201d.\n<\/p>\n<p>\n  V\u0259kil S\u0259ad\u0259t Seyidli deyir ki, bu i\u015fd\u0259 o q\u0259d\u0259r qanun pozuntusu, ziddiyy\u0259t var, saymaqla bitmir: \u201cSad\u0259c\u0259, onlar\u0131 obyektiv ara\u015fd\u0131ran, h\u00fcquqi qiym\u0259t ver\u0259n laz\u0131md\u0131r&#8230;\u201d\n<\/p>\n<p>\n  Bu i\u015f\u0259 Ali M\u0259hk\u0259m\u0259d\u0259 bax\u0131landa, dekabr\u0131n 10-da Ali M\u0259hk\u0259m\u0259d\u0259 \u0130mran Hac\u0131qay\u0131bovun s\u0259drlik etdiyi hakiml\u0259r kollegiyas\u0131 q\u0259rar q\u0259bul etm\u0259k \u00fc\u00e7\u00fcn m\u00fc\u015favir\u0259y\u0259 getdikl\u0259rini a\u00e7\u0131qlay\u0131b. Qanuna g\u00f6r\u0259, m\u00fc\u015favir\u0259d\u0259 olan hakiml\u0259r q\u0259rar\u0131 elan ed\u0259n\u0259 q\u0259d\u0259r ba\u015fqa i\u015f\u0259 \u00e7\u0131xa bilm\u0259zl\u0259r, k\u0259nar \u015f\u0259xsl\u0259rl\u0259 \u00fcnsiyy\u0259td\u0259 olmamal\u0131d\u0131rlar. Q\u0259rar\u0131 bir d\u0259 dekabr\u0131n 24-d\u0259 elan edibl\u0259r. Arada qalan iki h\u0259ft\u0259 \u0259rzind\u0259 bu t\u0259rkibd\u0259ki hakiml\u0259r xeyli ba\u015fqa i\u015fl\u0259r\u0259 bax\u0131blar&#8230;\n<\/p>\n<figure class=\"wp-block-image size-large\">\n  <img decoding=\"async\" src=\"https:\/\/www.meydan.tv\/az\/image_from_ios-2-jpg-96\/\" alt=\"image_from_ios (2).jpg\" class=\"wp-image-135715\"\/><figcaption>\n    &#8220;Polis r\u0259isi Rauf M\u0259cidov g\u00f6st\u0259ri\u015f verdi ki, qarda\u015f\u0131m\u0131n arvad\u0131n\u0131 \u015f\u00f6b\u0259y\u0259 g\u0259tirsinl\u0259r&#8221;.<br \/>\n  <\/figcaption><\/figure>\n","protected":false},"excerpt":{"rendered":"<p>V\u0259kil deyir ki, cinay\u0259t i\u015finin materiallar\u0131nda S\u0259xav\u0259tin dekabr\u0131n 27-d\u0259 h\u0259bs olundu\u011fu yaz\u0131lsa da, \u0259slind\u0259, onu ay\u0131n 21-d\u0259n tutub, 6 g\u00fcn qeyri-r\u0259smi saxlay\u0131blar.<\/p>\n","protected":false},"author":11,"featured_media":135718,"comment_status":"closed","ping_status":"open","sticky":false,"template":"","format":"standard","meta":{"_acf_changed":false,"_sitemap_exclude":false,"_sitemap_priority":"","_sitemap_frequency":"","footnotes":""},"categories":[60],"tags":[],"class_list":["post-198762","post","type-post","status-publish","format-standard","has-post-thumbnail","hentry","category-bolge","infinite-scroll-item","generate-columns","tablet-grid-50","mobile-grid-100","grid-parent","grid-33","no-featured-image-padding"],"acf":[],"yoast_head":"<!-- This site is optimized with the Yoast SEO plugin v27.5 - https:\/\/yoast.com\/product\/yoast-seo-wordpress\/ -->\n<title>\u201cB\u0259d\u0259nim\u0259 \u201ctok\u201d verirdil\u0259r, \u201cbita\u201d il\u0259 d\u00f6y\u00fcrd\u00fcl\u0259r, ba\u015f\u0131m\u0131 a\u011f\u0131r ayaqqab\u0131 il\u0259 \u0259zirdil\u0259r...\u201d - MEYDAN.TV<\/title>\n<meta name=\"robots\" content=\"index, follow, max-snippet:-1, max-image-preview:large, max-video-preview:-1\" \/>\n<link rel=\"canonical\" href=\"https:\/\/www.meydan.tv\/az\/article\/bedenime-tok-verirdiler-bita-ile-doyurduler-basimi-agir-ayaqqabi-ile-ezirdiler\/\" \/>\n<meta property=\"og:locale\" content=\"az_AZ\" \/>\n<meta property=\"og:type\" content=\"article\" \/>\n<meta property=\"og:title\" content=\"\u201cB\u0259d\u0259nim\u0259 \u201ctok\u201d verirdil\u0259r, \u201cbita\u201d il\u0259 d\u00f6y\u00fcrd\u00fcl\u0259r, ba\u015f\u0131m\u0131 a\u011f\u0131r ayaqqab\u0131 il\u0259 \u0259zirdil\u0259r...\u201d - MEYDAN.TV\" \/>\n<meta property=\"og:description\" content=\"V\u0259kil deyir ki, cinay\u0259t i\u015finin materiallar\u0131nda S\u0259xav\u0259tin dekabr\u0131n 27-d\u0259 h\u0259bs olundu\u011fu yaz\u0131lsa da, \u0259slind\u0259, onu ay\u0131n 21-d\u0259n tutub, 6 g\u00fcn qeyri-r\u0259smi saxlay\u0131blar.\" \/>\n<meta property=\"og:url\" content=\"https:\/\/www.meydan.tv\/az\/article\/bedenime-tok-verirdiler-bita-ile-doyurduler-basimi-agir-ayaqqabi-ile-ezirdiler\/\" \/>\n<meta property=\"og:site_name\" content=\"MEYDAN.TV\" \/>\n<meta property=\"article:published_time\" content=\"2020-01-13T13:46:48+00:00\" \/>\n<meta property=\"og:image\" content=\"https:\/\/www.meydan.tv\/wp-content\/uploads\/image_from_ios_3_mccguys-scaled.jpg\" \/>\n\t<meta property=\"og:image:width\" content=\"2560\" \/>\n\t<meta property=\"og:image:height\" content=\"1440\" \/>\n\t<meta property=\"og:image:type\" content=\"image\/jpeg\" \/>\n<meta name=\"author\" content=\"user-manager\" \/>\n<meta name=\"twitter:card\" content=\"summary_large_image\" \/>\n<script type=\"application\/ld+json\" class=\"yoast-schema-graph\">{\"@context\":\"https:\\\/\\\/schema.org\",\"@graph\":[{\"@type\":\"Article\",\"@id\":\"https:\\\/\\\/www.meydan.tv\\\/az\\\/article\\\/bedenime-tok-verirdiler-bita-ile-doyurduler-basimi-agir-ayaqqabi-ile-ezirdiler\\\/#article\",\"isPartOf\":{\"@id\":\"https:\\\/\\\/www.meydan.tv\\\/az\\\/article\\\/bedenime-tok-verirdiler-bita-ile-doyurduler-basimi-agir-ayaqqabi-ile-ezirdiler\\\/\"},\"author\":{\"name\":\"user-manager\",\"@id\":\"https:\\\/\\\/www.meydan.tv\\\/az\\\/#\\\/schema\\\/person\\\/10d11eccf6da3662cf5fdab9806ea91a\"},\"headline\":\"\u201cB\u0259d\u0259nim\u0259 \u201ctok\u201d verirdil\u0259r, \u201cbita\u201d il\u0259 d\u00f6y\u00fcrd\u00fcl\u0259r, ba\u015f\u0131m\u0131 a\u011f\u0131r ayaqqab\u0131 il\u0259 \u0259zirdil\u0259r&#8230;\u201d\",\"datePublished\":\"2020-01-13T13:46:48+00:00\",\"mainEntityOfPage\":{\"@id\":\"https:\\\/\\\/www.meydan.tv\\\/az\\\/article\\\/bedenime-tok-verirdiler-bita-ile-doyurduler-basimi-agir-ayaqqabi-ile-ezirdiler\\\/\"},\"wordCount\":2217,\"publisher\":{\"@id\":\"https:\\\/\\\/www.meydan.tv\\\/az\\\/#organization\"},\"image\":{\"@id\":\"https:\\\/\\\/www.meydan.tv\\\/az\\\/article\\\/bedenime-tok-verirdiler-bita-ile-doyurduler-basimi-agir-ayaqqabi-ile-ezirdiler\\\/#primaryimage\"},\"thumbnailUrl\":\"https:\\\/\\\/www.meydan.tv\\\/wp-content\\\/uploads\\\/image_from_ios_3_mccguys-scaled.jpg\",\"articleSection\":[\"B\u00f6lg\u0259\"],\"inLanguage\":\"az\"},{\"@type\":\"WebPage\",\"@id\":\"https:\\\/\\\/www.meydan.tv\\\/az\\\/article\\\/bedenime-tok-verirdiler-bita-ile-doyurduler-basimi-agir-ayaqqabi-ile-ezirdiler\\\/\",\"url\":\"https:\\\/\\\/www.meydan.tv\\\/az\\\/article\\\/bedenime-tok-verirdiler-bita-ile-doyurduler-basimi-agir-ayaqqabi-ile-ezirdiler\\\/\",\"name\":\"\u201cB\u0259d\u0259nim\u0259 \u201ctok\u201d verirdil\u0259r, \u201cbita\u201d il\u0259 d\u00f6y\u00fcrd\u00fcl\u0259r, ba\u015f\u0131m\u0131 a\u011f\u0131r ayaqqab\u0131 il\u0259 \u0259zirdil\u0259r...\u201d - MEYDAN.TV\",\"isPartOf\":{\"@id\":\"https:\\\/\\\/www.meydan.tv\\\/az\\\/#website\"},\"primaryImageOfPage\":{\"@id\":\"https:\\\/\\\/www.meydan.tv\\\/az\\\/article\\\/bedenime-tok-verirdiler-bita-ile-doyurduler-basimi-agir-ayaqqabi-ile-ezirdiler\\\/#primaryimage\"},\"image\":{\"@id\":\"https:\\\/\\\/www.meydan.tv\\\/az\\\/article\\\/bedenime-tok-verirdiler-bita-ile-doyurduler-basimi-agir-ayaqqabi-ile-ezirdiler\\\/#primaryimage\"},\"thumbnailUrl\":\"https:\\\/\\\/www.meydan.tv\\\/wp-content\\\/uploads\\\/image_from_ios_3_mccguys-scaled.jpg\",\"datePublished\":\"2020-01-13T13:46:48+00:00\",\"breadcrumb\":{\"@id\":\"https:\\\/\\\/www.meydan.tv\\\/az\\\/article\\\/bedenime-tok-verirdiler-bita-ile-doyurduler-basimi-agir-ayaqqabi-ile-ezirdiler\\\/#breadcrumb\"},\"inLanguage\":\"az\",\"potentialAction\":[{\"@type\":\"ReadAction\",\"target\":[\"https:\\\/\\\/www.meydan.tv\\\/az\\\/article\\\/bedenime-tok-verirdiler-bita-ile-doyurduler-basimi-agir-ayaqqabi-ile-ezirdiler\\\/\"]}]},{\"@type\":\"ImageObject\",\"inLanguage\":\"az\",\"@id\":\"https:\\\/\\\/www.meydan.tv\\\/az\\\/article\\\/bedenime-tok-verirdiler-bita-ile-doyurduler-basimi-agir-ayaqqabi-ile-ezirdiler\\\/#primaryimage\",\"url\":\"https:\\\/\\\/www.meydan.tv\\\/wp-content\\\/uploads\\\/image_from_ios_3_mccguys-scaled.jpg\",\"contentUrl\":\"https:\\\/\\\/www.meydan.tv\\\/wp-content\\\/uploads\\\/image_from_ios_3_mccguys-scaled.jpg\",\"width\":2560,\"height\":1440,\"caption\":\"Source: Specify Source\"},{\"@type\":\"BreadcrumbList\",\"@id\":\"https:\\\/\\\/www.meydan.tv\\\/az\\\/article\\\/bedenime-tok-verirdiler-bita-ile-doyurduler-basimi-agir-ayaqqabi-ile-ezirdiler\\\/#breadcrumb\",\"itemListElement\":[{\"@type\":\"ListItem\",\"position\":1,\"name\":\"Ana s\u0259hif\u0259\",\"item\":\"https:\\\/\\\/www.meydan.tv\\\/az\\\/\"},{\"@type\":\"ListItem\",\"position\":2,\"name\":\"B\u00f6lg\u0259\",\"item\":\"https:\\\/\\\/www.meydan.tv\\\/az\\\/section\\\/bolge\\\/\"},{\"@type\":\"ListItem\",\"position\":3,\"name\":\"\u201cB\u0259d\u0259nim\u0259 \u201ctok\u201d verirdil\u0259r, \u201cbita\u201d il\u0259 d\u00f6y\u00fcrd\u00fcl\u0259r, ba\u015f\u0131m\u0131 a\u011f\u0131r ayaqqab\u0131 il\u0259 \u0259zirdil\u0259r&#8230;\u201d\"}]},{\"@type\":\"WebSite\",\"@id\":\"https:\\\/\\\/www.meydan.tv\\\/az\\\/#website\",\"url\":\"https:\\\/\\\/www.meydan.tv\\\/az\\\/\",\"name\":\"MEYDAN.TV\",\"description\":\"Meydan TV Az\u0259rbaycan\u0131n media m\u0259kan\u0131ndak\u0131 alternativ s\u0259sidir\",\"publisher\":{\"@id\":\"https:\\\/\\\/www.meydan.tv\\\/az\\\/#organization\"},\"potentialAction\":[{\"@type\":\"SearchAction\",\"target\":{\"@type\":\"EntryPoint\",\"urlTemplate\":\"https:\\\/\\\/www.meydan.tv\\\/az\\\/?s={search_term_string}\"},\"query-input\":{\"@type\":\"PropertyValueSpecification\",\"valueRequired\":true,\"valueName\":\"search_term_string\"}}],\"inLanguage\":\"az\"},{\"@type\":\"Organization\",\"@id\":\"https:\\\/\\\/www.meydan.tv\\\/az\\\/#organization\",\"name\":\"Meydan TV\",\"url\":\"https:\\\/\\\/www.meydan.tv\\\/az\\\/\",\"logo\":{\"@type\":\"ImageObject\",\"inLanguage\":\"az\",\"@id\":\"https:\\\/\\\/www.meydan.tv\\\/az\\\/#\\\/schema\\\/logo\\\/image\\\/\",\"url\":\"https:\\\/\\\/www.meydan.tv\\\/wp-content\\\/uploads\\\/2021\\\/07\\\/meydan-logo.svg\",\"contentUrl\":\"https:\\\/\\\/www.meydan.tv\\\/wp-content\\\/uploads\\\/2021\\\/07\\\/meydan-logo.svg\",\"width\":195,\"height\":46,\"caption\":\"Meydan TV\"},\"image\":{\"@id\":\"https:\\\/\\\/www.meydan.tv\\\/az\\\/#\\\/schema\\\/logo\\\/image\\\/\"}},{\"@type\":\"Person\",\"@id\":\"https:\\\/\\\/www.meydan.tv\\\/az\\\/#\\\/schema\\\/person\\\/10d11eccf6da3662cf5fdab9806ea91a\",\"name\":\"user-manager\"}]}<\/script>\n<!-- \/ Yoast SEO plugin. -->","yoast_head_json":{"title":"\u201cB\u0259d\u0259nim\u0259 \u201ctok\u201d verirdil\u0259r, \u201cbita\u201d il\u0259 d\u00f6y\u00fcrd\u00fcl\u0259r, ba\u015f\u0131m\u0131 a\u011f\u0131r ayaqqab\u0131 il\u0259 \u0259zirdil\u0259r...\u201d - MEYDAN.TV","robots":{"index":"index","follow":"follow","max-snippet":"max-snippet:-1","max-image-preview":"max-image-preview:large","max-video-preview":"max-video-preview:-1"},"canonical":"https:\/\/www.meydan.tv\/az\/article\/bedenime-tok-verirdiler-bita-ile-doyurduler-basimi-agir-ayaqqabi-ile-ezirdiler\/","og_locale":"az_AZ","og_type":"article","og_title":"\u201cB\u0259d\u0259nim\u0259 \u201ctok\u201d verirdil\u0259r, \u201cbita\u201d il\u0259 d\u00f6y\u00fcrd\u00fcl\u0259r, ba\u015f\u0131m\u0131 a\u011f\u0131r ayaqqab\u0131 il\u0259 \u0259zirdil\u0259r...\u201d - MEYDAN.TV","og_description":"V\u0259kil deyir ki, cinay\u0259t i\u015finin materiallar\u0131nda S\u0259xav\u0259tin dekabr\u0131n 27-d\u0259 h\u0259bs olundu\u011fu yaz\u0131lsa da, \u0259slind\u0259, onu ay\u0131n 21-d\u0259n tutub, 6 g\u00fcn qeyri-r\u0259smi saxlay\u0131blar.","og_url":"https:\/\/www.meydan.tv\/az\/article\/bedenime-tok-verirdiler-bita-ile-doyurduler-basimi-agir-ayaqqabi-ile-ezirdiler\/","og_site_name":"MEYDAN.TV","article_published_time":"2020-01-13T13:46:48+00:00","og_image":[{"width":2560,"height":1440,"url":"https:\/\/www.meydan.tv\/wp-content\/uploads\/image_from_ios_3_mccguys-scaled.jpg","type":"image\/jpeg"}],"author":"user-manager","twitter_card":"summary_large_image","schema":{"@context":"https:\/\/schema.org","@graph":[{"@type":"Article","@id":"https:\/\/www.meydan.tv\/az\/article\/bedenime-tok-verirdiler-bita-ile-doyurduler-basimi-agir-ayaqqabi-ile-ezirdiler\/#article","isPartOf":{"@id":"https:\/\/www.meydan.tv\/az\/article\/bedenime-tok-verirdiler-bita-ile-doyurduler-basimi-agir-ayaqqabi-ile-ezirdiler\/"},"author":{"name":"user-manager","@id":"https:\/\/www.meydan.tv\/az\/#\/schema\/person\/10d11eccf6da3662cf5fdab9806ea91a"},"headline":"\u201cB\u0259d\u0259nim\u0259 \u201ctok\u201d verirdil\u0259r, \u201cbita\u201d il\u0259 d\u00f6y\u00fcrd\u00fcl\u0259r, ba\u015f\u0131m\u0131 a\u011f\u0131r ayaqqab\u0131 il\u0259 \u0259zirdil\u0259r&#8230;\u201d","datePublished":"2020-01-13T13:46:48+00:00","mainEntityOfPage":{"@id":"https:\/\/www.meydan.tv\/az\/article\/bedenime-tok-verirdiler-bita-ile-doyurduler-basimi-agir-ayaqqabi-ile-ezirdiler\/"},"wordCount":2217,"publisher":{"@id":"https:\/\/www.meydan.tv\/az\/#organization"},"image":{"@id":"https:\/\/www.meydan.tv\/az\/article\/bedenime-tok-verirdiler-bita-ile-doyurduler-basimi-agir-ayaqqabi-ile-ezirdiler\/#primaryimage"},"thumbnailUrl":"https:\/\/www.meydan.tv\/wp-content\/uploads\/image_from_ios_3_mccguys-scaled.jpg","articleSection":["B\u00f6lg\u0259"],"inLanguage":"az"},{"@type":"WebPage","@id":"https:\/\/www.meydan.tv\/az\/article\/bedenime-tok-verirdiler-bita-ile-doyurduler-basimi-agir-ayaqqabi-ile-ezirdiler\/","url":"https:\/\/www.meydan.tv\/az\/article\/bedenime-tok-verirdiler-bita-ile-doyurduler-basimi-agir-ayaqqabi-ile-ezirdiler\/","name":"\u201cB\u0259d\u0259nim\u0259 \u201ctok\u201d verirdil\u0259r, \u201cbita\u201d il\u0259 d\u00f6y\u00fcrd\u00fcl\u0259r, ba\u015f\u0131m\u0131 a\u011f\u0131r ayaqqab\u0131 il\u0259 \u0259zirdil\u0259r...\u201d - MEYDAN.TV","isPartOf":{"@id":"https:\/\/www.meydan.tv\/az\/#website"},"primaryImageOfPage":{"@id":"https:\/\/www.meydan.tv\/az\/article\/bedenime-tok-verirdiler-bita-ile-doyurduler-basimi-agir-ayaqqabi-ile-ezirdiler\/#primaryimage"},"image":{"@id":"https:\/\/www.meydan.tv\/az\/article\/bedenime-tok-verirdiler-bita-ile-doyurduler-basimi-agir-ayaqqabi-ile-ezirdiler\/#primaryimage"},"thumbnailUrl":"https:\/\/www.meydan.tv\/wp-content\/uploads\/image_from_ios_3_mccguys-scaled.jpg","datePublished":"2020-01-13T13:46:48+00:00","breadcrumb":{"@id":"https:\/\/www.meydan.tv\/az\/article\/bedenime-tok-verirdiler-bita-ile-doyurduler-basimi-agir-ayaqqabi-ile-ezirdiler\/#breadcrumb"},"inLanguage":"az","potentialAction":[{"@type":"ReadAction","target":["https:\/\/www.meydan.tv\/az\/article\/bedenime-tok-verirdiler-bita-ile-doyurduler-basimi-agir-ayaqqabi-ile-ezirdiler\/"]}]},{"@type":"ImageObject","inLanguage":"az","@id":"https:\/\/www.meydan.tv\/az\/article\/bedenime-tok-verirdiler-bita-ile-doyurduler-basimi-agir-ayaqqabi-ile-ezirdiler\/#primaryimage","url":"https:\/\/www.meydan.tv\/wp-content\/uploads\/image_from_ios_3_mccguys-scaled.jpg","contentUrl":"https:\/\/www.meydan.tv\/wp-content\/uploads\/image_from_ios_3_mccguys-scaled.jpg","width":2560,"height":1440,"caption":"Source: Specify Source"},{"@type":"BreadcrumbList","@id":"https:\/\/www.meydan.tv\/az\/article\/bedenime-tok-verirdiler-bita-ile-doyurduler-basimi-agir-ayaqqabi-ile-ezirdiler\/#breadcrumb","itemListElement":[{"@type":"ListItem","position":1,"name":"Ana s\u0259hif\u0259","item":"https:\/\/www.meydan.tv\/az\/"},{"@type":"ListItem","position":2,"name":"B\u00f6lg\u0259","item":"https:\/\/www.meydan.tv\/az\/section\/bolge\/"},{"@type":"ListItem","position":3,"name":"\u201cB\u0259d\u0259nim\u0259 \u201ctok\u201d verirdil\u0259r, \u201cbita\u201d il\u0259 d\u00f6y\u00fcrd\u00fcl\u0259r, ba\u015f\u0131m\u0131 a\u011f\u0131r ayaqqab\u0131 il\u0259 \u0259zirdil\u0259r&#8230;\u201d"}]},{"@type":"WebSite","@id":"https:\/\/www.meydan.tv\/az\/#website","url":"https:\/\/www.meydan.tv\/az\/","name":"MEYDAN.TV","description":"Meydan TV Az\u0259rbaycan\u0131n media m\u0259kan\u0131ndak\u0131 alternativ s\u0259sidir","publisher":{"@id":"https:\/\/www.meydan.tv\/az\/#organization"},"potentialAction":[{"@type":"SearchAction","target":{"@type":"EntryPoint","urlTemplate":"https:\/\/www.meydan.tv\/az\/?s={search_term_string}"},"query-input":{"@type":"PropertyValueSpecification","valueRequired":true,"valueName":"search_term_string"}}],"inLanguage":"az"},{"@type":"Organization","@id":"https:\/\/www.meydan.tv\/az\/#organization","name":"Meydan TV","url":"https:\/\/www.meydan.tv\/az\/","logo":{"@type":"ImageObject","inLanguage":"az","@id":"https:\/\/www.meydan.tv\/az\/#\/schema\/logo\/image\/","url":"https:\/\/www.meydan.tv\/wp-content\/uploads\/2021\/07\/meydan-logo.svg","contentUrl":"https:\/\/www.meydan.tv\/wp-content\/uploads\/2021\/07\/meydan-logo.svg","width":195,"height":46,"caption":"Meydan TV"},"image":{"@id":"https:\/\/www.meydan.tv\/az\/#\/schema\/logo\/image\/"}},{"@type":"Person","@id":"https:\/\/www.meydan.tv\/az\/#\/schema\/person\/10d11eccf6da3662cf5fdab9806ea91a","name":"user-manager"}]}},"_links":{"self":[{"href":"https:\/\/www.meydan.tv\/az\/wp-json\/wp\/v2\/posts\/198762","targetHints":{"allow":["GET"]}}],"collection":[{"href":"https:\/\/www.meydan.tv\/az\/wp-json\/wp\/v2\/posts"}],"about":[{"href":"https:\/\/www.meydan.tv\/az\/wp-json\/wp\/v2\/types\/post"}],"author":[{"embeddable":true,"href":"https:\/\/www.meydan.tv\/az\/wp-json\/wp\/v2\/users\/11"}],"replies":[{"embeddable":true,"href":"https:\/\/www.meydan.tv\/az\/wp-json\/wp\/v2\/comments?post=198762"}],"version-history":[{"count":0,"href":"https:\/\/www.meydan.tv\/az\/wp-json\/wp\/v2\/posts\/198762\/revisions"}],"wp:featuredmedia":[{"embeddable":true,"href":"https:\/\/www.meydan.tv\/az\/wp-json\/wp\/v2\/media\/135718"}],"wp:attachment":[{"href":"https:\/\/www.meydan.tv\/az\/wp-json\/wp\/v2\/media?parent=198762"}],"wp:term":[{"taxonomy":"category","embeddable":true,"href":"https:\/\/www.meydan.tv\/az\/wp-json\/wp\/v2\/categories?post=198762"},{"taxonomy":"post_tag","embeddable":true,"href":"https:\/\/www.meydan.tv\/az\/wp-json\/wp\/v2\/tags?post=198762"}],"curies":[{"name":"wp","href":"https:\/\/api.w.org\/{rel}","templated":true}]}}