{"id":198755,"date":"2020-01-13T08:13:38","date_gmt":"2020-01-13T08:13:38","guid":{"rendered":"https:\/\/www.meydan.tv\/article\/sabranlilar-neqliyyat-probleminden-sikayetcidir\/"},"modified":"2020-01-13T08:13:38","modified_gmt":"2020-01-13T08:13:38","slug":"sabranlilar-neqliyyat-probleminden-sikayetcidir","status":"publish","type":"post","link":"https:\/\/www.meydan.tv\/az\/article\/sabranlilar-neqliyyat-probleminden-sikayetcidir\/","title":{"rendered":"\u015eabranl\u0131lar n\u0259qliyyat problemind\u0259n \u015fikay\u0259t\u00e7idir"},"content":{"rendered":"<p>\n  <i><br \/>\n    \u201cYaln\u0131z yol k\u0259nar\u0131nda yerl\u0259\u015f\u0259n k\u0259ndl\u0259rin b\u0259xti g\u0259tirib\u201d<br \/>\n  <\/i>\n<\/p>\n<p>\n  \u015eabran rayonunun k\u0259ndl\u0259rind\u0259 ya\u015fayan sakinl\u0259r \u00fc\u00e7\u00fcn rayon m\u0259rk\u0259zin\u0259 getm\u0259k asan deyil. Buna s\u0259b\u0259b k\u0259ndl\u0259ri rayon m\u0259rk\u0259zi il\u0259 birl\u0259\u015fdir\u0259n daxili mar\u015frut avtobuslar\u0131n\u0131n 25 ild\u0259n art\u0131qd\u0131r ki, l\u0259\u011fv olunmas\u0131d\u0131r. M\u0259rk\u0259z\u0259 yolu d\u00fc\u015f\u0259n k\u0259ndlil\u0259r ya taksid\u0259n istifad\u0259 etm\u0259li, ya da bir ne\u00e7\u0259 kilometr yolu piyada getm\u0259lidirl\u0259r.\n<\/p>\n<p>\n  \u015eabran sakini M\u00fcq\u0259dd\u0259s M\u0259mm\u0259dov Meydan TV-y\u0259 deyib ki, yaln\u0131z Bak\u0131-Quba yolunun \u00fcz\u0259rind\u0259 yerl\u0259\u015f\u0259n k\u0259ndl\u0259rin \u0259halisinin bu bax\u0131mdan b\u0259xti g\u0259tirib. Onlar \u015eabrandan Qubaya h\u0259r\u0259k\u0259t ed\u0259n mar\u015frut avtobuslar\u0131ndan istifad\u0259 ed\u0259 bilirl\u0259r. Yoldan bir ne\u00e7\u0259 kilometr aral\u0131da yerl\u0259\u015f\u0259n k\u0259ndl\u0259rin rayon m\u0259rk\u0259zi il\u0259 \u0259laq\u0259si is\u0259 ancaq f\u0259rdi avtomobili olanlar \u00fc\u00e7\u00fcn m\u00fcmk\u00fcnd\u00fcr:\n<\/p>\n<p>\n  \u201cHans\u0131 k\u0259nd yolun \u00fcz\u0259rind\u0259dirs\u0259, o k\u0259ndl\u0259rin sakinl\u0259ri mar\u015frut avtobuslar\u0131ndan istifad\u0259 ed\u0259 bilirl\u0259r. Yoldan aral\u0131da yerl\u0259\u015f\u0259n k\u0259ndl\u0259rd\u0259 v\u0259ziyy\u0259t ac\u0131nacaql\u0131d\u0131r. H\u0259l\u0259 b\u0259zi k\u0259ndl\u0259r d\u0259 var ki, yolun \u00fcz\u0259rind\u0259 yerl\u0259\u015fir, amma giri\u015fd\u0259n k\u0259nd m\u0259rk\u0259zin\u0259 \u00e7atmaq \u00fc\u00e7\u00fcn 10 kilometr m\u0259saf\u0259 q\u0259t etm\u0259k laz\u0131m g\u0259lir. Buna g\u00f6r\u0259 d\u0259, \u015eabran sakinl\u0259ri mar\u015frut sar\u0131dan \u00e7ox \u0259ziyy\u0259t \u00e7\u0259kirl\u0259r. Bunun yayda c\u0259h\u0259nn\u0259m kimi istisi, q\u0131\u015fda soyu\u011fu, diz\u0259 q\u0259d\u0259r pal\u00e7\u0131\u011f\u0131 var. Kimin ma\u015f\u0131n\u0131 var, gedib problemini h\u0259ll edir, t\u0259r\u0259v\u0259zini, meyv\u0259sini apar\u0131b sat\u0131r, kimin yoxdur, qal\u0131b z\u00fcl\u00fcmd\u0259\u2026\u201d.\n<\/p>\n<p>\n  M.M\u0259mm\u0259dov deyib ki, h\u0259l\u0259 dayanaca\u011fa g\u0259lib \u00e7atmaq da problemin yar\u0131s\u0131 deyil. \u00c7\u00fcnki avtobuslar\u0131n d\u0259qiq qrafiki yoxdur, n\u0259 vaxt ke\u00e7ib ged\u0259c\u0259kl\u0259rini he\u00e7 kim bilmir. X\u00fcsus\u0259n d\u0259, g\u00fcnortadan sonra yola \u00e7\u0131xanlar\u0131n avtobus tapmay\u0131b geri qay\u0131tmas\u0131 ehtimal\u0131 b\u00f6y\u00fckd\u00fcr.\n<\/p>\n<p>\n  \u018fn \u00e7\u0259tin v\u0259ziyy\u0259td\u0259 olan k\u0259ndl\u0259rd\u0259n biri X\u0131rdaoymaq k\u0259ndidir. Bu k\u0259ndin m\u0259rk\u0259zini magistral yolla birl\u0259\u015fdir\u0259n daxili yol 7 kilometrdir. Vacib i\u015fi, x\u0259st\u0259si olan v\u0259 ya al\u0131\u015f-veri\u015f m\u0259qs\u0259dil\u0259 rayon m\u0259rk\u0259zin\u0259 \u00fcz tutan k\u0259ndlil\u0259r \u00fc\u00e7\u00fcn bu m\u0259saf\u0259ni piyada d\u0259f etm\u0259k qeyri-m\u00fcmk\u00fcnd\u00fcr:\n<\/p>\n<p>\n  \u201cX\u0131rdaoymaq k\u0259nd m\u0259kt\u0259bind\u0259 m\u00fc\u0259llim\u0259 i\u015fl\u0259yir\u0259m. H\u0259ft\u0259d\u0259 bir ne\u00e7\u0259 d\u0259f\u0259 rayon T\u0259hsil \u015e\u00f6b\u0259sin\u0259 hans\u0131sa s\u0259n\u0259dl\u0259rl\u0259 ba\u011fl\u0131 g\u0259lm\u0259li oluram. Bu m\u0259saf\u0259ni piyada g\u0259lm\u0259k \u00fc\u00e7\u00fcn g\u0259r\u0259k alaqaranl\u0131qdan yola \u00e7\u0131x\u0131m. Bunun soyu\u011fu, \u015faxtas\u0131 var, piyada gedib-g\u0259ls\u0259m, g\u00fcn\u00fcm\u00fcn \u00e7ox hiss\u0259si yollarda ke\u00e7\u0259r. Ona g\u00f6r\u0259 d\u0259, m\u0259cburam ki, taksi il\u0259 gedim. K\u0259ndimizd\u0259n rayon m\u0259rk\u0259zin\u0259 taksi 15 manata apar\u0131r. B\u0259z\u0259n adam olmur, t\u0259k gedib-qay\u0131tmaq laz\u0131m g\u0259lir. Qay\u0131tma\u011f\u0131 da 15 manatdan hesablasaq, rayon m\u0259rk\u0259zin\u0259 bir d\u0259f\u0259 g\u0259lib-qay\u0131tma\u011f\u0131m m\u0259n\u0259 30 manata ba\u015fa g\u0259lir\u201d, -bunu i\u015fd\u0259n \u00e7\u0131xar\u0131lma ehtimal\u0131n\u0131 n\u0259z\u0259r\u0259 alaraq ad\u0131n\u0131n a\u00e7\u0131qlanmas\u0131n\u0131 ist\u0259m\u0259y\u0259n k\u0259nd m\u00fc\u0259llimi deyir.\n<\/p>\n<figure class=\"wp-block-image size-large\">\n  <img decoding=\"async\" src=\"https:\/\/www.meydan.tv\/az\/image_from_ios-2-jpg-94\/\" alt=\"image_from_ios (2).jpg\" class=\"wp-image-135673\"\/><figcaption>\n    &#8220;Bunun soyu\u011fu, \u015faxtas\u0131 var, piyada gedib-g\u0259ls\u0259m, g\u00fcn\u00fcm\u00fcn \u00e7ox hiss\u0259si yollarda ke\u00e7\u0259r&#8221;<br \/>\n  <\/figcaption><\/figure>\n<p>\n  Rayonun \u015eahn\u0259z\u0259rli, \u018fr\u0259bl\u0259r, Pir\u0259ms\u0259n k\u0259ndl\u0259rind\u0259 d\u0259 v\u0259ziyy\u0259t \u00fcr\u0259ka\u00e7an deyil. Sovet d\u00f6vr\u00fcnd\u0259 bu k\u0259ndl\u0259r\u0259 i\u015fl\u0259y\u0259n mar\u015frut avtobuslar\u0131 l\u0259\u011fv olundu\u011fundan sakinl\u0259r yaln\u0131z \u00e7ox vacib olduqda rayon m\u0259rk\u0259zin\u0259 gedirl\u0259r. Rayon m\u0259rk\u0259zind\u0259 i\u015fl\u0259y\u0259n k\u0259nd sakinl\u0259ri is\u0259 i\u015f\u0259 \u00e7\u0259tinlikl\u0259 gedib \u00e7\u0131xsalar da, geri qay\u0131tma\u011fa avtobus tapa bilmirl\u0259r.\n<\/p>\n<p>\n  \u201cG\u00fcnd\u00fcz saatlar\u0131nda Qubadan \u015eabrana, Bak\u0131ya ged\u0259n avtobuslara \u0259yl\u0259\u015fib i\u015f\u0259 g\u0259l\u0259 bilirik, saat 16:00-dan sonra Qubaya ged\u0259n avtobuslar\u0131n ham\u0131s\u0131 qeyb\u0259 \u00e7\u0259kilir. \u0130\u015fd\u0259n \u00e7\u0131x\u0131b ev\u0259 qay\u0131dana kimi z\u00fclm \u00e7\u0259kirik. \u018fslind\u0259 16:20, 17:00 v\u0259 17:40-da avtobuslar \u015eabran avtova\u011fzal\u0131ndan Qubaya yola d\u00fc\u015fm\u0259lidirl\u0259r. Lakin bu reysl\u0259rin \u00fc\u00e7\u00fc birl\u0259\u015fdiril\u0259r\u0259k yaln\u0131z bir avtobus 17:40-da avtova\u011fzaldan yola sal\u0131n\u0131r. H\u0259m d\u0259 bu g\u00fcn\u00fcn sonuncu avtobusudur. \u00dc\u00e7 avtobusun \u0259v\u0259zin\u0259 yola \u00e7\u0131xan avtobusdak\u0131 v\u0259ziyy\u0259ti \u00f6z\u00fcn\u00fcz t\u0259s\u0259vv\u00fcr edin. Bu halda oturmaqdan dan\u0131\u015fmaq bel\u0259 yersizdir, bir aya\u011f\u0131m\u0131za yer tapanda \u015f\u00fckr edirik&#8230;\u201d,- M\u0259mm\u0259dov deyir.\n<\/p>\n<p>\n  \u015eikay\u0259t\u00e7i bildirir ki, indiy\u0259 q\u0259d\u0259r yaln\u0131z Pir\u0259b\u0259dil v\u0259 Zeyv\u0259 k\u0259ndin\u0259 mar\u015frut x\u0259tti a\u00e7\u0131l\u0131b. Buna da s\u0259b\u0259b k\u0259ndin ayaqla gedil\u0259c\u0259k m\u0259saf\u0259d\u0259 deyil, rayon m\u0259rk\u0259zind\u0259n t\u0259xmin\u0259n 25-30 km aral\u0131da yerl\u0259\u015fm\u0259sidir.\n<\/p>\n<p>\n  \u015eabran Rayon \u0130cra Hakimiyy\u0259ti ba\u015f\u00e7\u0131s\u0131n\u0131n birinci m\u00fcavini Mehdi Balab\u0259yov Meydan TV-y\u0259 deyib ki, yax\u0131n vaxtlarda yol problem \u00f6z h\u0259llini tapacaq:\n<\/p>\n<p>\n  \u201c\u018fvv\u0259ll\u0259r daxili mar\u015frut x\u0259tl\u0259rini icra hakimiyy\u0259tl\u0259ri t\u0259nziml\u0259yirdi, amma yeni nizamnam\u0259y\u0259 g\u00f6r\u0259, bu m\u0259s\u0259l\u0259 Quba Regional N\u0259qliyyat Departamenti t\u0259r\u0259find\u0259n t\u0259nziml\u0259nir. Problem rayon r\u0259hb\u0259rliyinin n\u0259zar\u0259tind\u0259dir. Bu g\u00fcnl\u0259rd\u0259 ke\u00e7iril\u0259n s\u0259yyar q\u0259bulda da k\u0259nd sakinl\u0259ri k\u0259ndl\u0259r\u0259 avtubslar\u0131n olmamas\u0131 bar\u0259d\u0259 \u015fikay\u0259tl\u0259rini biz\u0259 \u00e7atd\u0131r\u0131blar. N\u0259qliyyat, Rabit\u0259 v\u0259 Y\u00fcks\u0259k Texnologiyalar nazirinin birinci m\u00fcavinin\u0259 m\u0259ktub \u00fcnvanlam\u0131\u015f\u0131q, y\u0259qin ki, yax\u0131n g\u00fcnl\u0259rd\u0259 bu m\u0259s\u0259l\u0259y\u0259 bax\u0131lacaq v\u0259 m\u00fcsb\u0259t q\u0259rar veril\u0259c\u0259k\u201d.\n<\/p>\n<figure class=\"wp-block-image size-large\">\n  <img decoding=\"async\" src=\"https:\/\/www.meydan.tv\/az\/image_from_ios-5-jpg-72\/\" alt=\"image_from_ios (5).jpg\" class=\"wp-image-135682\"\/><figcaption>\n    &#8220;Sovet d\u00f6vr\u00fcnd\u0259 bu k\u0259ndl\u0259r\u0259 i\u015fl\u0259y\u0259n mar\u015frut avtobuslar\u0131 l\u0259\u011fv olundu\u011fundan sakinl\u0259r yaln\u0131z \u00e7ox vacib olduqda rayon m\u0259rk\u0259zin\u0259 gedirl\u0259r&#8221;.<br \/>\n  <\/figcaption><\/figure>\n","protected":false},"excerpt":{"rendered":"<p>&#8220;K\u0259ndimizd\u0259n rayon m\u0259rk\u0259zin\u0259 taksi 15 manata apar\u0131r&#8221;<\/p>\n","protected":false},"author":11,"featured_media":135670,"comment_status":"closed","ping_status":"open","sticky":false,"template":"","format":"standard","meta":{"_acf_changed":false,"_sitemap_exclude":false,"_sitemap_priority":"","_sitemap_frequency":"","footnotes":""},"categories":[60],"tags":[],"class_list":["post-198755","post","type-post","status-publish","format-standard","has-post-thumbnail","hentry","category-bolge","infinite-scroll-item","generate-columns","tablet-grid-50","mobile-grid-100","grid-parent","grid-33","no-featured-image-padding"],"acf":[],"yoast_head":"<!-- This site is optimized with the Yoast SEO plugin v27.5 - https:\/\/yoast.com\/product\/yoast-seo-wordpress\/ -->\n<title>\u015eabranl\u0131lar n\u0259qliyyat problemind\u0259n \u015fikay\u0259t\u00e7idir - MEYDAN.TV<\/title>\n<meta name=\"robots\" content=\"index, follow, max-snippet:-1, max-image-preview:large, max-video-preview:-1\" \/>\n<link rel=\"canonical\" href=\"https:\/\/www.meydan.tv\/az\/article\/sabranlilar-neqliyyat-probleminden-sikayetcidir\/\" \/>\n<meta property=\"og:locale\" content=\"az_AZ\" \/>\n<meta property=\"og:type\" content=\"article\" \/>\n<meta property=\"og:title\" content=\"\u015eabranl\u0131lar n\u0259qliyyat problemind\u0259n \u015fikay\u0259t\u00e7idir - MEYDAN.TV\" \/>\n<meta property=\"og:description\" content=\"&quot;K\u0259ndimizd\u0259n rayon m\u0259rk\u0259zin\u0259 taksi 15 manata apar\u0131r&quot;\" \/>\n<meta property=\"og:url\" content=\"https:\/\/www.meydan.tv\/az\/article\/sabranlilar-neqliyyat-probleminden-sikayetcidir\/\" \/>\n<meta property=\"og:site_name\" content=\"MEYDAN.TV\" \/>\n<meta property=\"article:published_time\" content=\"2020-01-13T08:13:38+00:00\" \/>\n<meta property=\"og:image\" content=\"https:\/\/www.meydan.tv\/wp-content\/uploads\/image_from_ios_3_o2gwpfd.jpg\" \/>\n\t<meta property=\"og:image:width\" content=\"1280\" \/>\n\t<meta property=\"og:image:height\" content=\"720\" \/>\n\t<meta property=\"og:image:type\" content=\"image\/jpeg\" \/>\n<meta name=\"author\" content=\"user-manager\" \/>\n<meta name=\"twitter:card\" content=\"summary_large_image\" \/>\n<script type=\"application\/ld+json\" class=\"yoast-schema-graph\">{\"@context\":\"https:\\\/\\\/schema.org\",\"@graph\":[{\"@type\":\"Article\",\"@id\":\"https:\\\/\\\/www.meydan.tv\\\/az\\\/article\\\/sabranlilar-neqliyyat-probleminden-sikayetcidir\\\/#article\",\"isPartOf\":{\"@id\":\"https:\\\/\\\/www.meydan.tv\\\/az\\\/article\\\/sabranlilar-neqliyyat-probleminden-sikayetcidir\\\/\"},\"author\":{\"name\":\"user-manager\",\"@id\":\"https:\\\/\\\/www.meydan.tv\\\/az\\\/#\\\/schema\\\/person\\\/10d11eccf6da3662cf5fdab9806ea91a\"},\"headline\":\"\u015eabranl\u0131lar n\u0259qliyyat problemind\u0259n \u015fikay\u0259t\u00e7idir\",\"datePublished\":\"2020-01-13T08:13:38+00:00\",\"mainEntityOfPage\":{\"@id\":\"https:\\\/\\\/www.meydan.tv\\\/az\\\/article\\\/sabranlilar-neqliyyat-probleminden-sikayetcidir\\\/\"},\"wordCount\":1042,\"publisher\":{\"@id\":\"https:\\\/\\\/www.meydan.tv\\\/az\\\/#organization\"},\"image\":{\"@id\":\"https:\\\/\\\/www.meydan.tv\\\/az\\\/article\\\/sabranlilar-neqliyyat-probleminden-sikayetcidir\\\/#primaryimage\"},\"thumbnailUrl\":\"https:\\\/\\\/www.meydan.tv\\\/wp-content\\\/uploads\\\/image_from_ios_3_o2gwpfd.jpg\",\"articleSection\":[\"B\u00f6lg\u0259\"],\"inLanguage\":\"az\"},{\"@type\":\"WebPage\",\"@id\":\"https:\\\/\\\/www.meydan.tv\\\/az\\\/article\\\/sabranlilar-neqliyyat-probleminden-sikayetcidir\\\/\",\"url\":\"https:\\\/\\\/www.meydan.tv\\\/az\\\/article\\\/sabranlilar-neqliyyat-probleminden-sikayetcidir\\\/\",\"name\":\"\u015eabranl\u0131lar n\u0259qliyyat problemind\u0259n \u015fikay\u0259t\u00e7idir - MEYDAN.TV\",\"isPartOf\":{\"@id\":\"https:\\\/\\\/www.meydan.tv\\\/az\\\/#website\"},\"primaryImageOfPage\":{\"@id\":\"https:\\\/\\\/www.meydan.tv\\\/az\\\/article\\\/sabranlilar-neqliyyat-probleminden-sikayetcidir\\\/#primaryimage\"},\"image\":{\"@id\":\"https:\\\/\\\/www.meydan.tv\\\/az\\\/article\\\/sabranlilar-neqliyyat-probleminden-sikayetcidir\\\/#primaryimage\"},\"thumbnailUrl\":\"https:\\\/\\\/www.meydan.tv\\\/wp-content\\\/uploads\\\/image_from_ios_3_o2gwpfd.jpg\",\"datePublished\":\"2020-01-13T08:13:38+00:00\",\"breadcrumb\":{\"@id\":\"https:\\\/\\\/www.meydan.tv\\\/az\\\/article\\\/sabranlilar-neqliyyat-probleminden-sikayetcidir\\\/#breadcrumb\"},\"inLanguage\":\"az\",\"potentialAction\":[{\"@type\":\"ReadAction\",\"target\":[\"https:\\\/\\\/www.meydan.tv\\\/az\\\/article\\\/sabranlilar-neqliyyat-probleminden-sikayetcidir\\\/\"]}]},{\"@type\":\"ImageObject\",\"inLanguage\":\"az\",\"@id\":\"https:\\\/\\\/www.meydan.tv\\\/az\\\/article\\\/sabranlilar-neqliyyat-probleminden-sikayetcidir\\\/#primaryimage\",\"url\":\"https:\\\/\\\/www.meydan.tv\\\/wp-content\\\/uploads\\\/image_from_ios_3_o2gwpfd.jpg\",\"contentUrl\":\"https:\\\/\\\/www.meydan.tv\\\/wp-content\\\/uploads\\\/image_from_ios_3_o2gwpfd.jpg\",\"width\":1280,\"height\":720,\"caption\":\"Source: Specify Source\"},{\"@type\":\"BreadcrumbList\",\"@id\":\"https:\\\/\\\/www.meydan.tv\\\/az\\\/article\\\/sabranlilar-neqliyyat-probleminden-sikayetcidir\\\/#breadcrumb\",\"itemListElement\":[{\"@type\":\"ListItem\",\"position\":1,\"name\":\"Ana s\u0259hif\u0259\",\"item\":\"https:\\\/\\\/www.meydan.tv\\\/az\\\/\"},{\"@type\":\"ListItem\",\"position\":2,\"name\":\"B\u00f6lg\u0259\",\"item\":\"https:\\\/\\\/www.meydan.tv\\\/az\\\/section\\\/bolge\\\/\"},{\"@type\":\"ListItem\",\"position\":3,\"name\":\"\u015eabranl\u0131lar n\u0259qliyyat problemind\u0259n \u015fikay\u0259t\u00e7idir\"}]},{\"@type\":\"WebSite\",\"@id\":\"https:\\\/\\\/www.meydan.tv\\\/az\\\/#website\",\"url\":\"https:\\\/\\\/www.meydan.tv\\\/az\\\/\",\"name\":\"MEYDAN.TV\",\"description\":\"Meydan TV Az\u0259rbaycan\u0131n media m\u0259kan\u0131ndak\u0131 alternativ s\u0259sidir\",\"publisher\":{\"@id\":\"https:\\\/\\\/www.meydan.tv\\\/az\\\/#organization\"},\"potentialAction\":[{\"@type\":\"SearchAction\",\"target\":{\"@type\":\"EntryPoint\",\"urlTemplate\":\"https:\\\/\\\/www.meydan.tv\\\/az\\\/?s={search_term_string}\"},\"query-input\":{\"@type\":\"PropertyValueSpecification\",\"valueRequired\":true,\"valueName\":\"search_term_string\"}}],\"inLanguage\":\"az\"},{\"@type\":\"Organization\",\"@id\":\"https:\\\/\\\/www.meydan.tv\\\/az\\\/#organization\",\"name\":\"Meydan TV\",\"url\":\"https:\\\/\\\/www.meydan.tv\\\/az\\\/\",\"logo\":{\"@type\":\"ImageObject\",\"inLanguage\":\"az\",\"@id\":\"https:\\\/\\\/www.meydan.tv\\\/az\\\/#\\\/schema\\\/logo\\\/image\\\/\",\"url\":\"https:\\\/\\\/www.meydan.tv\\\/wp-content\\\/uploads\\\/2021\\\/07\\\/meydan-logo.svg\",\"contentUrl\":\"https:\\\/\\\/www.meydan.tv\\\/wp-content\\\/uploads\\\/2021\\\/07\\\/meydan-logo.svg\",\"width\":195,\"height\":46,\"caption\":\"Meydan TV\"},\"image\":{\"@id\":\"https:\\\/\\\/www.meydan.tv\\\/az\\\/#\\\/schema\\\/logo\\\/image\\\/\"}},{\"@type\":\"Person\",\"@id\":\"https:\\\/\\\/www.meydan.tv\\\/az\\\/#\\\/schema\\\/person\\\/10d11eccf6da3662cf5fdab9806ea91a\",\"name\":\"user-manager\"}]}<\/script>\n<!-- \/ Yoast SEO plugin. -->","yoast_head_json":{"title":"\u015eabranl\u0131lar n\u0259qliyyat problemind\u0259n \u015fikay\u0259t\u00e7idir - MEYDAN.TV","robots":{"index":"index","follow":"follow","max-snippet":"max-snippet:-1","max-image-preview":"max-image-preview:large","max-video-preview":"max-video-preview:-1"},"canonical":"https:\/\/www.meydan.tv\/az\/article\/sabranlilar-neqliyyat-probleminden-sikayetcidir\/","og_locale":"az_AZ","og_type":"article","og_title":"\u015eabranl\u0131lar n\u0259qliyyat problemind\u0259n \u015fikay\u0259t\u00e7idir - MEYDAN.TV","og_description":"\"K\u0259ndimizd\u0259n rayon m\u0259rk\u0259zin\u0259 taksi 15 manata apar\u0131r\"","og_url":"https:\/\/www.meydan.tv\/az\/article\/sabranlilar-neqliyyat-probleminden-sikayetcidir\/","og_site_name":"MEYDAN.TV","article_published_time":"2020-01-13T08:13:38+00:00","og_image":[{"width":1280,"height":720,"url":"https:\/\/www.meydan.tv\/wp-content\/uploads\/image_from_ios_3_o2gwpfd.jpg","type":"image\/jpeg"}],"author":"user-manager","twitter_card":"summary_large_image","schema":{"@context":"https:\/\/schema.org","@graph":[{"@type":"Article","@id":"https:\/\/www.meydan.tv\/az\/article\/sabranlilar-neqliyyat-probleminden-sikayetcidir\/#article","isPartOf":{"@id":"https:\/\/www.meydan.tv\/az\/article\/sabranlilar-neqliyyat-probleminden-sikayetcidir\/"},"author":{"name":"user-manager","@id":"https:\/\/www.meydan.tv\/az\/#\/schema\/person\/10d11eccf6da3662cf5fdab9806ea91a"},"headline":"\u015eabranl\u0131lar n\u0259qliyyat problemind\u0259n \u015fikay\u0259t\u00e7idir","datePublished":"2020-01-13T08:13:38+00:00","mainEntityOfPage":{"@id":"https:\/\/www.meydan.tv\/az\/article\/sabranlilar-neqliyyat-probleminden-sikayetcidir\/"},"wordCount":1042,"publisher":{"@id":"https:\/\/www.meydan.tv\/az\/#organization"},"image":{"@id":"https:\/\/www.meydan.tv\/az\/article\/sabranlilar-neqliyyat-probleminden-sikayetcidir\/#primaryimage"},"thumbnailUrl":"https:\/\/www.meydan.tv\/wp-content\/uploads\/image_from_ios_3_o2gwpfd.jpg","articleSection":["B\u00f6lg\u0259"],"inLanguage":"az"},{"@type":"WebPage","@id":"https:\/\/www.meydan.tv\/az\/article\/sabranlilar-neqliyyat-probleminden-sikayetcidir\/","url":"https:\/\/www.meydan.tv\/az\/article\/sabranlilar-neqliyyat-probleminden-sikayetcidir\/","name":"\u015eabranl\u0131lar n\u0259qliyyat problemind\u0259n \u015fikay\u0259t\u00e7idir - MEYDAN.TV","isPartOf":{"@id":"https:\/\/www.meydan.tv\/az\/#website"},"primaryImageOfPage":{"@id":"https:\/\/www.meydan.tv\/az\/article\/sabranlilar-neqliyyat-probleminden-sikayetcidir\/#primaryimage"},"image":{"@id":"https:\/\/www.meydan.tv\/az\/article\/sabranlilar-neqliyyat-probleminden-sikayetcidir\/#primaryimage"},"thumbnailUrl":"https:\/\/www.meydan.tv\/wp-content\/uploads\/image_from_ios_3_o2gwpfd.jpg","datePublished":"2020-01-13T08:13:38+00:00","breadcrumb":{"@id":"https:\/\/www.meydan.tv\/az\/article\/sabranlilar-neqliyyat-probleminden-sikayetcidir\/#breadcrumb"},"inLanguage":"az","potentialAction":[{"@type":"ReadAction","target":["https:\/\/www.meydan.tv\/az\/article\/sabranlilar-neqliyyat-probleminden-sikayetcidir\/"]}]},{"@type":"ImageObject","inLanguage":"az","@id":"https:\/\/www.meydan.tv\/az\/article\/sabranlilar-neqliyyat-probleminden-sikayetcidir\/#primaryimage","url":"https:\/\/www.meydan.tv\/wp-content\/uploads\/image_from_ios_3_o2gwpfd.jpg","contentUrl":"https:\/\/www.meydan.tv\/wp-content\/uploads\/image_from_ios_3_o2gwpfd.jpg","width":1280,"height":720,"caption":"Source: Specify Source"},{"@type":"BreadcrumbList","@id":"https:\/\/www.meydan.tv\/az\/article\/sabranlilar-neqliyyat-probleminden-sikayetcidir\/#breadcrumb","itemListElement":[{"@type":"ListItem","position":1,"name":"Ana s\u0259hif\u0259","item":"https:\/\/www.meydan.tv\/az\/"},{"@type":"ListItem","position":2,"name":"B\u00f6lg\u0259","item":"https:\/\/www.meydan.tv\/az\/section\/bolge\/"},{"@type":"ListItem","position":3,"name":"\u015eabranl\u0131lar n\u0259qliyyat problemind\u0259n \u015fikay\u0259t\u00e7idir"}]},{"@type":"WebSite","@id":"https:\/\/www.meydan.tv\/az\/#website","url":"https:\/\/www.meydan.tv\/az\/","name":"MEYDAN.TV","description":"Meydan TV Az\u0259rbaycan\u0131n media m\u0259kan\u0131ndak\u0131 alternativ s\u0259sidir","publisher":{"@id":"https:\/\/www.meydan.tv\/az\/#organization"},"potentialAction":[{"@type":"SearchAction","target":{"@type":"EntryPoint","urlTemplate":"https:\/\/www.meydan.tv\/az\/?s={search_term_string}"},"query-input":{"@type":"PropertyValueSpecification","valueRequired":true,"valueName":"search_term_string"}}],"inLanguage":"az"},{"@type":"Organization","@id":"https:\/\/www.meydan.tv\/az\/#organization","name":"Meydan TV","url":"https:\/\/www.meydan.tv\/az\/","logo":{"@type":"ImageObject","inLanguage":"az","@id":"https:\/\/www.meydan.tv\/az\/#\/schema\/logo\/image\/","url":"https:\/\/www.meydan.tv\/wp-content\/uploads\/2021\/07\/meydan-logo.svg","contentUrl":"https:\/\/www.meydan.tv\/wp-content\/uploads\/2021\/07\/meydan-logo.svg","width":195,"height":46,"caption":"Meydan TV"},"image":{"@id":"https:\/\/www.meydan.tv\/az\/#\/schema\/logo\/image\/"}},{"@type":"Person","@id":"https:\/\/www.meydan.tv\/az\/#\/schema\/person\/10d11eccf6da3662cf5fdab9806ea91a","name":"user-manager"}]}},"_links":{"self":[{"href":"https:\/\/www.meydan.tv\/az\/wp-json\/wp\/v2\/posts\/198755","targetHints":{"allow":["GET"]}}],"collection":[{"href":"https:\/\/www.meydan.tv\/az\/wp-json\/wp\/v2\/posts"}],"about":[{"href":"https:\/\/www.meydan.tv\/az\/wp-json\/wp\/v2\/types\/post"}],"author":[{"embeddable":true,"href":"https:\/\/www.meydan.tv\/az\/wp-json\/wp\/v2\/users\/11"}],"replies":[{"embeddable":true,"href":"https:\/\/www.meydan.tv\/az\/wp-json\/wp\/v2\/comments?post=198755"}],"version-history":[{"count":0,"href":"https:\/\/www.meydan.tv\/az\/wp-json\/wp\/v2\/posts\/198755\/revisions"}],"wp:featuredmedia":[{"embeddable":true,"href":"https:\/\/www.meydan.tv\/az\/wp-json\/wp\/v2\/media\/135670"}],"wp:attachment":[{"href":"https:\/\/www.meydan.tv\/az\/wp-json\/wp\/v2\/media?parent=198755"}],"wp:term":[{"taxonomy":"category","embeddable":true,"href":"https:\/\/www.meydan.tv\/az\/wp-json\/wp\/v2\/categories?post=198755"},{"taxonomy":"post_tag","embeddable":true,"href":"https:\/\/www.meydan.tv\/az\/wp-json\/wp\/v2\/tags?post=198755"}],"curies":[{"name":"wp","href":"https:\/\/api.w.org\/{rel}","templated":true}]}}