{"id":198748,"date":"2020-01-12T11:45:17","date_gmt":"2020-01-12T11:45:17","guid":{"rendered":"https:\/\/www.meydan.tv\/article\/vahid-mustafayev-mehkemenin-qerarina-tesir-edir\/"},"modified":"2020-01-12T11:45:17","modified_gmt":"2020-01-12T11:45:17","slug":"vahid-mustafayev-mehkemenin-qerarina-tesir-edir","status":"publish","type":"post","link":"https:\/\/www.meydan.tv\/az\/article\/vahid-mustafayev-mehkemenin-qerarina-tesir-edir\/","title":{"rendered":"Vahid Mustafayev m\u0259hk\u0259m\u0259nin q\u0259rar\u0131na t\u0259sir edir?"},"content":{"rendered":"<p>\n  <i><br \/>\n    Ke\u00e7mi\u015f ANS r\u0259hb\u0259ri il\u0259 \u201cYasamal 15\u201d-in sakinl\u0259ri aras\u0131nda m\u0259hk\u0259m\u0259 \u00e7\u0259ki\u015fm\u0259si var<br \/>\n  <\/i>\n<\/p>\n<p>\n  Hakim bu g\u00fcn bir q\u0259rar, be\u015f g\u00fcn sonra is\u0259 tamamil\u0259 \u0259ks q\u0259rar q\u0259bul ed\u0259 bil\u0259rmi?\n<\/p>\n<p>\n  D\u00f6vl\u0259t qurumunun r\u0259smi n\u00fcmay\u0259nd\u0259si m\u0259hk\u0259m\u0259y\u0259 yalan s\u0259n\u0259d t\u0259qdim ed\u0259 bil\u0259rmi?\n<\/p>\n<p>\n  M\u0259hk\u0259m\u0259 bu s\u0259n\u0259di q\u0259bul edib, q\u0259rar \u00e7\u0131xarark\u0259n onu n\u0259z\u0259r\u0259 ala bil\u0259rmi?\n<\/p>\n<p>\n  \u0130lk bax\u0131\u015fda bu suallar\u0131n cavab\u0131 g\u00f6z qaba\u011f\u0131ndad\u0131r &#8211; \u0259lb\u0259tt\u0259 ki, yox, bel\u0259 bir \u015fey ola bilm\u0259z, olmamal\u0131d\u0131r. Amma, t\u0259s\u0259vv\u00fcr edin ki, bel\u0259 bir \u015fey olur.\n<\/p>\n<p>\n  \u201cTuran\u201d \u0130nformasiya Agetliyi Quban X\u0259lilov k\u00fc\u00e7\u0259si, 5 \u00fcnvan\u0131nda yerl\u0259\u015f\u0259n binan\u0131n sakinl\u0259ri v\u0259 ba\u011flanm\u0131\u015f ANS telekanal\u0131n\u0131n sahibi Vahid Mustafayev aras\u0131nda d\u00f6rd ayd\u0131r davam ed\u0259n m\u0259hk\u0259m\u0259 \u00e7\u0259ki\u015fm\u0259si haqq\u0131nda yazm\u0131\u015fd\u0131. M\u0259hz bu prosesd\u0259 bel\u0259 q\u0259rib\u0259 hallar ba\u015f verir.\n<\/p>\n<p>\n  Agentliyin yazd\u0131\u011f\u0131na g\u00f6r\u0259, m\u00fcnaqi\u015f\u0259nin m\u0259\u011fzi bel\u0259dir: Vahid Mustafayevin bu evd\u0259 m\u0259nzili var, amma ill\u0259rdir kommunal x\u0259rcl\u0259ri \u00f6d\u0259mir, bunu guya orada ya\u015famamas\u0131 il\u0259 \u0259sasland\u0131r\u0131r. \u018fslind\u0259 is\u0259 o, m\u00fcnt\u0259z\u0259m olaraq m\u0259nzili kiray\u0259 verir v\u0259 \u00f6z\u00fc d\u0259 m\u00fcnt\u0259z\u0259m olaraq ondan istifad\u0259 edir.\n<\/p>\n<p>\n  Sakinl\u0259r m\u0259nzil sahibind\u0259n kommunal x\u0259rcl\u0259ri, t\u0259mir x\u0259rcl\u0259rini v\u0259 infrastrukturun saxlan\u0131lmas\u0131 x\u0259rcl\u0259rini \u00f6d\u0259m\u0259yi t\u0259l\u0259b ed\u0259n Az\u0259rbaycan M\u0259nzil M\u0259c\u0259ll\u0259sin\u0259 istinad edirl\u0259r. Qanuna \u0259sas\u0259n, bu, m\u0259nzilin istifad\u0259sind\u0259n as\u0131l\u0131 olmayaraq, b\u00fct\u00fcn m\u00fclkiyy\u0259t sahibl\u0259rinin \u00f6hd\u0259liyidir.\n<\/p>\n<p>\n  Mustafayev 2003-c\u00fc ild\u0259 bu binada m\u0259nzil al\u0131b, amma 2006-c\u0131 ild\u0259n sonra kommunal x\u0259rcl\u0259ri \u00f6d\u0259m\u0259yi dayand\u0131r\u0131b.\n<\/p>\n<p>\n  Son 5 ild\u0259 o, m\u0259nzili icar\u0259y\u0259 verib, m\u00fcnt\u0259z\u0259m olaraq ev\u0259 g\u0259lib, elektrik enerjisi, su v\u0259 isitm\u0259d\u0259n istifad\u0259 edib. Bu zaman o, borcunun \u00e7ox az hiss\u0259sini \u00f6d\u0259yib. Bu m\u00fcdd\u0259t \u00fc\u00e7\u00fcn \u00f6d\u0259nilm\u0259mi\u015f borc 5500 manat t\u0259\u015fkil edib.\n<\/p>\n<p>\n  \u00c7oxsayl\u0131 m\u00fcraci\u0259tl\u0259r\u0259 v\u0259 raz\u0131la\u015fma c\u0259hdl\u0259rin\u0259 baxmayaraq, Mustafayev borcunu \u00f6d\u0259m\u0259kd\u0259n imtina edir. Bu arada, binada vahid isitm\u0259 sistemi (qazanxana), vahid soyuq v\u0259 isti su sistemi var. Bir n\u0259f\u0259rin imtina etm\u0259si avtomatik olaraq o dem\u0259kdir ki, dig\u0259r sakinl\u0259r onun yerin\u0259 \u00f6d\u0259ni\u015f etm\u0259k m\u0259cburiyy\u0259tind\u0259dirl\u0259r. Bu, liftl\u0259r, su vuran motorlar, binan\u0131n i\u015f\u0131qland\u0131r\u0131lmas\u0131 \u00fc\u00e7\u00fcn elektrik enerjisi v\u0259 binan\u0131n m\u00fchafiz\u0259si x\u0259rcl\u0259rin\u0259 d\u0259 aiddir.\n<\/p>\n<p>\n  \u00dcmidini itir\u0259n bina sakinl\u0259ri M\u0259nzil M\u00fclkiyy\u0259t\u00e7il\u0259ri C\u0259miyy\u0259tl\u0259rinin (&quot;Yasamal-15&quot;) \u00fcmumi y\u0131\u011f\u0131nca\u011f\u0131n\u0131 ke\u00e7iribl\u0259r v\u0259 Mustafayevin m\u0259nzilin\u0259 elektrik enerjisi verili\u015fini dayand\u0131rmaq q\u0259rar\u0131na g\u0259libl\u0259r. Buna cavab olaraq Mustafayev m\u0259hk\u0259m\u0259y\u0259 m\u00fcraci\u0259t ed\u0259r\u0259k, sakinl\u0259ri onun h\u00fcquqlar\u0131n\u0131 pozmaqda ittiham edib v\u0259 ona 10000 manat m\u0259n\u0259vi t\u0259zminat v\u0259 itirdiyi g\u0259lirin\u0259 g\u00f6r\u0259 1200 manat (!) \u00f6d\u0259m\u0259yi t\u0259l\u0259b edib.\n<\/p>\n<p>\n  2019-cu ilin oktyabr\u0131nda Yasamal M\u0259hk\u0259m\u0259sind\u0259 ba\u015flam\u0131\u015f prosesd\u0259 &quot;Yasamal-15&quot;in v\u0259kili Vahid Mustafayevin son 5 ild\u0259 kommunal x\u0259rcl\u0259rin \u00e7ox az hiss\u0259sini \u00f6d\u0259diyini t\u0259sdiq ed\u0259n s\u0259n\u0259dl\u0259r t\u0259qdim edib. \u00d6z n\u00f6vb\u0259sind\u0259, Vahid Mustafayevin n\u00fcmay\u0259nd\u0259si onun borcun qalan hiss\u0259sini \u00f6d\u0259m\u0259kd\u0259n imtina etm\u0259sinin s\u0259b\u0259bini izah ed\u0259 bilm\u0259yib.\n<\/p>\n<p>\n  Az\u0259rbaycan M\u0259nzil M\u0259c\u0259ll\u0259sin\u0259 \u0259sas\u0259n, m\u0259nzil m\u00fclkiyy\u0259t\u00e7isi m\u0259nzild\u0259 ya\u015fay\u0131b-ya\u015famamas\u0131ndan, ondan istifad\u0259 edib-etm\u0259m\u0259sind\u0259n as\u0131l\u0131 olmayaraq, kommunal xidm\u0259tl\u0259r\u0259 g\u00f6r\u0259 \u00f6d\u0259ni\u015f etm\u0259k \u00f6hd\u0259liyi da\u015f\u0131y\u0131r.\n<\/p>\n<p>\n  &quot;Turan\u201d\u0131n yazd\u0131\u011f\u0131na g\u00f6r\u0259, hakim Emin Mehdiyev t\u0259r\u0259fl\u0259r\u0259 yax\u015f\u0131l\u0131qla raz\u0131la\u015fma\u011f\u0131 t\u0259klif edib. O, \u0259vv\u0259lc\u0259 &quot;Yasamal-15&quot;in v\u0259kilind\u0259n sakinl\u0259rin Mustafayev\u0259 g\u00fcz\u0259\u015ft etm\u0259y\u0259 haz\u0131r olub-olmad\u0131qlar\u0131n\u0131 soru\u015fub. M\u00fcsb\u0259t cavab alan hakim t\u0259r\u0259fl\u0259r\u0259 m\u00fcbahis\u0259ni bar\u0131\u015f\u0131q yolu il\u0259 h\u0259ll etm\u0259k \u00fc\u00e7\u00fcn vaxt verib.\n<\/p>\n<p>\n  Amma \u00fc\u00e7 h\u0259ft\u0259 h\u0259d\u0259r gedib, Mustafayevd\u0259n he\u00e7 bir t\u0259klif g\u0259lm\u0259yib. Bunun yerin\u0259 onun v\u0259kili m\u0259hk\u0259m\u0259y\u0259 iddian\u0131 t\u0259min etm\u0259k v\u0259 m\u0259hk\u0259m\u0259nin yekun q\u0259rar\u0131 veril\u0259n\u0259 q\u0259d\u0259r elektrik enerjisi verili\u015finin b\u0259rpa edilm\u0259si haqq\u0131nda q\u0259rar q\u0259bul etm\u0259k xahi\u015fi il\u0259 m\u00fcraci\u0259t edib.\n<\/p>\n<p>\n  Oktyabr\u0131n 31-d\u0259 hakim xahi\u015fin faktiki olaraq Vahid Mustafayevin iddias\u0131 il\u0259 \u00fcst-\u00fcst\u0259 d\u00fc\u015fd\u00fcy\u00fcn\u0259 istinad ed\u0259r\u0259k, onu t\u0259min etm\u0259yib. Hakimin q\u0259rar\u0131 bina sakinl\u0259ri t\u0259r\u0259find\u0259n m\u0259mnuniyy\u0259tl\u0259 q\u0259bul edilib v\u0259 n\u00f6vb\u0259ti iclas dekabra t\u0259yin edilib. Amma el\u0259 bu zaman q\u0259rib\u0259likl\u0259r ba\u015flay\u0131b.\n<\/p>\n<p>\n  Bel\u0259 ki, iki h\u0259ft\u0259 sonra &#8211; noyabr\u0131n 15-d\u0259 el\u0259 h\u0259min hakim Emin Mehdiyev \u0259vv\u0259lki q\u0259rar\u0131na tamamil\u0259 \u0259ks olan q\u0259rar q\u0259bul edib &#8211; elektrik enerjisi verili\u015fi b\u0259rpa edilsin. Bu zaman &quot;Yasamal-15&quot;in n\u00fcmay\u0259nd\u0259l\u0259rin\u0259 bu \u0259lav\u0259 iclas haqq\u0131nda m\u0259lumat verilmir (!)\n<\/p>\n<p>\n  Hakim v\u0259kilin v\u0259 &quot;Yasamal-15&quot; n\u00fcmay\u0259nd\u0259l\u0259rinin sor\u011fular\u0131na cavabda \u00f6z q\u0259rar\u0131n\u0131 niy\u0259 l\u0259\u011fv etdiyini v\u0259 onu n\u0259 il\u0259 \u0259sasland\u0131rd\u0131\u011f\u0131n\u0131 ayd\u0131n \u015f\u0259kild\u0259 izah ed\u0259 bilmir.\n<\/p>\n<p>\n  \u0130\u015fd\u0259 &quot;Az\u0259ri\u015f\u0131q&quot;\u0131n \u015f\u0259xsind\u0259 daha bir cavabdeh var. Vahid Mustafayev bu idar\u0259y\u0259 qar\u015f\u0131 da iddia qald\u0131raraq, onun h\u00fcquqlar\u0131n\u0131 t\u0259min etm\u0259diyin\u0259 g\u00f6r\u0259 idar\u0259ni c\u0259zaland\u0131rma\u011f\u0131 t\u0259l\u0259b edib.\n<\/p>\n<p>\n  Bu t\u0259\u015fkilat\u0131n n\u00fcmay\u0259nd\u0259si Fuad Qas\u0131mzad\u0259 b\u00fct\u00fcn iclaslarda i\u015ftirak edir v\u0259 \u0259vv\u0259ld\u0259 hakim ondan sakinl\u0259rin Vahid Mustafayevin t\u0259kc\u0259 elektrik enerjisin\u0259 g\u00f6r\u0259 borcunun 300 manat\u0131 ke\u00e7diyi bar\u0259d\u0259 iddialar\u0131n\u0131 yoxlama\u011f\u0131 xahi\u015f edib. H\u0259m\u00e7inin, hakim binada elektrik enerjisin\u0259 n\u0259zar\u0259t sisteminin nec\u0259 oldu\u011funu v\u0259 b\u00fct\u00fcn sakinl\u0259rin abun\u0259 kodunun olub-olmad\u0131\u011f\u0131n\u0131 m\u00fc\u0259yy\u0259nl\u0259\u015fdirm\u0259yi xahi\u015f edib.\n<\/p>\n<p>\n  N\u00f6vb\u0259ti iclasda Fuad Qas\u0131mzad\u0259 bildirib ki, b\u00fct\u00fcnl\u00fckd\u0259 binan\u0131n borcu 2000 manat t\u0259\u015fkil edir, Mustafayevin is\u0259 borcu yoxdur. Bu zaman Qas\u0131mzad\u0259 \u00f6z iddias\u0131n\u0131 he\u00e7 c\u00fcr \u0259sasland\u0131rmay\u0131b v\u0259 Mustafayevin abun\u0259 kodunun olub-olmad\u0131\u011f\u0131 haqq\u0131nda suala cavab verm\u0259yib.\n<\/p>\n<p>\n  &quot;Yasamal-15&quot;in n\u00fcmay\u0259nd\u0259sinin dig\u0259r bina sakinl\u0259rinin borcu olub-olmad\u0131\u011f\u0131 haqq\u0131nda sual\u0131na &quot;Az\u0259ri\u015f\u0131q&quot; n\u00fcmay\u0259nd\u0259si cavab ver\u0259 bilm\u0259yib. O, h\u0259m\u00e7inin bina sakinl\u0259rinin he\u00e7 birinin borcu olmad\u0131\u011f\u0131 halda, binan\u0131n borcunun haradan \u00e7\u0131xd\u0131\u011f\u0131 bar\u0259d\u0259 suala cavab ver\u0259 bilm\u0259yib.\n<\/p>\n<p>\n  Geriy\u0259 qay\u0131daraq qeyd ed\u0259k ki, &quot;Az\u0259ri\u015f\u0131q&quot; n\u00fcmay\u0259nd\u0259si yen\u0259 d\u0259 m\u0259hk\u0259m\u0259y\u0259 bir s\u0259n\u0259d t\u0259qdim edib, m\u0259hk\u0259m\u0259 d\u0259 elektrik enerjisi verili\u015finin b\u0259rpa edilm\u0259si haqq\u0131nda q\u0259rar \u00e7\u0131xar\u0131b.\n<\/p>\n<p>\n  Yasamal rayonunun bu q\u0259rar\u0131ndan apelyasiya \u015fikay\u0259ti verilib, Dekabr\u0131n 24-d\u0259 Apelyasiya M\u0259hk\u0259m\u0259sind\u0259 ke\u00e7iril\u0259n prosesd\u0259 Fuad Qas\u0131mzad\u0259 yen\u0259 bu s\u0259n\u0259di t\u0259qdim ed\u0259r\u0259k, Vahid Mustafayevin borcunun olmad\u0131\u011f\u0131n\u0131 bildirib.\n<\/p>\n<p>\n  V\u00fcqar H\u0259s\u0259novun s\u0259drlik etdiyi m\u0259hk\u0259m\u0259 hey\u0259ti s\u0259n\u0259di q\u0259bul edib v\u0259 Yasamal Rayon M\u0259hk\u0259m\u0259sinin hakimi Emin Mehdiyevi q\u0259rar\u0131n\u0131 q\u00fcvv\u0259d\u0259 saxlay\u0131b.\n<\/p>\n<p>\n  M\u0259lum olub ki, m\u0259hk\u0259m\u0259y\u0259 t\u0259qdim edilmi\u015f v\u0259 m\u0259hk\u0259m\u0259 t\u0259r\u0259find\u0259n d\u0259lil kimi q\u0259bul edilmi\u015f Vahid Mustafayevin borcu olmamas\u0131 haqq\u0131nda &quot;s\u0259n\u0259d&quot;in bu i\u015fl\u0259 he\u00e7 bir \u0259laq\u0259si yoxdur &#8211; bu, tamamil\u0259 ba\u015fqa \u00fcnvanda tamamil\u0259 ba\u015fqa m\u0259nzilin elektrik enerjisi borcunun \u00f6d\u0259nildiyi haqq\u0131nda s\u0259n\u0259ddir!\n<\/p>\n<p>\n  Y\u0259ni, bu, \u015e\u0259rifzad\u0259 k\u00fc\u00e7\u0259sind\u0259 Fuad Mustafayevin (g\u00f6r\u00fcnd\u00fcy\u00fc q\u0259d\u0259r, Vahidin atas\u0131n\u0131n) ad\u0131na olan m\u0259nzilin kod g\u00f6st\u0259ricisidir.\n<\/p>\n<p>\n  Fuad Qas\u0131mzad\u0259 &quot;Yasamal-15&quot;in m\u0259hk\u0259m\u0259y\u0259 i\u015fl\u0259 \u0259laq\u0259si olmayan s\u0259n\u0259di t\u0259qdim etm\u0259sinin s\u0259b\u0259bi haqq\u0131nda sual\u0131na cavab ver\u0259 bilm\u0259yib. Eyni zamanda, o, &quot;Yasamal-15&quot;in v\u0259kilinin a\u015fa\u011f\u0131dak\u0131 \u00fc\u00e7 sor\u011fusuna cavab\u0131n\u0131 m\u0259hk\u0259m\u0259y\u0259 t\u0259qdim etm\u0259yib: &quot;Az\u0259ri\u015f\u0131q&quot;\u0131n Vahid Mustafayevl\u0259 Qurban X\u0259lilov k\u00fc\u00e7., 5 \u00fcnvan\u0131na elektrik enerjisi verilm\u0259si haqq\u0131nda m\u00fcqavil\u0259si v\u0259 orada abun\u0259 kodu varm\u0131? Bu binada elektrik enerjisind\u0259n istifad\u0259 v\u0259 ona g\u00f6r\u0259 \u00f6d\u0259ni\u015f\u0259 nec\u0259 n\u0259zar\u0259t olunur? Son 5 ild\u0259 Mustafayev n\u0259 q\u0259d\u0259r elektrik enerjisind\u0259n istifad\u0259 edib v\u0259 n\u0259 q\u0259d\u0259r \u00f6d\u0259ni\u015f edib?\n<\/p>\n<p>\n  Bu m\u0259hk\u0259m\u0259 prosesi 2019-cu ilin oktyabr\u0131ndan davam edir. Agentlik yaz\u0131r ki, Yasamal Rayon M\u0259hk\u0259m\u0259si h\u0259l\u0259lik yekun q\u0259rar \u00e7\u0131xarmay\u0131b. Amma i\u015fin gedi\u015fat\u0131 yeni s\u00fcrprizl\u0259r v\u0259d edir.<\/p>\n","protected":false},"excerpt":{"rendered":"<p>Mustafayev 2003-c\u00fc ild\u0259 bu binada m\u0259nzil al\u0131b, amma 2006-c\u0131 ild\u0259n sonra kommunal x\u0259rcl\u0259ri \u00f6d\u0259m\u0259yi dayand\u0131r\u0131b.<\/p>\n","protected":false},"author":11,"featured_media":74111,"comment_status":"closed","ping_status":"open","sticky":false,"template":"","format":"standard","meta":{"_acf_changed":false,"_sitemap_exclude":false,"_sitemap_priority":"","_sitemap_frequency":"","footnotes":""},"categories":[53],"tags":[],"class_list":["post-198748","post","type-post","status-publish","format-standard","has-post-thumbnail","hentry","category-iqtisadiyyat","infinite-scroll-item","generate-columns","tablet-grid-50","mobile-grid-100","grid-parent","grid-33","no-featured-image-padding"],"acf":[],"yoast_head":"<!-- This site is optimized with the Yoast SEO plugin v27.4 - https:\/\/yoast.com\/product\/yoast-seo-wordpress\/ -->\n<title>Vahid Mustafayev m\u0259hk\u0259m\u0259nin q\u0259rar\u0131na t\u0259sir edir? - MEYDAN.TV<\/title>\n<meta name=\"robots\" content=\"index, follow, max-snippet:-1, max-image-preview:large, max-video-preview:-1\" \/>\n<link rel=\"canonical\" href=\"https:\/\/www.meydan.tv\/az\/article\/vahid-mustafayev-mehkemenin-qerarina-tesir-edir\/\" \/>\n<meta property=\"og:locale\" content=\"az_AZ\" \/>\n<meta property=\"og:type\" content=\"article\" \/>\n<meta property=\"og:title\" content=\"Vahid Mustafayev m\u0259hk\u0259m\u0259nin q\u0259rar\u0131na t\u0259sir edir? - MEYDAN.TV\" \/>\n<meta property=\"og:description\" content=\"Mustafayev 2003-c\u00fc ild\u0259 bu binada m\u0259nzil al\u0131b, amma 2006-c\u0131 ild\u0259n sonra kommunal x\u0259rcl\u0259ri \u00f6d\u0259m\u0259yi dayand\u0131r\u0131b.\" \/>\n<meta property=\"og:url\" content=\"https:\/\/www.meydan.tv\/az\/article\/vahid-mustafayev-mehkemenin-qerarina-tesir-edir\/\" \/>\n<meta property=\"og:site_name\" content=\"MEYDAN.TV\" \/>\n<meta property=\"article:published_time\" content=\"2020-01-12T11:45:17+00:00\" \/>\n<meta property=\"og:image\" content=\"https:\/\/www.meydan.tv\/wp-content\/uploads\/28617-scaled.jpg\" \/>\n\t<meta property=\"og:image:width\" content=\"2560\" \/>\n\t<meta property=\"og:image:height\" content=\"1707\" \/>\n\t<meta property=\"og:image:type\" content=\"image\/jpeg\" \/>\n<meta name=\"author\" content=\"user-manager\" \/>\n<meta name=\"twitter:card\" content=\"summary_large_image\" \/>\n<script type=\"application\/ld+json\" class=\"yoast-schema-graph\">{\"@context\":\"https:\\\/\\\/schema.org\",\"@graph\":[{\"@type\":\"Article\",\"@id\":\"https:\\\/\\\/www.meydan.tv\\\/az\\\/article\\\/vahid-mustafayev-mehkemenin-qerarina-tesir-edir\\\/#article\",\"isPartOf\":{\"@id\":\"https:\\\/\\\/www.meydan.tv\\\/az\\\/article\\\/vahid-mustafayev-mehkemenin-qerarina-tesir-edir\\\/\"},\"author\":{\"name\":\"user-manager\",\"@id\":\"https:\\\/\\\/www.meydan.tv\\\/az\\\/#\\\/schema\\\/person\\\/10d11eccf6da3662cf5fdab9806ea91a\"},\"headline\":\"Vahid Mustafayev m\u0259hk\u0259m\u0259nin q\u0259rar\u0131na t\u0259sir edir?\",\"datePublished\":\"2020-01-12T11:45:17+00:00\",\"mainEntityOfPage\":{\"@id\":\"https:\\\/\\\/www.meydan.tv\\\/az\\\/article\\\/vahid-mustafayev-mehkemenin-qerarina-tesir-edir\\\/\"},\"wordCount\":1577,\"publisher\":{\"@id\":\"https:\\\/\\\/www.meydan.tv\\\/az\\\/#organization\"},\"image\":{\"@id\":\"https:\\\/\\\/www.meydan.tv\\\/az\\\/article\\\/vahid-mustafayev-mehkemenin-qerarina-tesir-edir\\\/#primaryimage\"},\"thumbnailUrl\":\"https:\\\/\\\/www.meydan.tv\\\/wp-content\\\/uploads\\\/28617-scaled-e1728647719447.jpg\",\"articleSection\":[\"\u0130qtisadiyyat\"],\"inLanguage\":\"az\"},{\"@type\":\"WebPage\",\"@id\":\"https:\\\/\\\/www.meydan.tv\\\/az\\\/article\\\/vahid-mustafayev-mehkemenin-qerarina-tesir-edir\\\/\",\"url\":\"https:\\\/\\\/www.meydan.tv\\\/az\\\/article\\\/vahid-mustafayev-mehkemenin-qerarina-tesir-edir\\\/\",\"name\":\"Vahid Mustafayev m\u0259hk\u0259m\u0259nin q\u0259rar\u0131na t\u0259sir edir? - MEYDAN.TV\",\"isPartOf\":{\"@id\":\"https:\\\/\\\/www.meydan.tv\\\/az\\\/#website\"},\"primaryImageOfPage\":{\"@id\":\"https:\\\/\\\/www.meydan.tv\\\/az\\\/article\\\/vahid-mustafayev-mehkemenin-qerarina-tesir-edir\\\/#primaryimage\"},\"image\":{\"@id\":\"https:\\\/\\\/www.meydan.tv\\\/az\\\/article\\\/vahid-mustafayev-mehkemenin-qerarina-tesir-edir\\\/#primaryimage\"},\"thumbnailUrl\":\"https:\\\/\\\/www.meydan.tv\\\/wp-content\\\/uploads\\\/28617-scaled-e1728647719447.jpg\",\"datePublished\":\"2020-01-12T11:45:17+00:00\",\"breadcrumb\":{\"@id\":\"https:\\\/\\\/www.meydan.tv\\\/az\\\/article\\\/vahid-mustafayev-mehkemenin-qerarina-tesir-edir\\\/#breadcrumb\"},\"inLanguage\":\"az\",\"potentialAction\":[{\"@type\":\"ReadAction\",\"target\":[\"https:\\\/\\\/www.meydan.tv\\\/az\\\/article\\\/vahid-mustafayev-mehkemenin-qerarina-tesir-edir\\\/\"]}]},{\"@type\":\"ImageObject\",\"inLanguage\":\"az\",\"@id\":\"https:\\\/\\\/www.meydan.tv\\\/az\\\/article\\\/vahid-mustafayev-mehkemenin-qerarina-tesir-edir\\\/#primaryimage\",\"url\":\"https:\\\/\\\/www.meydan.tv\\\/wp-content\\\/uploads\\\/28617-scaled-e1728647719447.jpg\",\"contentUrl\":\"https:\\\/\\\/www.meydan.tv\\\/wp-content\\\/uploads\\\/28617-scaled-e1728647719447.jpg\",\"width\":2560,\"height\":1216,\"caption\":\"Vahid Mustafayev. Foto: ANS\"},{\"@type\":\"BreadcrumbList\",\"@id\":\"https:\\\/\\\/www.meydan.tv\\\/az\\\/article\\\/vahid-mustafayev-mehkemenin-qerarina-tesir-edir\\\/#breadcrumb\",\"itemListElement\":[{\"@type\":\"ListItem\",\"position\":1,\"name\":\"Ana s\u0259hif\u0259\",\"item\":\"https:\\\/\\\/www.meydan.tv\\\/az\\\/\"},{\"@type\":\"ListItem\",\"position\":2,\"name\":\"\u0130qtisadiyyat\",\"item\":\"https:\\\/\\\/www.meydan.tv\\\/az\\\/section\\\/iqtisadiyyat\\\/\"},{\"@type\":\"ListItem\",\"position\":3,\"name\":\"Vahid Mustafayev m\u0259hk\u0259m\u0259nin q\u0259rar\u0131na t\u0259sir edir?\"}]},{\"@type\":\"WebSite\",\"@id\":\"https:\\\/\\\/www.meydan.tv\\\/az\\\/#website\",\"url\":\"https:\\\/\\\/www.meydan.tv\\\/az\\\/\",\"name\":\"MEYDAN.TV\",\"description\":\"Meydan TV Az\u0259rbaycan\u0131n media m\u0259kan\u0131ndak\u0131 alternativ s\u0259sidir\",\"publisher\":{\"@id\":\"https:\\\/\\\/www.meydan.tv\\\/az\\\/#organization\"},\"potentialAction\":[{\"@type\":\"SearchAction\",\"target\":{\"@type\":\"EntryPoint\",\"urlTemplate\":\"https:\\\/\\\/www.meydan.tv\\\/az\\\/?s={search_term_string}\"},\"query-input\":{\"@type\":\"PropertyValueSpecification\",\"valueRequired\":true,\"valueName\":\"search_term_string\"}}],\"inLanguage\":\"az\"},{\"@type\":\"Organization\",\"@id\":\"https:\\\/\\\/www.meydan.tv\\\/az\\\/#organization\",\"name\":\"Meydan TV\",\"url\":\"https:\\\/\\\/www.meydan.tv\\\/az\\\/\",\"logo\":{\"@type\":\"ImageObject\",\"inLanguage\":\"az\",\"@id\":\"https:\\\/\\\/www.meydan.tv\\\/az\\\/#\\\/schema\\\/logo\\\/image\\\/\",\"url\":\"https:\\\/\\\/www.meydan.tv\\\/wp-content\\\/uploads\\\/2021\\\/07\\\/meydan-logo.svg\",\"contentUrl\":\"https:\\\/\\\/www.meydan.tv\\\/wp-content\\\/uploads\\\/2021\\\/07\\\/meydan-logo.svg\",\"width\":195,\"height\":46,\"caption\":\"Meydan TV\"},\"image\":{\"@id\":\"https:\\\/\\\/www.meydan.tv\\\/az\\\/#\\\/schema\\\/logo\\\/image\\\/\"}},{\"@type\":\"Person\",\"@id\":\"https:\\\/\\\/www.meydan.tv\\\/az\\\/#\\\/schema\\\/person\\\/10d11eccf6da3662cf5fdab9806ea91a\",\"name\":\"user-manager\"}]}<\/script>\n<!-- \/ Yoast SEO plugin. -->","yoast_head_json":{"title":"Vahid Mustafayev m\u0259hk\u0259m\u0259nin q\u0259rar\u0131na t\u0259sir edir? - MEYDAN.TV","robots":{"index":"index","follow":"follow","max-snippet":"max-snippet:-1","max-image-preview":"max-image-preview:large","max-video-preview":"max-video-preview:-1"},"canonical":"https:\/\/www.meydan.tv\/az\/article\/vahid-mustafayev-mehkemenin-qerarina-tesir-edir\/","og_locale":"az_AZ","og_type":"article","og_title":"Vahid Mustafayev m\u0259hk\u0259m\u0259nin q\u0259rar\u0131na t\u0259sir edir? - MEYDAN.TV","og_description":"Mustafayev 2003-c\u00fc ild\u0259 bu binada m\u0259nzil al\u0131b, amma 2006-c\u0131 ild\u0259n sonra kommunal x\u0259rcl\u0259ri \u00f6d\u0259m\u0259yi dayand\u0131r\u0131b.","og_url":"https:\/\/www.meydan.tv\/az\/article\/vahid-mustafayev-mehkemenin-qerarina-tesir-edir\/","og_site_name":"MEYDAN.TV","article_published_time":"2020-01-12T11:45:17+00:00","og_image":[{"width":2560,"height":1707,"url":"https:\/\/www.meydan.tv\/wp-content\/uploads\/28617-scaled.jpg","type":"image\/jpeg"}],"author":"user-manager","twitter_card":"summary_large_image","schema":{"@context":"https:\/\/schema.org","@graph":[{"@type":"Article","@id":"https:\/\/www.meydan.tv\/az\/article\/vahid-mustafayev-mehkemenin-qerarina-tesir-edir\/#article","isPartOf":{"@id":"https:\/\/www.meydan.tv\/az\/article\/vahid-mustafayev-mehkemenin-qerarina-tesir-edir\/"},"author":{"name":"user-manager","@id":"https:\/\/www.meydan.tv\/az\/#\/schema\/person\/10d11eccf6da3662cf5fdab9806ea91a"},"headline":"Vahid Mustafayev m\u0259hk\u0259m\u0259nin q\u0259rar\u0131na t\u0259sir edir?","datePublished":"2020-01-12T11:45:17+00:00","mainEntityOfPage":{"@id":"https:\/\/www.meydan.tv\/az\/article\/vahid-mustafayev-mehkemenin-qerarina-tesir-edir\/"},"wordCount":1577,"publisher":{"@id":"https:\/\/www.meydan.tv\/az\/#organization"},"image":{"@id":"https:\/\/www.meydan.tv\/az\/article\/vahid-mustafayev-mehkemenin-qerarina-tesir-edir\/#primaryimage"},"thumbnailUrl":"https:\/\/www.meydan.tv\/wp-content\/uploads\/28617-scaled-e1728647719447.jpg","articleSection":["\u0130qtisadiyyat"],"inLanguage":"az"},{"@type":"WebPage","@id":"https:\/\/www.meydan.tv\/az\/article\/vahid-mustafayev-mehkemenin-qerarina-tesir-edir\/","url":"https:\/\/www.meydan.tv\/az\/article\/vahid-mustafayev-mehkemenin-qerarina-tesir-edir\/","name":"Vahid Mustafayev m\u0259hk\u0259m\u0259nin q\u0259rar\u0131na t\u0259sir edir? - MEYDAN.TV","isPartOf":{"@id":"https:\/\/www.meydan.tv\/az\/#website"},"primaryImageOfPage":{"@id":"https:\/\/www.meydan.tv\/az\/article\/vahid-mustafayev-mehkemenin-qerarina-tesir-edir\/#primaryimage"},"image":{"@id":"https:\/\/www.meydan.tv\/az\/article\/vahid-mustafayev-mehkemenin-qerarina-tesir-edir\/#primaryimage"},"thumbnailUrl":"https:\/\/www.meydan.tv\/wp-content\/uploads\/28617-scaled-e1728647719447.jpg","datePublished":"2020-01-12T11:45:17+00:00","breadcrumb":{"@id":"https:\/\/www.meydan.tv\/az\/article\/vahid-mustafayev-mehkemenin-qerarina-tesir-edir\/#breadcrumb"},"inLanguage":"az","potentialAction":[{"@type":"ReadAction","target":["https:\/\/www.meydan.tv\/az\/article\/vahid-mustafayev-mehkemenin-qerarina-tesir-edir\/"]}]},{"@type":"ImageObject","inLanguage":"az","@id":"https:\/\/www.meydan.tv\/az\/article\/vahid-mustafayev-mehkemenin-qerarina-tesir-edir\/#primaryimage","url":"https:\/\/www.meydan.tv\/wp-content\/uploads\/28617-scaled-e1728647719447.jpg","contentUrl":"https:\/\/www.meydan.tv\/wp-content\/uploads\/28617-scaled-e1728647719447.jpg","width":2560,"height":1216,"caption":"Vahid Mustafayev. Foto: ANS"},{"@type":"BreadcrumbList","@id":"https:\/\/www.meydan.tv\/az\/article\/vahid-mustafayev-mehkemenin-qerarina-tesir-edir\/#breadcrumb","itemListElement":[{"@type":"ListItem","position":1,"name":"Ana s\u0259hif\u0259","item":"https:\/\/www.meydan.tv\/az\/"},{"@type":"ListItem","position":2,"name":"\u0130qtisadiyyat","item":"https:\/\/www.meydan.tv\/az\/section\/iqtisadiyyat\/"},{"@type":"ListItem","position":3,"name":"Vahid Mustafayev m\u0259hk\u0259m\u0259nin q\u0259rar\u0131na t\u0259sir edir?"}]},{"@type":"WebSite","@id":"https:\/\/www.meydan.tv\/az\/#website","url":"https:\/\/www.meydan.tv\/az\/","name":"MEYDAN.TV","description":"Meydan TV Az\u0259rbaycan\u0131n media m\u0259kan\u0131ndak\u0131 alternativ s\u0259sidir","publisher":{"@id":"https:\/\/www.meydan.tv\/az\/#organization"},"potentialAction":[{"@type":"SearchAction","target":{"@type":"EntryPoint","urlTemplate":"https:\/\/www.meydan.tv\/az\/?s={search_term_string}"},"query-input":{"@type":"PropertyValueSpecification","valueRequired":true,"valueName":"search_term_string"}}],"inLanguage":"az"},{"@type":"Organization","@id":"https:\/\/www.meydan.tv\/az\/#organization","name":"Meydan TV","url":"https:\/\/www.meydan.tv\/az\/","logo":{"@type":"ImageObject","inLanguage":"az","@id":"https:\/\/www.meydan.tv\/az\/#\/schema\/logo\/image\/","url":"https:\/\/www.meydan.tv\/wp-content\/uploads\/2021\/07\/meydan-logo.svg","contentUrl":"https:\/\/www.meydan.tv\/wp-content\/uploads\/2021\/07\/meydan-logo.svg","width":195,"height":46,"caption":"Meydan TV"},"image":{"@id":"https:\/\/www.meydan.tv\/az\/#\/schema\/logo\/image\/"}},{"@type":"Person","@id":"https:\/\/www.meydan.tv\/az\/#\/schema\/person\/10d11eccf6da3662cf5fdab9806ea91a","name":"user-manager"}]}},"_links":{"self":[{"href":"https:\/\/www.meydan.tv\/az\/wp-json\/wp\/v2\/posts\/198748","targetHints":{"allow":["GET"]}}],"collection":[{"href":"https:\/\/www.meydan.tv\/az\/wp-json\/wp\/v2\/posts"}],"about":[{"href":"https:\/\/www.meydan.tv\/az\/wp-json\/wp\/v2\/types\/post"}],"author":[{"embeddable":true,"href":"https:\/\/www.meydan.tv\/az\/wp-json\/wp\/v2\/users\/11"}],"replies":[{"embeddable":true,"href":"https:\/\/www.meydan.tv\/az\/wp-json\/wp\/v2\/comments?post=198748"}],"version-history":[{"count":0,"href":"https:\/\/www.meydan.tv\/az\/wp-json\/wp\/v2\/posts\/198748\/revisions"}],"wp:featuredmedia":[{"embeddable":true,"href":"https:\/\/www.meydan.tv\/az\/wp-json\/wp\/v2\/media\/74111"}],"wp:attachment":[{"href":"https:\/\/www.meydan.tv\/az\/wp-json\/wp\/v2\/media?parent=198748"}],"wp:term":[{"taxonomy":"category","embeddable":true,"href":"https:\/\/www.meydan.tv\/az\/wp-json\/wp\/v2\/categories?post=198748"},{"taxonomy":"post_tag","embeddable":true,"href":"https:\/\/www.meydan.tv\/az\/wp-json\/wp\/v2\/tags?post=198748"}],"curies":[{"name":"wp","href":"https:\/\/api.w.org\/{rel}","templated":true}]}}