{"id":198746,"date":"2020-01-11T16:19:44","date_gmt":"2020-01-11T16:19:44","guid":{"rendered":"https:\/\/www.meydan.tv\/article\/din-beli-ilkin-suleymanovun-emisi-oglu-polisdir\/"},"modified":"2020-01-11T16:19:44","modified_gmt":"2020-01-11T16:19:44","slug":"din-beli-ilkin-suleymanovun-emisi-oglu-polisdir","status":"publish","type":"post","link":"https:\/\/www.meydan.tv\/az\/article\/din-beli-ilkin-suleymanovun-emisi-oglu-polisdir\/","title":{"rendered":"D\u0130N: B\u0259li, \u0130lkin S\u00fcleymanovun \u0259misi o\u011flu polisdir"},"content":{"rendered":"<p>\n  <i><br \/>\n    \u201cAncaq onun cinay\u0259tl\u0259 h\u0259r hans\u0131 bir \u0259laq\u0259si yoxdur\u201d<br \/>\n  <\/i>\n<\/p>\n<p>\n  Daxili \u0130\u015fl\u0259r Nazirliyi (D\u0130N) Tovuz rayonunun Dondar Qu\u015f\u00e7u k\u0259ndind\u0259 10 ya\u015fl\u0131 N\u0259rmin Quliyevan\u0131 q\u0259tli il\u0259 ba\u011fl\u0131 yeni m\u0259lumat yay\u0131b. M\u0259lumatda azya\u015fl\u0131n\u0131 q\u0259tl\u0259 yetirm\u0259kd\u0259 \u015f\u00fcbh\u0259li bilin\u0259r\u0259k saxlan\u0131lan \u0130lkin S\u00fcleymanovun polis \u0259m\u0259kda\u015f\u0131 olan \u0259misi o\u011flunun istintaqa c\u0259lb edilm\u0259si il\u0259 ba\u011fl\u0131 yay\u0131lan m\u0259lumatlara m\u00fcnasib\u0259t bildirib.\n<\/p>\n<p>\n  D\u0130N-in M\u0259tbuat Xidm\u0259tinin r\u0259isi, polis polkovniki Ehsan Zahidov \u201cReport\u201da<br \/>\n  <a href=\"https:\/\/report.az\/hadise\/di-n-sozcusu-i-lkin-suleymanovun-polis-emekdasi-olan-emisi-oglu-istint\/\"><br \/>\n    a\u00e7\u0131qlamas\u0131nda<br \/>\n  <\/a><br \/>\n  \u0130.S\u00fcleymanovun \u0259misi o\u011flunun polis \u0259m\u0259kda\u015f\u0131 olmas\u0131n\u0131 t\u0259sdiql\u0259yib.\n<\/p>\n<p>\n  Deyib ki, \u0130.S\u00fcleymanovun polis olan \u0259misi o\u011flu N.Quliyeva itkin d\u00fc\u015f\u0259n g\u00fcnd\u0259n istintaq h\u0259r\u0259k\u0259tl\u0259rind\u0259 i\u015ftirak etm\u0259yib:\n<\/p>\n<p>\n  \u201cA\u00e7\u0131\u011f\u0131, h\u0259min \u015f\u0259xsin ad\u0131n\u0131 da bilmir\u0259m. O, s\u0131ravi bir polis n\u0259f\u0259ridir. Bu cinay\u0259t i\u015fi il\u0259 onun \u0259laq\u0259si bel\u0259 yoxdur. Yay\u0131lan m\u0259lumatlar h\u0259qiq\u0259ti \u0259ks etdirmir. \u0130lkin S\u00fcleymanovun polis \u0259m\u0259kda\u015f\u0131 olan \u0259misi o\u011flu saxlan\u0131lmay\u0131b. Nec\u0259 ola bil\u0259r ki, h\u0259min \u015f\u0259xs \u0130lkin\u0259 k\u00f6m\u0259k etsin. Haz\u0131rda istintaq prosesi davam edir, ara\u015fd\u0131rmalar apar\u0131l\u0131r. M\u0259rhumun yax\u0131nlar\u0131ndan da he\u00e7 k\u0259s h\u0259min polis \u0259m\u0259kda\u015f\u0131n\u0131n istintaqa c\u0259lb edilm\u0259si il\u0259 ba\u011fl\u0131 \u015fikay\u0259t verm\u0259yib\u201d.\n<\/p>\n<p>\n  Tovuz rayonunun Dondar Qu\u015f\u00e7u k\u0259nd sakini N.Quliyeva \u00f6t\u0259n il noyabr\u0131n 21-d\u0259 itkin d\u00fc\u015f\u00fcb, onun meyiti yanvar\u0131n 6-da yand\u0131r\u0131lm\u0131\u015f halda tap\u0131l\u0131b. Faktla ba\u011fl\u0131 Cinay\u0259t M\u0259c\u0259ll\u0259sinin 120.2.9-cu (t\u0259qsirkar \u015f\u0259xs \u00fc\u00e7\u00fcn a\u015fkar sur\u0259td\u0259 k\u00f6m\u0259ksiz v\u0259ziyy\u0259td\u0259 olan adam\u0131 q\u0259sd\u0259n \u00f6ld\u00fcrm\u0259) madd\u0259si il\u0259 cinay\u0259t i\u015fi ba\u015flan\u0131l\u0131b. Yanvar\u0131n 10-da is\u0259 hadis\u0259ni t\u00f6r\u0259tm\u0259kd\u0259 \u015f\u00fcbh\u0259li bilin\u0259n Dondar Qu\u015f\u00e7u k\u0259nd sakini, i\u015fl\u0259m\u0259y\u0259n, 1973-c\u00fc il t\u0259v\u0259ll\u00fcdl\u00fc \u0130.S\u00fcleymanov saxlan\u0131laraq istintaqa c\u0259lb edilib. O, m\u00fcdafi\u0259\u00e7inin i\u015ftirak\u0131 il\u0259 dindiril\u0259rk\u0259n t\u00f6r\u0259tdiyi \u0259m\u0259li tam etiraf edib.<\/p>\n","protected":false},"excerpt":{"rendered":"<p>Deyib ki, \u0130.S\u00fcleymanovun polis olan \u0259misi o\u011flu N.Quliyeva itkin d\u00fc\u015f\u0259n g\u00fcnd\u0259n istintaq h\u0259r\u0259k\u0259tl\u0259rind\u0259 i\u015ftirak etm\u0259yib<\/p>\n","protected":false},"author":11,"featured_media":47006,"comment_status":"closed","ping_status":"open","sticky":false,"template":"","format":"standard","meta":{"_acf_changed":false,"_sitemap_exclude":false,"_sitemap_priority":"","_sitemap_frequency":"","footnotes":""},"categories":[62],"tags":[],"class_list":["post-198746","post","type-post","status-publish","format-standard","has-post-thumbnail","hentry","category-sosial","infinite-scroll-item","generate-columns","tablet-grid-50","mobile-grid-100","grid-parent","grid-33","no-featured-image-padding"],"acf":[],"yoast_head":"<!-- This site is optimized with the Yoast SEO plugin v27.4 - https:\/\/yoast.com\/product\/yoast-seo-wordpress\/ -->\n<title>D\u0130N: B\u0259li, \u0130lkin S\u00fcleymanovun \u0259misi o\u011flu polisdir - MEYDAN.TV<\/title>\n<meta name=\"robots\" content=\"index, follow, max-snippet:-1, max-image-preview:large, max-video-preview:-1\" \/>\n<link rel=\"canonical\" href=\"https:\/\/www.meydan.tv\/az\/article\/din-beli-ilkin-suleymanovun-emisi-oglu-polisdir\/\" \/>\n<meta property=\"og:locale\" content=\"az_AZ\" \/>\n<meta property=\"og:type\" content=\"article\" \/>\n<meta property=\"og:title\" content=\"D\u0130N: B\u0259li, \u0130lkin S\u00fcleymanovun \u0259misi o\u011flu polisdir - MEYDAN.TV\" \/>\n<meta property=\"og:description\" content=\"Deyib ki, \u0130.S\u00fcleymanovun polis olan \u0259misi o\u011flu N.Quliyeva itkin d\u00fc\u015f\u0259n g\u00fcnd\u0259n istintaq h\u0259r\u0259k\u0259tl\u0259rind\u0259 i\u015ftirak etm\u0259yib\" \/>\n<meta property=\"og:url\" content=\"https:\/\/www.meydan.tv\/az\/article\/din-beli-ilkin-suleymanovun-emisi-oglu-polisdir\/\" \/>\n<meta property=\"og:site_name\" content=\"MEYDAN.TV\" \/>\n<meta property=\"article:published_time\" content=\"2020-01-11T16:19:44+00:00\" \/>\n<meta property=\"og:image\" content=\"https:\/\/www.meydan.tv\/wp-content\/uploads\/17599.jpg\" \/>\n\t<meta property=\"og:image:width\" content=\"482\" \/>\n\t<meta property=\"og:image:height\" content=\"361\" \/>\n\t<meta property=\"og:image:type\" content=\"image\/jpeg\" \/>\n<meta name=\"author\" content=\"user-manager\" \/>\n<meta name=\"twitter:card\" content=\"summary_large_image\" \/>\n<script type=\"application\/ld+json\" class=\"yoast-schema-graph\">{\"@context\":\"https:\\\/\\\/schema.org\",\"@graph\":[{\"@type\":\"Article\",\"@id\":\"https:\\\/\\\/www.meydan.tv\\\/az\\\/article\\\/din-beli-ilkin-suleymanovun-emisi-oglu-polisdir\\\/#article\",\"isPartOf\":{\"@id\":\"https:\\\/\\\/www.meydan.tv\\\/az\\\/article\\\/din-beli-ilkin-suleymanovun-emisi-oglu-polisdir\\\/\"},\"author\":{\"name\":\"user-manager\",\"@id\":\"https:\\\/\\\/www.meydan.tv\\\/az\\\/#\\\/schema\\\/person\\\/10d11eccf6da3662cf5fdab9806ea91a\"},\"headline\":\"D\u0130N: B\u0259li, \u0130lkin S\u00fcleymanovun \u0259misi o\u011flu polisdir\",\"datePublished\":\"2020-01-11T16:19:44+00:00\",\"mainEntityOfPage\":{\"@id\":\"https:\\\/\\\/www.meydan.tv\\\/az\\\/article\\\/din-beli-ilkin-suleymanovun-emisi-oglu-polisdir\\\/\"},\"wordCount\":382,\"publisher\":{\"@id\":\"https:\\\/\\\/www.meydan.tv\\\/az\\\/#organization\"},\"image\":{\"@id\":\"https:\\\/\\\/www.meydan.tv\\\/az\\\/article\\\/din-beli-ilkin-suleymanovun-emisi-oglu-polisdir\\\/#primaryimage\"},\"thumbnailUrl\":\"https:\\\/\\\/www.meydan.tv\\\/wp-content\\\/uploads\\\/17599.jpg\",\"articleSection\":[\"Sosial\"],\"inLanguage\":\"az\"},{\"@type\":\"WebPage\",\"@id\":\"https:\\\/\\\/www.meydan.tv\\\/az\\\/article\\\/din-beli-ilkin-suleymanovun-emisi-oglu-polisdir\\\/\",\"url\":\"https:\\\/\\\/www.meydan.tv\\\/az\\\/article\\\/din-beli-ilkin-suleymanovun-emisi-oglu-polisdir\\\/\",\"name\":\"D\u0130N: B\u0259li, \u0130lkin S\u00fcleymanovun \u0259misi o\u011flu polisdir - MEYDAN.TV\",\"isPartOf\":{\"@id\":\"https:\\\/\\\/www.meydan.tv\\\/az\\\/#website\"},\"primaryImageOfPage\":{\"@id\":\"https:\\\/\\\/www.meydan.tv\\\/az\\\/article\\\/din-beli-ilkin-suleymanovun-emisi-oglu-polisdir\\\/#primaryimage\"},\"image\":{\"@id\":\"https:\\\/\\\/www.meydan.tv\\\/az\\\/article\\\/din-beli-ilkin-suleymanovun-emisi-oglu-polisdir\\\/#primaryimage\"},\"thumbnailUrl\":\"https:\\\/\\\/www.meydan.tv\\\/wp-content\\\/uploads\\\/17599.jpg\",\"datePublished\":\"2020-01-11T16:19:44+00:00\",\"breadcrumb\":{\"@id\":\"https:\\\/\\\/www.meydan.tv\\\/az\\\/article\\\/din-beli-ilkin-suleymanovun-emisi-oglu-polisdir\\\/#breadcrumb\"},\"inLanguage\":\"az\",\"potentialAction\":[{\"@type\":\"ReadAction\",\"target\":[\"https:\\\/\\\/www.meydan.tv\\\/az\\\/article\\\/din-beli-ilkin-suleymanovun-emisi-oglu-polisdir\\\/\"]}]},{\"@type\":\"ImageObject\",\"inLanguage\":\"az\",\"@id\":\"https:\\\/\\\/www.meydan.tv\\\/az\\\/article\\\/din-beli-ilkin-suleymanovun-emisi-oglu-polisdir\\\/#primaryimage\",\"url\":\"https:\\\/\\\/www.meydan.tv\\\/wp-content\\\/uploads\\\/17599.jpg\",\"contentUrl\":\"https:\\\/\\\/www.meydan.tv\\\/wp-content\\\/uploads\\\/17599.jpg\",\"width\":482,\"height\":361,\"caption\":\"Source:\"},{\"@type\":\"BreadcrumbList\",\"@id\":\"https:\\\/\\\/www.meydan.tv\\\/az\\\/article\\\/din-beli-ilkin-suleymanovun-emisi-oglu-polisdir\\\/#breadcrumb\",\"itemListElement\":[{\"@type\":\"ListItem\",\"position\":1,\"name\":\"Ana s\u0259hif\u0259\",\"item\":\"https:\\\/\\\/www.meydan.tv\\\/az\\\/\"},{\"@type\":\"ListItem\",\"position\":2,\"name\":\"Sosial\",\"item\":\"https:\\\/\\\/www.meydan.tv\\\/az\\\/section\\\/sosial\\\/\"},{\"@type\":\"ListItem\",\"position\":3,\"name\":\"D\u0130N: B\u0259li, \u0130lkin S\u00fcleymanovun \u0259misi o\u011flu polisdir\"}]},{\"@type\":\"WebSite\",\"@id\":\"https:\\\/\\\/www.meydan.tv\\\/az\\\/#website\",\"url\":\"https:\\\/\\\/www.meydan.tv\\\/az\\\/\",\"name\":\"MEYDAN.TV\",\"description\":\"Meydan TV Az\u0259rbaycan\u0131n media m\u0259kan\u0131ndak\u0131 alternativ s\u0259sidir\",\"publisher\":{\"@id\":\"https:\\\/\\\/www.meydan.tv\\\/az\\\/#organization\"},\"potentialAction\":[{\"@type\":\"SearchAction\",\"target\":{\"@type\":\"EntryPoint\",\"urlTemplate\":\"https:\\\/\\\/www.meydan.tv\\\/az\\\/?s={search_term_string}\"},\"query-input\":{\"@type\":\"PropertyValueSpecification\",\"valueRequired\":true,\"valueName\":\"search_term_string\"}}],\"inLanguage\":\"az\"},{\"@type\":\"Organization\",\"@id\":\"https:\\\/\\\/www.meydan.tv\\\/az\\\/#organization\",\"name\":\"Meydan TV\",\"url\":\"https:\\\/\\\/www.meydan.tv\\\/az\\\/\",\"logo\":{\"@type\":\"ImageObject\",\"inLanguage\":\"az\",\"@id\":\"https:\\\/\\\/www.meydan.tv\\\/az\\\/#\\\/schema\\\/logo\\\/image\\\/\",\"url\":\"https:\\\/\\\/www.meydan.tv\\\/wp-content\\\/uploads\\\/2021\\\/07\\\/meydan-logo.svg\",\"contentUrl\":\"https:\\\/\\\/www.meydan.tv\\\/wp-content\\\/uploads\\\/2021\\\/07\\\/meydan-logo.svg\",\"width\":195,\"height\":46,\"caption\":\"Meydan TV\"},\"image\":{\"@id\":\"https:\\\/\\\/www.meydan.tv\\\/az\\\/#\\\/schema\\\/logo\\\/image\\\/\"}},{\"@type\":\"Person\",\"@id\":\"https:\\\/\\\/www.meydan.tv\\\/az\\\/#\\\/schema\\\/person\\\/10d11eccf6da3662cf5fdab9806ea91a\",\"name\":\"user-manager\"}]}<\/script>\n<!-- \/ Yoast SEO plugin. -->","yoast_head_json":{"title":"D\u0130N: B\u0259li, \u0130lkin S\u00fcleymanovun \u0259misi o\u011flu polisdir - MEYDAN.TV","robots":{"index":"index","follow":"follow","max-snippet":"max-snippet:-1","max-image-preview":"max-image-preview:large","max-video-preview":"max-video-preview:-1"},"canonical":"https:\/\/www.meydan.tv\/az\/article\/din-beli-ilkin-suleymanovun-emisi-oglu-polisdir\/","og_locale":"az_AZ","og_type":"article","og_title":"D\u0130N: B\u0259li, \u0130lkin S\u00fcleymanovun \u0259misi o\u011flu polisdir - MEYDAN.TV","og_description":"Deyib ki, \u0130.S\u00fcleymanovun polis olan \u0259misi o\u011flu N.Quliyeva itkin d\u00fc\u015f\u0259n g\u00fcnd\u0259n istintaq h\u0259r\u0259k\u0259tl\u0259rind\u0259 i\u015ftirak etm\u0259yib","og_url":"https:\/\/www.meydan.tv\/az\/article\/din-beli-ilkin-suleymanovun-emisi-oglu-polisdir\/","og_site_name":"MEYDAN.TV","article_published_time":"2020-01-11T16:19:44+00:00","og_image":[{"width":482,"height":361,"url":"https:\/\/www.meydan.tv\/wp-content\/uploads\/17599.jpg","type":"image\/jpeg"}],"author":"user-manager","twitter_card":"summary_large_image","schema":{"@context":"https:\/\/schema.org","@graph":[{"@type":"Article","@id":"https:\/\/www.meydan.tv\/az\/article\/din-beli-ilkin-suleymanovun-emisi-oglu-polisdir\/#article","isPartOf":{"@id":"https:\/\/www.meydan.tv\/az\/article\/din-beli-ilkin-suleymanovun-emisi-oglu-polisdir\/"},"author":{"name":"user-manager","@id":"https:\/\/www.meydan.tv\/az\/#\/schema\/person\/10d11eccf6da3662cf5fdab9806ea91a"},"headline":"D\u0130N: B\u0259li, \u0130lkin S\u00fcleymanovun \u0259misi o\u011flu polisdir","datePublished":"2020-01-11T16:19:44+00:00","mainEntityOfPage":{"@id":"https:\/\/www.meydan.tv\/az\/article\/din-beli-ilkin-suleymanovun-emisi-oglu-polisdir\/"},"wordCount":382,"publisher":{"@id":"https:\/\/www.meydan.tv\/az\/#organization"},"image":{"@id":"https:\/\/www.meydan.tv\/az\/article\/din-beli-ilkin-suleymanovun-emisi-oglu-polisdir\/#primaryimage"},"thumbnailUrl":"https:\/\/www.meydan.tv\/wp-content\/uploads\/17599.jpg","articleSection":["Sosial"],"inLanguage":"az"},{"@type":"WebPage","@id":"https:\/\/www.meydan.tv\/az\/article\/din-beli-ilkin-suleymanovun-emisi-oglu-polisdir\/","url":"https:\/\/www.meydan.tv\/az\/article\/din-beli-ilkin-suleymanovun-emisi-oglu-polisdir\/","name":"D\u0130N: B\u0259li, \u0130lkin S\u00fcleymanovun \u0259misi o\u011flu polisdir - MEYDAN.TV","isPartOf":{"@id":"https:\/\/www.meydan.tv\/az\/#website"},"primaryImageOfPage":{"@id":"https:\/\/www.meydan.tv\/az\/article\/din-beli-ilkin-suleymanovun-emisi-oglu-polisdir\/#primaryimage"},"image":{"@id":"https:\/\/www.meydan.tv\/az\/article\/din-beli-ilkin-suleymanovun-emisi-oglu-polisdir\/#primaryimage"},"thumbnailUrl":"https:\/\/www.meydan.tv\/wp-content\/uploads\/17599.jpg","datePublished":"2020-01-11T16:19:44+00:00","breadcrumb":{"@id":"https:\/\/www.meydan.tv\/az\/article\/din-beli-ilkin-suleymanovun-emisi-oglu-polisdir\/#breadcrumb"},"inLanguage":"az","potentialAction":[{"@type":"ReadAction","target":["https:\/\/www.meydan.tv\/az\/article\/din-beli-ilkin-suleymanovun-emisi-oglu-polisdir\/"]}]},{"@type":"ImageObject","inLanguage":"az","@id":"https:\/\/www.meydan.tv\/az\/article\/din-beli-ilkin-suleymanovun-emisi-oglu-polisdir\/#primaryimage","url":"https:\/\/www.meydan.tv\/wp-content\/uploads\/17599.jpg","contentUrl":"https:\/\/www.meydan.tv\/wp-content\/uploads\/17599.jpg","width":482,"height":361,"caption":"Source:"},{"@type":"BreadcrumbList","@id":"https:\/\/www.meydan.tv\/az\/article\/din-beli-ilkin-suleymanovun-emisi-oglu-polisdir\/#breadcrumb","itemListElement":[{"@type":"ListItem","position":1,"name":"Ana s\u0259hif\u0259","item":"https:\/\/www.meydan.tv\/az\/"},{"@type":"ListItem","position":2,"name":"Sosial","item":"https:\/\/www.meydan.tv\/az\/section\/sosial\/"},{"@type":"ListItem","position":3,"name":"D\u0130N: B\u0259li, \u0130lkin S\u00fcleymanovun \u0259misi o\u011flu polisdir"}]},{"@type":"WebSite","@id":"https:\/\/www.meydan.tv\/az\/#website","url":"https:\/\/www.meydan.tv\/az\/","name":"MEYDAN.TV","description":"Meydan TV Az\u0259rbaycan\u0131n media m\u0259kan\u0131ndak\u0131 alternativ s\u0259sidir","publisher":{"@id":"https:\/\/www.meydan.tv\/az\/#organization"},"potentialAction":[{"@type":"SearchAction","target":{"@type":"EntryPoint","urlTemplate":"https:\/\/www.meydan.tv\/az\/?s={search_term_string}"},"query-input":{"@type":"PropertyValueSpecification","valueRequired":true,"valueName":"search_term_string"}}],"inLanguage":"az"},{"@type":"Organization","@id":"https:\/\/www.meydan.tv\/az\/#organization","name":"Meydan TV","url":"https:\/\/www.meydan.tv\/az\/","logo":{"@type":"ImageObject","inLanguage":"az","@id":"https:\/\/www.meydan.tv\/az\/#\/schema\/logo\/image\/","url":"https:\/\/www.meydan.tv\/wp-content\/uploads\/2021\/07\/meydan-logo.svg","contentUrl":"https:\/\/www.meydan.tv\/wp-content\/uploads\/2021\/07\/meydan-logo.svg","width":195,"height":46,"caption":"Meydan TV"},"image":{"@id":"https:\/\/www.meydan.tv\/az\/#\/schema\/logo\/image\/"}},{"@type":"Person","@id":"https:\/\/www.meydan.tv\/az\/#\/schema\/person\/10d11eccf6da3662cf5fdab9806ea91a","name":"user-manager"}]}},"_links":{"self":[{"href":"https:\/\/www.meydan.tv\/az\/wp-json\/wp\/v2\/posts\/198746","targetHints":{"allow":["GET"]}}],"collection":[{"href":"https:\/\/www.meydan.tv\/az\/wp-json\/wp\/v2\/posts"}],"about":[{"href":"https:\/\/www.meydan.tv\/az\/wp-json\/wp\/v2\/types\/post"}],"author":[{"embeddable":true,"href":"https:\/\/www.meydan.tv\/az\/wp-json\/wp\/v2\/users\/11"}],"replies":[{"embeddable":true,"href":"https:\/\/www.meydan.tv\/az\/wp-json\/wp\/v2\/comments?post=198746"}],"version-history":[{"count":0,"href":"https:\/\/www.meydan.tv\/az\/wp-json\/wp\/v2\/posts\/198746\/revisions"}],"wp:featuredmedia":[{"embeddable":true,"href":"https:\/\/www.meydan.tv\/az\/wp-json\/wp\/v2\/media\/47006"}],"wp:attachment":[{"href":"https:\/\/www.meydan.tv\/az\/wp-json\/wp\/v2\/media?parent=198746"}],"wp:term":[{"taxonomy":"category","embeddable":true,"href":"https:\/\/www.meydan.tv\/az\/wp-json\/wp\/v2\/categories?post=198746"},{"taxonomy":"post_tag","embeddable":true,"href":"https:\/\/www.meydan.tv\/az\/wp-json\/wp\/v2\/tags?post=198746"}],"curies":[{"name":"wp","href":"https:\/\/api.w.org\/{rel}","templated":true}]}}