{"id":198744,"date":"2020-01-11T12:33:34","date_gmt":"2020-01-11T12:33:34","guid":{"rendered":"https:\/\/www.meydan.tv\/article\/iran-teyyareni-sehven-vurdugunu-bildirib\/"},"modified":"2020-01-11T12:33:34","modified_gmt":"2020-01-11T12:33:34","slug":"iran-teyyareni-sehven-vurdugunu-bildirib","status":"publish","type":"post","link":"https:\/\/www.meydan.tv\/az\/article\/iran-teyyareni-sehven-vurdugunu-bildirib\/","title":{"rendered":"\u0130ran t\u0259yyar\u0259ni s\u0259hv\u0259n vurdu\u011funu bildirib"},"content":{"rendered":"<p>\n  <i><br \/>\n    Bildirilir ki, t\u0259yyar\u0259 s\u0259hv\u0259n d\u00fc\u015fm\u0259n h\u0259d\u0259fi olaraq q\u0259bul olunub<br \/>\n  <\/i>\n<\/p>\n<p>\n  \u0130ran \u201cUkrayna Beyn\u0259lxalq Hava Yollar\u0131\u201dna m\u0259xsus \u201cBoeing 737-800\u201d tipli s\u0259rni\u015fin t\u0259yyar\u0259sini s\u0259hv\u0259n vurdu\u011funu a\u00e7\u0131qlay\u0131b. Bu bar\u0259d\u0259 \u0130ran\u0131n Xarici i\u015fl\u0259r naziri M\u0259h\u0259mm\u0259d Cavad Z\u0259rif d\u0259 \u00f6z \u201cTwitter\u201d hesab\u0131nda yaz\u0131b.\n<\/p>\n<p>\n  AP-nin m\u0259lumat\u0131na g\u00f6r\u0259s\u0259 \u0130ran\u0131n h\u0259rbi r\u0259hb\u0259rliyi d\u00f6vl\u0259t televiziyas\u0131 vasit\u0259sil\u0259 bunu etiraf edib. Bildirilib ki, \u0130raq \u0259razisind\u0259 AB\u015e h\u0259rb\u00e7il\u0259rinin yerl\u0259\u015fdiyi bazaya ballistik raket atd\u0131qdan bir ne\u00e7\u0259 saat sonra Ukrayna s\u0259rni\u015fin t\u0259yyar\u0259sini bilm\u0259d\u0259n vuruldu\u011fu m\u0259lum olub:\n<\/p>\n<p>\n  \u201cS\u0259rni\u015fin t\u0259yyar\u0259si \u0130ran \u0130slam \u0130nqilab\u0131 Ke\u015fik\u00e7il\u0259ri Korpusuna (SEPAH) m\u0259xsus h\u0259ssas h\u0259rbi m\u0259rk\u0259z\u0259 do\u011fru d\u00f6nd\u00fckd\u0259n sonra s\u0259hv\u0259n d\u00fc\u015fm\u0259n h\u0259d\u0259fi olaraq q\u0259bul olunub\u201d.\n<\/p>\n<p>\n  O da qeyd olunub ki, AB\u015e-la aralar\u0131ndak\u0131 g\u0259rginlik \u00fcz\u00fcnd\u0259n y\u00fcks\u0259k h\u0259rbi haz\u0131rl\u0131q v\u0259ziyy\u0259td\u0259dirl\u0259r.\n<\/p>\n<p>\n  Yanvar\u0131n 8-d\u0259 Tehran\u0131n \u0130mam Xomeyni Beyn\u0259lxalq Hava Liman\u0131ndan qalxaraq Kiyev \u015f\u0259h\u0259rin\u0259 istiqam\u0259t g\u00f6t\u00fcr\u0259n t\u0259yyar\u0259nin partlamas\u0131 n\u0259tic\u0259sind\u0259 9 n\u0259f\u0259r hey\u0259t \u00fczv\u00fc v\u0259 167 s\u0259rni\u015fin h\u0259lak olub. S\u0259rni\u015finl\u0259rin 82-si \u0130ran, 63-\u00fc Kanada, 11-i Ukrayna, 10-u \u0130sve\u00e7, 4-\u00fc \u018ffqan\u0131stan, 3-\u00fc Almaniya, 3-\u00fc is\u0259 B\u00f6y\u00fck Britaniya v\u0259t\u0259nda\u015f\u0131d\u0131r.<\/p>\n","protected":false},"excerpt":{"rendered":"<p>Bildirilir ki, t\u0259yyar\u0259 s\u0259hv\u0259n d\u00fc\u015fm\u0259n h\u0259d\u0259fi olaraq q\u0259bul olunub<\/p>\n","protected":false},"author":11,"featured_media":135502,"comment_status":"closed","ping_status":"open","sticky":false,"template":"","format":"standard","meta":{"_acf_changed":false,"_sitemap_exclude":false,"_sitemap_priority":"","_sitemap_frequency":"","footnotes":""},"categories":[64],"tags":[],"class_list":["post-198744","post","type-post","status-publish","format-standard","has-post-thumbnail","hentry","category-dunya","infinite-scroll-item","generate-columns","tablet-grid-50","mobile-grid-100","grid-parent","grid-33","no-featured-image-padding"],"acf":[],"yoast_head":"<!-- This site is optimized with the Yoast SEO plugin v27.5 - https:\/\/yoast.com\/product\/yoast-seo-wordpress\/ -->\n<title>\u0130ran t\u0259yyar\u0259ni s\u0259hv\u0259n vurdu\u011funu bildirib - MEYDAN.TV<\/title>\n<meta name=\"robots\" content=\"index, follow, max-snippet:-1, max-image-preview:large, max-video-preview:-1\" \/>\n<link rel=\"canonical\" href=\"https:\/\/www.meydan.tv\/az\/article\/iran-teyyareni-sehven-vurdugunu-bildirib\/\" \/>\n<meta property=\"og:locale\" content=\"az_AZ\" \/>\n<meta property=\"og:type\" content=\"article\" \/>\n<meta property=\"og:title\" content=\"\u0130ran t\u0259yyar\u0259ni s\u0259hv\u0259n vurdu\u011funu bildirib - MEYDAN.TV\" \/>\n<meta property=\"og:description\" content=\"Bildirilir ki, t\u0259yyar\u0259 s\u0259hv\u0259n d\u00fc\u015fm\u0259n h\u0259d\u0259fi olaraq q\u0259bul olunub\" \/>\n<meta property=\"og:url\" content=\"https:\/\/www.meydan.tv\/az\/article\/iran-teyyareni-sehven-vurdugunu-bildirib\/\" \/>\n<meta property=\"og:site_name\" content=\"MEYDAN.TV\" \/>\n<meta property=\"article:published_time\" content=\"2020-01-11T12:33:34+00:00\" \/>\n<meta property=\"og:image\" content=\"https:\/\/www.meydan.tv\/wp-content\/uploads\/wreckage-1.jpg\" \/>\n\t<meta property=\"og:image:width\" content=\"720\" \/>\n\t<meta property=\"og:image:height\" content=\"480\" \/>\n\t<meta property=\"og:image:type\" content=\"image\/jpeg\" \/>\n<meta name=\"author\" content=\"user-manager\" \/>\n<meta name=\"twitter:card\" content=\"summary_large_image\" \/>\n<script type=\"application\/ld+json\" class=\"yoast-schema-graph\">{\"@context\":\"https:\\\/\\\/schema.org\",\"@graph\":[{\"@type\":\"Article\",\"@id\":\"https:\\\/\\\/www.meydan.tv\\\/az\\\/article\\\/iran-teyyareni-sehven-vurdugunu-bildirib\\\/#article\",\"isPartOf\":{\"@id\":\"https:\\\/\\\/www.meydan.tv\\\/az\\\/article\\\/iran-teyyareni-sehven-vurdugunu-bildirib\\\/\"},\"author\":{\"name\":\"user-manager\",\"@id\":\"https:\\\/\\\/www.meydan.tv\\\/az\\\/#\\\/schema\\\/person\\\/10d11eccf6da3662cf5fdab9806ea91a\"},\"headline\":\"\u0130ran t\u0259yyar\u0259ni s\u0259hv\u0259n vurdu\u011funu bildirib\",\"datePublished\":\"2020-01-11T12:33:34+00:00\",\"mainEntityOfPage\":{\"@id\":\"https:\\\/\\\/www.meydan.tv\\\/az\\\/article\\\/iran-teyyareni-sehven-vurdugunu-bildirib\\\/\"},\"wordCount\":276,\"publisher\":{\"@id\":\"https:\\\/\\\/www.meydan.tv\\\/az\\\/#organization\"},\"image\":{\"@id\":\"https:\\\/\\\/www.meydan.tv\\\/az\\\/article\\\/iran-teyyareni-sehven-vurdugunu-bildirib\\\/#primaryimage\"},\"thumbnailUrl\":\"https:\\\/\\\/www.meydan.tv\\\/wp-content\\\/uploads\\\/wreckage-1.jpg\",\"articleSection\":[\"D\u00fcnya\"],\"inLanguage\":\"az\"},{\"@type\":\"WebPage\",\"@id\":\"https:\\\/\\\/www.meydan.tv\\\/az\\\/article\\\/iran-teyyareni-sehven-vurdugunu-bildirib\\\/\",\"url\":\"https:\\\/\\\/www.meydan.tv\\\/az\\\/article\\\/iran-teyyareni-sehven-vurdugunu-bildirib\\\/\",\"name\":\"\u0130ran t\u0259yyar\u0259ni s\u0259hv\u0259n vurdu\u011funu bildirib - MEYDAN.TV\",\"isPartOf\":{\"@id\":\"https:\\\/\\\/www.meydan.tv\\\/az\\\/#website\"},\"primaryImageOfPage\":{\"@id\":\"https:\\\/\\\/www.meydan.tv\\\/az\\\/article\\\/iran-teyyareni-sehven-vurdugunu-bildirib\\\/#primaryimage\"},\"image\":{\"@id\":\"https:\\\/\\\/www.meydan.tv\\\/az\\\/article\\\/iran-teyyareni-sehven-vurdugunu-bildirib\\\/#primaryimage\"},\"thumbnailUrl\":\"https:\\\/\\\/www.meydan.tv\\\/wp-content\\\/uploads\\\/wreckage-1.jpg\",\"datePublished\":\"2020-01-11T12:33:34+00:00\",\"breadcrumb\":{\"@id\":\"https:\\\/\\\/www.meydan.tv\\\/az\\\/article\\\/iran-teyyareni-sehven-vurdugunu-bildirib\\\/#breadcrumb\"},\"inLanguage\":\"az\",\"potentialAction\":[{\"@type\":\"ReadAction\",\"target\":[\"https:\\\/\\\/www.meydan.tv\\\/az\\\/article\\\/iran-teyyareni-sehven-vurdugunu-bildirib\\\/\"]}]},{\"@type\":\"ImageObject\",\"inLanguage\":\"az\",\"@id\":\"https:\\\/\\\/www.meydan.tv\\\/az\\\/article\\\/iran-teyyareni-sehven-vurdugunu-bildirib\\\/#primaryimage\",\"url\":\"https:\\\/\\\/www.meydan.tv\\\/wp-content\\\/uploads\\\/wreckage-1.jpg\",\"contentUrl\":\"https:\\\/\\\/www.meydan.tv\\\/wp-content\\\/uploads\\\/wreckage-1.jpg\",\"width\":720,\"height\":480,\"caption\":\"Source: Foto: Reuters\"},{\"@type\":\"BreadcrumbList\",\"@id\":\"https:\\\/\\\/www.meydan.tv\\\/az\\\/article\\\/iran-teyyareni-sehven-vurdugunu-bildirib\\\/#breadcrumb\",\"itemListElement\":[{\"@type\":\"ListItem\",\"position\":1,\"name\":\"Ana s\u0259hif\u0259\",\"item\":\"https:\\\/\\\/www.meydan.tv\\\/az\\\/\"},{\"@type\":\"ListItem\",\"position\":2,\"name\":\"D\u00fcnya\",\"item\":\"https:\\\/\\\/www.meydan.tv\\\/az\\\/section\\\/dunya\\\/\"},{\"@type\":\"ListItem\",\"position\":3,\"name\":\"\u0130ran t\u0259yyar\u0259ni s\u0259hv\u0259n vurdu\u011funu bildirib\"}]},{\"@type\":\"WebSite\",\"@id\":\"https:\\\/\\\/www.meydan.tv\\\/az\\\/#website\",\"url\":\"https:\\\/\\\/www.meydan.tv\\\/az\\\/\",\"name\":\"MEYDAN.TV\",\"description\":\"Meydan TV Az\u0259rbaycan\u0131n media m\u0259kan\u0131ndak\u0131 alternativ s\u0259sidir\",\"publisher\":{\"@id\":\"https:\\\/\\\/www.meydan.tv\\\/az\\\/#organization\"},\"potentialAction\":[{\"@type\":\"SearchAction\",\"target\":{\"@type\":\"EntryPoint\",\"urlTemplate\":\"https:\\\/\\\/www.meydan.tv\\\/az\\\/?s={search_term_string}\"},\"query-input\":{\"@type\":\"PropertyValueSpecification\",\"valueRequired\":true,\"valueName\":\"search_term_string\"}}],\"inLanguage\":\"az\"},{\"@type\":\"Organization\",\"@id\":\"https:\\\/\\\/www.meydan.tv\\\/az\\\/#organization\",\"name\":\"Meydan TV\",\"url\":\"https:\\\/\\\/www.meydan.tv\\\/az\\\/\",\"logo\":{\"@type\":\"ImageObject\",\"inLanguage\":\"az\",\"@id\":\"https:\\\/\\\/www.meydan.tv\\\/az\\\/#\\\/schema\\\/logo\\\/image\\\/\",\"url\":\"https:\\\/\\\/www.meydan.tv\\\/wp-content\\\/uploads\\\/2021\\\/07\\\/meydan-logo.svg\",\"contentUrl\":\"https:\\\/\\\/www.meydan.tv\\\/wp-content\\\/uploads\\\/2021\\\/07\\\/meydan-logo.svg\",\"width\":195,\"height\":46,\"caption\":\"Meydan TV\"},\"image\":{\"@id\":\"https:\\\/\\\/www.meydan.tv\\\/az\\\/#\\\/schema\\\/logo\\\/image\\\/\"}},{\"@type\":\"Person\",\"@id\":\"https:\\\/\\\/www.meydan.tv\\\/az\\\/#\\\/schema\\\/person\\\/10d11eccf6da3662cf5fdab9806ea91a\",\"name\":\"user-manager\"}]}<\/script>\n<!-- \/ Yoast SEO plugin. -->","yoast_head_json":{"title":"\u0130ran t\u0259yyar\u0259ni s\u0259hv\u0259n vurdu\u011funu bildirib - MEYDAN.TV","robots":{"index":"index","follow":"follow","max-snippet":"max-snippet:-1","max-image-preview":"max-image-preview:large","max-video-preview":"max-video-preview:-1"},"canonical":"https:\/\/www.meydan.tv\/az\/article\/iran-teyyareni-sehven-vurdugunu-bildirib\/","og_locale":"az_AZ","og_type":"article","og_title":"\u0130ran t\u0259yyar\u0259ni s\u0259hv\u0259n vurdu\u011funu bildirib - MEYDAN.TV","og_description":"Bildirilir ki, t\u0259yyar\u0259 s\u0259hv\u0259n d\u00fc\u015fm\u0259n h\u0259d\u0259fi olaraq q\u0259bul olunub","og_url":"https:\/\/www.meydan.tv\/az\/article\/iran-teyyareni-sehven-vurdugunu-bildirib\/","og_site_name":"MEYDAN.TV","article_published_time":"2020-01-11T12:33:34+00:00","og_image":[{"width":720,"height":480,"url":"https:\/\/www.meydan.tv\/wp-content\/uploads\/wreckage-1.jpg","type":"image\/jpeg"}],"author":"user-manager","twitter_card":"summary_large_image","schema":{"@context":"https:\/\/schema.org","@graph":[{"@type":"Article","@id":"https:\/\/www.meydan.tv\/az\/article\/iran-teyyareni-sehven-vurdugunu-bildirib\/#article","isPartOf":{"@id":"https:\/\/www.meydan.tv\/az\/article\/iran-teyyareni-sehven-vurdugunu-bildirib\/"},"author":{"name":"user-manager","@id":"https:\/\/www.meydan.tv\/az\/#\/schema\/person\/10d11eccf6da3662cf5fdab9806ea91a"},"headline":"\u0130ran t\u0259yyar\u0259ni s\u0259hv\u0259n vurdu\u011funu bildirib","datePublished":"2020-01-11T12:33:34+00:00","mainEntityOfPage":{"@id":"https:\/\/www.meydan.tv\/az\/article\/iran-teyyareni-sehven-vurdugunu-bildirib\/"},"wordCount":276,"publisher":{"@id":"https:\/\/www.meydan.tv\/az\/#organization"},"image":{"@id":"https:\/\/www.meydan.tv\/az\/article\/iran-teyyareni-sehven-vurdugunu-bildirib\/#primaryimage"},"thumbnailUrl":"https:\/\/www.meydan.tv\/wp-content\/uploads\/wreckage-1.jpg","articleSection":["D\u00fcnya"],"inLanguage":"az"},{"@type":"WebPage","@id":"https:\/\/www.meydan.tv\/az\/article\/iran-teyyareni-sehven-vurdugunu-bildirib\/","url":"https:\/\/www.meydan.tv\/az\/article\/iran-teyyareni-sehven-vurdugunu-bildirib\/","name":"\u0130ran t\u0259yyar\u0259ni s\u0259hv\u0259n vurdu\u011funu bildirib - MEYDAN.TV","isPartOf":{"@id":"https:\/\/www.meydan.tv\/az\/#website"},"primaryImageOfPage":{"@id":"https:\/\/www.meydan.tv\/az\/article\/iran-teyyareni-sehven-vurdugunu-bildirib\/#primaryimage"},"image":{"@id":"https:\/\/www.meydan.tv\/az\/article\/iran-teyyareni-sehven-vurdugunu-bildirib\/#primaryimage"},"thumbnailUrl":"https:\/\/www.meydan.tv\/wp-content\/uploads\/wreckage-1.jpg","datePublished":"2020-01-11T12:33:34+00:00","breadcrumb":{"@id":"https:\/\/www.meydan.tv\/az\/article\/iran-teyyareni-sehven-vurdugunu-bildirib\/#breadcrumb"},"inLanguage":"az","potentialAction":[{"@type":"ReadAction","target":["https:\/\/www.meydan.tv\/az\/article\/iran-teyyareni-sehven-vurdugunu-bildirib\/"]}]},{"@type":"ImageObject","inLanguage":"az","@id":"https:\/\/www.meydan.tv\/az\/article\/iran-teyyareni-sehven-vurdugunu-bildirib\/#primaryimage","url":"https:\/\/www.meydan.tv\/wp-content\/uploads\/wreckage-1.jpg","contentUrl":"https:\/\/www.meydan.tv\/wp-content\/uploads\/wreckage-1.jpg","width":720,"height":480,"caption":"Source: Foto: Reuters"},{"@type":"BreadcrumbList","@id":"https:\/\/www.meydan.tv\/az\/article\/iran-teyyareni-sehven-vurdugunu-bildirib\/#breadcrumb","itemListElement":[{"@type":"ListItem","position":1,"name":"Ana s\u0259hif\u0259","item":"https:\/\/www.meydan.tv\/az\/"},{"@type":"ListItem","position":2,"name":"D\u00fcnya","item":"https:\/\/www.meydan.tv\/az\/section\/dunya\/"},{"@type":"ListItem","position":3,"name":"\u0130ran t\u0259yyar\u0259ni s\u0259hv\u0259n vurdu\u011funu bildirib"}]},{"@type":"WebSite","@id":"https:\/\/www.meydan.tv\/az\/#website","url":"https:\/\/www.meydan.tv\/az\/","name":"MEYDAN.TV","description":"Meydan TV Az\u0259rbaycan\u0131n media m\u0259kan\u0131ndak\u0131 alternativ s\u0259sidir","publisher":{"@id":"https:\/\/www.meydan.tv\/az\/#organization"},"potentialAction":[{"@type":"SearchAction","target":{"@type":"EntryPoint","urlTemplate":"https:\/\/www.meydan.tv\/az\/?s={search_term_string}"},"query-input":{"@type":"PropertyValueSpecification","valueRequired":true,"valueName":"search_term_string"}}],"inLanguage":"az"},{"@type":"Organization","@id":"https:\/\/www.meydan.tv\/az\/#organization","name":"Meydan TV","url":"https:\/\/www.meydan.tv\/az\/","logo":{"@type":"ImageObject","inLanguage":"az","@id":"https:\/\/www.meydan.tv\/az\/#\/schema\/logo\/image\/","url":"https:\/\/www.meydan.tv\/wp-content\/uploads\/2021\/07\/meydan-logo.svg","contentUrl":"https:\/\/www.meydan.tv\/wp-content\/uploads\/2021\/07\/meydan-logo.svg","width":195,"height":46,"caption":"Meydan TV"},"image":{"@id":"https:\/\/www.meydan.tv\/az\/#\/schema\/logo\/image\/"}},{"@type":"Person","@id":"https:\/\/www.meydan.tv\/az\/#\/schema\/person\/10d11eccf6da3662cf5fdab9806ea91a","name":"user-manager"}]}},"_links":{"self":[{"href":"https:\/\/www.meydan.tv\/az\/wp-json\/wp\/v2\/posts\/198744","targetHints":{"allow":["GET"]}}],"collection":[{"href":"https:\/\/www.meydan.tv\/az\/wp-json\/wp\/v2\/posts"}],"about":[{"href":"https:\/\/www.meydan.tv\/az\/wp-json\/wp\/v2\/types\/post"}],"author":[{"embeddable":true,"href":"https:\/\/www.meydan.tv\/az\/wp-json\/wp\/v2\/users\/11"}],"replies":[{"embeddable":true,"href":"https:\/\/www.meydan.tv\/az\/wp-json\/wp\/v2\/comments?post=198744"}],"version-history":[{"count":0,"href":"https:\/\/www.meydan.tv\/az\/wp-json\/wp\/v2\/posts\/198744\/revisions"}],"wp:featuredmedia":[{"embeddable":true,"href":"https:\/\/www.meydan.tv\/az\/wp-json\/wp\/v2\/media\/135502"}],"wp:attachment":[{"href":"https:\/\/www.meydan.tv\/az\/wp-json\/wp\/v2\/media?parent=198744"}],"wp:term":[{"taxonomy":"category","embeddable":true,"href":"https:\/\/www.meydan.tv\/az\/wp-json\/wp\/v2\/categories?post=198744"},{"taxonomy":"post_tag","embeddable":true,"href":"https:\/\/www.meydan.tv\/az\/wp-json\/wp\/v2\/tags?post=198744"}],"curies":[{"name":"wp","href":"https:\/\/api.w.org\/{rel}","templated":true}]}}