{"id":198742,"date":"2020-01-10T23:25:01","date_gmt":"2020-01-10T23:25:01","guid":{"rendered":"https:\/\/www.meydan.tv\/article\/resmi-tovuzda-10-yasli-qizi-qetle-yetirmekde-subheli-bilinen-sexs-saxlanilib\/"},"modified":"2020-01-10T23:25:01","modified_gmt":"2020-01-10T23:25:01","slug":"resmi-tovuzda-10-yasli-qizi-qetle-yetirmekde-subheli-bilinen-sexs-saxlanilib","status":"publish","type":"post","link":"https:\/\/www.meydan.tv\/az\/article\/resmi-tovuzda-10-yasli-qizi-qetle-yetirmekde-subheli-bilinen-sexs-saxlanilib\/","title":{"rendered":"R\u0259smi: Tovuzda 10 ya\u015fl\u0131 q\u0131z\u0131 q\u0259tl\u0259 yetirm\u0259kd\u0259 \u015f\u00fcbh\u0259li bilin\u0259n \u015f\u0259xs saxlan\u0131l\u0131b"},"content":{"rendered":"<p>\n  <i><br \/>\n    \u201cT\u00f6r\u0259tdiyi \u0259m\u0259li tam etiraf edib\u201d<br \/>\n  <\/i>\n<\/p>\n<p>\n  <a href=\"https:\/\/mia.gov.az\/?\/az\/news\/view\/1395\/\"><br \/>\n    Daxili \u0130\u015fl\u0259r Nazirliyi, D\u00f6vl\u0259t T\u0259hl\u00fck\u0259sizliyi Xidm\u0259ti v\u0259 Ba\u015f Prokurorluq<br \/>\n  <\/a><br \/>\n  yanvar\u0131n 10-da Tovuz rayonunun Dondar Qu\u015f\u00e7u k\u0259nd sakini 10 ya\u015fl\u0131 N\u0259rmin Quliyevan\u0131n q\u0259tli il\u0259 ba\u011fl\u0131 m\u0259lumat yay\u0131b.\n<\/p>\n<p>\n  Bildirilib ki, N\u0259rmin Quliyevan\u0131n q\u0259sd\u0259n \u00f6ld\u00fcr\u00fclm\u0259si fakt\u0131 il\u0259 \u0259laq\u0259dar yarad\u0131lan istintaq-\u0259m\u0259liyyat qrupu cinay\u0259ti t\u00f6r\u0259tm\u0259kd\u0259 \u015f\u00fcbh\u0259li bilin\u0259n Dondar Qu\u015f\u00e7u k\u0259nd sakini, 1973-c\u00fc il t\u0259v\u0259ll\u00fcdl\u00fc \u0130lkin S\u00fcleymanovu h\u0259bs ed\u0259r\u0259k istintaqa c\u0259lb edib.\n<\/p>\n<p>\n  \u201c\u0130\u015f \u00fczr\u0259 \u00e7oxsayl\u0131 \u015fahidl\u0259r dindirilib, m\u0259hk\u0259m\u0259-tibbi, m\u0259hk\u0259m\u0259-bioloji, m\u0259hk\u0259m\u0259-kimy\u0259vi ekspertizalar\u0131 t\u0259yin edilib v\u0259 dig\u0259r z\u0259ruri istintaq h\u0259r\u0259k\u0259tl\u0259ri apar\u0131l\u0131b. \u0130stintaq-\u0259m\u0259liyyat qrupu \u0130.S\u00fcleymanovun ya\u015fad\u0131\u011f\u0131 evin h\u0259y\u0259tin\u0259 giri\u015f qap\u0131s\u0131n\u0131n v\u0259 h\u0259y\u0259t\u0259 d\u00f6\u015f\u0259nmi\u015f s\u00fcni da\u015f \u00f6rt\u00fcy\u00fcn\u00fcn \u00fcz\u0259rind\u0259n, N.Quliyevan\u0131n saxlan\u0131ld\u0131\u011f\u0131 otaqda olan \u00e7arpay\u0131n\u0131n \u00f6rt\u00fcy\u00fc v\u0259 p\u0259rd\u0259nin \u00fcz\u0259rind\u0259n qanab\u0259nz\u0259r l\u0259k\u0259l\u0259r, el\u0259c\u0259 d\u0259 i\u015f \u00fc\u00e7\u00fcn \u0259h\u0259miyy\u0259t k\u0259sb ed\u0259n dig\u0259r \u0259\u015fyalar maddi s\u00fcbut kimi g\u00f6t\u00fcr\u00fcb\u201d, &#8211; dey\u0259 m\u0259lumatda qeyd olunub.\n<\/p>\n<p>\n  Eyni zamanda, bildirilir ki, \u0130lkin S\u00fcleymanovun dindiril\u0259rk\u0259n t\u00f6r\u0259tdiyi \u0259m\u0259li tam etiraf etdiyi bildirilib.\n<\/p>\n<p>\n  \u015e\u00fcbh\u0259li bilin\u0259n \u015f\u0259xsin yax\u0131nlar\u0131n\u0131n bununla ba\u011fl\u0131 h\u0259r hans\u0131 a\u00e7\u0131qlamas\u0131 yoxdur. K\u0259nd sakinl\u0259ri yerli m\u0259tbuata \u0130lkin S\u00fcleymanovu sakit, ba\u015f\u0131a\u015fa\u011f\u0131 adam kimi xarakteriz\u0259 edirl\u0259r. Onun N.Quliyevan\u0131n atas\u0131 il\u0259 bir sinifd\u0259 oxudu\u011fu, sonradan Lomonosov ad\u0131na Moskva D\u00f6vl\u0259t Universitetind\u0259 t\u0259hsil ald\u0131\u011f\u0131 v\u0259 3 dil bildiyi haqda da m\u0259lumatlar yay\u0131l\u0131b.\n<\/p>\n<p>\n  Jurnalist El\u00e7in Bayraml\u0131 is\u0259 \u00f6z &quot;Facebook&quot; hesab\u0131nda vaxtil\u0259 \u0130lkin S\u00fcleymanovla &quot;Tovuz TV&quot;-d\u0259 \u00e7al\u0131\u015fd\u0131\u011f\u0131n\u0131 v\u0259 onun qatil oldu\u011funa inanmad\u0131\u011f\u0131n\u0131 qeyd edib. Jurnalistin fikrinc\u0259, \u00f6lk\u0259 ba\u015f\u00e7\u0131s\u0131 \u0130lham \u018fliyev hadis\u0259nin ara\u015fd\u0131r\u0131lmas\u0131n\u0131 n\u0259zar\u0259t\u0259 g\u00f6t\u00fcrd\u00fckd\u0259n sonra polis h\u0259min \u015f\u0259xsi h\u0259d\u0259f\u0259 g\u00f6t\u00fcr\u00fcb v\u0259 cinay\u0259ti onun boynuna qoyub. Sosial \u015f\u0259b\u0259k\u0259 istifad\u0259\u00e7il\u0259ri aras\u0131nda \u0130lkin S\u00fcleymanovun cinay\u0259ti t\u00f6r\u0259tdiyin\u0259 \u015f\u00fcbh\u0259 il\u0259 yana\u015fanlar var.\n<\/p>\n<p>\n  Tovuz rayonunun Dondar Qu\u015f\u00e7u k\u0259ndind\u0259 \u00f6t\u0259n ilin 21 noyabr tarixind\u0259 itkin d\u00fc\u015f\u0259n 10 ya\u015fl\u0131<br \/>\n  <a href=\"https:\/\/www.meydan.tv\/az\/article\/tovuzda-itkin-dusen-qizin-yanmis-meyiti-tapilib\/?ref=search\"><br \/>\n    N\u0259rmin Quliyeva<br \/>\n  <\/a><br \/>\n  n\u0131n yanm\u0131\u015f meyiti 3 g\u00fcn \u0259vv\u0259l, yanvar\u0131n 7-d\u0259 tap\u0131l\u0131b.\n<\/p>\n<figure class=\"wp-block-image size-large\">\n  <img decoding=\"async\" src=\"https:\/\/www.meydan.tv\/az\/ed99d79b-1e8c-4fad-a522-abfd2d385393\/\" alt=\"ed99d79b-1e8c-4fad-a522-abfd2d385393\" class=\"wp-image-135643\"\/><figcaption>\n    Ba\u015f Prokurorluq, Daxili \u0130\u015fl\u0259r Nazirliyi v\u0259 D\u00f6vl\u0259t T\u0259hl\u00fck\u0259sizliyi Xidm\u0259ti<br \/>\n  <\/figcaption><\/figure>\n<p>\n  Bildirilib ki, Daxili \u0130\u015fl\u0259r Nazirliyinin, Ba\u015f Prokurorlu\u011fun, \u018fdliyy\u0259 Nazirliyinin M\u0259hk\u0259m\u0259 Ekspertizas\u0131 M\u0259rk\u0259zinin v\u0259 S\u0259hiyy\u0259 Nazirliyinin M\u0259hk\u0259m\u0259-Tibbi Ekspertiza v\u0259 Patoloji Anatomiya Elmi-T\u0259cr\u00fcbi v\u0259 T\u0259dris Birliyinin \u0259m\u0259kda\u015flar\u0131 meyit tap\u0131lan \u0259raziy\u0259 bax\u0131\u015f ke\u00e7iribl\u0259r. Hadis\u0259 yeri m\u00fcayin\u0259 edilib v\u0259 i\u015f \u00fc\u00e7\u00fcn z\u0259ruri olan b\u00fct\u00fcn maddi s\u00fcbutlar g\u00f6t\u00fcr\u00fcl\u00fcb.\n<\/p>\n<p>\n  Olayla ba\u011fl\u0131 Cinay\u0259t M\u0259c\u0259ll\u0259sinin 120.2.9-cu (t\u0259qsirkar \u015f\u0259xs \u00fc\u00e7\u00fcn a\u015fkar sur\u0259td\u0259 k\u00f6m\u0259ksiz v\u0259ziyy\u0259td\u0259 olan adam\u0131 q\u0259sd\u0259n \u00f6ld\u00fcrm\u0259) madd\u0259si il\u0259 cinay\u0259t i\u015fi ba\u015fland\u0131\u011f\u0131 qeyd olunub.<\/p>\n","protected":false},"excerpt":{"rendered":"<p>Eyni zamanda, \u0130lkin S\u00fcleymanovun dindiril\u0259rk\u0259n t\u00f6r\u0259tdiyi \u0259m\u0259li tam etiraf etdiyi bildirilib.<\/p>\n","protected":false},"author":11,"featured_media":135640,"comment_status":"closed","ping_status":"open","sticky":false,"template":"","format":"standard","meta":{"_acf_changed":false,"_sitemap_exclude":false,"_sitemap_priority":"","_sitemap_frequency":"","footnotes":""},"categories":[62],"tags":[],"class_list":["post-198742","post","type-post","status-publish","format-standard","has-post-thumbnail","hentry","category-sosial","infinite-scroll-item","generate-columns","tablet-grid-50","mobile-grid-100","grid-parent","grid-33","no-featured-image-padding"],"acf":[],"yoast_head":"<!-- This site is optimized with the Yoast SEO plugin v27.4 - https:\/\/yoast.com\/product\/yoast-seo-wordpress\/ -->\n<title>R\u0259smi: Tovuzda 10 ya\u015fl\u0131 q\u0131z\u0131 q\u0259tl\u0259 yetirm\u0259kd\u0259 \u015f\u00fcbh\u0259li bilin\u0259n \u015f\u0259xs saxlan\u0131l\u0131b - MEYDAN.TV<\/title>\n<meta name=\"robots\" content=\"index, follow, max-snippet:-1, max-image-preview:large, max-video-preview:-1\" \/>\n<link rel=\"canonical\" href=\"https:\/\/www.meydan.tv\/az\/article\/resmi-tovuzda-10-yasli-qizi-qetle-yetirmekde-subheli-bilinen-sexs-saxlanilib\/\" \/>\n<meta property=\"og:locale\" content=\"az_AZ\" \/>\n<meta property=\"og:type\" content=\"article\" \/>\n<meta property=\"og:title\" content=\"R\u0259smi: Tovuzda 10 ya\u015fl\u0131 q\u0131z\u0131 q\u0259tl\u0259 yetirm\u0259kd\u0259 \u015f\u00fcbh\u0259li bilin\u0259n \u015f\u0259xs saxlan\u0131l\u0131b - MEYDAN.TV\" \/>\n<meta property=\"og:description\" content=\"Eyni zamanda, \u0130lkin S\u00fcleymanovun dindiril\u0259rk\u0259n t\u00f6r\u0259tdiyi \u0259m\u0259li tam etiraf etdiyi bildirilib.\" \/>\n<meta property=\"og:url\" content=\"https:\/\/www.meydan.tv\/az\/article\/resmi-tovuzda-10-yasli-qizi-qetle-yetirmekde-subheli-bilinen-sexs-saxlanilib\/\" \/>\n<meta property=\"og:site_name\" content=\"MEYDAN.TV\" \/>\n<meta property=\"article:published_time\" content=\"2020-01-10T23:25:01+00:00\" \/>\n<meta property=\"og:image\" content=\"https:\/\/www.meydan.tv\/wp-content\/uploads\/copy_of_untitled9_relfwmy.png\" \/>\n\t<meta property=\"og:image:width\" content=\"1000\" \/>\n\t<meta property=\"og:image:height\" content=\"555\" \/>\n\t<meta property=\"og:image:type\" content=\"image\/png\" \/>\n<meta name=\"author\" content=\"user-manager\" \/>\n<meta name=\"twitter:card\" content=\"summary_large_image\" \/>\n<script type=\"application\/ld+json\" class=\"yoast-schema-graph\">{\"@context\":\"https:\\\/\\\/schema.org\",\"@graph\":[{\"@type\":\"Article\",\"@id\":\"https:\\\/\\\/www.meydan.tv\\\/az\\\/article\\\/resmi-tovuzda-10-yasli-qizi-qetle-yetirmekde-subheli-bilinen-sexs-saxlanilib\\\/#article\",\"isPartOf\":{\"@id\":\"https:\\\/\\\/www.meydan.tv\\\/az\\\/article\\\/resmi-tovuzda-10-yasli-qizi-qetle-yetirmekde-subheli-bilinen-sexs-saxlanilib\\\/\"},\"author\":{\"name\":\"user-manager\",\"@id\":\"https:\\\/\\\/www.meydan.tv\\\/az\\\/#\\\/schema\\\/person\\\/10d11eccf6da3662cf5fdab9806ea91a\"},\"headline\":\"R\u0259smi: Tovuzda 10 ya\u015fl\u0131 q\u0131z\u0131 q\u0259tl\u0259 yetirm\u0259kd\u0259 \u015f\u00fcbh\u0259li bilin\u0259n \u015f\u0259xs saxlan\u0131l\u0131b\",\"datePublished\":\"2020-01-10T23:25:01+00:00\",\"mainEntityOfPage\":{\"@id\":\"https:\\\/\\\/www.meydan.tv\\\/az\\\/article\\\/resmi-tovuzda-10-yasli-qizi-qetle-yetirmekde-subheli-bilinen-sexs-saxlanilib\\\/\"},\"wordCount\":593,\"publisher\":{\"@id\":\"https:\\\/\\\/www.meydan.tv\\\/az\\\/#organization\"},\"image\":{\"@id\":\"https:\\\/\\\/www.meydan.tv\\\/az\\\/article\\\/resmi-tovuzda-10-yasli-qizi-qetle-yetirmekde-subheli-bilinen-sexs-saxlanilib\\\/#primaryimage\"},\"thumbnailUrl\":\"https:\\\/\\\/www.meydan.tv\\\/wp-content\\\/uploads\\\/copy_of_untitled9_relfwmy.png\",\"articleSection\":[\"Sosial\"],\"inLanguage\":\"az\"},{\"@type\":\"WebPage\",\"@id\":\"https:\\\/\\\/www.meydan.tv\\\/az\\\/article\\\/resmi-tovuzda-10-yasli-qizi-qetle-yetirmekde-subheli-bilinen-sexs-saxlanilib\\\/\",\"url\":\"https:\\\/\\\/www.meydan.tv\\\/az\\\/article\\\/resmi-tovuzda-10-yasli-qizi-qetle-yetirmekde-subheli-bilinen-sexs-saxlanilib\\\/\",\"name\":\"R\u0259smi: Tovuzda 10 ya\u015fl\u0131 q\u0131z\u0131 q\u0259tl\u0259 yetirm\u0259kd\u0259 \u015f\u00fcbh\u0259li bilin\u0259n \u015f\u0259xs saxlan\u0131l\u0131b - MEYDAN.TV\",\"isPartOf\":{\"@id\":\"https:\\\/\\\/www.meydan.tv\\\/az\\\/#website\"},\"primaryImageOfPage\":{\"@id\":\"https:\\\/\\\/www.meydan.tv\\\/az\\\/article\\\/resmi-tovuzda-10-yasli-qizi-qetle-yetirmekde-subheli-bilinen-sexs-saxlanilib\\\/#primaryimage\"},\"image\":{\"@id\":\"https:\\\/\\\/www.meydan.tv\\\/az\\\/article\\\/resmi-tovuzda-10-yasli-qizi-qetle-yetirmekde-subheli-bilinen-sexs-saxlanilib\\\/#primaryimage\"},\"thumbnailUrl\":\"https:\\\/\\\/www.meydan.tv\\\/wp-content\\\/uploads\\\/copy_of_untitled9_relfwmy.png\",\"datePublished\":\"2020-01-10T23:25:01+00:00\",\"breadcrumb\":{\"@id\":\"https:\\\/\\\/www.meydan.tv\\\/az\\\/article\\\/resmi-tovuzda-10-yasli-qizi-qetle-yetirmekde-subheli-bilinen-sexs-saxlanilib\\\/#breadcrumb\"},\"inLanguage\":\"az\",\"potentialAction\":[{\"@type\":\"ReadAction\",\"target\":[\"https:\\\/\\\/www.meydan.tv\\\/az\\\/article\\\/resmi-tovuzda-10-yasli-qizi-qetle-yetirmekde-subheli-bilinen-sexs-saxlanilib\\\/\"]}]},{\"@type\":\"ImageObject\",\"inLanguage\":\"az\",\"@id\":\"https:\\\/\\\/www.meydan.tv\\\/az\\\/article\\\/resmi-tovuzda-10-yasli-qizi-qetle-yetirmekde-subheli-bilinen-sexs-saxlanilib\\\/#primaryimage\",\"url\":\"https:\\\/\\\/www.meydan.tv\\\/wp-content\\\/uploads\\\/copy_of_untitled9_relfwmy.png\",\"contentUrl\":\"https:\\\/\\\/www.meydan.tv\\\/wp-content\\\/uploads\\\/copy_of_untitled9_relfwmy.png\",\"width\":1000,\"height\":555,\"caption\":\"Source: Foto: Meydan TV\"},{\"@type\":\"BreadcrumbList\",\"@id\":\"https:\\\/\\\/www.meydan.tv\\\/az\\\/article\\\/resmi-tovuzda-10-yasli-qizi-qetle-yetirmekde-subheli-bilinen-sexs-saxlanilib\\\/#breadcrumb\",\"itemListElement\":[{\"@type\":\"ListItem\",\"position\":1,\"name\":\"Ana s\u0259hif\u0259\",\"item\":\"https:\\\/\\\/www.meydan.tv\\\/az\\\/\"},{\"@type\":\"ListItem\",\"position\":2,\"name\":\"Sosial\",\"item\":\"https:\\\/\\\/www.meydan.tv\\\/az\\\/section\\\/sosial\\\/\"},{\"@type\":\"ListItem\",\"position\":3,\"name\":\"R\u0259smi: Tovuzda 10 ya\u015fl\u0131 q\u0131z\u0131 q\u0259tl\u0259 yetirm\u0259kd\u0259 \u015f\u00fcbh\u0259li bilin\u0259n \u015f\u0259xs saxlan\u0131l\u0131b\"}]},{\"@type\":\"WebSite\",\"@id\":\"https:\\\/\\\/www.meydan.tv\\\/az\\\/#website\",\"url\":\"https:\\\/\\\/www.meydan.tv\\\/az\\\/\",\"name\":\"MEYDAN.TV\",\"description\":\"Meydan TV Az\u0259rbaycan\u0131n media m\u0259kan\u0131ndak\u0131 alternativ s\u0259sidir\",\"publisher\":{\"@id\":\"https:\\\/\\\/www.meydan.tv\\\/az\\\/#organization\"},\"potentialAction\":[{\"@type\":\"SearchAction\",\"target\":{\"@type\":\"EntryPoint\",\"urlTemplate\":\"https:\\\/\\\/www.meydan.tv\\\/az\\\/?s={search_term_string}\"},\"query-input\":{\"@type\":\"PropertyValueSpecification\",\"valueRequired\":true,\"valueName\":\"search_term_string\"}}],\"inLanguage\":\"az\"},{\"@type\":\"Organization\",\"@id\":\"https:\\\/\\\/www.meydan.tv\\\/az\\\/#organization\",\"name\":\"Meydan TV\",\"url\":\"https:\\\/\\\/www.meydan.tv\\\/az\\\/\",\"logo\":{\"@type\":\"ImageObject\",\"inLanguage\":\"az\",\"@id\":\"https:\\\/\\\/www.meydan.tv\\\/az\\\/#\\\/schema\\\/logo\\\/image\\\/\",\"url\":\"https:\\\/\\\/www.meydan.tv\\\/wp-content\\\/uploads\\\/2021\\\/07\\\/meydan-logo.svg\",\"contentUrl\":\"https:\\\/\\\/www.meydan.tv\\\/wp-content\\\/uploads\\\/2021\\\/07\\\/meydan-logo.svg\",\"width\":195,\"height\":46,\"caption\":\"Meydan TV\"},\"image\":{\"@id\":\"https:\\\/\\\/www.meydan.tv\\\/az\\\/#\\\/schema\\\/logo\\\/image\\\/\"}},{\"@type\":\"Person\",\"@id\":\"https:\\\/\\\/www.meydan.tv\\\/az\\\/#\\\/schema\\\/person\\\/10d11eccf6da3662cf5fdab9806ea91a\",\"name\":\"user-manager\"}]}<\/script>\n<!-- \/ Yoast SEO plugin. -->","yoast_head_json":{"title":"R\u0259smi: Tovuzda 10 ya\u015fl\u0131 q\u0131z\u0131 q\u0259tl\u0259 yetirm\u0259kd\u0259 \u015f\u00fcbh\u0259li bilin\u0259n \u015f\u0259xs saxlan\u0131l\u0131b - MEYDAN.TV","robots":{"index":"index","follow":"follow","max-snippet":"max-snippet:-1","max-image-preview":"max-image-preview:large","max-video-preview":"max-video-preview:-1"},"canonical":"https:\/\/www.meydan.tv\/az\/article\/resmi-tovuzda-10-yasli-qizi-qetle-yetirmekde-subheli-bilinen-sexs-saxlanilib\/","og_locale":"az_AZ","og_type":"article","og_title":"R\u0259smi: Tovuzda 10 ya\u015fl\u0131 q\u0131z\u0131 q\u0259tl\u0259 yetirm\u0259kd\u0259 \u015f\u00fcbh\u0259li bilin\u0259n \u015f\u0259xs saxlan\u0131l\u0131b - MEYDAN.TV","og_description":"Eyni zamanda, \u0130lkin S\u00fcleymanovun dindiril\u0259rk\u0259n t\u00f6r\u0259tdiyi \u0259m\u0259li tam etiraf etdiyi bildirilib.","og_url":"https:\/\/www.meydan.tv\/az\/article\/resmi-tovuzda-10-yasli-qizi-qetle-yetirmekde-subheli-bilinen-sexs-saxlanilib\/","og_site_name":"MEYDAN.TV","article_published_time":"2020-01-10T23:25:01+00:00","og_image":[{"width":1000,"height":555,"url":"https:\/\/www.meydan.tv\/wp-content\/uploads\/copy_of_untitled9_relfwmy.png","type":"image\/png"}],"author":"user-manager","twitter_card":"summary_large_image","schema":{"@context":"https:\/\/schema.org","@graph":[{"@type":"Article","@id":"https:\/\/www.meydan.tv\/az\/article\/resmi-tovuzda-10-yasli-qizi-qetle-yetirmekde-subheli-bilinen-sexs-saxlanilib\/#article","isPartOf":{"@id":"https:\/\/www.meydan.tv\/az\/article\/resmi-tovuzda-10-yasli-qizi-qetle-yetirmekde-subheli-bilinen-sexs-saxlanilib\/"},"author":{"name":"user-manager","@id":"https:\/\/www.meydan.tv\/az\/#\/schema\/person\/10d11eccf6da3662cf5fdab9806ea91a"},"headline":"R\u0259smi: Tovuzda 10 ya\u015fl\u0131 q\u0131z\u0131 q\u0259tl\u0259 yetirm\u0259kd\u0259 \u015f\u00fcbh\u0259li bilin\u0259n \u015f\u0259xs saxlan\u0131l\u0131b","datePublished":"2020-01-10T23:25:01+00:00","mainEntityOfPage":{"@id":"https:\/\/www.meydan.tv\/az\/article\/resmi-tovuzda-10-yasli-qizi-qetle-yetirmekde-subheli-bilinen-sexs-saxlanilib\/"},"wordCount":593,"publisher":{"@id":"https:\/\/www.meydan.tv\/az\/#organization"},"image":{"@id":"https:\/\/www.meydan.tv\/az\/article\/resmi-tovuzda-10-yasli-qizi-qetle-yetirmekde-subheli-bilinen-sexs-saxlanilib\/#primaryimage"},"thumbnailUrl":"https:\/\/www.meydan.tv\/wp-content\/uploads\/copy_of_untitled9_relfwmy.png","articleSection":["Sosial"],"inLanguage":"az"},{"@type":"WebPage","@id":"https:\/\/www.meydan.tv\/az\/article\/resmi-tovuzda-10-yasli-qizi-qetle-yetirmekde-subheli-bilinen-sexs-saxlanilib\/","url":"https:\/\/www.meydan.tv\/az\/article\/resmi-tovuzda-10-yasli-qizi-qetle-yetirmekde-subheli-bilinen-sexs-saxlanilib\/","name":"R\u0259smi: Tovuzda 10 ya\u015fl\u0131 q\u0131z\u0131 q\u0259tl\u0259 yetirm\u0259kd\u0259 \u015f\u00fcbh\u0259li bilin\u0259n \u015f\u0259xs saxlan\u0131l\u0131b - MEYDAN.TV","isPartOf":{"@id":"https:\/\/www.meydan.tv\/az\/#website"},"primaryImageOfPage":{"@id":"https:\/\/www.meydan.tv\/az\/article\/resmi-tovuzda-10-yasli-qizi-qetle-yetirmekde-subheli-bilinen-sexs-saxlanilib\/#primaryimage"},"image":{"@id":"https:\/\/www.meydan.tv\/az\/article\/resmi-tovuzda-10-yasli-qizi-qetle-yetirmekde-subheli-bilinen-sexs-saxlanilib\/#primaryimage"},"thumbnailUrl":"https:\/\/www.meydan.tv\/wp-content\/uploads\/copy_of_untitled9_relfwmy.png","datePublished":"2020-01-10T23:25:01+00:00","breadcrumb":{"@id":"https:\/\/www.meydan.tv\/az\/article\/resmi-tovuzda-10-yasli-qizi-qetle-yetirmekde-subheli-bilinen-sexs-saxlanilib\/#breadcrumb"},"inLanguage":"az","potentialAction":[{"@type":"ReadAction","target":["https:\/\/www.meydan.tv\/az\/article\/resmi-tovuzda-10-yasli-qizi-qetle-yetirmekde-subheli-bilinen-sexs-saxlanilib\/"]}]},{"@type":"ImageObject","inLanguage":"az","@id":"https:\/\/www.meydan.tv\/az\/article\/resmi-tovuzda-10-yasli-qizi-qetle-yetirmekde-subheli-bilinen-sexs-saxlanilib\/#primaryimage","url":"https:\/\/www.meydan.tv\/wp-content\/uploads\/copy_of_untitled9_relfwmy.png","contentUrl":"https:\/\/www.meydan.tv\/wp-content\/uploads\/copy_of_untitled9_relfwmy.png","width":1000,"height":555,"caption":"Source: Foto: Meydan TV"},{"@type":"BreadcrumbList","@id":"https:\/\/www.meydan.tv\/az\/article\/resmi-tovuzda-10-yasli-qizi-qetle-yetirmekde-subheli-bilinen-sexs-saxlanilib\/#breadcrumb","itemListElement":[{"@type":"ListItem","position":1,"name":"Ana s\u0259hif\u0259","item":"https:\/\/www.meydan.tv\/az\/"},{"@type":"ListItem","position":2,"name":"Sosial","item":"https:\/\/www.meydan.tv\/az\/section\/sosial\/"},{"@type":"ListItem","position":3,"name":"R\u0259smi: Tovuzda 10 ya\u015fl\u0131 q\u0131z\u0131 q\u0259tl\u0259 yetirm\u0259kd\u0259 \u015f\u00fcbh\u0259li bilin\u0259n \u015f\u0259xs saxlan\u0131l\u0131b"}]},{"@type":"WebSite","@id":"https:\/\/www.meydan.tv\/az\/#website","url":"https:\/\/www.meydan.tv\/az\/","name":"MEYDAN.TV","description":"Meydan TV Az\u0259rbaycan\u0131n media m\u0259kan\u0131ndak\u0131 alternativ s\u0259sidir","publisher":{"@id":"https:\/\/www.meydan.tv\/az\/#organization"},"potentialAction":[{"@type":"SearchAction","target":{"@type":"EntryPoint","urlTemplate":"https:\/\/www.meydan.tv\/az\/?s={search_term_string}"},"query-input":{"@type":"PropertyValueSpecification","valueRequired":true,"valueName":"search_term_string"}}],"inLanguage":"az"},{"@type":"Organization","@id":"https:\/\/www.meydan.tv\/az\/#organization","name":"Meydan TV","url":"https:\/\/www.meydan.tv\/az\/","logo":{"@type":"ImageObject","inLanguage":"az","@id":"https:\/\/www.meydan.tv\/az\/#\/schema\/logo\/image\/","url":"https:\/\/www.meydan.tv\/wp-content\/uploads\/2021\/07\/meydan-logo.svg","contentUrl":"https:\/\/www.meydan.tv\/wp-content\/uploads\/2021\/07\/meydan-logo.svg","width":195,"height":46,"caption":"Meydan TV"},"image":{"@id":"https:\/\/www.meydan.tv\/az\/#\/schema\/logo\/image\/"}},{"@type":"Person","@id":"https:\/\/www.meydan.tv\/az\/#\/schema\/person\/10d11eccf6da3662cf5fdab9806ea91a","name":"user-manager"}]}},"_links":{"self":[{"href":"https:\/\/www.meydan.tv\/az\/wp-json\/wp\/v2\/posts\/198742","targetHints":{"allow":["GET"]}}],"collection":[{"href":"https:\/\/www.meydan.tv\/az\/wp-json\/wp\/v2\/posts"}],"about":[{"href":"https:\/\/www.meydan.tv\/az\/wp-json\/wp\/v2\/types\/post"}],"author":[{"embeddable":true,"href":"https:\/\/www.meydan.tv\/az\/wp-json\/wp\/v2\/users\/11"}],"replies":[{"embeddable":true,"href":"https:\/\/www.meydan.tv\/az\/wp-json\/wp\/v2\/comments?post=198742"}],"version-history":[{"count":0,"href":"https:\/\/www.meydan.tv\/az\/wp-json\/wp\/v2\/posts\/198742\/revisions"}],"wp:featuredmedia":[{"embeddable":true,"href":"https:\/\/www.meydan.tv\/az\/wp-json\/wp\/v2\/media\/135640"}],"wp:attachment":[{"href":"https:\/\/www.meydan.tv\/az\/wp-json\/wp\/v2\/media?parent=198742"}],"wp:term":[{"taxonomy":"category","embeddable":true,"href":"https:\/\/www.meydan.tv\/az\/wp-json\/wp\/v2\/categories?post=198742"},{"taxonomy":"post_tag","embeddable":true,"href":"https:\/\/www.meydan.tv\/az\/wp-json\/wp\/v2\/tags?post=198742"}],"curies":[{"name":"wp","href":"https:\/\/api.w.org\/{rel}","templated":true}]}}