{"id":198741,"date":"2020-01-10T23:27:13","date_gmt":"2020-01-10T23:27:13","guid":{"rendered":"https:\/\/www.meydan.tv\/article\/kanadanin-bas-naziri-iran-sehven-ukrayna-hava-yollarinin-teyyaresini-vurub\/"},"modified":"2020-01-10T23:27:13","modified_gmt":"2020-01-10T23:27:13","slug":"kanadanin-bas-naziri-iran-sehven-ukrayna-hava-yollarinin-teyyaresini-vurub","status":"publish","type":"post","link":"https:\/\/www.meydan.tv\/az\/article\/kanadanin-bas-naziri-iran-sehven-ukrayna-hava-yollarinin-teyyaresini-vurub\/","title":{"rendered":"Kanadan\u0131n Ba\u015f naziri: \u0130ran s\u0259hv\u0259n Ukrayna Hava Yollar\u0131n\u0131n t\u0259yyar\u0259sini vurub"},"content":{"rendered":"<p>\n  <i><br \/>\n    \u0130ran h\u00f6kum\u0259ti: \u201cBu f\u0131r\u0131ldaq\u00e7\u0131l\u0131qd\u0131r\u201d<br \/>\n  <\/i>\n<\/p>\n<p>\n  Kanadan\u0131n Ba\u015f naziri Castin Tr\u00fcdo Ukrayna Hava Yollar\u0131na m\u0259xsus \u201cBoeing 737-800\u201d t\u0259yyar\u0259sinin Tehranda q\u0259zaya u\u011framas\u0131nda \u0130ran\u0131 ittiham edib.\n<\/p>\n<p>\n  Q\u0259za yanvar\u0131n 8-d\u0259 ba\u015f verib. Hadis\u0259 n\u0259tic\u0259sind\u0259 167 s\u0259rni\u015fin v\u0259 doqquz n\u0259f\u0259r ekipaj \u00fczv\u00fcn\u00fcn ham\u0131s\u0131 \u00f6l\u00fcb. H\u0259lak olanlar Ukrayna, \u0130ran, Kanada, \u0130sve\u00e7, \u018ffqan\u0131stan, Almaniya v\u0259 B\u00f6y\u00fck Britaniya v\u0259t\u0259nda\u015flar\u0131d\u0131r.\n<\/p>\n<p>\n  \u201cBBC\u201d-nin m\u0259lumat\u0131na g\u00f6r\u0259, Castin Tr\u00fcdo bildirib ki, Kanada k\u0259\u015ffiyyat\u0131n\u0131n m\u0259lumatlar\u0131 \u0130ran\u0131n t\u0259yyar\u0259ni s\u0259hv\u0259n vurmas\u0131n\u0131<br \/>\n  <a href=\"https:\/\/www.bbc.com\/russian\/news-50040717\"><br \/>\n    deyir.<br \/>\n  <\/a>\n<\/p>\n<p>\n  \u201cKanada suallara cavablar t\u0259l\u0259b edir. Bu cavablar al\u0131nmayana q\u0259d\u0259r Kanada h\u00f6kum\u0259ti sakitl\u0259\u015fm\u0259y\u0259c\u0259k\u201d, &#8211; Ba\u015f nazir deyib.\n<\/p>\n<p>\n  Analoji b\u0259yanatla B\u00f6y\u00fck Britaniyan\u0131n Ba\u015f naziri Boris Conson \u00e7\u0131x\u0131\u015f edib.\n<\/p>\n<p>\n  O da \u0130ran t\u0259r\u0259finin s\u0259hv\u0259n t\u0259yyar\u0259ni raketl\u0259 vurdu\u011funu deyib.\n<\/p>\n<p>\n  AB\u015e medias\u0131 da h\u0259rbi v\u0259 k\u0259\u015ffiyyatda olan m\u0259nb\u0259l\u0259rin\u0259 istinad\u0259n t\u0259yyar\u0259nin vurulmas\u0131 versiyas\u0131n\u0131 qabard\u0131rlar.\n<\/p>\n<p>\n  \u201cCBS\u201d telekanal\u0131 k\u0259\u015ffiyyata istinad\u0259n bildirib ki, radarlar iki raket burax\u0131l\u0131\u015f\u0131n\u0131 \u0259ks etdir\u0259n infraq\u0131rm\u0131z\u0131 izl\u0259ri v\u0259 ard\u0131nca partlay\u0131\u015f qeyd\u0259 al\u0131blar.\n<\/p>\n<p>\n  \u201cNewsweek\u201d n\u0259\u015fri bildirir ki, t\u0259yyar\u0259 Rusiyan\u0131n istehsal\u0131 olan \u201cTor\u201d raketi il\u0259 vurulub.\n<\/p>\n<p>\n  Rusiyan\u0131n \u201c\u0130nterfax\u201d agentliyinin m\u0259lumat\u0131na g\u00f6r\u0259, \u0130ran h\u00f6kum\u0259tinin r\u0259smi n\u00fcmay\u0259nd\u0259si \u018fli Rabey ittihamlar\u0131 \u201cb\u00f6y\u00fck yalan v\u0259 f\u0131r\u0131ldaq\u00e7\u0131l\u0131q\u201d<br \/>\n  <a href=\"https:\/\/www.interfax.ru\/world\/690677\"><br \/>\n    adland\u0131r\u0131b<br \/>\n  <\/a><br \/>\n  .\n<\/p>\n<p>\n  \u201cBunun f\u0131r\u0131ldaq\u00e7\u0131l\u0131q oldu\u011fu \u00fcz\u0259 \u00e7\u0131xd\u0131qdan sonra he\u00e7 kim c\u00fcr\u0259t edib bel\u0259 yalanlar\u0131 dan\u0131\u015fmayacaq. Bu, AB\u015e h\u00f6kum\u0259tinin psixoloji \u0259m\u0259liyyat\u0131d\u0131r\u201d, &#8211; \u018fli Rabey deyib.\n<\/p>\n<p>\n  Bundan ba\u015fqa, \u0130ran AB\u015e, Kanada, Ukrayna v\u0259 \u201cBoeing\u201d \u015firk\u0259tinin n\u00fcmay\u0259nd\u0259l\u0259rini q\u0259zan\u0131 birg\u0259 ara\u015fd\u0131rma\u011fa d\u0259v\u0259t edib.<\/p>\n","protected":false},"excerpt":{"rendered":"<p>\u0130ran h\u00f6kum\u0259ti: \u201cBu f\u0131r\u0131ldaq\u00e7\u0131l\u0131qd\u0131r\u201d<\/p>\n","protected":false},"author":11,"featured_media":135616,"comment_status":"closed","ping_status":"open","sticky":false,"template":"","format":"standard","meta":{"_acf_changed":false,"_sitemap_exclude":false,"_sitemap_priority":"","_sitemap_frequency":"","footnotes":""},"categories":[64],"tags":[],"class_list":["post-198741","post","type-post","status-publish","format-standard","has-post-thumbnail","hentry","category-dunya","infinite-scroll-item","generate-columns","tablet-grid-50","mobile-grid-100","grid-parent","grid-33","no-featured-image-padding"],"acf":[],"yoast_head":"<!-- This site is optimized with the Yoast SEO plugin v27.5 - https:\/\/yoast.com\/product\/yoast-seo-wordpress\/ -->\n<title>Kanadan\u0131n Ba\u015f naziri: \u0130ran s\u0259hv\u0259n Ukrayna Hava Yollar\u0131n\u0131n t\u0259yyar\u0259sini vurub - MEYDAN.TV<\/title>\n<meta name=\"robots\" content=\"index, follow, max-snippet:-1, max-image-preview:large, max-video-preview:-1\" \/>\n<link rel=\"canonical\" href=\"https:\/\/www.meydan.tv\/az\/article\/kanadanin-bas-naziri-iran-sehven-ukrayna-hava-yollarinin-teyyaresini-vurub\/\" \/>\n<meta property=\"og:locale\" content=\"az_AZ\" \/>\n<meta property=\"og:type\" content=\"article\" \/>\n<meta property=\"og:title\" content=\"Kanadan\u0131n Ba\u015f naziri: \u0130ran s\u0259hv\u0259n Ukrayna Hava Yollar\u0131n\u0131n t\u0259yyar\u0259sini vurub - MEYDAN.TV\" \/>\n<meta property=\"og:description\" content=\"\u0130ran h\u00f6kum\u0259ti: \u201cBu f\u0131r\u0131ldaq\u00e7\u0131l\u0131qd\u0131r\u201d\" \/>\n<meta property=\"og:url\" content=\"https:\/\/www.meydan.tv\/az\/article\/kanadanin-bas-naziri-iran-sehven-ukrayna-hava-yollarinin-teyyaresini-vurub\/\" \/>\n<meta property=\"og:site_name\" content=\"MEYDAN.TV\" \/>\n<meta property=\"article:published_time\" content=\"2020-01-10T23:27:13+00:00\" \/>\n<meta property=\"og:image\" content=\"https:\/\/www.meydan.tv\/wp-content\/uploads\/9e99c434-9143-44d6-b6ff-6320223b589b.jpeg\" \/>\n\t<meta property=\"og:image:width\" content=\"1240\" \/>\n\t<meta property=\"og:image:height\" content=\"698\" \/>\n\t<meta property=\"og:image:type\" content=\"image\/jpeg\" \/>\n<meta name=\"author\" content=\"user-manager\" \/>\n<meta name=\"twitter:card\" content=\"summary_large_image\" \/>\n<script type=\"application\/ld+json\" class=\"yoast-schema-graph\">{\"@context\":\"https:\\\/\\\/schema.org\",\"@graph\":[{\"@type\":\"Article\",\"@id\":\"https:\\\/\\\/www.meydan.tv\\\/az\\\/article\\\/kanadanin-bas-naziri-iran-sehven-ukrayna-hava-yollarinin-teyyaresini-vurub\\\/#article\",\"isPartOf\":{\"@id\":\"https:\\\/\\\/www.meydan.tv\\\/az\\\/article\\\/kanadanin-bas-naziri-iran-sehven-ukrayna-hava-yollarinin-teyyaresini-vurub\\\/\"},\"author\":{\"name\":\"user-manager\",\"@id\":\"https:\\\/\\\/www.meydan.tv\\\/az\\\/#\\\/schema\\\/person\\\/10d11eccf6da3662cf5fdab9806ea91a\"},\"headline\":\"Kanadan\u0131n Ba\u015f naziri: \u0130ran s\u0259hv\u0259n Ukrayna Hava Yollar\u0131n\u0131n t\u0259yyar\u0259sini vurub\",\"datePublished\":\"2020-01-10T23:27:13+00:00\",\"mainEntityOfPage\":{\"@id\":\"https:\\\/\\\/www.meydan.tv\\\/az\\\/article\\\/kanadanin-bas-naziri-iran-sehven-ukrayna-hava-yollarinin-teyyaresini-vurub\\\/\"},\"wordCount\":355,\"publisher\":{\"@id\":\"https:\\\/\\\/www.meydan.tv\\\/az\\\/#organization\"},\"image\":{\"@id\":\"https:\\\/\\\/www.meydan.tv\\\/az\\\/article\\\/kanadanin-bas-naziri-iran-sehven-ukrayna-hava-yollarinin-teyyaresini-vurub\\\/#primaryimage\"},\"thumbnailUrl\":\"https:\\\/\\\/www.meydan.tv\\\/wp-content\\\/uploads\\\/9e99c434-9143-44d6-b6ff-6320223b589b.jpeg\",\"articleSection\":[\"D\u00fcnya\"],\"inLanguage\":\"az\"},{\"@type\":\"WebPage\",\"@id\":\"https:\\\/\\\/www.meydan.tv\\\/az\\\/article\\\/kanadanin-bas-naziri-iran-sehven-ukrayna-hava-yollarinin-teyyaresini-vurub\\\/\",\"url\":\"https:\\\/\\\/www.meydan.tv\\\/az\\\/article\\\/kanadanin-bas-naziri-iran-sehven-ukrayna-hava-yollarinin-teyyaresini-vurub\\\/\",\"name\":\"Kanadan\u0131n Ba\u015f naziri: \u0130ran s\u0259hv\u0259n Ukrayna Hava Yollar\u0131n\u0131n t\u0259yyar\u0259sini vurub - MEYDAN.TV\",\"isPartOf\":{\"@id\":\"https:\\\/\\\/www.meydan.tv\\\/az\\\/#website\"},\"primaryImageOfPage\":{\"@id\":\"https:\\\/\\\/www.meydan.tv\\\/az\\\/article\\\/kanadanin-bas-naziri-iran-sehven-ukrayna-hava-yollarinin-teyyaresini-vurub\\\/#primaryimage\"},\"image\":{\"@id\":\"https:\\\/\\\/www.meydan.tv\\\/az\\\/article\\\/kanadanin-bas-naziri-iran-sehven-ukrayna-hava-yollarinin-teyyaresini-vurub\\\/#primaryimage\"},\"thumbnailUrl\":\"https:\\\/\\\/www.meydan.tv\\\/wp-content\\\/uploads\\\/9e99c434-9143-44d6-b6ff-6320223b589b.jpeg\",\"datePublished\":\"2020-01-10T23:27:13+00:00\",\"breadcrumb\":{\"@id\":\"https:\\\/\\\/www.meydan.tv\\\/az\\\/article\\\/kanadanin-bas-naziri-iran-sehven-ukrayna-hava-yollarinin-teyyaresini-vurub\\\/#breadcrumb\"},\"inLanguage\":\"az\",\"potentialAction\":[{\"@type\":\"ReadAction\",\"target\":[\"https:\\\/\\\/www.meydan.tv\\\/az\\\/article\\\/kanadanin-bas-naziri-iran-sehven-ukrayna-hava-yollarinin-teyyaresini-vurub\\\/\"]}]},{\"@type\":\"ImageObject\",\"inLanguage\":\"az\",\"@id\":\"https:\\\/\\\/www.meydan.tv\\\/az\\\/article\\\/kanadanin-bas-naziri-iran-sehven-ukrayna-hava-yollarinin-teyyaresini-vurub\\\/#primaryimage\",\"url\":\"https:\\\/\\\/www.meydan.tv\\\/wp-content\\\/uploads\\\/9e99c434-9143-44d6-b6ff-6320223b589b.jpeg\",\"contentUrl\":\"https:\\\/\\\/www.meydan.tv\\\/wp-content\\\/uploads\\\/9e99c434-9143-44d6-b6ff-6320223b589b.jpeg\",\"width\":1240,\"height\":698,\"caption\":\"Source: A\"},{\"@type\":\"BreadcrumbList\",\"@id\":\"https:\\\/\\\/www.meydan.tv\\\/az\\\/article\\\/kanadanin-bas-naziri-iran-sehven-ukrayna-hava-yollarinin-teyyaresini-vurub\\\/#breadcrumb\",\"itemListElement\":[{\"@type\":\"ListItem\",\"position\":1,\"name\":\"Ana s\u0259hif\u0259\",\"item\":\"https:\\\/\\\/www.meydan.tv\\\/az\\\/\"},{\"@type\":\"ListItem\",\"position\":2,\"name\":\"D\u00fcnya\",\"item\":\"https:\\\/\\\/www.meydan.tv\\\/az\\\/section\\\/dunya\\\/\"},{\"@type\":\"ListItem\",\"position\":3,\"name\":\"Kanadan\u0131n Ba\u015f naziri: \u0130ran s\u0259hv\u0259n Ukrayna Hava Yollar\u0131n\u0131n t\u0259yyar\u0259sini vurub\"}]},{\"@type\":\"WebSite\",\"@id\":\"https:\\\/\\\/www.meydan.tv\\\/az\\\/#website\",\"url\":\"https:\\\/\\\/www.meydan.tv\\\/az\\\/\",\"name\":\"MEYDAN.TV\",\"description\":\"Meydan TV Az\u0259rbaycan\u0131n media m\u0259kan\u0131ndak\u0131 alternativ s\u0259sidir\",\"publisher\":{\"@id\":\"https:\\\/\\\/www.meydan.tv\\\/az\\\/#organization\"},\"potentialAction\":[{\"@type\":\"SearchAction\",\"target\":{\"@type\":\"EntryPoint\",\"urlTemplate\":\"https:\\\/\\\/www.meydan.tv\\\/az\\\/?s={search_term_string}\"},\"query-input\":{\"@type\":\"PropertyValueSpecification\",\"valueRequired\":true,\"valueName\":\"search_term_string\"}}],\"inLanguage\":\"az\"},{\"@type\":\"Organization\",\"@id\":\"https:\\\/\\\/www.meydan.tv\\\/az\\\/#organization\",\"name\":\"Meydan TV\",\"url\":\"https:\\\/\\\/www.meydan.tv\\\/az\\\/\",\"logo\":{\"@type\":\"ImageObject\",\"inLanguage\":\"az\",\"@id\":\"https:\\\/\\\/www.meydan.tv\\\/az\\\/#\\\/schema\\\/logo\\\/image\\\/\",\"url\":\"https:\\\/\\\/www.meydan.tv\\\/wp-content\\\/uploads\\\/2021\\\/07\\\/meydan-logo.svg\",\"contentUrl\":\"https:\\\/\\\/www.meydan.tv\\\/wp-content\\\/uploads\\\/2021\\\/07\\\/meydan-logo.svg\",\"width\":195,\"height\":46,\"caption\":\"Meydan TV\"},\"image\":{\"@id\":\"https:\\\/\\\/www.meydan.tv\\\/az\\\/#\\\/schema\\\/logo\\\/image\\\/\"}},{\"@type\":\"Person\",\"@id\":\"https:\\\/\\\/www.meydan.tv\\\/az\\\/#\\\/schema\\\/person\\\/10d11eccf6da3662cf5fdab9806ea91a\",\"name\":\"user-manager\"}]}<\/script>\n<!-- \/ Yoast SEO plugin. -->","yoast_head_json":{"title":"Kanadan\u0131n Ba\u015f naziri: \u0130ran s\u0259hv\u0259n Ukrayna Hava Yollar\u0131n\u0131n t\u0259yyar\u0259sini vurub - MEYDAN.TV","robots":{"index":"index","follow":"follow","max-snippet":"max-snippet:-1","max-image-preview":"max-image-preview:large","max-video-preview":"max-video-preview:-1"},"canonical":"https:\/\/www.meydan.tv\/az\/article\/kanadanin-bas-naziri-iran-sehven-ukrayna-hava-yollarinin-teyyaresini-vurub\/","og_locale":"az_AZ","og_type":"article","og_title":"Kanadan\u0131n Ba\u015f naziri: \u0130ran s\u0259hv\u0259n Ukrayna Hava Yollar\u0131n\u0131n t\u0259yyar\u0259sini vurub - MEYDAN.TV","og_description":"\u0130ran h\u00f6kum\u0259ti: \u201cBu f\u0131r\u0131ldaq\u00e7\u0131l\u0131qd\u0131r\u201d","og_url":"https:\/\/www.meydan.tv\/az\/article\/kanadanin-bas-naziri-iran-sehven-ukrayna-hava-yollarinin-teyyaresini-vurub\/","og_site_name":"MEYDAN.TV","article_published_time":"2020-01-10T23:27:13+00:00","og_image":[{"width":1240,"height":698,"url":"https:\/\/www.meydan.tv\/wp-content\/uploads\/9e99c434-9143-44d6-b6ff-6320223b589b.jpeg","type":"image\/jpeg"}],"author":"user-manager","twitter_card":"summary_large_image","schema":{"@context":"https:\/\/schema.org","@graph":[{"@type":"Article","@id":"https:\/\/www.meydan.tv\/az\/article\/kanadanin-bas-naziri-iran-sehven-ukrayna-hava-yollarinin-teyyaresini-vurub\/#article","isPartOf":{"@id":"https:\/\/www.meydan.tv\/az\/article\/kanadanin-bas-naziri-iran-sehven-ukrayna-hava-yollarinin-teyyaresini-vurub\/"},"author":{"name":"user-manager","@id":"https:\/\/www.meydan.tv\/az\/#\/schema\/person\/10d11eccf6da3662cf5fdab9806ea91a"},"headline":"Kanadan\u0131n Ba\u015f naziri: \u0130ran s\u0259hv\u0259n Ukrayna Hava Yollar\u0131n\u0131n t\u0259yyar\u0259sini vurub","datePublished":"2020-01-10T23:27:13+00:00","mainEntityOfPage":{"@id":"https:\/\/www.meydan.tv\/az\/article\/kanadanin-bas-naziri-iran-sehven-ukrayna-hava-yollarinin-teyyaresini-vurub\/"},"wordCount":355,"publisher":{"@id":"https:\/\/www.meydan.tv\/az\/#organization"},"image":{"@id":"https:\/\/www.meydan.tv\/az\/article\/kanadanin-bas-naziri-iran-sehven-ukrayna-hava-yollarinin-teyyaresini-vurub\/#primaryimage"},"thumbnailUrl":"https:\/\/www.meydan.tv\/wp-content\/uploads\/9e99c434-9143-44d6-b6ff-6320223b589b.jpeg","articleSection":["D\u00fcnya"],"inLanguage":"az"},{"@type":"WebPage","@id":"https:\/\/www.meydan.tv\/az\/article\/kanadanin-bas-naziri-iran-sehven-ukrayna-hava-yollarinin-teyyaresini-vurub\/","url":"https:\/\/www.meydan.tv\/az\/article\/kanadanin-bas-naziri-iran-sehven-ukrayna-hava-yollarinin-teyyaresini-vurub\/","name":"Kanadan\u0131n Ba\u015f naziri: \u0130ran s\u0259hv\u0259n Ukrayna Hava Yollar\u0131n\u0131n t\u0259yyar\u0259sini vurub - MEYDAN.TV","isPartOf":{"@id":"https:\/\/www.meydan.tv\/az\/#website"},"primaryImageOfPage":{"@id":"https:\/\/www.meydan.tv\/az\/article\/kanadanin-bas-naziri-iran-sehven-ukrayna-hava-yollarinin-teyyaresini-vurub\/#primaryimage"},"image":{"@id":"https:\/\/www.meydan.tv\/az\/article\/kanadanin-bas-naziri-iran-sehven-ukrayna-hava-yollarinin-teyyaresini-vurub\/#primaryimage"},"thumbnailUrl":"https:\/\/www.meydan.tv\/wp-content\/uploads\/9e99c434-9143-44d6-b6ff-6320223b589b.jpeg","datePublished":"2020-01-10T23:27:13+00:00","breadcrumb":{"@id":"https:\/\/www.meydan.tv\/az\/article\/kanadanin-bas-naziri-iran-sehven-ukrayna-hava-yollarinin-teyyaresini-vurub\/#breadcrumb"},"inLanguage":"az","potentialAction":[{"@type":"ReadAction","target":["https:\/\/www.meydan.tv\/az\/article\/kanadanin-bas-naziri-iran-sehven-ukrayna-hava-yollarinin-teyyaresini-vurub\/"]}]},{"@type":"ImageObject","inLanguage":"az","@id":"https:\/\/www.meydan.tv\/az\/article\/kanadanin-bas-naziri-iran-sehven-ukrayna-hava-yollarinin-teyyaresini-vurub\/#primaryimage","url":"https:\/\/www.meydan.tv\/wp-content\/uploads\/9e99c434-9143-44d6-b6ff-6320223b589b.jpeg","contentUrl":"https:\/\/www.meydan.tv\/wp-content\/uploads\/9e99c434-9143-44d6-b6ff-6320223b589b.jpeg","width":1240,"height":698,"caption":"Source: A"},{"@type":"BreadcrumbList","@id":"https:\/\/www.meydan.tv\/az\/article\/kanadanin-bas-naziri-iran-sehven-ukrayna-hava-yollarinin-teyyaresini-vurub\/#breadcrumb","itemListElement":[{"@type":"ListItem","position":1,"name":"Ana s\u0259hif\u0259","item":"https:\/\/www.meydan.tv\/az\/"},{"@type":"ListItem","position":2,"name":"D\u00fcnya","item":"https:\/\/www.meydan.tv\/az\/section\/dunya\/"},{"@type":"ListItem","position":3,"name":"Kanadan\u0131n Ba\u015f naziri: \u0130ran s\u0259hv\u0259n Ukrayna Hava Yollar\u0131n\u0131n t\u0259yyar\u0259sini vurub"}]},{"@type":"WebSite","@id":"https:\/\/www.meydan.tv\/az\/#website","url":"https:\/\/www.meydan.tv\/az\/","name":"MEYDAN.TV","description":"Meydan TV Az\u0259rbaycan\u0131n media m\u0259kan\u0131ndak\u0131 alternativ s\u0259sidir","publisher":{"@id":"https:\/\/www.meydan.tv\/az\/#organization"},"potentialAction":[{"@type":"SearchAction","target":{"@type":"EntryPoint","urlTemplate":"https:\/\/www.meydan.tv\/az\/?s={search_term_string}"},"query-input":{"@type":"PropertyValueSpecification","valueRequired":true,"valueName":"search_term_string"}}],"inLanguage":"az"},{"@type":"Organization","@id":"https:\/\/www.meydan.tv\/az\/#organization","name":"Meydan TV","url":"https:\/\/www.meydan.tv\/az\/","logo":{"@type":"ImageObject","inLanguage":"az","@id":"https:\/\/www.meydan.tv\/az\/#\/schema\/logo\/image\/","url":"https:\/\/www.meydan.tv\/wp-content\/uploads\/2021\/07\/meydan-logo.svg","contentUrl":"https:\/\/www.meydan.tv\/wp-content\/uploads\/2021\/07\/meydan-logo.svg","width":195,"height":46,"caption":"Meydan TV"},"image":{"@id":"https:\/\/www.meydan.tv\/az\/#\/schema\/logo\/image\/"}},{"@type":"Person","@id":"https:\/\/www.meydan.tv\/az\/#\/schema\/person\/10d11eccf6da3662cf5fdab9806ea91a","name":"user-manager"}]}},"_links":{"self":[{"href":"https:\/\/www.meydan.tv\/az\/wp-json\/wp\/v2\/posts\/198741","targetHints":{"allow":["GET"]}}],"collection":[{"href":"https:\/\/www.meydan.tv\/az\/wp-json\/wp\/v2\/posts"}],"about":[{"href":"https:\/\/www.meydan.tv\/az\/wp-json\/wp\/v2\/types\/post"}],"author":[{"embeddable":true,"href":"https:\/\/www.meydan.tv\/az\/wp-json\/wp\/v2\/users\/11"}],"replies":[{"embeddable":true,"href":"https:\/\/www.meydan.tv\/az\/wp-json\/wp\/v2\/comments?post=198741"}],"version-history":[{"count":0,"href":"https:\/\/www.meydan.tv\/az\/wp-json\/wp\/v2\/posts\/198741\/revisions"}],"wp:featuredmedia":[{"embeddable":true,"href":"https:\/\/www.meydan.tv\/az\/wp-json\/wp\/v2\/media\/135616"}],"wp:attachment":[{"href":"https:\/\/www.meydan.tv\/az\/wp-json\/wp\/v2\/media?parent=198741"}],"wp:term":[{"taxonomy":"category","embeddable":true,"href":"https:\/\/www.meydan.tv\/az\/wp-json\/wp\/v2\/categories?post=198741"},{"taxonomy":"post_tag","embeddable":true,"href":"https:\/\/www.meydan.tv\/az\/wp-json\/wp\/v2\/tags?post=198741"}],"curies":[{"name":"wp","href":"https:\/\/api.w.org\/{rel}","templated":true}]}}